{"id":157557,"date":"2026-08-25T09:58:25","date_gmt":"2026-08-25T12:58:25","guid":{"rendered":"https:\/\/basaworldtravel.com.ar\/?p=157557"},"modified":"2026-08-25T11:33:11","modified_gmt":"2026-08-25T14:33:11","slug":"capitales-imperiales","status":"publish","type":"post","link":"https:\/\/basaworldtravel.com.ar\/sitio\/2026\/08\/capitales-imperiales\/","title":{"rendered":"Capitales imperiales"},"content":{"rendered":"\n<p>Salida 24 de mayo de 2027<\/p>\n\n\n\n<ul class=\"wp-block-list\">\n<li>Origen C\u00f3rdoba<\/li>\n\n\n\n<li>Alojamiento 17 noches<\/li>\n\n\n\n<li>R\u00e9gimenSeg\u00fan itinerario<\/li>\n\n\n\n<li>Fechas : 24 de mayo de 2027 desde C\u00f3rdoba<\/li>\n\n\n\n<li>Incluidos\n<ul class=\"wp-block-list\">\n<li>A\u00e9reo internacional con carry on desde C\u00f3rdoba con Air Europa.<\/li>\n\n\n\n<li>17 noches de alojamiento con desayuno: 02 en Bruselas, 01 en Brujas, 02 en \u00c1msterdam, 01 en Frankfurt, 02 en Berl\u00edn, 02 en Praga, 02 en Viena, 02 en Budapest, 03 en Madrid.<\/li>\n\n\n\n<li>Asistencia al viajero para pasajeros de hasta 70 a\u00f1os. Pasajeros de entre 71 y 85 a\u00f1os abonan USD 60 adicionales. Pasajeros de 86 a\u00f1os en adelante abonan USD 120 adicionales (VER DETALLE)<\/li>\n\n\n\n<li>Vuelo internacional Budapest &#8211; Madrid con Iberia.<\/li>\n\n\n\n<li>Visitas Panoramicas con Guia Local en Bruselas, Gante, Brujas, Amsterdam, Berl\u00edn, Praga, Viena y Budapest<\/li>\n\n\n\n<li>Visitas Permantenente con Guia Correo<\/li>\n\n\n\n<li>Bus para todo el circuito<\/li>\n\n\n\n<li>Crucero por los Canales de \u00c1msterdam.<\/li>\n\n\n\n<li>Crucero por el Rhin entre las localidades de Boppard y St. Goar.<\/li>\n\n\n\n<li>Paseo por el centro historico de Viena<\/li>\n\n\n\n<li>Tasas de estancia.<\/li>\n\n\n\n<li>Traslados, visitas y excursiones seg\u00fan itinerario<\/li>\n\n\n\n<li>Coordinador permanente y gu\u00edas locales de habla hispana<\/li>\n\n\n\n<li>Kit de viaje: ri\u00f1onera, marbete y gu\u00eda de viaje.<\/li>\n\n\n\n<li>Souvenir de bienvenida en destino.<\/li>\n<\/ul>\n<\/li>\n\n\n\n<li><strong>No Incluido<\/strong>\n<ul class=\"wp-block-list\">\n<li>Comidas y bebidas no especificadas en el programa.<\/li>\n\n\n\n<li>Gastos personales.<\/li>\n\n\n\n<li>Propinas a gu\u00edas, camaristas, maleteros y choferes.<\/li>\n\n\n\n<li>Cualquier otro servicio no especificado en el programa o en \u201cservicios incluidos\u201d.<\/li>\n<\/ul>\n<\/li>\n<\/ul>\n\n\n\n<p><\/p>\n\n\n\n<ul class=\"wp-block-list\">\n<li><strong>Importante:\u00a0Debido a que Air Europa cambi\u00f3 sus condiciones, el servicio a\u00e9reo deber\u00e1 abonarse exclusivamente en d\u00f3lares americanos (USD). Sin excepci\u00f3n.<\/strong><\/li>\n\n\n\n<li>(*) Los importes correspondientes a la percepci\u00f3n a cuenta del impuesto a las ganancias o bienes personales seg\u00fan R.G. 5.617\/24 son NETOS, a modo informativo, sugeridos, aproximados y estimativos. El importe definitivo a ser declarado por el agente de percepci\u00f3n correspondiente a dicho impuesto y a la mencionada percepci\u00f3n est\u00e1n sujetos a cambios sin previo aviso a partir del momento en el cual se cierre el grupo y cuando se disponga del rooming list final de la salida grupal en cuesti\u00f3n.<\/li>\n<\/ul>\n\n\n\n<h2 class=\"wp-block-heading\">Hoteles previstos o similares:<\/h2>\n\n\n\n<figure class=\"wp-block-table\"><table class=\"has-fixed-layout\"><tbody><tr><td class=\"has-text-align-center\" data-align=\"center\"><strong>Destino<\/strong><\/td><td class=\"has-text-align-center\" data-align=\"center\"><strong>Noches<\/strong><\/td><td class=\"has-text-align-center\" data-align=\"center\"><strong>Hotel<\/strong><\/td><\/tr><tr><td class=\"has-text-align-center\" data-align=\"center\" rowspan=\"2\">Bruselas<\/td><td class=\"has-text-align-center\" data-align=\"center\" rowspan=\"2\">2<\/td><td class=\"has-text-align-center\" data-align=\"center\">Catalonia Brussels ***Sup<\/td><\/tr><tr><td class=\"has-text-align-center\" data-align=\"center\">Bedford ***<\/td><\/tr><tr><td class=\"has-text-align-center\" data-align=\"center\" rowspan=\"2\">Brujas<\/td><td class=\"has-text-align-center\" data-align=\"center\" rowspan=\"2\">1<\/td><td class=\"has-text-align-center\" data-align=\"center\">Velotel ****<\/td><\/tr><tr><td class=\"has-text-align-center\" data-align=\"center\">Green Park ****<\/td><\/tr><tr><td class=\"has-text-align-center\" data-align=\"center\" rowspan=\"2\">Amsterdam<\/td><td class=\"has-text-align-center\" data-align=\"center\" rowspan=\"2\">2<\/td><td class=\"has-text-align-center\" data-align=\"center\">Intercity Airport ****<\/td><\/tr><tr><td class=\"has-text-align-center\" data-align=\"center\">Courtyard Marriott Arena Atlas ****<\/td><\/tr><tr><td class=\"has-text-align-center\" data-align=\"center\">Frankfurt<\/td><td class=\"has-text-align-center\" data-align=\"center\">1<\/td><td class=\"has-text-align-center\" data-align=\"center\">Leonardo Offenbach ****<\/td><\/tr><tr><td class=\"has-text-align-center\" data-align=\"center\">Berl\u00edn<\/td><td class=\"has-text-align-center\" data-align=\"center\">2<\/td><td class=\"has-text-align-center\" data-align=\"center\">Andel&#8217;s By Vienna House ****<\/td><\/tr><tr><td class=\"has-text-align-center\" data-align=\"center\" rowspan=\"2\">Praga<\/td><td class=\"has-text-align-center\" data-align=\"center\" rowspan=\"2\">2<\/td><td class=\"has-text-align-center\" data-align=\"center\">Occidental Praga ****<\/td><\/tr><tr><td class=\"has-text-align-center\" data-align=\"center\">Holiday Inn Praga ****<\/td><\/tr><tr><td class=\"has-text-align-center\" data-align=\"center\" rowspan=\"2\">Viena<\/td><td class=\"has-text-align-center\" data-align=\"center\" rowspan=\"2\">2<\/td><td class=\"has-text-align-center\" data-align=\"center\">Zeitgeist ****<\/td><\/tr><tr><td class=\"has-text-align-center\" data-align=\"center\">Citadines Danube ****<\/td><\/tr><tr><td class=\"has-text-align-center\" data-align=\"center\" rowspan=\"2\">Budapest<\/td><td class=\"has-text-align-center\" data-align=\"center\" rowspan=\"2\">2<\/td><td class=\"has-text-align-center\" data-align=\"center\">Mercure Castle Hill ****<\/td><\/tr><tr><td class=\"has-text-align-center\" data-align=\"center\">Novotel City &amp; Congress Center ****<\/td><\/tr><tr><td class=\"has-text-align-center\" data-align=\"center\">Madrid<\/td><td class=\"has-text-align-center\" data-align=\"center\">3<\/td><td class=\"has-text-align-center\" data-align=\"center\">Hotel Mayorazgo ****<\/td><\/tr><\/tbody><\/table><\/figure>\n\n\n\n<h2 class=\"wp-block-heading\">Vuelos previstos:<\/h2>\n\n\n\n<h6 class=\"wp-block-heading\">Salida 24 de Mayo 2027<\/h6>\n\n\n\n<figure class=\"wp-block-table\"><table class=\"has-fixed-layout\"><tbody><tr><td class=\"has-text-align-center\" data-align=\"center\"><strong>Vuelo<\/strong><\/td><td class=\"has-text-align-center\" data-align=\"center\"><strong>Fecha<\/strong><\/td><td class=\"has-text-align-center\" data-align=\"center\"><strong>Tramo<\/strong><\/td><td class=\"has-text-align-center\" data-align=\"center\"><strong>Hora Despegue<\/strong><\/td><td class=\"has-text-align-center\" data-align=\"center\"><strong>Hora Arribo<\/strong><\/td><\/tr><tr><td class=\"has-text-align-center\" data-align=\"center\">UX 122<\/td><td class=\"has-text-align-center\" data-align=\"center\">24 de Mayo<\/td><td class=\"has-text-align-center\" data-align=\"center\">COR &#8211; MAD<\/td><td class=\"has-text-align-center\" data-align=\"center\">12:05<\/td><td class=\"has-text-align-center\" data-align=\"center\">05:10 +1<\/td><\/tr><tr><td class=\"has-text-align-center\" data-align=\"center\">UX 1117<\/td><td class=\"has-text-align-center\" data-align=\"center\">25 de Mayo<\/td><td class=\"has-text-align-center\" data-align=\"center\">MAD &#8211; BRU<\/td><td class=\"has-text-align-center\" data-align=\"center\">07:20<\/td><td class=\"has-text-align-center\" data-align=\"center\">09:45<\/td><\/tr><tr><td class=\"has-text-align-center\" data-align=\"center\">IB 872<\/td><td class=\"has-text-align-center\" data-align=\"center\">8 de Junio<\/td><td class=\"has-text-align-center\" data-align=\"center\">BUD &#8211; MAD<\/td><td class=\"has-text-align-center\" data-align=\"center\">15:30<\/td><td class=\"has-text-align-center\" data-align=\"center\">18:50<\/td><\/tr><tr><td class=\"has-text-align-center\" data-align=\"center\">UX 121<\/td><td class=\"has-text-align-center\" data-align=\"center\">11 de Junio<\/td><td class=\"has-text-align-center\" data-align=\"center\">MAD &#8211; COR<\/td><td class=\"has-text-align-center\" data-align=\"center\">23:45<\/td><td class=\"has-text-align-center\" data-align=\"center\">07:25 +1<\/td><\/tr><\/tbody><\/table><\/figure>\n\n\n\n<p><strong>IIinerario tentativo<\/strong><\/p>\n\n\n\n<p>1 C\u00d3RDOBA \/ MADRID \/ BRUSELAS<\/p>\n\n\n\n<p>A la hora establecida, presentaci\u00f3n en el Aeropuerto Internacional de la Ciudad de C\u00f3rdoba y luego de tr\u00e1mites migratorios, partida en vuelo internacional de Air Europa con destino final Bruselas, v\u00eda Madrid. Noche a bordo.<\/p>\n\n\n\n<p>2 BRUSELAS<\/p>\n\n\n\n<p>En horas de la ma\u00f1ana, arrib\u00f3 al Aeropuerto Internacional de Bruselas. Recepci\u00f3n y traslado al hotel. Alojamiento y resto del d\u00eda libre.<\/p>\n\n\n\n<p>3 BRUSELAS (Desayuno)<\/p>\n\n\n\n<p>Desayuno. Visita panor\u00e1mica con la Grand Place, el Atomium, Catedral de San Miguel, etc.&nbsp; Alojamiento.<\/p>\n\n\n\n<p>4 BRUSELAS \/ GANTE \/ BRUJAS (Desayuno)<\/p>\n\n\n\n<p>Desayuno. Salida a Gante y visita panor\u00e1mica. Continuaci\u00f3n a Brujas, ciudad que conserva su belleza medieval y visita panor\u00e1mica.&nbsp; Alojamiento.<\/p>\n\n\n\n<p>5 BRUJAS \/ ROTTERDAM \/ DELF \/ LA HAYA \/ \u00c1MSTERDAM (Desayuno)<\/p>\n\n\n\n<p>Desayuno y salida direcci\u00f3n \u00c1msterdam con breves paradas en Rotterdam, Delf y La Haya.&nbsp; Llegada y alojamiento.&nbsp;<\/p>\n\n\n\n<p>6 \u00c1MSTERDAM (Desayuno)<\/p>\n\n\n\n<p>Desayuno. Visita panor\u00e1mica en bus por el anillo exterior del centro, pasando por barrio jud\u00edo, museo mar\u00edtimo, el puerto.&nbsp; Seguidamente iniciaremos un paseo en barco por los canales de \u00c1msterdam declarados Patrimonio de la Humanidad, pasando por los puntos emblem\u00e1ticos de la ciudad tales como el Rijksmuseum, el m\u00edtico cintur\u00f3n de canales, el rio Amstel y sus esclusas, la curva de oro, el famoso Magere Brug, y parte del barrio jud\u00edo hasta el antiguo puerto y la f\u00e1brica de cerveza Heineken. Tiempo Libre. Visitas Opcionales: Marken+Volendam + Molinos de Zaanse Schans. Alojamiento.&nbsp;<\/p>\n\n\n\n<p>7 \u00c1MSTERDAM \/ BOPPARD \/ ST. GOAR \/ FRANKFURT (Desayuno) (Crucero)<\/p>\n\n\n\n<p>Desayuno. Salida para llegar a Boppard, donde embarcaremos en un crucero hasta St. Goar con tiempo para pasear. Continuaremos hasta la Plaza Rommer en Frankfurt para visitarla. Alojamiento.&nbsp;<\/p>\n\n\n\n<p>8 FRANKFURT \/ ERFURT \/ BERL\u00cdN (Desayuno)<\/p>\n\n\n\n<p>Desayuno y salida hacia Erfurt y tour de orientaci\u00f3n. Continuaci\u00f3n hasta Berl\u00edn.&nbsp; Alojamiento.&nbsp;<\/p>\n\n\n\n<p>9 BERL\u00cdN (Desayuno)<\/p>\n\n\n\n<p>Desayuno y visita panor\u00e1mica con la Puerta de Brandemburgo, Reichstag, la Unter den Linten, etc. Tarde libre donde tendremos la posibilidad de realizar las siguientes Visitas Opcionales: Barrio Jud\u00edo + Berl\u00edn Moderno. Alojamiento.&nbsp;<\/p>\n\n\n\n<p>10 BERL\u00cdN \/ DRESDEN \/ PRAGA (Desayuno)<\/p>\n\n\n\n<p>Desayuno. Salimos hacia Dresden y tour de orientaci\u00f3n. Llegada a Praga y visita panor\u00e1mica con la Torre de la P\u00f3lvora, la Plaza de San Wenceslao, la Plaza de la Ciudad Vieja, el Ayuntamiento con su torre y el reloj astron\u00f3mico, Barrio Jud\u00edo y Puente de Carlos. Alojamiento.&nbsp;<\/p>\n\n\n\n<p>11 PRAGA (Desayuno)<\/p>\n\n\n\n<p>Desayuno. D\u00eda libre o posibilidad de realizar Visita Opcional: Praga Art\u00edstica (Barrio del Castillo y Callej\u00f3n de Oro). Alojamiento.&nbsp;<\/p>\n\n\n\n<p>12 PRAGA \/ BRATISLAVA \/ VIENA (Desayuno)<\/p>\n\n\n\n<p>Desayuno. Salida hacia Bratislava, llegada y tour de orientaci\u00f3n. Continuaci\u00f3n a Viena y visita panor\u00e1mica recorriendo la Avenida del Ring con la Opera, Museo de Bellas Artes, Parlamento, Ayuntamiento, Universidad, Palacio Belvedere, etc. pasando por el Prater para hacer una foto a su Noria. Finalizaremos con un paseo incluido por el centro hist\u00f3rico peatonal hasta la Catedral de San Esteban. Alojamiento.&nbsp;<\/p>\n\n\n\n<p>13  VIENA (Desayuno)<\/p>\n\n\n\n<p>Desayuno. D\u00eda libre o posibilidad de realizar Visita opcional: Viena Art\u00edstica (Palacio de Schoenbrunn con audiogu\u00eda y Jardines) y\/o Concierto de M\u00fasica Cl\u00e1sica en un Palacio Vien\u00e9s. Alojamiento.&nbsp;<\/p>\n\n\n\n<p>14 VIENA \/ BUDAPEST (Desayuno)<\/p>\n\n\n\n<p>Desayuno y salida a Budapest. Llegada y visita panor\u00e1mica con las zonas de Buda y la de Pest, el Basti\u00f3n de los Pescadores, la Plaza de los H\u00e9roes, la Avenida Andrassy. Alojamiento. Por la noche, Visita Opcional: Cena Z\u00edngara y Crucero por el Danubio iluminado.&nbsp;<\/p>\n\n\n\n<p>15 BUDAPEST (Desayuno)<\/p>\n\n\n\n<p>Desayuno.&nbsp; D\u00eda libre o posibilidad de realizar Visita Opcional: Budapest Art\u00edstica (Bas\u00edlica de San Esteban y Sinagoga). Alojamiento.<\/p>\n\n\n\n<p>16 BUDAPEST \/ MADRID (Desayuno)<\/p>\n\n\n\n<p>Desayuno y tiempo libre hasta la hora del traslado al aeropuerto. Vuelo internacional de Iberia con destino a Madrid. Arribo y traslado al hotel.&nbsp;<\/p>\n\n\n\n<p>17 MADRID (Desayuno)<\/p>\n\n\n\n<p>Desayuno. D\u00eda libre para conocer y disfrutar de la ciudad. Alojamiento.<\/p>\n\n\n\n<p>18 MADRID (Desayuno)<\/p>\n\n\n\n<p>Desayuno. D\u00eda libre para realizar compras y disfrutar de Madrid. Alojamiento.<\/p>\n\n\n\n<p>19 MADRID \/ C\u00d3RDOBA (Desayuno)<\/p>\n\n\n\n<p>Desayuno. Ma\u00f1ana libre y a la hora establecida, traslado al Aeropuerto Internacional Adolfo Su\u00e1rez de Madrid, Barajas para abordar el vuelo internacional con destino a la Ciudad de C\u00f3rdoba. Noche a bordo.<\/p>\n\n\n\n<p>20 C\u00d3RDOBA<\/p>\n\n\n\n<p>En horas de la ma\u00f1ana, arrib\u00f3 al Aeropuerto Internacional de la Ciudad de C\u00f3rdoba.&nbsp;&nbsp;<strong>FIN DE NUESTROS SERVICIOS<\/strong><\/p>\n\n\n\n<p><strong>T\u00c9RMINOS Y CONDICIONES<\/strong><\/p>\n\n\n\n<ul class=\"wp-block-list\">\n<li>Tarifas en d\u00f3lares por persona, sujetas a cambios sin previo aviso y a disponibilidad al momento de la confirmaci\u00f3n de la reserva. Conozca nuestra financiaci\u00f3n. Tarifas no incluyen: gastos de reserva, gastos administrativos, e impuesto R.G. 5.617\/24. Cupos a\u00e9reos una vez reservados y confirmados no se permiten cambios ni devoluciones. Pago en pesos al cambio del d\u00eda de referencia de la empresa al momento de realizar el pago total de los servicios. INFORMACI\u00d3N EXCLUSIVA PARA AGENCIAS DE VIAJES.<\/li>\n<\/ul>\n\n\n\n<p class=\"has-medium-font-size\"><strong>USD7555 POR PERSONA EN BASE DOBLE<\/strong><\/p>\n\n\n\n<p class=\"has-medium-font-size\"><strong>USD9455 POR PERSONA EN BASE SINGLE<\/strong><\/p>\n\n\n\n<p>jazz<\/p>\n","protected":false},"excerpt":{"rendered":"<p>Descubr\u00ed la magia de Europa recorriendo Viena, Budapest y Praga: historia, elegancia, cultura y paisajes inolvidables en un viaje que te invita a vivir la esencia de sus grandes capitales.<\/p>\n","protected":false},"author":2,"featured_media":157558,"comment_status":"closed","ping_status":"open","sticky":false,"template":"","format":"standard","meta":{"_acf_changed":false,"footnotes":""},"categories":[7,5,871],"tags":[853,380,587,873,590,872,645,168,588,80,589],"class_list":["post-157557","post","type-post","status-publish","format-standard","has-post-thumbnail","hentry","category-europa","category-paquetes","category-salidas-grupales","tag-853","tag-amsterdam","tag-berlin","tag-bruselas","tag-budapest","tag-capitales","tag-frankfurt","tag-madrid","tag-praga","tag-salidas-grupales","tag-viena","category-7","category-5","category-871","description-off"],"acf":[],"yoast_head":"<!-- This site is optimized with the Yoast SEO plugin v28.4 - https:\/\/yoast.com\/product\/yoast-seo-wordpress\/ -->\n<title>Capitales imperiales - Basa<\/title>\n<meta name=\"robots\" content=\"index, follow, max-snippet:-1, max-image-preview:large, max-video-preview:-1\" \/>\n<link rel=\"canonical\" href=\"https:\/\/basaworldtravel.com.ar\/sitio\/2026\/08\/capitales-imperiales\/\" \/>\n<meta property=\"og:locale\" content=\"es_ES\" \/>\n<meta property=\"og:type\" content=\"article\" \/>\n<meta property=\"og:title\" content=\"Capitales imperiales - Basa\" \/>\n<meta property=\"og:description\" content=\"Descubr\u00ed la magia de Europa recorriendo Viena, Budapest y Praga: historia, elegancia, cultura y paisajes inolvidables en un viaje que te invita a vivir la esencia de sus grandes capitales.\" \/>\n<meta property=\"og:url\" content=\"https:\/\/basaworldtravel.com.ar\/sitio\/2026\/08\/capitales-imperiales\/\" \/>\n<meta property=\"og:site_name\" content=\"Basa\" \/>\n<meta property=\"article:published_time\" content=\"2026-08-25T12:58:25+00:00\" \/>\n<meta property=\"article:modified_time\" content=\"2026-08-25T14:33:11+00:00\" \/>\n<meta property=\"og:image\" content=\"https:\/\/basaworldtravel.com.ar\/sitio\/wp-content\/uploads\/2026\/08\/paraga.jpg\" \/>\n\t<meta property=\"og:image:width\" content=\"1920\" \/>\n\t<meta property=\"og:image:height\" content=\"1381\" \/>\n\t<meta property=\"og:image:type\" content=\"image\/jpeg\" \/>\n<meta name=\"author\" content=\"BasaWeb\" \/>\n<meta name=\"twitter:card\" content=\"summary_large_image\" \/>\n<meta name=\"twitter:label1\" content=\"Escrito por\" \/>\n\t<meta name=\"twitter:data1\" content=\"BasaWeb\" \/>\n\t<meta name=\"twitter:label2\" content=\"Tiempo de lectura\" \/>\n\t<meta name=\"twitter:data2\" content=\"6 minutos\" \/>\n<script type=\"application\/ld+json\" class=\"yoast-schema-graph\">{\"@context\":\"https:\\\/\\\/schema.org\",\"@graph\":[{\"@type\":\"Article\",\"@id\":\"https:\\\/\\\/basaworldtravel.com.ar\\\/sitio\\\/2026\\\/08\\\/capitales-imperiales\\\/#article\",\"isPartOf\":{\"@id\":\"https:\\\/\\\/basaworldtravel.com.ar\\\/sitio\\\/2026\\\/08\\\/capitales-imperiales\\\/\"},\"author\":{\"name\":\"BasaWeb\",\"@id\":\"https:\\\/\\\/basaworldtravel.com.ar\\\/sitio\\\/#\\\/schema\\\/person\\\/d89b1d641794d338c41cd3818beabd4c\"},\"headline\":\"Capitales imperiales\",\"datePublished\":\"2026-08-25T12:58:25+00:00\",\"dateModified\":\"2026-08-25T14:33:11+00:00\",\"mainEntityOfPage\":{\"@id\":\"https:\\\/\\\/basaworldtravel.com.ar\\\/sitio\\\/2026\\\/08\\\/capitales-imperiales\\\/\"},\"wordCount\":1249,\"image\":{\"@id\":\"https:\\\/\\\/basaworldtravel.com.ar\\\/sitio\\\/2026\\\/08\\\/capitales-imperiales\\\/#primaryimage\"},\"thumbnailUrl\":\"https:\\\/\\\/basaworldtravel.com.ar\\\/sitio\\\/wp-content\\\/uploads\\\/2026\\\/08\\\/paraga.jpg\",\"keywords\":[\"2027\",\"AMSTERDAM\",\"berlin\",\"BRUSELAS\",\"budapest\",\"capitales\",\"FRANKFURT\",\"MADRID\",\"praga\",\"SALIDAS GRUPALES\",\"viena\"],\"articleSection\":[\"Europa\",\"Paquetes\",\"Salidas Grupales\"],\"inLanguage\":\"es\"},{\"@type\":\"WebPage\",\"@id\":\"https:\\\/\\\/basaworldtravel.com.ar\\\/sitio\\\/2026\\\/08\\\/capitales-imperiales\\\/\",\"url\":\"https:\\\/\\\/basaworldtravel.com.ar\\\/sitio\\\/2026\\\/08\\\/capitales-imperiales\\\/\",\"name\":\"Capitales imperiales - Basa\",\"isPartOf\":{\"@id\":\"https:\\\/\\\/basaworldtravel.com.ar\\\/sitio\\\/#website\"},\"primaryImageOfPage\":{\"@id\":\"https:\\\/\\\/basaworldtravel.com.ar\\\/sitio\\\/2026\\\/08\\\/capitales-imperiales\\\/#primaryimage\"},\"image\":{\"@id\":\"https:\\\/\\\/basaworldtravel.com.ar\\\/sitio\\\/2026\\\/08\\\/capitales-imperiales\\\/#primaryimage\"},\"thumbnailUrl\":\"https:\\\/\\\/basaworldtravel.com.ar\\\/sitio\\\/wp-content\\\/uploads\\\/2026\\\/08\\\/paraga.jpg\",\"datePublished\":\"2026-08-25T12:58:25+00:00\",\"dateModified\":\"2026-08-25T14:33:11+00:00\",\"author\":{\"@id\":\"https:\\\/\\\/basaworldtravel.com.ar\\\/sitio\\\/#\\\/schema\\\/person\\\/d89b1d641794d338c41cd3818beabd4c\"},\"breadcrumb\":{\"@id\":\"https:\\\/\\\/basaworldtravel.com.ar\\\/sitio\\\/2026\\\/08\\\/capitales-imperiales\\\/#breadcrumb\"},\"inLanguage\":\"es\",\"potentialAction\":[{\"@type\":\"ReadAction\",\"target\":[\"https:\\\/\\\/basaworldtravel.com.ar\\\/sitio\\\/2026\\\/08\\\/capitales-imperiales\\\/\"]}]},{\"@type\":\"ImageObject\",\"inLanguage\":\"es\",\"@id\":\"https:\\\/\\\/basaworldtravel.com.ar\\\/sitio\\\/2026\\\/08\\\/capitales-imperiales\\\/#primaryimage\",\"url\":\"https:\\\/\\\/basaworldtravel.com.ar\\\/sitio\\\/wp-content\\\/uploads\\\/2026\\\/08\\\/paraga.jpg\",\"contentUrl\":\"https:\\\/\\\/basaworldtravel.com.ar\\\/sitio\\\/wp-content\\\/uploads\\\/2026\\\/08\\\/paraga.jpg\",\"width\":1920,\"height\":1381,\"caption\":\"High spires towers of Tyn church in Prague city (Church of Our Lady before tyn cathedral) urban landscape panorama with red roofs of houses in old town and blue sky with clouds\"},{\"@type\":\"BreadcrumbList\",\"@id\":\"https:\\\/\\\/basaworldtravel.com.ar\\\/sitio\\\/2026\\\/08\\\/capitales-imperiales\\\/#breadcrumb\",\"itemListElement\":[{\"@type\":\"ListItem\",\"position\":1,\"name\":\"Portada\",\"item\":\"https:\\\/\\\/basaworldtravel.com.ar\\\/sitio\\\/\"},{\"@type\":\"ListItem\",\"position\":2,\"name\":\"Capitales imperiales\"}]},{\"@type\":\"WebSite\",\"@id\":\"https:\\\/\\\/basaworldtravel.com.ar\\\/sitio\\\/#website\",\"url\":\"https:\\\/\\\/basaworldtravel.com.ar\\\/sitio\\\/\",\"name\":\"Basa\",\"description\":\"World Travel\",\"potentialAction\":[{\"@type\":\"SearchAction\",\"target\":{\"@type\":\"EntryPoint\",\"urlTemplate\":\"https:\\\/\\\/basaworldtravel.com.ar\\\/sitio\\\/?s={search_term_string}\"},\"query-input\":{\"@type\":\"PropertyValueSpecification\",\"valueRequired\":true,\"valueName\":\"search_term_string\"}}],\"inLanguage\":\"es\"},{\"@type\":\"Person\",\"@id\":\"https:\\\/\\\/basaworldtravel.com.ar\\\/sitio\\\/#\\\/schema\\\/person\\\/d89b1d641794d338c41cd3818beabd4c\",\"name\":\"BasaWeb\",\"image\":{\"@type\":\"ImageObject\",\"inLanguage\":\"es\",\"@id\":\"https:\\\/\\\/secure.gravatar.com\\\/avatar\\\/13e699648957af0aba903942fee2a1fc533d92bcd43fcf375a4df1edc2708698?s=96&d=mm&r=g\",\"url\":\"https:\\\/\\\/secure.gravatar.com\\\/avatar\\\/13e699648957af0aba903942fee2a1fc533d92bcd43fcf375a4df1edc2708698?s=96&d=mm&r=g\",\"contentUrl\":\"https:\\\/\\\/secure.gravatar.com\\\/avatar\\\/13e699648957af0aba903942fee2a1fc533d92bcd43fcf375a4df1edc2708698?s=96&d=mm&r=g\",\"caption\":\"BasaWeb\"},\"url\":\"https:\\\/\\\/basaworldtravel.com.ar\\\/sitio\\\/author\\\/basaweb\\\/\"}]}<\/script>\n<!-- \/ Yoast SEO plugin. -->","yoast_head_json":{"title":"Capitales imperiales - Basa","robots":{"index":"index","follow":"follow","max-snippet":"max-snippet:-1","max-image-preview":"max-image-preview:large","max-video-preview":"max-video-preview:-1"},"canonical":"https:\/\/basaworldtravel.com.ar\/sitio\/2026\/08\/capitales-imperiales\/","og_locale":"es_ES","og_type":"article","og_title":"Capitales imperiales - Basa","og_description":"Descubr\u00ed la magia de Europa recorriendo Viena, Budapest y Praga: historia, elegancia, cultura y paisajes inolvidables en un viaje que te invita a vivir la esencia de sus grandes capitales.","og_url":"https:\/\/basaworldtravel.com.ar\/sitio\/2026\/08\/capitales-imperiales\/","og_site_name":"Basa","article_published_time":"2026-08-25T12:58:25+00:00","article_modified_time":"2026-08-25T14:33:11+00:00","og_image":[{"width":1920,"height":1381,"url":"https:\/\/basaworldtravel.com.ar\/sitio\/wp-content\/uploads\/2026\/08\/paraga.jpg","type":"image\/jpeg"}],"author":"BasaWeb","twitter_card":"summary_large_image","twitter_misc":{"Escrito por":"BasaWeb","Tiempo de lectura":"6 minutos"},"schema":{"@context":"https:\/\/schema.org","@graph":[{"@type":"Article","@id":"https:\/\/basaworldtravel.com.ar\/sitio\/2026\/08\/capitales-imperiales\/#article","isPartOf":{"@id":"https:\/\/basaworldtravel.com.ar\/sitio\/2026\/08\/capitales-imperiales\/"},"author":{"name":"BasaWeb","@id":"https:\/\/basaworldtravel.com.ar\/sitio\/#\/schema\/person\/d89b1d641794d338c41cd3818beabd4c"},"headline":"Capitales imperiales","datePublished":"2026-08-25T12:58:25+00:00","dateModified":"2026-08-25T14:33:11+00:00","mainEntityOfPage":{"@id":"https:\/\/basaworldtravel.com.ar\/sitio\/2026\/08\/capitales-imperiales\/"},"wordCount":1249,"image":{"@id":"https:\/\/basaworldtravel.com.ar\/sitio\/2026\/08\/capitales-imperiales\/#primaryimage"},"thumbnailUrl":"https:\/\/basaworldtravel.com.ar\/sitio\/wp-content\/uploads\/2026\/08\/paraga.jpg","keywords":["2027","AMSTERDAM","berlin","BRUSELAS","budapest","capitales","FRANKFURT","MADRID","praga","SALIDAS GRUPALES","viena"],"articleSection":["Europa","Paquetes","Salidas Grupales"],"inLanguage":"es"},{"@type":"WebPage","@id":"https:\/\/basaworldtravel.com.ar\/sitio\/2026\/08\/capitales-imperiales\/","url":"https:\/\/basaworldtravel.com.ar\/sitio\/2026\/08\/capitales-imperiales\/","name":"Capitales imperiales - Basa","isPartOf":{"@id":"https:\/\/basaworldtravel.com.ar\/sitio\/#website"},"primaryImageOfPage":{"@id":"https:\/\/basaworldtravel.com.ar\/sitio\/2026\/08\/capitales-imperiales\/#primaryimage"},"image":{"@id":"https:\/\/basaworldtravel.com.ar\/sitio\/2026\/08\/capitales-imperiales\/#primaryimage"},"thumbnailUrl":"https:\/\/basaworldtravel.com.ar\/sitio\/wp-content\/uploads\/2026\/08\/paraga.jpg","datePublished":"2026-08-25T12:58:25+00:00","dateModified":"2026-08-25T14:33:11+00:00","author":{"@id":"https:\/\/basaworldtravel.com.ar\/sitio\/#\/schema\/person\/d89b1d641794d338c41cd3818beabd4c"},"breadcrumb":{"@id":"https:\/\/basaworldtravel.com.ar\/sitio\/2026\/08\/capitales-imperiales\/#breadcrumb"},"inLanguage":"es","potentialAction":[{"@type":"ReadAction","target":["https:\/\/basaworldtravel.com.ar\/sitio\/2026\/08\/capitales-imperiales\/"]}]},{"@type":"ImageObject","inLanguage":"es","@id":"https:\/\/basaworldtravel.com.ar\/sitio\/2026\/08\/capitales-imperiales\/#primaryimage","url":"https:\/\/basaworldtravel.com.ar\/sitio\/wp-content\/uploads\/2026\/08\/paraga.jpg","contentUrl":"https:\/\/basaworldtravel.com.ar\/sitio\/wp-content\/uploads\/2026\/08\/paraga.jpg","width":1920,"height":1381,"caption":"High spires towers of Tyn church in Prague city (Church of Our Lady before tyn cathedral) urban landscape panorama with red roofs of houses in old town and blue sky with clouds"},{"@type":"BreadcrumbList","@id":"https:\/\/basaworldtravel.com.ar\/sitio\/2026\/08\/capitales-imperiales\/#breadcrumb","itemListElement":[{"@type":"ListItem","position":1,"name":"Portada","item":"https:\/\/basaworldtravel.com.ar\/sitio\/"},{"@type":"ListItem","position":2,"name":"Capitales imperiales"}]},{"@type":"WebSite","@id":"https:\/\/basaworldtravel.com.ar\/sitio\/#website","url":"https:\/\/basaworldtravel.com.ar\/sitio\/","name":"Basa","description":"World Travel","potentialAction":[{"@type":"SearchAction","target":{"@type":"EntryPoint","urlTemplate":"https:\/\/basaworldtravel.com.ar\/sitio\/?s={search_term_string}"},"query-input":{"@type":"PropertyValueSpecification","valueRequired":true,"valueName":"search_term_string"}}],"inLanguage":"es"},{"@type":"Person","@id":"https:\/\/basaworldtravel.com.ar\/sitio\/#\/schema\/person\/d89b1d641794d338c41cd3818beabd4c","name":"BasaWeb","image":{"@type":"ImageObject","inLanguage":"es","@id":"https:\/\/secure.gravatar.com\/avatar\/13e699648957af0aba903942fee2a1fc533d92bcd43fcf375a4df1edc2708698?s=96&d=mm&r=g","url":"https:\/\/secure.gravatar.com\/avatar\/13e699648957af0aba903942fee2a1fc533d92bcd43fcf375a4df1edc2708698?s=96&d=mm&r=g","contentUrl":"https:\/\/secure.gravatar.com\/avatar\/13e699648957af0aba903942fee2a1fc533d92bcd43fcf375a4df1edc2708698?s=96&d=mm&r=g","caption":"BasaWeb"},"url":"https:\/\/basaworldtravel.com.ar\/sitio\/author\/basaweb\/"}]}},"_links":{"self":[{"href":"https:\/\/basaworldtravel.com.ar\/sitio\/wp-json\/wp\/v2\/posts\/157557","targetHints":{"allow":["GET"]}}],"collection":[{"href":"https:\/\/basaworldtravel.com.ar\/sitio\/wp-json\/wp\/v2\/posts"}],"about":[{"href":"https:\/\/basaworldtravel.com.ar\/sitio\/wp-json\/wp\/v2\/types\/post"}],"author":[{"embeddable":true,"href":"https:\/\/basaworldtravel.com.ar\/sitio\/wp-json\/wp\/v2\/users\/2"}],"replies":[{"embeddable":true,"href":"https:\/\/basaworldtravel.com.ar\/sitio\/wp-json\/wp\/v2\/comments?post=157557"}],"version-history":[{"count":1,"href":"https:\/\/basaworldtravel.com.ar\/sitio\/wp-json\/wp\/v2\/posts\/157557\/revisions"}],"predecessor-version":[{"id":157559,"href":"https:\/\/basaworldtravel.com.ar\/sitio\/wp-json\/wp\/v2\/posts\/157557\/revisions\/157559"}],"wp:featuredmedia":[{"embeddable":true,"href":"https:\/\/basaworldtravel.com.ar\/sitio\/wp-json\/wp\/v2\/media\/157558"}],"wp:attachment":[{"href":"https:\/\/basaworldtravel.com.ar\/sitio\/wp-json\/wp\/v2\/media?parent=157557"}],"wp:term":[{"taxonomy":"category","embeddable":true,"href":"https:\/\/basaworldtravel.com.ar\/sitio\/wp-json\/wp\/v2\/categories?post=157557"},{"taxonomy":"post_tag","embeddable":true,"href":"https:\/\/basaworldtravel.com.ar\/sitio\/wp-json\/wp\/v2\/tags?post=157557"}],"curies":[{"name":"wp","href":"https:\/\/api.w.org\/{rel}","templated":true}]}}