{"id":157536,"date":"2026-08-24T16:00:17","date_gmt":"2026-08-24T19:00:17","guid":{"rendered":"https:\/\/basaworldtravel.com.ar\/?p=157536"},"modified":"2026-08-24T16:03:18","modified_gmt":"2026-08-24T19:03:18","slug":"joyas-del-veneto-y-la-puglia-2027","status":"publish","type":"post","link":"https:\/\/basaworldtravel.com.ar\/sitio\/2026\/08\/joyas-del-veneto-y-la-puglia-2027\/","title":{"rendered":"Joyas del V\u00e9neto y la Puglia-2027"},"content":{"rendered":"\n<p>Salida 29 de mayo de 2027<\/p>\n\n\n\n<ul class=\"wp-block-list\">\n<li>Origen C\u00f3rdoba<\/li>\n\n\n\n<li>Alojamiento 16 noches<\/li>\n\n\n\n<li>R\u00e9gimen Seg\u00fan itinerario<\/li>\n\n\n\n<li>Fechas  29 de mayo 2027 desde C\u00f3rdoba<\/li>\n\n\n\n<li>Incluidos\n<ul class=\"wp-block-list\">\n<li>A\u00e9reo internacional desde C\u00f3rdoba con Air Europa.<\/li>\n\n\n\n<li>01 equipaje en bodega y carry on.<\/li>\n\n\n\n<li>16 noches de alojamiento con desayuno + 02 comidas: 02 en Venecia, 02 en Florencia, 04 en Roma, 02 en Salerno, 01 en Matera, 03 en Lecce, 02 en Bari.<\/li>\n\n\n\n<li>Asistencia al viajero para pasajeros de hasta 70 a\u00f1os. Pasajeros de entre 71 y 85 a\u00f1os abonan USD 80 adicionales. Pasajeros de 86 a\u00f1os en adelante abonan USD 130 adicionales. (VER DETALLE)<\/li>\n\n\n\n<li>Bus durante todo el recorrido.<\/li>\n\n\n\n<li>Visitas panor\u00e1micas con gu\u00eda local.<\/li>\n\n\n\n<li>Barco en Venecia con crucero por las islas de la laguna.<\/li>\n\n\n\n<li>Ferry N\u00e1poles\/Capri\/Sorrento.<\/li>\n\n\n\n<li>Crucero costero por las localidades de Amalfi y Positano.<\/li>\n\n\n\n<li>Entradas a la Catedral de Amalfi y excavaciones de Pompeya.<\/li>\n\n\n\n<li>Traslados, visitas y excursiones seg\u00fan itinerario.<\/li>\n\n\n\n<li>Coordinador permanente y gu\u00edas locales de habla hispana.<\/li>\n\n\n\n<li>Kit de viaje: ri\u00f1onera, marbete y gu\u00eda de viaje.<\/li>\n\n\n\n<li>Souvenir de bienvenida en destino.<\/li>\n\n\n\n<li><\/li>\n<\/ul>\n<\/li>\n\n\n\n<li><strong>No Incluido<\/strong>\n<ul class=\"wp-block-list\">\n<li>Comidas y bebidas no especificadas en el programa.<\/li>\n\n\n\n<li>Early check in por horario de llegada de vuelo.<\/li>\n\n\n\n<li>Impuesto municipal de alojamiento.<\/li>\n\n\n\n<li>Propinas a gu\u00edas, camaristas, maleteros y choferes sugeridas USD 5 por d\u00eda, aproximadamente, seg\u00fan itinerario.<\/li>\n\n\n\n<li>Cualquier otro servicio no especificado en el programa o en \u201cservicios incluidos\u201d.<\/li>\n<\/ul>\n<\/li>\n<\/ul>\n\n\n\n<p><strong>T\u00c9RMINOS Y CONDICIONES<\/strong>Tarifas en d\u00f3lares por persona, sujetas a cambios sin previo aviso y a disponibilidad al momento de la confirmaci\u00f3n de la reserva. Conozca nuestra financiaci\u00f3n. Tarifas no incluyen: gastos de reserva, gastos administrativos, e impuesto\u00a0R.G. 5.617\/24. Cupos a\u00e9reos una vez reservados y confirmados no se permiten cambios ni devoluciones. Pago en pesos al cambio del d\u00eda de referencia de la empresa al momento de realizar el pago total de los servicios. INFORMACI\u00d3N EXCLUSIVA PARA AGENCIAS DE VIAJES.<\/p>\n\n\n\n<p><\/p>\n\n\n\n<h5 class=\"wp-block-heading\"><strong>s previstos o similares:<\/strong><\/h5>\n\n\n\n<p><strong>Los hoteles se confirman al momento de entregar los vouchers. Leer m\u00e1s en condiciones generales.<\/strong><\/p>\n\n\n\n<figure class=\"wp-block-table\"><table class=\"has-fixed-layout\"><tbody><tr><td class=\"has-text-align-center\" data-align=\"center\"><strong>Destino<\/strong><\/td><td class=\"has-text-align-center\" data-align=\"center\"><strong>Noches<\/strong><\/td><td class=\"has-text-align-center\" data-align=\"center\"><strong>Hoteles previstos o similares<\/strong><\/td><\/tr><tr><td class=\"has-text-align-center\" data-align=\"center\">MESTRE (VENECIA)<\/td><td class=\"has-text-align-center\" data-align=\"center\">02<\/td><td class=\"has-text-align-center\" data-align=\"center\">Novotel Mestre Castellana 4* Belstay Venezia Mestre 4*<\/td><\/tr><tr><td class=\"has-text-align-center\" data-align=\"center\">FLORENCIA<\/td><td class=\"has-text-align-center\" data-align=\"center\">02<\/td><td class=\"has-text-align-center\" data-align=\"center\">Raffaello 4* Wyndham Garden Florence 4*<\/td><\/tr><tr><td class=\"has-text-align-center\" data-align=\"center\">ROMA<\/td><td class=\"has-text-align-center\" data-align=\"center\">04<\/td><td class=\"has-text-align-center\" data-align=\"center\">Green Park Pamphili 4* Grand Hotel Fleming 4*<\/td><\/tr><tr><td class=\"has-text-align-center\" data-align=\"center\">SALERNO<\/td><td class=\"has-text-align-center\" data-align=\"center\">02<\/td><td class=\"has-text-align-center\" data-align=\"center\">Holiday Inn 4* Mediterranea 4*<\/td><\/tr><tr><td class=\"has-text-align-center\" data-align=\"center\">MATERA<\/td><td class=\"has-text-align-center\" data-align=\"center\">01<\/td><td class=\"has-text-align-center\" data-align=\"center\">Una La Martella 4* Nazionale 4*<\/td><\/tr><tr><td class=\"has-text-align-center\" data-align=\"center\">LECCE<\/td><td class=\"has-text-align-center\" data-align=\"center\">03<\/td><td class=\"has-text-align-center\" data-align=\"center\">Hilton Garden Inn 4* Grand Htl Lecce 4*<\/td><\/tr><tr><td class=\"has-text-align-center\" data-align=\"center\">BARI<\/td><td class=\"has-text-align-center\" data-align=\"center\">02<\/td><td class=\"has-text-align-center\" data-align=\"center\">Excelsior 4* Nicolaus 4*<\/td><\/tr><\/tbody><\/table><\/figure>\n\n\n\n<h5 class=\"wp-block-heading\"><strong>Vuelos previstos:<\/strong><\/h5>\n\n\n\n<figure class=\"wp-block-table\"><table class=\"has-fixed-layout\"><tbody><tr><td class=\"has-text-align-center\" data-align=\"center\"><strong>Vuelo<\/strong><\/td><td class=\"has-text-align-center\" data-align=\"center\"><strong>Fecha<\/strong><\/td><td class=\"has-text-align-center\" data-align=\"center\"><strong>Tramo<\/strong><\/td><td class=\"has-text-align-center\" data-align=\"center\"><strong>Hora Despegue<\/strong><\/td><td class=\"has-text-align-center\" data-align=\"center\"><strong>Hora Arribo<\/strong><\/td><\/tr><tr><td class=\"has-text-align-center\" data-align=\"center\">UX0122<\/td><td class=\"has-text-align-center\" data-align=\"center\">29 de Mayo<\/td><td class=\"has-text-align-center\" data-align=\"center\">COR \/ MAD<\/td><td class=\"has-text-align-center\" data-align=\"center\">12:05<\/td><td class=\"has-text-align-center\" data-align=\"center\">05:10 +1<\/td><\/tr><tr><td class=\"has-text-align-center\" data-align=\"center\">UX1081<\/td><td class=\"has-text-align-center\" data-align=\"center\">30 de Mayo<\/td><td class=\"has-text-align-center\" data-align=\"center\">MAD \/ VCE<\/td><td class=\"has-text-align-center\" data-align=\"center\">06:55<\/td><td class=\"has-text-align-center\" data-align=\"center\">09:25<\/td><\/tr><tr><td class=\"has-text-align-center\" data-align=\"center\">UX01048<\/td><td class=\"has-text-align-center\" data-align=\"center\">15 de Junio<\/td><td class=\"has-text-align-center\" data-align=\"center\">FCO \/ MAD<\/td><td class=\"has-text-align-center\" data-align=\"center\">18:30<\/td><td class=\"has-text-align-center\" data-align=\"center\">21:10<\/td><\/tr><tr><td class=\"has-text-align-center\" data-align=\"center\">UX0121<\/td><td class=\"has-text-align-center\" data-align=\"center\">15 de Junio<\/td><td class=\"has-text-align-center\" data-align=\"center\">MAD \/ COR<\/td><td class=\"has-text-align-center\" data-align=\"center\">23:50<\/td><td class=\"has-text-align-center\" data-align=\"center\">07:30 +1<\/td><\/tr><\/tbody><\/table><\/figure>\n\n\n\n<p>1 C\u00d3RDOBA \/ MADRID \/ VENECIA<\/p>\n\n\n\n<p>A la hora establecida, presentaci\u00f3n en el Aeropuerto Internacional de la Ciudad de C\u00f3rdoba y luego de tr\u00e1mites migratorios, partida en vuelo internacional de Air Europa con destino final Venecia, via Madrid. Noche a bordo.<\/p>\n\n\n\n<p>2 VENECIA<\/p>\n\n\n\n<p>En horas de la ma\u00f1ana, arrib\u00f3 al Aeropuerto Internacional de Venecia. Traslado al hotel y alojamiento. A las 19.00 hrs, tendr\u00e1 lugar la reuni\u00f3n con el gu\u00eda en la recepci\u00f3n del hotel. Posibilidad de realizar excursi\u00f3n opcional por la noche: Venecia de Noche + Paseo en lancha por el Gran Canal.&nbsp;<\/p>\n\n\n\n<p>3 VENECIA (Desayuno)<\/p>\n\n\n\n<p>Desayuno. Tomaremos un barco por la laguna de Venecia recorriendo sus islas hasta llegar a la Plaza de San Marcos donde haremos un tour de orientaci\u00f3n existiendo la posibilidad de visitar un horno donde nos har\u00e1n una demostraci\u00f3n del famoso cristal de Murano. Despu\u00e9s tendremos la posibilidad de realizar la siguiente Visita Opcional: Paseo en g\u00f3ndola. Resto del d\u00eda libre. Alojamiento.<\/p>\n\n\n\n<p>4 VENECIA \/ PADUA \/ PISA \/ FLORENCIA (Desayuno)<\/p>\n\n\n\n<p>Desayuno. Hoy nos espera Padua donde visitaremos la Bas\u00edlica de San Antonio. Continuamos cruzando los Apeninos hacia Pisa, una de las ciudades toscanas m\u00e1s conocidas para admirar su Torre Inclinada. Por la tarde llegada a Florencia. Alojamiento.&nbsp;<\/p>\n\n\n\n<p>5 FLORENCIA (Desayuno)<\/p>\n\n\n\n<p>Desayuno. Visita panor\u00e1mica a pie que nos permitir\u00e1 contemplar la Plaza de la Signoria, el Duomo, la impresionante Santa Mar\u00eda dei Fiore, el Baptisterio, Ponte Vecchio, etc. Resto del d\u00eda libre. Posibilidad en este d\u00eda de realizar las Visitas Opcionales: Iglesia de la Santa Croce&nbsp; y\/o por la noche, Cena con m\u00fasica en el restaurante La Certosa. Alojamiento.&nbsp;<\/p>\n\n\n\n<p>6 FLORENCIA \/ AS\u00cdS \/ ROMA (Desayuno)<\/p>\n\n\n\n<p>Desayuno y salida por la regi\u00f3n de Umbr\u00eda para visitar As\u00eds con la Bas\u00edlica de San Francisco. Esta ciudad conserva de su pasado romano las murallas, el foro, incluso el Templo de Minerva hoy Iglesia de Santa Mar\u00eda sopra Minerva. Continuaci\u00f3n a Roma por el valle del T\u00edber. La ciudad imperial cobra un encanto especial al anochecer. Visitas Opcionales: Roma Barroca y\/o Cena Especial con m\u00fasica. Alojamiento.<\/p>\n\n\n\n<p>7 ROMA (Desayuno)<\/p>\n\n\n\n<p>Desayuno. A primera hora podremos realizar la Visita Opcional: Museos Vaticanos y Capilla Sixtina. Despu\u00e9s, todos realizaremos la Visita panor\u00e1mica donde conoceremos la plaza de San Pedro, la v\u00eda de la Conciliazione y continuaremos paseando por el barrio del Trastevere. Desde nuestro autocar veremos la Isla Tiberina, los templos de H\u00e9rcules y de Portunus, la Boca de la Verdad, etc. Recorreremos algunas de las siete colinas hist\u00f3ricas en las que fue fundada Roma: Aventino, Palatino, Celio, y llegaremos al Circo M\u00e1ximo y a las Termas del emperador Caracalla, las m\u00e1s bellas de Roma. Veremos algunas importantes iglesias, como San Juan de Letr\u00e1n para terminar con el s\u00edmbolo de la Roma Antigua: el Coliseo. Resto de la tarde libre. Posibilidad de realizar la Visita Opcional: Coliseo y Foros Romanos. Alojamiento.&nbsp;<\/p>\n\n\n\n<p>8 ROMA \/ N\u00c1POLES \/ CAPRI \/ SORRENTO \/ SALERNO (Media pensi\u00f3n sin bebidas)<\/p>\n\n\n\n<p>Desayuno y salida a primera hora a N\u00e1poles para embarcar en ferry hacia Capri. Llegada y visita de la isla cuya Piazzetta Central, aunque conserva su modesta arquitectura urbana, est\u00e1 llena de tiendas lujosas, restaurantes caros y paparazzi a la caza de celebridades. Paseo en barco a lo largo de una parte de la costa para admirar las grutas y farallones que la fuerza del mar ha esculpido en la isla a lo largo de los a\u00f1os.&nbsp; Salida en ferry a Sorrento. Breve visita de esta ciudad de origen romano que a\u00fan conserva el antiguo trazado de sus calles. Continuaci\u00f3n en autocar a Salerno. Cena y alojamiento.&nbsp;<\/p>\n\n\n\n<p>9 SALERNO \/ POSITANO \/ AMALFI \/ SALERNO (Media pensi\u00f3n sin bebidas)<\/p>\n\n\n\n<p>Desayuno y traslado al puerto de Salerno donde embarcaremos en un crucero costero por la costa Amalfitana. Tras una hora de navegaci\u00f3n llegada a Positano, el balc\u00f3n m\u00e1s bello de Italia y aut\u00e9ntica reina de la Costa Amalfitana. Paseo por la ciudad y salida hacia Amalfi cuya figura principal es la Piazza del Duomo y su impresionante Catedral de Sant\u2019Andrea la cual visitaremos. Tiempo libre. Por la tarde regreso a Salerno. Cena y alojamiento.<\/p>\n\n\n\n<p>10 SALERNO \/ POMPEYA \/ N\u00c1POLES \/ MATERA (Desayuno)<\/p>\n\n\n\n<p>Desayuno y traslado a Pompeya para visitar las excavaciones de la antigua ciudad romana, sepultada por la erupci\u00f3n del Vesubio. Salida hacia N\u00e1poles y visita panor\u00e1mica de la ciudad, situada en la bah\u00eda que lleva su mismo nombre, es la ciudad m\u00e1s poblada del sur de Italia. Finalizada continuaci\u00f3n a Matera. Alojamiento.&nbsp;<\/p>\n\n\n\n<p>11 MATERA \/ ALBEROBELLO \/ LECCE (Desayuno)<\/p>\n\n\n\n<p>Desayuno. Por la ma\u00f1ana visita panor\u00e1mica de Matera, conocida internacionalmente por sus \u201cSassi\u201d, originales asentamientos de la prehistoria y al parecer los primeros asentamientos en Italia. Son casas excavadas dentro de la roca caracter\u00edsticas de las regiones Basilicata y Apulia. Una de las peculiaridades de esta antigua ciudad es su similitud con las antiguas ciudades cerca de Jerusal\u00e9n. Por la tarde salida hacia Alberobello, la ciudad de los Trulli, patrimonio de la Unesco con sus casas t\u00edpicas con techos con forma de cono usadas como viviendas o para almacenar utensilios de trabajo. Continuaci\u00f3n a Lecce. Llegada y alojamiento.<\/p>\n\n\n\n<p>12 LECCE (Desayuno)<\/p>\n\n\n\n<p>Desayuno. Por la ma\u00f1ana visita panor\u00e1mica de Lecce, llamada la \u201cFlorencia del Sur\u201d y conocida por su famoso arte y arquitectura barrocos revelados entre finales del siglo XVI y la primera mitad del siglo XVII. Visita a la Catedral con Cripta, Santa Croce, anfiteatro y teatro romano exterior. Tarde libre para poder disfrutar la ciudad a nuestro aire. Alojamiento.&nbsp;<\/p>\n\n\n\n<p>13 LECCE: SAN ANDREA &#8211; OTRANTO &#8211; SANTA MARIA DE LEUCA (Desayuno)<\/p>\n\n\n\n<p>Desayuno y excursi\u00f3n de d\u00eda completo, veremos la Torre de San Andrea, donde la erosi\u00f3n del viento y las olas han creado con el paso del tiempo una aut\u00e9ntica obra de arte natural de roca blanca que adopta formas que nos recuerdan a puentes y t\u00faneles que emergen de un mar limpio y transparente. Continuaci\u00f3n y tour de orientaci\u00f3n por Otranto ciudad llamada la \u201cPuerta de Oriente\u201d, con su Catedral rom\u00e1nica, la capilla del sepulcro de los Santos M\u00e1rtires y la sugestiva Cripta. Por la tarde, nos acercaremos hasta Santa Mar\u00eda de Leuca para admirar desde su promontorio el abrazo entre los dos mares: el Adri\u00e1tico y el Jonio. Regreso a Lecce. Alojamiento.<\/p>\n\n\n\n<p>14 LECCE \/ OSTUNI \/ POLIGNANO A MARE \/ BARI (Desayuno)<\/p>\n\n\n\n<p>Desayuno. Salida a Ostuni y tour de orientaci\u00f3n por la ciudad, conocida como la \u201cciudad blanca\u201d, daremos un paseo por su pintoresco centro hist\u00f3rico con visita de su catedral rom\u00e1nico-g\u00f3tica. Continuamos a Polignano a Mare, antiguo pueblo de pescadores. Por la tarde llegada a Bari. Alojamiento.<\/p>\n\n\n\n<p>15 BARI (Desayuno)<\/p>\n\n\n\n<p>Desayuno. Por la ma\u00f1ana visita panor\u00e1mica de Bari, capital de la Puglia, lo que hist\u00f3ricamente era un gran centro mar\u00edtimo que un\u00eda Oriente y Occidente, es hoy un vibrante puerto y centro universitario. Bari es la segunda ciudad m\u00e1s grande del sur de Italia y es tan rica en arte, historia y tradici\u00f3n culinaria que cada visita es un recuerdo inolvidable. Tarde libre. Alojamiento.<\/p>\n\n\n\n<p>16 BARI \/ ROMA (Desayuno)<\/p>\n\n\n\n<p>Desayuno y salida en autocar hacia Roma. Llegada y alojamiento.<\/p>\n\n\n\n<p>17 ROMA (Desayuno)<\/p>\n\n\n\n<p>Desayuno y d\u00eda libre para disfrutar de la ciudad y realizar compras.<\/p>\n\n\n\n<p>18 ROMA \/ C\u00d3RDOBA (Desayuno) (Noche a bordo)<\/p>\n\n\n\n<p>Desayuno y tiempo libre hasta la hora del traslado al aeropuerto. Partida en vuelo internacional con destino final C\u00f3rdoba, via Madrid. Noche a bordo.<\/p>\n\n\n\n<p>19 C\u00d3RDOBA<\/p>\n\n\n\n<p>En horas de la ma\u00f1ana arrib\u00f3 al aeropuerto internacional de C\u00f3rdoba.&nbsp;&nbsp;<strong>FIN DE NUESTROS SERVICIOS<\/strong>&nbsp;<\/p>\n\n\n\n<p><\/p>\n\n\n\n<p class=\"has-medium-font-size\"><strong>USD7080 POR PERSONA EN BASE DOBLE<\/strong><\/p>\n\n\n\n<p><\/p>\n","protected":false},"excerpt":{"rendered":"<p>Puglia y Veneto: rincones de Italia donde el amor encuentra su paisaje. \u2764\ufe0f\ud83c\uddee\ud83c\uddf9<\/p>\n","protected":false},"author":2,"featured_media":157537,"comment_status":"closed","ping_status":"open","sticky":false,"template":"","format":"standard","meta":{"_acf_changed":false,"footnotes":""},"categories":[7,5,871],"tags":[853,458,80,247,841],"class_list":["post-157536","post","type-post","status-publish","format-standard","has-post-thumbnail","hentry","category-europa","category-paquetes","category-salidas-grupales","tag-853","tag-italia","tag-salidas-grupales","tag-venecia","tag-veneto","category-7","category-5","category-871","description-off"],"acf":[],"yoast_head":"<!-- This site is optimized with the Yoast SEO plugin v28.4 - https:\/\/yoast.com\/product\/yoast-seo-wordpress\/ -->\n<title>Joyas del V\u00e9neto y la Puglia-2027 - Basa<\/title>\n<meta name=\"robots\" content=\"index, follow, max-snippet:-1, max-image-preview:large, max-video-preview:-1\" \/>\n<link rel=\"canonical\" href=\"https:\/\/basaworldtravel.com.ar\/sitio\/2026\/08\/joyas-del-veneto-y-la-puglia-2027\/\" \/>\n<meta property=\"og:locale\" content=\"es_ES\" \/>\n<meta property=\"og:type\" content=\"article\" \/>\n<meta property=\"og:title\" content=\"Joyas del V\u00e9neto y la Puglia-2027 - Basa\" \/>\n<meta property=\"og:description\" content=\"Puglia y Veneto: rincones de Italia donde el amor encuentra su paisaje. \u2764\ufe0f\ud83c\uddee\ud83c\uddf9\" \/>\n<meta property=\"og:url\" content=\"https:\/\/basaworldtravel.com.ar\/sitio\/2026\/08\/joyas-del-veneto-y-la-puglia-2027\/\" \/>\n<meta property=\"og:site_name\" content=\"Basa\" \/>\n<meta property=\"article:published_time\" content=\"2026-08-24T19:00:17+00:00\" \/>\n<meta property=\"article:modified_time\" content=\"2026-08-24T19:03:18+00:00\" \/>\n<meta property=\"og:image\" content=\"https:\/\/basaworldtravel.com.ar\/sitio\/wp-content\/uploads\/2026\/08\/damiano-baschiera-hFXZ5cNfkOk-unsplash-scaled.jpg\" \/>\n\t<meta property=\"og:image:width\" content=\"1688\" \/>\n\t<meta property=\"og:image:height\" content=\"2560\" \/>\n\t<meta property=\"og:image:type\" content=\"image\/jpeg\" \/>\n<meta name=\"author\" content=\"BasaWeb\" \/>\n<meta name=\"twitter:card\" content=\"summary_large_image\" \/>\n<meta name=\"twitter:label1\" content=\"Escrito por\" \/>\n\t<meta name=\"twitter:data1\" content=\"BasaWeb\" \/>\n\t<meta name=\"twitter:label2\" content=\"Tiempo de lectura\" \/>\n\t<meta name=\"twitter:data2\" content=\"8 minutos\" \/>\n<script type=\"application\/ld+json\" class=\"yoast-schema-graph\">{\"@context\":\"https:\\\/\\\/schema.org\",\"@graph\":[{\"@type\":\"Article\",\"@id\":\"https:\\\/\\\/basaworldtravel.com.ar\\\/sitio\\\/2026\\\/08\\\/joyas-del-veneto-y-la-puglia-2027\\\/#article\",\"isPartOf\":{\"@id\":\"https:\\\/\\\/basaworldtravel.com.ar\\\/sitio\\\/2026\\\/08\\\/joyas-del-veneto-y-la-puglia-2027\\\/\"},\"author\":{\"name\":\"BasaWeb\",\"@id\":\"https:\\\/\\\/basaworldtravel.com.ar\\\/sitio\\\/#\\\/schema\\\/person\\\/d89b1d641794d338c41cd3818beabd4c\"},\"headline\":\"Joyas del V\u00e9neto y la Puglia-2027\",\"datePublished\":\"2026-08-24T19:00:17+00:00\",\"dateModified\":\"2026-08-24T19:03:18+00:00\",\"mainEntityOfPage\":{\"@id\":\"https:\\\/\\\/basaworldtravel.com.ar\\\/sitio\\\/2026\\\/08\\\/joyas-del-veneto-y-la-puglia-2027\\\/\"},\"wordCount\":1708,\"image\":{\"@id\":\"https:\\\/\\\/basaworldtravel.com.ar\\\/sitio\\\/2026\\\/08\\\/joyas-del-veneto-y-la-puglia-2027\\\/#primaryimage\"},\"thumbnailUrl\":\"https:\\\/\\\/basaworldtravel.com.ar\\\/sitio\\\/wp-content\\\/uploads\\\/2026\\\/08\\\/damiano-baschiera-hFXZ5cNfkOk-unsplash-scaled.jpg\",\"keywords\":[\"2027\",\"ITALIA\",\"SALIDAS GRUPALES\",\"VENECIA\",\"veneto\"],\"articleSection\":[\"Europa\",\"Paquetes\",\"Salidas Grupales\"],\"inLanguage\":\"es\"},{\"@type\":\"WebPage\",\"@id\":\"https:\\\/\\\/basaworldtravel.com.ar\\\/sitio\\\/2026\\\/08\\\/joyas-del-veneto-y-la-puglia-2027\\\/\",\"url\":\"https:\\\/\\\/basaworldtravel.com.ar\\\/sitio\\\/2026\\\/08\\\/joyas-del-veneto-y-la-puglia-2027\\\/\",\"name\":\"Joyas del V\u00e9neto y la Puglia-2027 - Basa\",\"isPartOf\":{\"@id\":\"https:\\\/\\\/basaworldtravel.com.ar\\\/sitio\\\/#website\"},\"primaryImageOfPage\":{\"@id\":\"https:\\\/\\\/basaworldtravel.com.ar\\\/sitio\\\/2026\\\/08\\\/joyas-del-veneto-y-la-puglia-2027\\\/#primaryimage\"},\"image\":{\"@id\":\"https:\\\/\\\/basaworldtravel.com.ar\\\/sitio\\\/2026\\\/08\\\/joyas-del-veneto-y-la-puglia-2027\\\/#primaryimage\"},\"thumbnailUrl\":\"https:\\\/\\\/basaworldtravel.com.ar\\\/sitio\\\/wp-content\\\/uploads\\\/2026\\\/08\\\/damiano-baschiera-hFXZ5cNfkOk-unsplash-scaled.jpg\",\"datePublished\":\"2026-08-24T19:00:17+00:00\",\"dateModified\":\"2026-08-24T19:03:18+00:00\",\"author\":{\"@id\":\"https:\\\/\\\/basaworldtravel.com.ar\\\/sitio\\\/#\\\/schema\\\/person\\\/d89b1d641794d338c41cd3818beabd4c\"},\"breadcrumb\":{\"@id\":\"https:\\\/\\\/basaworldtravel.com.ar\\\/sitio\\\/2026\\\/08\\\/joyas-del-veneto-y-la-puglia-2027\\\/#breadcrumb\"},\"inLanguage\":\"es\",\"potentialAction\":[{\"@type\":\"ReadAction\",\"target\":[\"https:\\\/\\\/basaworldtravel.com.ar\\\/sitio\\\/2026\\\/08\\\/joyas-del-veneto-y-la-puglia-2027\\\/\"]}]},{\"@type\":\"ImageObject\",\"inLanguage\":\"es\",\"@id\":\"https:\\\/\\\/basaworldtravel.com.ar\\\/sitio\\\/2026\\\/08\\\/joyas-del-veneto-y-la-puglia-2027\\\/#primaryimage\",\"url\":\"https:\\\/\\\/basaworldtravel.com.ar\\\/sitio\\\/wp-content\\\/uploads\\\/2026\\\/08\\\/damiano-baschiera-hFXZ5cNfkOk-unsplash-scaled.jpg\",\"contentUrl\":\"https:\\\/\\\/basaworldtravel.com.ar\\\/sitio\\\/wp-content\\\/uploads\\\/2026\\\/08\\\/damiano-baschiera-hFXZ5cNfkOk-unsplash-scaled.jpg\",\"width\":1688,\"height\":2560},{\"@type\":\"BreadcrumbList\",\"@id\":\"https:\\\/\\\/basaworldtravel.com.ar\\\/sitio\\\/2026\\\/08\\\/joyas-del-veneto-y-la-puglia-2027\\\/#breadcrumb\",\"itemListElement\":[{\"@type\":\"ListItem\",\"position\":1,\"name\":\"Portada\",\"item\":\"https:\\\/\\\/basaworldtravel.com.ar\\\/sitio\\\/\"},{\"@type\":\"ListItem\",\"position\":2,\"name\":\"Joyas del V\u00e9neto y la Puglia-2027\"}]},{\"@type\":\"WebSite\",\"@id\":\"https:\\\/\\\/basaworldtravel.com.ar\\\/sitio\\\/#website\",\"url\":\"https:\\\/\\\/basaworldtravel.com.ar\\\/sitio\\\/\",\"name\":\"Basa\",\"description\":\"World Travel\",\"potentialAction\":[{\"@type\":\"SearchAction\",\"target\":{\"@type\":\"EntryPoint\",\"urlTemplate\":\"https:\\\/\\\/basaworldtravel.com.ar\\\/sitio\\\/?s={search_term_string}\"},\"query-input\":{\"@type\":\"PropertyValueSpecification\",\"valueRequired\":true,\"valueName\":\"search_term_string\"}}],\"inLanguage\":\"es\"},{\"@type\":\"Person\",\"@id\":\"https:\\\/\\\/basaworldtravel.com.ar\\\/sitio\\\/#\\\/schema\\\/person\\\/d89b1d641794d338c41cd3818beabd4c\",\"name\":\"BasaWeb\",\"image\":{\"@type\":\"ImageObject\",\"inLanguage\":\"es\",\"@id\":\"https:\\\/\\\/secure.gravatar.com\\\/avatar\\\/13e699648957af0aba903942fee2a1fc533d92bcd43fcf375a4df1edc2708698?s=96&d=mm&r=g\",\"url\":\"https:\\\/\\\/secure.gravatar.com\\\/avatar\\\/13e699648957af0aba903942fee2a1fc533d92bcd43fcf375a4df1edc2708698?s=96&d=mm&r=g\",\"contentUrl\":\"https:\\\/\\\/secure.gravatar.com\\\/avatar\\\/13e699648957af0aba903942fee2a1fc533d92bcd43fcf375a4df1edc2708698?s=96&d=mm&r=g\",\"caption\":\"BasaWeb\"},\"url\":\"https:\\\/\\\/basaworldtravel.com.ar\\\/sitio\\\/author\\\/basaweb\\\/\"}]}<\/script>\n<!-- \/ Yoast SEO plugin. -->","yoast_head_json":{"title":"Joyas del V\u00e9neto y la Puglia-2027 - Basa","robots":{"index":"index","follow":"follow","max-snippet":"max-snippet:-1","max-image-preview":"max-image-preview:large","max-video-preview":"max-video-preview:-1"},"canonical":"https:\/\/basaworldtravel.com.ar\/sitio\/2026\/08\/joyas-del-veneto-y-la-puglia-2027\/","og_locale":"es_ES","og_type":"article","og_title":"Joyas del V\u00e9neto y la Puglia-2027 - Basa","og_description":"Puglia y Veneto: rincones de Italia donde el amor encuentra su paisaje. \u2764\ufe0f\ud83c\uddee\ud83c\uddf9","og_url":"https:\/\/basaworldtravel.com.ar\/sitio\/2026\/08\/joyas-del-veneto-y-la-puglia-2027\/","og_site_name":"Basa","article_published_time":"2026-08-24T19:00:17+00:00","article_modified_time":"2026-08-24T19:03:18+00:00","og_image":[{"width":1688,"height":2560,"url":"https:\/\/basaworldtravel.com.ar\/sitio\/wp-content\/uploads\/2026\/08\/damiano-baschiera-hFXZ5cNfkOk-unsplash-scaled.jpg","type":"image\/jpeg"}],"author":"BasaWeb","twitter_card":"summary_large_image","twitter_misc":{"Escrito por":"BasaWeb","Tiempo de lectura":"8 minutos"},"schema":{"@context":"https:\/\/schema.org","@graph":[{"@type":"Article","@id":"https:\/\/basaworldtravel.com.ar\/sitio\/2026\/08\/joyas-del-veneto-y-la-puglia-2027\/#article","isPartOf":{"@id":"https:\/\/basaworldtravel.com.ar\/sitio\/2026\/08\/joyas-del-veneto-y-la-puglia-2027\/"},"author":{"name":"BasaWeb","@id":"https:\/\/basaworldtravel.com.ar\/sitio\/#\/schema\/person\/d89b1d641794d338c41cd3818beabd4c"},"headline":"Joyas del V\u00e9neto y la Puglia-2027","datePublished":"2026-08-24T19:00:17+00:00","dateModified":"2026-08-24T19:03:18+00:00","mainEntityOfPage":{"@id":"https:\/\/basaworldtravel.com.ar\/sitio\/2026\/08\/joyas-del-veneto-y-la-puglia-2027\/"},"wordCount":1708,"image":{"@id":"https:\/\/basaworldtravel.com.ar\/sitio\/2026\/08\/joyas-del-veneto-y-la-puglia-2027\/#primaryimage"},"thumbnailUrl":"https:\/\/basaworldtravel.com.ar\/sitio\/wp-content\/uploads\/2026\/08\/damiano-baschiera-hFXZ5cNfkOk-unsplash-scaled.jpg","keywords":["2027","ITALIA","SALIDAS GRUPALES","VENECIA","veneto"],"articleSection":["Europa","Paquetes","Salidas Grupales"],"inLanguage":"es"},{"@type":"WebPage","@id":"https:\/\/basaworldtravel.com.ar\/sitio\/2026\/08\/joyas-del-veneto-y-la-puglia-2027\/","url":"https:\/\/basaworldtravel.com.ar\/sitio\/2026\/08\/joyas-del-veneto-y-la-puglia-2027\/","name":"Joyas del V\u00e9neto y la Puglia-2027 - Basa","isPartOf":{"@id":"https:\/\/basaworldtravel.com.ar\/sitio\/#website"},"primaryImageOfPage":{"@id":"https:\/\/basaworldtravel.com.ar\/sitio\/2026\/08\/joyas-del-veneto-y-la-puglia-2027\/#primaryimage"},"image":{"@id":"https:\/\/basaworldtravel.com.ar\/sitio\/2026\/08\/joyas-del-veneto-y-la-puglia-2027\/#primaryimage"},"thumbnailUrl":"https:\/\/basaworldtravel.com.ar\/sitio\/wp-content\/uploads\/2026\/08\/damiano-baschiera-hFXZ5cNfkOk-unsplash-scaled.jpg","datePublished":"2026-08-24T19:00:17+00:00","dateModified":"2026-08-24T19:03:18+00:00","author":{"@id":"https:\/\/basaworldtravel.com.ar\/sitio\/#\/schema\/person\/d89b1d641794d338c41cd3818beabd4c"},"breadcrumb":{"@id":"https:\/\/basaworldtravel.com.ar\/sitio\/2026\/08\/joyas-del-veneto-y-la-puglia-2027\/#breadcrumb"},"inLanguage":"es","potentialAction":[{"@type":"ReadAction","target":["https:\/\/basaworldtravel.com.ar\/sitio\/2026\/08\/joyas-del-veneto-y-la-puglia-2027\/"]}]},{"@type":"ImageObject","inLanguage":"es","@id":"https:\/\/basaworldtravel.com.ar\/sitio\/2026\/08\/joyas-del-veneto-y-la-puglia-2027\/#primaryimage","url":"https:\/\/basaworldtravel.com.ar\/sitio\/wp-content\/uploads\/2026\/08\/damiano-baschiera-hFXZ5cNfkOk-unsplash-scaled.jpg","contentUrl":"https:\/\/basaworldtravel.com.ar\/sitio\/wp-content\/uploads\/2026\/08\/damiano-baschiera-hFXZ5cNfkOk-unsplash-scaled.jpg","width":1688,"height":2560},{"@type":"BreadcrumbList","@id":"https:\/\/basaworldtravel.com.ar\/sitio\/2026\/08\/joyas-del-veneto-y-la-puglia-2027\/#breadcrumb","itemListElement":[{"@type":"ListItem","position":1,"name":"Portada","item":"https:\/\/basaworldtravel.com.ar\/sitio\/"},{"@type":"ListItem","position":2,"name":"Joyas del V\u00e9neto y la Puglia-2027"}]},{"@type":"WebSite","@id":"https:\/\/basaworldtravel.com.ar\/sitio\/#website","url":"https:\/\/basaworldtravel.com.ar\/sitio\/","name":"Basa","description":"World Travel","potentialAction":[{"@type":"SearchAction","target":{"@type":"EntryPoint","urlTemplate":"https:\/\/basaworldtravel.com.ar\/sitio\/?s={search_term_string}"},"query-input":{"@type":"PropertyValueSpecification","valueRequired":true,"valueName":"search_term_string"}}],"inLanguage":"es"},{"@type":"Person","@id":"https:\/\/basaworldtravel.com.ar\/sitio\/#\/schema\/person\/d89b1d641794d338c41cd3818beabd4c","name":"BasaWeb","image":{"@type":"ImageObject","inLanguage":"es","@id":"https:\/\/secure.gravatar.com\/avatar\/13e699648957af0aba903942fee2a1fc533d92bcd43fcf375a4df1edc2708698?s=96&d=mm&r=g","url":"https:\/\/secure.gravatar.com\/avatar\/13e699648957af0aba903942fee2a1fc533d92bcd43fcf375a4df1edc2708698?s=96&d=mm&r=g","contentUrl":"https:\/\/secure.gravatar.com\/avatar\/13e699648957af0aba903942fee2a1fc533d92bcd43fcf375a4df1edc2708698?s=96&d=mm&r=g","caption":"BasaWeb"},"url":"https:\/\/basaworldtravel.com.ar\/sitio\/author\/basaweb\/"}]}},"_links":{"self":[{"href":"https:\/\/basaworldtravel.com.ar\/sitio\/wp-json\/wp\/v2\/posts\/157536","targetHints":{"allow":["GET"]}}],"collection":[{"href":"https:\/\/basaworldtravel.com.ar\/sitio\/wp-json\/wp\/v2\/posts"}],"about":[{"href":"https:\/\/basaworldtravel.com.ar\/sitio\/wp-json\/wp\/v2\/types\/post"}],"author":[{"embeddable":true,"href":"https:\/\/basaworldtravel.com.ar\/sitio\/wp-json\/wp\/v2\/users\/2"}],"replies":[{"embeddable":true,"href":"https:\/\/basaworldtravel.com.ar\/sitio\/wp-json\/wp\/v2\/comments?post=157536"}],"version-history":[{"count":2,"href":"https:\/\/basaworldtravel.com.ar\/sitio\/wp-json\/wp\/v2\/posts\/157536\/revisions"}],"predecessor-version":[{"id":157539,"href":"https:\/\/basaworldtravel.com.ar\/sitio\/wp-json\/wp\/v2\/posts\/157536\/revisions\/157539"}],"wp:featuredmedia":[{"embeddable":true,"href":"https:\/\/basaworldtravel.com.ar\/sitio\/wp-json\/wp\/v2\/media\/157537"}],"wp:attachment":[{"href":"https:\/\/basaworldtravel.com.ar\/sitio\/wp-json\/wp\/v2\/media?parent=157536"}],"wp:term":[{"taxonomy":"category","embeddable":true,"href":"https:\/\/basaworldtravel.com.ar\/sitio\/wp-json\/wp\/v2\/categories?post=157536"},{"taxonomy":"post_tag","embeddable":true,"href":"https:\/\/basaworldtravel.com.ar\/sitio\/wp-json\/wp\/v2\/tags?post=157536"}],"curies":[{"name":"wp","href":"https:\/\/api.w.org\/{rel}","templated":true}]}}