{"id":157523,"date":"2026-08-24T12:37:18","date_gmt":"2026-08-24T15:37:18","guid":{"rendered":"https:\/\/basaworldtravel.com.ar\/?p=157523"},"modified":"2026-08-24T13:19:58","modified_gmt":"2026-08-24T16:19:58","slug":"maravillas-del-peru-2027","status":"publish","type":"post","link":"https:\/\/basaworldtravel.com.ar\/sitio\/2026\/08\/maravillas-del-peru-2027\/","title":{"rendered":"Maravillas del Per\u00fa-2027"},"content":{"rendered":"\n<p>Salidas 13 Abril\/ 9-17-24  Mayo 2027<\/p>\n\n\n\n<h5 class=\"wp-block-heading has-medium-font-size\">13 de Abril de 2027 desde C\u00f3rdoba<\/h5>\n\n\n\n<h5 class=\"wp-block-heading has-medium-font-size\">9 y 17 de Mayo de 2027 desde C\u00f3rdoba<\/h5>\n\n\n\n<h5 class=\"wp-block-heading has-medium-font-size\">24 de Mayo de 2027 desde Buenos aires<\/h5>\n\n\n\n<h5 class=\"wp-block-heading has-medium-font-size\"><strong>Salida grupal acompa\u00f1ada<\/strong><\/h5>\n\n\n\n<h5 class=\"wp-block-heading has-medium-font-size\"><strong>Pasajero en base doble a compartir asegurada!!!<\/strong><\/h5>\n\n\n\n<ul class=\"wp-block-list\">\n<li>Origen C\u00f3rdoba y Buenos Aires<\/li>\n\n\n\n<li>Alojamiento 8 noches<\/li>\n\n\n\n<li>R\u00e9gimen Seg\u00fan itinerario<\/li>\n\n\n\n<li>Fechas13 abril, 9 y 17 de mayo de 2027 desde C\u00f3rdoba. 24 de Mayo de 2027 desde Buenos aires<\/li>\n\n\n\n<li>Incluidos\n<ul class=\"wp-block-list\">\n<li>A\u00e9reo Internacional desde C\u00f3rdoba o Buenos Aires con LATAM AIRLINES, incluye 01 equipaje en bodega y carry on.<\/li>\n\n\n\n<li>8 noches de alojamiento con desayuno + 2 almuerzos (no incluyen bebidas): 2 en Lima, 2 en Cusco, 1 en Urubamba, 2 en Aguas Calientes, 1 en Cusco (<strong>Pasajeros con fecha de salida el 07 de Julio, pernoctar\u00e1n la segunda noche de Aguas Calientes, en Cuzco)<\/strong><\/li>\n\n\n\n<li>Asistencia al viajero para pasajeros de hasta 70 a\u00f1os. Pasajeros de entre 71 y 85 a\u00f1os abonan USD 45 adicionales. Pasajeros de 86 a\u00f1os en adelante abonan USD 80 adicionales.\u00a0<a href=\"https:\/\/www.jazzoperador.tur.ar\/wp-content\/uploads\/2023\/08\/Excellence-Jazz.pdf\"><strong>(VER DETALLE)<\/strong><\/a><\/li>\n\n\n\n<li>Tren a Machu Picchu ida y vuelta en servicio Expedition (PeruRail) o Voyager (IncaRail) con visita incluida con gu\u00eda de sitio<\/li>\n\n\n\n<li>Traslados, visitas y excursiones seg\u00fan itinerario.<\/li>\n\n\n\n<li>Coordinador permanente<\/li>\n\n\n\n<li>Kit de viaje: portadocumento, marbete y gu\u00eda de viaje<\/li>\n\n\n\n<li>Souvenir de bienvenida en destino.<\/li>\n<\/ul>\n<\/li>\n<\/ul>\n\n\n\n<p><\/p>\n\n\n\n<ul class=\"wp-block-list\">\n<li><strong>No Incluido<\/strong>\n<ul class=\"wp-block-list\">\n<li>Gastos personales.<\/li>\n\n\n\n<li>Comidas y bebidas no especificadas en el programa.<\/li>\n\n\n\n<li>Early check in por horario de llegada de vuelo.<\/li>\n\n\n\n<li>Propinas a gu\u00edas, camaristas, maleteros y choferes sugeridas USD 5 por d\u00eda seg\u00fan itinerario.<\/li>\n\n\n\n<li>IVA y gastos administrativos (4,3%).<\/li>\n\n\n\n<li>Cualquier otro servicio no especificado en el programa o en \u201cservicios incluidos\u201d.<\/li>\n<\/ul>\n<\/li>\n<\/ul>\n\n\n\n<p><strong>IMPORTANTE: Entradas a la Ciudadela de Machu Picchu.\u00a0Las entradas se confirmar\u00e1n una vez abonada la se\u00f1a, las mismas son nominadas e intransferibles. Pueden diferir en horarios y d\u00edas con respecto a otros pasajeros, pero siempre ser\u00e1n acompa\u00f1adas por un gu\u00eda profesional.<\/strong><\/p>\n\n\n\n<p><\/p>\n\n\n\n<h5 class=\"wp-block-heading has-medium-font-size\">Hoteles previstos o similares:<\/h5>\n\n\n\n<figure class=\"wp-block-table\"><table class=\"has-fixed-layout\"><tbody><tr><td class=\"has-text-align-center\" data-align=\"center\"><strong>DESTINO<\/strong><\/td><td class=\"has-text-align-center\" data-align=\"center\"><strong>NOCHES<\/strong><\/td><td class=\"has-text-align-center\" data-align=\"center\"><strong>HOTEL<\/strong><\/td><\/tr><tr><td class=\"has-text-align-center\" data-align=\"center\">LIMA<\/td><td class=\"has-text-align-center\" data-align=\"center\">2<\/td><td class=\"has-text-align-center\" data-align=\"center\">BRITANIA MIRAFLORES \/ IBIS REDUCTO o similar<\/td><\/tr><tr><td class=\"has-text-align-center\" data-align=\"center\">CUSCO<\/td><td class=\"has-text-align-center\" data-align=\"center\">2<\/td><td class=\"has-text-align-center\" data-align=\"center\">HACIENDA CUSCO CENTRO o similar<\/td><\/tr><tr><td class=\"has-text-align-center\" data-align=\"center\">URUBAMBA<\/td><td class=\"has-text-align-center\" data-align=\"center\">1<\/td><td class=\"has-text-align-center\" data-align=\"center\">AVA SPOTS o similar<\/td><\/tr><tr><td class=\"has-text-align-center\" data-align=\"center\">AGUAS CALIENTES<\/td><td class=\"has-text-align-center\" data-align=\"center\">2<\/td><td class=\"has-text-align-center\" data-align=\"center\">HOTEL FERRE MACHU PICCHU \/ INTI PUNKU MACHUPICCHU HOTEL o similar<\/td><\/tr><tr><td class=\"has-text-align-center\" data-align=\"center\">CUSCO<\/td><td class=\"has-text-align-center\" data-align=\"center\">1<\/td><td class=\"has-text-align-center\" data-align=\"center\">HACIENDA CUSCO CENTRO o similar<\/td><\/tr><\/tbody><\/table><\/figure>\n\n\n\n<h5 class=\"wp-block-heading\"><strong>Vuelos:<\/strong><\/h5>\n\n\n\n<h6 class=\"wp-block-heading\">Abril:<\/h6>\n\n\n\n<figure class=\"wp-block-table\"><table class=\"has-fixed-layout\"><tbody><tr><td class=\"has-text-align-center\" data-align=\"center\"><strong>Vuelo<\/strong><\/td><td class=\"has-text-align-center\" data-align=\"center\"><strong>Fecha<\/strong><\/td><td class=\"has-text-align-center\" data-align=\"center\"><strong>Tramo<\/strong><\/td><td class=\"has-text-align-center\" data-align=\"center\"><strong>Hora de despegue<\/strong><\/td><td class=\"has-text-align-center\" data-align=\"center\"><strong>Hora de aterrizaje<\/strong><\/td><\/tr><tr><td class=\"has-text-align-center\" data-align=\"center\">LA2385<\/td><td class=\"has-text-align-center\" data-align=\"center\">13 de Abril<\/td><td class=\"has-text-align-center\" data-align=\"center\">COR \/ LIM<\/td><td class=\"has-text-align-center\" data-align=\"center\">05:10<\/td><td class=\"has-text-align-center\" data-align=\"center\">07:10<\/td><\/tr><tr><td class=\"has-text-align-center\" data-align=\"center\">LA2077<\/td><td class=\"has-text-align-center\" data-align=\"center\">15 de Abril<\/td><td class=\"has-text-align-center\" data-align=\"center\">LIM \/ CUZ<\/td><td class=\"has-text-align-center\" data-align=\"center\">09:45<\/td><td class=\"has-text-align-center\" data-align=\"center\">11:10<\/td><\/tr><tr><td class=\"has-text-align-center\" data-align=\"center\">LA2034<\/td><td class=\"has-text-align-center\" data-align=\"center\">21 de Abril<\/td><td class=\"has-text-align-center\" data-align=\"center\">CUZ \/ LIM<\/td><td class=\"has-text-align-center\" data-align=\"center\">19:40<\/td><td class=\"has-text-align-center\" data-align=\"center\">21:20<\/td><\/tr><tr><td class=\"has-text-align-center\" data-align=\"center\">LA2364<\/td><td class=\"has-text-align-center\" data-align=\"center\">22 de Abril<\/td><td class=\"has-text-align-center\" data-align=\"center\">LIM \/ COR<\/td><td class=\"has-text-align-center\" data-align=\"center\">00:05<\/td><td class=\"has-text-align-center\" data-align=\"center\">05:45<\/td><\/tr><\/tbody><\/table><\/figure>\n\n\n\n<h6 class=\"wp-block-heading\">Mayo:<\/h6>\n\n\n\n<figure class=\"wp-block-table\"><table class=\"has-fixed-layout\"><tbody><tr><td class=\"has-text-align-center\" data-align=\"center\"><strong>Vuelo<\/strong><\/td><td class=\"has-text-align-center\" data-align=\"center\"><strong>Fecha<\/strong><\/td><td class=\"has-text-align-center\" data-align=\"center\"><strong>Tramo<\/strong><\/td><td class=\"has-text-align-center\" data-align=\"center\"><strong>Hora de despegue<\/strong><\/td><td class=\"has-text-align-center\" data-align=\"center\"><strong>Hora de aterrizaje<\/strong><\/td><\/tr><tr><td class=\"has-text-align-center\" data-align=\"center\">LA2365<\/td><td class=\"has-text-align-center\" data-align=\"center\">09 de Mayo<\/td><td class=\"has-text-align-center\" data-align=\"center\">COR \/ LIM<\/td><td class=\"has-text-align-center\" data-align=\"center\">07:45<\/td><td class=\"has-text-align-center\" data-align=\"center\">09:45<\/td><\/tr><tr><td class=\"has-text-align-center\" data-align=\"center\">LA2077<\/td><td class=\"has-text-align-center\" data-align=\"center\">11 de Mayo<\/td><td class=\"has-text-align-center\" data-align=\"center\">LIM \/ CUZ<\/td><td class=\"has-text-align-center\" data-align=\"center\">09:45<\/td><td class=\"has-text-align-center\" data-align=\"center\">11:10<\/td><\/tr><tr><td class=\"has-text-align-center\" data-align=\"center\">LA2277<\/td><td class=\"has-text-align-center\" data-align=\"center\">17 de Mayo<\/td><td class=\"has-text-align-center\" data-align=\"center\">CUZ \/ LIM<\/td><td class=\"has-text-align-center\" data-align=\"center\">18:45<\/td><td class=\"has-text-align-center\" data-align=\"center\">20:25<\/td><\/tr><tr><td class=\"has-text-align-center\" data-align=\"center\">LA2384<\/td><td class=\"has-text-align-center\" data-align=\"center\">17 de Mayo<\/td><td class=\"has-text-align-center\" data-align=\"center\">LIM \/ COR<\/td><td class=\"has-text-align-center\" data-align=\"center\">22:30<\/td><td class=\"has-text-align-center\" data-align=\"center\">04:10 +1<\/td><\/tr><\/tbody><\/table><\/figure>\n\n\n\n<figure class=\"wp-block-table\"><table class=\"has-fixed-layout\"><tbody><tr><td class=\"has-text-align-center\" data-align=\"center\"><strong>Vuelo<\/strong><\/td><td class=\"has-text-align-center\" data-align=\"center\"><strong>Fecha<\/strong><\/td><td class=\"has-text-align-center\" data-align=\"center\"><strong>Tramo<\/strong><\/td><td class=\"has-text-align-center\" data-align=\"center\"><strong>Hora de despegue<\/strong><\/td><td class=\"has-text-align-center\" data-align=\"center\"><strong>Hora de aterrizaje<\/strong><\/td><\/tr><tr><td class=\"has-text-align-center\" data-align=\"center\">LA2385<\/td><td class=\"has-text-align-center\" data-align=\"center\">17 de Mayo<\/td><td class=\"has-text-align-center\" data-align=\"center\">COR \/ LIM<\/td><td class=\"has-text-align-center\" data-align=\"center\">05:10<\/td><td class=\"has-text-align-center\" data-align=\"center\">07:10<\/td><\/tr><tr><td class=\"has-text-align-center\" data-align=\"center\">LA2077<\/td><td class=\"has-text-align-center\" data-align=\"center\">19 de Mayo<\/td><td class=\"has-text-align-center\" data-align=\"center\">LIM \/ CUZ<\/td><td class=\"has-text-align-center\" data-align=\"center\">09:45<\/td><td class=\"has-text-align-center\" data-align=\"center\">11:10<\/td><\/tr><tr><td class=\"has-text-align-center\" data-align=\"center\">LA2218<\/td><td class=\"has-text-align-center\" data-align=\"center\">25 de Mayo<\/td><td class=\"has-text-align-center\" data-align=\"center\">CUZ \/ LIM<\/td><td class=\"has-text-align-center\" data-align=\"center\">20:15<\/td><td class=\"has-text-align-center\" data-align=\"center\">21:55<\/td><\/tr><tr><td class=\"has-text-align-center\" data-align=\"center\">LA2364<\/td><td class=\"has-text-align-center\" data-align=\"center\">26 de Mayo<\/td><td class=\"has-text-align-center\" data-align=\"center\">LIM \/ COR<\/td><td class=\"has-text-align-center\" data-align=\"center\">00:05<\/td><td class=\"has-text-align-center\" data-align=\"center\">05:45<\/td><\/tr><\/tbody><\/table><\/figure>\n\n\n\n<h6 class=\"wp-block-heading\">Salida 24 de Mayo desde Buenos Aires:<\/h6>\n\n\n\n<figure class=\"wp-block-table\"><table class=\"has-fixed-layout\"><tbody><tr><td class=\"has-text-align-center\" data-align=\"center\"><strong>Vuelo<\/strong><\/td><td class=\"has-text-align-center\" data-align=\"center\"><strong>Fecha<\/strong><\/td><td class=\"has-text-align-center\" data-align=\"center\"><strong>Tramo<\/strong><\/td><td class=\"has-text-align-center\" data-align=\"center\"><strong>Hora de despegue<\/strong><\/td><td class=\"has-text-align-center\" data-align=\"center\"><strong>Hora de aterrizaje<\/strong><\/td><\/tr><tr><td class=\"has-text-align-center\" data-align=\"center\">LA2464<\/td><td class=\"has-text-align-center\" data-align=\"center\">24 de Mayo<\/td><td class=\"has-text-align-center\" data-align=\"center\">AEP \/ LIM<\/td><td class=\"has-text-align-center\" data-align=\"center\">08:40<\/td><td class=\"has-text-align-center\" data-align=\"center\">11:25<\/td><\/tr><tr><td class=\"has-text-align-center\" data-align=\"center\">LA2077<\/td><td class=\"has-text-align-center\" data-align=\"center\">26 de Mayo<\/td><td class=\"has-text-align-center\" data-align=\"center\">LIM \/ CUZ<\/td><td class=\"has-text-align-center\" data-align=\"center\">09:45<\/td><td class=\"has-text-align-center\" data-align=\"center\">11:10<\/td><\/tr><tr><td class=\"has-text-align-center\" data-align=\"center\">LA2049<\/td><td class=\"has-text-align-center\" data-align=\"center\">1 de Junio<\/td><td class=\"has-text-align-center\" data-align=\"center\">CUZ \/ LIM<\/td><td class=\"has-text-align-center\" data-align=\"center\">22:00<\/td><td class=\"has-text-align-center\" data-align=\"center\">23:40<\/td><\/tr><tr><td class=\"has-text-align-center\" data-align=\"center\">LA2445<\/td><td class=\"has-text-align-center\" data-align=\"center\">2 de Junio<\/td><td class=\"has-text-align-center\" data-align=\"center\">LIM \/ AEP<\/td><td class=\"has-text-align-center\" data-align=\"center\">01:15<\/td><td class=\"has-text-align-center\" data-align=\"center\">07:40<\/td><\/tr><\/tbody><\/table><\/figure>\n\n\n\n<p>1 C\u00d3RDOBA O BUENOS AIRES \/ LIMA<\/p>\n\n\n\n<p>A la hora establecida, presentaci\u00f3n en el Aeropuerto Internacional Ingeniero Ambrosio Taravella de la Ciudad de C\u00f3rdoba o en el aeropuerto Aeroparque de la ciudad de Buenos Aires y luego de tr\u00e1mites migratorios, partida en vuelo internacional. Llegada al aeropuerto de Lima y traslado al hotel. La capital peruana es una metr\u00f3poli moderna y llena de historia, que actualmente atraviesa un emocionante proceso de cambios culturales y econ\u00f3micos.<\/p>\n\n\n\n<p>2 LIMA (Desayuno)<\/p>\n\n\n\n<p>Desayuno. El gu\u00eda local nos recoger\u00e1 para explorar el casco antiguo de Lima, Comenzar\u00e1 visitando la Casa Aliaga, una mansi\u00f3n colonial con m\u00e1s de 5 siglos de historia, considerada la casa m\u00e1s antigua de Am\u00e9rica. A continuaci\u00f3n, explorar\u00e1 la Plaza Mayor, reconocida como Patrimonio de la Humanidad por la UNESCO, donde podr\u00e1 visitar la imponente Catedral de Lima. Por \u00faltimo, visitar\u00e1 el Museo Larco, situado en el tradicional distrito de Pueblo Libre. El museo cuenta con una amplia colecci\u00f3n de objetos prehisp\u00e1nicos de oro y plata y una selecci\u00f3n de piezas de arte er\u00f3tico, aqu\u00ed, usted tendr\u00e1 la oportunidad de sumergirse en m\u00e1s de 5.000 a\u00f1os de historia antigua del Per\u00fa.<\/p>\n\n\n\n<p>3 LIMA \/ CUSCO (Desayuno)<\/p>\n\n\n\n<p>Desayuno. Traslado al aeropuerto de Lima con destino a Cusco. Llegada a la Ciudad Imperial y traslado hasta tu hotel. Por la tarde disfrutaremos de una visita guiada por esta encantadora ciudad, que fue la capital del Imperio Inca. visitar\u00e1 el Convento de Santo Domingo, situado en el antiguo templo de Coricancha. A continuaci\u00f3n, conocer\u00e1 la Catedral Bas\u00edlica de la Virgen de la Asunci\u00f3n, el templo principal de Cusco. Posteriormente, explorar\u00e1 las colinas cusque\u00f1as, comenzando por la Fortaleza de Sacsayhuam\u00e1n, para luego recorrer el complejo arqueol\u00f3gico de Qenqo. Continuar\u00e1 con una visita al complejo arquitect\u00f3nico militar de Puca Pucar\u00e1 y a las ruinas de Tambomachay, tambi\u00e9n conocido como el Ba\u00f1o del Inca. Tras finalizar, regreso al hotel. Alojamiento.<\/p>\n\n\n\n<p>4 CUSCO (Desayuno)<\/p>\n\n\n\n<p>Desayuno. Nos dirigiremos a trav\u00e9s del Valle Sagrado al sitio arqueol\u00f3gico de Moray, conocido por sus misteriosos andenes circulares conc\u00e9ntricos que poseen diferentes microclimas. Luego, continuar\u00e1 hacia Maras, donde se encuentran las hist\u00f3ricas minas de sal precolombinas que contin\u00faan en funcionamiento hasta hoy, creando un escenario deslumbrante con sus lagunas de sal. Regreso al hotel. Alojamiento.<\/p>\n\n\n\n<p>5 CUSCO \/ VALLE SAGRADO (Media pensi\u00f3n sin bebidas)<\/p>\n\n\n\n<p>Desayuno. Durante la ma\u00f1ana recorreremos el pintoresco pueblo de Chinchero. All\u00ed visitaremos sus impresionantes andenes agr\u00edcolas y la iglesia del siglo XVII, construida sobre un antiguo palacio inca. Luego, haremos una parada en un mirador para disfrutar de los paisajes del Valle Sagrado. Continuaremos con la visita al Museo Vivo de Yucay, donde podr\u00e1 ver la creaci\u00f3n de textiles, cer\u00e1mica y plater\u00eda utilizando t\u00e9cnicas ancestrales. Disfrutar\u00e1 de un almuerzo t\u00edpico en el Valle Sagrado. Despu\u00e9s, visitaremos la Fortaleza de Ollantaytambo, un importante centro ceremonial con terrazas agr\u00edcolas que se extienden por las monta\u00f1as. Al finalizar, regreso al hotel. Alojamiento.<\/p>\n\n\n\n<p>6 VALLE SAGRADO \/ MACHU PICCHU \/ AGUAS CALIENTES \u2013 TREN EXPEDITION (Media pensi\u00f3n sin bebidas)<\/p>\n\n\n\n<p>Desayuno. A la hora establecida lo trasladar\u00e1n a la estaci\u00f3n de Ollantaytambo. El gu\u00eda lo asistir\u00e1 en la estaci\u00f3n de trenes. Su recorrido hacia Machu Picchu empezar\u00e1 con un viaje en tren hasta el pueblo de Aguas Calientes. Tras un corto viaje llegar\u00e1 a Machu Picchu, una obra maestra de la ingenier\u00eda y arquitectura que se cree sirvi\u00f3 como un santuario y residencia de descanso para el Inca Pachac\u00fatec. Machu Picchu, que significa \u00abmonta\u00f1a vieja\u00bb, es considerado Patrimonio de la Humanidad seg\u00fan la UNESCO, y una de las nuevas 7 maravillas del mundo. Al finalizar el recorrido retornar\u00e1 en bus a Aguas Calientes. Podr\u00e1 disfrutar de tiempo libre por la tarde. Alojamiento.&nbsp;<strong><em>*En todos los servicios de tren a Machu Picchu, el pasajero podr\u00e1 llevar consigo en el tren hac\u00eda\/de Machu Picchu \u00fanicamente equipaje de mano (mochila o bolso) con un peso no mayor a 5kg.&nbsp;<\/em><\/strong><\/p>\n\n\n\n<p>7 AGUAS CALIENTES (Desayuno)<\/p>\n\n\n\n<p>Desayuno y d\u00eda libre para disfrutar de las aguas termales de Aguas Calientes o tendr\u00e1 la opci\u00f3n de regresar a Machu Picchu para explorar las atracciones adicionales que ofrece la ciudadela. Alojamiento.<\/p>\n\n\n\n<p>8 AGUAS CALIENTES \/ CUSCO (Desayuno)<\/p>\n\n\n\n<p>Desayuno. Disfrutar\u00e1 de una tranquila ma\u00f1ana libre en Aguas Calientes. Le recomendamos levantarse temprano para contemplar el amanecer sobre la monta\u00f1a, una experiencia verdaderamente inolvidable. Por la tarde, iniciar\u00e1 su regreso a Cusco. Despu\u00e9s de su viaje en tren de Aguas Calientes a Ollantaytambo, un transporte los estar\u00e1 esperando en la estaci\u00f3n de tren para llevarlos al hotel.<\/p>\n\n\n\n<p>9 CUSCO \/ C\u00d3RDOBA O BUENOS AIRES (Desayuno)<\/p>\n\n\n\n<p>Desayuno. Ma\u00f1ana libre y a la hora indicada traslado al aeropuerto internacional de Cusco para tomar vuelo con destino final C\u00f3rdoba o Buenos Aires, v\u00eda Lima.<\/p>\n\n\n\n<p>10 C\u00d3RDOBA O BUENOS AIRES<\/p>\n\n\n\n<p>En horas de la ma\u00f1ana, arrib\u00f3 al Aeropuerto Internacional Ingeniero Ambrosio Taravella de la Ciudad de C\u00f3rdoba.&nbsp;<strong>FIN DE NUESTROS SERVICIOS.<\/strong><\/p>\n\n\n\n<p><\/p>\n\n\n\n<p><strong>13 de Abril del 2027   USD2585 POR PERSONA EN BASE DOBLE <\/strong><\/p>\n\n\n\n<p><strong>09 de Mayo de 2027  USD2649POR PERSONA EN BASE DOBLE <\/strong><\/p>\n\n\n\n<p><strong>17 de Mayo del 2027 USD2595 POR PERSONA EN BASE DOBLE <\/strong><\/p>\n\n\n\n<p><strong>24 de Mayo del 2027 desde Buenos Aires  USD2530POR PERSONA EN BASE DOBLE<\/strong><\/p>\n\n\n\n<p>*Consultar adicional de\u00a0<strong>Asistencia al viajero<\/strong>\u00a0para mayores de 70 a\u00f1os.<\/p>\n\n\n\n<p><strong>T\u00c9RMINOS Y CONDICIONES<\/strong>Tarifas en d\u00f3lares por persona, sujetas a cambios sin previo aviso y a disponibilidad al momento de la confirmaci\u00f3n de la reserva. Conozca nuestra financiaci\u00f3n. Tarifas no incluyen: gastos de reserva, gastos administrativos, e impuesto&nbsp;R.G. 5.617\/24. Cupos a\u00e9reos una vez reservados y confirmados no se permiten cambios ni devoluciones. Pago en pesos al cambio del d\u00eda de referencia de la empresa al momento de realizar el pago total de los servicios. INFORMACI\u00d3N EXCLUSIVA PARA AGENCIAS DE VIAJES.<\/p>\n\n\n\n<p>JAZ<\/p>\n","protected":false},"excerpt":{"rendered":"<p>Piedra sobre piedra, el sue\u00f1o de los Andes se levanta intocable ante el tiempo<\/p>\n","protected":false},"author":2,"featured_media":845,"comment_status":"closed","ping_status":"open","sticky":false,"template":"","format":"standard","meta":{"_acf_changed":false,"footnotes":""},"categories":[5,871],"tags":[853,329,136,67],"class_list":["post-157523","post","type-post","status-publish","format-standard","has-post-thumbnail","hentry","category-paquetes","category-salidas-grupales","tag-853","tag-cuzco","tag-machu-pichu","tag-peru","category-5","category-871","description-off"],"acf":[],"yoast_head":"<!-- This site is optimized with the Yoast SEO plugin v28.4 - https:\/\/yoast.com\/product\/yoast-seo-wordpress\/ -->\n<title>Maravillas del Per\u00fa-2027 - Basa<\/title>\n<meta name=\"robots\" content=\"index, follow, max-snippet:-1, max-image-preview:large, max-video-preview:-1\" \/>\n<link rel=\"canonical\" href=\"https:\/\/basaworldtravel.com.ar\/sitio\/2026\/08\/maravillas-del-peru-2027\/\" \/>\n<meta property=\"og:locale\" content=\"es_ES\" \/>\n<meta property=\"og:type\" content=\"article\" \/>\n<meta property=\"og:title\" content=\"Maravillas del Per\u00fa-2027 - Basa\" \/>\n<meta property=\"og:description\" content=\"Piedra sobre piedra, el sue\u00f1o de los Andes se levanta intocable ante el tiempo\" \/>\n<meta property=\"og:url\" content=\"https:\/\/basaworldtravel.com.ar\/sitio\/2026\/08\/maravillas-del-peru-2027\/\" \/>\n<meta property=\"og:site_name\" content=\"Basa\" \/>\n<meta property=\"article:published_time\" content=\"2026-08-24T15:37:18+00:00\" \/>\n<meta property=\"article:modified_time\" content=\"2026-08-24T16:19:58+00:00\" \/>\n<meta property=\"og:image\" content=\"https:\/\/basaworldtravel.com.ar\/sitio\/wp-content\/uploads\/2022\/01\/Machu-Pichu.jpg\" \/>\n\t<meta property=\"og:image:width\" content=\"976\" \/>\n\t<meta property=\"og:image:height\" content=\"549\" \/>\n\t<meta property=\"og:image:type\" content=\"image\/jpeg\" \/>\n<meta name=\"author\" content=\"BasaWeb\" \/>\n<meta name=\"twitter:card\" content=\"summary_large_image\" \/>\n<meta name=\"twitter:label1\" content=\"Escrito por\" \/>\n\t<meta name=\"twitter:data1\" content=\"BasaWeb\" \/>\n\t<meta name=\"twitter:label2\" content=\"Tiempo de lectura\" \/>\n\t<meta name=\"twitter:data2\" content=\"7 minutos\" \/>\n<script type=\"application\/ld+json\" class=\"yoast-schema-graph\">{\"@context\":\"https:\\\/\\\/schema.org\",\"@graph\":[{\"@type\":\"Article\",\"@id\":\"https:\\\/\\\/basaworldtravel.com.ar\\\/sitio\\\/2026\\\/08\\\/maravillas-del-peru-2027\\\/#article\",\"isPartOf\":{\"@id\":\"https:\\\/\\\/basaworldtravel.com.ar\\\/sitio\\\/2026\\\/08\\\/maravillas-del-peru-2027\\\/\"},\"author\":{\"name\":\"BasaWeb\",\"@id\":\"https:\\\/\\\/basaworldtravel.com.ar\\\/sitio\\\/#\\\/schema\\\/person\\\/d89b1d641794d338c41cd3818beabd4c\"},\"headline\":\"Maravillas del Per\u00fa-2027\",\"datePublished\":\"2026-08-24T15:37:18+00:00\",\"dateModified\":\"2026-08-24T16:19:58+00:00\",\"mainEntityOfPage\":{\"@id\":\"https:\\\/\\\/basaworldtravel.com.ar\\\/sitio\\\/2026\\\/08\\\/maravillas-del-peru-2027\\\/\"},\"wordCount\":1458,\"image\":{\"@id\":\"https:\\\/\\\/basaworldtravel.com.ar\\\/sitio\\\/2026\\\/08\\\/maravillas-del-peru-2027\\\/#primaryimage\"},\"thumbnailUrl\":\"https:\\\/\\\/basaworldtravel.com.ar\\\/sitio\\\/wp-content\\\/uploads\\\/2022\\\/01\\\/Machu-Pichu.jpg\",\"keywords\":[\"2027\",\"CUZCO\",\"machu pichu\",\"PERU\"],\"articleSection\":[\"Paquetes\",\"Salidas Grupales\"],\"inLanguage\":\"es\"},{\"@type\":\"WebPage\",\"@id\":\"https:\\\/\\\/basaworldtravel.com.ar\\\/sitio\\\/2026\\\/08\\\/maravillas-del-peru-2027\\\/\",\"url\":\"https:\\\/\\\/basaworldtravel.com.ar\\\/sitio\\\/2026\\\/08\\\/maravillas-del-peru-2027\\\/\",\"name\":\"Maravillas del Per\u00fa-2027 - Basa\",\"isPartOf\":{\"@id\":\"https:\\\/\\\/basaworldtravel.com.ar\\\/sitio\\\/#website\"},\"primaryImageOfPage\":{\"@id\":\"https:\\\/\\\/basaworldtravel.com.ar\\\/sitio\\\/2026\\\/08\\\/maravillas-del-peru-2027\\\/#primaryimage\"},\"image\":{\"@id\":\"https:\\\/\\\/basaworldtravel.com.ar\\\/sitio\\\/2026\\\/08\\\/maravillas-del-peru-2027\\\/#primaryimage\"},\"thumbnailUrl\":\"https:\\\/\\\/basaworldtravel.com.ar\\\/sitio\\\/wp-content\\\/uploads\\\/2022\\\/01\\\/Machu-Pichu.jpg\",\"datePublished\":\"2026-08-24T15:37:18+00:00\",\"dateModified\":\"2026-08-24T16:19:58+00:00\",\"author\":{\"@id\":\"https:\\\/\\\/basaworldtravel.com.ar\\\/sitio\\\/#\\\/schema\\\/person\\\/d89b1d641794d338c41cd3818beabd4c\"},\"breadcrumb\":{\"@id\":\"https:\\\/\\\/basaworldtravel.com.ar\\\/sitio\\\/2026\\\/08\\\/maravillas-del-peru-2027\\\/#breadcrumb\"},\"inLanguage\":\"es\",\"potentialAction\":[{\"@type\":\"ReadAction\",\"target\":[\"https:\\\/\\\/basaworldtravel.com.ar\\\/sitio\\\/2026\\\/08\\\/maravillas-del-peru-2027\\\/\"]}]},{\"@type\":\"ImageObject\",\"inLanguage\":\"es\",\"@id\":\"https:\\\/\\\/basaworldtravel.com.ar\\\/sitio\\\/2026\\\/08\\\/maravillas-del-peru-2027\\\/#primaryimage\",\"url\":\"https:\\\/\\\/basaworldtravel.com.ar\\\/sitio\\\/wp-content\\\/uploads\\\/2022\\\/01\\\/Machu-Pichu.jpg\",\"contentUrl\":\"https:\\\/\\\/basaworldtravel.com.ar\\\/sitio\\\/wp-content\\\/uploads\\\/2022\\\/01\\\/Machu-Pichu.jpg\",\"width\":976,\"height\":549},{\"@type\":\"BreadcrumbList\",\"@id\":\"https:\\\/\\\/basaworldtravel.com.ar\\\/sitio\\\/2026\\\/08\\\/maravillas-del-peru-2027\\\/#breadcrumb\",\"itemListElement\":[{\"@type\":\"ListItem\",\"position\":1,\"name\":\"Portada\",\"item\":\"https:\\\/\\\/basaworldtravel.com.ar\\\/sitio\\\/\"},{\"@type\":\"ListItem\",\"position\":2,\"name\":\"Maravillas del Per\u00fa-2027\"}]},{\"@type\":\"WebSite\",\"@id\":\"https:\\\/\\\/basaworldtravel.com.ar\\\/sitio\\\/#website\",\"url\":\"https:\\\/\\\/basaworldtravel.com.ar\\\/sitio\\\/\",\"name\":\"Basa\",\"description\":\"World Travel\",\"potentialAction\":[{\"@type\":\"SearchAction\",\"target\":{\"@type\":\"EntryPoint\",\"urlTemplate\":\"https:\\\/\\\/basaworldtravel.com.ar\\\/sitio\\\/?s={search_term_string}\"},\"query-input\":{\"@type\":\"PropertyValueSpecification\",\"valueRequired\":true,\"valueName\":\"search_term_string\"}}],\"inLanguage\":\"es\"},{\"@type\":\"Person\",\"@id\":\"https:\\\/\\\/basaworldtravel.com.ar\\\/sitio\\\/#\\\/schema\\\/person\\\/d89b1d641794d338c41cd3818beabd4c\",\"name\":\"BasaWeb\",\"image\":{\"@type\":\"ImageObject\",\"inLanguage\":\"es\",\"@id\":\"https:\\\/\\\/secure.gravatar.com\\\/avatar\\\/13e699648957af0aba903942fee2a1fc533d92bcd43fcf375a4df1edc2708698?s=96&d=mm&r=g\",\"url\":\"https:\\\/\\\/secure.gravatar.com\\\/avatar\\\/13e699648957af0aba903942fee2a1fc533d92bcd43fcf375a4df1edc2708698?s=96&d=mm&r=g\",\"contentUrl\":\"https:\\\/\\\/secure.gravatar.com\\\/avatar\\\/13e699648957af0aba903942fee2a1fc533d92bcd43fcf375a4df1edc2708698?s=96&d=mm&r=g\",\"caption\":\"BasaWeb\"},\"url\":\"https:\\\/\\\/basaworldtravel.com.ar\\\/sitio\\\/author\\\/basaweb\\\/\"}]}<\/script>\n<!-- \/ Yoast SEO plugin. -->","yoast_head_json":{"title":"Maravillas del Per\u00fa-2027 - Basa","robots":{"index":"index","follow":"follow","max-snippet":"max-snippet:-1","max-image-preview":"max-image-preview:large","max-video-preview":"max-video-preview:-1"},"canonical":"https:\/\/basaworldtravel.com.ar\/sitio\/2026\/08\/maravillas-del-peru-2027\/","og_locale":"es_ES","og_type":"article","og_title":"Maravillas del Per\u00fa-2027 - Basa","og_description":"Piedra sobre piedra, el sue\u00f1o de los Andes se levanta intocable ante el tiempo","og_url":"https:\/\/basaworldtravel.com.ar\/sitio\/2026\/08\/maravillas-del-peru-2027\/","og_site_name":"Basa","article_published_time":"2026-08-24T15:37:18+00:00","article_modified_time":"2026-08-24T16:19:58+00:00","og_image":[{"width":976,"height":549,"url":"https:\/\/basaworldtravel.com.ar\/sitio\/wp-content\/uploads\/2022\/01\/Machu-Pichu.jpg","type":"image\/jpeg"}],"author":"BasaWeb","twitter_card":"summary_large_image","twitter_misc":{"Escrito por":"BasaWeb","Tiempo de lectura":"7 minutos"},"schema":{"@context":"https:\/\/schema.org","@graph":[{"@type":"Article","@id":"https:\/\/basaworldtravel.com.ar\/sitio\/2026\/08\/maravillas-del-peru-2027\/#article","isPartOf":{"@id":"https:\/\/basaworldtravel.com.ar\/sitio\/2026\/08\/maravillas-del-peru-2027\/"},"author":{"name":"BasaWeb","@id":"https:\/\/basaworldtravel.com.ar\/sitio\/#\/schema\/person\/d89b1d641794d338c41cd3818beabd4c"},"headline":"Maravillas del Per\u00fa-2027","datePublished":"2026-08-24T15:37:18+00:00","dateModified":"2026-08-24T16:19:58+00:00","mainEntityOfPage":{"@id":"https:\/\/basaworldtravel.com.ar\/sitio\/2026\/08\/maravillas-del-peru-2027\/"},"wordCount":1458,"image":{"@id":"https:\/\/basaworldtravel.com.ar\/sitio\/2026\/08\/maravillas-del-peru-2027\/#primaryimage"},"thumbnailUrl":"https:\/\/basaworldtravel.com.ar\/sitio\/wp-content\/uploads\/2022\/01\/Machu-Pichu.jpg","keywords":["2027","CUZCO","machu pichu","PERU"],"articleSection":["Paquetes","Salidas Grupales"],"inLanguage":"es"},{"@type":"WebPage","@id":"https:\/\/basaworldtravel.com.ar\/sitio\/2026\/08\/maravillas-del-peru-2027\/","url":"https:\/\/basaworldtravel.com.ar\/sitio\/2026\/08\/maravillas-del-peru-2027\/","name":"Maravillas del Per\u00fa-2027 - Basa","isPartOf":{"@id":"https:\/\/basaworldtravel.com.ar\/sitio\/#website"},"primaryImageOfPage":{"@id":"https:\/\/basaworldtravel.com.ar\/sitio\/2026\/08\/maravillas-del-peru-2027\/#primaryimage"},"image":{"@id":"https:\/\/basaworldtravel.com.ar\/sitio\/2026\/08\/maravillas-del-peru-2027\/#primaryimage"},"thumbnailUrl":"https:\/\/basaworldtravel.com.ar\/sitio\/wp-content\/uploads\/2022\/01\/Machu-Pichu.jpg","datePublished":"2026-08-24T15:37:18+00:00","dateModified":"2026-08-24T16:19:58+00:00","author":{"@id":"https:\/\/basaworldtravel.com.ar\/sitio\/#\/schema\/person\/d89b1d641794d338c41cd3818beabd4c"},"breadcrumb":{"@id":"https:\/\/basaworldtravel.com.ar\/sitio\/2026\/08\/maravillas-del-peru-2027\/#breadcrumb"},"inLanguage":"es","potentialAction":[{"@type":"ReadAction","target":["https:\/\/basaworldtravel.com.ar\/sitio\/2026\/08\/maravillas-del-peru-2027\/"]}]},{"@type":"ImageObject","inLanguage":"es","@id":"https:\/\/basaworldtravel.com.ar\/sitio\/2026\/08\/maravillas-del-peru-2027\/#primaryimage","url":"https:\/\/basaworldtravel.com.ar\/sitio\/wp-content\/uploads\/2022\/01\/Machu-Pichu.jpg","contentUrl":"https:\/\/basaworldtravel.com.ar\/sitio\/wp-content\/uploads\/2022\/01\/Machu-Pichu.jpg","width":976,"height":549},{"@type":"BreadcrumbList","@id":"https:\/\/basaworldtravel.com.ar\/sitio\/2026\/08\/maravillas-del-peru-2027\/#breadcrumb","itemListElement":[{"@type":"ListItem","position":1,"name":"Portada","item":"https:\/\/basaworldtravel.com.ar\/sitio\/"},{"@type":"ListItem","position":2,"name":"Maravillas del Per\u00fa-2027"}]},{"@type":"WebSite","@id":"https:\/\/basaworldtravel.com.ar\/sitio\/#website","url":"https:\/\/basaworldtravel.com.ar\/sitio\/","name":"Basa","description":"World Travel","potentialAction":[{"@type":"SearchAction","target":{"@type":"EntryPoint","urlTemplate":"https:\/\/basaworldtravel.com.ar\/sitio\/?s={search_term_string}"},"query-input":{"@type":"PropertyValueSpecification","valueRequired":true,"valueName":"search_term_string"}}],"inLanguage":"es"},{"@type":"Person","@id":"https:\/\/basaworldtravel.com.ar\/sitio\/#\/schema\/person\/d89b1d641794d338c41cd3818beabd4c","name":"BasaWeb","image":{"@type":"ImageObject","inLanguage":"es","@id":"https:\/\/secure.gravatar.com\/avatar\/13e699648957af0aba903942fee2a1fc533d92bcd43fcf375a4df1edc2708698?s=96&d=mm&r=g","url":"https:\/\/secure.gravatar.com\/avatar\/13e699648957af0aba903942fee2a1fc533d92bcd43fcf375a4df1edc2708698?s=96&d=mm&r=g","contentUrl":"https:\/\/secure.gravatar.com\/avatar\/13e699648957af0aba903942fee2a1fc533d92bcd43fcf375a4df1edc2708698?s=96&d=mm&r=g","caption":"BasaWeb"},"url":"https:\/\/basaworldtravel.com.ar\/sitio\/author\/basaweb\/"}]}},"_links":{"self":[{"href":"https:\/\/basaworldtravel.com.ar\/sitio\/wp-json\/wp\/v2\/posts\/157523","targetHints":{"allow":["GET"]}}],"collection":[{"href":"https:\/\/basaworldtravel.com.ar\/sitio\/wp-json\/wp\/v2\/posts"}],"about":[{"href":"https:\/\/basaworldtravel.com.ar\/sitio\/wp-json\/wp\/v2\/types\/post"}],"author":[{"embeddable":true,"href":"https:\/\/basaworldtravel.com.ar\/sitio\/wp-json\/wp\/v2\/users\/2"}],"replies":[{"embeddable":true,"href":"https:\/\/basaworldtravel.com.ar\/sitio\/wp-json\/wp\/v2\/comments?post=157523"}],"version-history":[{"count":2,"href":"https:\/\/basaworldtravel.com.ar\/sitio\/wp-json\/wp\/v2\/posts\/157523\/revisions"}],"predecessor-version":[{"id":157526,"href":"https:\/\/basaworldtravel.com.ar\/sitio\/wp-json\/wp\/v2\/posts\/157523\/revisions\/157526"}],"wp:featuredmedia":[{"embeddable":true,"href":"https:\/\/basaworldtravel.com.ar\/sitio\/wp-json\/wp\/v2\/media\/845"}],"wp:attachment":[{"href":"https:\/\/basaworldtravel.com.ar\/sitio\/wp-json\/wp\/v2\/media?parent=157523"}],"wp:term":[{"taxonomy":"category","embeddable":true,"href":"https:\/\/basaworldtravel.com.ar\/sitio\/wp-json\/wp\/v2\/categories?post=157523"},{"taxonomy":"post_tag","embeddable":true,"href":"https:\/\/basaworldtravel.com.ar\/sitio\/wp-json\/wp\/v2\/tags?post=157523"}],"curies":[{"name":"wp","href":"https:\/\/api.w.org\/{rel}","templated":true}]}}