{"id":157510,"date":"2026-08-24T09:56:56","date_gmt":"2026-08-24T12:56:56","guid":{"rendered":"https:\/\/basaworldtravel.com.ar\/?p=157510"},"modified":"2026-08-24T09:59:11","modified_gmt":"2026-08-24T12:59:11","slug":"mar-del-plata-3-verano-2027","status":"publish","type":"post","link":"https:\/\/basaworldtravel.com.ar\/sitio\/2026\/08\/mar-del-plata-3-verano-2027\/","title":{"rendered":"MAR DEL PLATA 3- VERANO 2027"},"content":{"rendered":"\n<p>Salidas enero y febrero 2027<\/p>\n\n\n\n<p>Salidas Especiales Domingos de Enero &amp; Febrero 2027 seg\u00fan diagrama. <\/p>\n\n\n\n<p>Coordinador solamente en viaje. Incluye servicio a bordo Standard<br>SERVICIO A MAR DEL PLATA<\/p>\n\n\n\n<p>Bus Charter MIX (Semicama\/Ejecutivo). Adicional Butaca EJECUTIVA $ 100.000 <\/p>\n\n\n\n<p>07 noches de alojamiento (seg\u00fan programa elegido) en Mar del Plata. <\/p>\n\n\n\n<p>Incluye Seguro de Asistencia al Viajero Nacional sin l\u00edmite de edad<\/p>\n\n\n\n<p><\/p>\n\n\n\n<p><strong>Hotel Lebet<\/strong> \u2605\u2605 www.hotel-lebet.com.ar &#8211; Desayuno <\/p>\n\n\n\n<p>Salidas 03\/10\/17\/24  Enero $570.000 por persona en base doble\/triple <\/p>\n\n\n\n<p>Salidas 31-Ene \/ 07\/14\/21 Febrero $530.000 por persona en base doble\/triple <\/p>\n\n\n\n<p><strong>Observaciones<\/strong>: Adicional Media Pension $325.000 por pasajero &#8211; 07 cenas men\u00fa media carta en restaurante externo Montecatini, sin bebidas.<\/p>\n\n\n\n<p><\/p>\n\n\n\n<p><strong>Gran Hotel Skorpios <\/strong>\u2605\u2605\u2605 Sup http:\/\/www.hotelskorpios.com.ar\/  Desayuno Buffet Premium -EXCELENTE DESAYUNO EN EL HOTEL DE ELAVORACION PROPIA<\/p>\n\n\n\n<p>Salidas 03\/10\/17\/24 Enero $780.000 por persona en base doble\/triple<\/p>\n\n\n\n<p>Salidas 31-Ene \/ 07\/14\/21 Febrero $750.000 por persona en base doble\/triple<\/p>\n\n\n\n<p><strong>Observaciones<\/strong>: Adicional Media Pension  $ 325.000 por pasajero (07 cenas men\u00fa media carta en restaurante externo Montecatini, sin bebidas)<\/p>\n\n\n\n<p>El hotel cuenta con habitaciones cu\u00e1druples comunicadas con ba\u00f1o privado en cada una, se vende como dos dobles.<\/p>\n\n\n\n<p><\/p>\n\n\n\n<p><strong>Hotel Guerrero<\/strong> \u2605\u2605\u2605 Sup http:\/\/www.hotelguerrero.com.ar\/  Desayuno <\/p>\n\n\n\n<p>Salidas 03\/10\/17\/24 Enero $970.000 por persona en base doble<\/p>\n\n\n\n<p>Salidas 31-Ene \/  $750.000 por persona en base doble<\/p>\n\n\n\n<p>07\/14\/21 Febrero $890.000 por persona en base doble <\/p>\n\n\n\n<p><\/p>\n\n\n\n<p><strong>Observaciones<\/strong>: Adicional MAP $ 325.000 por pax (07 cenas men\u00fa fijo en restaurante del Hotel, sin bebidas)<\/p>\n\n\n\n<p><\/p>\n\n\n\n<p>Observaciones:<br>\uf084 Regresos desde Mar del Plata programados a partir de las 11.00 hs. \/ NO INCLUYE Late Check Out.<br>\uf084 Se aconseja informar correctamente a los pasajeros sobre la larga duraci\u00f3n de los recorridos terrestres.<br>\uf084 Se exige documentaci\u00f3n en regla para el embarque, sin excepci\u00f3n.<br>\uf084 Valores de excursiones opcionales son de referencia y est\u00e1n sujetas a variaciones sin previo aviso y cada prestador.<br>\uf084 Se debe informar al pasajero que los servicios no garantizan horarios de regreso acordes a cada exigencia personal.<\/p>\n\n\n\n<p><\/p>\n\n\n\n<p>Condiciones Menores:<br>\uf084 INFOA Menor de 0 a 3 a\u00f1os inclusive sin cargo sin servicio, s\u00f3lo abona seguro (compartiendo habitaci\u00f3n con m\u00ednimo de 2 Adultos<br>pagantes).<br>\uf084 S\u00f3lo 1 INFOA. 4 a\u00f1os cumplidos (o seg\u00fan establecimiento seleccionado), abona como Adulto el 100% de la Tarifa.<br>\uf084 Valor de solo butaca semicama para menores de 0 a 3 a\u00f1os $180.000 . Consultar antes de ingresar la reserva.<br>\uf084 Seguro de Asistencia Nacional para INFOA $30.000 <\/p>\n\n\n\n<p>stl<\/p>\n","protected":false},"excerpt":{"rendered":"<p>Disfrut\u00e1 de sus cl\u00e1sicos balnearios, camin\u00e1 por la rambla, descubr\u00ed su amplia propuesta gastron\u00f3mica <\/p>\n","protected":false},"author":2,"featured_media":228,"comment_status":"closed","ping_status":"open","sticky":false,"template":"","format":"standard","meta":{"_acf_changed":false,"footnotes":""},"categories":[6,5],"tags":[853,16,50,121,24],"class_list":["post-157510","post","type-post","status-publish","format-standard","has-post-thumbnail","hentry","category-argentina","category-paquetes","tag-853","tag-argentina","tag-mar-del-plata","tag-playa","tag-verano","category-6","category-5","description-off"],"acf":[],"yoast_head":"<!-- This site is optimized with the Yoast SEO plugin v28.4 - https:\/\/yoast.com\/product\/yoast-seo-wordpress\/ -->\n<title>MAR DEL PLATA 3- VERANO 2027 - Basa<\/title>\n<meta name=\"robots\" content=\"index, follow, max-snippet:-1, max-image-preview:large, max-video-preview:-1\" \/>\n<link rel=\"canonical\" href=\"https:\/\/basaworldtravel.com.ar\/sitio\/2026\/08\/mar-del-plata-3-verano-2027\/\" \/>\n<meta property=\"og:locale\" content=\"es_ES\" \/>\n<meta property=\"og:type\" content=\"article\" \/>\n<meta property=\"og:title\" content=\"MAR DEL PLATA 3- VERANO 2027 - Basa\" \/>\n<meta property=\"og:description\" content=\"Disfrut\u00e1 de sus cl\u00e1sicos balnearios, camin\u00e1 por la rambla, descubr\u00ed su amplia propuesta gastron\u00f3mica\" \/>\n<meta property=\"og:url\" content=\"https:\/\/basaworldtravel.com.ar\/sitio\/2026\/08\/mar-del-plata-3-verano-2027\/\" \/>\n<meta property=\"og:site_name\" content=\"Basa\" \/>\n<meta property=\"article:published_time\" content=\"2026-08-24T12:56:56+00:00\" \/>\n<meta property=\"article:modified_time\" content=\"2026-08-24T12:59:11+00:00\" \/>\n<meta property=\"og:image\" content=\"https:\/\/basaworldtravel.com.ar\/sitio\/wp-content\/uploads\/2021\/09\/mar-del-plata-1.jpg\" \/>\n\t<meta property=\"og:image:width\" content=\"1920\" \/>\n\t<meta property=\"og:image:height\" content=\"1080\" \/>\n\t<meta property=\"og:image:type\" content=\"image\/jpeg\" \/>\n<meta name=\"author\" content=\"BasaWeb\" \/>\n<meta name=\"twitter:card\" content=\"summary_large_image\" \/>\n<meta name=\"twitter:label1\" content=\"Escrito por\" \/>\n\t<meta name=\"twitter:data1\" content=\"BasaWeb\" \/>\n\t<meta name=\"twitter:label2\" content=\"Tiempo de lectura\" \/>\n\t<meta name=\"twitter:data2\" content=\"2 minutos\" \/>\n<script type=\"application\/ld+json\" class=\"yoast-schema-graph\">{\"@context\":\"https:\\\/\\\/schema.org\",\"@graph\":[{\"@type\":\"Article\",\"@id\":\"https:\\\/\\\/basaworldtravel.com.ar\\\/sitio\\\/2026\\\/08\\\/mar-del-plata-3-verano-2027\\\/#article\",\"isPartOf\":{\"@id\":\"https:\\\/\\\/basaworldtravel.com.ar\\\/sitio\\\/2026\\\/08\\\/mar-del-plata-3-verano-2027\\\/\"},\"author\":{\"name\":\"BasaWeb\",\"@id\":\"https:\\\/\\\/basaworldtravel.com.ar\\\/sitio\\\/#\\\/schema\\\/person\\\/d89b1d641794d338c41cd3818beabd4c\"},\"headline\":\"MAR DEL PLATA 3- VERANO 2027\",\"datePublished\":\"2026-08-24T12:56:56+00:00\",\"dateModified\":\"2026-08-24T12:59:11+00:00\",\"mainEntityOfPage\":{\"@id\":\"https:\\\/\\\/basaworldtravel.com.ar\\\/sitio\\\/2026\\\/08\\\/mar-del-plata-3-verano-2027\\\/\"},\"wordCount\":370,\"image\":{\"@id\":\"https:\\\/\\\/basaworldtravel.com.ar\\\/sitio\\\/2026\\\/08\\\/mar-del-plata-3-verano-2027\\\/#primaryimage\"},\"thumbnailUrl\":\"https:\\\/\\\/basaworldtravel.com.ar\\\/sitio\\\/wp-content\\\/uploads\\\/2021\\\/09\\\/mar-del-plata-1.jpg\",\"keywords\":[\"2027\",\"ARGENTINA\",\"MAR DEL PLATA\",\"PLAYA\",\"VERANO\"],\"articleSection\":[\"Argentina\",\"Paquetes\"],\"inLanguage\":\"es\"},{\"@type\":\"WebPage\",\"@id\":\"https:\\\/\\\/basaworldtravel.com.ar\\\/sitio\\\/2026\\\/08\\\/mar-del-plata-3-verano-2027\\\/\",\"url\":\"https:\\\/\\\/basaworldtravel.com.ar\\\/sitio\\\/2026\\\/08\\\/mar-del-plata-3-verano-2027\\\/\",\"name\":\"MAR DEL PLATA 3- VERANO 2027 - Basa\",\"isPartOf\":{\"@id\":\"https:\\\/\\\/basaworldtravel.com.ar\\\/sitio\\\/#website\"},\"primaryImageOfPage\":{\"@id\":\"https:\\\/\\\/basaworldtravel.com.ar\\\/sitio\\\/2026\\\/08\\\/mar-del-plata-3-verano-2027\\\/#primaryimage\"},\"image\":{\"@id\":\"https:\\\/\\\/basaworldtravel.com.ar\\\/sitio\\\/2026\\\/08\\\/mar-del-plata-3-verano-2027\\\/#primaryimage\"},\"thumbnailUrl\":\"https:\\\/\\\/basaworldtravel.com.ar\\\/sitio\\\/wp-content\\\/uploads\\\/2021\\\/09\\\/mar-del-plata-1.jpg\",\"datePublished\":\"2026-08-24T12:56:56+00:00\",\"dateModified\":\"2026-08-24T12:59:11+00:00\",\"author\":{\"@id\":\"https:\\\/\\\/basaworldtravel.com.ar\\\/sitio\\\/#\\\/schema\\\/person\\\/d89b1d641794d338c41cd3818beabd4c\"},\"breadcrumb\":{\"@id\":\"https:\\\/\\\/basaworldtravel.com.ar\\\/sitio\\\/2026\\\/08\\\/mar-del-plata-3-verano-2027\\\/#breadcrumb\"},\"inLanguage\":\"es\",\"potentialAction\":[{\"@type\":\"ReadAction\",\"target\":[\"https:\\\/\\\/basaworldtravel.com.ar\\\/sitio\\\/2026\\\/08\\\/mar-del-plata-3-verano-2027\\\/\"]}]},{\"@type\":\"ImageObject\",\"inLanguage\":\"es\",\"@id\":\"https:\\\/\\\/basaworldtravel.com.ar\\\/sitio\\\/2026\\\/08\\\/mar-del-plata-3-verano-2027\\\/#primaryimage\",\"url\":\"https:\\\/\\\/basaworldtravel.com.ar\\\/sitio\\\/wp-content\\\/uploads\\\/2021\\\/09\\\/mar-del-plata-1.jpg\",\"contentUrl\":\"https:\\\/\\\/basaworldtravel.com.ar\\\/sitio\\\/wp-content\\\/uploads\\\/2021\\\/09\\\/mar-del-plata-1.jpg\",\"width\":1920,\"height\":1080,\"caption\":\"mar del plata\"},{\"@type\":\"BreadcrumbList\",\"@id\":\"https:\\\/\\\/basaworldtravel.com.ar\\\/sitio\\\/2026\\\/08\\\/mar-del-plata-3-verano-2027\\\/#breadcrumb\",\"itemListElement\":[{\"@type\":\"ListItem\",\"position\":1,\"name\":\"Portada\",\"item\":\"https:\\\/\\\/basaworldtravel.com.ar\\\/sitio\\\/\"},{\"@type\":\"ListItem\",\"position\":2,\"name\":\"MAR DEL PLATA 3- VERANO 2027\"}]},{\"@type\":\"WebSite\",\"@id\":\"https:\\\/\\\/basaworldtravel.com.ar\\\/sitio\\\/#website\",\"url\":\"https:\\\/\\\/basaworldtravel.com.ar\\\/sitio\\\/\",\"name\":\"Basa\",\"description\":\"World Travel\",\"potentialAction\":[{\"@type\":\"SearchAction\",\"target\":{\"@type\":\"EntryPoint\",\"urlTemplate\":\"https:\\\/\\\/basaworldtravel.com.ar\\\/sitio\\\/?s={search_term_string}\"},\"query-input\":{\"@type\":\"PropertyValueSpecification\",\"valueRequired\":true,\"valueName\":\"search_term_string\"}}],\"inLanguage\":\"es\"},{\"@type\":\"Person\",\"@id\":\"https:\\\/\\\/basaworldtravel.com.ar\\\/sitio\\\/#\\\/schema\\\/person\\\/d89b1d641794d338c41cd3818beabd4c\",\"name\":\"BasaWeb\",\"image\":{\"@type\":\"ImageObject\",\"inLanguage\":\"es\",\"@id\":\"https:\\\/\\\/secure.gravatar.com\\\/avatar\\\/13e699648957af0aba903942fee2a1fc533d92bcd43fcf375a4df1edc2708698?s=96&d=mm&r=g\",\"url\":\"https:\\\/\\\/secure.gravatar.com\\\/avatar\\\/13e699648957af0aba903942fee2a1fc533d92bcd43fcf375a4df1edc2708698?s=96&d=mm&r=g\",\"contentUrl\":\"https:\\\/\\\/secure.gravatar.com\\\/avatar\\\/13e699648957af0aba903942fee2a1fc533d92bcd43fcf375a4df1edc2708698?s=96&d=mm&r=g\",\"caption\":\"BasaWeb\"},\"url\":\"https:\\\/\\\/basaworldtravel.com.ar\\\/sitio\\\/author\\\/basaweb\\\/\"}]}<\/script>\n<!-- \/ Yoast SEO plugin. -->","yoast_head_json":{"title":"MAR DEL PLATA 3- VERANO 2027 - Basa","robots":{"index":"index","follow":"follow","max-snippet":"max-snippet:-1","max-image-preview":"max-image-preview:large","max-video-preview":"max-video-preview:-1"},"canonical":"https:\/\/basaworldtravel.com.ar\/sitio\/2026\/08\/mar-del-plata-3-verano-2027\/","og_locale":"es_ES","og_type":"article","og_title":"MAR DEL PLATA 3- VERANO 2027 - Basa","og_description":"Disfrut\u00e1 de sus cl\u00e1sicos balnearios, camin\u00e1 por la rambla, descubr\u00ed su amplia propuesta gastron\u00f3mica","og_url":"https:\/\/basaworldtravel.com.ar\/sitio\/2026\/08\/mar-del-plata-3-verano-2027\/","og_site_name":"Basa","article_published_time":"2026-08-24T12:56:56+00:00","article_modified_time":"2026-08-24T12:59:11+00:00","og_image":[{"width":1920,"height":1080,"url":"https:\/\/basaworldtravel.com.ar\/sitio\/wp-content\/uploads\/2021\/09\/mar-del-plata-1.jpg","type":"image\/jpeg"}],"author":"BasaWeb","twitter_card":"summary_large_image","twitter_misc":{"Escrito por":"BasaWeb","Tiempo de lectura":"2 minutos"},"schema":{"@context":"https:\/\/schema.org","@graph":[{"@type":"Article","@id":"https:\/\/basaworldtravel.com.ar\/sitio\/2026\/08\/mar-del-plata-3-verano-2027\/#article","isPartOf":{"@id":"https:\/\/basaworldtravel.com.ar\/sitio\/2026\/08\/mar-del-plata-3-verano-2027\/"},"author":{"name":"BasaWeb","@id":"https:\/\/basaworldtravel.com.ar\/sitio\/#\/schema\/person\/d89b1d641794d338c41cd3818beabd4c"},"headline":"MAR DEL PLATA 3- VERANO 2027","datePublished":"2026-08-24T12:56:56+00:00","dateModified":"2026-08-24T12:59:11+00:00","mainEntityOfPage":{"@id":"https:\/\/basaworldtravel.com.ar\/sitio\/2026\/08\/mar-del-plata-3-verano-2027\/"},"wordCount":370,"image":{"@id":"https:\/\/basaworldtravel.com.ar\/sitio\/2026\/08\/mar-del-plata-3-verano-2027\/#primaryimage"},"thumbnailUrl":"https:\/\/basaworldtravel.com.ar\/sitio\/wp-content\/uploads\/2021\/09\/mar-del-plata-1.jpg","keywords":["2027","ARGENTINA","MAR DEL PLATA","PLAYA","VERANO"],"articleSection":["Argentina","Paquetes"],"inLanguage":"es"},{"@type":"WebPage","@id":"https:\/\/basaworldtravel.com.ar\/sitio\/2026\/08\/mar-del-plata-3-verano-2027\/","url":"https:\/\/basaworldtravel.com.ar\/sitio\/2026\/08\/mar-del-plata-3-verano-2027\/","name":"MAR DEL PLATA 3- VERANO 2027 - Basa","isPartOf":{"@id":"https:\/\/basaworldtravel.com.ar\/sitio\/#website"},"primaryImageOfPage":{"@id":"https:\/\/basaworldtravel.com.ar\/sitio\/2026\/08\/mar-del-plata-3-verano-2027\/#primaryimage"},"image":{"@id":"https:\/\/basaworldtravel.com.ar\/sitio\/2026\/08\/mar-del-plata-3-verano-2027\/#primaryimage"},"thumbnailUrl":"https:\/\/basaworldtravel.com.ar\/sitio\/wp-content\/uploads\/2021\/09\/mar-del-plata-1.jpg","datePublished":"2026-08-24T12:56:56+00:00","dateModified":"2026-08-24T12:59:11+00:00","author":{"@id":"https:\/\/basaworldtravel.com.ar\/sitio\/#\/schema\/person\/d89b1d641794d338c41cd3818beabd4c"},"breadcrumb":{"@id":"https:\/\/basaworldtravel.com.ar\/sitio\/2026\/08\/mar-del-plata-3-verano-2027\/#breadcrumb"},"inLanguage":"es","potentialAction":[{"@type":"ReadAction","target":["https:\/\/basaworldtravel.com.ar\/sitio\/2026\/08\/mar-del-plata-3-verano-2027\/"]}]},{"@type":"ImageObject","inLanguage":"es","@id":"https:\/\/basaworldtravel.com.ar\/sitio\/2026\/08\/mar-del-plata-3-verano-2027\/#primaryimage","url":"https:\/\/basaworldtravel.com.ar\/sitio\/wp-content\/uploads\/2021\/09\/mar-del-plata-1.jpg","contentUrl":"https:\/\/basaworldtravel.com.ar\/sitio\/wp-content\/uploads\/2021\/09\/mar-del-plata-1.jpg","width":1920,"height":1080,"caption":"mar del plata"},{"@type":"BreadcrumbList","@id":"https:\/\/basaworldtravel.com.ar\/sitio\/2026\/08\/mar-del-plata-3-verano-2027\/#breadcrumb","itemListElement":[{"@type":"ListItem","position":1,"name":"Portada","item":"https:\/\/basaworldtravel.com.ar\/sitio\/"},{"@type":"ListItem","position":2,"name":"MAR DEL PLATA 3- VERANO 2027"}]},{"@type":"WebSite","@id":"https:\/\/basaworldtravel.com.ar\/sitio\/#website","url":"https:\/\/basaworldtravel.com.ar\/sitio\/","name":"Basa","description":"World Travel","potentialAction":[{"@type":"SearchAction","target":{"@type":"EntryPoint","urlTemplate":"https:\/\/basaworldtravel.com.ar\/sitio\/?s={search_term_string}"},"query-input":{"@type":"PropertyValueSpecification","valueRequired":true,"valueName":"search_term_string"}}],"inLanguage":"es"},{"@type":"Person","@id":"https:\/\/basaworldtravel.com.ar\/sitio\/#\/schema\/person\/d89b1d641794d338c41cd3818beabd4c","name":"BasaWeb","image":{"@type":"ImageObject","inLanguage":"es","@id":"https:\/\/secure.gravatar.com\/avatar\/13e699648957af0aba903942fee2a1fc533d92bcd43fcf375a4df1edc2708698?s=96&d=mm&r=g","url":"https:\/\/secure.gravatar.com\/avatar\/13e699648957af0aba903942fee2a1fc533d92bcd43fcf375a4df1edc2708698?s=96&d=mm&r=g","contentUrl":"https:\/\/secure.gravatar.com\/avatar\/13e699648957af0aba903942fee2a1fc533d92bcd43fcf375a4df1edc2708698?s=96&d=mm&r=g","caption":"BasaWeb"},"url":"https:\/\/basaworldtravel.com.ar\/sitio\/author\/basaweb\/"}]}},"_links":{"self":[{"href":"https:\/\/basaworldtravel.com.ar\/sitio\/wp-json\/wp\/v2\/posts\/157510","targetHints":{"allow":["GET"]}}],"collection":[{"href":"https:\/\/basaworldtravel.com.ar\/sitio\/wp-json\/wp\/v2\/posts"}],"about":[{"href":"https:\/\/basaworldtravel.com.ar\/sitio\/wp-json\/wp\/v2\/types\/post"}],"author":[{"embeddable":true,"href":"https:\/\/basaworldtravel.com.ar\/sitio\/wp-json\/wp\/v2\/users\/2"}],"replies":[{"embeddable":true,"href":"https:\/\/basaworldtravel.com.ar\/sitio\/wp-json\/wp\/v2\/comments?post=157510"}],"version-history":[{"count":2,"href":"https:\/\/basaworldtravel.com.ar\/sitio\/wp-json\/wp\/v2\/posts\/157510\/revisions"}],"predecessor-version":[{"id":157513,"href":"https:\/\/basaworldtravel.com.ar\/sitio\/wp-json\/wp\/v2\/posts\/157510\/revisions\/157513"}],"wp:featuredmedia":[{"embeddable":true,"href":"https:\/\/basaworldtravel.com.ar\/sitio\/wp-json\/wp\/v2\/media\/228"}],"wp:attachment":[{"href":"https:\/\/basaworldtravel.com.ar\/sitio\/wp-json\/wp\/v2\/media?parent=157510"}],"wp:term":[{"taxonomy":"category","embeddable":true,"href":"https:\/\/basaworldtravel.com.ar\/sitio\/wp-json\/wp\/v2\/categories?post=157510"},{"taxonomy":"post_tag","embeddable":true,"href":"https:\/\/basaworldtravel.com.ar\/sitio\/wp-json\/wp\/v2\/tags?post=157510"}],"curies":[{"name":"wp","href":"https:\/\/api.w.org\/{rel}","templated":true}]}}