{"id":157438,"date":"2026-08-20T15:42:26","date_gmt":"2026-08-20T18:42:26","guid":{"rendered":"https:\/\/basaworldtravel.com.ar\/?p=157438"},"modified":"2026-08-24T10:27:18","modified_gmt":"2026-08-24T13:27:18","slug":"peru-semana-santa-2027","status":"publish","type":"post","link":"https:\/\/basaworldtravel.com.ar\/sitio\/2026\/08\/peru-semana-santa-2027\/","title":{"rendered":"PERU-SEMANA SANTA 2027"},"content":{"rendered":"\n<p>Salida 22 Marzo 2027<\/p>\n\n\n\n<p>(*) Salida grupal acompa\u00f1ada con un m\u00ednimo de 15 pasajeros<\/p>\n\n\n\n<h4 class=\"wp-block-heading\">Incluye<\/h4>\n\n\n\n<ul class=\"wp-block-list\">\n<li>A\u00e9reo con LATAM con equipaje en bodega incluido Alojamiento en hoteles mencionados o similares:<\/li>\n<\/ul>\n\n\n\n<p>2 noches en Lima + Early Check In<\/p>\n\n\n\n<p>2 noches en Cusco<\/p>\n\n\n\n<p>1 noche en Valle Sagrado<\/p>\n\n\n\n<p>1 noches en Aguas Calientes<\/p>\n\n\n\n<p>1 noche en Cusco + Late Check Out Traslados y excursiones:<\/p>\n\n\n\n<ul class=\"wp-block-list\">\n<li>Traslado del aeropuerto de Lima al hotel seleccionado con representante Tour de medio d\u00eda con visita a la Catedral, San Francisco y Museo Larco<\/li>\n\n\n\n<li>Traslado del hotel seleccionado al aeropuerto de Lima con representante<\/li>\n\n\n\n<li>Traslado del aeropuerto de Cusco al hotel seleccionado con representante<\/li>\n\n\n\n<li>Bebidas alcoh\u00f3licas y no alcoh\u00f3licas durante las comidas. Comidas no mencionadas en el itinerario.<\/li>\n\n\n\n<li>Gastos personales (lavander\u00eda, llamadas telef\u00f3nicas, etc.)<\/li>\n\n\n\n<li>Propinas para gu\u00edas, conductores, trasladistas, maleteros, meseros, etc.<\/li>\n\n\n\n<li>Y cualquier otro servicio que no est\u00e9 debidamente indicado como incluido.<\/li>\n<\/ul>\n\n\n\n<p><\/p>\n\n\n\n<p><strong>HOTELERIA PREVISTA o SIMILAR:<br><\/strong>CASA ANDINA SELECT MIRAFLORES (LIMA) o similar<br>SAN AGUSTIN EL DORADO (CUSCO) o similar<br>TIERRA VIVA VALLE SAGRADO (URUBAMBA) o similar<br>EL MAPI by INKATERRA (MACHU PICCHU PUEBLO) o similar<\/p>\n\n\n\n<p><strong>ITINERARIO<\/strong><\/p>\n\n\n\n<p><strong>LUN. 22 MAR: ROSARIO \/ LIMA<\/strong><\/p>\n\n\n\n<p>Salida en vuelo internacional desde la ciudad de Rosario con destino a Lima. Arribo a la ciudad de Lima. Recepci\u00f3n y traslado al hotel. Alojamiento.<\/p>\n\n\n\n<ul class=\"wp-block-list\">\n<li>Alojamiento en CASA ANDINA SELECT &#8211; Miraflores (Lima)<\/li>\n<\/ul>\n\n\n\n<p><strong>MAR. 23 MAR:&nbsp;LIMA \u2013 City Tour (Catedral, San Francisco y Museo Larco)<\/strong><\/p>\n\n\n\n<p>Por la ma\u00f1ana, iniciaremos el recorrido en el Parque del Amor, ubicado en los acantilados miraflorinos, que ostenta una espectacular vista de la bah\u00eda de Lima y en la que parapentistas de todo el mundo se re\u00fanen para sobrevolar la zona. Continuaremos hacia la Huaca Pucllana (vista panor\u00e1mica), una pir\u00e1mide trunca prehisp\u00e1nica de 25 metros de altura construida por la cultura Lima entre los a\u00f1os 200 y 800dc. El complejo alberga plazas, rampas y escalinatas, adem\u00e1s de dep\u00f3sitos de objetos que habr\u00edan sido ofrendados a las deidades. Luego nos dirigiremos al Centro de Lima, declarado Patrimonio de la Humanidad por la UNESCO, donde se visitar\u00e1 la Plaza Mayor, punto donde se fund\u00f3 la ciudad de Lima primero como La Ciudad de los Reyes en 1535 y luego como capital de la Rep\u00fablica del Per\u00fa en 1821, a\u00f1o de la independencia del pa\u00eds. Est\u00e1 ubicada entre el Palacio Presidencial, la Municipalidad de Lima, la Catedral y el Arzobispado, hermosos edificios coloniales que constituyen parte importante de la identidad de la ciudad. A continuaci\u00f3n iremos a pie a la Iglesia de San Francisco, uno de los m\u00e1s impresionantes complejos arquitect\u00f3nicos religiosos del virreinato construido en 1546 que guarda una envidiable colecci\u00f3n de libros antiguos y posee una red de catacumbas abierta al p\u00fablico. A continuaci\u00f3n, visitaremos el Museo Larco, ubicado en el tradicional distrito de Pueblo Libre. Fue fundado por Rafael Larco Hoyle en 1926 y se encuentra al interior de una mansi\u00f3n virreinal construida sobre una pir\u00e1mide precolombina del siglo VII. En \u00e9l se puede encontrar la m\u00e1s completa colecci\u00f3n prehisp\u00e1nica de piezas de oro y plata as\u00ed como tambi\u00e9n de arte er\u00f3tico. Son m\u00e1s de 45 mil objetos arqueol\u00f3gicos testigos mudos de tres mil a\u00f1os de historia peruana. Tras finalizar el recorrido regresaremos al hotel.<\/p>\n\n\n\n<ul class=\"wp-block-list\">\n<li>Alojamiento en CASA ANDINA SELECT &#8211; Miraflores (Lima)<\/li>\n\n\n\n<li>Comidas incluidas: Desayuno<\/li>\n<\/ul>\n\n\n\n<p><strong>MIE. 24 MAR: LIMA \/ CUSCO<\/strong><\/p>\n\n\n\n<p>Una movilidad nos llevar\u00e1 del hotel seleccionado al aeropuerto de Lima, asisti\u00e9ndonos durante el trayecto. Al llegar a Cusco, uno de nuestros representantes nos dar\u00e1 la bienvenida en la Ciudad Imperial y nos acompa\u00f1ar\u00e1 hasta el hotel seleccionado.<\/p>\n\n\n\n<p>Resto de la tarde libre para descansar y adaptarse a la altura.<\/p>\n\n\n\n<ul class=\"wp-block-list\">\n<li>Alojamiento en Hotel SAN AGUSTIN EL DORADO &#8211; Cusco<\/li>\n\n\n\n<li>CHECK IN a partir de las 12:00:00<\/li>\n\n\n\n<li>Comidas incluidas: Desayuno<\/li>\n<\/ul>\n\n\n\n<p><strong>JUE. 25 MAR: CUSCO \u2013 VISITA A LA CIUDAD, BARRIO DE SAN BLAS Y SACSAYHUAMAN<\/strong><\/p>\n\n\n\n<p>A la hora pautada, empezaremos el recorrido por Sacsayhuaman, una de las construcciones emblem\u00e1ticas de los incas (ubicada a pocos minutos del casco urbano y declarada Patrimonio Cultural de la Humanidad por la UNESCO) erigida por el inca Pachac\u00fatec en el siglo XV. Se trata de una inmensa fortaleza levantada con piedras de gran tama\u00f1o cuyo traslado y labrado es todav\u00eda un misterio. Regresaremos pronto a la ciudad para proseguir su recorrido por el barrio de San Blas, originalmente habitado por la nobleza inca que erigi\u00f3 imponentes construcciones de piedra a poca distancia de la Plaza de Armas. Todav\u00eda se puede ver en la base de muchas construcciones inconfundibles muros incaicos. Hoy el barrio es un conglomerado de deliciosas callejuelas empedradas popular entre artesanos que venden sus piezas en la calle.&nbsp;&nbsp; Proseguiremos hacia la catedral. Este es el monumento m\u00e1s imponente de la Plaza de Armas. Su construcci\u00f3n se inici\u00f3 en 1560 y se termin\u00f3 reci\u00e9n en 1654. Casi un siglo de construcci\u00f3n. Para ello se extrajeron y transportaron cientos de piedras de la fortaleza de Sacsayhuaman bajo las \u00f3rdenes del Cabildo Eclesi\u00e1stico pero con el sudor de miles de indios. Finalizaremos el recorrido con el Coricancha tambi\u00e9n conocido como \u00abEl templo del Sol\u00bb (Quri Kancha \u00abtemplo dorado\u00bb), que fue mandado a construir por el Inca Pachac\u00fatec (1438 &#8211; 1572) y a la llegada de los espa\u00f1oles se convirti\u00f3 en la base para la construcci\u00f3n del Convento de Santo Domingo. Aqu\u00ed, durante el incanato se le rend\u00eda pleites\u00eda al sol (\u00abInti\u00bb) y alguna vez reboz\u00f3 de piezas de oro.<\/p>\n\n\n\n<p>Resto de la tarde libre para continuar explorando la ciudad por su cuenta.<\/p>\n\n\n\n<ul class=\"wp-block-list\">\n<li>Alojamiento en Hotel SAN AGUSTIN EL DORADO &#8211; Cusco<\/li>\n\n\n\n<li>Comidas incluidas: Desayuno<\/li>\n<\/ul>\n\n\n\n<p><strong>VIE. 26 MAR: CUSCO \/ VALLE SAGRADO (MARAS, MORAY) \/ ALMUERZO<\/strong><\/p>\n\n\n\n<p>Desayuno. Posteriormente, seremos trasladados del hotel en Cusco hasta Maras y Moray, Los restos arqueol\u00f3gicos de Moray constan de misteriosos andenes circulares conc\u00e9ntricos que para algunos estudiosos ser\u00eda un centro de investigaci\u00f3n agr\u00edcola. Los andenes externos, m\u00e1s elevados, estar\u00edan a mayor temperatura que los internos y pod\u00edan simular las condiciones de los diferentes pisos ecol\u00f3gicos del imperio. Por otro lado, Maras es una vista surrealista. Est\u00e1 cerca a Moray y se trata de un impresionante complejo de explotaci\u00f3n salinera. Son grandes dep\u00f3sitos de sal que se usaron para intercambiarla por otros productos con otras partes del imperio. Terminado el recorrido traslado al hotel en el Valle.<\/p>\n\n\n\n<p>Almuerzo en el restaurante UNU Tiobamba<\/p>\n\n\n\n<ul class=\"wp-block-list\">\n<li>Alojamiento en Hotel TIERRA VIVA URUBAMBA &#8211; Valle Sagrado<\/li>\n\n\n\n<li>Comidas incluidas: Desayuno y almuerzo<\/li>\n<\/ul>\n\n\n\n<p><strong>SAB. 27 MAR: VALLE SAGRADO \/ AGUAS CALIENTES<\/strong><\/p>\n\n\n\n<p>Hoy nos aventuraremos a subir los 150 escalones que separan la cumbre de la parte baja de la fortaleza de Ollantaytambo, en la que destacan el Templo del Sol (formado por seis monolitos gigantescos de granito rosa, cuyo peso sobrepasa las 50 toneladas) y la Terraza de Diez Nichos. La excursi\u00f3n de mediod\u00eda concluye con una breve visita al pueblo de Ollantaytambo, un t\u00edpico ejemplo de la planificaci\u00f3n urbana de los incas todav\u00eda habitado a la usanza del pasado.<\/p>\n\n\n\n<p>A la hora indicada, nos trasladaremos a la Estaci\u00f3n de Trenes para tomar el tren Voyager con destino a la estaci\u00f3n de Aguas Calientes (Machu Picchu Pueblo). Posteriormente nos dirigiremos a nuestro hotel en el Pueblo.<\/p>\n\n\n\n<p><strong>*En todos los servicios de tren a Machu Picchu, el pasajero podr\u00e1 llevar consigo en el tren hacia\/de Machu Picchu \u00fanicamente equipaje de mano (mochila, bolso o malet\u00edn) con un peso no mayor a 8kg \/ 17lb.<\/strong><\/p>\n\n\n\n<p><strong>El resto del equipaje se mantendr\u00e1 en guarda en el hotel de Cusco hasta el regreso.<\/strong><\/p>\n\n\n\n<ul class=\"wp-block-list\">\n<li>Alojamiento en Hotel EL MAPI by INKATERRA &#8211; Machu Picchu Pueblo \u00a7\u00a0 Comidas incluidas: Desayuno.<\/li>\n<\/ul>\n\n\n\n<p><strong>DOM. 28 MAR: VISITA MACHU PICCHU \/ AGUAS CALIENTES<\/strong><\/p>\n\n\n\n<p>A la hora indicada, partiremos hacia la parada de buses para, tras un corto viaje, llegar a Machu Picchu, una obra maestra de la ingenier\u00eda y arquitectura que se cree sirvi\u00f3 como un santuario y residencia de descanso para el inca Pachac\u00fatec. Machu Picchu, que significa Monta\u00f1a Vieja, es considerado Patrimonio de la Humanidad seg\u00fan la UNESCO y una de las nuevas siete maravillas del mundo. Al finalizar el recorrido retornaremos en bus a Aguas Calientes. Resto de la tarde libre. Posibilidad de visitar por tu cuenta los ba\u00f1os termales del lugar.<\/p>\n\n\n\n<p><strong>*Recuerde confirmar su reserva lo antes posible para proceder con la compra de entradas con anticipaci\u00f3n debido al aforo limitado de la ciudadela. La selecci\u00f3n del circuito a Machu Picchu y horario se realizar\u00e1 de acuerdo con la disponibilidad al momento de confirmar la reserva.<\/strong><\/p>\n\n\n\n<ul class=\"wp-block-list\">\n<li><strong>Alojamiento en Hotel EL MAPI by INKATERRA &#8211; Machu Picchu Pueblo<\/strong><\/li>\n\n\n\n<li><strong>Comidas incluidas: Desayuno.<\/strong><\/li>\n<\/ul>\n\n\n\n<p><strong>LUN. 29 MAR: AGUAS CALIENTES \/ CUSCO<\/strong><\/p>\n\n\n\n<p>Desayuno.<\/p>\n\n\n\n<p>Al mediod\u00eda, disfrutaremos de un delicioso almuerzo en Caf\u00e9 Inkaterra, para posteriormente, a la hora pautada, trasladarnos a la estaci\u00f3n de trenes de Aguas Calientes para tomar el tren de regreso a la estaci\u00f3n de Ollanta. Posteriormente seremos trasladados a nuestro hotel en Cusco.<\/p>\n\n\n\n<ul class=\"wp-block-list\">\n<li>CHECK OUT hotel en Aguas Calientes: 10:00:00<\/li>\n\n\n\n<li>Alojamiento en Hotel SAN AGUSTIN EL DORADO &#8211; Cusco<\/li>\n\n\n\n<li>Comidas incluidas: Desayuno, almuerzo<\/li>\n<\/ul>\n\n\n\n<p><strong>MAR. 30 MAR: SALIDA DE CUSCO<\/strong><\/p>\n\n\n\n<p>Desayuno. Por la tarde, a la hora pautada, una movilidad nos llevar\u00e1 hasta el aeropuerto de Cusco para abordar el vuelo a Lima. Y posterior regreso internacional.<\/p>\n\n\n\n<ul class=\"wp-block-list\">\n<li><strong>Comidas incluidas: Desayuno<\/strong><\/li>\n\n\n\n<li><strong>Late check out<\/strong><\/li>\n<\/ul>\n\n\n\n<p><strong>FIN DE SERVICIOS<\/strong><\/p>\n\n\n\n<p><strong>Importante: el orden y\/u horarios de las actividades son referenciales, podr\u00edan sufrir modificaciones en destino, en caso de razones operativas o de fuerza mayor, para un mejor desarrollo de la actividad<\/strong><\/p>\n\n\n\n<p><\/p>\n\n\n\n<p><strong>NO INCLUYE<br><\/strong>Bebidas alcoh\u00f3licas y no alcoh\u00f3licas durante las comidas.<br>Comidas no mencionadas en el itinerario.<br>Gastos personales (lavander\u00eda, llamadas telef\u00f3nicas, etc.)<br>Propinas para gu\u00edas, conductores, trasladistas, maleteros, meseros, etc.<br>Y cualquier otro servicio que no est\u00e9 debidamente indicado como incluido.<\/p>\n\n\n\n<p><strong>USD2705 POR PERSONA EN BASE DOBLE<\/strong><\/p>\n\n\n\n<p><strong>USD2630 POR PERSONA EN BASE TRIPLE<\/strong><\/p>\n\n\n\n<p><strong>USD3370 POR PERSONA EN BASE SINGLE<\/strong><\/p>\n\n\n\n<p><strong>T\u00c9RMINOS Y CONDICIONES<br><\/strong>Todas las tarifas son por persona.<br>Los precios est\u00e1n sujetos a cambio sin previo aviso y s\u00f3lo podr\u00e1n garantizarse una vez efectuado el pago.<br>Las tarifas de alojamiento incluyen desayuno. Los desayunos tienen horarios asignados de acuerdo a las pol\u00edticas de cada establecimiento hotelero, siendo por lo general entre las 06:00 hrs \u201310:00 hrs, caso pasajero tenga traslado o se retire antes de las horas asignadas, perder\u00e1 este beneficio, no pudiendo ser compensados en otro hotel. Los servicios de Room Service o de un box breakfast tiene costo adicional y no compensa el desayuno que<br>no se puede servir.<br>Para reservas con servicio de Trenes a Machu Picchu, los asientos son asignados de acuerdo a la disponibilidad del coche. Las ubicaciones s\u00f3lo pueden gestionarse despu\u00e9s de la emisi\u00f3n de los boletos.<br>Con el fin de preservaci\u00f3n del Santuario de Machu Picchu, por disposici\u00f3n de la UNESCO, el Ministerio de Cultura ha reducido la cantidad de ingresos diarios, por lo que se recomienda realizar la compra inmediata de las entradas. Para eso es necesario enviar nombre completo, fecha de nacimiento,<br>nacionalidad, n\u00famero de pasaporte de los pasajeros, las cuales deben coincidir con el pasaporte vigente  que ser\u00e1 usado para el viaje.<br>La selecci\u00f3n del circuito a Machu Picchu y horario se realizar\u00e1 de acuerdo con la disponibilidad al momento de confirmar la reserva. Es importante tener en cuenta que los ingresos a la ciudadela son no reembolsables desde la compra. As\u00ed como tampoco se permiten modificaciones de nombre o documento, ni cambio de fecha.<\/p>\n\n\n\n<p>CTRTES<\/p>\n","protected":false},"excerpt":{"rendered":"<p>Descubr\u00ed la magia de los Andes, camin\u00e1 entre historia y misterio, y dejate sorprender por uno de los lugares m\u00e1s incre\u00edbles del mundo.<\/p>\n","protected":false},"author":2,"featured_media":2598,"comment_status":"closed","ping_status":"open","sticky":false,"template":"","format":"standard","meta":{"_acf_changed":false,"footnotes":""},"categories":[5,245],"tags":[853,329,136,67,46],"class_list":["post-157438","post","type-post","status-publish","format-standard","has-post-thumbnail","hentry","category-paquetes","category-sudamerica","tag-853","tag-cuzco","tag-machu-pichu","tag-peru","tag-semana-santa","category-5","category-245","description-off"],"acf":[],"yoast_head":"<!-- This site is optimized with the Yoast SEO plugin v28.4 - https:\/\/yoast.com\/product\/yoast-seo-wordpress\/ -->\n<title>PERU-SEMANA SANTA 2027 - Basa<\/title>\n<meta name=\"robots\" content=\"index, follow, max-snippet:-1, max-image-preview:large, max-video-preview:-1\" \/>\n<link rel=\"canonical\" href=\"https:\/\/basaworldtravel.com.ar\/sitio\/2026\/08\/peru-semana-santa-2027\/\" \/>\n<meta property=\"og:locale\" content=\"es_ES\" \/>\n<meta property=\"og:type\" content=\"article\" \/>\n<meta property=\"og:title\" content=\"PERU-SEMANA SANTA 2027 - Basa\" \/>\n<meta property=\"og:description\" content=\"Descubr\u00ed la magia de los Andes, camin\u00e1 entre historia y misterio, y dejate sorprender por uno de los lugares m\u00e1s incre\u00edbles del mundo.\" \/>\n<meta property=\"og:url\" content=\"https:\/\/basaworldtravel.com.ar\/sitio\/2026\/08\/peru-semana-santa-2027\/\" \/>\n<meta property=\"og:site_name\" content=\"Basa\" \/>\n<meta property=\"article:published_time\" content=\"2026-08-20T18:42:26+00:00\" \/>\n<meta property=\"article:modified_time\" content=\"2026-08-24T13:27:18+00:00\" \/>\n<meta property=\"og:image\" content=\"https:\/\/basaworldtravel.com.ar\/sitio\/wp-content\/uploads\/2022\/06\/Grupal_BUE-PERU-11SEPT_IMAGENWEB.png\" \/>\n\t<meta property=\"og:image:width\" content=\"999\" \/>\n\t<meta property=\"og:image:height\" content=\"373\" \/>\n\t<meta property=\"og:image:type\" content=\"image\/png\" \/>\n<meta name=\"author\" content=\"BasaWeb\" \/>\n<meta name=\"twitter:card\" content=\"summary_large_image\" \/>\n<meta name=\"twitter:label1\" content=\"Escrito por\" \/>\n\t<meta name=\"twitter:data1\" content=\"BasaWeb\" \/>\n\t<meta name=\"twitter:label2\" content=\"Tiempo de lectura\" \/>\n\t<meta name=\"twitter:data2\" content=\"9 minutos\" \/>\n<script type=\"application\/ld+json\" class=\"yoast-schema-graph\">{\"@context\":\"https:\\\/\\\/schema.org\",\"@graph\":[{\"@type\":\"Article\",\"@id\":\"https:\\\/\\\/basaworldtravel.com.ar\\\/sitio\\\/2026\\\/08\\\/peru-semana-santa-2027\\\/#article\",\"isPartOf\":{\"@id\":\"https:\\\/\\\/basaworldtravel.com.ar\\\/sitio\\\/2026\\\/08\\\/peru-semana-santa-2027\\\/\"},\"author\":{\"name\":\"BasaWeb\",\"@id\":\"https:\\\/\\\/basaworldtravel.com.ar\\\/sitio\\\/#\\\/schema\\\/person\\\/d89b1d641794d338c41cd3818beabd4c\"},\"headline\":\"PERU-SEMANA SANTA 2027\",\"datePublished\":\"2026-08-20T18:42:26+00:00\",\"dateModified\":\"2026-08-24T13:27:18+00:00\",\"mainEntityOfPage\":{\"@id\":\"https:\\\/\\\/basaworldtravel.com.ar\\\/sitio\\\/2026\\\/08\\\/peru-semana-santa-2027\\\/\"},\"wordCount\":1920,\"image\":{\"@id\":\"https:\\\/\\\/basaworldtravel.com.ar\\\/sitio\\\/2026\\\/08\\\/peru-semana-santa-2027\\\/#primaryimage\"},\"thumbnailUrl\":\"https:\\\/\\\/basaworldtravel.com.ar\\\/sitio\\\/wp-content\\\/uploads\\\/2022\\\/06\\\/Grupal_BUE-PERU-11SEPT_IMAGENWEB.png\",\"keywords\":[\"2027\",\"CUZCO\",\"machu pichu\",\"PERU\",\"SEMANA SANTA\"],\"articleSection\":[\"Paquetes\",\"Sudam\u00e9rica\"],\"inLanguage\":\"es\"},{\"@type\":\"WebPage\",\"@id\":\"https:\\\/\\\/basaworldtravel.com.ar\\\/sitio\\\/2026\\\/08\\\/peru-semana-santa-2027\\\/\",\"url\":\"https:\\\/\\\/basaworldtravel.com.ar\\\/sitio\\\/2026\\\/08\\\/peru-semana-santa-2027\\\/\",\"name\":\"PERU-SEMANA SANTA 2027 - Basa\",\"isPartOf\":{\"@id\":\"https:\\\/\\\/basaworldtravel.com.ar\\\/sitio\\\/#website\"},\"primaryImageOfPage\":{\"@id\":\"https:\\\/\\\/basaworldtravel.com.ar\\\/sitio\\\/2026\\\/08\\\/peru-semana-santa-2027\\\/#primaryimage\"},\"image\":{\"@id\":\"https:\\\/\\\/basaworldtravel.com.ar\\\/sitio\\\/2026\\\/08\\\/peru-semana-santa-2027\\\/#primaryimage\"},\"thumbnailUrl\":\"https:\\\/\\\/basaworldtravel.com.ar\\\/sitio\\\/wp-content\\\/uploads\\\/2022\\\/06\\\/Grupal_BUE-PERU-11SEPT_IMAGENWEB.png\",\"datePublished\":\"2026-08-20T18:42:26+00:00\",\"dateModified\":\"2026-08-24T13:27:18+00:00\",\"author\":{\"@id\":\"https:\\\/\\\/basaworldtravel.com.ar\\\/sitio\\\/#\\\/schema\\\/person\\\/d89b1d641794d338c41cd3818beabd4c\"},\"breadcrumb\":{\"@id\":\"https:\\\/\\\/basaworldtravel.com.ar\\\/sitio\\\/2026\\\/08\\\/peru-semana-santa-2027\\\/#breadcrumb\"},\"inLanguage\":\"es\",\"potentialAction\":[{\"@type\":\"ReadAction\",\"target\":[\"https:\\\/\\\/basaworldtravel.com.ar\\\/sitio\\\/2026\\\/08\\\/peru-semana-santa-2027\\\/\"]}]},{\"@type\":\"ImageObject\",\"inLanguage\":\"es\",\"@id\":\"https:\\\/\\\/basaworldtravel.com.ar\\\/sitio\\\/2026\\\/08\\\/peru-semana-santa-2027\\\/#primaryimage\",\"url\":\"https:\\\/\\\/basaworldtravel.com.ar\\\/sitio\\\/wp-content\\\/uploads\\\/2022\\\/06\\\/Grupal_BUE-PERU-11SEPT_IMAGENWEB.png\",\"contentUrl\":\"https:\\\/\\\/basaworldtravel.com.ar\\\/sitio\\\/wp-content\\\/uploads\\\/2022\\\/06\\\/Grupal_BUE-PERU-11SEPT_IMAGENWEB.png\",\"width\":999,\"height\":373},{\"@type\":\"BreadcrumbList\",\"@id\":\"https:\\\/\\\/basaworldtravel.com.ar\\\/sitio\\\/2026\\\/08\\\/peru-semana-santa-2027\\\/#breadcrumb\",\"itemListElement\":[{\"@type\":\"ListItem\",\"position\":1,\"name\":\"Portada\",\"item\":\"https:\\\/\\\/basaworldtravel.com.ar\\\/sitio\\\/\"},{\"@type\":\"ListItem\",\"position\":2,\"name\":\"PERU-SEMANA SANTA 2027\"}]},{\"@type\":\"WebSite\",\"@id\":\"https:\\\/\\\/basaworldtravel.com.ar\\\/sitio\\\/#website\",\"url\":\"https:\\\/\\\/basaworldtravel.com.ar\\\/sitio\\\/\",\"name\":\"Basa\",\"description\":\"World Travel\",\"potentialAction\":[{\"@type\":\"SearchAction\",\"target\":{\"@type\":\"EntryPoint\",\"urlTemplate\":\"https:\\\/\\\/basaworldtravel.com.ar\\\/sitio\\\/?s={search_term_string}\"},\"query-input\":{\"@type\":\"PropertyValueSpecification\",\"valueRequired\":true,\"valueName\":\"search_term_string\"}}],\"inLanguage\":\"es\"},{\"@type\":\"Person\",\"@id\":\"https:\\\/\\\/basaworldtravel.com.ar\\\/sitio\\\/#\\\/schema\\\/person\\\/d89b1d641794d338c41cd3818beabd4c\",\"name\":\"BasaWeb\",\"image\":{\"@type\":\"ImageObject\",\"inLanguage\":\"es\",\"@id\":\"https:\\\/\\\/secure.gravatar.com\\\/avatar\\\/13e699648957af0aba903942fee2a1fc533d92bcd43fcf375a4df1edc2708698?s=96&d=mm&r=g\",\"url\":\"https:\\\/\\\/secure.gravatar.com\\\/avatar\\\/13e699648957af0aba903942fee2a1fc533d92bcd43fcf375a4df1edc2708698?s=96&d=mm&r=g\",\"contentUrl\":\"https:\\\/\\\/secure.gravatar.com\\\/avatar\\\/13e699648957af0aba903942fee2a1fc533d92bcd43fcf375a4df1edc2708698?s=96&d=mm&r=g\",\"caption\":\"BasaWeb\"},\"url\":\"https:\\\/\\\/basaworldtravel.com.ar\\\/sitio\\\/author\\\/basaweb\\\/\"}]}<\/script>\n<!-- \/ Yoast SEO plugin. -->","yoast_head_json":{"title":"PERU-SEMANA SANTA 2027 - Basa","robots":{"index":"index","follow":"follow","max-snippet":"max-snippet:-1","max-image-preview":"max-image-preview:large","max-video-preview":"max-video-preview:-1"},"canonical":"https:\/\/basaworldtravel.com.ar\/sitio\/2026\/08\/peru-semana-santa-2027\/","og_locale":"es_ES","og_type":"article","og_title":"PERU-SEMANA SANTA 2027 - Basa","og_description":"Descubr\u00ed la magia de los Andes, camin\u00e1 entre historia y misterio, y dejate sorprender por uno de los lugares m\u00e1s incre\u00edbles del mundo.","og_url":"https:\/\/basaworldtravel.com.ar\/sitio\/2026\/08\/peru-semana-santa-2027\/","og_site_name":"Basa","article_published_time":"2026-08-20T18:42:26+00:00","article_modified_time":"2026-08-24T13:27:18+00:00","og_image":[{"width":999,"height":373,"url":"https:\/\/basaworldtravel.com.ar\/sitio\/wp-content\/uploads\/2022\/06\/Grupal_BUE-PERU-11SEPT_IMAGENWEB.png","type":"image\/png"}],"author":"BasaWeb","twitter_card":"summary_large_image","twitter_misc":{"Escrito por":"BasaWeb","Tiempo de lectura":"9 minutos"},"schema":{"@context":"https:\/\/schema.org","@graph":[{"@type":"Article","@id":"https:\/\/basaworldtravel.com.ar\/sitio\/2026\/08\/peru-semana-santa-2027\/#article","isPartOf":{"@id":"https:\/\/basaworldtravel.com.ar\/sitio\/2026\/08\/peru-semana-santa-2027\/"},"author":{"name":"BasaWeb","@id":"https:\/\/basaworldtravel.com.ar\/sitio\/#\/schema\/person\/d89b1d641794d338c41cd3818beabd4c"},"headline":"PERU-SEMANA SANTA 2027","datePublished":"2026-08-20T18:42:26+00:00","dateModified":"2026-08-24T13:27:18+00:00","mainEntityOfPage":{"@id":"https:\/\/basaworldtravel.com.ar\/sitio\/2026\/08\/peru-semana-santa-2027\/"},"wordCount":1920,"image":{"@id":"https:\/\/basaworldtravel.com.ar\/sitio\/2026\/08\/peru-semana-santa-2027\/#primaryimage"},"thumbnailUrl":"https:\/\/basaworldtravel.com.ar\/sitio\/wp-content\/uploads\/2022\/06\/Grupal_BUE-PERU-11SEPT_IMAGENWEB.png","keywords":["2027","CUZCO","machu pichu","PERU","SEMANA SANTA"],"articleSection":["Paquetes","Sudam\u00e9rica"],"inLanguage":"es"},{"@type":"WebPage","@id":"https:\/\/basaworldtravel.com.ar\/sitio\/2026\/08\/peru-semana-santa-2027\/","url":"https:\/\/basaworldtravel.com.ar\/sitio\/2026\/08\/peru-semana-santa-2027\/","name":"PERU-SEMANA SANTA 2027 - Basa","isPartOf":{"@id":"https:\/\/basaworldtravel.com.ar\/sitio\/#website"},"primaryImageOfPage":{"@id":"https:\/\/basaworldtravel.com.ar\/sitio\/2026\/08\/peru-semana-santa-2027\/#primaryimage"},"image":{"@id":"https:\/\/basaworldtravel.com.ar\/sitio\/2026\/08\/peru-semana-santa-2027\/#primaryimage"},"thumbnailUrl":"https:\/\/basaworldtravel.com.ar\/sitio\/wp-content\/uploads\/2022\/06\/Grupal_BUE-PERU-11SEPT_IMAGENWEB.png","datePublished":"2026-08-20T18:42:26+00:00","dateModified":"2026-08-24T13:27:18+00:00","author":{"@id":"https:\/\/basaworldtravel.com.ar\/sitio\/#\/schema\/person\/d89b1d641794d338c41cd3818beabd4c"},"breadcrumb":{"@id":"https:\/\/basaworldtravel.com.ar\/sitio\/2026\/08\/peru-semana-santa-2027\/#breadcrumb"},"inLanguage":"es","potentialAction":[{"@type":"ReadAction","target":["https:\/\/basaworldtravel.com.ar\/sitio\/2026\/08\/peru-semana-santa-2027\/"]}]},{"@type":"ImageObject","inLanguage":"es","@id":"https:\/\/basaworldtravel.com.ar\/sitio\/2026\/08\/peru-semana-santa-2027\/#primaryimage","url":"https:\/\/basaworldtravel.com.ar\/sitio\/wp-content\/uploads\/2022\/06\/Grupal_BUE-PERU-11SEPT_IMAGENWEB.png","contentUrl":"https:\/\/basaworldtravel.com.ar\/sitio\/wp-content\/uploads\/2022\/06\/Grupal_BUE-PERU-11SEPT_IMAGENWEB.png","width":999,"height":373},{"@type":"BreadcrumbList","@id":"https:\/\/basaworldtravel.com.ar\/sitio\/2026\/08\/peru-semana-santa-2027\/#breadcrumb","itemListElement":[{"@type":"ListItem","position":1,"name":"Portada","item":"https:\/\/basaworldtravel.com.ar\/sitio\/"},{"@type":"ListItem","position":2,"name":"PERU-SEMANA SANTA 2027"}]},{"@type":"WebSite","@id":"https:\/\/basaworldtravel.com.ar\/sitio\/#website","url":"https:\/\/basaworldtravel.com.ar\/sitio\/","name":"Basa","description":"World Travel","potentialAction":[{"@type":"SearchAction","target":{"@type":"EntryPoint","urlTemplate":"https:\/\/basaworldtravel.com.ar\/sitio\/?s={search_term_string}"},"query-input":{"@type":"PropertyValueSpecification","valueRequired":true,"valueName":"search_term_string"}}],"inLanguage":"es"},{"@type":"Person","@id":"https:\/\/basaworldtravel.com.ar\/sitio\/#\/schema\/person\/d89b1d641794d338c41cd3818beabd4c","name":"BasaWeb","image":{"@type":"ImageObject","inLanguage":"es","@id":"https:\/\/secure.gravatar.com\/avatar\/13e699648957af0aba903942fee2a1fc533d92bcd43fcf375a4df1edc2708698?s=96&d=mm&r=g","url":"https:\/\/secure.gravatar.com\/avatar\/13e699648957af0aba903942fee2a1fc533d92bcd43fcf375a4df1edc2708698?s=96&d=mm&r=g","contentUrl":"https:\/\/secure.gravatar.com\/avatar\/13e699648957af0aba903942fee2a1fc533d92bcd43fcf375a4df1edc2708698?s=96&d=mm&r=g","caption":"BasaWeb"},"url":"https:\/\/basaworldtravel.com.ar\/sitio\/author\/basaweb\/"}]}},"_links":{"self":[{"href":"https:\/\/basaworldtravel.com.ar\/sitio\/wp-json\/wp\/v2\/posts\/157438","targetHints":{"allow":["GET"]}}],"collection":[{"href":"https:\/\/basaworldtravel.com.ar\/sitio\/wp-json\/wp\/v2\/posts"}],"about":[{"href":"https:\/\/basaworldtravel.com.ar\/sitio\/wp-json\/wp\/v2\/types\/post"}],"author":[{"embeddable":true,"href":"https:\/\/basaworldtravel.com.ar\/sitio\/wp-json\/wp\/v2\/users\/2"}],"replies":[{"embeddable":true,"href":"https:\/\/basaworldtravel.com.ar\/sitio\/wp-json\/wp\/v2\/comments?post=157438"}],"version-history":[{"count":3,"href":"https:\/\/basaworldtravel.com.ar\/sitio\/wp-json\/wp\/v2\/posts\/157438\/revisions"}],"predecessor-version":[{"id":157517,"href":"https:\/\/basaworldtravel.com.ar\/sitio\/wp-json\/wp\/v2\/posts\/157438\/revisions\/157517"}],"wp:featuredmedia":[{"embeddable":true,"href":"https:\/\/basaworldtravel.com.ar\/sitio\/wp-json\/wp\/v2\/media\/2598"}],"wp:attachment":[{"href":"https:\/\/basaworldtravel.com.ar\/sitio\/wp-json\/wp\/v2\/media?parent=157438"}],"wp:term":[{"taxonomy":"category","embeddable":true,"href":"https:\/\/basaworldtravel.com.ar\/sitio\/wp-json\/wp\/v2\/categories?post=157438"},{"taxonomy":"post_tag","embeddable":true,"href":"https:\/\/basaworldtravel.com.ar\/sitio\/wp-json\/wp\/v2\/tags?post=157438"}],"curies":[{"name":"wp","href":"https:\/\/api.w.org\/{rel}","templated":true}]}}