{"id":157368,"date":"2026-08-12T09:19:38","date_gmt":"2026-08-12T12:19:38","guid":{"rendered":"https:\/\/basaworldtravel.com.ar\/?p=157368"},"modified":"2026-08-12T09:19:40","modified_gmt":"2026-08-12T12:19:40","slug":"villa-gesell-3-verano-2027","status":"publish","type":"post","link":"https:\/\/basaworldtravel.com.ar\/sitio\/2026\/08\/villa-gesell-3-verano-2027\/","title":{"rendered":"VILLA GESELL 3-VERANO 2027"},"content":{"rendered":"\n<p>Salidas 30 Diciembre \/ 5, 10, 15, 20, 25 y 30 Enero \u2013 4 y 9 Febrero<\/p>\n\n\n\n<p> Embarques: Paran\u00e1 \u2013 Santa Fe \u2013 Santo Tom\u00e9 \u2013 Arocena \u2013 San Lorenzo \u2013 Rosario \u2013 Arroyo Seco \u2013 Villa Constituci\u00f3n \u2013 San Nicol\u00e1s \u2013 Pergamino (e intermedios) <\/p>\n\n\n\n<p>Transporte: Bus Mix.  Adicional butaca cama: $ 35.000 por pasajero<br>Adicional butaca panor\u00e1mica: $ 30.000 por pasajero<br>Adicional butaca cafetera: $ 25.000 por pasajero<\/p>\n\n\n\n<p>Con servicio a bordo. <\/p>\n\n\n\n<p>Hotel: Bag\u00fa Express (Servicio de Playa: reposeras y sombrilla) | Hotel Alfa. Alojamiento: <\/p>\n\n\n\n<p>Habitaciones dobles (DBL) y triples (TPL). <\/p>\n\n\n\n<p>R\u00e9gimen: Desayuno<\/p>\n\n\n\n<p><strong> Incluye traslado Terminal-Hotel-Terminal. <\/strong><\/p>\n\n\n\n<p>Coordinador: personal especializado acompa\u00f1a al grupo durante viaje de ida y regreso. <\/p>\n\n\n\n<p>Incluye asistencia al viajero sin l\u00edmite de edad. <\/p>\n\n\n\n<p><\/p>\n\n\n\n<p><strong>Salida 30 Diciembre | 6 noches.<\/strong><\/p>\n\n\n\n<p>HOTEL BAGU EXPRESS: https:\/\/hotelesbagu.com\/hotel\/bagu-express-villa-gesell\/ $534.900 POR PERSONA ABONANDO ENE FECTIVO\/$541.300 POR PERSONA ABONANDO VIA TRANSFERENCIA<\/p>\n\n\n\n<p>HOTEL ALFA:https:\/\/www.instagram.com\/hotelalfavillagesell\/ $639.500 POR PERSONA ABONANDO EN EFECTIVO\/ $647.000 POR PERSONA ABONANDO VIA TRANSFERENCIA<\/p>\n\n\n\n<p><strong>Salidas 5, 10, 15, 20, 25 y 30 Enero \u2013 5 noches <\/strong><\/p>\n\n\n\n<p>HOTEL BAGU EXPRESS: https:\/\/hotelesbagu.com\/hotel\/bagu-express-villa-gesell\/ $464.900 POR PERSONA ABONANDO ENE FECTIVO\/$470.500 POR PERSONA ABONANDO VIA TRANSFERENCIA <\/p>\n\n\n\n<p>HOTEL ALFA:https:\/\/www.instagram.com\/hotelalfavillagesell\/ $549.900 POR PERSONA ABONANDO EN EFECTIVO\/ $556.500 POR PERSONA ABONANDO VIA TRANSFERENCIA <\/p>\n\n\n\n<p><strong>Salidas 4 &#8211; 9  Febrero -5 Noches <\/strong><\/p>\n\n\n\n<p>HOTEL BAGU EXPRESS: https:\/\/hotelesbagu.com\/hotel\/bagu-express-villa-gesell\/ $489.500 POR PERSONA ABONANDO ENE FECTIVO\/$495.300 POR PERSONA ABONANDO VIA TRANSFERENCIA<\/p>\n\n\n\n<p>HOTEL ALFA:https:\/\/www.instagram.com\/hotelalfavillagesell\/ $549.900 POR PERSONA ABONANDO EN EFECTIVO\/ $556.500 POR PERSONA ABONANDO VIA TRANSFERENCIA <\/p>\n\n\n\n<p>Pre-Venta hasta el 30 de septiembre: Se\u00f1a con $100.000 por pasajero CONGELA TARIFA. Se\u00f1a abonada dentro de las 72hs h\u00e1biles de recibida la confirmaci\u00f3n de la reserva. Congela tarifa. Saldo hasta 15 d\u00edas h\u00e1biles antes de la fecha de la salida seleccionada.<\/p>\n\n\n\n<p><\/p>\n\n\n\n<p>Tarifas en pesos ARS por persona, en base seg\u00fan corresponda (Base DBL \u2013 TPL). <\/p>\n\n\n\n<p>Menor (0 a 2 a\u00f1os) &#8211; OBLIGATORIO &#8211; asistencia m\u00e9dica &#8211; $20.000 <br>Menor (0 a 2 a\u00f1os) &#8211; OPCIONAL &#8211; butaca semi-cama con asistencia m\u00e9dica &#8211; $180.000 <br>Menor (3 a\u00f1os cumplidos) &#8211; OBLIGATORIO \u2013 butaca semi-cama con asistencia m\u00e9dica &#8211; $180.000 .<\/p>\n\n\n\n<p><strong>Tarifas sujetas a variaci\u00f3n sin previo aviso.<\/strong><\/p>\n\n\n\n<p><strong>Habitaci\u00f3n Individual:<\/strong>&nbsp;recargo del 60% de la tarifa publicada. *Sujeto a disponibilidad.<\/p>\n\n\n\n<p><strong>Pre-Venta hasta el 30 de septiembre 2026:<\/strong><strong>&nbsp;Se\u00f1a de $100.000 por pasajero<\/strong>&nbsp;<strong>congela tarifa<\/strong>, abonada dentro de las 72hs h\u00e1biles de recibida la confirmaci\u00f3n de la reserva.&nbsp;<strong>Pago total:&nbsp;<\/strong>Con una antelaci\u00f3n m\u00ednima de 15 d\u00edas h\u00e1biles previos a la fecha de salida.<\/p>\n\n\n\n<p>El incumplimiento en el pago total dentro de los plazos indicados dar\u00e1 derecho al Operador a considerar cancelada la operaci\u00f3n, con retenci\u00f3n de la se\u00f1a abonada.<\/p>\n\n\n\n<p><\/p>\n","protected":false},"excerpt":{"rendered":"<p>Actividades al aire libre como canchas de golf, cabalgatas, paseos por el bosque, jet esqu\u00ed, esqu\u00ed acu\u00e1tico, surf, windsurf, v\u00f3ley, hockey, tejo, paleta, salir a correr y otras actividades.<\/p>\n","protected":false},"author":2,"featured_media":157369,"comment_status":"closed","ping_status":"open","sticky":false,"template":"","format":"standard","meta":{"_acf_changed":false,"footnotes":""},"categories":[6,5,245],"tags":[],"class_list":["post-157368","post","type-post","status-publish","format-standard","has-post-thumbnail","hentry","category-argentina","category-paquetes","category-sudamerica","category-6","category-5","category-245","description-off"],"acf":[],"yoast_head":"<!-- This site is optimized with the Yoast SEO plugin v28.4 - https:\/\/yoast.com\/product\/yoast-seo-wordpress\/ -->\n<title>VILLA GESELL 3-VERANO 2027 - Basa<\/title>\n<meta name=\"robots\" content=\"index, follow, max-snippet:-1, max-image-preview:large, max-video-preview:-1\" \/>\n<link rel=\"canonical\" href=\"https:\/\/basaworldtravel.com.ar\/sitio\/2026\/08\/villa-gesell-3-verano-2027\/\" \/>\n<meta property=\"og:locale\" content=\"es_ES\" \/>\n<meta property=\"og:type\" content=\"article\" \/>\n<meta property=\"og:title\" content=\"VILLA GESELL 3-VERANO 2027 - Basa\" \/>\n<meta property=\"og:description\" content=\"Actividades al aire libre como canchas de golf, cabalgatas, paseos por el bosque, jet esqu\u00ed, esqu\u00ed acu\u00e1tico, surf, windsurf, v\u00f3ley, hockey, tejo, paleta, salir a correr y otras actividades.\" \/>\n<meta property=\"og:url\" content=\"https:\/\/basaworldtravel.com.ar\/sitio\/2026\/08\/villa-gesell-3-verano-2027\/\" \/>\n<meta property=\"og:site_name\" content=\"Basa\" \/>\n<meta property=\"article:published_time\" content=\"2026-08-12T12:19:38+00:00\" \/>\n<meta property=\"article:modified_time\" content=\"2026-08-12T12:19:40+00:00\" \/>\n<meta property=\"og:image\" content=\"https:\/\/basaworldtravel.com.ar\/sitio\/wp-content\/uploads\/2026\/08\/sandboard-mar-azul-GESELL.jpg\" \/>\n\t<meta property=\"og:image:width\" content=\"500\" \/>\n\t<meta property=\"og:image:height\" content=\"500\" \/>\n\t<meta property=\"og:image:type\" content=\"image\/jpeg\" \/>\n<meta name=\"author\" content=\"BasaWeb\" \/>\n<meta name=\"twitter:card\" content=\"summary_large_image\" \/>\n<meta name=\"twitter:label1\" content=\"Escrito por\" \/>\n\t<meta name=\"twitter:data1\" content=\"BasaWeb\" \/>\n\t<meta name=\"twitter:label2\" content=\"Tiempo de lectura\" \/>\n\t<meta name=\"twitter:data2\" content=\"2 minutos\" \/>\n<script type=\"application\/ld+json\" class=\"yoast-schema-graph\">{\"@context\":\"https:\\\/\\\/schema.org\",\"@graph\":[{\"@type\":\"Article\",\"@id\":\"https:\\\/\\\/basaworldtravel.com.ar\\\/sitio\\\/2026\\\/08\\\/villa-gesell-3-verano-2027\\\/#article\",\"isPartOf\":{\"@id\":\"https:\\\/\\\/basaworldtravel.com.ar\\\/sitio\\\/2026\\\/08\\\/villa-gesell-3-verano-2027\\\/\"},\"author\":{\"name\":\"BasaWeb\",\"@id\":\"https:\\\/\\\/basaworldtravel.com.ar\\\/sitio\\\/#\\\/schema\\\/person\\\/d89b1d641794d338c41cd3818beabd4c\"},\"headline\":\"VILLA GESELL 3-VERANO 2027\",\"datePublished\":\"2026-08-12T12:19:38+00:00\",\"dateModified\":\"2026-08-12T12:19:40+00:00\",\"mainEntityOfPage\":{\"@id\":\"https:\\\/\\\/basaworldtravel.com.ar\\\/sitio\\\/2026\\\/08\\\/villa-gesell-3-verano-2027\\\/\"},\"wordCount\":411,\"image\":{\"@id\":\"https:\\\/\\\/basaworldtravel.com.ar\\\/sitio\\\/2026\\\/08\\\/villa-gesell-3-verano-2027\\\/#primaryimage\"},\"thumbnailUrl\":\"https:\\\/\\\/basaworldtravel.com.ar\\\/sitio\\\/wp-content\\\/uploads\\\/2026\\\/08\\\/sandboard-mar-azul-GESELL.jpg\",\"articleSection\":[\"Argentina\",\"Paquetes\",\"Sudam\u00e9rica\"],\"inLanguage\":\"es\"},{\"@type\":\"WebPage\",\"@id\":\"https:\\\/\\\/basaworldtravel.com.ar\\\/sitio\\\/2026\\\/08\\\/villa-gesell-3-verano-2027\\\/\",\"url\":\"https:\\\/\\\/basaworldtravel.com.ar\\\/sitio\\\/2026\\\/08\\\/villa-gesell-3-verano-2027\\\/\",\"name\":\"VILLA GESELL 3-VERANO 2027 - Basa\",\"isPartOf\":{\"@id\":\"https:\\\/\\\/basaworldtravel.com.ar\\\/sitio\\\/#website\"},\"primaryImageOfPage\":{\"@id\":\"https:\\\/\\\/basaworldtravel.com.ar\\\/sitio\\\/2026\\\/08\\\/villa-gesell-3-verano-2027\\\/#primaryimage\"},\"image\":{\"@id\":\"https:\\\/\\\/basaworldtravel.com.ar\\\/sitio\\\/2026\\\/08\\\/villa-gesell-3-verano-2027\\\/#primaryimage\"},\"thumbnailUrl\":\"https:\\\/\\\/basaworldtravel.com.ar\\\/sitio\\\/wp-content\\\/uploads\\\/2026\\\/08\\\/sandboard-mar-azul-GESELL.jpg\",\"datePublished\":\"2026-08-12T12:19:38+00:00\",\"dateModified\":\"2026-08-12T12:19:40+00:00\",\"author\":{\"@id\":\"https:\\\/\\\/basaworldtravel.com.ar\\\/sitio\\\/#\\\/schema\\\/person\\\/d89b1d641794d338c41cd3818beabd4c\"},\"breadcrumb\":{\"@id\":\"https:\\\/\\\/basaworldtravel.com.ar\\\/sitio\\\/2026\\\/08\\\/villa-gesell-3-verano-2027\\\/#breadcrumb\"},\"inLanguage\":\"es\",\"potentialAction\":[{\"@type\":\"ReadAction\",\"target\":[\"https:\\\/\\\/basaworldtravel.com.ar\\\/sitio\\\/2026\\\/08\\\/villa-gesell-3-verano-2027\\\/\"]}]},{\"@type\":\"ImageObject\",\"inLanguage\":\"es\",\"@id\":\"https:\\\/\\\/basaworldtravel.com.ar\\\/sitio\\\/2026\\\/08\\\/villa-gesell-3-verano-2027\\\/#primaryimage\",\"url\":\"https:\\\/\\\/basaworldtravel.com.ar\\\/sitio\\\/wp-content\\\/uploads\\\/2026\\\/08\\\/sandboard-mar-azul-GESELL.jpg\",\"contentUrl\":\"https:\\\/\\\/basaworldtravel.com.ar\\\/sitio\\\/wp-content\\\/uploads\\\/2026\\\/08\\\/sandboard-mar-azul-GESELL.jpg\",\"width\":500,\"height\":500},{\"@type\":\"BreadcrumbList\",\"@id\":\"https:\\\/\\\/basaworldtravel.com.ar\\\/sitio\\\/2026\\\/08\\\/villa-gesell-3-verano-2027\\\/#breadcrumb\",\"itemListElement\":[{\"@type\":\"ListItem\",\"position\":1,\"name\":\"Portada\",\"item\":\"https:\\\/\\\/basaworldtravel.com.ar\\\/sitio\\\/\"},{\"@type\":\"ListItem\",\"position\":2,\"name\":\"VILLA GESELL 3-VERANO 2027\"}]},{\"@type\":\"WebSite\",\"@id\":\"https:\\\/\\\/basaworldtravel.com.ar\\\/sitio\\\/#website\",\"url\":\"https:\\\/\\\/basaworldtravel.com.ar\\\/sitio\\\/\",\"name\":\"Basa\",\"description\":\"World Travel\",\"potentialAction\":[{\"@type\":\"SearchAction\",\"target\":{\"@type\":\"EntryPoint\",\"urlTemplate\":\"https:\\\/\\\/basaworldtravel.com.ar\\\/sitio\\\/?s={search_term_string}\"},\"query-input\":{\"@type\":\"PropertyValueSpecification\",\"valueRequired\":true,\"valueName\":\"search_term_string\"}}],\"inLanguage\":\"es\"},{\"@type\":\"Person\",\"@id\":\"https:\\\/\\\/basaworldtravel.com.ar\\\/sitio\\\/#\\\/schema\\\/person\\\/d89b1d641794d338c41cd3818beabd4c\",\"name\":\"BasaWeb\",\"image\":{\"@type\":\"ImageObject\",\"inLanguage\":\"es\",\"@id\":\"https:\\\/\\\/secure.gravatar.com\\\/avatar\\\/13e699648957af0aba903942fee2a1fc533d92bcd43fcf375a4df1edc2708698?s=96&d=mm&r=g\",\"url\":\"https:\\\/\\\/secure.gravatar.com\\\/avatar\\\/13e699648957af0aba903942fee2a1fc533d92bcd43fcf375a4df1edc2708698?s=96&d=mm&r=g\",\"contentUrl\":\"https:\\\/\\\/secure.gravatar.com\\\/avatar\\\/13e699648957af0aba903942fee2a1fc533d92bcd43fcf375a4df1edc2708698?s=96&d=mm&r=g\",\"caption\":\"BasaWeb\"},\"url\":\"https:\\\/\\\/basaworldtravel.com.ar\\\/sitio\\\/author\\\/basaweb\\\/\"}]}<\/script>\n<!-- \/ Yoast SEO plugin. -->","yoast_head_json":{"title":"VILLA GESELL 3-VERANO 2027 - Basa","robots":{"index":"index","follow":"follow","max-snippet":"max-snippet:-1","max-image-preview":"max-image-preview:large","max-video-preview":"max-video-preview:-1"},"canonical":"https:\/\/basaworldtravel.com.ar\/sitio\/2026\/08\/villa-gesell-3-verano-2027\/","og_locale":"es_ES","og_type":"article","og_title":"VILLA GESELL 3-VERANO 2027 - Basa","og_description":"Actividades al aire libre como canchas de golf, cabalgatas, paseos por el bosque, jet esqu\u00ed, esqu\u00ed acu\u00e1tico, surf, windsurf, v\u00f3ley, hockey, tejo, paleta, salir a correr y otras actividades.","og_url":"https:\/\/basaworldtravel.com.ar\/sitio\/2026\/08\/villa-gesell-3-verano-2027\/","og_site_name":"Basa","article_published_time":"2026-08-12T12:19:38+00:00","article_modified_time":"2026-08-12T12:19:40+00:00","og_image":[{"width":500,"height":500,"url":"https:\/\/basaworldtravel.com.ar\/sitio\/wp-content\/uploads\/2026\/08\/sandboard-mar-azul-GESELL.jpg","type":"image\/jpeg"}],"author":"BasaWeb","twitter_card":"summary_large_image","twitter_misc":{"Escrito por":"BasaWeb","Tiempo de lectura":"2 minutos"},"schema":{"@context":"https:\/\/schema.org","@graph":[{"@type":"Article","@id":"https:\/\/basaworldtravel.com.ar\/sitio\/2026\/08\/villa-gesell-3-verano-2027\/#article","isPartOf":{"@id":"https:\/\/basaworldtravel.com.ar\/sitio\/2026\/08\/villa-gesell-3-verano-2027\/"},"author":{"name":"BasaWeb","@id":"https:\/\/basaworldtravel.com.ar\/sitio\/#\/schema\/person\/d89b1d641794d338c41cd3818beabd4c"},"headline":"VILLA GESELL 3-VERANO 2027","datePublished":"2026-08-12T12:19:38+00:00","dateModified":"2026-08-12T12:19:40+00:00","mainEntityOfPage":{"@id":"https:\/\/basaworldtravel.com.ar\/sitio\/2026\/08\/villa-gesell-3-verano-2027\/"},"wordCount":411,"image":{"@id":"https:\/\/basaworldtravel.com.ar\/sitio\/2026\/08\/villa-gesell-3-verano-2027\/#primaryimage"},"thumbnailUrl":"https:\/\/basaworldtravel.com.ar\/sitio\/wp-content\/uploads\/2026\/08\/sandboard-mar-azul-GESELL.jpg","articleSection":["Argentina","Paquetes","Sudam\u00e9rica"],"inLanguage":"es"},{"@type":"WebPage","@id":"https:\/\/basaworldtravel.com.ar\/sitio\/2026\/08\/villa-gesell-3-verano-2027\/","url":"https:\/\/basaworldtravel.com.ar\/sitio\/2026\/08\/villa-gesell-3-verano-2027\/","name":"VILLA GESELL 3-VERANO 2027 - Basa","isPartOf":{"@id":"https:\/\/basaworldtravel.com.ar\/sitio\/#website"},"primaryImageOfPage":{"@id":"https:\/\/basaworldtravel.com.ar\/sitio\/2026\/08\/villa-gesell-3-verano-2027\/#primaryimage"},"image":{"@id":"https:\/\/basaworldtravel.com.ar\/sitio\/2026\/08\/villa-gesell-3-verano-2027\/#primaryimage"},"thumbnailUrl":"https:\/\/basaworldtravel.com.ar\/sitio\/wp-content\/uploads\/2026\/08\/sandboard-mar-azul-GESELL.jpg","datePublished":"2026-08-12T12:19:38+00:00","dateModified":"2026-08-12T12:19:40+00:00","author":{"@id":"https:\/\/basaworldtravel.com.ar\/sitio\/#\/schema\/person\/d89b1d641794d338c41cd3818beabd4c"},"breadcrumb":{"@id":"https:\/\/basaworldtravel.com.ar\/sitio\/2026\/08\/villa-gesell-3-verano-2027\/#breadcrumb"},"inLanguage":"es","potentialAction":[{"@type":"ReadAction","target":["https:\/\/basaworldtravel.com.ar\/sitio\/2026\/08\/villa-gesell-3-verano-2027\/"]}]},{"@type":"ImageObject","inLanguage":"es","@id":"https:\/\/basaworldtravel.com.ar\/sitio\/2026\/08\/villa-gesell-3-verano-2027\/#primaryimage","url":"https:\/\/basaworldtravel.com.ar\/sitio\/wp-content\/uploads\/2026\/08\/sandboard-mar-azul-GESELL.jpg","contentUrl":"https:\/\/basaworldtravel.com.ar\/sitio\/wp-content\/uploads\/2026\/08\/sandboard-mar-azul-GESELL.jpg","width":500,"height":500},{"@type":"BreadcrumbList","@id":"https:\/\/basaworldtravel.com.ar\/sitio\/2026\/08\/villa-gesell-3-verano-2027\/#breadcrumb","itemListElement":[{"@type":"ListItem","position":1,"name":"Portada","item":"https:\/\/basaworldtravel.com.ar\/sitio\/"},{"@type":"ListItem","position":2,"name":"VILLA GESELL 3-VERANO 2027"}]},{"@type":"WebSite","@id":"https:\/\/basaworldtravel.com.ar\/sitio\/#website","url":"https:\/\/basaworldtravel.com.ar\/sitio\/","name":"Basa","description":"World Travel","potentialAction":[{"@type":"SearchAction","target":{"@type":"EntryPoint","urlTemplate":"https:\/\/basaworldtravel.com.ar\/sitio\/?s={search_term_string}"},"query-input":{"@type":"PropertyValueSpecification","valueRequired":true,"valueName":"search_term_string"}}],"inLanguage":"es"},{"@type":"Person","@id":"https:\/\/basaworldtravel.com.ar\/sitio\/#\/schema\/person\/d89b1d641794d338c41cd3818beabd4c","name":"BasaWeb","image":{"@type":"ImageObject","inLanguage":"es","@id":"https:\/\/secure.gravatar.com\/avatar\/13e699648957af0aba903942fee2a1fc533d92bcd43fcf375a4df1edc2708698?s=96&d=mm&r=g","url":"https:\/\/secure.gravatar.com\/avatar\/13e699648957af0aba903942fee2a1fc533d92bcd43fcf375a4df1edc2708698?s=96&d=mm&r=g","contentUrl":"https:\/\/secure.gravatar.com\/avatar\/13e699648957af0aba903942fee2a1fc533d92bcd43fcf375a4df1edc2708698?s=96&d=mm&r=g","caption":"BasaWeb"},"url":"https:\/\/basaworldtravel.com.ar\/sitio\/author\/basaweb\/"}]}},"_links":{"self":[{"href":"https:\/\/basaworldtravel.com.ar\/sitio\/wp-json\/wp\/v2\/posts\/157368","targetHints":{"allow":["GET"]}}],"collection":[{"href":"https:\/\/basaworldtravel.com.ar\/sitio\/wp-json\/wp\/v2\/posts"}],"about":[{"href":"https:\/\/basaworldtravel.com.ar\/sitio\/wp-json\/wp\/v2\/types\/post"}],"author":[{"embeddable":true,"href":"https:\/\/basaworldtravel.com.ar\/sitio\/wp-json\/wp\/v2\/users\/2"}],"replies":[{"embeddable":true,"href":"https:\/\/basaworldtravel.com.ar\/sitio\/wp-json\/wp\/v2\/comments?post=157368"}],"version-history":[{"count":1,"href":"https:\/\/basaworldtravel.com.ar\/sitio\/wp-json\/wp\/v2\/posts\/157368\/revisions"}],"predecessor-version":[{"id":157370,"href":"https:\/\/basaworldtravel.com.ar\/sitio\/wp-json\/wp\/v2\/posts\/157368\/revisions\/157370"}],"wp:featuredmedia":[{"embeddable":true,"href":"https:\/\/basaworldtravel.com.ar\/sitio\/wp-json\/wp\/v2\/media\/157369"}],"wp:attachment":[{"href":"https:\/\/basaworldtravel.com.ar\/sitio\/wp-json\/wp\/v2\/media?parent=157368"}],"wp:term":[{"taxonomy":"category","embeddable":true,"href":"https:\/\/basaworldtravel.com.ar\/sitio\/wp-json\/wp\/v2\/categories?post=157368"},{"taxonomy":"post_tag","embeddable":true,"href":"https:\/\/basaworldtravel.com.ar\/sitio\/wp-json\/wp\/v2\/tags?post=157368"}],"curies":[{"name":"wp","href":"https:\/\/api.w.org\/{rel}","templated":true}]}}