{"id":157301,"date":"2026-08-05T08:48:00","date_gmt":"2026-08-05T11:48:00","guid":{"rendered":"https:\/\/basaworldtravel.com.ar\/?p=157301"},"modified":"2026-08-05T10:09:32","modified_gmt":"2026-08-05T13:09:32","slug":"camboriu-2027-marit","status":"publish","type":"post","link":"https:\/\/basaworldtravel.com.ar\/sitio\/2026\/08\/camboriu-2027-marit\/","title":{"rendered":"CAMBORIU-2027"},"content":{"rendered":"\n<p>Salidas: 04 &#8211; 11 &#8211; 18 &#8211; 25 ENERO \/01 &#8211; 08 &#8211; 15 &#8211; 22 FEBRERO\/ 01 &#8211; 08 &#8211; 15 &#8211; 22 &#8211; 29 MARZO<br><br>Bus Semicama <\/p>\n\n\n\n<p> Butacas panor\u00e1micas (primera fila) y\/o cafeteras USD 40 por persona<\/p>\n\n\n\n<p>7 NOCHES DE ALOJAMIENTO <\/p>\n\n\n\n<p>MEDIA PENSI\u00d3N <\/p>\n\n\n\n<p>Incluye asistencia m\u00e9dica MASTER BASIC 25 K <\/p>\n\n\n\n<p><strong>Salidas: 04 &#8211; 11 &#8211; 18 &#8211; 25 ENERO<\/strong><\/p>\n\n\n\n<p>OPCI\u00d3N 1 : <strong>HOTEL MELO<\/strong> 3*superior <\/p>\n\n\n\n<p>Ubicaci\u00f3n \u00fanica, a metros del mar. Desayuno buffet de calidad en el hotel. Cena en restaurante externo Habitaciones 100% renovadas. Una sombrilla por habitaci\u00f3n. <\/p>\n\n\n\n<p>USD740 P\u00d2R PERSONA EN BASE DOBLE \/TRIPLE<\/p>\n\n\n\n<p> OPCI\u00d3N 2: <strong>HOTEL RIEGER<\/strong> 4* superior <\/p>\n\n\n\n<p>A 300 metros de la playa. El hotel cuenta con pileta cubierta y al exterior, gimnasio, sala de TV, sala de juegos. Las habitaciones tipo apart, est\u00e1n equipada con TV por cable, aire acondicionado split, frigobar, vajilla simple, tel\u00e9fono, caja fuerte, escritorio, wi-fi y camas con sommier. Una sombrilla por habitaci\u00f3n. USD800 POR PERSONA EN BASE DOBLE\/TRIPLE<\/p>\n\n\n\n<p><strong>SALIDAS 01 &#8211; 08 &#8211; 15 &#8211; 22 FEBRERO<\/strong><\/p>\n\n\n\n<p>OPCI\u00d3N 1 : <strong>HOTEL MELO<\/strong> 3*superior <\/p>\n\n\n\n<p>Ubicaci\u00f3n \u00fanica, a metros del mar. Desayuno buffet de calidad en el hotel. Cena en restaurante externo Habitaciones 100% renovadas. Una sombrilla por habitaci\u00f3n. <\/p>\n\n\n\n<p>USD690  P\u00d2R PERSONA EN BASE DOBLE \/TRIPLE<\/p>\n\n\n\n<p> OPCI\u00d3N 2: <strong>HOTEL RIEGER<\/strong> 4* superior <\/p>\n\n\n\n<p>A 300 metros de la playa. El hotel cuenta con pileta cubierta y al exterior, gimnasio, sala de TV, sala de juegos. Las habitaciones tipo apart, est\u00e1n equipada con TV por cable, aire acondicionado split, frigobar, vajilla simple, tel\u00e9fono, caja fuerte, escritorio, wi-fi y camas con sommier. Una sombrilla por habitaci\u00f3n. USD760 POR PERSONA EN BASE DOBLE\/TRIPLE<\/p>\n\n\n\n<p><strong> SALIDAS 01 &#8211; 08 &#8211; 15 &#8211; 22 &#8211; 29 MARZO<\/strong><\/p>\n\n\n\n<p>OPCI\u00d3N 1 : <strong>HOTEL MELO<\/strong> 3*superior<\/p>\n\n\n\n<p>Ubicaci\u00f3n \u00fanica, a metros del mar. Desayuno buffet de calidad en el hotel. Cena en restaurante externo Habitaciones 100% renovadas. Una sombrilla por habitaci\u00f3n. <\/p>\n\n\n\n<p>USD635 P\u00d2R PERSONA EN BASE DOBLE \/TRIPLE<\/p>\n\n\n\n<p> OPCI\u00d3N 2: <strong>HOTEL RIEGER<\/strong> 4* superior <\/p>\n\n\n\n<p>A 300 metros de la playa. El hotel cuenta con pileta cubierta y al exterior, gimnasio, sala de TV, sala de juegos. Las habitaciones tipo apart, est\u00e1n equipada con TV por cable, aire acondicionado split, frigobar, vajilla simple, tel\u00e9fono, caja fuerte, escritorio, wi-fi y camas con sommier. Una sombrilla por habitaci\u00f3n. USD690 POR PERSONA EN BASE DOBLE\/TRIPLE<\/p>\n\n\n\n<ul class=\"wp-block-list\">\n<li><strong>Tarifas expresadas en d\u00f3lares, sujetas a variaci\u00f3n sin previo aviso.<\/strong><\/li>\n\n\n\n<li><strong>Se\u00f1a: realizar se\u00f1a del 40%, a las 72 hs. de la fecha del alta de la reserva. La se\u00f1a reserva lugares y congela tarifa.<\/strong><\/li>\n\n\n\n<li><strong>El saldo total deber\u00e1 realizarse 20 d\u00edas previos a la salida.<\/strong><\/li>\n\n\n\n<li><strong>Las cuotas deber\u00e1n ser abonadas los primeros 20 d\u00edas de cada mes. De no pagarse en fecha, la reserv\u00e1 se considerar\u00e1 cancelada<\/strong><\/li>\n\n\n\n<li><strong>En caso de cancelaci\u00f3n, no se reintegrar\u00e1n los montos abonados, pudi\u00e9ndose hacer el cambio de nombre hasta 1 mes antes de la salida.&nbsp;<\/strong><\/li>\n\n\n\n<li><strong>Pago en d\u00f3lar billete o transferencia bancaria en d\u00f3lares<\/strong><\/li>\n<\/ul>\n\n\n\n<hr class=\"wp-block-separator has-alpha-channel-opacity\"\/>\n\n\n\n<p><strong>Incluye asistencia m\u00e9dica MASTER BASIC 25 K<\/strong><\/p>\n\n\n\n<p><strong><a href=\"https:\/\/marittimaoperadores.com\/wp-content\/uploads\/2025\/08\/Master-Basic-25k-.pdf\" target=\"_blank\" rel=\"noreferrer noopener\">Detalle de la asistencia m\u00e9dica<\/a>&nbsp;<\/strong><\/p>\n\n\n\n<ul class=\"wp-block-list\">\n<li><strong>Adicional desde 71 a\u00f1os hasta 85 a\u00f1os USD 15 (neto).<\/strong><\/li>\n\n\n\n<li><strong>Adicional desde 86 a\u00f1os USD 30 (neto).<\/strong><\/li>\n<\/ul>\n\n\n\n<hr class=\"wp-block-separator has-alpha-channel-opacity\"\/>\n\n\n\n<p><em><strong>Embarque sujeto a documentaci\u00f3n en regla<\/strong>:<\/em>&nbsp;El pasajero es responsable exclusivamente de contar con la documentaci\u00f3n vigente y necesaria para salir del pa\u00eds.<\/p>\n\n\n\n<hr class=\"wp-block-separator has-alpha-channel-opacity\"\/>\n\n\n\n<p><strong>Pol\u00edtica de menores:<\/strong><\/p>\n\n\n\n<ul class=\"wp-block-list\">\n<li>De 0 a 2 a\u00f1os: sin cargo y sin servicios. Abona asistencia m\u00e9dica:&nbsp;<strong>USD 30<\/strong>&nbsp;.<\/li>\n\n\n\n<li>De 3 a 5 a\u00f1os cumplidos: abonan butaca, no incluye dem\u00e1s servicios. Valor butaca menor:&nbsp;<strong>USD 220<\/strong>&nbsp;.<\/li>\n\n\n\n<li>A partir de los 6 a\u00f1os cumplidos abonan tarifa de adulto.<\/li>\n<\/ul>\n","protected":false},"excerpt":{"rendered":"<p>Playas espectaculares, gastronom\u00eda, diversi\u00f3n y paisajes \u00fanicos<\/p>\n","protected":false},"author":2,"featured_media":723,"comment_status":"closed","ping_status":"open","sticky":false,"template":"","format":"standard","meta":{"_acf_changed":false,"footnotes":""},"categories":[40,5,245],"tags":[853,41,80,24],"class_list":["post-157301","post","type-post","status-publish","format-standard","has-post-thumbnail","hentry","category-brasil","category-paquetes","category-sudamerica","tag-853","tag-brasil","tag-salidas-grupales","tag-verano","category-40","category-5","category-245","description-off"],"acf":[],"yoast_head":"<!-- This site is optimized with the Yoast SEO plugin v28.4 - https:\/\/yoast.com\/product\/yoast-seo-wordpress\/ -->\n<title>CAMBORIU-2027 - Basa<\/title>\n<meta name=\"robots\" content=\"index, follow, max-snippet:-1, max-image-preview:large, max-video-preview:-1\" \/>\n<link rel=\"canonical\" href=\"https:\/\/basaworldtravel.com.ar\/sitio\/2026\/08\/camboriu-2027-marit\/\" \/>\n<meta property=\"og:locale\" content=\"es_ES\" \/>\n<meta property=\"og:type\" content=\"article\" \/>\n<meta property=\"og:title\" content=\"CAMBORIU-2027 - Basa\" \/>\n<meta property=\"og:description\" content=\"Playas espectaculares, gastronom\u00eda, diversi\u00f3n y paisajes \u00fanicos\" \/>\n<meta property=\"og:url\" content=\"https:\/\/basaworldtravel.com.ar\/sitio\/2026\/08\/camboriu-2027-marit\/\" \/>\n<meta property=\"og:site_name\" content=\"Basa\" \/>\n<meta property=\"article:published_time\" content=\"2026-08-05T11:48:00+00:00\" \/>\n<meta property=\"article:modified_time\" content=\"2026-08-05T13:09:32+00:00\" \/>\n<meta property=\"og:image\" content=\"https:\/\/basaworldtravel.com.ar\/sitio\/wp-content\/uploads\/2021\/12\/CAMBORIU.jpg\" \/>\n\t<meta property=\"og:image:width\" content=\"1080\" \/>\n\t<meta property=\"og:image:height\" content=\"1350\" \/>\n\t<meta property=\"og:image:type\" content=\"image\/jpeg\" \/>\n<meta name=\"author\" content=\"BasaWeb\" \/>\n<meta name=\"twitter:card\" content=\"summary_large_image\" \/>\n<meta name=\"twitter:label1\" content=\"Escrito por\" \/>\n\t<meta name=\"twitter:data1\" content=\"BasaWeb\" \/>\n\t<meta name=\"twitter:label2\" content=\"Tiempo de lectura\" \/>\n\t<meta name=\"twitter:data2\" content=\"3 minutos\" \/>\n<script type=\"application\/ld+json\" class=\"yoast-schema-graph\">{\"@context\":\"https:\\\/\\\/schema.org\",\"@graph\":[{\"@type\":\"Article\",\"@id\":\"https:\\\/\\\/basaworldtravel.com.ar\\\/sitio\\\/2026\\\/08\\\/camboriu-2027-marit\\\/#article\",\"isPartOf\":{\"@id\":\"https:\\\/\\\/basaworldtravel.com.ar\\\/sitio\\\/2026\\\/08\\\/camboriu-2027-marit\\\/\"},\"author\":{\"name\":\"BasaWeb\",\"@id\":\"https:\\\/\\\/basaworldtravel.com.ar\\\/sitio\\\/#\\\/schema\\\/person\\\/d89b1d641794d338c41cd3818beabd4c\"},\"headline\":\"CAMBORIU-2027\",\"datePublished\":\"2026-08-05T11:48:00+00:00\",\"dateModified\":\"2026-08-05T13:09:32+00:00\",\"mainEntityOfPage\":{\"@id\":\"https:\\\/\\\/basaworldtravel.com.ar\\\/sitio\\\/2026\\\/08\\\/camboriu-2027-marit\\\/\"},\"wordCount\":579,\"image\":{\"@id\":\"https:\\\/\\\/basaworldtravel.com.ar\\\/sitio\\\/2026\\\/08\\\/camboriu-2027-marit\\\/#primaryimage\"},\"thumbnailUrl\":\"https:\\\/\\\/basaworldtravel.com.ar\\\/sitio\\\/wp-content\\\/uploads\\\/2021\\\/12\\\/CAMBORIU.jpg\",\"keywords\":[\"2027\",\"BRASIL\",\"SALIDAS GRUPALES\",\"VERANO\"],\"articleSection\":[\"Brasil\",\"Paquetes\",\"Sudam\u00e9rica\"],\"inLanguage\":\"es\"},{\"@type\":\"WebPage\",\"@id\":\"https:\\\/\\\/basaworldtravel.com.ar\\\/sitio\\\/2026\\\/08\\\/camboriu-2027-marit\\\/\",\"url\":\"https:\\\/\\\/basaworldtravel.com.ar\\\/sitio\\\/2026\\\/08\\\/camboriu-2027-marit\\\/\",\"name\":\"CAMBORIU-2027 - Basa\",\"isPartOf\":{\"@id\":\"https:\\\/\\\/basaworldtravel.com.ar\\\/sitio\\\/#website\"},\"primaryImageOfPage\":{\"@id\":\"https:\\\/\\\/basaworldtravel.com.ar\\\/sitio\\\/2026\\\/08\\\/camboriu-2027-marit\\\/#primaryimage\"},\"image\":{\"@id\":\"https:\\\/\\\/basaworldtravel.com.ar\\\/sitio\\\/2026\\\/08\\\/camboriu-2027-marit\\\/#primaryimage\"},\"thumbnailUrl\":\"https:\\\/\\\/basaworldtravel.com.ar\\\/sitio\\\/wp-content\\\/uploads\\\/2021\\\/12\\\/CAMBORIU.jpg\",\"datePublished\":\"2026-08-05T11:48:00+00:00\",\"dateModified\":\"2026-08-05T13:09:32+00:00\",\"author\":{\"@id\":\"https:\\\/\\\/basaworldtravel.com.ar\\\/sitio\\\/#\\\/schema\\\/person\\\/d89b1d641794d338c41cd3818beabd4c\"},\"breadcrumb\":{\"@id\":\"https:\\\/\\\/basaworldtravel.com.ar\\\/sitio\\\/2026\\\/08\\\/camboriu-2027-marit\\\/#breadcrumb\"},\"inLanguage\":\"es\",\"potentialAction\":[{\"@type\":\"ReadAction\",\"target\":[\"https:\\\/\\\/basaworldtravel.com.ar\\\/sitio\\\/2026\\\/08\\\/camboriu-2027-marit\\\/\"]}]},{\"@type\":\"ImageObject\",\"inLanguage\":\"es\",\"@id\":\"https:\\\/\\\/basaworldtravel.com.ar\\\/sitio\\\/2026\\\/08\\\/camboriu-2027-marit\\\/#primaryimage\",\"url\":\"https:\\\/\\\/basaworldtravel.com.ar\\\/sitio\\\/wp-content\\\/uploads\\\/2021\\\/12\\\/CAMBORIU.jpg\",\"contentUrl\":\"https:\\\/\\\/basaworldtravel.com.ar\\\/sitio\\\/wp-content\\\/uploads\\\/2021\\\/12\\\/CAMBORIU.jpg\",\"width\":1080,\"height\":1350},{\"@type\":\"BreadcrumbList\",\"@id\":\"https:\\\/\\\/basaworldtravel.com.ar\\\/sitio\\\/2026\\\/08\\\/camboriu-2027-marit\\\/#breadcrumb\",\"itemListElement\":[{\"@type\":\"ListItem\",\"position\":1,\"name\":\"Portada\",\"item\":\"https:\\\/\\\/basaworldtravel.com.ar\\\/sitio\\\/\"},{\"@type\":\"ListItem\",\"position\":2,\"name\":\"CAMBORIU-2027\"}]},{\"@type\":\"WebSite\",\"@id\":\"https:\\\/\\\/basaworldtravel.com.ar\\\/sitio\\\/#website\",\"url\":\"https:\\\/\\\/basaworldtravel.com.ar\\\/sitio\\\/\",\"name\":\"Basa\",\"description\":\"World Travel\",\"potentialAction\":[{\"@type\":\"SearchAction\",\"target\":{\"@type\":\"EntryPoint\",\"urlTemplate\":\"https:\\\/\\\/basaworldtravel.com.ar\\\/sitio\\\/?s={search_term_string}\"},\"query-input\":{\"@type\":\"PropertyValueSpecification\",\"valueRequired\":true,\"valueName\":\"search_term_string\"}}],\"inLanguage\":\"es\"},{\"@type\":\"Person\",\"@id\":\"https:\\\/\\\/basaworldtravel.com.ar\\\/sitio\\\/#\\\/schema\\\/person\\\/d89b1d641794d338c41cd3818beabd4c\",\"name\":\"BasaWeb\",\"image\":{\"@type\":\"ImageObject\",\"inLanguage\":\"es\",\"@id\":\"https:\\\/\\\/secure.gravatar.com\\\/avatar\\\/13e699648957af0aba903942fee2a1fc533d92bcd43fcf375a4df1edc2708698?s=96&d=mm&r=g\",\"url\":\"https:\\\/\\\/secure.gravatar.com\\\/avatar\\\/13e699648957af0aba903942fee2a1fc533d92bcd43fcf375a4df1edc2708698?s=96&d=mm&r=g\",\"contentUrl\":\"https:\\\/\\\/secure.gravatar.com\\\/avatar\\\/13e699648957af0aba903942fee2a1fc533d92bcd43fcf375a4df1edc2708698?s=96&d=mm&r=g\",\"caption\":\"BasaWeb\"},\"url\":\"https:\\\/\\\/basaworldtravel.com.ar\\\/sitio\\\/author\\\/basaweb\\\/\"}]}<\/script>\n<!-- \/ Yoast SEO plugin. -->","yoast_head_json":{"title":"CAMBORIU-2027 - Basa","robots":{"index":"index","follow":"follow","max-snippet":"max-snippet:-1","max-image-preview":"max-image-preview:large","max-video-preview":"max-video-preview:-1"},"canonical":"https:\/\/basaworldtravel.com.ar\/sitio\/2026\/08\/camboriu-2027-marit\/","og_locale":"es_ES","og_type":"article","og_title":"CAMBORIU-2027 - Basa","og_description":"Playas espectaculares, gastronom\u00eda, diversi\u00f3n y paisajes \u00fanicos","og_url":"https:\/\/basaworldtravel.com.ar\/sitio\/2026\/08\/camboriu-2027-marit\/","og_site_name":"Basa","article_published_time":"2026-08-05T11:48:00+00:00","article_modified_time":"2026-08-05T13:09:32+00:00","og_image":[{"width":1080,"height":1350,"url":"https:\/\/basaworldtravel.com.ar\/sitio\/wp-content\/uploads\/2021\/12\/CAMBORIU.jpg","type":"image\/jpeg"}],"author":"BasaWeb","twitter_card":"summary_large_image","twitter_misc":{"Escrito por":"BasaWeb","Tiempo de lectura":"3 minutos"},"schema":{"@context":"https:\/\/schema.org","@graph":[{"@type":"Article","@id":"https:\/\/basaworldtravel.com.ar\/sitio\/2026\/08\/camboriu-2027-marit\/#article","isPartOf":{"@id":"https:\/\/basaworldtravel.com.ar\/sitio\/2026\/08\/camboriu-2027-marit\/"},"author":{"name":"BasaWeb","@id":"https:\/\/basaworldtravel.com.ar\/sitio\/#\/schema\/person\/d89b1d641794d338c41cd3818beabd4c"},"headline":"CAMBORIU-2027","datePublished":"2026-08-05T11:48:00+00:00","dateModified":"2026-08-05T13:09:32+00:00","mainEntityOfPage":{"@id":"https:\/\/basaworldtravel.com.ar\/sitio\/2026\/08\/camboriu-2027-marit\/"},"wordCount":579,"image":{"@id":"https:\/\/basaworldtravel.com.ar\/sitio\/2026\/08\/camboriu-2027-marit\/#primaryimage"},"thumbnailUrl":"https:\/\/basaworldtravel.com.ar\/sitio\/wp-content\/uploads\/2021\/12\/CAMBORIU.jpg","keywords":["2027","BRASIL","SALIDAS GRUPALES","VERANO"],"articleSection":["Brasil","Paquetes","Sudam\u00e9rica"],"inLanguage":"es"},{"@type":"WebPage","@id":"https:\/\/basaworldtravel.com.ar\/sitio\/2026\/08\/camboriu-2027-marit\/","url":"https:\/\/basaworldtravel.com.ar\/sitio\/2026\/08\/camboriu-2027-marit\/","name":"CAMBORIU-2027 - Basa","isPartOf":{"@id":"https:\/\/basaworldtravel.com.ar\/sitio\/#website"},"primaryImageOfPage":{"@id":"https:\/\/basaworldtravel.com.ar\/sitio\/2026\/08\/camboriu-2027-marit\/#primaryimage"},"image":{"@id":"https:\/\/basaworldtravel.com.ar\/sitio\/2026\/08\/camboriu-2027-marit\/#primaryimage"},"thumbnailUrl":"https:\/\/basaworldtravel.com.ar\/sitio\/wp-content\/uploads\/2021\/12\/CAMBORIU.jpg","datePublished":"2026-08-05T11:48:00+00:00","dateModified":"2026-08-05T13:09:32+00:00","author":{"@id":"https:\/\/basaworldtravel.com.ar\/sitio\/#\/schema\/person\/d89b1d641794d338c41cd3818beabd4c"},"breadcrumb":{"@id":"https:\/\/basaworldtravel.com.ar\/sitio\/2026\/08\/camboriu-2027-marit\/#breadcrumb"},"inLanguage":"es","potentialAction":[{"@type":"ReadAction","target":["https:\/\/basaworldtravel.com.ar\/sitio\/2026\/08\/camboriu-2027-marit\/"]}]},{"@type":"ImageObject","inLanguage":"es","@id":"https:\/\/basaworldtravel.com.ar\/sitio\/2026\/08\/camboriu-2027-marit\/#primaryimage","url":"https:\/\/basaworldtravel.com.ar\/sitio\/wp-content\/uploads\/2021\/12\/CAMBORIU.jpg","contentUrl":"https:\/\/basaworldtravel.com.ar\/sitio\/wp-content\/uploads\/2021\/12\/CAMBORIU.jpg","width":1080,"height":1350},{"@type":"BreadcrumbList","@id":"https:\/\/basaworldtravel.com.ar\/sitio\/2026\/08\/camboriu-2027-marit\/#breadcrumb","itemListElement":[{"@type":"ListItem","position":1,"name":"Portada","item":"https:\/\/basaworldtravel.com.ar\/sitio\/"},{"@type":"ListItem","position":2,"name":"CAMBORIU-2027"}]},{"@type":"WebSite","@id":"https:\/\/basaworldtravel.com.ar\/sitio\/#website","url":"https:\/\/basaworldtravel.com.ar\/sitio\/","name":"Basa","description":"World Travel","potentialAction":[{"@type":"SearchAction","target":{"@type":"EntryPoint","urlTemplate":"https:\/\/basaworldtravel.com.ar\/sitio\/?s={search_term_string}"},"query-input":{"@type":"PropertyValueSpecification","valueRequired":true,"valueName":"search_term_string"}}],"inLanguage":"es"},{"@type":"Person","@id":"https:\/\/basaworldtravel.com.ar\/sitio\/#\/schema\/person\/d89b1d641794d338c41cd3818beabd4c","name":"BasaWeb","image":{"@type":"ImageObject","inLanguage":"es","@id":"https:\/\/secure.gravatar.com\/avatar\/13e699648957af0aba903942fee2a1fc533d92bcd43fcf375a4df1edc2708698?s=96&d=mm&r=g","url":"https:\/\/secure.gravatar.com\/avatar\/13e699648957af0aba903942fee2a1fc533d92bcd43fcf375a4df1edc2708698?s=96&d=mm&r=g","contentUrl":"https:\/\/secure.gravatar.com\/avatar\/13e699648957af0aba903942fee2a1fc533d92bcd43fcf375a4df1edc2708698?s=96&d=mm&r=g","caption":"BasaWeb"},"url":"https:\/\/basaworldtravel.com.ar\/sitio\/author\/basaweb\/"}]}},"_links":{"self":[{"href":"https:\/\/basaworldtravel.com.ar\/sitio\/wp-json\/wp\/v2\/posts\/157301","targetHints":{"allow":["GET"]}}],"collection":[{"href":"https:\/\/basaworldtravel.com.ar\/sitio\/wp-json\/wp\/v2\/posts"}],"about":[{"href":"https:\/\/basaworldtravel.com.ar\/sitio\/wp-json\/wp\/v2\/types\/post"}],"author":[{"embeddable":true,"href":"https:\/\/basaworldtravel.com.ar\/sitio\/wp-json\/wp\/v2\/users\/2"}],"replies":[{"embeddable":true,"href":"https:\/\/basaworldtravel.com.ar\/sitio\/wp-json\/wp\/v2\/comments?post=157301"}],"version-history":[{"count":3,"href":"https:\/\/basaworldtravel.com.ar\/sitio\/wp-json\/wp\/v2\/posts\/157301\/revisions"}],"predecessor-version":[{"id":157310,"href":"https:\/\/basaworldtravel.com.ar\/sitio\/wp-json\/wp\/v2\/posts\/157301\/revisions\/157310"}],"wp:featuredmedia":[{"embeddable":true,"href":"https:\/\/basaworldtravel.com.ar\/sitio\/wp-json\/wp\/v2\/media\/723"}],"wp:attachment":[{"href":"https:\/\/basaworldtravel.com.ar\/sitio\/wp-json\/wp\/v2\/media?parent=157301"}],"wp:term":[{"taxonomy":"category","embeddable":true,"href":"https:\/\/basaworldtravel.com.ar\/sitio\/wp-json\/wp\/v2\/categories?post=157301"},{"taxonomy":"post_tag","embeddable":true,"href":"https:\/\/basaworldtravel.com.ar\/sitio\/wp-json\/wp\/v2\/tags?post=157301"}],"curies":[{"name":"wp","href":"https:\/\/api.w.org\/{rel}","templated":true}]}}