{"id":157286,"date":"2026-07-31T11:27:00","date_gmt":"2026-07-31T14:27:00","guid":{"rendered":"https:\/\/basaworldtravel.com.ar\/?p=157286"},"modified":"2026-08-04T09:40:57","modified_gmt":"2026-08-04T12:40:57","slug":"ballenas-y-tulipanes-septiembre","status":"publish","type":"post","link":"https:\/\/basaworldtravel.com.ar\/sitio\/2026\/07\/ballenas-y-tulipanes-septiembre\/","title":{"rendered":"BALLENAS Y TULIPANES \u2013 SEPTIEMBRE"},"content":{"rendered":"\n<p>Salidas 12 y 21 de Septiembre 2026<\/p>\n\n\n\n<p>4 noches de alojamiento <\/p>\n\n\n\n<p>Bus MIx -Adicional Butaca Cama $50.600 por persona <\/p>\n\n\n\n<p><strong>EXCURSIONES INCLUIDAS <\/strong><\/p>\n\n\n\n<p>City Tour Puerto Madryn. <\/p>\n\n\n\n<p>Pen\u00ednsula Valdes hasta Puerto Pir\u00e1mides. ( no incluye navegaci\u00f3n) Valle Inferior ( Trelew y Gaiman), con traslado al Campo de Tulipanes de la localidad de 28 de Julio (el pasajero solo paga entrada). <\/p>\n\n\n\n<p>Visita al Balneario de Las Grutas. ( en viaje de regreso) <\/p>\n\n\n\n<p><strong>Hostal del Rey <\/strong>Desayuno<\/p>\n\n\n\n<p>$505.500 por persona en base doble \/triple -Adicional MAP $140.000 por persona <\/p>\n\n\n\n<p><strong>Hotel Rayentray<\/strong> Desayuno <\/p>\n\n\n\n<p>$626.900 por persona en base doble \/triple<\/p>\n\n\n\n<div data-wp-interactive=\"core\/file\" class=\"wp-block-file\"><object data-wp-bind--hidden=\"!state.hasPdfPreview\" hidden class=\"wp-block-file__embed\" data=\"https:\/\/basaworldtravel.com.ar\/sitio\/wp-content\/uploads\/2026\/07\/Itinerario-MADRYN-4-noches-ballenas-tulipanes-y-pinguinos.pdf\" type=\"application\/pdf\" style=\"width:100%;height:600px\" aria-label=\"Incrustado de Itinerario-MADRYN-4-noches-ballenas-tulipanes-y-pinguinos.\"><\/object><a id=\"wp-block-file--media-61a03332-db21-4e9a-a881-03773caf4b9b\" href=\"https:\/\/basaworldtravel.com.ar\/sitio\/wp-content\/uploads\/2026\/07\/Itinerario-MADRYN-4-noches-ballenas-tulipanes-y-pinguinos.pdf\">Itinerario-MADRYN-4-noches-ballenas-tulipanes-y-pinguinos<\/a><a href=\"https:\/\/basaworldtravel.com.ar\/sitio\/wp-content\/uploads\/2026\/07\/Itinerario-MADRYN-4-noches-ballenas-tulipanes-y-pinguinos.pdf\" class=\"wp-block-file__button wp-element-button\" download aria-describedby=\"wp-block-file--media-61a03332-db21-4e9a-a881-03773caf4b9b\">Descarga<\/a><\/div>\n\n\n\n<p><strong>Pol\u00edtica de menores<\/strong><\/p>\n\n\n\n<ul class=\"wp-block-list\">\n<li>De 0 a 2 a\u00f1os: sin cargo y sin servicios<\/li>\n\n\n\n<li>3 a\u00f1os cumplidos: abonan butaca, no incluye dem\u00e1s servicios.<\/li>\n\n\n\n<li>A partir de los 4 a\u00f1os cumplidos abonan tarifa de adulto.<\/li>\n<\/ul>\n\n\n\n<hr class=\"wp-block-separator has-alpha-channel-opacity\"\/>\n\n\n\n<ul class=\"wp-block-list\">\n<li>Modalidad a compartir garantizada en doble o triple: a confirmar el tipo de la habitaci\u00f3n, manteniendo as\u00ed la tarifa de doble que correspondiese.<\/li>\n\n\n\n<li>Se\u00f1a: abonar se\u00f1a 72 hs. posterior al env\u00edo de la liquidaci\u00f3n. La se\u00f1a solo bloquea la reserva, pero no fija el precio.<\/li>\n\n\n\n<li>Saldo: 20 d\u00edas anteriores a la salida, abonar el saldo total.<\/li>\n\n\n\n<li>Cancelaciones: sujetas a las condiciones generales.<\/li>\n\n\n\n<li>Solo el pago total de la reserva, congela la tarifa.<\/li>\n\n\n\n<li>Tarifa especial, venta anticipada. Cupos disponibles para la promoci\u00f3n 15 (quince).<\/li>\n<\/ul>\n\n\n\n<p><\/p>\n","protected":false},"excerpt":{"rendered":"<p>Descubr\u00ed los coloridos tulipanes de Esquel y emocionate con el espect\u00e1culo \u00fanico de las ballenas en Puerto Madryn<\/p>\n","protected":false},"author":2,"featured_media":157285,"comment_status":"closed","ping_status":"open","sticky":false,"template":"","format":"standard","meta":{"_acf_changed":false,"footnotes":""},"categories":[6,5],"tags":[703,126,142,18,80,54,140],"class_list":["post-157286","post","type-post","status-publish","format-standard","has-post-thumbnail","hentry","category-argentina","category-paquetes","tag-703","tag-ballenas","tag-esquel","tag-patagonia","tag-salidas-grupales","tag-sur","tag-tulipanes","category-6","category-5","description-off"],"acf":[],"yoast_head":"<!-- This site is optimized with the Yoast SEO plugin v28.4 - https:\/\/yoast.com\/product\/yoast-seo-wordpress\/ -->\n<title>BALLENAS Y TULIPANES \u2013 SEPTIEMBRE - Basa<\/title>\n<meta name=\"robots\" content=\"index, follow, max-snippet:-1, max-image-preview:large, max-video-preview:-1\" \/>\n<link rel=\"canonical\" href=\"https:\/\/basaworldtravel.com.ar\/sitio\/2026\/07\/ballenas-y-tulipanes-septiembre\/\" \/>\n<meta property=\"og:locale\" content=\"es_ES\" \/>\n<meta property=\"og:type\" content=\"article\" \/>\n<meta property=\"og:title\" content=\"BALLENAS Y TULIPANES \u2013 SEPTIEMBRE - Basa\" \/>\n<meta property=\"og:description\" content=\"Descubr\u00ed los coloridos tulipanes de Esquel y emocionate con el espect\u00e1culo \u00fanico de las ballenas en Puerto Madryn\" \/>\n<meta property=\"og:url\" content=\"https:\/\/basaworldtravel.com.ar\/sitio\/2026\/07\/ballenas-y-tulipanes-septiembre\/\" \/>\n<meta property=\"og:site_name\" content=\"Basa\" \/>\n<meta property=\"article:published_time\" content=\"2026-07-31T14:27:00+00:00\" \/>\n<meta property=\"article:modified_time\" content=\"2026-08-04T12:40:57+00:00\" \/>\n<meta property=\"og:image\" content=\"https:\/\/basaworldtravel.com.ar\/sitio\/wp-content\/uploads\/2026\/07\/tulipanes_ballenas_menos2MB.jpg\" \/>\n\t<meta property=\"og:image:width\" content=\"1536\" \/>\n\t<meta property=\"og:image:height\" content=\"1024\" \/>\n\t<meta property=\"og:image:type\" content=\"image\/jpeg\" \/>\n<meta name=\"author\" content=\"BasaWeb\" \/>\n<meta name=\"twitter:card\" content=\"summary_large_image\" \/>\n<meta name=\"twitter:label1\" content=\"Escrito por\" \/>\n\t<meta name=\"twitter:data1\" content=\"BasaWeb\" \/>\n\t<meta name=\"twitter:label2\" content=\"Tiempo de lectura\" \/>\n\t<meta name=\"twitter:data2\" content=\"2 minutos\" \/>\n<script type=\"application\/ld+json\" class=\"yoast-schema-graph\">{\"@context\":\"https:\\\/\\\/schema.org\",\"@graph\":[{\"@type\":\"Article\",\"@id\":\"https:\\\/\\\/basaworldtravel.com.ar\\\/sitio\\\/2026\\\/07\\\/ballenas-y-tulipanes-septiembre\\\/#article\",\"isPartOf\":{\"@id\":\"https:\\\/\\\/basaworldtravel.com.ar\\\/sitio\\\/2026\\\/07\\\/ballenas-y-tulipanes-septiembre\\\/\"},\"author\":{\"name\":\"BasaWeb\",\"@id\":\"https:\\\/\\\/basaworldtravel.com.ar\\\/sitio\\\/#\\\/schema\\\/person\\\/d89b1d641794d338c41cd3818beabd4c\"},\"headline\":\"BALLENAS Y TULIPANES \u2013 SEPTIEMBRE\",\"datePublished\":\"2026-07-31T14:27:00+00:00\",\"dateModified\":\"2026-08-04T12:40:57+00:00\",\"mainEntityOfPage\":{\"@id\":\"https:\\\/\\\/basaworldtravel.com.ar\\\/sitio\\\/2026\\\/07\\\/ballenas-y-tulipanes-septiembre\\\/\"},\"wordCount\":215,\"image\":{\"@id\":\"https:\\\/\\\/basaworldtravel.com.ar\\\/sitio\\\/2026\\\/07\\\/ballenas-y-tulipanes-septiembre\\\/#primaryimage\"},\"thumbnailUrl\":\"https:\\\/\\\/basaworldtravel.com.ar\\\/sitio\\\/wp-content\\\/uploads\\\/2026\\\/07\\\/tulipanes_ballenas_menos2MB.jpg\",\"keywords\":[\"2026\",\"ballenas\",\"ESQUEL\",\"PATAGONIA\",\"SALIDAS GRUPALES\",\"SUR\",\"TULIPANES\"],\"articleSection\":[\"Argentina\",\"Paquetes\"],\"inLanguage\":\"es\"},{\"@type\":\"WebPage\",\"@id\":\"https:\\\/\\\/basaworldtravel.com.ar\\\/sitio\\\/2026\\\/07\\\/ballenas-y-tulipanes-septiembre\\\/\",\"url\":\"https:\\\/\\\/basaworldtravel.com.ar\\\/sitio\\\/2026\\\/07\\\/ballenas-y-tulipanes-septiembre\\\/\",\"name\":\"BALLENAS Y TULIPANES \u2013 SEPTIEMBRE - Basa\",\"isPartOf\":{\"@id\":\"https:\\\/\\\/basaworldtravel.com.ar\\\/sitio\\\/#website\"},\"primaryImageOfPage\":{\"@id\":\"https:\\\/\\\/basaworldtravel.com.ar\\\/sitio\\\/2026\\\/07\\\/ballenas-y-tulipanes-septiembre\\\/#primaryimage\"},\"image\":{\"@id\":\"https:\\\/\\\/basaworldtravel.com.ar\\\/sitio\\\/2026\\\/07\\\/ballenas-y-tulipanes-septiembre\\\/#primaryimage\"},\"thumbnailUrl\":\"https:\\\/\\\/basaworldtravel.com.ar\\\/sitio\\\/wp-content\\\/uploads\\\/2026\\\/07\\\/tulipanes_ballenas_menos2MB.jpg\",\"datePublished\":\"2026-07-31T14:27:00+00:00\",\"dateModified\":\"2026-08-04T12:40:57+00:00\",\"author\":{\"@id\":\"https:\\\/\\\/basaworldtravel.com.ar\\\/sitio\\\/#\\\/schema\\\/person\\\/d89b1d641794d338c41cd3818beabd4c\"},\"breadcrumb\":{\"@id\":\"https:\\\/\\\/basaworldtravel.com.ar\\\/sitio\\\/2026\\\/07\\\/ballenas-y-tulipanes-septiembre\\\/#breadcrumb\"},\"inLanguage\":\"es\",\"potentialAction\":[{\"@type\":\"ReadAction\",\"target\":[\"https:\\\/\\\/basaworldtravel.com.ar\\\/sitio\\\/2026\\\/07\\\/ballenas-y-tulipanes-septiembre\\\/\"]}]},{\"@type\":\"ImageObject\",\"inLanguage\":\"es\",\"@id\":\"https:\\\/\\\/basaworldtravel.com.ar\\\/sitio\\\/2026\\\/07\\\/ballenas-y-tulipanes-septiembre\\\/#primaryimage\",\"url\":\"https:\\\/\\\/basaworldtravel.com.ar\\\/sitio\\\/wp-content\\\/uploads\\\/2026\\\/07\\\/tulipanes_ballenas_menos2MB.jpg\",\"contentUrl\":\"https:\\\/\\\/basaworldtravel.com.ar\\\/sitio\\\/wp-content\\\/uploads\\\/2026\\\/07\\\/tulipanes_ballenas_menos2MB.jpg\",\"width\":1536,\"height\":1024},{\"@type\":\"BreadcrumbList\",\"@id\":\"https:\\\/\\\/basaworldtravel.com.ar\\\/sitio\\\/2026\\\/07\\\/ballenas-y-tulipanes-septiembre\\\/#breadcrumb\",\"itemListElement\":[{\"@type\":\"ListItem\",\"position\":1,\"name\":\"Portada\",\"item\":\"https:\\\/\\\/basaworldtravel.com.ar\\\/sitio\\\/\"},{\"@type\":\"ListItem\",\"position\":2,\"name\":\"BALLENAS Y TULIPANES \u2013 SEPTIEMBRE\"}]},{\"@type\":\"WebSite\",\"@id\":\"https:\\\/\\\/basaworldtravel.com.ar\\\/sitio\\\/#website\",\"url\":\"https:\\\/\\\/basaworldtravel.com.ar\\\/sitio\\\/\",\"name\":\"Basa\",\"description\":\"World Travel\",\"potentialAction\":[{\"@type\":\"SearchAction\",\"target\":{\"@type\":\"EntryPoint\",\"urlTemplate\":\"https:\\\/\\\/basaworldtravel.com.ar\\\/sitio\\\/?s={search_term_string}\"},\"query-input\":{\"@type\":\"PropertyValueSpecification\",\"valueRequired\":true,\"valueName\":\"search_term_string\"}}],\"inLanguage\":\"es\"},{\"@type\":\"Person\",\"@id\":\"https:\\\/\\\/basaworldtravel.com.ar\\\/sitio\\\/#\\\/schema\\\/person\\\/d89b1d641794d338c41cd3818beabd4c\",\"name\":\"BasaWeb\",\"image\":{\"@type\":\"ImageObject\",\"inLanguage\":\"es\",\"@id\":\"https:\\\/\\\/secure.gravatar.com\\\/avatar\\\/13e699648957af0aba903942fee2a1fc533d92bcd43fcf375a4df1edc2708698?s=96&d=mm&r=g\",\"url\":\"https:\\\/\\\/secure.gravatar.com\\\/avatar\\\/13e699648957af0aba903942fee2a1fc533d92bcd43fcf375a4df1edc2708698?s=96&d=mm&r=g\",\"contentUrl\":\"https:\\\/\\\/secure.gravatar.com\\\/avatar\\\/13e699648957af0aba903942fee2a1fc533d92bcd43fcf375a4df1edc2708698?s=96&d=mm&r=g\",\"caption\":\"BasaWeb\"},\"url\":\"https:\\\/\\\/basaworldtravel.com.ar\\\/sitio\\\/author\\\/basaweb\\\/\"}]}<\/script>\n<!-- \/ Yoast SEO plugin. -->","yoast_head_json":{"title":"BALLENAS Y TULIPANES \u2013 SEPTIEMBRE - Basa","robots":{"index":"index","follow":"follow","max-snippet":"max-snippet:-1","max-image-preview":"max-image-preview:large","max-video-preview":"max-video-preview:-1"},"canonical":"https:\/\/basaworldtravel.com.ar\/sitio\/2026\/07\/ballenas-y-tulipanes-septiembre\/","og_locale":"es_ES","og_type":"article","og_title":"BALLENAS Y TULIPANES \u2013 SEPTIEMBRE - Basa","og_description":"Descubr\u00ed los coloridos tulipanes de Esquel y emocionate con el espect\u00e1culo \u00fanico de las ballenas en Puerto Madryn","og_url":"https:\/\/basaworldtravel.com.ar\/sitio\/2026\/07\/ballenas-y-tulipanes-septiembre\/","og_site_name":"Basa","article_published_time":"2026-07-31T14:27:00+00:00","article_modified_time":"2026-08-04T12:40:57+00:00","og_image":[{"width":1536,"height":1024,"url":"https:\/\/basaworldtravel.com.ar\/sitio\/wp-content\/uploads\/2026\/07\/tulipanes_ballenas_menos2MB.jpg","type":"image\/jpeg"}],"author":"BasaWeb","twitter_card":"summary_large_image","twitter_misc":{"Escrito por":"BasaWeb","Tiempo de lectura":"2 minutos"},"schema":{"@context":"https:\/\/schema.org","@graph":[{"@type":"Article","@id":"https:\/\/basaworldtravel.com.ar\/sitio\/2026\/07\/ballenas-y-tulipanes-septiembre\/#article","isPartOf":{"@id":"https:\/\/basaworldtravel.com.ar\/sitio\/2026\/07\/ballenas-y-tulipanes-septiembre\/"},"author":{"name":"BasaWeb","@id":"https:\/\/basaworldtravel.com.ar\/sitio\/#\/schema\/person\/d89b1d641794d338c41cd3818beabd4c"},"headline":"BALLENAS Y TULIPANES \u2013 SEPTIEMBRE","datePublished":"2026-07-31T14:27:00+00:00","dateModified":"2026-08-04T12:40:57+00:00","mainEntityOfPage":{"@id":"https:\/\/basaworldtravel.com.ar\/sitio\/2026\/07\/ballenas-y-tulipanes-septiembre\/"},"wordCount":215,"image":{"@id":"https:\/\/basaworldtravel.com.ar\/sitio\/2026\/07\/ballenas-y-tulipanes-septiembre\/#primaryimage"},"thumbnailUrl":"https:\/\/basaworldtravel.com.ar\/sitio\/wp-content\/uploads\/2026\/07\/tulipanes_ballenas_menos2MB.jpg","keywords":["2026","ballenas","ESQUEL","PATAGONIA","SALIDAS GRUPALES","SUR","TULIPANES"],"articleSection":["Argentina","Paquetes"],"inLanguage":"es"},{"@type":"WebPage","@id":"https:\/\/basaworldtravel.com.ar\/sitio\/2026\/07\/ballenas-y-tulipanes-septiembre\/","url":"https:\/\/basaworldtravel.com.ar\/sitio\/2026\/07\/ballenas-y-tulipanes-septiembre\/","name":"BALLENAS Y TULIPANES \u2013 SEPTIEMBRE - Basa","isPartOf":{"@id":"https:\/\/basaworldtravel.com.ar\/sitio\/#website"},"primaryImageOfPage":{"@id":"https:\/\/basaworldtravel.com.ar\/sitio\/2026\/07\/ballenas-y-tulipanes-septiembre\/#primaryimage"},"image":{"@id":"https:\/\/basaworldtravel.com.ar\/sitio\/2026\/07\/ballenas-y-tulipanes-septiembre\/#primaryimage"},"thumbnailUrl":"https:\/\/basaworldtravel.com.ar\/sitio\/wp-content\/uploads\/2026\/07\/tulipanes_ballenas_menos2MB.jpg","datePublished":"2026-07-31T14:27:00+00:00","dateModified":"2026-08-04T12:40:57+00:00","author":{"@id":"https:\/\/basaworldtravel.com.ar\/sitio\/#\/schema\/person\/d89b1d641794d338c41cd3818beabd4c"},"breadcrumb":{"@id":"https:\/\/basaworldtravel.com.ar\/sitio\/2026\/07\/ballenas-y-tulipanes-septiembre\/#breadcrumb"},"inLanguage":"es","potentialAction":[{"@type":"ReadAction","target":["https:\/\/basaworldtravel.com.ar\/sitio\/2026\/07\/ballenas-y-tulipanes-septiembre\/"]}]},{"@type":"ImageObject","inLanguage":"es","@id":"https:\/\/basaworldtravel.com.ar\/sitio\/2026\/07\/ballenas-y-tulipanes-septiembre\/#primaryimage","url":"https:\/\/basaworldtravel.com.ar\/sitio\/wp-content\/uploads\/2026\/07\/tulipanes_ballenas_menos2MB.jpg","contentUrl":"https:\/\/basaworldtravel.com.ar\/sitio\/wp-content\/uploads\/2026\/07\/tulipanes_ballenas_menos2MB.jpg","width":1536,"height":1024},{"@type":"BreadcrumbList","@id":"https:\/\/basaworldtravel.com.ar\/sitio\/2026\/07\/ballenas-y-tulipanes-septiembre\/#breadcrumb","itemListElement":[{"@type":"ListItem","position":1,"name":"Portada","item":"https:\/\/basaworldtravel.com.ar\/sitio\/"},{"@type":"ListItem","position":2,"name":"BALLENAS Y TULIPANES \u2013 SEPTIEMBRE"}]},{"@type":"WebSite","@id":"https:\/\/basaworldtravel.com.ar\/sitio\/#website","url":"https:\/\/basaworldtravel.com.ar\/sitio\/","name":"Basa","description":"World Travel","potentialAction":[{"@type":"SearchAction","target":{"@type":"EntryPoint","urlTemplate":"https:\/\/basaworldtravel.com.ar\/sitio\/?s={search_term_string}"},"query-input":{"@type":"PropertyValueSpecification","valueRequired":true,"valueName":"search_term_string"}}],"inLanguage":"es"},{"@type":"Person","@id":"https:\/\/basaworldtravel.com.ar\/sitio\/#\/schema\/person\/d89b1d641794d338c41cd3818beabd4c","name":"BasaWeb","image":{"@type":"ImageObject","inLanguage":"es","@id":"https:\/\/secure.gravatar.com\/avatar\/13e699648957af0aba903942fee2a1fc533d92bcd43fcf375a4df1edc2708698?s=96&d=mm&r=g","url":"https:\/\/secure.gravatar.com\/avatar\/13e699648957af0aba903942fee2a1fc533d92bcd43fcf375a4df1edc2708698?s=96&d=mm&r=g","contentUrl":"https:\/\/secure.gravatar.com\/avatar\/13e699648957af0aba903942fee2a1fc533d92bcd43fcf375a4df1edc2708698?s=96&d=mm&r=g","caption":"BasaWeb"},"url":"https:\/\/basaworldtravel.com.ar\/sitio\/author\/basaweb\/"}]}},"_links":{"self":[{"href":"https:\/\/basaworldtravel.com.ar\/sitio\/wp-json\/wp\/v2\/posts\/157286","targetHints":{"allow":["GET"]}}],"collection":[{"href":"https:\/\/basaworldtravel.com.ar\/sitio\/wp-json\/wp\/v2\/posts"}],"about":[{"href":"https:\/\/basaworldtravel.com.ar\/sitio\/wp-json\/wp\/v2\/types\/post"}],"author":[{"embeddable":true,"href":"https:\/\/basaworldtravel.com.ar\/sitio\/wp-json\/wp\/v2\/users\/2"}],"replies":[{"embeddable":true,"href":"https:\/\/basaworldtravel.com.ar\/sitio\/wp-json\/wp\/v2\/comments?post=157286"}],"version-history":[{"count":1,"href":"https:\/\/basaworldtravel.com.ar\/sitio\/wp-json\/wp\/v2\/posts\/157286\/revisions"}],"predecessor-version":[{"id":157288,"href":"https:\/\/basaworldtravel.com.ar\/sitio\/wp-json\/wp\/v2\/posts\/157286\/revisions\/157288"}],"wp:featuredmedia":[{"embeddable":true,"href":"https:\/\/basaworldtravel.com.ar\/sitio\/wp-json\/wp\/v2\/media\/157285"}],"wp:attachment":[{"href":"https:\/\/basaworldtravel.com.ar\/sitio\/wp-json\/wp\/v2\/media?parent=157286"}],"wp:term":[{"taxonomy":"category","embeddable":true,"href":"https:\/\/basaworldtravel.com.ar\/sitio\/wp-json\/wp\/v2\/categories?post=157286"},{"taxonomy":"post_tag","embeddable":true,"href":"https:\/\/basaworldtravel.com.ar\/sitio\/wp-json\/wp\/v2\/tags?post=157286"}],"curies":[{"name":"wp","href":"https:\/\/api.w.org\/{rel}","templated":true}]}}