{"id":157221,"date":"2026-07-23T12:24:11","date_gmt":"2026-07-23T15:24:11","guid":{"rendered":"https:\/\/basaworldtravel.com.ar\/?p=157221"},"modified":"2026-07-23T16:01:05","modified_gmt":"2026-07-23T19:01:05","slug":"norte-con-hornocal-septiembre","status":"publish","type":"post","link":"https:\/\/basaworldtravel.com.ar\/sitio\/2026\/07\/norte-con-hornocal-septiembre\/","title":{"rendered":"NORTE CON HORNOCAL \u2013 Septiembre"},"content":{"rendered":"\n<p>Salida 13 Septiembre <\/p>\n\n\n\n<p>SERVICIOS:<br>\uf0fc Bus Ch\u00e1rter de Turismo CAMA<br>\uf0fc COORDINADOR.<br>\uf0fc 06 Noches de Alojamiento.<br>\uf0fc MEDIA PENSI\u00d3N -Sin bebidas <\/p>\n\n\n\n<p><strong>EXCURSIONES<\/strong>:<br>\uf0fc Quebrada de los Sosa, Dique el Mollar, Taf\u00ed del Valle, Cuesta del Infiernillo, pasando por Amaicha del Valle. Cafayate, Visita a Bodega. Valles<br>Calchaqu\u00edes, Quebrada de Cafayate. Salta, City Tour. Quebrada de Humahuaca, Purmamarca, Tilcara, Humahuaca, Cerro El Hornocal.<br>INCLUYE TRASLADO AL CERRO EL HORNOCAL.<\/p>\n\n\n\n<p>6 Noches <\/p>\n\n\n\n<p>01 noche en Tafi del Valle -HOSTERIA LOS CUARTOS https:\/\/www.facebook.com\/hosterialoscuartos\/<\/p>\n\n\n\n<p>02 noches en Salta &#8211; HOTEL ASTUR  www.hotelastur.com.ar<\/p>\n\n\n\n<p>03 noches en Tilcara &#8211; HOTEL EL PORTAL DE LA QUEBRADA  &#8211; www.elportaldelaquebrada.com<\/p>\n\n\n\n<p><\/p>\n\n\n\n<p>$ 833.300 por persona en base doble\/triple abonando en efectivo\/  $843.300 por persona abonando via transferencia bancaria<\/p>\n\n\n\n<p>$ 1.186.600 por persona en base  Single  abonando en efectivo\/  $1.200..800 por persona abonando via transferencia bancaria<\/p>\n\n\n\n<p><\/p>\n\n\n\n<p><strong>Opcionales Recomendados:<br><\/strong>Pe\u00f1a Folkl\u00f3rica \u2013 Cachi &#8211; San Antonio de los Cobres &#8211; Salinas Grandes.<\/p>\n\n\n\n<p><\/p>\n\n\n\n<p>MENORES:<br>De 00\/03 a\u00f1os cumplidos abona butaca $380.000  compartiendo con dos adultos los servicios hoteleros.<br>De 04 a\u00f1os cumplidos en adelante abona tarifa de adulto con todos los servicios.<br>TARIFA SUJETA A REAJUSTE SIN PREVIO AVISO \u2013 EMBARQUE SUJETO A DOCUMENTACION PERSONAL<br>EN REGLA Y A PROTOCOLOS VIGENTES.<\/p>\n\n\n\n<p><\/p>\n","protected":false},"excerpt":{"rendered":"<p>Viaj\u00e1 al coraz\u00f3n del Norte Argentino y descubr\u00ed el Cerro de los 14 Colores. Porque hay lugares que una foto no alcanza para contar.<\/p>\n","protected":false},"author":2,"featured_media":148888,"comment_status":"closed","ping_status":"open","sticky":false,"template":"","format":"standard","meta":{"_acf_changed":false,"footnotes":""},"categories":[6,5,245],"tags":[703,16,38,80,47,68,66,63],"class_list":["post-157221","post","type-post","status-publish","format-standard","has-post-thumbnail","hentry","category-argentina","category-paquetes","category-sudamerica","tag-703","tag-argentina","tag-norte","tag-salidas-grupales","tag-salta","tag-tafi-del-valle","tag-tilcara","tag-tucuman","category-6","category-5","category-245","description-off"],"acf":[],"yoast_head":"<!-- This site is optimized with the Yoast SEO plugin v28.4 - https:\/\/yoast.com\/product\/yoast-seo-wordpress\/ -->\n<title>NORTE CON HORNOCAL \u2013 Septiembre - Basa<\/title>\n<meta name=\"robots\" content=\"index, follow, max-snippet:-1, max-image-preview:large, max-video-preview:-1\" \/>\n<link rel=\"canonical\" href=\"https:\/\/basaworldtravel.com.ar\/sitio\/2026\/07\/norte-con-hornocal-septiembre\/\" \/>\n<meta property=\"og:locale\" content=\"es_ES\" \/>\n<meta property=\"og:type\" content=\"article\" \/>\n<meta property=\"og:title\" content=\"NORTE CON HORNOCAL \u2013 Septiembre - Basa\" \/>\n<meta property=\"og:description\" content=\"Viaj\u00e1 al coraz\u00f3n del Norte Argentino y descubr\u00ed el Cerro de los 14 Colores. Porque hay lugares que una foto no alcanza para contar.\" \/>\n<meta property=\"og:url\" content=\"https:\/\/basaworldtravel.com.ar\/sitio\/2026\/07\/norte-con-hornocal-septiembre\/\" \/>\n<meta property=\"og:site_name\" content=\"Basa\" \/>\n<meta property=\"article:published_time\" content=\"2026-07-23T15:24:11+00:00\" \/>\n<meta property=\"article:modified_time\" content=\"2026-07-23T19:01:05+00:00\" \/>\n<meta property=\"og:image\" content=\"https:\/\/basaworldtravel.com.ar\/sitio\/wp-content\/uploads\/2024\/02\/el-hornocal.jpg\" \/>\n\t<meta property=\"og:image:width\" content=\"1920\" \/>\n\t<meta property=\"og:image:height\" content=\"1280\" \/>\n\t<meta property=\"og:image:type\" content=\"image\/jpeg\" \/>\n<meta name=\"author\" content=\"BasaWeb\" \/>\n<meta name=\"twitter:card\" content=\"summary_large_image\" \/>\n<meta name=\"twitter:label1\" content=\"Escrito por\" \/>\n\t<meta name=\"twitter:data1\" content=\"BasaWeb\" \/>\n\t<meta name=\"twitter:label2\" content=\"Tiempo de lectura\" \/>\n\t<meta name=\"twitter:data2\" content=\"2 minutos\" \/>\n<script type=\"application\/ld+json\" class=\"yoast-schema-graph\">{\"@context\":\"https:\\\/\\\/schema.org\",\"@graph\":[{\"@type\":\"Article\",\"@id\":\"https:\\\/\\\/basaworldtravel.com.ar\\\/sitio\\\/2026\\\/07\\\/norte-con-hornocal-septiembre\\\/#article\",\"isPartOf\":{\"@id\":\"https:\\\/\\\/basaworldtravel.com.ar\\\/sitio\\\/2026\\\/07\\\/norte-con-hornocal-septiembre\\\/\"},\"author\":{\"name\":\"BasaWeb\",\"@id\":\"https:\\\/\\\/basaworldtravel.com.ar\\\/sitio\\\/#\\\/schema\\\/person\\\/d89b1d641794d338c41cd3818beabd4c\"},\"headline\":\"NORTE CON HORNOCAL \u2013 Septiembre\",\"datePublished\":\"2026-07-23T15:24:11+00:00\",\"dateModified\":\"2026-07-23T19:01:05+00:00\",\"mainEntityOfPage\":{\"@id\":\"https:\\\/\\\/basaworldtravel.com.ar\\\/sitio\\\/2026\\\/07\\\/norte-con-hornocal-septiembre\\\/\"},\"wordCount\":196,\"image\":{\"@id\":\"https:\\\/\\\/basaworldtravel.com.ar\\\/sitio\\\/2026\\\/07\\\/norte-con-hornocal-septiembre\\\/#primaryimage\"},\"thumbnailUrl\":\"https:\\\/\\\/basaworldtravel.com.ar\\\/sitio\\\/wp-content\\\/uploads\\\/2024\\\/02\\\/el-hornocal.jpg\",\"keywords\":[\"2026\",\"ARGENTINA\",\"NORTE\",\"SALIDAS GRUPALES\",\"SALTA\",\"TAFI DEL VALLE\",\"TILCARA\",\"TUCUMAN\"],\"articleSection\":[\"Argentina\",\"Paquetes\",\"Sudam\u00e9rica\"],\"inLanguage\":\"es\"},{\"@type\":\"WebPage\",\"@id\":\"https:\\\/\\\/basaworldtravel.com.ar\\\/sitio\\\/2026\\\/07\\\/norte-con-hornocal-septiembre\\\/\",\"url\":\"https:\\\/\\\/basaworldtravel.com.ar\\\/sitio\\\/2026\\\/07\\\/norte-con-hornocal-septiembre\\\/\",\"name\":\"NORTE CON HORNOCAL \u2013 Septiembre - Basa\",\"isPartOf\":{\"@id\":\"https:\\\/\\\/basaworldtravel.com.ar\\\/sitio\\\/#website\"},\"primaryImageOfPage\":{\"@id\":\"https:\\\/\\\/basaworldtravel.com.ar\\\/sitio\\\/2026\\\/07\\\/norte-con-hornocal-septiembre\\\/#primaryimage\"},\"image\":{\"@id\":\"https:\\\/\\\/basaworldtravel.com.ar\\\/sitio\\\/2026\\\/07\\\/norte-con-hornocal-septiembre\\\/#primaryimage\"},\"thumbnailUrl\":\"https:\\\/\\\/basaworldtravel.com.ar\\\/sitio\\\/wp-content\\\/uploads\\\/2024\\\/02\\\/el-hornocal.jpg\",\"datePublished\":\"2026-07-23T15:24:11+00:00\",\"dateModified\":\"2026-07-23T19:01:05+00:00\",\"author\":{\"@id\":\"https:\\\/\\\/basaworldtravel.com.ar\\\/sitio\\\/#\\\/schema\\\/person\\\/d89b1d641794d338c41cd3818beabd4c\"},\"breadcrumb\":{\"@id\":\"https:\\\/\\\/basaworldtravel.com.ar\\\/sitio\\\/2026\\\/07\\\/norte-con-hornocal-septiembre\\\/#breadcrumb\"},\"inLanguage\":\"es\",\"potentialAction\":[{\"@type\":\"ReadAction\",\"target\":[\"https:\\\/\\\/basaworldtravel.com.ar\\\/sitio\\\/2026\\\/07\\\/norte-con-hornocal-septiembre\\\/\"]}]},{\"@type\":\"ImageObject\",\"inLanguage\":\"es\",\"@id\":\"https:\\\/\\\/basaworldtravel.com.ar\\\/sitio\\\/2026\\\/07\\\/norte-con-hornocal-septiembre\\\/#primaryimage\",\"url\":\"https:\\\/\\\/basaworldtravel.com.ar\\\/sitio\\\/wp-content\\\/uploads\\\/2024\\\/02\\\/el-hornocal.jpg\",\"contentUrl\":\"https:\\\/\\\/basaworldtravel.com.ar\\\/sitio\\\/wp-content\\\/uploads\\\/2024\\\/02\\\/el-hornocal.jpg\",\"width\":1920,\"height\":1280},{\"@type\":\"BreadcrumbList\",\"@id\":\"https:\\\/\\\/basaworldtravel.com.ar\\\/sitio\\\/2026\\\/07\\\/norte-con-hornocal-septiembre\\\/#breadcrumb\",\"itemListElement\":[{\"@type\":\"ListItem\",\"position\":1,\"name\":\"Portada\",\"item\":\"https:\\\/\\\/basaworldtravel.com.ar\\\/sitio\\\/\"},{\"@type\":\"ListItem\",\"position\":2,\"name\":\"NORTE CON HORNOCAL \u2013 Septiembre\"}]},{\"@type\":\"WebSite\",\"@id\":\"https:\\\/\\\/basaworldtravel.com.ar\\\/sitio\\\/#website\",\"url\":\"https:\\\/\\\/basaworldtravel.com.ar\\\/sitio\\\/\",\"name\":\"Basa\",\"description\":\"World Travel\",\"potentialAction\":[{\"@type\":\"SearchAction\",\"target\":{\"@type\":\"EntryPoint\",\"urlTemplate\":\"https:\\\/\\\/basaworldtravel.com.ar\\\/sitio\\\/?s={search_term_string}\"},\"query-input\":{\"@type\":\"PropertyValueSpecification\",\"valueRequired\":true,\"valueName\":\"search_term_string\"}}],\"inLanguage\":\"es\"},{\"@type\":\"Person\",\"@id\":\"https:\\\/\\\/basaworldtravel.com.ar\\\/sitio\\\/#\\\/schema\\\/person\\\/d89b1d641794d338c41cd3818beabd4c\",\"name\":\"BasaWeb\",\"image\":{\"@type\":\"ImageObject\",\"inLanguage\":\"es\",\"@id\":\"https:\\\/\\\/secure.gravatar.com\\\/avatar\\\/13e699648957af0aba903942fee2a1fc533d92bcd43fcf375a4df1edc2708698?s=96&d=mm&r=g\",\"url\":\"https:\\\/\\\/secure.gravatar.com\\\/avatar\\\/13e699648957af0aba903942fee2a1fc533d92bcd43fcf375a4df1edc2708698?s=96&d=mm&r=g\",\"contentUrl\":\"https:\\\/\\\/secure.gravatar.com\\\/avatar\\\/13e699648957af0aba903942fee2a1fc533d92bcd43fcf375a4df1edc2708698?s=96&d=mm&r=g\",\"caption\":\"BasaWeb\"},\"url\":\"https:\\\/\\\/basaworldtravel.com.ar\\\/sitio\\\/author\\\/basaweb\\\/\"}]}<\/script>\n<!-- \/ Yoast SEO plugin. -->","yoast_head_json":{"title":"NORTE CON HORNOCAL \u2013 Septiembre - Basa","robots":{"index":"index","follow":"follow","max-snippet":"max-snippet:-1","max-image-preview":"max-image-preview:large","max-video-preview":"max-video-preview:-1"},"canonical":"https:\/\/basaworldtravel.com.ar\/sitio\/2026\/07\/norte-con-hornocal-septiembre\/","og_locale":"es_ES","og_type":"article","og_title":"NORTE CON HORNOCAL \u2013 Septiembre - Basa","og_description":"Viaj\u00e1 al coraz\u00f3n del Norte Argentino y descubr\u00ed el Cerro de los 14 Colores. Porque hay lugares que una foto no alcanza para contar.","og_url":"https:\/\/basaworldtravel.com.ar\/sitio\/2026\/07\/norte-con-hornocal-septiembre\/","og_site_name":"Basa","article_published_time":"2026-07-23T15:24:11+00:00","article_modified_time":"2026-07-23T19:01:05+00:00","og_image":[{"width":1920,"height":1280,"url":"https:\/\/basaworldtravel.com.ar\/sitio\/wp-content\/uploads\/2024\/02\/el-hornocal.jpg","type":"image\/jpeg"}],"author":"BasaWeb","twitter_card":"summary_large_image","twitter_misc":{"Escrito por":"BasaWeb","Tiempo de lectura":"2 minutos"},"schema":{"@context":"https:\/\/schema.org","@graph":[{"@type":"Article","@id":"https:\/\/basaworldtravel.com.ar\/sitio\/2026\/07\/norte-con-hornocal-septiembre\/#article","isPartOf":{"@id":"https:\/\/basaworldtravel.com.ar\/sitio\/2026\/07\/norte-con-hornocal-septiembre\/"},"author":{"name":"BasaWeb","@id":"https:\/\/basaworldtravel.com.ar\/sitio\/#\/schema\/person\/d89b1d641794d338c41cd3818beabd4c"},"headline":"NORTE CON HORNOCAL \u2013 Septiembre","datePublished":"2026-07-23T15:24:11+00:00","dateModified":"2026-07-23T19:01:05+00:00","mainEntityOfPage":{"@id":"https:\/\/basaworldtravel.com.ar\/sitio\/2026\/07\/norte-con-hornocal-septiembre\/"},"wordCount":196,"image":{"@id":"https:\/\/basaworldtravel.com.ar\/sitio\/2026\/07\/norte-con-hornocal-septiembre\/#primaryimage"},"thumbnailUrl":"https:\/\/basaworldtravel.com.ar\/sitio\/wp-content\/uploads\/2024\/02\/el-hornocal.jpg","keywords":["2026","ARGENTINA","NORTE","SALIDAS GRUPALES","SALTA","TAFI DEL VALLE","TILCARA","TUCUMAN"],"articleSection":["Argentina","Paquetes","Sudam\u00e9rica"],"inLanguage":"es"},{"@type":"WebPage","@id":"https:\/\/basaworldtravel.com.ar\/sitio\/2026\/07\/norte-con-hornocal-septiembre\/","url":"https:\/\/basaworldtravel.com.ar\/sitio\/2026\/07\/norte-con-hornocal-septiembre\/","name":"NORTE CON HORNOCAL \u2013 Septiembre - Basa","isPartOf":{"@id":"https:\/\/basaworldtravel.com.ar\/sitio\/#website"},"primaryImageOfPage":{"@id":"https:\/\/basaworldtravel.com.ar\/sitio\/2026\/07\/norte-con-hornocal-septiembre\/#primaryimage"},"image":{"@id":"https:\/\/basaworldtravel.com.ar\/sitio\/2026\/07\/norte-con-hornocal-septiembre\/#primaryimage"},"thumbnailUrl":"https:\/\/basaworldtravel.com.ar\/sitio\/wp-content\/uploads\/2024\/02\/el-hornocal.jpg","datePublished":"2026-07-23T15:24:11+00:00","dateModified":"2026-07-23T19:01:05+00:00","author":{"@id":"https:\/\/basaworldtravel.com.ar\/sitio\/#\/schema\/person\/d89b1d641794d338c41cd3818beabd4c"},"breadcrumb":{"@id":"https:\/\/basaworldtravel.com.ar\/sitio\/2026\/07\/norte-con-hornocal-septiembre\/#breadcrumb"},"inLanguage":"es","potentialAction":[{"@type":"ReadAction","target":["https:\/\/basaworldtravel.com.ar\/sitio\/2026\/07\/norte-con-hornocal-septiembre\/"]}]},{"@type":"ImageObject","inLanguage":"es","@id":"https:\/\/basaworldtravel.com.ar\/sitio\/2026\/07\/norte-con-hornocal-septiembre\/#primaryimage","url":"https:\/\/basaworldtravel.com.ar\/sitio\/wp-content\/uploads\/2024\/02\/el-hornocal.jpg","contentUrl":"https:\/\/basaworldtravel.com.ar\/sitio\/wp-content\/uploads\/2024\/02\/el-hornocal.jpg","width":1920,"height":1280},{"@type":"BreadcrumbList","@id":"https:\/\/basaworldtravel.com.ar\/sitio\/2026\/07\/norte-con-hornocal-septiembre\/#breadcrumb","itemListElement":[{"@type":"ListItem","position":1,"name":"Portada","item":"https:\/\/basaworldtravel.com.ar\/sitio\/"},{"@type":"ListItem","position":2,"name":"NORTE CON HORNOCAL \u2013 Septiembre"}]},{"@type":"WebSite","@id":"https:\/\/basaworldtravel.com.ar\/sitio\/#website","url":"https:\/\/basaworldtravel.com.ar\/sitio\/","name":"Basa","description":"World Travel","potentialAction":[{"@type":"SearchAction","target":{"@type":"EntryPoint","urlTemplate":"https:\/\/basaworldtravel.com.ar\/sitio\/?s={search_term_string}"},"query-input":{"@type":"PropertyValueSpecification","valueRequired":true,"valueName":"search_term_string"}}],"inLanguage":"es"},{"@type":"Person","@id":"https:\/\/basaworldtravel.com.ar\/sitio\/#\/schema\/person\/d89b1d641794d338c41cd3818beabd4c","name":"BasaWeb","image":{"@type":"ImageObject","inLanguage":"es","@id":"https:\/\/secure.gravatar.com\/avatar\/13e699648957af0aba903942fee2a1fc533d92bcd43fcf375a4df1edc2708698?s=96&d=mm&r=g","url":"https:\/\/secure.gravatar.com\/avatar\/13e699648957af0aba903942fee2a1fc533d92bcd43fcf375a4df1edc2708698?s=96&d=mm&r=g","contentUrl":"https:\/\/secure.gravatar.com\/avatar\/13e699648957af0aba903942fee2a1fc533d92bcd43fcf375a4df1edc2708698?s=96&d=mm&r=g","caption":"BasaWeb"},"url":"https:\/\/basaworldtravel.com.ar\/sitio\/author\/basaweb\/"}]}},"_links":{"self":[{"href":"https:\/\/basaworldtravel.com.ar\/sitio\/wp-json\/wp\/v2\/posts\/157221","targetHints":{"allow":["GET"]}}],"collection":[{"href":"https:\/\/basaworldtravel.com.ar\/sitio\/wp-json\/wp\/v2\/posts"}],"about":[{"href":"https:\/\/basaworldtravel.com.ar\/sitio\/wp-json\/wp\/v2\/types\/post"}],"author":[{"embeddable":true,"href":"https:\/\/basaworldtravel.com.ar\/sitio\/wp-json\/wp\/v2\/users\/2"}],"replies":[{"embeddable":true,"href":"https:\/\/basaworldtravel.com.ar\/sitio\/wp-json\/wp\/v2\/comments?post=157221"}],"version-history":[{"count":1,"href":"https:\/\/basaworldtravel.com.ar\/sitio\/wp-json\/wp\/v2\/posts\/157221\/revisions"}],"predecessor-version":[{"id":157223,"href":"https:\/\/basaworldtravel.com.ar\/sitio\/wp-json\/wp\/v2\/posts\/157221\/revisions\/157223"}],"wp:featuredmedia":[{"embeddable":true,"href":"https:\/\/basaworldtravel.com.ar\/sitio\/wp-json\/wp\/v2\/media\/148888"}],"wp:attachment":[{"href":"https:\/\/basaworldtravel.com.ar\/sitio\/wp-json\/wp\/v2\/media?parent=157221"}],"wp:term":[{"taxonomy":"category","embeddable":true,"href":"https:\/\/basaworldtravel.com.ar\/sitio\/wp-json\/wp\/v2\/categories?post=157221"},{"taxonomy":"post_tag","embeddable":true,"href":"https:\/\/basaworldtravel.com.ar\/sitio\/wp-json\/wp\/v2\/tags?post=157221"}],"curies":[{"name":"wp","href":"https:\/\/api.w.org\/{rel}","templated":true}]}}