{"id":157156,"date":"2026-07-16T10:28:17","date_gmt":"2026-07-16T13:28:17","guid":{"rendered":"https:\/\/basaworldtravel.com.ar\/?p=157156"},"modified":"2026-07-16T11:31:27","modified_gmt":"2026-07-16T14:31:27","slug":"porto-galhinas-verano-2027","status":"publish","type":"post","link":"https:\/\/basaworldtravel.com.ar\/sitio\/2026\/07\/porto-galhinas-verano-2027\/","title":{"rendered":"PORTO GALHINAS-VERANO 2027"},"content":{"rendered":"\n<h5 class=\"wp-block-heading\"><strong>Salidas:<\/strong> <strong>03- 17- 24 y 31 de enero de 2027<\/strong><\/h5>\n\n\n\n<ul class=\"wp-block-list\">\n<li>Incluidos\n<ul class=\"wp-block-list\">\n<li>A\u00e9reo Internacional desde C\u00f3rdoba con GOL con carry on.<\/li>\n\n\n\n<li>06 noches de alojamiento- Pensi\u00f3n seg\u00fan alojamiento.<\/li>\n\n\n\n<li>Asistencia al viajero para pasajeros de hasta 70 a\u00f1os. Pasajeros de entre 71 y 85 a\u00f1os abonan USD 20 adicionales. Pasajeros de 86 a\u00f1os en adelante abonan USD 40 adicionales.<a href=\"https:\/\/jazzoperador.tur.ar\/wp-content\/uploads\/2025\/03\/Value-Inclusion-Jazz.pdf\" target=\"_blank\" rel=\"noreferrer noopener\"><strong>(VER DETALLE)<\/strong><\/a><\/li>\n\n\n\n<li>Traslados in\/out regular.<\/li>\n<\/ul>\n<\/li>\n<\/ul>\n\n\n\n<ul class=\"wp-block-list\">\n<li>No Incluido\n<ul class=\"wp-block-list\">\n<li>Excursiones opcionales.<\/li>\n\n\n\n<li>Gastos personales.<\/li>\n\n\n\n<li>Propinas.<\/li>\n<\/ul>\n<\/li>\n<\/ul>\n\n\n\n<p><strong>Hotel Village Porto de Galinhas<\/strong>  -Desayuno USD1650 por persona en base doble <\/p>\n\n\n\n<p><strong>Enotel Convention &amp; Spa Porto de Galinhas<\/strong> &#8211; All Inclusive USD2230 por persona en base doble<\/p>\n\n\n\n<p><strong>Tarifas sujetas a cambios y disponibilidad. Consultar por otros hoteles y habitaciones.<\/strong><\/p>\n\n\n\n<p><strong>* TARIFAS NO REEMBOLSABLES.<\/strong><\/p>\n\n\n\n<h6 class=\"wp-block-heading\">&nbsp;LOS VALORES Y DISPONIBILIDAD SON SOLO REFERENCIALES Y POR LO TANTO EST\u00c1N SUJETOS A CAMBIOS Y AJUSTES, LOS CUALES SER\u00c1N INFORMADOS AL MOMENTO DE CONFIRMAR LA RESERVA.<\/h6>\n\n\n\n<p><strong>T\u00c9RMINOS Y CONDICIONES<\/strong> Tarifas en d\u00f3lares por persona, sujetas a cambios sin previo aviso y a disponibilidad al momento de la confirmaci\u00f3n de la reserva. Conozca nuestra financiaci\u00f3n. Tarifas no incluyen: gastos de reserva, gastos administrativos, e impuesto\u00a0R.G. 5.617\/24. Cupos a\u00e9reos una vez reservados y confirmados no se permiten cambios ni devoluciones. <\/p>\n\n\n\n<p>Pago en pesos al cambio del d\u00eda de referencia de la empresa al momento de realizar el pago total de los servicios. <\/p>\n\n\n\n<p>INFORMACI\u00d3N EXCLUSIVA PARA AGENCIAS DE VIAJES.<\/p>\n\n\n\n<p><\/p>\n","protected":false},"excerpt":{"rendered":"<p>Entre piscinas naturales, arena blanca y atardeceres m\u00e1gicos, Porto de Galinhas enamora.<\/p>\n","protected":false},"author":2,"featured_media":157157,"comment_status":"closed","ping_status":"open","sticky":false,"template":"","format":"standard","meta":{"_acf_changed":false,"footnotes":""},"categories":[40,5,245],"tags":[853,41,861,121,394,862],"class_list":["post-157156","post","type-post","status-publish","format-standard","has-post-thumbnail","hentry","category-brasil","category-paquetes","category-sudamerica","tag-853","tag-brasil","tag-galhinas","tag-playa","tag-porto-galhinas","tag-recife","category-40","category-5","category-245","description-off"],"acf":[],"yoast_head":"<!-- This site is optimized with the Yoast SEO plugin v28.4 - https:\/\/yoast.com\/product\/yoast-seo-wordpress\/ -->\n<title>PORTO GALHINAS-VERANO 2027 - Basa<\/title>\n<meta name=\"robots\" content=\"index, follow, max-snippet:-1, max-image-preview:large, max-video-preview:-1\" \/>\n<link rel=\"canonical\" href=\"https:\/\/basaworldtravel.com.ar\/sitio\/2026\/07\/porto-galhinas-verano-2027\/\" \/>\n<meta property=\"og:locale\" content=\"es_ES\" \/>\n<meta property=\"og:type\" content=\"article\" \/>\n<meta property=\"og:title\" content=\"PORTO GALHINAS-VERANO 2027 - Basa\" \/>\n<meta property=\"og:description\" content=\"Entre piscinas naturales, arena blanca y atardeceres m\u00e1gicos, Porto de Galinhas enamora.\" \/>\n<meta property=\"og:url\" content=\"https:\/\/basaworldtravel.com.ar\/sitio\/2026\/07\/porto-galhinas-verano-2027\/\" \/>\n<meta property=\"og:site_name\" content=\"Basa\" \/>\n<meta property=\"article:published_time\" content=\"2026-07-16T13:28:17+00:00\" \/>\n<meta property=\"article:modified_time\" content=\"2026-07-16T14:31:27+00:00\" \/>\n<meta property=\"og:image\" content=\"https:\/\/basaworldtravel.com.ar\/sitio\/wp-content\/uploads\/2026\/07\/Porto-De-Galinhas-Brasil.jpg\" \/>\n\t<meta property=\"og:image:width\" content=\"2000\" \/>\n\t<meta property=\"og:image:height\" content=\"1334\" \/>\n\t<meta property=\"og:image:type\" content=\"image\/jpeg\" \/>\n<meta name=\"author\" content=\"BasaWeb\" \/>\n<meta name=\"twitter:card\" content=\"summary_large_image\" \/>\n<meta name=\"twitter:label1\" content=\"Escrito por\" \/>\n\t<meta name=\"twitter:data1\" content=\"BasaWeb\" \/>\n\t<meta name=\"twitter:label2\" content=\"Tiempo de lectura\" \/>\n\t<meta name=\"twitter:data2\" content=\"2 minutos\" \/>\n<script type=\"application\/ld+json\" class=\"yoast-schema-graph\">{\"@context\":\"https:\\\/\\\/schema.org\",\"@graph\":[{\"@type\":\"Article\",\"@id\":\"https:\\\/\\\/basaworldtravel.com.ar\\\/sitio\\\/2026\\\/07\\\/porto-galhinas-verano-2027\\\/#article\",\"isPartOf\":{\"@id\":\"https:\\\/\\\/basaworldtravel.com.ar\\\/sitio\\\/2026\\\/07\\\/porto-galhinas-verano-2027\\\/\"},\"author\":{\"name\":\"BasaWeb\",\"@id\":\"https:\\\/\\\/basaworldtravel.com.ar\\\/sitio\\\/#\\\/schema\\\/person\\\/d89b1d641794d338c41cd3818beabd4c\"},\"headline\":\"PORTO GALHINAS-VERANO 2027\",\"datePublished\":\"2026-07-16T13:28:17+00:00\",\"dateModified\":\"2026-07-16T14:31:27+00:00\",\"mainEntityOfPage\":{\"@id\":\"https:\\\/\\\/basaworldtravel.com.ar\\\/sitio\\\/2026\\\/07\\\/porto-galhinas-verano-2027\\\/\"},\"wordCount\":230,\"image\":{\"@id\":\"https:\\\/\\\/basaworldtravel.com.ar\\\/sitio\\\/2026\\\/07\\\/porto-galhinas-verano-2027\\\/#primaryimage\"},\"thumbnailUrl\":\"https:\\\/\\\/basaworldtravel.com.ar\\\/sitio\\\/wp-content\\\/uploads\\\/2026\\\/07\\\/Porto-De-Galinhas-Brasil.jpg\",\"keywords\":[\"2027\",\"BRASIL\",\"galhinas\",\"PLAYA\",\"PORTO GALHINAS\",\"recife\"],\"articleSection\":[\"Brasil\",\"Paquetes\",\"Sudam\u00e9rica\"],\"inLanguage\":\"es\"},{\"@type\":\"WebPage\",\"@id\":\"https:\\\/\\\/basaworldtravel.com.ar\\\/sitio\\\/2026\\\/07\\\/porto-galhinas-verano-2027\\\/\",\"url\":\"https:\\\/\\\/basaworldtravel.com.ar\\\/sitio\\\/2026\\\/07\\\/porto-galhinas-verano-2027\\\/\",\"name\":\"PORTO GALHINAS-VERANO 2027 - Basa\",\"isPartOf\":{\"@id\":\"https:\\\/\\\/basaworldtravel.com.ar\\\/sitio\\\/#website\"},\"primaryImageOfPage\":{\"@id\":\"https:\\\/\\\/basaworldtravel.com.ar\\\/sitio\\\/2026\\\/07\\\/porto-galhinas-verano-2027\\\/#primaryimage\"},\"image\":{\"@id\":\"https:\\\/\\\/basaworldtravel.com.ar\\\/sitio\\\/2026\\\/07\\\/porto-galhinas-verano-2027\\\/#primaryimage\"},\"thumbnailUrl\":\"https:\\\/\\\/basaworldtravel.com.ar\\\/sitio\\\/wp-content\\\/uploads\\\/2026\\\/07\\\/Porto-De-Galinhas-Brasil.jpg\",\"datePublished\":\"2026-07-16T13:28:17+00:00\",\"dateModified\":\"2026-07-16T14:31:27+00:00\",\"author\":{\"@id\":\"https:\\\/\\\/basaworldtravel.com.ar\\\/sitio\\\/#\\\/schema\\\/person\\\/d89b1d641794d338c41cd3818beabd4c\"},\"breadcrumb\":{\"@id\":\"https:\\\/\\\/basaworldtravel.com.ar\\\/sitio\\\/2026\\\/07\\\/porto-galhinas-verano-2027\\\/#breadcrumb\"},\"inLanguage\":\"es\",\"potentialAction\":[{\"@type\":\"ReadAction\",\"target\":[\"https:\\\/\\\/basaworldtravel.com.ar\\\/sitio\\\/2026\\\/07\\\/porto-galhinas-verano-2027\\\/\"]}]},{\"@type\":\"ImageObject\",\"inLanguage\":\"es\",\"@id\":\"https:\\\/\\\/basaworldtravel.com.ar\\\/sitio\\\/2026\\\/07\\\/porto-galhinas-verano-2027\\\/#primaryimage\",\"url\":\"https:\\\/\\\/basaworldtravel.com.ar\\\/sitio\\\/wp-content\\\/uploads\\\/2026\\\/07\\\/Porto-De-Galinhas-Brasil.jpg\",\"contentUrl\":\"https:\\\/\\\/basaworldtravel.com.ar\\\/sitio\\\/wp-content\\\/uploads\\\/2026\\\/07\\\/Porto-De-Galinhas-Brasil.jpg\",\"width\":2000,\"height\":1334},{\"@type\":\"BreadcrumbList\",\"@id\":\"https:\\\/\\\/basaworldtravel.com.ar\\\/sitio\\\/2026\\\/07\\\/porto-galhinas-verano-2027\\\/#breadcrumb\",\"itemListElement\":[{\"@type\":\"ListItem\",\"position\":1,\"name\":\"Portada\",\"item\":\"https:\\\/\\\/basaworldtravel.com.ar\\\/sitio\\\/\"},{\"@type\":\"ListItem\",\"position\":2,\"name\":\"PORTO GALHINAS-VERANO 2027\"}]},{\"@type\":\"WebSite\",\"@id\":\"https:\\\/\\\/basaworldtravel.com.ar\\\/sitio\\\/#website\",\"url\":\"https:\\\/\\\/basaworldtravel.com.ar\\\/sitio\\\/\",\"name\":\"Basa\",\"description\":\"World Travel\",\"potentialAction\":[{\"@type\":\"SearchAction\",\"target\":{\"@type\":\"EntryPoint\",\"urlTemplate\":\"https:\\\/\\\/basaworldtravel.com.ar\\\/sitio\\\/?s={search_term_string}\"},\"query-input\":{\"@type\":\"PropertyValueSpecification\",\"valueRequired\":true,\"valueName\":\"search_term_string\"}}],\"inLanguage\":\"es\"},{\"@type\":\"Person\",\"@id\":\"https:\\\/\\\/basaworldtravel.com.ar\\\/sitio\\\/#\\\/schema\\\/person\\\/d89b1d641794d338c41cd3818beabd4c\",\"name\":\"BasaWeb\",\"image\":{\"@type\":\"ImageObject\",\"inLanguage\":\"es\",\"@id\":\"https:\\\/\\\/secure.gravatar.com\\\/avatar\\\/13e699648957af0aba903942fee2a1fc533d92bcd43fcf375a4df1edc2708698?s=96&d=mm&r=g\",\"url\":\"https:\\\/\\\/secure.gravatar.com\\\/avatar\\\/13e699648957af0aba903942fee2a1fc533d92bcd43fcf375a4df1edc2708698?s=96&d=mm&r=g\",\"contentUrl\":\"https:\\\/\\\/secure.gravatar.com\\\/avatar\\\/13e699648957af0aba903942fee2a1fc533d92bcd43fcf375a4df1edc2708698?s=96&d=mm&r=g\",\"caption\":\"BasaWeb\"},\"url\":\"https:\\\/\\\/basaworldtravel.com.ar\\\/sitio\\\/author\\\/basaweb\\\/\"}]}<\/script>\n<!-- \/ Yoast SEO plugin. -->","yoast_head_json":{"title":"PORTO GALHINAS-VERANO 2027 - Basa","robots":{"index":"index","follow":"follow","max-snippet":"max-snippet:-1","max-image-preview":"max-image-preview:large","max-video-preview":"max-video-preview:-1"},"canonical":"https:\/\/basaworldtravel.com.ar\/sitio\/2026\/07\/porto-galhinas-verano-2027\/","og_locale":"es_ES","og_type":"article","og_title":"PORTO GALHINAS-VERANO 2027 - Basa","og_description":"Entre piscinas naturales, arena blanca y atardeceres m\u00e1gicos, Porto de Galinhas enamora.","og_url":"https:\/\/basaworldtravel.com.ar\/sitio\/2026\/07\/porto-galhinas-verano-2027\/","og_site_name":"Basa","article_published_time":"2026-07-16T13:28:17+00:00","article_modified_time":"2026-07-16T14:31:27+00:00","og_image":[{"width":2000,"height":1334,"url":"https:\/\/basaworldtravel.com.ar\/sitio\/wp-content\/uploads\/2026\/07\/Porto-De-Galinhas-Brasil.jpg","type":"image\/jpeg"}],"author":"BasaWeb","twitter_card":"summary_large_image","twitter_misc":{"Escrito por":"BasaWeb","Tiempo de lectura":"2 minutos"},"schema":{"@context":"https:\/\/schema.org","@graph":[{"@type":"Article","@id":"https:\/\/basaworldtravel.com.ar\/sitio\/2026\/07\/porto-galhinas-verano-2027\/#article","isPartOf":{"@id":"https:\/\/basaworldtravel.com.ar\/sitio\/2026\/07\/porto-galhinas-verano-2027\/"},"author":{"name":"BasaWeb","@id":"https:\/\/basaworldtravel.com.ar\/sitio\/#\/schema\/person\/d89b1d641794d338c41cd3818beabd4c"},"headline":"PORTO GALHINAS-VERANO 2027","datePublished":"2026-07-16T13:28:17+00:00","dateModified":"2026-07-16T14:31:27+00:00","mainEntityOfPage":{"@id":"https:\/\/basaworldtravel.com.ar\/sitio\/2026\/07\/porto-galhinas-verano-2027\/"},"wordCount":230,"image":{"@id":"https:\/\/basaworldtravel.com.ar\/sitio\/2026\/07\/porto-galhinas-verano-2027\/#primaryimage"},"thumbnailUrl":"https:\/\/basaworldtravel.com.ar\/sitio\/wp-content\/uploads\/2026\/07\/Porto-De-Galinhas-Brasil.jpg","keywords":["2027","BRASIL","galhinas","PLAYA","PORTO GALHINAS","recife"],"articleSection":["Brasil","Paquetes","Sudam\u00e9rica"],"inLanguage":"es"},{"@type":"WebPage","@id":"https:\/\/basaworldtravel.com.ar\/sitio\/2026\/07\/porto-galhinas-verano-2027\/","url":"https:\/\/basaworldtravel.com.ar\/sitio\/2026\/07\/porto-galhinas-verano-2027\/","name":"PORTO GALHINAS-VERANO 2027 - Basa","isPartOf":{"@id":"https:\/\/basaworldtravel.com.ar\/sitio\/#website"},"primaryImageOfPage":{"@id":"https:\/\/basaworldtravel.com.ar\/sitio\/2026\/07\/porto-galhinas-verano-2027\/#primaryimage"},"image":{"@id":"https:\/\/basaworldtravel.com.ar\/sitio\/2026\/07\/porto-galhinas-verano-2027\/#primaryimage"},"thumbnailUrl":"https:\/\/basaworldtravel.com.ar\/sitio\/wp-content\/uploads\/2026\/07\/Porto-De-Galinhas-Brasil.jpg","datePublished":"2026-07-16T13:28:17+00:00","dateModified":"2026-07-16T14:31:27+00:00","author":{"@id":"https:\/\/basaworldtravel.com.ar\/sitio\/#\/schema\/person\/d89b1d641794d338c41cd3818beabd4c"},"breadcrumb":{"@id":"https:\/\/basaworldtravel.com.ar\/sitio\/2026\/07\/porto-galhinas-verano-2027\/#breadcrumb"},"inLanguage":"es","potentialAction":[{"@type":"ReadAction","target":["https:\/\/basaworldtravel.com.ar\/sitio\/2026\/07\/porto-galhinas-verano-2027\/"]}]},{"@type":"ImageObject","inLanguage":"es","@id":"https:\/\/basaworldtravel.com.ar\/sitio\/2026\/07\/porto-galhinas-verano-2027\/#primaryimage","url":"https:\/\/basaworldtravel.com.ar\/sitio\/wp-content\/uploads\/2026\/07\/Porto-De-Galinhas-Brasil.jpg","contentUrl":"https:\/\/basaworldtravel.com.ar\/sitio\/wp-content\/uploads\/2026\/07\/Porto-De-Galinhas-Brasil.jpg","width":2000,"height":1334},{"@type":"BreadcrumbList","@id":"https:\/\/basaworldtravel.com.ar\/sitio\/2026\/07\/porto-galhinas-verano-2027\/#breadcrumb","itemListElement":[{"@type":"ListItem","position":1,"name":"Portada","item":"https:\/\/basaworldtravel.com.ar\/sitio\/"},{"@type":"ListItem","position":2,"name":"PORTO GALHINAS-VERANO 2027"}]},{"@type":"WebSite","@id":"https:\/\/basaworldtravel.com.ar\/sitio\/#website","url":"https:\/\/basaworldtravel.com.ar\/sitio\/","name":"Basa","description":"World Travel","potentialAction":[{"@type":"SearchAction","target":{"@type":"EntryPoint","urlTemplate":"https:\/\/basaworldtravel.com.ar\/sitio\/?s={search_term_string}"},"query-input":{"@type":"PropertyValueSpecification","valueRequired":true,"valueName":"search_term_string"}}],"inLanguage":"es"},{"@type":"Person","@id":"https:\/\/basaworldtravel.com.ar\/sitio\/#\/schema\/person\/d89b1d641794d338c41cd3818beabd4c","name":"BasaWeb","image":{"@type":"ImageObject","inLanguage":"es","@id":"https:\/\/secure.gravatar.com\/avatar\/13e699648957af0aba903942fee2a1fc533d92bcd43fcf375a4df1edc2708698?s=96&d=mm&r=g","url":"https:\/\/secure.gravatar.com\/avatar\/13e699648957af0aba903942fee2a1fc533d92bcd43fcf375a4df1edc2708698?s=96&d=mm&r=g","contentUrl":"https:\/\/secure.gravatar.com\/avatar\/13e699648957af0aba903942fee2a1fc533d92bcd43fcf375a4df1edc2708698?s=96&d=mm&r=g","caption":"BasaWeb"},"url":"https:\/\/basaworldtravel.com.ar\/sitio\/author\/basaweb\/"}]}},"_links":{"self":[{"href":"https:\/\/basaworldtravel.com.ar\/sitio\/wp-json\/wp\/v2\/posts\/157156","targetHints":{"allow":["GET"]}}],"collection":[{"href":"https:\/\/basaworldtravel.com.ar\/sitio\/wp-json\/wp\/v2\/posts"}],"about":[{"href":"https:\/\/basaworldtravel.com.ar\/sitio\/wp-json\/wp\/v2\/types\/post"}],"author":[{"embeddable":true,"href":"https:\/\/basaworldtravel.com.ar\/sitio\/wp-json\/wp\/v2\/users\/2"}],"replies":[{"embeddable":true,"href":"https:\/\/basaworldtravel.com.ar\/sitio\/wp-json\/wp\/v2\/comments?post=157156"}],"version-history":[{"count":3,"href":"https:\/\/basaworldtravel.com.ar\/sitio\/wp-json\/wp\/v2\/posts\/157156\/revisions"}],"predecessor-version":[{"id":157166,"href":"https:\/\/basaworldtravel.com.ar\/sitio\/wp-json\/wp\/v2\/posts\/157156\/revisions\/157166"}],"wp:featuredmedia":[{"embeddable":true,"href":"https:\/\/basaworldtravel.com.ar\/sitio\/wp-json\/wp\/v2\/media\/157157"}],"wp:attachment":[{"href":"https:\/\/basaworldtravel.com.ar\/sitio\/wp-json\/wp\/v2\/media?parent=157156"}],"wp:term":[{"taxonomy":"category","embeddable":true,"href":"https:\/\/basaworldtravel.com.ar\/sitio\/wp-json\/wp\/v2\/categories?post=157156"},{"taxonomy":"post_tag","embeddable":true,"href":"https:\/\/basaworldtravel.com.ar\/sitio\/wp-json\/wp\/v2\/tags?post=157156"}],"curies":[{"name":"wp","href":"https:\/\/api.w.org\/{rel}","templated":true}]}}