{"id":156639,"date":"2026-05-12T10:26:57","date_gmt":"2026-05-12T13:26:57","guid":{"rendered":"https:\/\/basaworldtravel.com.ar\/?p=156639"},"modified":"2026-05-12T11:22:58","modified_gmt":"2026-05-12T14:22:58","slug":"ruta-del-adobe-vacaciones-de-julio","status":"publish","type":"post","link":"https:\/\/basaworldtravel.com.ar\/sitio\/2026\/05\/ruta-del-adobe-vacaciones-de-julio\/","title":{"rendered":"\u00b4RUTA DEL ADOBE-VACACIONES DE JULIO"},"content":{"rendered":"\n<p>Salidas 08 y 14 de Julio 2026<\/p>\n\n\n\n<p><strong>SERVICIOS<\/strong>:<br>\uf0fc Bus Ch\u00e1rter de Turismo Mix \u2013 Adicional Butaca Cama $ 50.000.<br>\uf0fc Adicional butacas primeras filas y cafeteras $ 48.000.-<br>\uf0fc COORDINADOR.<br>\uf0fc 03 Noches de Alojamiento.<strong> HOTEL DEL CENTRO *** www.hoteldelcentro.com.ar<\/strong> <\/p>\n\n\n\n<p>\uf0fc MEDIA PENSION.<br><\/p>\n\n\n\n<p><strong>EXCURSIONES<\/strong>:<br>\uf0fc City Tour por Catamarca, Catedral, Casa de Gobierno, Convento de San Francisco, Dique el Jumeal y Gruta de la Virgen del Valle.<br>\uf0fc Ruta del Adobe: visita a construcciones de adobe y lugares t\u00edpicos de zona.<br>\uf0fc Termas de Fiambal\u00e1 (no incluye traslado desde Fiambal\u00e1 al complejo termal ni ticket de ingreso).<\/p>\n\n\n\n<p><strong>Itinerario tentativo:<br><\/strong>D\u00eda 1 &#8211; Salida en horas de la tarde, viajando por la noche.<br>D\u00eda 2 &#8211; Arribo en horas de la ma\u00f1ana a la ciudad de San Fernando del Valle de Catamarca. City Tour acompa\u00f1ados por un gu\u00eda visitando Bas\u00edlica de Nsta. Sra. Del Valle, Casa de Gobierno, Convento de San Francisco Gruta de Choya y Dique el Jumeal. Almuerzo libre y continuaremos viaje a Aimogasta distante unos 150 km.- Alojamiento en Hotel y Cena.<br>D\u00eda 3 \u2013 Desayuno y Cena- Durante el d\u00eda realizaremos la excursi\u00f3n a Ruta del Adobe visitando construcciones de Adobe, lugares t\u00edpicos de la zona y Termas de Fiambal\u00e1, distante unos 161 km (no incluye traslado desde Fiambal\u00e1 al Complejo Termal ni ticket de ingreso al mismo)<br>D\u00eda 4 \u2013 Desayuno y Cena- D\u00eda Libre.- Podr\u00e1n realizar la excursi\u00f3n opcional (Bel\u00e9n y Londres con Ruinas del Shincal)<br>D\u00eda 5 \u2013 Desayuno y emprendemos viaje de regreso para arribar a destino en horas de la noche.<br>(Itinerario sujeto a condiciones de reservas)<\/p>\n\n\n\n<p><\/p>\n\n\n\n<p><strong>Opcional Recomendado:<br><\/strong>Bel\u00e9n y Londres con Ruinas del Shincal<\/p>\n\n\n\n<p><strong>$ 469.900 por persona en base doble\/triple  abonando en efectivo\/  $475.500 por persona abonando via transferencia bancaria <\/strong><\/p>\n\n\n\n<p><strong>$457.500  por persona en base cuadruple abonando en efectivo\/  $462.990  por persona abonando via transferencia bancaria <\/strong><\/p>\n\n\n\n<p><strong>$ 643.600<\/strong> <strong>por persona en base single abonando en efectivo\/  $651.300 por persona abonando via transferencia bancaria <\/strong><\/p>\n\n\n\n<p><strong>MENORES<\/strong><\/p>\n\n\n\n<p>De 00\/03 a\u00f1os cumplidos abona butaca $ 220.000.-  compartiendo con dos adultos los servicios hoteleros.<br>De 04 a\u00f1os cumplidos en adelante abona tarifa de adulto con todos los servicios.<br>TARIFA SUJETA A REAJUSTE SIN PREVIO AVISO<\/p>\n\n\n\n<p><\/p>\n","protected":false},"excerpt":{"rendered":"<p>Un viaje entre historia, paisajes eternos y pueblos de adobe que guardan el alma de Catamarca.<\/p>\n","protected":false},"author":2,"featured_media":156640,"comment_status":"closed","ping_status":"open","sticky":false,"template":"","format":"standard","meta":{"_acf_changed":false,"footnotes":""},"categories":[6,5,245],"tags":[703,630,16,35,92,80,102],"class_list":["post-156639","post","type-post","status-publish","format-standard","has-post-thumbnail","hentry","category-argentina","category-paquetes","category-sudamerica","tag-703","tag-adobe","tag-argentina","tag-catamarca","tag-ruta-del-adobe","tag-salidas-grupales","tag-vacaciones-de-julio","category-6","category-5","category-245","description-off"],"acf":[],"yoast_head":"<!-- This site is optimized with the Yoast SEO plugin v28.4 - https:\/\/yoast.com\/product\/yoast-seo-wordpress\/ -->\n<title>\u00b4RUTA DEL ADOBE-VACACIONES DE JULIO - Basa<\/title>\n<meta name=\"robots\" content=\"index, follow, max-snippet:-1, max-image-preview:large, max-video-preview:-1\" \/>\n<link rel=\"canonical\" href=\"https:\/\/basaworldtravel.com.ar\/sitio\/2026\/05\/ruta-del-adobe-vacaciones-de-julio\/\" \/>\n<meta property=\"og:locale\" content=\"es_ES\" \/>\n<meta property=\"og:type\" content=\"article\" \/>\n<meta property=\"og:title\" content=\"\u00b4RUTA DEL ADOBE-VACACIONES DE JULIO - Basa\" \/>\n<meta property=\"og:description\" content=\"Un viaje entre historia, paisajes eternos y pueblos de adobe que guardan el alma de Catamarca.\" \/>\n<meta property=\"og:url\" content=\"https:\/\/basaworldtravel.com.ar\/sitio\/2026\/05\/ruta-del-adobe-vacaciones-de-julio\/\" \/>\n<meta property=\"og:site_name\" content=\"Basa\" \/>\n<meta property=\"article:published_time\" content=\"2026-05-12T13:26:57+00:00\" \/>\n<meta property=\"article:modified_time\" content=\"2026-05-12T14:22:58+00:00\" \/>\n<meta property=\"og:image\" content=\"https:\/\/basaworldtravel.com.ar\/sitio\/wp-content\/uploads\/2026\/05\/RUTA-DEL-ADOBE.jpg\" \/>\n\t<meta property=\"og:image:width\" content=\"1600\" \/>\n\t<meta property=\"og:image:height\" content=\"1002\" \/>\n\t<meta property=\"og:image:type\" content=\"image\/jpeg\" \/>\n<meta name=\"author\" content=\"BasaWeb\" \/>\n<meta name=\"twitter:card\" content=\"summary_large_image\" \/>\n<meta name=\"twitter:label1\" content=\"Escrito por\" \/>\n\t<meta name=\"twitter:data1\" content=\"BasaWeb\" \/>\n\t<meta name=\"twitter:label2\" content=\"Tiempo de lectura\" \/>\n\t<meta name=\"twitter:data2\" content=\"2 minutos\" \/>\n<script type=\"application\/ld+json\" class=\"yoast-schema-graph\">{\"@context\":\"https:\\\/\\\/schema.org\",\"@graph\":[{\"@type\":\"Article\",\"@id\":\"https:\\\/\\\/basaworldtravel.com.ar\\\/sitio\\\/2026\\\/05\\\/ruta-del-adobe-vacaciones-de-julio\\\/#article\",\"isPartOf\":{\"@id\":\"https:\\\/\\\/basaworldtravel.com.ar\\\/sitio\\\/2026\\\/05\\\/ruta-del-adobe-vacaciones-de-julio\\\/\"},\"author\":{\"name\":\"BasaWeb\",\"@id\":\"https:\\\/\\\/basaworldtravel.com.ar\\\/sitio\\\/#\\\/schema\\\/person\\\/d89b1d641794d338c41cd3818beabd4c\"},\"headline\":\"\u00b4RUTA DEL ADOBE-VACACIONES DE JULIO\",\"datePublished\":\"2026-05-12T13:26:57+00:00\",\"dateModified\":\"2026-05-12T14:22:58+00:00\",\"mainEntityOfPage\":{\"@id\":\"https:\\\/\\\/basaworldtravel.com.ar\\\/sitio\\\/2026\\\/05\\\/ruta-del-adobe-vacaciones-de-julio\\\/\"},\"wordCount\":356,\"image\":{\"@id\":\"https:\\\/\\\/basaworldtravel.com.ar\\\/sitio\\\/2026\\\/05\\\/ruta-del-adobe-vacaciones-de-julio\\\/#primaryimage\"},\"thumbnailUrl\":\"https:\\\/\\\/basaworldtravel.com.ar\\\/sitio\\\/wp-content\\\/uploads\\\/2026\\\/05\\\/RUTA-DEL-ADOBE.jpg\",\"keywords\":[\"2026\",\"ADOBE\",\"ARGENTINA\",\"catamarca\",\"ruta del adobe\",\"SALIDAS GRUPALES\",\"VACACIONES DE JULIO\"],\"articleSection\":[\"Argentina\",\"Paquetes\",\"Sudam\u00e9rica\"],\"inLanguage\":\"es\"},{\"@type\":\"WebPage\",\"@id\":\"https:\\\/\\\/basaworldtravel.com.ar\\\/sitio\\\/2026\\\/05\\\/ruta-del-adobe-vacaciones-de-julio\\\/\",\"url\":\"https:\\\/\\\/basaworldtravel.com.ar\\\/sitio\\\/2026\\\/05\\\/ruta-del-adobe-vacaciones-de-julio\\\/\",\"name\":\"\u00b4RUTA DEL ADOBE-VACACIONES DE JULIO - Basa\",\"isPartOf\":{\"@id\":\"https:\\\/\\\/basaworldtravel.com.ar\\\/sitio\\\/#website\"},\"primaryImageOfPage\":{\"@id\":\"https:\\\/\\\/basaworldtravel.com.ar\\\/sitio\\\/2026\\\/05\\\/ruta-del-adobe-vacaciones-de-julio\\\/#primaryimage\"},\"image\":{\"@id\":\"https:\\\/\\\/basaworldtravel.com.ar\\\/sitio\\\/2026\\\/05\\\/ruta-del-adobe-vacaciones-de-julio\\\/#primaryimage\"},\"thumbnailUrl\":\"https:\\\/\\\/basaworldtravel.com.ar\\\/sitio\\\/wp-content\\\/uploads\\\/2026\\\/05\\\/RUTA-DEL-ADOBE.jpg\",\"datePublished\":\"2026-05-12T13:26:57+00:00\",\"dateModified\":\"2026-05-12T14:22:58+00:00\",\"author\":{\"@id\":\"https:\\\/\\\/basaworldtravel.com.ar\\\/sitio\\\/#\\\/schema\\\/person\\\/d89b1d641794d338c41cd3818beabd4c\"},\"breadcrumb\":{\"@id\":\"https:\\\/\\\/basaworldtravel.com.ar\\\/sitio\\\/2026\\\/05\\\/ruta-del-adobe-vacaciones-de-julio\\\/#breadcrumb\"},\"inLanguage\":\"es\",\"potentialAction\":[{\"@type\":\"ReadAction\",\"target\":[\"https:\\\/\\\/basaworldtravel.com.ar\\\/sitio\\\/2026\\\/05\\\/ruta-del-adobe-vacaciones-de-julio\\\/\"]}]},{\"@type\":\"ImageObject\",\"inLanguage\":\"es\",\"@id\":\"https:\\\/\\\/basaworldtravel.com.ar\\\/sitio\\\/2026\\\/05\\\/ruta-del-adobe-vacaciones-de-julio\\\/#primaryimage\",\"url\":\"https:\\\/\\\/basaworldtravel.com.ar\\\/sitio\\\/wp-content\\\/uploads\\\/2026\\\/05\\\/RUTA-DEL-ADOBE.jpg\",\"contentUrl\":\"https:\\\/\\\/basaworldtravel.com.ar\\\/sitio\\\/wp-content\\\/uploads\\\/2026\\\/05\\\/RUTA-DEL-ADOBE.jpg\",\"width\":1600,\"height\":1002},{\"@type\":\"BreadcrumbList\",\"@id\":\"https:\\\/\\\/basaworldtravel.com.ar\\\/sitio\\\/2026\\\/05\\\/ruta-del-adobe-vacaciones-de-julio\\\/#breadcrumb\",\"itemListElement\":[{\"@type\":\"ListItem\",\"position\":1,\"name\":\"Portada\",\"item\":\"https:\\\/\\\/basaworldtravel.com.ar\\\/sitio\\\/\"},{\"@type\":\"ListItem\",\"position\":2,\"name\":\"\u00b4RUTA DEL ADOBE-VACACIONES DE JULIO\"}]},{\"@type\":\"WebSite\",\"@id\":\"https:\\\/\\\/basaworldtravel.com.ar\\\/sitio\\\/#website\",\"url\":\"https:\\\/\\\/basaworldtravel.com.ar\\\/sitio\\\/\",\"name\":\"Basa\",\"description\":\"World Travel\",\"potentialAction\":[{\"@type\":\"SearchAction\",\"target\":{\"@type\":\"EntryPoint\",\"urlTemplate\":\"https:\\\/\\\/basaworldtravel.com.ar\\\/sitio\\\/?s={search_term_string}\"},\"query-input\":{\"@type\":\"PropertyValueSpecification\",\"valueRequired\":true,\"valueName\":\"search_term_string\"}}],\"inLanguage\":\"es\"},{\"@type\":\"Person\",\"@id\":\"https:\\\/\\\/basaworldtravel.com.ar\\\/sitio\\\/#\\\/schema\\\/person\\\/d89b1d641794d338c41cd3818beabd4c\",\"name\":\"BasaWeb\",\"image\":{\"@type\":\"ImageObject\",\"inLanguage\":\"es\",\"@id\":\"https:\\\/\\\/secure.gravatar.com\\\/avatar\\\/13e699648957af0aba903942fee2a1fc533d92bcd43fcf375a4df1edc2708698?s=96&d=mm&r=g\",\"url\":\"https:\\\/\\\/secure.gravatar.com\\\/avatar\\\/13e699648957af0aba903942fee2a1fc533d92bcd43fcf375a4df1edc2708698?s=96&d=mm&r=g\",\"contentUrl\":\"https:\\\/\\\/secure.gravatar.com\\\/avatar\\\/13e699648957af0aba903942fee2a1fc533d92bcd43fcf375a4df1edc2708698?s=96&d=mm&r=g\",\"caption\":\"BasaWeb\"},\"url\":\"https:\\\/\\\/basaworldtravel.com.ar\\\/sitio\\\/author\\\/basaweb\\\/\"}]}<\/script>\n<!-- \/ Yoast SEO plugin. -->","yoast_head_json":{"title":"\u00b4RUTA DEL ADOBE-VACACIONES DE JULIO - Basa","robots":{"index":"index","follow":"follow","max-snippet":"max-snippet:-1","max-image-preview":"max-image-preview:large","max-video-preview":"max-video-preview:-1"},"canonical":"https:\/\/basaworldtravel.com.ar\/sitio\/2026\/05\/ruta-del-adobe-vacaciones-de-julio\/","og_locale":"es_ES","og_type":"article","og_title":"\u00b4RUTA DEL ADOBE-VACACIONES DE JULIO - Basa","og_description":"Un viaje entre historia, paisajes eternos y pueblos de adobe que guardan el alma de Catamarca.","og_url":"https:\/\/basaworldtravel.com.ar\/sitio\/2026\/05\/ruta-del-adobe-vacaciones-de-julio\/","og_site_name":"Basa","article_published_time":"2026-05-12T13:26:57+00:00","article_modified_time":"2026-05-12T14:22:58+00:00","og_image":[{"width":1600,"height":1002,"url":"https:\/\/basaworldtravel.com.ar\/sitio\/wp-content\/uploads\/2026\/05\/RUTA-DEL-ADOBE.jpg","type":"image\/jpeg"}],"author":"BasaWeb","twitter_card":"summary_large_image","twitter_misc":{"Escrito por":"BasaWeb","Tiempo de lectura":"2 minutos"},"schema":{"@context":"https:\/\/schema.org","@graph":[{"@type":"Article","@id":"https:\/\/basaworldtravel.com.ar\/sitio\/2026\/05\/ruta-del-adobe-vacaciones-de-julio\/#article","isPartOf":{"@id":"https:\/\/basaworldtravel.com.ar\/sitio\/2026\/05\/ruta-del-adobe-vacaciones-de-julio\/"},"author":{"name":"BasaWeb","@id":"https:\/\/basaworldtravel.com.ar\/sitio\/#\/schema\/person\/d89b1d641794d338c41cd3818beabd4c"},"headline":"\u00b4RUTA DEL ADOBE-VACACIONES DE JULIO","datePublished":"2026-05-12T13:26:57+00:00","dateModified":"2026-05-12T14:22:58+00:00","mainEntityOfPage":{"@id":"https:\/\/basaworldtravel.com.ar\/sitio\/2026\/05\/ruta-del-adobe-vacaciones-de-julio\/"},"wordCount":356,"image":{"@id":"https:\/\/basaworldtravel.com.ar\/sitio\/2026\/05\/ruta-del-adobe-vacaciones-de-julio\/#primaryimage"},"thumbnailUrl":"https:\/\/basaworldtravel.com.ar\/sitio\/wp-content\/uploads\/2026\/05\/RUTA-DEL-ADOBE.jpg","keywords":["2026","ADOBE","ARGENTINA","catamarca","ruta del adobe","SALIDAS GRUPALES","VACACIONES DE JULIO"],"articleSection":["Argentina","Paquetes","Sudam\u00e9rica"],"inLanguage":"es"},{"@type":"WebPage","@id":"https:\/\/basaworldtravel.com.ar\/sitio\/2026\/05\/ruta-del-adobe-vacaciones-de-julio\/","url":"https:\/\/basaworldtravel.com.ar\/sitio\/2026\/05\/ruta-del-adobe-vacaciones-de-julio\/","name":"\u00b4RUTA DEL ADOBE-VACACIONES DE JULIO - Basa","isPartOf":{"@id":"https:\/\/basaworldtravel.com.ar\/sitio\/#website"},"primaryImageOfPage":{"@id":"https:\/\/basaworldtravel.com.ar\/sitio\/2026\/05\/ruta-del-adobe-vacaciones-de-julio\/#primaryimage"},"image":{"@id":"https:\/\/basaworldtravel.com.ar\/sitio\/2026\/05\/ruta-del-adobe-vacaciones-de-julio\/#primaryimage"},"thumbnailUrl":"https:\/\/basaworldtravel.com.ar\/sitio\/wp-content\/uploads\/2026\/05\/RUTA-DEL-ADOBE.jpg","datePublished":"2026-05-12T13:26:57+00:00","dateModified":"2026-05-12T14:22:58+00:00","author":{"@id":"https:\/\/basaworldtravel.com.ar\/sitio\/#\/schema\/person\/d89b1d641794d338c41cd3818beabd4c"},"breadcrumb":{"@id":"https:\/\/basaworldtravel.com.ar\/sitio\/2026\/05\/ruta-del-adobe-vacaciones-de-julio\/#breadcrumb"},"inLanguage":"es","potentialAction":[{"@type":"ReadAction","target":["https:\/\/basaworldtravel.com.ar\/sitio\/2026\/05\/ruta-del-adobe-vacaciones-de-julio\/"]}]},{"@type":"ImageObject","inLanguage":"es","@id":"https:\/\/basaworldtravel.com.ar\/sitio\/2026\/05\/ruta-del-adobe-vacaciones-de-julio\/#primaryimage","url":"https:\/\/basaworldtravel.com.ar\/sitio\/wp-content\/uploads\/2026\/05\/RUTA-DEL-ADOBE.jpg","contentUrl":"https:\/\/basaworldtravel.com.ar\/sitio\/wp-content\/uploads\/2026\/05\/RUTA-DEL-ADOBE.jpg","width":1600,"height":1002},{"@type":"BreadcrumbList","@id":"https:\/\/basaworldtravel.com.ar\/sitio\/2026\/05\/ruta-del-adobe-vacaciones-de-julio\/#breadcrumb","itemListElement":[{"@type":"ListItem","position":1,"name":"Portada","item":"https:\/\/basaworldtravel.com.ar\/sitio\/"},{"@type":"ListItem","position":2,"name":"\u00b4RUTA DEL ADOBE-VACACIONES DE JULIO"}]},{"@type":"WebSite","@id":"https:\/\/basaworldtravel.com.ar\/sitio\/#website","url":"https:\/\/basaworldtravel.com.ar\/sitio\/","name":"Basa","description":"World Travel","potentialAction":[{"@type":"SearchAction","target":{"@type":"EntryPoint","urlTemplate":"https:\/\/basaworldtravel.com.ar\/sitio\/?s={search_term_string}"},"query-input":{"@type":"PropertyValueSpecification","valueRequired":true,"valueName":"search_term_string"}}],"inLanguage":"es"},{"@type":"Person","@id":"https:\/\/basaworldtravel.com.ar\/sitio\/#\/schema\/person\/d89b1d641794d338c41cd3818beabd4c","name":"BasaWeb","image":{"@type":"ImageObject","inLanguage":"es","@id":"https:\/\/secure.gravatar.com\/avatar\/13e699648957af0aba903942fee2a1fc533d92bcd43fcf375a4df1edc2708698?s=96&d=mm&r=g","url":"https:\/\/secure.gravatar.com\/avatar\/13e699648957af0aba903942fee2a1fc533d92bcd43fcf375a4df1edc2708698?s=96&d=mm&r=g","contentUrl":"https:\/\/secure.gravatar.com\/avatar\/13e699648957af0aba903942fee2a1fc533d92bcd43fcf375a4df1edc2708698?s=96&d=mm&r=g","caption":"BasaWeb"},"url":"https:\/\/basaworldtravel.com.ar\/sitio\/author\/basaweb\/"}]}},"_links":{"self":[{"href":"https:\/\/basaworldtravel.com.ar\/sitio\/wp-json\/wp\/v2\/posts\/156639","targetHints":{"allow":["GET"]}}],"collection":[{"href":"https:\/\/basaworldtravel.com.ar\/sitio\/wp-json\/wp\/v2\/posts"}],"about":[{"href":"https:\/\/basaworldtravel.com.ar\/sitio\/wp-json\/wp\/v2\/types\/post"}],"author":[{"embeddable":true,"href":"https:\/\/basaworldtravel.com.ar\/sitio\/wp-json\/wp\/v2\/users\/2"}],"replies":[{"embeddable":true,"href":"https:\/\/basaworldtravel.com.ar\/sitio\/wp-json\/wp\/v2\/comments?post=156639"}],"version-history":[{"count":3,"href":"https:\/\/basaworldtravel.com.ar\/sitio\/wp-json\/wp\/v2\/posts\/156639\/revisions"}],"predecessor-version":[{"id":156643,"href":"https:\/\/basaworldtravel.com.ar\/sitio\/wp-json\/wp\/v2\/posts\/156639\/revisions\/156643"}],"wp:featuredmedia":[{"embeddable":true,"href":"https:\/\/basaworldtravel.com.ar\/sitio\/wp-json\/wp\/v2\/media\/156640"}],"wp:attachment":[{"href":"https:\/\/basaworldtravel.com.ar\/sitio\/wp-json\/wp\/v2\/media?parent=156639"}],"wp:term":[{"taxonomy":"category","embeddable":true,"href":"https:\/\/basaworldtravel.com.ar\/sitio\/wp-json\/wp\/v2\/categories?post=156639"},{"taxonomy":"post_tag","embeddable":true,"href":"https:\/\/basaworldtravel.com.ar\/sitio\/wp-json\/wp\/v2\/tags?post=156639"}],"curies":[{"name":"wp","href":"https:\/\/api.w.org\/{rel}","templated":true}]}}