{"id":156574,"date":"2026-05-05T09:27:24","date_gmt":"2026-05-05T12:27:24","guid":{"rendered":"https:\/\/basaworldtravel.com.ar\/?p=156574"},"modified":"2026-05-05T09:27:27","modified_gmt":"2026-05-05T12:27:27","slug":"mendoza-y-san-rafael-vacaciones-julio","status":"publish","type":"post","link":"https:\/\/basaworldtravel.com.ar\/sitio\/2026\/05\/mendoza-y-san-rafael-vacaciones-julio\/","title":{"rendered":"Mendoza y San Rafael-VACACIONES JULIO"},"content":{"rendered":"\n<p>Salidas 03, 7 y 11 Julio<\/p>\n\n\n\n<p><strong>SERVICIOS<\/strong>:<br>\uf0fc Bus Ch\u00e1rter de Turismo Mix \u2013 Adicional Butaca Cama $ 50.000.<br>\uf0fc Adicional butacas panor\u00e1micas y cafeteras $ 48.000.<br>\uf0fc COORDINADOR.<br>\uf0fc 04 Noches de Alojamiento.<br>\uf0fc MEDIA PENSION (01 almuerzo en Bodega + 03 cenas incluidas).<\/p>\n\n\n\n<p><br><strong>EXCURSIONES<\/strong>:<br>EN MENDOZA: City Tour, Parque San Martin y Cerro de la Gloria (Sin  Ascenso), Visita a Bodega.<br>EN SAN RAFAEL: Circuito Productivo, Visita a Bodega.<\/p>\n\n\n\n<p><\/p>\n\n\n\n<p><strong>Itinerario tentativo:<\/strong><br>D\u00eda 1 \u2013 Salida en horas de la tarde, viajando por la noche.<br>D\u00eda 2 \u2013 Llegada por la ma\u00f1ana a Mendoza. City Tour, Parque San Martin y Cerro de La Gloria (no incluye ticket de ascenso). Visita y almuerzo<br>incluido en Bodega. Por la tarde alojamiento. Opcional noche de Pe\u00f1a con Show Folkl\u00f3rico.<br>D\u00eda 3 \u2013 Desayuno \u2013 Excursi\u00f3n opcional de d\u00eda completo a Alta Monta\u00f1a. Cena en Hotel.<br>D\u00eda 4 \u2013 Desayuno \u2013 Check Out \u2013 Emprendemos viaje con destino a San Rafael. Visita a Bodega y Circuito Productivo. Excursion al Valle Grande.<br>Almuerzo libre. Por la tarde alojamiento . Cena en Resaturante.<br>D\u00eda 5 \u2013 Desayuno \u2013 Excursi\u00f3n opcional a Dique Los Reyunos (actividades varias para realizar). Almuerzo libre. Visita a Chocolateria. Cena en<br>Restaurante.<br>D\u00eda 6 \u2013 Desayuno &#8211; Check Out &#8211; Emprendemos viaje de regreso para arribar a destino en horas de la noche.<br>(Itinerario sujeto a condiciones de reservas y orden de salida seg\u00fan fechas)<\/p>\n\n\n\n<p><\/p>\n\n\n\n<p><strong>SALIDA 03 DE JULIO<\/strong><\/p>\n\n\n\n<p>*<strong>HOTEL CORDON DEL PLATA  www.hotelcordondelplata.com.ar + HOTEL ALAS  www.alashotel.com.ar  <\/strong><\/p>\n\n\n\n<p>$ 536.700 POR PERSONA EN BASE DOBLE\/TRIPLE ABONANDO EN EFECTIVO <\/p>\n\n\n\n<p>$ 503.700 POR PERSONA EN BASE CUADRUPLE ABONANDO EN EFECTIVO<\/p>\n\n\n\n<p><\/p>\n\n\n\n<p><strong>*HOTEL M www.hotelm.com.ar + HOTEL ALAS  www.alashotel.com.ar  <\/strong><\/p>\n\n\n\n<p>$ 548.800POR PERSONA EN BASE DOBLE\/TRIPLE ABONANDO EN EFECTIVO <\/p>\n\n\n\n<p><\/p>\n\n\n\n<p><strong>SALIDAS 07- 11  DE JULIO<\/strong><\/p>\n\n\n\n<p>*<strong>HOTEL CORDON DEL PLATA  www.hotelcordondelplata.com.ar + HOTEL ALAS  www.alashotel.com.ar  <\/strong><\/p>\n\n\n\n<p>$ 572.800 POR PERSONA EN BASE DOBLE\/TRIPLE ABONANDO EN EFECTIVO<\/p>\n\n\n\n<p>$ 537.000POR PERSONA EN BASE CUADRUPLE ABONANDO EN EFECTIVO<\/p>\n\n\n\n<p><\/p>\n\n\n\n<p><strong>*HOTEL M www.hotelm.com.ar + HOTEL ALAS  www.alashotel.com.ar  <\/strong><\/p>\n\n\n\n<p>$ 585.600 PERSONA EN BASE DOBLE\/TRIPLE ABONANDO EN EFECTIVO<\/p>\n\n\n\n<p><strong>Opcionales Recomendados:<br><\/strong>Alta Monta\u00f1a \u2013 Dique Los Reyunos &#8211; Pe\u00f1a Folkl\u00f3rica.<\/p>\n\n\n\n<p><strong>MENORES:<br><\/strong>De 00\/03 a\u00f1os cumplidos abona butaca $ 220.000  compartiendo con dos adultos los servicios hoteleros.<br>Menores de 04 a\u00f1os cumplidos en adelante abona tarifa de adulto con todos los servicios.<br>TARIFA SUJETA A REAJUSTE SIN PREVIO AVISO<\/p>\n\n\n\n<p><\/p>\n\n\n\n<p><\/p>\n","protected":false},"excerpt":{"rendered":"<p>ENTRE MONTA\u00d1AS Y RIOS<\/p>\n","protected":false},"author":2,"featured_media":156456,"comment_status":"closed","ping_status":"open","sticky":false,"template":"","format":"standard","meta":{"_acf_changed":false,"footnotes":""},"categories":[6,5],"tags":[703,16,145,14],"class_list":["post-156574","post","type-post","status-publish","format-standard","has-post-thumbnail","hentry","category-argentina","category-paquetes","tag-703","tag-argentina","tag-cuyo","tag-mendoza","category-6","category-5","description-off"],"acf":[],"yoast_head":"<!-- This site is optimized with the Yoast SEO plugin v28.4 - https:\/\/yoast.com\/product\/yoast-seo-wordpress\/ -->\n<title>Mendoza y San Rafael-VACACIONES JULIO - Basa<\/title>\n<meta name=\"robots\" content=\"index, follow, max-snippet:-1, max-image-preview:large, max-video-preview:-1\" \/>\n<link rel=\"canonical\" href=\"https:\/\/basaworldtravel.com.ar\/sitio\/2026\/05\/mendoza-y-san-rafael-vacaciones-julio\/\" \/>\n<meta property=\"og:locale\" content=\"es_ES\" \/>\n<meta property=\"og:type\" content=\"article\" \/>\n<meta property=\"og:title\" content=\"Mendoza y San Rafael-VACACIONES JULIO - Basa\" \/>\n<meta property=\"og:description\" content=\"ENTRE MONTA\u00d1AS Y RIOS\" \/>\n<meta property=\"og:url\" content=\"https:\/\/basaworldtravel.com.ar\/sitio\/2026\/05\/mendoza-y-san-rafael-vacaciones-julio\/\" \/>\n<meta property=\"og:site_name\" content=\"Basa\" \/>\n<meta property=\"article:published_time\" content=\"2026-05-05T12:27:24+00:00\" \/>\n<meta property=\"article:modified_time\" content=\"2026-05-05T12:27:27+00:00\" \/>\n<meta property=\"og:image\" content=\"https:\/\/basaworldtravel.com.ar\/sitio\/wp-content\/uploads\/2026\/04\/Excursion-Alta-Montana-en-Mendoza-Lauke-Tours-2048x1357-1.jpg\" \/>\n\t<meta property=\"og:image:width\" content=\"2048\" \/>\n\t<meta property=\"og:image:height\" content=\"1357\" \/>\n\t<meta property=\"og:image:type\" content=\"image\/jpeg\" \/>\n<meta name=\"author\" content=\"BasaWeb\" \/>\n<meta name=\"twitter:card\" content=\"summary_large_image\" \/>\n<meta name=\"twitter:label1\" content=\"Escrito por\" \/>\n\t<meta name=\"twitter:data1\" content=\"BasaWeb\" \/>\n\t<meta name=\"twitter:label2\" content=\"Tiempo de lectura\" \/>\n\t<meta name=\"twitter:data2\" content=\"2 minutos\" \/>\n<script type=\"application\/ld+json\" class=\"yoast-schema-graph\">{\"@context\":\"https:\\\/\\\/schema.org\",\"@graph\":[{\"@type\":\"Article\",\"@id\":\"https:\\\/\\\/basaworldtravel.com.ar\\\/sitio\\\/2026\\\/05\\\/mendoza-y-san-rafael-vacaciones-julio\\\/#article\",\"isPartOf\":{\"@id\":\"https:\\\/\\\/basaworldtravel.com.ar\\\/sitio\\\/2026\\\/05\\\/mendoza-y-san-rafael-vacaciones-julio\\\/\"},\"author\":{\"name\":\"BasaWeb\",\"@id\":\"https:\\\/\\\/basaworldtravel.com.ar\\\/sitio\\\/#\\\/schema\\\/person\\\/d89b1d641794d338c41cd3818beabd4c\"},\"headline\":\"Mendoza y San Rafael-VACACIONES JULIO\",\"datePublished\":\"2026-05-05T12:27:24+00:00\",\"dateModified\":\"2026-05-05T12:27:27+00:00\",\"mainEntityOfPage\":{\"@id\":\"https:\\\/\\\/basaworldtravel.com.ar\\\/sitio\\\/2026\\\/05\\\/mendoza-y-san-rafael-vacaciones-julio\\\/\"},\"wordCount\":378,\"image\":{\"@id\":\"https:\\\/\\\/basaworldtravel.com.ar\\\/sitio\\\/2026\\\/05\\\/mendoza-y-san-rafael-vacaciones-julio\\\/#primaryimage\"},\"thumbnailUrl\":\"https:\\\/\\\/basaworldtravel.com.ar\\\/sitio\\\/wp-content\\\/uploads\\\/2026\\\/04\\\/Excursion-Alta-Montana-en-Mendoza-Lauke-Tours-2048x1357-1.jpg\",\"keywords\":[\"2026\",\"ARGENTINA\",\"cuyo\",\"MENDOZA\"],\"articleSection\":[\"Argentina\",\"Paquetes\"],\"inLanguage\":\"es\"},{\"@type\":\"WebPage\",\"@id\":\"https:\\\/\\\/basaworldtravel.com.ar\\\/sitio\\\/2026\\\/05\\\/mendoza-y-san-rafael-vacaciones-julio\\\/\",\"url\":\"https:\\\/\\\/basaworldtravel.com.ar\\\/sitio\\\/2026\\\/05\\\/mendoza-y-san-rafael-vacaciones-julio\\\/\",\"name\":\"Mendoza y San Rafael-VACACIONES JULIO - Basa\",\"isPartOf\":{\"@id\":\"https:\\\/\\\/basaworldtravel.com.ar\\\/sitio\\\/#website\"},\"primaryImageOfPage\":{\"@id\":\"https:\\\/\\\/basaworldtravel.com.ar\\\/sitio\\\/2026\\\/05\\\/mendoza-y-san-rafael-vacaciones-julio\\\/#primaryimage\"},\"image\":{\"@id\":\"https:\\\/\\\/basaworldtravel.com.ar\\\/sitio\\\/2026\\\/05\\\/mendoza-y-san-rafael-vacaciones-julio\\\/#primaryimage\"},\"thumbnailUrl\":\"https:\\\/\\\/basaworldtravel.com.ar\\\/sitio\\\/wp-content\\\/uploads\\\/2026\\\/04\\\/Excursion-Alta-Montana-en-Mendoza-Lauke-Tours-2048x1357-1.jpg\",\"datePublished\":\"2026-05-05T12:27:24+00:00\",\"dateModified\":\"2026-05-05T12:27:27+00:00\",\"author\":{\"@id\":\"https:\\\/\\\/basaworldtravel.com.ar\\\/sitio\\\/#\\\/schema\\\/person\\\/d89b1d641794d338c41cd3818beabd4c\"},\"breadcrumb\":{\"@id\":\"https:\\\/\\\/basaworldtravel.com.ar\\\/sitio\\\/2026\\\/05\\\/mendoza-y-san-rafael-vacaciones-julio\\\/#breadcrumb\"},\"inLanguage\":\"es\",\"potentialAction\":[{\"@type\":\"ReadAction\",\"target\":[\"https:\\\/\\\/basaworldtravel.com.ar\\\/sitio\\\/2026\\\/05\\\/mendoza-y-san-rafael-vacaciones-julio\\\/\"]}]},{\"@type\":\"ImageObject\",\"inLanguage\":\"es\",\"@id\":\"https:\\\/\\\/basaworldtravel.com.ar\\\/sitio\\\/2026\\\/05\\\/mendoza-y-san-rafael-vacaciones-julio\\\/#primaryimage\",\"url\":\"https:\\\/\\\/basaworldtravel.com.ar\\\/sitio\\\/wp-content\\\/uploads\\\/2026\\\/04\\\/Excursion-Alta-Montana-en-Mendoza-Lauke-Tours-2048x1357-1.jpg\",\"contentUrl\":\"https:\\\/\\\/basaworldtravel.com.ar\\\/sitio\\\/wp-content\\\/uploads\\\/2026\\\/04\\\/Excursion-Alta-Montana-en-Mendoza-Lauke-Tours-2048x1357-1.jpg\",\"width\":2048,\"height\":1357},{\"@type\":\"BreadcrumbList\",\"@id\":\"https:\\\/\\\/basaworldtravel.com.ar\\\/sitio\\\/2026\\\/05\\\/mendoza-y-san-rafael-vacaciones-julio\\\/#breadcrumb\",\"itemListElement\":[{\"@type\":\"ListItem\",\"position\":1,\"name\":\"Portada\",\"item\":\"https:\\\/\\\/basaworldtravel.com.ar\\\/sitio\\\/\"},{\"@type\":\"ListItem\",\"position\":2,\"name\":\"Mendoza y San Rafael-VACACIONES JULIO\"}]},{\"@type\":\"WebSite\",\"@id\":\"https:\\\/\\\/basaworldtravel.com.ar\\\/sitio\\\/#website\",\"url\":\"https:\\\/\\\/basaworldtravel.com.ar\\\/sitio\\\/\",\"name\":\"Basa\",\"description\":\"World Travel\",\"potentialAction\":[{\"@type\":\"SearchAction\",\"target\":{\"@type\":\"EntryPoint\",\"urlTemplate\":\"https:\\\/\\\/basaworldtravel.com.ar\\\/sitio\\\/?s={search_term_string}\"},\"query-input\":{\"@type\":\"PropertyValueSpecification\",\"valueRequired\":true,\"valueName\":\"search_term_string\"}}],\"inLanguage\":\"es\"},{\"@type\":\"Person\",\"@id\":\"https:\\\/\\\/basaworldtravel.com.ar\\\/sitio\\\/#\\\/schema\\\/person\\\/d89b1d641794d338c41cd3818beabd4c\",\"name\":\"BasaWeb\",\"image\":{\"@type\":\"ImageObject\",\"inLanguage\":\"es\",\"@id\":\"https:\\\/\\\/secure.gravatar.com\\\/avatar\\\/13e699648957af0aba903942fee2a1fc533d92bcd43fcf375a4df1edc2708698?s=96&d=mm&r=g\",\"url\":\"https:\\\/\\\/secure.gravatar.com\\\/avatar\\\/13e699648957af0aba903942fee2a1fc533d92bcd43fcf375a4df1edc2708698?s=96&d=mm&r=g\",\"contentUrl\":\"https:\\\/\\\/secure.gravatar.com\\\/avatar\\\/13e699648957af0aba903942fee2a1fc533d92bcd43fcf375a4df1edc2708698?s=96&d=mm&r=g\",\"caption\":\"BasaWeb\"},\"url\":\"https:\\\/\\\/basaworldtravel.com.ar\\\/sitio\\\/author\\\/basaweb\\\/\"}]}<\/script>\n<!-- \/ Yoast SEO plugin. -->","yoast_head_json":{"title":"Mendoza y San Rafael-VACACIONES JULIO - Basa","robots":{"index":"index","follow":"follow","max-snippet":"max-snippet:-1","max-image-preview":"max-image-preview:large","max-video-preview":"max-video-preview:-1"},"canonical":"https:\/\/basaworldtravel.com.ar\/sitio\/2026\/05\/mendoza-y-san-rafael-vacaciones-julio\/","og_locale":"es_ES","og_type":"article","og_title":"Mendoza y San Rafael-VACACIONES JULIO - Basa","og_description":"ENTRE MONTA\u00d1AS Y RIOS","og_url":"https:\/\/basaworldtravel.com.ar\/sitio\/2026\/05\/mendoza-y-san-rafael-vacaciones-julio\/","og_site_name":"Basa","article_published_time":"2026-05-05T12:27:24+00:00","article_modified_time":"2026-05-05T12:27:27+00:00","og_image":[{"width":2048,"height":1357,"url":"https:\/\/basaworldtravel.com.ar\/sitio\/wp-content\/uploads\/2026\/04\/Excursion-Alta-Montana-en-Mendoza-Lauke-Tours-2048x1357-1.jpg","type":"image\/jpeg"}],"author":"BasaWeb","twitter_card":"summary_large_image","twitter_misc":{"Escrito por":"BasaWeb","Tiempo de lectura":"2 minutos"},"schema":{"@context":"https:\/\/schema.org","@graph":[{"@type":"Article","@id":"https:\/\/basaworldtravel.com.ar\/sitio\/2026\/05\/mendoza-y-san-rafael-vacaciones-julio\/#article","isPartOf":{"@id":"https:\/\/basaworldtravel.com.ar\/sitio\/2026\/05\/mendoza-y-san-rafael-vacaciones-julio\/"},"author":{"name":"BasaWeb","@id":"https:\/\/basaworldtravel.com.ar\/sitio\/#\/schema\/person\/d89b1d641794d338c41cd3818beabd4c"},"headline":"Mendoza y San Rafael-VACACIONES JULIO","datePublished":"2026-05-05T12:27:24+00:00","dateModified":"2026-05-05T12:27:27+00:00","mainEntityOfPage":{"@id":"https:\/\/basaworldtravel.com.ar\/sitio\/2026\/05\/mendoza-y-san-rafael-vacaciones-julio\/"},"wordCount":378,"image":{"@id":"https:\/\/basaworldtravel.com.ar\/sitio\/2026\/05\/mendoza-y-san-rafael-vacaciones-julio\/#primaryimage"},"thumbnailUrl":"https:\/\/basaworldtravel.com.ar\/sitio\/wp-content\/uploads\/2026\/04\/Excursion-Alta-Montana-en-Mendoza-Lauke-Tours-2048x1357-1.jpg","keywords":["2026","ARGENTINA","cuyo","MENDOZA"],"articleSection":["Argentina","Paquetes"],"inLanguage":"es"},{"@type":"WebPage","@id":"https:\/\/basaworldtravel.com.ar\/sitio\/2026\/05\/mendoza-y-san-rafael-vacaciones-julio\/","url":"https:\/\/basaworldtravel.com.ar\/sitio\/2026\/05\/mendoza-y-san-rafael-vacaciones-julio\/","name":"Mendoza y San Rafael-VACACIONES JULIO - Basa","isPartOf":{"@id":"https:\/\/basaworldtravel.com.ar\/sitio\/#website"},"primaryImageOfPage":{"@id":"https:\/\/basaworldtravel.com.ar\/sitio\/2026\/05\/mendoza-y-san-rafael-vacaciones-julio\/#primaryimage"},"image":{"@id":"https:\/\/basaworldtravel.com.ar\/sitio\/2026\/05\/mendoza-y-san-rafael-vacaciones-julio\/#primaryimage"},"thumbnailUrl":"https:\/\/basaworldtravel.com.ar\/sitio\/wp-content\/uploads\/2026\/04\/Excursion-Alta-Montana-en-Mendoza-Lauke-Tours-2048x1357-1.jpg","datePublished":"2026-05-05T12:27:24+00:00","dateModified":"2026-05-05T12:27:27+00:00","author":{"@id":"https:\/\/basaworldtravel.com.ar\/sitio\/#\/schema\/person\/d89b1d641794d338c41cd3818beabd4c"},"breadcrumb":{"@id":"https:\/\/basaworldtravel.com.ar\/sitio\/2026\/05\/mendoza-y-san-rafael-vacaciones-julio\/#breadcrumb"},"inLanguage":"es","potentialAction":[{"@type":"ReadAction","target":["https:\/\/basaworldtravel.com.ar\/sitio\/2026\/05\/mendoza-y-san-rafael-vacaciones-julio\/"]}]},{"@type":"ImageObject","inLanguage":"es","@id":"https:\/\/basaworldtravel.com.ar\/sitio\/2026\/05\/mendoza-y-san-rafael-vacaciones-julio\/#primaryimage","url":"https:\/\/basaworldtravel.com.ar\/sitio\/wp-content\/uploads\/2026\/04\/Excursion-Alta-Montana-en-Mendoza-Lauke-Tours-2048x1357-1.jpg","contentUrl":"https:\/\/basaworldtravel.com.ar\/sitio\/wp-content\/uploads\/2026\/04\/Excursion-Alta-Montana-en-Mendoza-Lauke-Tours-2048x1357-1.jpg","width":2048,"height":1357},{"@type":"BreadcrumbList","@id":"https:\/\/basaworldtravel.com.ar\/sitio\/2026\/05\/mendoza-y-san-rafael-vacaciones-julio\/#breadcrumb","itemListElement":[{"@type":"ListItem","position":1,"name":"Portada","item":"https:\/\/basaworldtravel.com.ar\/sitio\/"},{"@type":"ListItem","position":2,"name":"Mendoza y San Rafael-VACACIONES JULIO"}]},{"@type":"WebSite","@id":"https:\/\/basaworldtravel.com.ar\/sitio\/#website","url":"https:\/\/basaworldtravel.com.ar\/sitio\/","name":"Basa","description":"World Travel","potentialAction":[{"@type":"SearchAction","target":{"@type":"EntryPoint","urlTemplate":"https:\/\/basaworldtravel.com.ar\/sitio\/?s={search_term_string}"},"query-input":{"@type":"PropertyValueSpecification","valueRequired":true,"valueName":"search_term_string"}}],"inLanguage":"es"},{"@type":"Person","@id":"https:\/\/basaworldtravel.com.ar\/sitio\/#\/schema\/person\/d89b1d641794d338c41cd3818beabd4c","name":"BasaWeb","image":{"@type":"ImageObject","inLanguage":"es","@id":"https:\/\/secure.gravatar.com\/avatar\/13e699648957af0aba903942fee2a1fc533d92bcd43fcf375a4df1edc2708698?s=96&d=mm&r=g","url":"https:\/\/secure.gravatar.com\/avatar\/13e699648957af0aba903942fee2a1fc533d92bcd43fcf375a4df1edc2708698?s=96&d=mm&r=g","contentUrl":"https:\/\/secure.gravatar.com\/avatar\/13e699648957af0aba903942fee2a1fc533d92bcd43fcf375a4df1edc2708698?s=96&d=mm&r=g","caption":"BasaWeb"},"url":"https:\/\/basaworldtravel.com.ar\/sitio\/author\/basaweb\/"}]}},"_links":{"self":[{"href":"https:\/\/basaworldtravel.com.ar\/sitio\/wp-json\/wp\/v2\/posts\/156574","targetHints":{"allow":["GET"]}}],"collection":[{"href":"https:\/\/basaworldtravel.com.ar\/sitio\/wp-json\/wp\/v2\/posts"}],"about":[{"href":"https:\/\/basaworldtravel.com.ar\/sitio\/wp-json\/wp\/v2\/types\/post"}],"author":[{"embeddable":true,"href":"https:\/\/basaworldtravel.com.ar\/sitio\/wp-json\/wp\/v2\/users\/2"}],"replies":[{"embeddable":true,"href":"https:\/\/basaworldtravel.com.ar\/sitio\/wp-json\/wp\/v2\/comments?post=156574"}],"version-history":[{"count":1,"href":"https:\/\/basaworldtravel.com.ar\/sitio\/wp-json\/wp\/v2\/posts\/156574\/revisions"}],"predecessor-version":[{"id":156577,"href":"https:\/\/basaworldtravel.com.ar\/sitio\/wp-json\/wp\/v2\/posts\/156574\/revisions\/156577"}],"wp:featuredmedia":[{"embeddable":true,"href":"https:\/\/basaworldtravel.com.ar\/sitio\/wp-json\/wp\/v2\/media\/156456"}],"wp:attachment":[{"href":"https:\/\/basaworldtravel.com.ar\/sitio\/wp-json\/wp\/v2\/media?parent=156574"}],"wp:term":[{"taxonomy":"category","embeddable":true,"href":"https:\/\/basaworldtravel.com.ar\/sitio\/wp-json\/wp\/v2\/categories?post=156574"},{"taxonomy":"post_tag","embeddable":true,"href":"https:\/\/basaworldtravel.com.ar\/sitio\/wp-json\/wp\/v2\/tags?post=156574"}],"curies":[{"name":"wp","href":"https:\/\/api.w.org\/{rel}","templated":true}]}}