{"id":156476,"date":"2026-04-22T08:24:51","date_gmt":"2026-04-22T11:24:51","guid":{"rendered":"https:\/\/basaworldtravel.com.ar\/?p=156476"},"modified":"2026-04-30T12:46:43","modified_gmt":"2026-04-30T15:46:43","slug":"caribe-y-antillas-febrero-2027","status":"publish","type":"post","link":"https:\/\/basaworldtravel.com.ar\/sitio\/2026\/04\/caribe-y-antillas-febrero-2027\/","title":{"rendered":"CARIBE Y ANTILLAS- Febrero 2027"},"content":{"rendered":"\n<p>Salida 10 febrero  2027 <\/p>\n\n\n\n<pre class=\"wp-block-preformatted\">14 D\u00edas \/ 13 Noches de alojamiento<br>A\u00e9reos desde Rosario (cupos confirmados con LATAM). Incluye carry on + art\u00edculo personal<br>5 en Punta Cana pre crucero con ALL INCLUSIVE   <strong>Grand Palladium Punta Cana Resort &amp; Spa <\/strong><br>7 a bordo del crucero MSC Opera con Pensi\u00f3n Completa (no incluye bebidas)  https:\/\/www.msccruceros.com.ar\/cruceros\/barcos\/msc-opera  -Cabina Interna <br>1 en Punta Cana post crucero con ALL INCLUSIVE<br>Traslados aeropuerto\/hotel\/puerto\/hotel\/aeropuerto<br>Propinas incluidas<br><br><strong>ITINERARIO<\/strong>:<br><br>10\/02: Vuelos desde Rosario a Punta Cana con conexi\u00f3n en Lima. Traslado desde el aeropuerto al hotel. Alojamiento.<br>11\/02: D\u00eda libre. Alojamiento.<br>12\/02: D\u00eda libre. Alojamiento.<br>13\/02: D\u00eda libre. Alojamiento.<br>14\/02: D\u00eda libre. Alojamiento.<br>15\/02: Check out, resto del d\u00eda libre. Por la tarde traslado al puerto 11:00 PM - Embarque en el puerto de La Romana.<br>16\/02: Navegaci\u00f3n<br>17\/02: Virgin Gorda, Virgin Islands. Hora de llegada 08:00 AM - Hora de salida 06:00 PM.<br>18\/02: Philipsburg, St. Maarten. Hora de llegada 08:00 AM - Hora de salida 06:00 PM.<br>19\/02: Basseterre, St Kitts &amp; Nevis. Hora de llegada 09:00 AM - Hora de salida 07:00 PM.<br>20\/02: Road Town (Tortola), Islas V\u00edrgenes Brit\u00e1nicas. Hora de llegada 07:30 AM - Hora de salida 02:30 PM.<br>21\/02: Catalina Island, Dominican Republic. Hora de llegada 08:00 AM - Hora de salida 06:00 PM.<br>22\/02: Desembarque 09:00 AM en el puerto de La Romana. Traslado desde el puerto al hotel. Alojamiento.<br>23\/02: Traslado desde el hotel al aeropuerto. Vuelo desde Puna Cana a Rosario con conexi\u00f3n en Lima.<br>24\/02: Llegada a Rosario.<br><br>Fin de los servicios. <br>El itinerario puede sufrir ajustes y\/o modificaciones en sus horarios o recorrido.<br><br><strong>Detalle de los vuelos<\/strong><br>Salida 10 febrero desde Rosario \/ Regreso 23 Febrero <br>1 LA2433 10FEB  ROSLIM  0735  1000<br>2 LA2460 10FEB  LIMPUJ  1135  1735  <br>3 LA2461 23FEB  PUJLIM  1840  2235  <br>4 LA2432 24FEB  LIMROS  0010  0605<strong><br><\/strong><\/pre>\n\n\n\n<p>La empresa no se responsabiliza por modificaciones de vuelos\/horarios y\/o cambios de Aeropuertos que surjan por disposici\u00f3n de la Aerol\u00ednea.<\/p>\n\n\n\n<p>Tarifas sujetas a disponibilidad y variaci\u00f3n al momento de la reserva<\/p>\n\n\n\n<p><strong>PRECIO POR PERSONA EN BASE DOBLE USD3330<\/strong><\/p>\n\n\n\n<p><strong>PRECIO POR PERSONA EN SINGLE USD5200 <\/strong><\/p>\n\n\n\n<p>low<\/p>\n\n\n\n<p><\/p>\n","protected":false},"excerpt":{"rendered":"<p>Del relax en Punta Cana al para\u00edso en alta mar: viv\u00ed una experiencia \u00fanica combinando alojamiento all inclusive y un crucero por el Caribe y las Antillas<\/p>\n","protected":false},"author":2,"featured_media":156477,"comment_status":"closed","ping_status":"open","sticky":false,"template":"","format":"standard","meta":{"_acf_changed":false,"footnotes":""},"categories":[8,5,245],"tags":[853,28,367,855,121,75,820,854],"class_list":["post-156476","post","type-post","status-publish","format-standard","has-post-thumbnail","hentry","category-caribe","category-paquetes","category-sudamerica","tag-853","tag-caribe","tag-msc","tag-msc-opera","tag-playa","tag-punta-cana","tag-republica-domincana","tag-veano","category-8","category-5","category-245","description-off"],"acf":[],"yoast_head":"<!-- This site is optimized with the Yoast SEO plugin v28.4 - https:\/\/yoast.com\/product\/yoast-seo-wordpress\/ -->\n<title>CARIBE Y ANTILLAS- Febrero 2027 - Basa<\/title>\n<meta name=\"robots\" content=\"index, follow, max-snippet:-1, max-image-preview:large, max-video-preview:-1\" \/>\n<link rel=\"canonical\" href=\"https:\/\/basaworldtravel.com.ar\/sitio\/2026\/04\/caribe-y-antillas-febrero-2027\/\" \/>\n<meta property=\"og:locale\" content=\"es_ES\" \/>\n<meta property=\"og:type\" content=\"article\" \/>\n<meta property=\"og:title\" content=\"CARIBE Y ANTILLAS- Febrero 2027 - Basa\" \/>\n<meta property=\"og:description\" content=\"Del relax en Punta Cana al para\u00edso en alta mar: viv\u00ed una experiencia \u00fanica combinando alojamiento all inclusive y un crucero por el Caribe y las Antillas\" \/>\n<meta property=\"og:url\" content=\"https:\/\/basaworldtravel.com.ar\/sitio\/2026\/04\/caribe-y-antillas-febrero-2027\/\" \/>\n<meta property=\"og:site_name\" content=\"Basa\" \/>\n<meta property=\"article:published_time\" content=\"2026-04-22T11:24:51+00:00\" \/>\n<meta property=\"article:modified_time\" content=\"2026-04-30T15:46:43+00:00\" \/>\n<meta property=\"og:image\" content=\"https:\/\/basaworldtravel.com.ar\/sitio\/wp-content\/uploads\/2026\/04\/msc-opera_121_92.jpg\" \/>\n\t<meta property=\"og:image:width\" content=\"1280\" \/>\n\t<meta property=\"og:image:height\" content=\"960\" \/>\n\t<meta property=\"og:image:type\" content=\"image\/jpeg\" \/>\n<meta name=\"author\" content=\"BasaWeb\" \/>\n<meta name=\"twitter:card\" content=\"summary_large_image\" \/>\n<meta name=\"twitter:label1\" content=\"Escrito por\" \/>\n\t<meta name=\"twitter:data1\" content=\"BasaWeb\" \/>\n\t<meta name=\"twitter:label2\" content=\"Tiempo de lectura\" \/>\n\t<meta name=\"twitter:data2\" content=\"1 minuto\" \/>\n<script type=\"application\/ld+json\" class=\"yoast-schema-graph\">{\"@context\":\"https:\\\/\\\/schema.org\",\"@graph\":[{\"@type\":\"Article\",\"@id\":\"https:\\\/\\\/basaworldtravel.com.ar\\\/sitio\\\/2026\\\/04\\\/caribe-y-antillas-febrero-2027\\\/#article\",\"isPartOf\":{\"@id\":\"https:\\\/\\\/basaworldtravel.com.ar\\\/sitio\\\/2026\\\/04\\\/caribe-y-antillas-febrero-2027\\\/\"},\"author\":{\"name\":\"BasaWeb\",\"@id\":\"https:\\\/\\\/basaworldtravel.com.ar\\\/sitio\\\/#\\\/schema\\\/person\\\/d89b1d641794d338c41cd3818beabd4c\"},\"headline\":\"CARIBE Y ANTILLAS- Febrero 2027\",\"datePublished\":\"2026-04-22T11:24:51+00:00\",\"dateModified\":\"2026-04-30T15:46:43+00:00\",\"mainEntityOfPage\":{\"@id\":\"https:\\\/\\\/basaworldtravel.com.ar\\\/sitio\\\/2026\\\/04\\\/caribe-y-antillas-febrero-2027\\\/\"},\"wordCount\":56,\"image\":{\"@id\":\"https:\\\/\\\/basaworldtravel.com.ar\\\/sitio\\\/2026\\\/04\\\/caribe-y-antillas-febrero-2027\\\/#primaryimage\"},\"thumbnailUrl\":\"https:\\\/\\\/basaworldtravel.com.ar\\\/sitio\\\/wp-content\\\/uploads\\\/2026\\\/04\\\/msc-opera_121_92.jpg\",\"keywords\":[\"2027\",\"CARIBE\",\"MSC\",\"msc opera\",\"PLAYA\",\"PUNTA CANA\",\"REPUBLICA DOMINCANA\",\"veano\"],\"articleSection\":[\"Caribe\",\"Paquetes\",\"Sudam\u00e9rica\"],\"inLanguage\":\"es\"},{\"@type\":\"WebPage\",\"@id\":\"https:\\\/\\\/basaworldtravel.com.ar\\\/sitio\\\/2026\\\/04\\\/caribe-y-antillas-febrero-2027\\\/\",\"url\":\"https:\\\/\\\/basaworldtravel.com.ar\\\/sitio\\\/2026\\\/04\\\/caribe-y-antillas-febrero-2027\\\/\",\"name\":\"CARIBE Y ANTILLAS- Febrero 2027 - Basa\",\"isPartOf\":{\"@id\":\"https:\\\/\\\/basaworldtravel.com.ar\\\/sitio\\\/#website\"},\"primaryImageOfPage\":{\"@id\":\"https:\\\/\\\/basaworldtravel.com.ar\\\/sitio\\\/2026\\\/04\\\/caribe-y-antillas-febrero-2027\\\/#primaryimage\"},\"image\":{\"@id\":\"https:\\\/\\\/basaworldtravel.com.ar\\\/sitio\\\/2026\\\/04\\\/caribe-y-antillas-febrero-2027\\\/#primaryimage\"},\"thumbnailUrl\":\"https:\\\/\\\/basaworldtravel.com.ar\\\/sitio\\\/wp-content\\\/uploads\\\/2026\\\/04\\\/msc-opera_121_92.jpg\",\"datePublished\":\"2026-04-22T11:24:51+00:00\",\"dateModified\":\"2026-04-30T15:46:43+00:00\",\"author\":{\"@id\":\"https:\\\/\\\/basaworldtravel.com.ar\\\/sitio\\\/#\\\/schema\\\/person\\\/d89b1d641794d338c41cd3818beabd4c\"},\"breadcrumb\":{\"@id\":\"https:\\\/\\\/basaworldtravel.com.ar\\\/sitio\\\/2026\\\/04\\\/caribe-y-antillas-febrero-2027\\\/#breadcrumb\"},\"inLanguage\":\"es\",\"potentialAction\":[{\"@type\":\"ReadAction\",\"target\":[\"https:\\\/\\\/basaworldtravel.com.ar\\\/sitio\\\/2026\\\/04\\\/caribe-y-antillas-febrero-2027\\\/\"]}]},{\"@type\":\"ImageObject\",\"inLanguage\":\"es\",\"@id\":\"https:\\\/\\\/basaworldtravel.com.ar\\\/sitio\\\/2026\\\/04\\\/caribe-y-antillas-febrero-2027\\\/#primaryimage\",\"url\":\"https:\\\/\\\/basaworldtravel.com.ar\\\/sitio\\\/wp-content\\\/uploads\\\/2026\\\/04\\\/msc-opera_121_92.jpg\",\"contentUrl\":\"https:\\\/\\\/basaworldtravel.com.ar\\\/sitio\\\/wp-content\\\/uploads\\\/2026\\\/04\\\/msc-opera_121_92.jpg\",\"width\":1280,\"height\":960},{\"@type\":\"BreadcrumbList\",\"@id\":\"https:\\\/\\\/basaworldtravel.com.ar\\\/sitio\\\/2026\\\/04\\\/caribe-y-antillas-febrero-2027\\\/#breadcrumb\",\"itemListElement\":[{\"@type\":\"ListItem\",\"position\":1,\"name\":\"Portada\",\"item\":\"https:\\\/\\\/basaworldtravel.com.ar\\\/sitio\\\/\"},{\"@type\":\"ListItem\",\"position\":2,\"name\":\"CARIBE Y ANTILLAS- Febrero 2027\"}]},{\"@type\":\"WebSite\",\"@id\":\"https:\\\/\\\/basaworldtravel.com.ar\\\/sitio\\\/#website\",\"url\":\"https:\\\/\\\/basaworldtravel.com.ar\\\/sitio\\\/\",\"name\":\"Basa\",\"description\":\"World Travel\",\"potentialAction\":[{\"@type\":\"SearchAction\",\"target\":{\"@type\":\"EntryPoint\",\"urlTemplate\":\"https:\\\/\\\/basaworldtravel.com.ar\\\/sitio\\\/?s={search_term_string}\"},\"query-input\":{\"@type\":\"PropertyValueSpecification\",\"valueRequired\":true,\"valueName\":\"search_term_string\"}}],\"inLanguage\":\"es\"},{\"@type\":\"Person\",\"@id\":\"https:\\\/\\\/basaworldtravel.com.ar\\\/sitio\\\/#\\\/schema\\\/person\\\/d89b1d641794d338c41cd3818beabd4c\",\"name\":\"BasaWeb\",\"image\":{\"@type\":\"ImageObject\",\"inLanguage\":\"es\",\"@id\":\"https:\\\/\\\/secure.gravatar.com\\\/avatar\\\/13e699648957af0aba903942fee2a1fc533d92bcd43fcf375a4df1edc2708698?s=96&d=mm&r=g\",\"url\":\"https:\\\/\\\/secure.gravatar.com\\\/avatar\\\/13e699648957af0aba903942fee2a1fc533d92bcd43fcf375a4df1edc2708698?s=96&d=mm&r=g\",\"contentUrl\":\"https:\\\/\\\/secure.gravatar.com\\\/avatar\\\/13e699648957af0aba903942fee2a1fc533d92bcd43fcf375a4df1edc2708698?s=96&d=mm&r=g\",\"caption\":\"BasaWeb\"},\"url\":\"https:\\\/\\\/basaworldtravel.com.ar\\\/sitio\\\/author\\\/basaweb\\\/\"}]}<\/script>\n<!-- \/ Yoast SEO plugin. -->","yoast_head_json":{"title":"CARIBE Y ANTILLAS- Febrero 2027 - Basa","robots":{"index":"index","follow":"follow","max-snippet":"max-snippet:-1","max-image-preview":"max-image-preview:large","max-video-preview":"max-video-preview:-1"},"canonical":"https:\/\/basaworldtravel.com.ar\/sitio\/2026\/04\/caribe-y-antillas-febrero-2027\/","og_locale":"es_ES","og_type":"article","og_title":"CARIBE Y ANTILLAS- Febrero 2027 - Basa","og_description":"Del relax en Punta Cana al para\u00edso en alta mar: viv\u00ed una experiencia \u00fanica combinando alojamiento all inclusive y un crucero por el Caribe y las Antillas","og_url":"https:\/\/basaworldtravel.com.ar\/sitio\/2026\/04\/caribe-y-antillas-febrero-2027\/","og_site_name":"Basa","article_published_time":"2026-04-22T11:24:51+00:00","article_modified_time":"2026-04-30T15:46:43+00:00","og_image":[{"width":1280,"height":960,"url":"https:\/\/basaworldtravel.com.ar\/sitio\/wp-content\/uploads\/2026\/04\/msc-opera_121_92.jpg","type":"image\/jpeg"}],"author":"BasaWeb","twitter_card":"summary_large_image","twitter_misc":{"Escrito por":"BasaWeb","Tiempo de lectura":"1 minuto"},"schema":{"@context":"https:\/\/schema.org","@graph":[{"@type":"Article","@id":"https:\/\/basaworldtravel.com.ar\/sitio\/2026\/04\/caribe-y-antillas-febrero-2027\/#article","isPartOf":{"@id":"https:\/\/basaworldtravel.com.ar\/sitio\/2026\/04\/caribe-y-antillas-febrero-2027\/"},"author":{"name":"BasaWeb","@id":"https:\/\/basaworldtravel.com.ar\/sitio\/#\/schema\/person\/d89b1d641794d338c41cd3818beabd4c"},"headline":"CARIBE Y ANTILLAS- Febrero 2027","datePublished":"2026-04-22T11:24:51+00:00","dateModified":"2026-04-30T15:46:43+00:00","mainEntityOfPage":{"@id":"https:\/\/basaworldtravel.com.ar\/sitio\/2026\/04\/caribe-y-antillas-febrero-2027\/"},"wordCount":56,"image":{"@id":"https:\/\/basaworldtravel.com.ar\/sitio\/2026\/04\/caribe-y-antillas-febrero-2027\/#primaryimage"},"thumbnailUrl":"https:\/\/basaworldtravel.com.ar\/sitio\/wp-content\/uploads\/2026\/04\/msc-opera_121_92.jpg","keywords":["2027","CARIBE","MSC","msc opera","PLAYA","PUNTA CANA","REPUBLICA DOMINCANA","veano"],"articleSection":["Caribe","Paquetes","Sudam\u00e9rica"],"inLanguage":"es"},{"@type":"WebPage","@id":"https:\/\/basaworldtravel.com.ar\/sitio\/2026\/04\/caribe-y-antillas-febrero-2027\/","url":"https:\/\/basaworldtravel.com.ar\/sitio\/2026\/04\/caribe-y-antillas-febrero-2027\/","name":"CARIBE Y ANTILLAS- Febrero 2027 - Basa","isPartOf":{"@id":"https:\/\/basaworldtravel.com.ar\/sitio\/#website"},"primaryImageOfPage":{"@id":"https:\/\/basaworldtravel.com.ar\/sitio\/2026\/04\/caribe-y-antillas-febrero-2027\/#primaryimage"},"image":{"@id":"https:\/\/basaworldtravel.com.ar\/sitio\/2026\/04\/caribe-y-antillas-febrero-2027\/#primaryimage"},"thumbnailUrl":"https:\/\/basaworldtravel.com.ar\/sitio\/wp-content\/uploads\/2026\/04\/msc-opera_121_92.jpg","datePublished":"2026-04-22T11:24:51+00:00","dateModified":"2026-04-30T15:46:43+00:00","author":{"@id":"https:\/\/basaworldtravel.com.ar\/sitio\/#\/schema\/person\/d89b1d641794d338c41cd3818beabd4c"},"breadcrumb":{"@id":"https:\/\/basaworldtravel.com.ar\/sitio\/2026\/04\/caribe-y-antillas-febrero-2027\/#breadcrumb"},"inLanguage":"es","potentialAction":[{"@type":"ReadAction","target":["https:\/\/basaworldtravel.com.ar\/sitio\/2026\/04\/caribe-y-antillas-febrero-2027\/"]}]},{"@type":"ImageObject","inLanguage":"es","@id":"https:\/\/basaworldtravel.com.ar\/sitio\/2026\/04\/caribe-y-antillas-febrero-2027\/#primaryimage","url":"https:\/\/basaworldtravel.com.ar\/sitio\/wp-content\/uploads\/2026\/04\/msc-opera_121_92.jpg","contentUrl":"https:\/\/basaworldtravel.com.ar\/sitio\/wp-content\/uploads\/2026\/04\/msc-opera_121_92.jpg","width":1280,"height":960},{"@type":"BreadcrumbList","@id":"https:\/\/basaworldtravel.com.ar\/sitio\/2026\/04\/caribe-y-antillas-febrero-2027\/#breadcrumb","itemListElement":[{"@type":"ListItem","position":1,"name":"Portada","item":"https:\/\/basaworldtravel.com.ar\/sitio\/"},{"@type":"ListItem","position":2,"name":"CARIBE Y ANTILLAS- Febrero 2027"}]},{"@type":"WebSite","@id":"https:\/\/basaworldtravel.com.ar\/sitio\/#website","url":"https:\/\/basaworldtravel.com.ar\/sitio\/","name":"Basa","description":"World Travel","potentialAction":[{"@type":"SearchAction","target":{"@type":"EntryPoint","urlTemplate":"https:\/\/basaworldtravel.com.ar\/sitio\/?s={search_term_string}"},"query-input":{"@type":"PropertyValueSpecification","valueRequired":true,"valueName":"search_term_string"}}],"inLanguage":"es"},{"@type":"Person","@id":"https:\/\/basaworldtravel.com.ar\/sitio\/#\/schema\/person\/d89b1d641794d338c41cd3818beabd4c","name":"BasaWeb","image":{"@type":"ImageObject","inLanguage":"es","@id":"https:\/\/secure.gravatar.com\/avatar\/13e699648957af0aba903942fee2a1fc533d92bcd43fcf375a4df1edc2708698?s=96&d=mm&r=g","url":"https:\/\/secure.gravatar.com\/avatar\/13e699648957af0aba903942fee2a1fc533d92bcd43fcf375a4df1edc2708698?s=96&d=mm&r=g","contentUrl":"https:\/\/secure.gravatar.com\/avatar\/13e699648957af0aba903942fee2a1fc533d92bcd43fcf375a4df1edc2708698?s=96&d=mm&r=g","caption":"BasaWeb"},"url":"https:\/\/basaworldtravel.com.ar\/sitio\/author\/basaweb\/"}]}},"_links":{"self":[{"href":"https:\/\/basaworldtravel.com.ar\/sitio\/wp-json\/wp\/v2\/posts\/156476","targetHints":{"allow":["GET"]}}],"collection":[{"href":"https:\/\/basaworldtravel.com.ar\/sitio\/wp-json\/wp\/v2\/posts"}],"about":[{"href":"https:\/\/basaworldtravel.com.ar\/sitio\/wp-json\/wp\/v2\/types\/post"}],"author":[{"embeddable":true,"href":"https:\/\/basaworldtravel.com.ar\/sitio\/wp-json\/wp\/v2\/users\/2"}],"replies":[{"embeddable":true,"href":"https:\/\/basaworldtravel.com.ar\/sitio\/wp-json\/wp\/v2\/comments?post=156476"}],"version-history":[{"count":2,"href":"https:\/\/basaworldtravel.com.ar\/sitio\/wp-json\/wp\/v2\/posts\/156476\/revisions"}],"predecessor-version":[{"id":156479,"href":"https:\/\/basaworldtravel.com.ar\/sitio\/wp-json\/wp\/v2\/posts\/156476\/revisions\/156479"}],"wp:featuredmedia":[{"embeddable":true,"href":"https:\/\/basaworldtravel.com.ar\/sitio\/wp-json\/wp\/v2\/media\/156477"}],"wp:attachment":[{"href":"https:\/\/basaworldtravel.com.ar\/sitio\/wp-json\/wp\/v2\/media?parent=156476"}],"wp:term":[{"taxonomy":"category","embeddable":true,"href":"https:\/\/basaworldtravel.com.ar\/sitio\/wp-json\/wp\/v2\/categories?post=156476"},{"taxonomy":"post_tag","embeddable":true,"href":"https:\/\/basaworldtravel.com.ar\/sitio\/wp-json\/wp\/v2\/tags?post=156476"}],"curies":[{"name":"wp","href":"https:\/\/api.w.org\/{rel}","templated":true}]}}