{"id":156455,"date":"2026-04-20T08:56:41","date_gmt":"2026-04-20T11:56:41","guid":{"rendered":"https:\/\/basaworldtravel.com.ar\/?p=156455"},"modified":"2026-04-20T08:56:42","modified_gmt":"2026-04-20T11:56:42","slug":"mendoza-todo-incluido-julio","status":"publish","type":"post","link":"https:\/\/basaworldtravel.com.ar\/sitio\/2026\/04\/mendoza-todo-incluido-julio\/","title":{"rendered":"MENDOZA TODO INCLUIDO-JULIO"},"content":{"rendered":"\n<p>Salida 08 julio 2026<\/p>\n\n\n\n<p>Este viaje grupal nos permitir\u00e1 recorrer una de las ciudades m\u00e1s lindas de Argentina; famosa por sus Malbecs y vinos tintos. El itinerario comienza con un city tour por el Parque General San Mart\u00edn, el Cerro de la Gloria y la Plaza de la Independencia. Contin\u00faa con una visita al cord\u00f3n monta\u00f1oso de la Cordillera de los Andes, incluyendo un paseo por Potrerillos, Uspallata y Los Penitentes. Antes de despedirnos almorzaremos en una bodega y visitaremos una oliv\u00edcola.<\/p>\n\n\n\n<p><br>MODALIDAD: VIAJAMOS EN BUS<\/p>\n\n\n\n<p>INCLUYE: Transporte bus cama 5* + Alojamiento + Excursiones + Pensi\u00f3n completa + Asistencia al viajero + Coordinaci\u00f3n permanente<\/p>\n\n\n\n<p>VISITAS INCLUIDAS<br>Todas las visitas estan incluidas, con entradas, gu\u00edas locales y traslados privados para el grupo.City tour por Mendoza Ascenso al Cerro de la Gloria Alta Monta\u00f1a: Uspallata, Puente del Inca, Las Cuevas Oliv\u00edcola Bodega con almuerzo \u00a1Sistema de audio para visitas guiadas!<\/p>\n\n\n\n<p>ALOJAMIENTOS INCLUIDOS<br>Alojamiento seleccionado estrat\u00e9gicamente seg\u00fan su ubicaci\u00f3n, vistas y servicios. 03 NOCHES EN MENDOZA \/<strong> Hotel Sheraton Mendoza 5*<\/strong><\/p>\n\n\n\n<p>COMIDAS INCLUIDAS<br>Pensi\u00f3n completa con bebida incluida (gaseosa o agua mineral o copa de vino) Comidas en ruta Refrigerio durante las excursiones<\/p>\n\n\n\n<p>TRANSPORTES INCLUIDOS<br>Servicio a bordo durante el viaje, con bebida libre incluida (infusiones calientes y bebidas fr\u00edas).Transporte coche cama 5*<\/p>\n\n\n\n<p>Propinas Maleteros Obsequios: link de fotos, marbetes, botella y juego de naipes<\/p>\n\n\n\n<p><strong>PRECIO POR PERSONA EN BASE DOBLE $1.725.400 <\/strong><\/p>\n\n\n\n<p><strong>ITINERARIO<\/strong><\/p>\n\n\n\n<p>D\u00cdA 01: MI\u00c9RCOLES 08 DE JULIO SALIDA  Salida en horas de la noche con destino a Mendoza. Noche en bus cama<br><\/p>\n\n\n\n<p>D\u00cdA 02: JUEVES 09 DE JULIO MENDOZA &#8211; CITY TOUR &#8211; CERRO DE LA GLORIA   Arribo a Mendoza en horas de la ma\u00f1ana. Acompa\u00f1ados por gu\u00eda local realizaremos un city tour recorriendo el \u00e1rea  fundacional, Parque General San Mart\u00edn, Cerro de la Gloria (subimos con veh\u00edculos de menor porte para poder observar  el monumento al Ej\u00e9rcito de los Andes) y plaza de la Independencia. Luego del almuerzo, alojamiento en Hotel Sheraton  5* (previsto o similar). Tarde libre.  Noche en Mendoza.<br><\/p>\n\n\n\n<p>D\u00cdA 03: VIERNES 10 DE JULIO  ALTA MONTA\u00d1A (USPALLATA &#8211; LOS PENITENTES &#8211; PUENTE DEL INCA &#8211; LAS CUEVAS)  Salida despu\u00e9s del desayuno por ruta nacional N\u00ba 7 para conocer el cord\u00f3n monta\u00f1oso de la Cordillera de los Andes. Pasaremos por Potrerillos y el valle de Uspallata, ubicado entre los 1.900 y 2.500 mts de altura sobre el nivel del mar que es surcado por el r\u00edo Mendoza y los arroyos San Alberto y Uspallata. Luego llega el momento de conocer otro sitio de inter\u00e9s como Los Penitentes, donde se encuentra uno de los m\u00e1s importantes centros de esqu\u00ed de Mendoza. Tambi\u00e9n est\u00e1 previsto conocer Puente del Inca, una formaci\u00f3n rocosa que se encuentra suspendida a casi 30 metros sobre el r\u00edo. Si el clima lo permite, desde el mirador se puede obtener una maravillosa vista del Aconcagua con sus picos con nieves<br>eternas. Y para finalizar el recorrido, llegaremos hasta Las Cuevas (sujeto a condiciones clim\u00e1ticas), \u00faltima poblaci\u00f3n argentna.  Noche en Mendoza.<br><\/p>\n\n\n\n<p>D\u00cdA 04: S\u00c1BADO 11 DE JULIO OLIV\u00cdCOLA &#8211; BODEGA CON ALMUERZO Luego del desayuno, nos dirigiremos a una oliv\u00edcola, donde nos mostrar\u00e1n c\u00f3mo le dan vida a sus aceitunas y al mejor aceite de oliva de Argentina. A continuaci\u00f3n, visitaremos una de las tantas bodegas en el coraz\u00f3n de la zona vitivin\u00edcola argentina, famosa por sus<br>Malbecs y otros vinos tintos, y all\u00ed almorzaremos. Noche en Mendoza.<\/p>\n\n\n\n<p><br>D\u00cdA 05: DOMINGO 12 DE JULIO REGRESO Y ARRIBO  Despu\u00e9s del desayuno, emprendemos el viaje de regreso. Arribo a destino y fin de nuestros servicios.<\/p>\n","protected":false},"excerpt":{"rendered":"<p>Recorr\u00e9r una de las ciudades m\u00e1s lindas de Argentina; famosa por sus Malbecs y vinos tintos. <\/p>\n","protected":false},"author":2,"featured_media":156456,"comment_status":"closed","ping_status":"open","sticky":false,"template":"","format":"standard","meta":{"_acf_changed":false,"footnotes":""},"categories":[6,5],"tags":[703,16,145,14,80,102],"class_list":["post-156455","post","type-post","status-publish","format-standard","has-post-thumbnail","hentry","category-argentina","category-paquetes","tag-703","tag-argentina","tag-cuyo","tag-mendoza","tag-salidas-grupales","tag-vacaciones-de-julio","category-6","category-5","description-off"],"acf":[],"yoast_head":"<!-- This site is optimized with the Yoast SEO plugin v28.4 - https:\/\/yoast.com\/product\/yoast-seo-wordpress\/ -->\n<title>MENDOZA TODO INCLUIDO-JULIO - Basa<\/title>\n<meta name=\"robots\" content=\"index, follow, max-snippet:-1, max-image-preview:large, max-video-preview:-1\" \/>\n<link rel=\"canonical\" href=\"https:\/\/basaworldtravel.com.ar\/sitio\/2026\/04\/mendoza-todo-incluido-julio\/\" \/>\n<meta property=\"og:locale\" content=\"es_ES\" \/>\n<meta property=\"og:type\" content=\"article\" \/>\n<meta property=\"og:title\" content=\"MENDOZA TODO INCLUIDO-JULIO - Basa\" \/>\n<meta property=\"og:description\" content=\"Recorr\u00e9r una de las ciudades m\u00e1s lindas de Argentina; famosa por sus Malbecs y vinos tintos.\" \/>\n<meta property=\"og:url\" content=\"https:\/\/basaworldtravel.com.ar\/sitio\/2026\/04\/mendoza-todo-incluido-julio\/\" \/>\n<meta property=\"og:site_name\" content=\"Basa\" \/>\n<meta property=\"article:published_time\" content=\"2026-04-20T11:56:41+00:00\" \/>\n<meta property=\"article:modified_time\" content=\"2026-04-20T11:56:42+00:00\" \/>\n<meta property=\"og:image\" content=\"https:\/\/basaworldtravel.com.ar\/sitio\/wp-content\/uploads\/2026\/04\/Excursion-Alta-Montana-en-Mendoza-Lauke-Tours-2048x1357-1.jpg\" \/>\n\t<meta property=\"og:image:width\" content=\"2048\" \/>\n\t<meta property=\"og:image:height\" content=\"1357\" \/>\n\t<meta property=\"og:image:type\" content=\"image\/jpeg\" \/>\n<meta name=\"author\" content=\"BasaWeb\" \/>\n<meta name=\"twitter:card\" content=\"summary_large_image\" \/>\n<meta name=\"twitter:label1\" content=\"Escrito por\" \/>\n\t<meta name=\"twitter:data1\" content=\"BasaWeb\" \/>\n\t<meta name=\"twitter:label2\" content=\"Tiempo de lectura\" \/>\n\t<meta name=\"twitter:data2\" content=\"3 minutos\" \/>\n<script type=\"application\/ld+json\" class=\"yoast-schema-graph\">{\"@context\":\"https:\\\/\\\/schema.org\",\"@graph\":[{\"@type\":\"Article\",\"@id\":\"https:\\\/\\\/basaworldtravel.com.ar\\\/sitio\\\/2026\\\/04\\\/mendoza-todo-incluido-julio\\\/#article\",\"isPartOf\":{\"@id\":\"https:\\\/\\\/basaworldtravel.com.ar\\\/sitio\\\/2026\\\/04\\\/mendoza-todo-incluido-julio\\\/\"},\"author\":{\"name\":\"BasaWeb\",\"@id\":\"https:\\\/\\\/basaworldtravel.com.ar\\\/sitio\\\/#\\\/schema\\\/person\\\/d89b1d641794d338c41cd3818beabd4c\"},\"headline\":\"MENDOZA TODO INCLUIDO-JULIO\",\"datePublished\":\"2026-04-20T11:56:41+00:00\",\"dateModified\":\"2026-04-20T11:56:42+00:00\",\"mainEntityOfPage\":{\"@id\":\"https:\\\/\\\/basaworldtravel.com.ar\\\/sitio\\\/2026\\\/04\\\/mendoza-todo-incluido-julio\\\/\"},\"wordCount\":607,\"image\":{\"@id\":\"https:\\\/\\\/basaworldtravel.com.ar\\\/sitio\\\/2026\\\/04\\\/mendoza-todo-incluido-julio\\\/#primaryimage\"},\"thumbnailUrl\":\"https:\\\/\\\/basaworldtravel.com.ar\\\/sitio\\\/wp-content\\\/uploads\\\/2026\\\/04\\\/Excursion-Alta-Montana-en-Mendoza-Lauke-Tours-2048x1357-1.jpg\",\"keywords\":[\"2026\",\"ARGENTINA\",\"cuyo\",\"MENDOZA\",\"SALIDAS GRUPALES\",\"VACACIONES DE JULIO\"],\"articleSection\":[\"Argentina\",\"Paquetes\"],\"inLanguage\":\"es\"},{\"@type\":\"WebPage\",\"@id\":\"https:\\\/\\\/basaworldtravel.com.ar\\\/sitio\\\/2026\\\/04\\\/mendoza-todo-incluido-julio\\\/\",\"url\":\"https:\\\/\\\/basaworldtravel.com.ar\\\/sitio\\\/2026\\\/04\\\/mendoza-todo-incluido-julio\\\/\",\"name\":\"MENDOZA TODO INCLUIDO-JULIO - Basa\",\"isPartOf\":{\"@id\":\"https:\\\/\\\/basaworldtravel.com.ar\\\/sitio\\\/#website\"},\"primaryImageOfPage\":{\"@id\":\"https:\\\/\\\/basaworldtravel.com.ar\\\/sitio\\\/2026\\\/04\\\/mendoza-todo-incluido-julio\\\/#primaryimage\"},\"image\":{\"@id\":\"https:\\\/\\\/basaworldtravel.com.ar\\\/sitio\\\/2026\\\/04\\\/mendoza-todo-incluido-julio\\\/#primaryimage\"},\"thumbnailUrl\":\"https:\\\/\\\/basaworldtravel.com.ar\\\/sitio\\\/wp-content\\\/uploads\\\/2026\\\/04\\\/Excursion-Alta-Montana-en-Mendoza-Lauke-Tours-2048x1357-1.jpg\",\"datePublished\":\"2026-04-20T11:56:41+00:00\",\"dateModified\":\"2026-04-20T11:56:42+00:00\",\"author\":{\"@id\":\"https:\\\/\\\/basaworldtravel.com.ar\\\/sitio\\\/#\\\/schema\\\/person\\\/d89b1d641794d338c41cd3818beabd4c\"},\"breadcrumb\":{\"@id\":\"https:\\\/\\\/basaworldtravel.com.ar\\\/sitio\\\/2026\\\/04\\\/mendoza-todo-incluido-julio\\\/#breadcrumb\"},\"inLanguage\":\"es\",\"potentialAction\":[{\"@type\":\"ReadAction\",\"target\":[\"https:\\\/\\\/basaworldtravel.com.ar\\\/sitio\\\/2026\\\/04\\\/mendoza-todo-incluido-julio\\\/\"]}]},{\"@type\":\"ImageObject\",\"inLanguage\":\"es\",\"@id\":\"https:\\\/\\\/basaworldtravel.com.ar\\\/sitio\\\/2026\\\/04\\\/mendoza-todo-incluido-julio\\\/#primaryimage\",\"url\":\"https:\\\/\\\/basaworldtravel.com.ar\\\/sitio\\\/wp-content\\\/uploads\\\/2026\\\/04\\\/Excursion-Alta-Montana-en-Mendoza-Lauke-Tours-2048x1357-1.jpg\",\"contentUrl\":\"https:\\\/\\\/basaworldtravel.com.ar\\\/sitio\\\/wp-content\\\/uploads\\\/2026\\\/04\\\/Excursion-Alta-Montana-en-Mendoza-Lauke-Tours-2048x1357-1.jpg\",\"width\":2048,\"height\":1357},{\"@type\":\"BreadcrumbList\",\"@id\":\"https:\\\/\\\/basaworldtravel.com.ar\\\/sitio\\\/2026\\\/04\\\/mendoza-todo-incluido-julio\\\/#breadcrumb\",\"itemListElement\":[{\"@type\":\"ListItem\",\"position\":1,\"name\":\"Portada\",\"item\":\"https:\\\/\\\/basaworldtravel.com.ar\\\/sitio\\\/\"},{\"@type\":\"ListItem\",\"position\":2,\"name\":\"MENDOZA TODO INCLUIDO-JULIO\"}]},{\"@type\":\"WebSite\",\"@id\":\"https:\\\/\\\/basaworldtravel.com.ar\\\/sitio\\\/#website\",\"url\":\"https:\\\/\\\/basaworldtravel.com.ar\\\/sitio\\\/\",\"name\":\"Basa\",\"description\":\"World Travel\",\"potentialAction\":[{\"@type\":\"SearchAction\",\"target\":{\"@type\":\"EntryPoint\",\"urlTemplate\":\"https:\\\/\\\/basaworldtravel.com.ar\\\/sitio\\\/?s={search_term_string}\"},\"query-input\":{\"@type\":\"PropertyValueSpecification\",\"valueRequired\":true,\"valueName\":\"search_term_string\"}}],\"inLanguage\":\"es\"},{\"@type\":\"Person\",\"@id\":\"https:\\\/\\\/basaworldtravel.com.ar\\\/sitio\\\/#\\\/schema\\\/person\\\/d89b1d641794d338c41cd3818beabd4c\",\"name\":\"BasaWeb\",\"image\":{\"@type\":\"ImageObject\",\"inLanguage\":\"es\",\"@id\":\"https:\\\/\\\/secure.gravatar.com\\\/avatar\\\/13e699648957af0aba903942fee2a1fc533d92bcd43fcf375a4df1edc2708698?s=96&d=mm&r=g\",\"url\":\"https:\\\/\\\/secure.gravatar.com\\\/avatar\\\/13e699648957af0aba903942fee2a1fc533d92bcd43fcf375a4df1edc2708698?s=96&d=mm&r=g\",\"contentUrl\":\"https:\\\/\\\/secure.gravatar.com\\\/avatar\\\/13e699648957af0aba903942fee2a1fc533d92bcd43fcf375a4df1edc2708698?s=96&d=mm&r=g\",\"caption\":\"BasaWeb\"},\"url\":\"https:\\\/\\\/basaworldtravel.com.ar\\\/sitio\\\/author\\\/basaweb\\\/\"}]}<\/script>\n<!-- \/ Yoast SEO plugin. -->","yoast_head_json":{"title":"MENDOZA TODO INCLUIDO-JULIO - Basa","robots":{"index":"index","follow":"follow","max-snippet":"max-snippet:-1","max-image-preview":"max-image-preview:large","max-video-preview":"max-video-preview:-1"},"canonical":"https:\/\/basaworldtravel.com.ar\/sitio\/2026\/04\/mendoza-todo-incluido-julio\/","og_locale":"es_ES","og_type":"article","og_title":"MENDOZA TODO INCLUIDO-JULIO - Basa","og_description":"Recorr\u00e9r una de las ciudades m\u00e1s lindas de Argentina; famosa por sus Malbecs y vinos tintos.","og_url":"https:\/\/basaworldtravel.com.ar\/sitio\/2026\/04\/mendoza-todo-incluido-julio\/","og_site_name":"Basa","article_published_time":"2026-04-20T11:56:41+00:00","article_modified_time":"2026-04-20T11:56:42+00:00","og_image":[{"width":2048,"height":1357,"url":"https:\/\/basaworldtravel.com.ar\/sitio\/wp-content\/uploads\/2026\/04\/Excursion-Alta-Montana-en-Mendoza-Lauke-Tours-2048x1357-1.jpg","type":"image\/jpeg"}],"author":"BasaWeb","twitter_card":"summary_large_image","twitter_misc":{"Escrito por":"BasaWeb","Tiempo de lectura":"3 minutos"},"schema":{"@context":"https:\/\/schema.org","@graph":[{"@type":"Article","@id":"https:\/\/basaworldtravel.com.ar\/sitio\/2026\/04\/mendoza-todo-incluido-julio\/#article","isPartOf":{"@id":"https:\/\/basaworldtravel.com.ar\/sitio\/2026\/04\/mendoza-todo-incluido-julio\/"},"author":{"name":"BasaWeb","@id":"https:\/\/basaworldtravel.com.ar\/sitio\/#\/schema\/person\/d89b1d641794d338c41cd3818beabd4c"},"headline":"MENDOZA TODO INCLUIDO-JULIO","datePublished":"2026-04-20T11:56:41+00:00","dateModified":"2026-04-20T11:56:42+00:00","mainEntityOfPage":{"@id":"https:\/\/basaworldtravel.com.ar\/sitio\/2026\/04\/mendoza-todo-incluido-julio\/"},"wordCount":607,"image":{"@id":"https:\/\/basaworldtravel.com.ar\/sitio\/2026\/04\/mendoza-todo-incluido-julio\/#primaryimage"},"thumbnailUrl":"https:\/\/basaworldtravel.com.ar\/sitio\/wp-content\/uploads\/2026\/04\/Excursion-Alta-Montana-en-Mendoza-Lauke-Tours-2048x1357-1.jpg","keywords":["2026","ARGENTINA","cuyo","MENDOZA","SALIDAS GRUPALES","VACACIONES DE JULIO"],"articleSection":["Argentina","Paquetes"],"inLanguage":"es"},{"@type":"WebPage","@id":"https:\/\/basaworldtravel.com.ar\/sitio\/2026\/04\/mendoza-todo-incluido-julio\/","url":"https:\/\/basaworldtravel.com.ar\/sitio\/2026\/04\/mendoza-todo-incluido-julio\/","name":"MENDOZA TODO INCLUIDO-JULIO - Basa","isPartOf":{"@id":"https:\/\/basaworldtravel.com.ar\/sitio\/#website"},"primaryImageOfPage":{"@id":"https:\/\/basaworldtravel.com.ar\/sitio\/2026\/04\/mendoza-todo-incluido-julio\/#primaryimage"},"image":{"@id":"https:\/\/basaworldtravel.com.ar\/sitio\/2026\/04\/mendoza-todo-incluido-julio\/#primaryimage"},"thumbnailUrl":"https:\/\/basaworldtravel.com.ar\/sitio\/wp-content\/uploads\/2026\/04\/Excursion-Alta-Montana-en-Mendoza-Lauke-Tours-2048x1357-1.jpg","datePublished":"2026-04-20T11:56:41+00:00","dateModified":"2026-04-20T11:56:42+00:00","author":{"@id":"https:\/\/basaworldtravel.com.ar\/sitio\/#\/schema\/person\/d89b1d641794d338c41cd3818beabd4c"},"breadcrumb":{"@id":"https:\/\/basaworldtravel.com.ar\/sitio\/2026\/04\/mendoza-todo-incluido-julio\/#breadcrumb"},"inLanguage":"es","potentialAction":[{"@type":"ReadAction","target":["https:\/\/basaworldtravel.com.ar\/sitio\/2026\/04\/mendoza-todo-incluido-julio\/"]}]},{"@type":"ImageObject","inLanguage":"es","@id":"https:\/\/basaworldtravel.com.ar\/sitio\/2026\/04\/mendoza-todo-incluido-julio\/#primaryimage","url":"https:\/\/basaworldtravel.com.ar\/sitio\/wp-content\/uploads\/2026\/04\/Excursion-Alta-Montana-en-Mendoza-Lauke-Tours-2048x1357-1.jpg","contentUrl":"https:\/\/basaworldtravel.com.ar\/sitio\/wp-content\/uploads\/2026\/04\/Excursion-Alta-Montana-en-Mendoza-Lauke-Tours-2048x1357-1.jpg","width":2048,"height":1357},{"@type":"BreadcrumbList","@id":"https:\/\/basaworldtravel.com.ar\/sitio\/2026\/04\/mendoza-todo-incluido-julio\/#breadcrumb","itemListElement":[{"@type":"ListItem","position":1,"name":"Portada","item":"https:\/\/basaworldtravel.com.ar\/sitio\/"},{"@type":"ListItem","position":2,"name":"MENDOZA TODO INCLUIDO-JULIO"}]},{"@type":"WebSite","@id":"https:\/\/basaworldtravel.com.ar\/sitio\/#website","url":"https:\/\/basaworldtravel.com.ar\/sitio\/","name":"Basa","description":"World Travel","potentialAction":[{"@type":"SearchAction","target":{"@type":"EntryPoint","urlTemplate":"https:\/\/basaworldtravel.com.ar\/sitio\/?s={search_term_string}"},"query-input":{"@type":"PropertyValueSpecification","valueRequired":true,"valueName":"search_term_string"}}],"inLanguage":"es"},{"@type":"Person","@id":"https:\/\/basaworldtravel.com.ar\/sitio\/#\/schema\/person\/d89b1d641794d338c41cd3818beabd4c","name":"BasaWeb","image":{"@type":"ImageObject","inLanguage":"es","@id":"https:\/\/secure.gravatar.com\/avatar\/13e699648957af0aba903942fee2a1fc533d92bcd43fcf375a4df1edc2708698?s=96&d=mm&r=g","url":"https:\/\/secure.gravatar.com\/avatar\/13e699648957af0aba903942fee2a1fc533d92bcd43fcf375a4df1edc2708698?s=96&d=mm&r=g","contentUrl":"https:\/\/secure.gravatar.com\/avatar\/13e699648957af0aba903942fee2a1fc533d92bcd43fcf375a4df1edc2708698?s=96&d=mm&r=g","caption":"BasaWeb"},"url":"https:\/\/basaworldtravel.com.ar\/sitio\/author\/basaweb\/"}]}},"_links":{"self":[{"href":"https:\/\/basaworldtravel.com.ar\/sitio\/wp-json\/wp\/v2\/posts\/156455","targetHints":{"allow":["GET"]}}],"collection":[{"href":"https:\/\/basaworldtravel.com.ar\/sitio\/wp-json\/wp\/v2\/posts"}],"about":[{"href":"https:\/\/basaworldtravel.com.ar\/sitio\/wp-json\/wp\/v2\/types\/post"}],"author":[{"embeddable":true,"href":"https:\/\/basaworldtravel.com.ar\/sitio\/wp-json\/wp\/v2\/users\/2"}],"replies":[{"embeddable":true,"href":"https:\/\/basaworldtravel.com.ar\/sitio\/wp-json\/wp\/v2\/comments?post=156455"}],"version-history":[{"count":1,"href":"https:\/\/basaworldtravel.com.ar\/sitio\/wp-json\/wp\/v2\/posts\/156455\/revisions"}],"predecessor-version":[{"id":156457,"href":"https:\/\/basaworldtravel.com.ar\/sitio\/wp-json\/wp\/v2\/posts\/156455\/revisions\/156457"}],"wp:featuredmedia":[{"embeddable":true,"href":"https:\/\/basaworldtravel.com.ar\/sitio\/wp-json\/wp\/v2\/media\/156456"}],"wp:attachment":[{"href":"https:\/\/basaworldtravel.com.ar\/sitio\/wp-json\/wp\/v2\/media?parent=156455"}],"wp:term":[{"taxonomy":"category","embeddable":true,"href":"https:\/\/basaworldtravel.com.ar\/sitio\/wp-json\/wp\/v2\/categories?post=156455"},{"taxonomy":"post_tag","embeddable":true,"href":"https:\/\/basaworldtravel.com.ar\/sitio\/wp-json\/wp\/v2\/tags?post=156455"}],"curies":[{"name":"wp","href":"https:\/\/api.w.org\/{rel}","templated":true}]}}