{"id":156452,"date":"2026-04-20T08:07:34","date_gmt":"2026-04-20T11:07:34","guid":{"rendered":"https:\/\/basaworldtravel.com.ar\/?p=156452"},"modified":"2026-04-20T08:07:38","modified_gmt":"2026-04-20T11:07:38","slug":"mendoza-y-san-juan-vacaciones-de-julio","status":"publish","type":"post","link":"https:\/\/basaworldtravel.com.ar\/sitio\/2026\/04\/mendoza-y-san-juan-vacaciones-de-julio\/","title":{"rendered":"MENDOZA Y SAN JUAN-VACACIONES DE JULIO"},"content":{"rendered":"\n<p>Salida 04 julio 2026<\/p>\n\n\n\n<p>Bus mix -> adicional butaca cama $31.100 \/ Butacas especiales $25650 por persona <br>4 Noches de Alojamiento con Desayuno<strong> HOTEL BALBI<\/strong> http:\/\/www.hotelbalbi.com.ar\/    <br>\u2022Coordinador en viaje<br>\u2022Asistencia m\u00e9dica de emergencia<\/p>\n\n\n\n<p>City Tour en San Juan con visita a Vi\u00f1edo (Difunta correa, Casa Natal Domingo Faustino Sarmiento [sin entrada])<br>City Tour en Mendoza &#8211; Cerro de la Gloria (sin ascenso) Opcional: Alta Monta\u00f1a<\/p>\n\n\n\n<p><br><strong>MUY IMPORTANTE:<\/strong> Tanto las excursiones incluidas, como las opcionales est\u00e1n sujetas a modificaci\u00f3n por inclemencias clim\u00e1ticas como de fuerza mayor.<\/p>\n\n\n\n<p><strong>PRECIO POR PERSONA EN BASE DOBLE\/TRIPLE  $536.300 <\/strong><\/p>\n\n\n\n<p>POLITICA DE MENORES<\/p>\n\n\n\n<p>Menores de 02 a 04 a\u00f1os (no cumplidos) abonan butaca $ 232900 <\/p>\n\n\n\n<p> 4  a\u00f1os en adelante tarifa de Adulto con todos los servicios \u2013 <\/p>\n\n\n\n<p>Tarifa sujeta a reajuste sin previo aviso (s\u00f3lo el pago del 100% congela tarifa). Los precios publicados NO incluyen gastos. Salidas sujetas a formaci\u00f3n de grupo.<br><\/p>\n\n\n\n<p>TUVI<\/p>\n\n\n\n<p><\/p>\n","protected":false},"excerpt":{"rendered":"<p>Entre vi\u00f1edos y desiertos, Mendoza y San Juan te muestran la magia del oeste argentino.<\/p>\n","protected":false},"author":2,"featured_media":156453,"comment_status":"closed","ping_status":"open","sticky":false,"template":"","format":"standard","meta":{"_acf_changed":false,"footnotes":""},"categories":[6,5],"tags":[703,16,145,607,105,14,80,49,102],"class_list":["post-156452","post","type-post","status-publish","format-standard","has-post-thumbnail","hentry","category-argentina","category-paquetes","tag-703","tag-argentina","tag-cuyo","tag-invierno","tag-julio","tag-mendoza","tag-salidas-grupales","tag-san-juan","tag-vacaciones-de-julio","category-6","category-5","description-off"],"acf":[],"yoast_head":"<!-- This site is optimized with the Yoast SEO plugin v28.4 - https:\/\/yoast.com\/product\/yoast-seo-wordpress\/ -->\n<title>MENDOZA Y SAN JUAN-VACACIONES DE JULIO - Basa<\/title>\n<meta name=\"robots\" content=\"index, follow, max-snippet:-1, max-image-preview:large, max-video-preview:-1\" \/>\n<link rel=\"canonical\" href=\"https:\/\/basaworldtravel.com.ar\/sitio\/2026\/04\/mendoza-y-san-juan-vacaciones-de-julio\/\" \/>\n<meta property=\"og:locale\" content=\"es_ES\" \/>\n<meta property=\"og:type\" content=\"article\" \/>\n<meta property=\"og:title\" content=\"MENDOZA Y SAN JUAN-VACACIONES DE JULIO - Basa\" \/>\n<meta property=\"og:description\" content=\"Entre vi\u00f1edos y desiertos, Mendoza y San Juan te muestran la magia del oeste argentino.\" \/>\n<meta property=\"og:url\" content=\"https:\/\/basaworldtravel.com.ar\/sitio\/2026\/04\/mendoza-y-san-juan-vacaciones-de-julio\/\" \/>\n<meta property=\"og:site_name\" content=\"Basa\" \/>\n<meta property=\"article:published_time\" content=\"2026-04-20T11:07:34+00:00\" \/>\n<meta property=\"article:modified_time\" content=\"2026-04-20T11:07:38+00:00\" \/>\n<meta property=\"og:image\" content=\"https:\/\/basaworldtravel.com.ar\/sitio\/wp-content\/uploads\/2026\/04\/Excursiones-para-hacer-con-ninos-en-invierno-Puente-del-Inca-Lauke-Tours-1024x680-1.jpg\" \/>\n\t<meta property=\"og:image:width\" content=\"1024\" \/>\n\t<meta property=\"og:image:height\" content=\"680\" \/>\n\t<meta property=\"og:image:type\" content=\"image\/jpeg\" \/>\n<meta name=\"author\" content=\"BasaWeb\" \/>\n<meta name=\"twitter:card\" content=\"summary_large_image\" \/>\n<meta name=\"twitter:label1\" content=\"Escrito por\" \/>\n\t<meta name=\"twitter:data1\" content=\"BasaWeb\" \/>\n\t<meta name=\"twitter:label2\" content=\"Tiempo de lectura\" \/>\n\t<meta name=\"twitter:data2\" content=\"1 minuto\" \/>\n<script type=\"application\/ld+json\" class=\"yoast-schema-graph\">{\"@context\":\"https:\\\/\\\/schema.org\",\"@graph\":[{\"@type\":\"Article\",\"@id\":\"https:\\\/\\\/basaworldtravel.com.ar\\\/sitio\\\/2026\\\/04\\\/mendoza-y-san-juan-vacaciones-de-julio\\\/#article\",\"isPartOf\":{\"@id\":\"https:\\\/\\\/basaworldtravel.com.ar\\\/sitio\\\/2026\\\/04\\\/mendoza-y-san-juan-vacaciones-de-julio\\\/\"},\"author\":{\"name\":\"BasaWeb\",\"@id\":\"https:\\\/\\\/basaworldtravel.com.ar\\\/sitio\\\/#\\\/schema\\\/person\\\/d89b1d641794d338c41cd3818beabd4c\"},\"headline\":\"MENDOZA Y SAN JUAN-VACACIONES DE JULIO\",\"datePublished\":\"2026-04-20T11:07:34+00:00\",\"dateModified\":\"2026-04-20T11:07:38+00:00\",\"mainEntityOfPage\":{\"@id\":\"https:\\\/\\\/basaworldtravel.com.ar\\\/sitio\\\/2026\\\/04\\\/mendoza-y-san-juan-vacaciones-de-julio\\\/\"},\"wordCount\":153,\"image\":{\"@id\":\"https:\\\/\\\/basaworldtravel.com.ar\\\/sitio\\\/2026\\\/04\\\/mendoza-y-san-juan-vacaciones-de-julio\\\/#primaryimage\"},\"thumbnailUrl\":\"https:\\\/\\\/basaworldtravel.com.ar\\\/sitio\\\/wp-content\\\/uploads\\\/2026\\\/04\\\/Excursiones-para-hacer-con-ninos-en-invierno-Puente-del-Inca-Lauke-Tours-1024x680-1.jpg\",\"keywords\":[\"2026\",\"ARGENTINA\",\"cuyo\",\"invierno\",\"JULIO\",\"MENDOZA\",\"SALIDAS GRUPALES\",\"SAN JUAN\",\"VACACIONES DE JULIO\"],\"articleSection\":[\"Argentina\",\"Paquetes\"],\"inLanguage\":\"es\"},{\"@type\":\"WebPage\",\"@id\":\"https:\\\/\\\/basaworldtravel.com.ar\\\/sitio\\\/2026\\\/04\\\/mendoza-y-san-juan-vacaciones-de-julio\\\/\",\"url\":\"https:\\\/\\\/basaworldtravel.com.ar\\\/sitio\\\/2026\\\/04\\\/mendoza-y-san-juan-vacaciones-de-julio\\\/\",\"name\":\"MENDOZA Y SAN JUAN-VACACIONES DE JULIO - Basa\",\"isPartOf\":{\"@id\":\"https:\\\/\\\/basaworldtravel.com.ar\\\/sitio\\\/#website\"},\"primaryImageOfPage\":{\"@id\":\"https:\\\/\\\/basaworldtravel.com.ar\\\/sitio\\\/2026\\\/04\\\/mendoza-y-san-juan-vacaciones-de-julio\\\/#primaryimage\"},\"image\":{\"@id\":\"https:\\\/\\\/basaworldtravel.com.ar\\\/sitio\\\/2026\\\/04\\\/mendoza-y-san-juan-vacaciones-de-julio\\\/#primaryimage\"},\"thumbnailUrl\":\"https:\\\/\\\/basaworldtravel.com.ar\\\/sitio\\\/wp-content\\\/uploads\\\/2026\\\/04\\\/Excursiones-para-hacer-con-ninos-en-invierno-Puente-del-Inca-Lauke-Tours-1024x680-1.jpg\",\"datePublished\":\"2026-04-20T11:07:34+00:00\",\"dateModified\":\"2026-04-20T11:07:38+00:00\",\"author\":{\"@id\":\"https:\\\/\\\/basaworldtravel.com.ar\\\/sitio\\\/#\\\/schema\\\/person\\\/d89b1d641794d338c41cd3818beabd4c\"},\"breadcrumb\":{\"@id\":\"https:\\\/\\\/basaworldtravel.com.ar\\\/sitio\\\/2026\\\/04\\\/mendoza-y-san-juan-vacaciones-de-julio\\\/#breadcrumb\"},\"inLanguage\":\"es\",\"potentialAction\":[{\"@type\":\"ReadAction\",\"target\":[\"https:\\\/\\\/basaworldtravel.com.ar\\\/sitio\\\/2026\\\/04\\\/mendoza-y-san-juan-vacaciones-de-julio\\\/\"]}]},{\"@type\":\"ImageObject\",\"inLanguage\":\"es\",\"@id\":\"https:\\\/\\\/basaworldtravel.com.ar\\\/sitio\\\/2026\\\/04\\\/mendoza-y-san-juan-vacaciones-de-julio\\\/#primaryimage\",\"url\":\"https:\\\/\\\/basaworldtravel.com.ar\\\/sitio\\\/wp-content\\\/uploads\\\/2026\\\/04\\\/Excursiones-para-hacer-con-ninos-en-invierno-Puente-del-Inca-Lauke-Tours-1024x680-1.jpg\",\"contentUrl\":\"https:\\\/\\\/basaworldtravel.com.ar\\\/sitio\\\/wp-content\\\/uploads\\\/2026\\\/04\\\/Excursiones-para-hacer-con-ninos-en-invierno-Puente-del-Inca-Lauke-Tours-1024x680-1.jpg\",\"width\":1024,\"height\":680},{\"@type\":\"BreadcrumbList\",\"@id\":\"https:\\\/\\\/basaworldtravel.com.ar\\\/sitio\\\/2026\\\/04\\\/mendoza-y-san-juan-vacaciones-de-julio\\\/#breadcrumb\",\"itemListElement\":[{\"@type\":\"ListItem\",\"position\":1,\"name\":\"Portada\",\"item\":\"https:\\\/\\\/basaworldtravel.com.ar\\\/sitio\\\/\"},{\"@type\":\"ListItem\",\"position\":2,\"name\":\"MENDOZA Y SAN JUAN-VACACIONES DE JULIO\"}]},{\"@type\":\"WebSite\",\"@id\":\"https:\\\/\\\/basaworldtravel.com.ar\\\/sitio\\\/#website\",\"url\":\"https:\\\/\\\/basaworldtravel.com.ar\\\/sitio\\\/\",\"name\":\"Basa\",\"description\":\"World Travel\",\"potentialAction\":[{\"@type\":\"SearchAction\",\"target\":{\"@type\":\"EntryPoint\",\"urlTemplate\":\"https:\\\/\\\/basaworldtravel.com.ar\\\/sitio\\\/?s={search_term_string}\"},\"query-input\":{\"@type\":\"PropertyValueSpecification\",\"valueRequired\":true,\"valueName\":\"search_term_string\"}}],\"inLanguage\":\"es\"},{\"@type\":\"Person\",\"@id\":\"https:\\\/\\\/basaworldtravel.com.ar\\\/sitio\\\/#\\\/schema\\\/person\\\/d89b1d641794d338c41cd3818beabd4c\",\"name\":\"BasaWeb\",\"image\":{\"@type\":\"ImageObject\",\"inLanguage\":\"es\",\"@id\":\"https:\\\/\\\/secure.gravatar.com\\\/avatar\\\/13e699648957af0aba903942fee2a1fc533d92bcd43fcf375a4df1edc2708698?s=96&d=mm&r=g\",\"url\":\"https:\\\/\\\/secure.gravatar.com\\\/avatar\\\/13e699648957af0aba903942fee2a1fc533d92bcd43fcf375a4df1edc2708698?s=96&d=mm&r=g\",\"contentUrl\":\"https:\\\/\\\/secure.gravatar.com\\\/avatar\\\/13e699648957af0aba903942fee2a1fc533d92bcd43fcf375a4df1edc2708698?s=96&d=mm&r=g\",\"caption\":\"BasaWeb\"},\"url\":\"https:\\\/\\\/basaworldtravel.com.ar\\\/sitio\\\/author\\\/basaweb\\\/\"}]}<\/script>\n<!-- \/ Yoast SEO plugin. -->","yoast_head_json":{"title":"MENDOZA Y SAN JUAN-VACACIONES DE JULIO - Basa","robots":{"index":"index","follow":"follow","max-snippet":"max-snippet:-1","max-image-preview":"max-image-preview:large","max-video-preview":"max-video-preview:-1"},"canonical":"https:\/\/basaworldtravel.com.ar\/sitio\/2026\/04\/mendoza-y-san-juan-vacaciones-de-julio\/","og_locale":"es_ES","og_type":"article","og_title":"MENDOZA Y SAN JUAN-VACACIONES DE JULIO - Basa","og_description":"Entre vi\u00f1edos y desiertos, Mendoza y San Juan te muestran la magia del oeste argentino.","og_url":"https:\/\/basaworldtravel.com.ar\/sitio\/2026\/04\/mendoza-y-san-juan-vacaciones-de-julio\/","og_site_name":"Basa","article_published_time":"2026-04-20T11:07:34+00:00","article_modified_time":"2026-04-20T11:07:38+00:00","og_image":[{"width":1024,"height":680,"url":"https:\/\/basaworldtravel.com.ar\/sitio\/wp-content\/uploads\/2026\/04\/Excursiones-para-hacer-con-ninos-en-invierno-Puente-del-Inca-Lauke-Tours-1024x680-1.jpg","type":"image\/jpeg"}],"author":"BasaWeb","twitter_card":"summary_large_image","twitter_misc":{"Escrito por":"BasaWeb","Tiempo de lectura":"1 minuto"},"schema":{"@context":"https:\/\/schema.org","@graph":[{"@type":"Article","@id":"https:\/\/basaworldtravel.com.ar\/sitio\/2026\/04\/mendoza-y-san-juan-vacaciones-de-julio\/#article","isPartOf":{"@id":"https:\/\/basaworldtravel.com.ar\/sitio\/2026\/04\/mendoza-y-san-juan-vacaciones-de-julio\/"},"author":{"name":"BasaWeb","@id":"https:\/\/basaworldtravel.com.ar\/sitio\/#\/schema\/person\/d89b1d641794d338c41cd3818beabd4c"},"headline":"MENDOZA Y SAN JUAN-VACACIONES DE JULIO","datePublished":"2026-04-20T11:07:34+00:00","dateModified":"2026-04-20T11:07:38+00:00","mainEntityOfPage":{"@id":"https:\/\/basaworldtravel.com.ar\/sitio\/2026\/04\/mendoza-y-san-juan-vacaciones-de-julio\/"},"wordCount":153,"image":{"@id":"https:\/\/basaworldtravel.com.ar\/sitio\/2026\/04\/mendoza-y-san-juan-vacaciones-de-julio\/#primaryimage"},"thumbnailUrl":"https:\/\/basaworldtravel.com.ar\/sitio\/wp-content\/uploads\/2026\/04\/Excursiones-para-hacer-con-ninos-en-invierno-Puente-del-Inca-Lauke-Tours-1024x680-1.jpg","keywords":["2026","ARGENTINA","cuyo","invierno","JULIO","MENDOZA","SALIDAS GRUPALES","SAN JUAN","VACACIONES DE JULIO"],"articleSection":["Argentina","Paquetes"],"inLanguage":"es"},{"@type":"WebPage","@id":"https:\/\/basaworldtravel.com.ar\/sitio\/2026\/04\/mendoza-y-san-juan-vacaciones-de-julio\/","url":"https:\/\/basaworldtravel.com.ar\/sitio\/2026\/04\/mendoza-y-san-juan-vacaciones-de-julio\/","name":"MENDOZA Y SAN JUAN-VACACIONES DE JULIO - Basa","isPartOf":{"@id":"https:\/\/basaworldtravel.com.ar\/sitio\/#website"},"primaryImageOfPage":{"@id":"https:\/\/basaworldtravel.com.ar\/sitio\/2026\/04\/mendoza-y-san-juan-vacaciones-de-julio\/#primaryimage"},"image":{"@id":"https:\/\/basaworldtravel.com.ar\/sitio\/2026\/04\/mendoza-y-san-juan-vacaciones-de-julio\/#primaryimage"},"thumbnailUrl":"https:\/\/basaworldtravel.com.ar\/sitio\/wp-content\/uploads\/2026\/04\/Excursiones-para-hacer-con-ninos-en-invierno-Puente-del-Inca-Lauke-Tours-1024x680-1.jpg","datePublished":"2026-04-20T11:07:34+00:00","dateModified":"2026-04-20T11:07:38+00:00","author":{"@id":"https:\/\/basaworldtravel.com.ar\/sitio\/#\/schema\/person\/d89b1d641794d338c41cd3818beabd4c"},"breadcrumb":{"@id":"https:\/\/basaworldtravel.com.ar\/sitio\/2026\/04\/mendoza-y-san-juan-vacaciones-de-julio\/#breadcrumb"},"inLanguage":"es","potentialAction":[{"@type":"ReadAction","target":["https:\/\/basaworldtravel.com.ar\/sitio\/2026\/04\/mendoza-y-san-juan-vacaciones-de-julio\/"]}]},{"@type":"ImageObject","inLanguage":"es","@id":"https:\/\/basaworldtravel.com.ar\/sitio\/2026\/04\/mendoza-y-san-juan-vacaciones-de-julio\/#primaryimage","url":"https:\/\/basaworldtravel.com.ar\/sitio\/wp-content\/uploads\/2026\/04\/Excursiones-para-hacer-con-ninos-en-invierno-Puente-del-Inca-Lauke-Tours-1024x680-1.jpg","contentUrl":"https:\/\/basaworldtravel.com.ar\/sitio\/wp-content\/uploads\/2026\/04\/Excursiones-para-hacer-con-ninos-en-invierno-Puente-del-Inca-Lauke-Tours-1024x680-1.jpg","width":1024,"height":680},{"@type":"BreadcrumbList","@id":"https:\/\/basaworldtravel.com.ar\/sitio\/2026\/04\/mendoza-y-san-juan-vacaciones-de-julio\/#breadcrumb","itemListElement":[{"@type":"ListItem","position":1,"name":"Portada","item":"https:\/\/basaworldtravel.com.ar\/sitio\/"},{"@type":"ListItem","position":2,"name":"MENDOZA Y SAN JUAN-VACACIONES DE JULIO"}]},{"@type":"WebSite","@id":"https:\/\/basaworldtravel.com.ar\/sitio\/#website","url":"https:\/\/basaworldtravel.com.ar\/sitio\/","name":"Basa","description":"World Travel","potentialAction":[{"@type":"SearchAction","target":{"@type":"EntryPoint","urlTemplate":"https:\/\/basaworldtravel.com.ar\/sitio\/?s={search_term_string}"},"query-input":{"@type":"PropertyValueSpecification","valueRequired":true,"valueName":"search_term_string"}}],"inLanguage":"es"},{"@type":"Person","@id":"https:\/\/basaworldtravel.com.ar\/sitio\/#\/schema\/person\/d89b1d641794d338c41cd3818beabd4c","name":"BasaWeb","image":{"@type":"ImageObject","inLanguage":"es","@id":"https:\/\/secure.gravatar.com\/avatar\/13e699648957af0aba903942fee2a1fc533d92bcd43fcf375a4df1edc2708698?s=96&d=mm&r=g","url":"https:\/\/secure.gravatar.com\/avatar\/13e699648957af0aba903942fee2a1fc533d92bcd43fcf375a4df1edc2708698?s=96&d=mm&r=g","contentUrl":"https:\/\/secure.gravatar.com\/avatar\/13e699648957af0aba903942fee2a1fc533d92bcd43fcf375a4df1edc2708698?s=96&d=mm&r=g","caption":"BasaWeb"},"url":"https:\/\/basaworldtravel.com.ar\/sitio\/author\/basaweb\/"}]}},"_links":{"self":[{"href":"https:\/\/basaworldtravel.com.ar\/sitio\/wp-json\/wp\/v2\/posts\/156452","targetHints":{"allow":["GET"]}}],"collection":[{"href":"https:\/\/basaworldtravel.com.ar\/sitio\/wp-json\/wp\/v2\/posts"}],"about":[{"href":"https:\/\/basaworldtravel.com.ar\/sitio\/wp-json\/wp\/v2\/types\/post"}],"author":[{"embeddable":true,"href":"https:\/\/basaworldtravel.com.ar\/sitio\/wp-json\/wp\/v2\/users\/2"}],"replies":[{"embeddable":true,"href":"https:\/\/basaworldtravel.com.ar\/sitio\/wp-json\/wp\/v2\/comments?post=156452"}],"version-history":[{"count":1,"href":"https:\/\/basaworldtravel.com.ar\/sitio\/wp-json\/wp\/v2\/posts\/156452\/revisions"}],"predecessor-version":[{"id":156454,"href":"https:\/\/basaworldtravel.com.ar\/sitio\/wp-json\/wp\/v2\/posts\/156452\/revisions\/156454"}],"wp:featuredmedia":[{"embeddable":true,"href":"https:\/\/basaworldtravel.com.ar\/sitio\/wp-json\/wp\/v2\/media\/156453"}],"wp:attachment":[{"href":"https:\/\/basaworldtravel.com.ar\/sitio\/wp-json\/wp\/v2\/media?parent=156452"}],"wp:term":[{"taxonomy":"category","embeddable":true,"href":"https:\/\/basaworldtravel.com.ar\/sitio\/wp-json\/wp\/v2\/categories?post=156452"},{"taxonomy":"post_tag","embeddable":true,"href":"https:\/\/basaworldtravel.com.ar\/sitio\/wp-json\/wp\/v2\/tags?post=156452"}],"curies":[{"name":"wp","href":"https:\/\/api.w.org\/{rel}","templated":true}]}}