{"id":156431,"date":"2026-04-20T07:22:30","date_gmt":"2026-04-20T10:22:30","guid":{"rendered":"https:\/\/basaworldtravel.com.ar\/?p=156431"},"modified":"2026-04-30T12:47:21","modified_gmt":"2026-04-30T15:47:21","slug":"fiordos-del-norte-islandia-2026","status":"publish","type":"post","link":"https:\/\/basaworldtravel.com.ar\/sitio\/2026\/04\/fiordos-del-norte-islandia-2026\/","title":{"rendered":"FIORDOS DEL NORTE &amp; ISLANDIA -2026"},"content":{"rendered":"\n<p>Salida  03 de junio de 2026<br><\/p>\n\n\n\n<p><strong>Salida grupal acompa\u00f1ada desde Buenos Aires <br><\/strong>\ud83d\udd52 19 d\u00edas \/ 16 noches<\/p>\n\n\n\n<p><strong>INCLUYE<\/strong><\/p>\n\n\n\n<p>\u2022 16&nbsp;noches de alojamiento en hoteles de categor\u00eda 3 y 4 estrellas en Habitaci\u00f3n Standard.<br>\u2022 R\u00e9gimen: con Desayuno + 2 cenas.<br>\u2022 A\u00e9reo de Iberia&nbsp;en Cabina Econ\u00f3mica, ida y vuelta.<br>\u2022 Vuelo de Bergen a Reykjavik.<br>\u2022 Trenes y Ferrys seg\u00fan se indica.<br>\u2022 Traslados en servicio&nbsp;privado de llegada, entre destinos y salida con asistencia de habla hispana.<br>\u2022&nbsp;Visitas con gu\u00eda local y\/o excursiones de habla hispana (seg\u00fan itinerario).<br>\u2022&nbsp;Propinas obligatorias (gu\u00edas y conductores).<br>\u2022&nbsp;Asistencia al viajero de Universal Assistance Excellence USD 150.000 con garant\u00eda de cancelaci\u00f3n plus hasta USD 6000 (hasta 85 a\u00f1os) con causa.<\/p>\n\n\n\n<p>ITINERARIO<\/p>\n\n\n\n<p><strong><u>D\u00cdA 01 \u2013 03 DE JUNIO EZEIZA<\/u><\/strong><\/p>\n\n\n\n<p>Presentaci\u00f3n en el Aeropuerto Internacional de Ezeiza a las 09:00 hs. para realizar el check-in del&nbsp;<strong>vuelo 102&nbsp;de Iberia<\/strong>&nbsp;con destino la ciudad de Oslo v\u00eda Madrid y horario de salida a las 13:00 hs.&nbsp;<strong>Noche a bordo.<\/strong><\/p>\n\n\n\n<p><strong><u>D\u00cdA 02 \u2013 04 DE JUNIO MADRID \/ OSLO<\/u><\/strong><\/p>\n\n\n\n<p>Llegada al Aeropuerto Internacional de Oslo, al pasar migraciones nos estar\u00e1 esperando nuestro gu\u00eda de habla hispana para acompa\u00f1arnos al hotel y hacer el check-in.&nbsp;<strong>Cena y alojamiento.<\/strong><\/p>\n\n\n\n<p><strong><u>D\u00cdA 03 \u2013 05 DE JUNIO OSLO \/ LILLEHAMMER \/ OTTA (289 Kms)<\/u><\/strong><\/p>\n\n\n\n<p><strong>Desayuno<\/strong>. Empezamos con la visita guiada por la&nbsp;<strong>ciudad de Oslo<\/strong>, capital de Noruega, donde podremos disfrutar de su famoso&nbsp;<strong>Parque Vigeland<\/strong>, ubicado dentro del Frognerparken, este parque alberga m\u00e1s de&nbsp;<strong>200 esculturas<\/strong>&nbsp;creadas por el artista noruego Gustav Vigeland entre 1926 y 1942. Es el mayor parque de esculturas del mundo realizado por un solo artista. Pasaremos tambi\u00e9n por la&nbsp;<strong>\u00d3pera<\/strong>&nbsp;y su bonito centro con la&nbsp;<strong>Calle Karl Johan<\/strong>&nbsp;(calle peatonal).<\/p>\n\n\n\n<p>Tiempo libre en el centro antes de&nbsp; seguir en ruta hacia Otta pasando por la localidad de&nbsp;<strong>Lillehammer<\/strong>, una encantadora ciudad noruega que combina historia, cultura y deportes. Sede de los Juegos Ol\u00edmpicos de Invierno de 1994. Seguimos hasta Otta, llegada por la tarde.&nbsp;<strong>Alojamiento.<\/strong><\/p>\n\n\n\n<p><strong><u>D\u00cdA 04 \u2013 06 DE JUNIO OTTA \/ DOMB\u00c5S \/ \u00c5NDALSNES \/ \u00c5LESUND<\/u><\/strong><\/p>\n\n\n\n<p><strong>Desayuno<\/strong>. El d\u00eda de hoy pasaremos por tres localidades que forman una ruta perfecta para explorar la&nbsp;<strong>diversidad noruega<\/strong>: desde las mesetas del interior, pasando por valles alpinos, hasta llegar a la costa de los fiordos.<\/p>\n\n\n\n<p>La primera parada ser\u00e1 en la peque\u00f1a localidad de Domb\u00e5s, donde tomaremos el famoso y bonito&nbsp;<strong>Tren de Rauma<\/strong>&nbsp;hasta la localidad de \u00c5ndalsnes. Considerado uno de los viajes en tren m\u00e1s espectaculares de Europa. Recorre 115 km, atravesando valles profundos y monta\u00f1as escarpadas. Se destaca el&nbsp;<strong>Puente Kylling<\/strong>: suspendido a 60\u202fmetros sobre el r\u00edo Rauma y el acantilado vertical m\u00e1s alto de Europa, visible desde el tren:&nbsp;<strong>Trollveggen.&nbsp;<\/strong>A nuestra llegada, nos estar\u00e1 esperando el bus y traslado hacia nuestro alojamiento en la ciudad de \u00c5lesund.&nbsp;<strong>Alojamiento.<\/strong><\/p>\n\n\n\n<p><strong><u>D\u00cdA 05 \u2013 07 DE JUNIO \u00c5LESUND<\/u><\/strong><\/p>\n\n\n\n<p><strong>Desayuno<\/strong>&nbsp;y continuaci\u00f3n de nuestras visitas en este bello pa\u00eds de Noruega. Hoy iremos a recorrer una de las carreteras m\u00e1s famosas del pa\u00eds y de todo el continente europeo. Se trata de la espectacular&nbsp;<strong>Carretera de Monta\u00f1a del Troll<\/strong>, esta ruta esc\u00e9nica, parte de la carretera nacional 63, es una obra maestra de la ingenier\u00eda noruega. Inaugurada en 1936, atraviesa una empinada ladera de monta\u00f1a con&nbsp;<strong>11 curvas cerradas de 180\u00b0<\/strong>&nbsp;y una&nbsp;<strong>inclinaci\u00f3n del 9%<\/strong>, ofreciendo vistas espectaculares de cascadas como Stigfossen y acantilados como Trollveggen. En la cima, hay un&nbsp;<strong>mirador panor\u00e1mico<\/strong>&nbsp;y un centro de visitantes con arquitectura moderna, donde podremos contemplar todo el recorrido serpenteante desde lo alto. Regresamos hacia&nbsp;<strong>\u00c5lesund<\/strong>&nbsp;donde haremos un paseo panor\u00e1mico por la ciudad con nuestro gu\u00eda.&nbsp;<strong>Alojamiento.<\/strong><\/p>\n\n\n\n<p><strong><u>D\u00cdA 06 \u2013 08 DE JUNIO \u00c5LESUND \/ GEIRANGER \/ LOEN \/ F\u00d8RDE (303 Kms)<\/u><\/strong><\/p>\n\n\n\n<p><strong>Desayuno<\/strong>. En el d\u00eda de hoy, salimos hacia la localidad de Geiranger a trav\u00e9s de la&nbsp;<strong>Carretera de las \u00c1guilas<\/strong>, donde disfrutaremos de una bonita vista del&nbsp;<strong>Fiordo Geirangerfjord<\/strong>, Patrimonio de la Humanidad por la UNESCO. Una vez en Geiranger y tras un corto paseo, nos embarcamos en una traves\u00eda a lo largo del Fiordo para disfrutar de las famosas&nbsp;<strong>Cascadas de las 7 Hermanas<\/strong>.<\/p>\n\n\n\n<p>Continuaci\u00f3n hacia la poblaci\u00f3n de Loen, donde nos espera una de las actividades m\u00e1s bonitas que podemos realizar en la regi\u00f3n de los Fiordos.&nbsp;<strong>Subiremos en su famoso telef\u00e9rico<\/strong>&nbsp;hasta lo alto de la monta\u00f1a, donde podremos disfrutar de sus incre\u00edbles vistas. Es uno de los telef\u00e9ricos m\u00e1s espectaculares del mundo, y una joya de ingenier\u00eda en los fiordos noruegos. Tiempo libre y continuaci\u00f3n hacia nuestro alojamiento en el coraz\u00f3n de F\u00f8rde.&nbsp;<strong>Alojamiento.<\/strong><\/p>\n\n\n\n<p><strong><u>D\u00cdA 07 \u2013 09 DE JUNIO F\u00d8RDE \/ FL\u00c5M \/ VOSS \/ BERGEN<\/u><\/strong><\/p>\n\n\n\n<p>Tras el&nbsp;<strong>desayuno<\/strong>, seguimos recorriendo la espectacular&nbsp;<strong>regi\u00f3n de los Fiordos<\/strong>&nbsp;Noruegos, cruzando el Fiordo m\u00e1s largo de todos, el&nbsp;<strong>Fiordo de los Sue\u00f1os<\/strong>. Llegaremos hasta la localidad de Gudvangen, donde tendremos la oportunidad de tomar una&nbsp;<strong>excursi\u00f3n en barco<\/strong>&nbsp;a lo largo del&nbsp;<strong>Fiordo Naeroyfjord<\/strong>, tambi\u00e9n declarado Patrimonio de la Humanidad.<\/p>\n\n\n\n<p>Continuaremos en direcci\u00f3n hacia la&nbsp;<strong>localidad de Fl\u00e5m<\/strong>&nbsp;para poder disfrutar del incre\u00edble&nbsp;<strong>Tren Panor\u00e1mico de Monta\u00f1a<\/strong>. Pasa por 20 t\u00faneles, cascadas como Kjosfossen (donde el tren se detiene para que bajes a verla) y paisajes de valles glaciares. Ventanas panor\u00e1micas, vagones de madera y vistas que parecen salidas de un cuento n\u00f3rdico. Desde el Fiordo, nos elevaremos desde el nivel del mar hasta los 867 metros, donde se encuentra la estaci\u00f3n de monta\u00f1a de Myrdal. Una vez aqu\u00ed, continuaremos en tren hacia la localidad de Voss. Por \u00faltimo, continuaremos en bus hacia la ciudad de Bergen.<strong>&nbsp;Alojamiento.<\/strong><\/p>\n\n\n\n<p><strong><u>D\u00cdA 08 \u2013 10 DE JUNIO BERGEN<\/u><\/strong><\/p>\n\n\n\n<p><strong>Desayuno<\/strong>. En la visita a Bergen, realizaremos la visita local a pie para adem\u00e1s de disfrutar del&nbsp;<strong>mercado de pescado<\/strong>&nbsp;y su bonito puerto, recorrer por dentro el&nbsp;<strong>barrio de Bryggen,<\/strong>&nbsp;declarado Patrimonio de la Humanidad por la Unesco. Destaca por su&nbsp;<strong>arquitectura medieval<\/strong>, con edificios torcidos, callejones estrechos y estructuras reconstruidas tras incendios hist\u00f3ricos. Repleto de tiendas de artesanos, galer\u00edas, cafeter\u00edas y talleres escondidos. Tarde libre para disfrutar de la ciudad.&nbsp;<strong>Alojamiento.<\/strong><\/p>\n\n\n\n<p><strong><u>D\u00cdA 09 \u2013 11 DE JUNIO BERGEN \/ REYKJAVIK \/ SELFOSS<\/u><\/strong><\/p>\n\n\n\n<p><strong>Desayuno.&nbsp;<\/strong>A la hora indicada traslado al Aeropuerto de Bergen para tomar vuelo (incluido) a Reykjavik y visita de la&nbsp;<strong>Pen\u00ednsula de Reykjanes<\/strong>, donde podremos disfrutar del puente entre continentes, adem\u00e1s de contemplar las \u00faltimas coladas de lava que las recientes erupciones han creado. Continuaci\u00f3n hacia Selfoss.&nbsp;<strong>Alojamiento.<\/strong><\/p>\n\n\n\n<p><strong><u>D\u00cdA 10 \u2013 12 DE JUNIO SELFOSS \/ VIK \/ MYRDAL \/ \u00deJ\u00d3\u00d0VEGUR (292 Kms)<\/u><\/strong><\/p>\n\n\n\n<p>Tras el&nbsp;<strong>desayuno<\/strong>, comenzaremos nuestro recorrido por este bonito pa\u00eds en direcci\u00f3n hacia la Costa Sur de la isla. Saliendo desde nuestro alojamiento y como primera parada, tendremos la espectacular&nbsp;<strong>Cascada de Seljalandsfoss,&nbsp;<\/strong>lo que la hace verdaderamente \u00fanica es la posibilidad de caminar por un sendero que pasa detr\u00e1s de la cascada, ofreciendo una vista impresionante desde el interior de la cortina de agua. Desde aqu\u00ed, proseguimos hacia la&nbsp;<strong>Cascada de Sk\u00f3gafoss<\/strong>, quiz\u00e1s la m\u00e1s conocida de todo el pa\u00eds, famosa por su poderosa cortina de agua que cae desde antiguos acantilados marinos. En d\u00edas soleados, la neblina que genera la cascada produce arco\u00edris espectaculares, lo que la convierte en un lugar m\u00e1gico.<\/p>\n\n\n\n<p>Continuamos hacia la&nbsp;<strong>Playa de Arena Negra de Reynisfjara<\/strong>, donde nos maravillaremos ante las formaciones de las columnas de basalto antes de llegar a la poblaci\u00f3n de Vik y Myrdal donde tendremos tiempo libre. Por la tarde, continuamos hacia la Playa de los Diamantes, famosa por sus fragmentos de hielo glaciar que brillan como diamantes sobre la arena negra volc\u00e1nica. Ubicada frente a la&nbsp;<strong>laguna glaciar J\u00f6kuls\u00e1rl\u00f3n<\/strong>, en el Parque Nacional Vatnaj\u00f6kull, esta playa ofrece un espect\u00e1culo visual \u00fanico: icebergs desprendidos del glaciar Vatnaj\u00f6kull flotan por la laguna, llegan al mar y luego son devueltos a la orilla por las olas, creando un paisaje surrealista de hielo y lava. Podremos disfrutar de este paisaje realizando un paseo en barco. Continuamos hacia nuestro&nbsp;<strong>alojamiento.<\/strong><\/p>\n\n\n\n<p><strong><u>D\u00cdA 11 \u2013 13 DE JUNIO \u00deJ\u00d3\u00d0VEGUR \/ EGILSSTA\u00d0IR (642 kms)<\/u><\/strong><\/p>\n\n\n\n<p><strong>Desayuno<\/strong>&nbsp;y comienzo de nuestro recorrido bordeando la masa de hielo glaciar del&nbsp;<strong>Vatnajokull<\/strong>, la m\u00e1s extensa del continente europeo. Desde aqu\u00ed, viajaremos por los fiordos del este de Islandia y cruzaremos hasta la poblaci\u00f3n de Egilssta\u00f0ir, donde haremos noche.&nbsp;<strong>Alojamiento.<\/strong><\/p>\n\n\n\n<p><strong><u>D\u00cdA 12 \u2013 14 DE JUNIO EGILSSTA\u00d0IR \/ AKUREYRI (247 Kms)<\/u><\/strong><\/p>\n\n\n\n<p><strong>Desayuno&nbsp;<\/strong>y comienzo de nuestro viaje hacia el norte de la isla. En nuestro camino podremos visitar otras bonitas cascadas como Dettifoss y seguir disfrutando del espectacular paisaje island\u00e9s. Podremos acercarnos a disfrutar de las&nbsp;<strong>aguas termales<\/strong>&nbsp;provenientes del interior de esta tierra activa que es Islandia. Disfrutaremos de la conocida como&nbsp;<strong>Laguna Azul<\/strong>&nbsp;del Norte, unos ba\u00f1os naturales que nos har\u00e1n relajarnos a la vez que disfrutamos de las vistas sobre el lago. Al terminar, continuamos la visita hacia Dimmuborgir y la&nbsp;<strong>monta\u00f1a de Hverir<\/strong>, con sus pozos de lodo hirviendo y sus fumarolas. Por la tarde, llegaremos hacia nuestro hotel en Akureyri.&nbsp;<strong>Alojamiento.<\/strong><\/p>\n\n\n\n<p><strong><u>D\u00cdA 13 \u2013 15 DE JUNIO AKUREYRI<\/u><\/strong><\/p>\n\n\n\n<p>Tras el&nbsp;<strong>desayuno<\/strong>, saldremos hacia la&nbsp;<strong>cascada de Goddafoss<\/strong>, conocida como \u201cla cascada de los dioses\u201d, es una de las m\u00e1s bellas y simb\u00f3licas de Islandia, ubicada en el norte del pa\u00eds. Tiene una forma de herradura, con una ca\u00edda de 12 metros y un ancho de 30 metros. Esta cascada se encuentra en el&nbsp;<strong>r\u00edo Skj\u00e1lfandaflj\u00f3t<\/strong>, cerca de la carretera Ring Road, entre Akureyri y el lago M\u00fdvatn. Regreso hacia nuestro hotel en Akureyri y tarde libre.&nbsp;<strong>Alojamiento.<\/strong><\/p>\n\n\n\n<p><strong><u>D\u00cdA 14 \u2013 16 DE JUNIO AKUREYRI \/ CARRETERA DEL \u00c1RTICO \/ BORGARNES (314 Kms)<\/u><\/strong><\/p>\n\n\n\n<p>Despu\u00e9s del&nbsp;<strong>desayuno<\/strong>, abandonamos la ciudad de Akureyri y el norte de la isla para dirigirnos hacia el suroeste. En nuestro recorrido, recorreremos la conocida como&nbsp;<strong>Carretera del \u00c1rtico,<\/strong>&nbsp;una ruta esc\u00e9nica de 900 km que recorre la costa norte de Islandia, atravesando paisajes remotos, pueblos pesqueros y maravillas naturales poco visitadas. Pasaremos por lugares tan importantes como&nbsp;<strong>V\u00ed\u00f0im\u00fdrarkirkja<\/strong>, una de las iglesias m\u00e1s antiguas del pa\u00eds. Fue construida en 1834 y representa la arquitectura tradicional islandesa. Tambi\u00e9n, tendremos tiempo para disfrutar de las cascadas de lava o de Barnafoss. Continuamos hacia nuestro hotel en Borgarnes.&nbsp;<strong>Alojamiento.<\/strong><\/p>\n\n\n\n<p><strong><u>D\u00cdA 15 \u2013 17 DE JUNIO BORGARNES \/ PEN\u00cdNSULA DE SNAEFELLSNES \/ REYKJAVIK (75 Kms)<\/u><\/strong><\/p>\n\n\n\n<p><strong>Desayuno<\/strong>&nbsp;y comienzo de nuestra visita a la&nbsp;<strong>Pen\u00ednsula de Snaefellsnes<\/strong>, conocida como \u201cIslandia en miniatura\u201d, ofrece una mezcla perfecta de volcanes, glaciares, playas, acantilados, pueblos pintorescos y leyendas. Alberga el famoso&nbsp;<strong>glaciar Sn\u00e6fellsj\u00f6kull<\/strong>, que inspir\u00f3 a Julio Verne en su novela Viaje al centro de la Tierra.<\/p>\n\n\n\n<p>Visitaremos los&nbsp;<strong>Acantilados de L\u00f3ndragar<\/strong>, son dos imponentes agujas de basalto que se elevan sobre la costa sur de la pen\u00ednsula. Son vestigios de un antiguo volc\u00e1n erosionado y forman parte del Parque Nacional Sn\u00e6fellsj\u00f6kull. Continuamos por la&nbsp;<strong>cascada de Kirkjufell<\/strong>, su belleza radica en la armon\u00eda perfecta entre agua, roca y paisaje. Kirkjufellsfoss no es una cascada de gran tama\u00f1o, pero su ubicaci\u00f3n estrat\u00e9gica frente a la monta\u00f1a c\u00f3nica de Kirkjufell crea una de las postales m\u00e1s emblem\u00e1ticas del pa\u00eds. La combinaci\u00f3n de la cascada en primer plano y la monta\u00f1a al fondo ha sido protagonista de innumerables fotograf\u00edas, calendarios y escenas cinematogr\u00e1ficas, incluyendo Juego de Tronos. Continuaci\u00f3n hacia Reykjavik.&nbsp;<strong>Alojamiento.<\/strong><\/p>\n\n\n\n<p><strong><u>D\u00cdA 16 \u2013 18 DE JUNIO REYKJAVIK \/ C\u00cdRCULO DORADO \/ REYKJAVIK<\/u><\/strong><\/p>\n\n\n\n<p>Tras el&nbsp;<strong>desayuno<\/strong>, comenzaremos nuestro recorrido en direcci\u00f3n hacia el&nbsp;<strong>C\u00edrculo Dorado<\/strong>. En el d\u00eda de hoy, tendremos la oportunidad de pasear por el&nbsp;<strong>Parque Nacional de Thingvellir<\/strong>, donde adem\u00e1s de poder ver la separaci\u00f3n de las Placas Tect\u00f3nicas, tambi\u00e9n aprenderemos sobre la creaci\u00f3n de las bases de la sociedad que hoy en d\u00eda habita la isla. Continuamos hacia el&nbsp;<strong>valle geot\u00e9rmico de Haukadalur<\/strong>, donde podremos ver el&nbsp;<strong>g\u00e9iser Strokkur<\/strong>. Tiempo libre para el almuerzo y por la tarde, visita de la&nbsp;<strong>Cascada de Gullfoss<\/strong>, una de las m\u00e1s espectaculares de la isla. Regreso al hotel en Reykjavik.&nbsp;<strong>Alojamiento.<\/strong><\/p>\n\n\n\n<p><strong><u>D\u00cdA 17 \u2013 19 DE JUNIO REYKJAVIK<\/u><\/strong><\/p>\n\n\n\n<p>Tras el&nbsp;<strong>desayuno<\/strong>, realizaremos una visita a pie por la capital de Islandia y la ciudad m\u00e1s poblada del pa\u00eds, conocida por su vibrante cultura, arquitectura moderna, paisajes costeros. Por la tarde, tiempo libre para compras o descansar.&nbsp;<strong>Alojamiento.<\/strong><\/p>\n\n\n\n<p><strong><u>D\u00cdA 18 \u2013 20 DE JUNIO REYKJAVIK<\/u><\/strong><\/p>\n\n\n\n<p><strong>Desayuno.&nbsp;<\/strong>Por la ma\u00f1ana, dejaremos las habitaciones y tendremos el d\u00eda libre para recorrer la ciudad o tener alguna opcional.&nbsp;<strong>Cena de despedida<\/strong>&nbsp;y a la hora indicada traslado al Aeropuerto de Reykjavik para tomar el&nbsp;<strong>vuelo 1926 de Iberia<\/strong>&nbsp;(sale el 21 de junio por la madrugada) con destino a Madrid y esperamos el&nbsp;<strong>vuelo de conexi\u00f3n IB 107<\/strong>&nbsp;a Ezeiza.&nbsp;<strong>Noche a bordo.<\/strong><\/p>\n\n\n\n<p><strong><u>D\u00cdA 19 \u2013 21 DE JUNIO EZEIZA<\/u><\/strong><\/p>\n\n\n\n<p>Todo el d\u00eda en vuelo y por la noche llegada a Ezeiza.<\/p>\n\n\n\n<p>FIN DE NUESTROS SERVICIOS<\/p>\n\n\n\n<p><strong>EXCURSIONES<\/strong><\/p>\n\n\n\n<p>\u2022&nbsp;<strong>Visita guiada a las ciudades:<\/strong>&nbsp;Oslo, Bergen y Reykjavik.<\/p>\n\n\n\n<p>\u2022&nbsp;Excursi\u00f3n en el&nbsp;<strong>Tren de Rauma&nbsp;<\/strong>atravesando el Puente Kylling y el acantilado Trollveggen.<\/p>\n\n\n\n<p>\u2022&nbsp;Excursi\u00f3n por la&nbsp;<strong>Carretera de Monta\u00f1a del Troll.<\/strong><\/p>\n\n\n\n<p>\u2022&nbsp;<strong>Subiremos en el famoso telef\u00e9rico de Loen<\/strong>&nbsp;para visualizar los Fiordos.<\/p>\n\n\n\n<p>\u2022&nbsp;Excursi\u00f3n en barco por el&nbsp;<strong>Fiordo de los Sue\u00f1os.<\/strong><\/p>\n\n\n\n<p>\u2022&nbsp;Paseo en barco por la&nbsp;<strong>laguna glaciar J\u00f6kuls\u00e1rl\u00f3n.<\/strong><\/p>\n\n\n\n<p>\u2022&nbsp;Entrada a las<strong>&nbsp;aguas termales&nbsp;<\/strong>de la<strong>&nbsp;Laguna Azul.<\/strong><\/p>\n\n\n\n<p>\u2022&nbsp;Excursi\u00f3n de d\u00eda completo a la&nbsp;<strong>Pen\u00ednsula de Snaefellsnes<\/strong>, con entrada al Parque Nacional.<\/p>\n\n\n\n<p>\u2022&nbsp;Excursi\u00f3n de d\u00eda completo al&nbsp;<strong>C\u00edrculo Dorado.<\/strong><\/p>\n\n\n\n<p><strong>DETALLE DE LOS VUELOS<\/strong><\/p>\n\n\n\n<p>IB 102&nbsp;03JUN EZEMAD 1300&nbsp;0540 04JUN<\/p>\n\n\n\n<p>IB 953 04JUN MADOSL 1030&nbsp;1415 04JUN<\/p>\n\n\n\n<p>IB 1926 21JUN KEFMAD 0130 0755 21JUN<\/p>\n\n\n\n<p>IB 107 21JUN MADEZE 1215&nbsp;1955 21JUN<\/p>\n\n\n\n<p>Equipaje permitido: Incluye 1 equipaje en bodega 23 Kg y equipaje de mano 10 Kg.<\/p>\n\n\n\n<p>Vuelos confirmados por Iberia sujetos a modificaci\u00f3n y reconfirmaci\u00f3n por la compa\u00f1\u00eda a\u00e9rea.<\/p>\n\n\n\n<p><\/p>\n\n\n\n<p><strong>Hoteles de 3&nbsp;y 4&nbsp;estrellas:<\/strong><\/p>\n\n\n\n<p>Oslo (1 Noche): Hotel Thon Terminus<br>Otta (1 Noche): Thon Partner Hotel Otta<br>\u00c5lesund (2 Noches): Hotel Comfort&nbsp;\u00c5lesund<br>F\u00f8rde (1 Noche):&nbsp;Scandic Sunnfjord Hotel &amp; Spa<br>Bergen (2 Noches):&nbsp;Comfort Hotel Bergen<br>Selfoss (1 Noche): Hotel Selfoss<br>\u00dej\u00f3\u00f0vegur (1 Noche):&nbsp;Hotel Smyrlabj\u00f6rg<br>Egilssta\u00f0ir (1 Noche):&nbsp;Hotel 1001 Nott<br>Akureyri (2 Noches): Hotel Halond<br>Borgarnes (1 Noche): Hotel Vesturland<br>Reykjavik (3 Noches): Center Hotels Plaza <\/p>\n\n\n\n<p><strong>NO INCLUYE:<\/strong><\/p>\n\n\n\n<p><\/p>\n\n\n\n<p>\u2022&nbsp;Cualquier almuerzo o cena no mencionada en el programa.<br>\u2022&nbsp;Extras y gastos personales.<br>\u2022&nbsp;Cualquier excursi\u00f3n opcional.<br>\u2022&nbsp;Propinas no obligatorias.<br>\u2022&nbsp;Maleteros.<br>\u2022&nbsp;Bebidas no incluidas.<br>\u2022&nbsp;Asignaci\u00f3n de asientos (el costo lo determina la compa\u00f1\u00eda a\u00e9rea).<br>\u2022&nbsp;Suplemento de asistencia para pasajeros mayores de 70 a\u00f1os: El suplemento asistencia al viajero pasajeros 71 \u2013 85 a\u00f1os: 120 USD P.PAX (con&nbsp;seguro de cancelaci\u00f3n). <\/p>\n\n\n\n<p><strong>REQUISITOS<\/strong><\/p>\n\n\n\n<p>\u2022&nbsp;Pasaporte vigente y en buenas condiciones, con hojas libres para sellados migratorios y vigencia m\u00ednima 6 meses desde la fecha de regreso a Argentina.<\/p>\n\n\n\n<p><strong>PRECIO POR PERSONA EN BASE DOBLE USD 11.000<\/strong><\/p>\n\n\n\n<p><\/p>\n","protected":false},"excerpt":{"rendered":"<p>Un viaje que atraviesa algunos de los paisajes m\u00e1s impactantes del norte de Europa, <\/p>\n","protected":false},"author":2,"featured_media":156445,"comment_status":"closed","ping_status":"open","sticky":false,"template":"","format":"standard","meta":{"_acf_changed":false,"footnotes":""},"categories":[9,5],"tags":[703,426,851,311,725,80],"class_list":["post-156431","post","type-post","status-publish","format-standard","has-post-thumbnail","hentry","category-exoticos","category-paquetes","tag-703","tag-fiordos","tag-fiordos-del-norte","tag-islandia","tag-oslo","tag-salidas-grupales","category-9","category-5","description-off"],"acf":[],"yoast_head":"<!-- This site is optimized with the Yoast SEO plugin v28.4 - https:\/\/yoast.com\/product\/yoast-seo-wordpress\/ -->\n<title>FIORDOS DEL NORTE &amp; ISLANDIA -2026 - Basa<\/title>\n<meta name=\"robots\" content=\"index, follow, max-snippet:-1, max-image-preview:large, max-video-preview:-1\" \/>\n<link rel=\"canonical\" href=\"https:\/\/basaworldtravel.com.ar\/sitio\/2026\/04\/fiordos-del-norte-islandia-2026\/\" \/>\n<meta property=\"og:locale\" content=\"es_ES\" \/>\n<meta property=\"og:type\" content=\"article\" \/>\n<meta property=\"og:title\" content=\"FIORDOS DEL NORTE &amp; ISLANDIA -2026 - Basa\" \/>\n<meta property=\"og:description\" content=\"Un viaje que atraviesa algunos de los paisajes m\u00e1s impactantes del norte de Europa,\" \/>\n<meta property=\"og:url\" content=\"https:\/\/basaworldtravel.com.ar\/sitio\/2026\/04\/fiordos-del-norte-islandia-2026\/\" \/>\n<meta property=\"og:site_name\" content=\"Basa\" \/>\n<meta property=\"article:published_time\" content=\"2026-04-20T10:22:30+00:00\" \/>\n<meta property=\"article:modified_time\" content=\"2026-04-30T15:47:21+00:00\" \/>\n<meta property=\"og:image\" content=\"https:\/\/basaworldtravel.com.ar\/sitio\/wp-content\/uploads\/2026\/04\/9887_Islas_Lofoten_Fiordos_del_Sur_-_Noruega.jpg\" \/>\n\t<meta property=\"og:image:width\" content=\"275\" \/>\n\t<meta property=\"og:image:height\" content=\"305\" \/>\n\t<meta property=\"og:image:type\" content=\"image\/jpeg\" \/>\n<meta name=\"author\" content=\"BasaWeb\" \/>\n<meta name=\"twitter:card\" content=\"summary_large_image\" \/>\n<meta name=\"twitter:label1\" content=\"Escrito por\" \/>\n\t<meta name=\"twitter:data1\" content=\"BasaWeb\" \/>\n\t<meta name=\"twitter:label2\" content=\"Tiempo de lectura\" \/>\n\t<meta name=\"twitter:data2\" content=\"12 minutos\" \/>\n<script type=\"application\/ld+json\" class=\"yoast-schema-graph\">{\"@context\":\"https:\\\/\\\/schema.org\",\"@graph\":[{\"@type\":\"Article\",\"@id\":\"https:\\\/\\\/basaworldtravel.com.ar\\\/sitio\\\/2026\\\/04\\\/fiordos-del-norte-islandia-2026\\\/#article\",\"isPartOf\":{\"@id\":\"https:\\\/\\\/basaworldtravel.com.ar\\\/sitio\\\/2026\\\/04\\\/fiordos-del-norte-islandia-2026\\\/\"},\"author\":{\"name\":\"BasaWeb\",\"@id\":\"https:\\\/\\\/basaworldtravel.com.ar\\\/sitio\\\/#\\\/schema\\\/person\\\/d89b1d641794d338c41cd3818beabd4c\"},\"headline\":\"FIORDOS DEL NORTE &amp; ISLANDIA -2026\",\"datePublished\":\"2026-04-20T10:22:30+00:00\",\"dateModified\":\"2026-04-30T15:47:21+00:00\",\"mainEntityOfPage\":{\"@id\":\"https:\\\/\\\/basaworldtravel.com.ar\\\/sitio\\\/2026\\\/04\\\/fiordos-del-norte-islandia-2026\\\/\"},\"wordCount\":2627,\"image\":{\"@id\":\"https:\\\/\\\/basaworldtravel.com.ar\\\/sitio\\\/2026\\\/04\\\/fiordos-del-norte-islandia-2026\\\/#primaryimage\"},\"thumbnailUrl\":\"https:\\\/\\\/basaworldtravel.com.ar\\\/sitio\\\/wp-content\\\/uploads\\\/2026\\\/04\\\/9887_Islas_Lofoten_Fiordos_del_Sur_-_Noruega.jpg\",\"keywords\":[\"2026\",\"fiordos\",\"FIORDOS DEL NORTE\",\"islandia\",\"OSLO\",\"SALIDAS GRUPALES\"],\"articleSection\":[\"Exoticos\",\"Paquetes\"],\"inLanguage\":\"es\"},{\"@type\":\"WebPage\",\"@id\":\"https:\\\/\\\/basaworldtravel.com.ar\\\/sitio\\\/2026\\\/04\\\/fiordos-del-norte-islandia-2026\\\/\",\"url\":\"https:\\\/\\\/basaworldtravel.com.ar\\\/sitio\\\/2026\\\/04\\\/fiordos-del-norte-islandia-2026\\\/\",\"name\":\"FIORDOS DEL NORTE &amp; ISLANDIA -2026 - Basa\",\"isPartOf\":{\"@id\":\"https:\\\/\\\/basaworldtravel.com.ar\\\/sitio\\\/#website\"},\"primaryImageOfPage\":{\"@id\":\"https:\\\/\\\/basaworldtravel.com.ar\\\/sitio\\\/2026\\\/04\\\/fiordos-del-norte-islandia-2026\\\/#primaryimage\"},\"image\":{\"@id\":\"https:\\\/\\\/basaworldtravel.com.ar\\\/sitio\\\/2026\\\/04\\\/fiordos-del-norte-islandia-2026\\\/#primaryimage\"},\"thumbnailUrl\":\"https:\\\/\\\/basaworldtravel.com.ar\\\/sitio\\\/wp-content\\\/uploads\\\/2026\\\/04\\\/9887_Islas_Lofoten_Fiordos_del_Sur_-_Noruega.jpg\",\"datePublished\":\"2026-04-20T10:22:30+00:00\",\"dateModified\":\"2026-04-30T15:47:21+00:00\",\"author\":{\"@id\":\"https:\\\/\\\/basaworldtravel.com.ar\\\/sitio\\\/#\\\/schema\\\/person\\\/d89b1d641794d338c41cd3818beabd4c\"},\"breadcrumb\":{\"@id\":\"https:\\\/\\\/basaworldtravel.com.ar\\\/sitio\\\/2026\\\/04\\\/fiordos-del-norte-islandia-2026\\\/#breadcrumb\"},\"inLanguage\":\"es\",\"potentialAction\":[{\"@type\":\"ReadAction\",\"target\":[\"https:\\\/\\\/basaworldtravel.com.ar\\\/sitio\\\/2026\\\/04\\\/fiordos-del-norte-islandia-2026\\\/\"]}]},{\"@type\":\"ImageObject\",\"inLanguage\":\"es\",\"@id\":\"https:\\\/\\\/basaworldtravel.com.ar\\\/sitio\\\/2026\\\/04\\\/fiordos-del-norte-islandia-2026\\\/#primaryimage\",\"url\":\"https:\\\/\\\/basaworldtravel.com.ar\\\/sitio\\\/wp-content\\\/uploads\\\/2026\\\/04\\\/9887_Islas_Lofoten_Fiordos_del_Sur_-_Noruega.jpg\",\"contentUrl\":\"https:\\\/\\\/basaworldtravel.com.ar\\\/sitio\\\/wp-content\\\/uploads\\\/2026\\\/04\\\/9887_Islas_Lofoten_Fiordos_del_Sur_-_Noruega.jpg\",\"width\":275,\"height\":305},{\"@type\":\"BreadcrumbList\",\"@id\":\"https:\\\/\\\/basaworldtravel.com.ar\\\/sitio\\\/2026\\\/04\\\/fiordos-del-norte-islandia-2026\\\/#breadcrumb\",\"itemListElement\":[{\"@type\":\"ListItem\",\"position\":1,\"name\":\"Portada\",\"item\":\"https:\\\/\\\/basaworldtravel.com.ar\\\/sitio\\\/\"},{\"@type\":\"ListItem\",\"position\":2,\"name\":\"FIORDOS DEL NORTE &amp; ISLANDIA -2026\"}]},{\"@type\":\"WebSite\",\"@id\":\"https:\\\/\\\/basaworldtravel.com.ar\\\/sitio\\\/#website\",\"url\":\"https:\\\/\\\/basaworldtravel.com.ar\\\/sitio\\\/\",\"name\":\"Basa\",\"description\":\"World Travel\",\"potentialAction\":[{\"@type\":\"SearchAction\",\"target\":{\"@type\":\"EntryPoint\",\"urlTemplate\":\"https:\\\/\\\/basaworldtravel.com.ar\\\/sitio\\\/?s={search_term_string}\"},\"query-input\":{\"@type\":\"PropertyValueSpecification\",\"valueRequired\":true,\"valueName\":\"search_term_string\"}}],\"inLanguage\":\"es\"},{\"@type\":\"Person\",\"@id\":\"https:\\\/\\\/basaworldtravel.com.ar\\\/sitio\\\/#\\\/schema\\\/person\\\/d89b1d641794d338c41cd3818beabd4c\",\"name\":\"BasaWeb\",\"image\":{\"@type\":\"ImageObject\",\"inLanguage\":\"es\",\"@id\":\"https:\\\/\\\/secure.gravatar.com\\\/avatar\\\/13e699648957af0aba903942fee2a1fc533d92bcd43fcf375a4df1edc2708698?s=96&d=mm&r=g\",\"url\":\"https:\\\/\\\/secure.gravatar.com\\\/avatar\\\/13e699648957af0aba903942fee2a1fc533d92bcd43fcf375a4df1edc2708698?s=96&d=mm&r=g\",\"contentUrl\":\"https:\\\/\\\/secure.gravatar.com\\\/avatar\\\/13e699648957af0aba903942fee2a1fc533d92bcd43fcf375a4df1edc2708698?s=96&d=mm&r=g\",\"caption\":\"BasaWeb\"},\"url\":\"https:\\\/\\\/basaworldtravel.com.ar\\\/sitio\\\/author\\\/basaweb\\\/\"}]}<\/script>\n<!-- \/ Yoast SEO plugin. -->","yoast_head_json":{"title":"FIORDOS DEL NORTE &amp; ISLANDIA -2026 - Basa","robots":{"index":"index","follow":"follow","max-snippet":"max-snippet:-1","max-image-preview":"max-image-preview:large","max-video-preview":"max-video-preview:-1"},"canonical":"https:\/\/basaworldtravel.com.ar\/sitio\/2026\/04\/fiordos-del-norte-islandia-2026\/","og_locale":"es_ES","og_type":"article","og_title":"FIORDOS DEL NORTE &amp; ISLANDIA -2026 - Basa","og_description":"Un viaje que atraviesa algunos de los paisajes m\u00e1s impactantes del norte de Europa,","og_url":"https:\/\/basaworldtravel.com.ar\/sitio\/2026\/04\/fiordos-del-norte-islandia-2026\/","og_site_name":"Basa","article_published_time":"2026-04-20T10:22:30+00:00","article_modified_time":"2026-04-30T15:47:21+00:00","og_image":[{"width":275,"height":305,"url":"https:\/\/basaworldtravel.com.ar\/sitio\/wp-content\/uploads\/2026\/04\/9887_Islas_Lofoten_Fiordos_del_Sur_-_Noruega.jpg","type":"image\/jpeg"}],"author":"BasaWeb","twitter_card":"summary_large_image","twitter_misc":{"Escrito por":"BasaWeb","Tiempo de lectura":"12 minutos"},"schema":{"@context":"https:\/\/schema.org","@graph":[{"@type":"Article","@id":"https:\/\/basaworldtravel.com.ar\/sitio\/2026\/04\/fiordos-del-norte-islandia-2026\/#article","isPartOf":{"@id":"https:\/\/basaworldtravel.com.ar\/sitio\/2026\/04\/fiordos-del-norte-islandia-2026\/"},"author":{"name":"BasaWeb","@id":"https:\/\/basaworldtravel.com.ar\/sitio\/#\/schema\/person\/d89b1d641794d338c41cd3818beabd4c"},"headline":"FIORDOS DEL NORTE &amp; ISLANDIA -2026","datePublished":"2026-04-20T10:22:30+00:00","dateModified":"2026-04-30T15:47:21+00:00","mainEntityOfPage":{"@id":"https:\/\/basaworldtravel.com.ar\/sitio\/2026\/04\/fiordos-del-norte-islandia-2026\/"},"wordCount":2627,"image":{"@id":"https:\/\/basaworldtravel.com.ar\/sitio\/2026\/04\/fiordos-del-norte-islandia-2026\/#primaryimage"},"thumbnailUrl":"https:\/\/basaworldtravel.com.ar\/sitio\/wp-content\/uploads\/2026\/04\/9887_Islas_Lofoten_Fiordos_del_Sur_-_Noruega.jpg","keywords":["2026","fiordos","FIORDOS DEL NORTE","islandia","OSLO","SALIDAS GRUPALES"],"articleSection":["Exoticos","Paquetes"],"inLanguage":"es"},{"@type":"WebPage","@id":"https:\/\/basaworldtravel.com.ar\/sitio\/2026\/04\/fiordos-del-norte-islandia-2026\/","url":"https:\/\/basaworldtravel.com.ar\/sitio\/2026\/04\/fiordos-del-norte-islandia-2026\/","name":"FIORDOS DEL NORTE &amp; ISLANDIA -2026 - Basa","isPartOf":{"@id":"https:\/\/basaworldtravel.com.ar\/sitio\/#website"},"primaryImageOfPage":{"@id":"https:\/\/basaworldtravel.com.ar\/sitio\/2026\/04\/fiordos-del-norte-islandia-2026\/#primaryimage"},"image":{"@id":"https:\/\/basaworldtravel.com.ar\/sitio\/2026\/04\/fiordos-del-norte-islandia-2026\/#primaryimage"},"thumbnailUrl":"https:\/\/basaworldtravel.com.ar\/sitio\/wp-content\/uploads\/2026\/04\/9887_Islas_Lofoten_Fiordos_del_Sur_-_Noruega.jpg","datePublished":"2026-04-20T10:22:30+00:00","dateModified":"2026-04-30T15:47:21+00:00","author":{"@id":"https:\/\/basaworldtravel.com.ar\/sitio\/#\/schema\/person\/d89b1d641794d338c41cd3818beabd4c"},"breadcrumb":{"@id":"https:\/\/basaworldtravel.com.ar\/sitio\/2026\/04\/fiordos-del-norte-islandia-2026\/#breadcrumb"},"inLanguage":"es","potentialAction":[{"@type":"ReadAction","target":["https:\/\/basaworldtravel.com.ar\/sitio\/2026\/04\/fiordos-del-norte-islandia-2026\/"]}]},{"@type":"ImageObject","inLanguage":"es","@id":"https:\/\/basaworldtravel.com.ar\/sitio\/2026\/04\/fiordos-del-norte-islandia-2026\/#primaryimage","url":"https:\/\/basaworldtravel.com.ar\/sitio\/wp-content\/uploads\/2026\/04\/9887_Islas_Lofoten_Fiordos_del_Sur_-_Noruega.jpg","contentUrl":"https:\/\/basaworldtravel.com.ar\/sitio\/wp-content\/uploads\/2026\/04\/9887_Islas_Lofoten_Fiordos_del_Sur_-_Noruega.jpg","width":275,"height":305},{"@type":"BreadcrumbList","@id":"https:\/\/basaworldtravel.com.ar\/sitio\/2026\/04\/fiordos-del-norte-islandia-2026\/#breadcrumb","itemListElement":[{"@type":"ListItem","position":1,"name":"Portada","item":"https:\/\/basaworldtravel.com.ar\/sitio\/"},{"@type":"ListItem","position":2,"name":"FIORDOS DEL NORTE &amp; ISLANDIA -2026"}]},{"@type":"WebSite","@id":"https:\/\/basaworldtravel.com.ar\/sitio\/#website","url":"https:\/\/basaworldtravel.com.ar\/sitio\/","name":"Basa","description":"World Travel","potentialAction":[{"@type":"SearchAction","target":{"@type":"EntryPoint","urlTemplate":"https:\/\/basaworldtravel.com.ar\/sitio\/?s={search_term_string}"},"query-input":{"@type":"PropertyValueSpecification","valueRequired":true,"valueName":"search_term_string"}}],"inLanguage":"es"},{"@type":"Person","@id":"https:\/\/basaworldtravel.com.ar\/sitio\/#\/schema\/person\/d89b1d641794d338c41cd3818beabd4c","name":"BasaWeb","image":{"@type":"ImageObject","inLanguage":"es","@id":"https:\/\/secure.gravatar.com\/avatar\/13e699648957af0aba903942fee2a1fc533d92bcd43fcf375a4df1edc2708698?s=96&d=mm&r=g","url":"https:\/\/secure.gravatar.com\/avatar\/13e699648957af0aba903942fee2a1fc533d92bcd43fcf375a4df1edc2708698?s=96&d=mm&r=g","contentUrl":"https:\/\/secure.gravatar.com\/avatar\/13e699648957af0aba903942fee2a1fc533d92bcd43fcf375a4df1edc2708698?s=96&d=mm&r=g","caption":"BasaWeb"},"url":"https:\/\/basaworldtravel.com.ar\/sitio\/author\/basaweb\/"}]}},"_links":{"self":[{"href":"https:\/\/basaworldtravel.com.ar\/sitio\/wp-json\/wp\/v2\/posts\/156431","targetHints":{"allow":["GET"]}}],"collection":[{"href":"https:\/\/basaworldtravel.com.ar\/sitio\/wp-json\/wp\/v2\/posts"}],"about":[{"href":"https:\/\/basaworldtravel.com.ar\/sitio\/wp-json\/wp\/v2\/types\/post"}],"author":[{"embeddable":true,"href":"https:\/\/basaworldtravel.com.ar\/sitio\/wp-json\/wp\/v2\/users\/2"}],"replies":[{"embeddable":true,"href":"https:\/\/basaworldtravel.com.ar\/sitio\/wp-json\/wp\/v2\/comments?post=156431"}],"version-history":[{"count":4,"href":"https:\/\/basaworldtravel.com.ar\/sitio\/wp-json\/wp\/v2\/posts\/156431\/revisions"}],"predecessor-version":[{"id":156448,"href":"https:\/\/basaworldtravel.com.ar\/sitio\/wp-json\/wp\/v2\/posts\/156431\/revisions\/156448"}],"wp:featuredmedia":[{"embeddable":true,"href":"https:\/\/basaworldtravel.com.ar\/sitio\/wp-json\/wp\/v2\/media\/156445"}],"wp:attachment":[{"href":"https:\/\/basaworldtravel.com.ar\/sitio\/wp-json\/wp\/v2\/media?parent=156431"}],"wp:term":[{"taxonomy":"category","embeddable":true,"href":"https:\/\/basaworldtravel.com.ar\/sitio\/wp-json\/wp\/v2\/categories?post=156431"},{"taxonomy":"post_tag","embeddable":true,"href":"https:\/\/basaworldtravel.com.ar\/sitio\/wp-json\/wp\/v2\/tags?post=156431"}],"curies":[{"name":"wp","href":"https:\/\/api.w.org\/{rel}","templated":true}]}}