{"id":156417,"date":"2026-04-15T10:08:28","date_gmt":"2026-04-15T13:08:28","guid":{"rendered":"https:\/\/basaworldtravel.com.ar\/?p=156417"},"modified":"2026-04-30T12:47:28","modified_gmt":"2026-04-30T15:47:28","slug":"parque-de-la-costa-julio-2026","status":"publish","type":"post","link":"https:\/\/basaworldtravel.com.ar\/sitio\/2026\/04\/parque-de-la-costa-julio-2026\/","title":{"rendered":"PARQUE DE LA COSTA-JULIO 2026"},"content":{"rendered":"\n<p>Salidas 04, 11 y 18  Julio 2026<\/p>\n\n\n\n<ul class=\"wp-block-list\">\n<li>Bus semicama-  Adicional en butaca inferior del bus Piso inferior$40.000 por persona <\/li>\n\n\n\n<li>Coordinador en viaje<\/li>\n\n\n\n<li>Asistencia al viajero<\/li>\n\n\n\n<li>Servicio a bordo est\u00e1ndar<\/li>\n\n\n\n<li>EXCURSIONES  <strong>Incluye Pasaporte Full<\/strong><\/li>\n<\/ul>\n\n\n\n<hr class=\"wp-block-separator has-alpha-channel-opacity\"\/>\n\n\n\n<p><strong>Infantiles:<\/strong>&nbsp;Carrousel Musical \u2013 Chiquitren \u2013 El Canguro \u2013 Elefantes Voladores \u2013 Plaza blanda \u2013 Mini Barco Pirata \u2013 Mini Convoy \u2013 Mini Sillas \u2013 Voladoras \u2013 Mini Tazas \u2013 Mini Jet \u2013 Panda y Mico \u2013 Vuelo en Globo \u2013 Vuelta en Carreta.<\/p>\n\n\n\n<hr class=\"wp-block-separator has-alpha-channel-opacity\"\/>\n\n\n\n<p><strong>Familiares:<\/strong>&nbsp;Autos Chocadores \u2013 Baile de las Tazas \u2013 Carrousel \u2013 La Cueva de los Dinos \u2013 La Maldici\u00f3n de Anubis \u2013 Orcas voladoras \u2013 Samba \u2013 Vuelta al Mundo.<\/p>\n\n\n\n<hr class=\"wp-block-separator has-alpha-channel-opacity\"\/>\n\n\n\n<p><strong>Adrenalina:<\/strong>&nbsp;Capit\u00e1n Pira\u00f1a \u2013 Barco \u2013 Desorbitados \u2013 Infierno \u2013 Monta\u00f1a Rusa Boomerang \u2013 Monta\u00f1a Rusa Desaf\u00edo \u2013 Monta\u00f1a Rusa Saltos del Delta \u2013 Monta\u00f1a Rusa Torbellino \u2013 Monta\u00f1a Rusa El Vig\u00eda \u2013 Sillas voladoras \u2013 Pendulum.<\/p>\n\n\n\n<p><strong>$150.000<\/strong> Por Adulto <\/p>\n\n\n\n<p>\u00a0<strong>$120.000<\/strong> por ni\u00f1o<\/p>\n\n\n\n<p>Tarifas por personas abonando en efectivo<\/p>\n\n\n\n<p><strong>Observaciones:<\/strong><\/p>\n\n\n\n<ul class=\"wp-block-list\">\n<li>Fecha de salida corresponde al d\u00eda\u00a0<strong>del servicio.<\/strong><\/li>\n\n\n\n<li>Se debe informar debidamente al pasajero d\u00eda correcto de salida para evitar errores y\/o confusiones.<\/li>\n\n\n\n<li>Se aconseja informar correctamente a los pasajeros sobre la\u00a0<strong>larga duraci\u00f3n de los recorridos terrestres.<\/strong><\/li>\n\n\n\n<li>Se exige\u00a0<strong>documentaci\u00f3n en regla<\/strong>\u00a0para el embarque, sin excepci\u00f3n.<\/li>\n\n\n\n<li>Valores de excursiones opcionales son de\u00a0<strong>referencia<\/strong>\u00a0y est\u00e1n sujetas a variaciones sin previo aviso y cada prestador.<\/li>\n\n\n\n<li>Para tarifas especiales con descuento para menores y jubilados, se podr\u00e1 solicitar al ingreso del parque la documentaci\u00f3n correspondiente para acreditar su veracidad.<\/li>\n<\/ul>\n\n\n\n<p><strong>Condiciones<\/strong><strong>&nbsp;Generales:<\/strong><\/p>\n\n\n\n<ul class=\"wp-block-list\">\n<li>Tarifas v\u00e1lidas de\u00a0<strong>Mayo a Junio 2026<\/strong>, expresadas en pesos argentinos por pasajero, m\u00e1s impuestos, en base seg\u00fan elecci\u00f3n, sujetas a cambios sin previo aviso.<br>Las tarifas ya est\u00e1n bonificadas para pago contado efectivo. Comisionables seg\u00fan convenio.<\/li>\n\n\n\n<li>Incluye servicio a bordo est\u00e1ndar.<\/li>\n\n\n\n<li><strong>No incluye<\/strong>\u00a0servicios\u00a0<strong>no<\/strong>\u00a0especificados.<\/li>\n\n\n\n<li>Embarque sujeto a\u00a0<strong>documentaci\u00f3n en regla<\/strong>.<\/li>\n\n\n\n<li>R\u00e9gimen de pensi\u00f3n\u00a0<strong>no incluye<\/strong>\u00a0bebidas.<\/li>\n\n\n\n<li>Unidad de bus semicama SEMICAMA = 58 \u00f3 60 \u00f3 62 y butacas en piso inferior con cupo limitado.<\/li>\n\n\n\n<li>Se recomienda ver\u00a0<a href=\"https:\/\/stloperador.com.ar\/legales\/\">Condiciones Generales<\/a>.<\/li>\n<\/ul>\n\n\n\n<p><strong>Condiciones<\/strong><strong>&nbsp;Menores:<\/strong><\/p>\n\n\n\n<ul class=\"wp-block-list\">\n<li>INFOA Menor de 0 a 2 a\u00f1os inclusive sin cargo sin servicio, s\u00f3lo abona seguro (compartiendo servicio con m\u00ednimo de 1 Adulto pagante).<\/li>\n\n\n\n<li>CHILD menor de 3 a 10 a\u00f1os inclusive, abona tarifa especial. 11 a\u00f1os cumplidos, abona como adulto el 100% de la tarifa.<\/li>\n\n\n\n<li>Valor de s\u00f3lo\u00a0<strong>butaca semicama<\/strong>\u00a0para menores de 0 a 3 a\u00f1os\u00a0<strong>$140.000<\/strong>\u00a0. Consultar antes de ingresar la reserva.<\/li>\n\n\n\n<li>Seguro de asistencia nacional para INFOA\u00a0<strong>$20.000 .<\/strong><\/li>\n<\/ul>\n\n\n\n<p><a href=\"https:\/\/stloperador.com.ar\/producto-stl\/parque-de-la-costa-inv-26\/#elementor-action%3Aaction%3Doff_canvas%3Aopen%26settings%3DeyJpZCI6IjQ1ZmExYTAiLCJkaXNwbGF5TW9kZSI6Im9wZW4ifQ%3D%3D\"><\/a><\/p>\n","protected":false},"excerpt":{"rendered":"<p>Monta\u00f1as rusas, juegos, espect\u00e1culos y actividades para grandes y chicos te esperan para pasar un d\u00eda inolvidable. <\/p>\n","protected":false},"author":2,"featured_media":395,"comment_status":"closed","ping_status":"open","sticky":false,"template":"","format":"standard","meta":{"_acf_changed":false,"footnotes":""},"categories":[6,5],"tags":[703,16,88,105,262,850,80,128],"class_list":["post-156417","post","type-post","status-publish","format-standard","has-post-thumbnail","hentry","category-argentina","category-paquetes","tag-703","tag-argentina","tag-buenos-aires","tag-julio","tag-ninos","tag-parque-de-la-costa","tag-salidas-grupales","tag-vacaciones","category-6","category-5","description-off"],"acf":[],"yoast_head":"<!-- This site is optimized with the Yoast SEO plugin v28.4 - https:\/\/yoast.com\/product\/yoast-seo-wordpress\/ -->\n<title>PARQUE DE LA COSTA-JULIO 2026 - Basa<\/title>\n<meta name=\"robots\" content=\"index, follow, max-snippet:-1, max-image-preview:large, max-video-preview:-1\" \/>\n<link rel=\"canonical\" href=\"https:\/\/basaworldtravel.com.ar\/sitio\/2026\/04\/parque-de-la-costa-julio-2026\/\" \/>\n<meta property=\"og:locale\" content=\"es_ES\" \/>\n<meta property=\"og:type\" content=\"article\" \/>\n<meta property=\"og:title\" content=\"PARQUE DE LA COSTA-JULIO 2026 - Basa\" \/>\n<meta property=\"og:description\" content=\"Monta\u00f1as rusas, juegos, espect\u00e1culos y actividades para grandes y chicos te esperan para pasar un d\u00eda inolvidable.\" \/>\n<meta property=\"og:url\" content=\"https:\/\/basaworldtravel.com.ar\/sitio\/2026\/04\/parque-de-la-costa-julio-2026\/\" \/>\n<meta property=\"og:site_name\" content=\"Basa\" \/>\n<meta property=\"article:published_time\" content=\"2026-04-15T13:08:28+00:00\" \/>\n<meta property=\"article:modified_time\" content=\"2026-04-30T15:47:28+00:00\" \/>\n<meta property=\"og:image\" content=\"https:\/\/basaworldtravel.com.ar\/sitio\/wp-content\/uploads\/2021\/10\/parque-de-la-costa-1280x720-1.jpg\" \/>\n\t<meta property=\"og:image:width\" content=\"1280\" \/>\n\t<meta property=\"og:image:height\" content=\"720\" \/>\n\t<meta property=\"og:image:type\" content=\"image\/jpeg\" \/>\n<meta name=\"author\" content=\"BasaWeb\" \/>\n<meta name=\"twitter:card\" content=\"summary_large_image\" \/>\n<meta name=\"twitter:label1\" content=\"Escrito por\" \/>\n\t<meta name=\"twitter:data1\" content=\"BasaWeb\" \/>\n\t<meta name=\"twitter:label2\" content=\"Tiempo de lectura\" \/>\n\t<meta name=\"twitter:data2\" content=\"2 minutos\" \/>\n<script type=\"application\/ld+json\" class=\"yoast-schema-graph\">{\"@context\":\"https:\\\/\\\/schema.org\",\"@graph\":[{\"@type\":\"Article\",\"@id\":\"https:\\\/\\\/basaworldtravel.com.ar\\\/sitio\\\/2026\\\/04\\\/parque-de-la-costa-julio-2026\\\/#article\",\"isPartOf\":{\"@id\":\"https:\\\/\\\/basaworldtravel.com.ar\\\/sitio\\\/2026\\\/04\\\/parque-de-la-costa-julio-2026\\\/\"},\"author\":{\"name\":\"BasaWeb\",\"@id\":\"https:\\\/\\\/basaworldtravel.com.ar\\\/sitio\\\/#\\\/schema\\\/person\\\/d89b1d641794d338c41cd3818beabd4c\"},\"headline\":\"PARQUE DE LA COSTA-JULIO 2026\",\"datePublished\":\"2026-04-15T13:08:28+00:00\",\"dateModified\":\"2026-04-30T15:47:28+00:00\",\"mainEntityOfPage\":{\"@id\":\"https:\\\/\\\/basaworldtravel.com.ar\\\/sitio\\\/2026\\\/04\\\/parque-de-la-costa-julio-2026\\\/\"},\"wordCount\":396,\"image\":{\"@id\":\"https:\\\/\\\/basaworldtravel.com.ar\\\/sitio\\\/2026\\\/04\\\/parque-de-la-costa-julio-2026\\\/#primaryimage\"},\"thumbnailUrl\":\"https:\\\/\\\/basaworldtravel.com.ar\\\/sitio\\\/wp-content\\\/uploads\\\/2021\\\/10\\\/parque-de-la-costa-1280x720-1.jpg\",\"keywords\":[\"2026\",\"ARGENTINA\",\"BUENOS AIRES\",\"JULIO\",\"NI\u00d1OS\",\"Parque de la costa\",\"SALIDAS GRUPALES\",\"vacaciones\"],\"articleSection\":[\"Argentina\",\"Paquetes\"],\"inLanguage\":\"es\"},{\"@type\":\"WebPage\",\"@id\":\"https:\\\/\\\/basaworldtravel.com.ar\\\/sitio\\\/2026\\\/04\\\/parque-de-la-costa-julio-2026\\\/\",\"url\":\"https:\\\/\\\/basaworldtravel.com.ar\\\/sitio\\\/2026\\\/04\\\/parque-de-la-costa-julio-2026\\\/\",\"name\":\"PARQUE DE LA COSTA-JULIO 2026 - Basa\",\"isPartOf\":{\"@id\":\"https:\\\/\\\/basaworldtravel.com.ar\\\/sitio\\\/#website\"},\"primaryImageOfPage\":{\"@id\":\"https:\\\/\\\/basaworldtravel.com.ar\\\/sitio\\\/2026\\\/04\\\/parque-de-la-costa-julio-2026\\\/#primaryimage\"},\"image\":{\"@id\":\"https:\\\/\\\/basaworldtravel.com.ar\\\/sitio\\\/2026\\\/04\\\/parque-de-la-costa-julio-2026\\\/#primaryimage\"},\"thumbnailUrl\":\"https:\\\/\\\/basaworldtravel.com.ar\\\/sitio\\\/wp-content\\\/uploads\\\/2021\\\/10\\\/parque-de-la-costa-1280x720-1.jpg\",\"datePublished\":\"2026-04-15T13:08:28+00:00\",\"dateModified\":\"2026-04-30T15:47:28+00:00\",\"author\":{\"@id\":\"https:\\\/\\\/basaworldtravel.com.ar\\\/sitio\\\/#\\\/schema\\\/person\\\/d89b1d641794d338c41cd3818beabd4c\"},\"breadcrumb\":{\"@id\":\"https:\\\/\\\/basaworldtravel.com.ar\\\/sitio\\\/2026\\\/04\\\/parque-de-la-costa-julio-2026\\\/#breadcrumb\"},\"inLanguage\":\"es\",\"potentialAction\":[{\"@type\":\"ReadAction\",\"target\":[\"https:\\\/\\\/basaworldtravel.com.ar\\\/sitio\\\/2026\\\/04\\\/parque-de-la-costa-julio-2026\\\/\"]}]},{\"@type\":\"ImageObject\",\"inLanguage\":\"es\",\"@id\":\"https:\\\/\\\/basaworldtravel.com.ar\\\/sitio\\\/2026\\\/04\\\/parque-de-la-costa-julio-2026\\\/#primaryimage\",\"url\":\"https:\\\/\\\/basaworldtravel.com.ar\\\/sitio\\\/wp-content\\\/uploads\\\/2021\\\/10\\\/parque-de-la-costa-1280x720-1.jpg\",\"contentUrl\":\"https:\\\/\\\/basaworldtravel.com.ar\\\/sitio\\\/wp-content\\\/uploads\\\/2021\\\/10\\\/parque-de-la-costa-1280x720-1.jpg\",\"width\":1280,\"height\":720},{\"@type\":\"BreadcrumbList\",\"@id\":\"https:\\\/\\\/basaworldtravel.com.ar\\\/sitio\\\/2026\\\/04\\\/parque-de-la-costa-julio-2026\\\/#breadcrumb\",\"itemListElement\":[{\"@type\":\"ListItem\",\"position\":1,\"name\":\"Portada\",\"item\":\"https:\\\/\\\/basaworldtravel.com.ar\\\/sitio\\\/\"},{\"@type\":\"ListItem\",\"position\":2,\"name\":\"PARQUE DE LA COSTA-JULIO 2026\"}]},{\"@type\":\"WebSite\",\"@id\":\"https:\\\/\\\/basaworldtravel.com.ar\\\/sitio\\\/#website\",\"url\":\"https:\\\/\\\/basaworldtravel.com.ar\\\/sitio\\\/\",\"name\":\"Basa\",\"description\":\"World Travel\",\"potentialAction\":[{\"@type\":\"SearchAction\",\"target\":{\"@type\":\"EntryPoint\",\"urlTemplate\":\"https:\\\/\\\/basaworldtravel.com.ar\\\/sitio\\\/?s={search_term_string}\"},\"query-input\":{\"@type\":\"PropertyValueSpecification\",\"valueRequired\":true,\"valueName\":\"search_term_string\"}}],\"inLanguage\":\"es\"},{\"@type\":\"Person\",\"@id\":\"https:\\\/\\\/basaworldtravel.com.ar\\\/sitio\\\/#\\\/schema\\\/person\\\/d89b1d641794d338c41cd3818beabd4c\",\"name\":\"BasaWeb\",\"image\":{\"@type\":\"ImageObject\",\"inLanguage\":\"es\",\"@id\":\"https:\\\/\\\/secure.gravatar.com\\\/avatar\\\/13e699648957af0aba903942fee2a1fc533d92bcd43fcf375a4df1edc2708698?s=96&d=mm&r=g\",\"url\":\"https:\\\/\\\/secure.gravatar.com\\\/avatar\\\/13e699648957af0aba903942fee2a1fc533d92bcd43fcf375a4df1edc2708698?s=96&d=mm&r=g\",\"contentUrl\":\"https:\\\/\\\/secure.gravatar.com\\\/avatar\\\/13e699648957af0aba903942fee2a1fc533d92bcd43fcf375a4df1edc2708698?s=96&d=mm&r=g\",\"caption\":\"BasaWeb\"},\"url\":\"https:\\\/\\\/basaworldtravel.com.ar\\\/sitio\\\/author\\\/basaweb\\\/\"}]}<\/script>\n<!-- \/ Yoast SEO plugin. -->","yoast_head_json":{"title":"PARQUE DE LA COSTA-JULIO 2026 - Basa","robots":{"index":"index","follow":"follow","max-snippet":"max-snippet:-1","max-image-preview":"max-image-preview:large","max-video-preview":"max-video-preview:-1"},"canonical":"https:\/\/basaworldtravel.com.ar\/sitio\/2026\/04\/parque-de-la-costa-julio-2026\/","og_locale":"es_ES","og_type":"article","og_title":"PARQUE DE LA COSTA-JULIO 2026 - Basa","og_description":"Monta\u00f1as rusas, juegos, espect\u00e1culos y actividades para grandes y chicos te esperan para pasar un d\u00eda inolvidable.","og_url":"https:\/\/basaworldtravel.com.ar\/sitio\/2026\/04\/parque-de-la-costa-julio-2026\/","og_site_name":"Basa","article_published_time":"2026-04-15T13:08:28+00:00","article_modified_time":"2026-04-30T15:47:28+00:00","og_image":[{"width":1280,"height":720,"url":"https:\/\/basaworldtravel.com.ar\/sitio\/wp-content\/uploads\/2021\/10\/parque-de-la-costa-1280x720-1.jpg","type":"image\/jpeg"}],"author":"BasaWeb","twitter_card":"summary_large_image","twitter_misc":{"Escrito por":"BasaWeb","Tiempo de lectura":"2 minutos"},"schema":{"@context":"https:\/\/schema.org","@graph":[{"@type":"Article","@id":"https:\/\/basaworldtravel.com.ar\/sitio\/2026\/04\/parque-de-la-costa-julio-2026\/#article","isPartOf":{"@id":"https:\/\/basaworldtravel.com.ar\/sitio\/2026\/04\/parque-de-la-costa-julio-2026\/"},"author":{"name":"BasaWeb","@id":"https:\/\/basaworldtravel.com.ar\/sitio\/#\/schema\/person\/d89b1d641794d338c41cd3818beabd4c"},"headline":"PARQUE DE LA COSTA-JULIO 2026","datePublished":"2026-04-15T13:08:28+00:00","dateModified":"2026-04-30T15:47:28+00:00","mainEntityOfPage":{"@id":"https:\/\/basaworldtravel.com.ar\/sitio\/2026\/04\/parque-de-la-costa-julio-2026\/"},"wordCount":396,"image":{"@id":"https:\/\/basaworldtravel.com.ar\/sitio\/2026\/04\/parque-de-la-costa-julio-2026\/#primaryimage"},"thumbnailUrl":"https:\/\/basaworldtravel.com.ar\/sitio\/wp-content\/uploads\/2021\/10\/parque-de-la-costa-1280x720-1.jpg","keywords":["2026","ARGENTINA","BUENOS AIRES","JULIO","NI\u00d1OS","Parque de la costa","SALIDAS GRUPALES","vacaciones"],"articleSection":["Argentina","Paquetes"],"inLanguage":"es"},{"@type":"WebPage","@id":"https:\/\/basaworldtravel.com.ar\/sitio\/2026\/04\/parque-de-la-costa-julio-2026\/","url":"https:\/\/basaworldtravel.com.ar\/sitio\/2026\/04\/parque-de-la-costa-julio-2026\/","name":"PARQUE DE LA COSTA-JULIO 2026 - Basa","isPartOf":{"@id":"https:\/\/basaworldtravel.com.ar\/sitio\/#website"},"primaryImageOfPage":{"@id":"https:\/\/basaworldtravel.com.ar\/sitio\/2026\/04\/parque-de-la-costa-julio-2026\/#primaryimage"},"image":{"@id":"https:\/\/basaworldtravel.com.ar\/sitio\/2026\/04\/parque-de-la-costa-julio-2026\/#primaryimage"},"thumbnailUrl":"https:\/\/basaworldtravel.com.ar\/sitio\/wp-content\/uploads\/2021\/10\/parque-de-la-costa-1280x720-1.jpg","datePublished":"2026-04-15T13:08:28+00:00","dateModified":"2026-04-30T15:47:28+00:00","author":{"@id":"https:\/\/basaworldtravel.com.ar\/sitio\/#\/schema\/person\/d89b1d641794d338c41cd3818beabd4c"},"breadcrumb":{"@id":"https:\/\/basaworldtravel.com.ar\/sitio\/2026\/04\/parque-de-la-costa-julio-2026\/#breadcrumb"},"inLanguage":"es","potentialAction":[{"@type":"ReadAction","target":["https:\/\/basaworldtravel.com.ar\/sitio\/2026\/04\/parque-de-la-costa-julio-2026\/"]}]},{"@type":"ImageObject","inLanguage":"es","@id":"https:\/\/basaworldtravel.com.ar\/sitio\/2026\/04\/parque-de-la-costa-julio-2026\/#primaryimage","url":"https:\/\/basaworldtravel.com.ar\/sitio\/wp-content\/uploads\/2021\/10\/parque-de-la-costa-1280x720-1.jpg","contentUrl":"https:\/\/basaworldtravel.com.ar\/sitio\/wp-content\/uploads\/2021\/10\/parque-de-la-costa-1280x720-1.jpg","width":1280,"height":720},{"@type":"BreadcrumbList","@id":"https:\/\/basaworldtravel.com.ar\/sitio\/2026\/04\/parque-de-la-costa-julio-2026\/#breadcrumb","itemListElement":[{"@type":"ListItem","position":1,"name":"Portada","item":"https:\/\/basaworldtravel.com.ar\/sitio\/"},{"@type":"ListItem","position":2,"name":"PARQUE DE LA COSTA-JULIO 2026"}]},{"@type":"WebSite","@id":"https:\/\/basaworldtravel.com.ar\/sitio\/#website","url":"https:\/\/basaworldtravel.com.ar\/sitio\/","name":"Basa","description":"World Travel","potentialAction":[{"@type":"SearchAction","target":{"@type":"EntryPoint","urlTemplate":"https:\/\/basaworldtravel.com.ar\/sitio\/?s={search_term_string}"},"query-input":{"@type":"PropertyValueSpecification","valueRequired":true,"valueName":"search_term_string"}}],"inLanguage":"es"},{"@type":"Person","@id":"https:\/\/basaworldtravel.com.ar\/sitio\/#\/schema\/person\/d89b1d641794d338c41cd3818beabd4c","name":"BasaWeb","image":{"@type":"ImageObject","inLanguage":"es","@id":"https:\/\/secure.gravatar.com\/avatar\/13e699648957af0aba903942fee2a1fc533d92bcd43fcf375a4df1edc2708698?s=96&d=mm&r=g","url":"https:\/\/secure.gravatar.com\/avatar\/13e699648957af0aba903942fee2a1fc533d92bcd43fcf375a4df1edc2708698?s=96&d=mm&r=g","contentUrl":"https:\/\/secure.gravatar.com\/avatar\/13e699648957af0aba903942fee2a1fc533d92bcd43fcf375a4df1edc2708698?s=96&d=mm&r=g","caption":"BasaWeb"},"url":"https:\/\/basaworldtravel.com.ar\/sitio\/author\/basaweb\/"}]}},"_links":{"self":[{"href":"https:\/\/basaworldtravel.com.ar\/sitio\/wp-json\/wp\/v2\/posts\/156417","targetHints":{"allow":["GET"]}}],"collection":[{"href":"https:\/\/basaworldtravel.com.ar\/sitio\/wp-json\/wp\/v2\/posts"}],"about":[{"href":"https:\/\/basaworldtravel.com.ar\/sitio\/wp-json\/wp\/v2\/types\/post"}],"author":[{"embeddable":true,"href":"https:\/\/basaworldtravel.com.ar\/sitio\/wp-json\/wp\/v2\/users\/2"}],"replies":[{"embeddable":true,"href":"https:\/\/basaworldtravel.com.ar\/sitio\/wp-json\/wp\/v2\/comments?post=156417"}],"version-history":[{"count":1,"href":"https:\/\/basaworldtravel.com.ar\/sitio\/wp-json\/wp\/v2\/posts\/156417\/revisions"}],"predecessor-version":[{"id":156418,"href":"https:\/\/basaworldtravel.com.ar\/sitio\/wp-json\/wp\/v2\/posts\/156417\/revisions\/156418"}],"wp:featuredmedia":[{"embeddable":true,"href":"https:\/\/basaworldtravel.com.ar\/sitio\/wp-json\/wp\/v2\/media\/395"}],"wp:attachment":[{"href":"https:\/\/basaworldtravel.com.ar\/sitio\/wp-json\/wp\/v2\/media?parent=156417"}],"wp:term":[{"taxonomy":"category","embeddable":true,"href":"https:\/\/basaworldtravel.com.ar\/sitio\/wp-json\/wp\/v2\/categories?post=156417"},{"taxonomy":"post_tag","embeddable":true,"href":"https:\/\/basaworldtravel.com.ar\/sitio\/wp-json\/wp\/v2\/tags?post=156417"}],"curies":[{"name":"wp","href":"https:\/\/api.w.org\/{rel}","templated":true}]}}