{"id":156370,"date":"2026-04-13T09:35:47","date_gmt":"2026-04-13T12:35:47","guid":{"rendered":"https:\/\/basaworldtravel.com.ar\/?p=156370"},"modified":"2026-04-13T09:35:49","modified_gmt":"2026-04-13T12:35:49","slug":"mendoza-grupal-acompanada-desde-bsas","status":"publish","type":"post","link":"https:\/\/basaworldtravel.com.ar\/sitio\/2026\/04\/mendoza-grupal-acompanada-desde-bsas\/","title":{"rendered":"Mendoza &#8211; Grupal acompa\u00f1ada desde BsAs"},"content":{"rendered":"\n<p>Salida 19 julio 2026<\/p>\n\n\n\n<h2 class=\"wp-block-heading\">El programa incluye:<\/h2>\n\n\n\n<ul class=\"wp-block-list\">\n<li>Boleto a\u00e9reo con Jetsmart cupo confirmado (con carry on).<\/li>\n\n\n\n<li>5 noches en Mendoza con desayuno.  Hotel Urbana Suite o similar.<\/li>\n\n\n\n<li>Traslados aeropuerto\/hotel\/aeropuerto + Gu\u00eda.<\/li>\n\n\n\n<li>Excursi\u00f3n city tour.<\/li>\n\n\n\n<li>Excursi\u00f3n a bodegas y oliveras.<\/li>\n\n\n\n<li>Seguro Universal Assistance (v\u00e1lido hasta 70 a\u00f1os, consultar adicional por m\u00e1s de 70 a\u00f1os).<strong>Coordinador desde Buenos Aires.<\/strong><\/li>\n<\/ul>\n\n\n\n<p><strong>No incluye:<\/strong><\/p>\n\n\n\n<ul class=\"wp-block-list\">\n<li>Propinas, gastos personales y otros servicios no especificados en el itinerario.<\/li>\n<\/ul>\n\n\n\n<p><strong>Modalidad<\/strong>: Con coordinador desde Buenos Aires &#8211; Doble a compartir asegurada.<\/p>\n\n\n\n<p><strong>DIA 1 &#8211; BUENOS AIRES &#8211; MENDOZA<\/strong><\/p>\n\n\n\n<p>A la hora indicada, embarque en Aeroparque Internacional Jorge Newbery en el vuelo de Jetsmart con destino Mendoza. Llegada al Aeropuerto Internacional El Plumerillo (MDZ). Encuentro con el transfer para emprender el traslado al hotel. Llegada al hotel. Resto del d\u00eda libre. Alojamiento.<\/p>\n\n\n\n<p><strong>DIA 2 &#8211; MENDOZA<\/strong><\/p>\n\n\n\n<p>Desayuno. Salida a excursi\u00f3n city tour que permitir\u00e1 conocer la ciudad de Mendoza. Comienza por la ciudad antigua, sitio donde fue fundada en 1561. Continua por el paseo Alameda hasta llegar al microcentro, donde se puede disfrutar de un paseo por las calles y plazas principales del centro, como plaza Independencia y calle Emilio Civit. Luego se dirige al parque General San Mart\u00edn, seguido de un ascenso al Cerro de la Gloria, donde se puede admirar el imponente monumento en honor al General San Mart\u00edn y la liberaci\u00f3n de Argentina. Para finalizar, y antes de regresar al centro de la ciudad, se pasa por el estadio mundialista Malvinas Argentinas y el anfiteatro griego Frank Romero Day, escenario donde se realiza el acto central de la Fiesta Nacional de la Vendimia. Alojamiento.<\/p>\n\n\n\n<p><strong>DIA 3 &#8211; MENDOZA<\/strong><\/p>\n\n\n\n<p>Desayuno. Salida a excursi\u00f3n de bodegas y oliveras. Se sale desde el Hotel, hacia el oasis agr\u00edcola del Gran Mendoza conformado por los departamentos de Maip\u00fa y Luj\u00e1n de Cuyo, junto a la compa\u00f1\u00eda del gu\u00eda, quien acompa\u00f1a todo el recorrido. Se visitan dos bodegas de la zona, una familiar y una industrializada, para conocer los contrastes y diferencias tecnol\u00f3gicas en el proceso de elaboraci\u00f3n del vino. Cada bodega, con su estilo propio, brinda un recorrido por los vi\u00f1edos e instalaciones, donde explican todo el proceso de elaboraci\u00f3n del vino hasta su comercializaci\u00f3n, para finalizar con una degustaci\u00f3n de vinos en ambas bodegas. Luego se visita una f\u00e1brica de aceite de oliva, donde se conocen los distintos procedimientos de elaboraci\u00f3n del aceite y se puede degustar todos sus productos. Al finalizar regresa a la ciudad de Mendoza. Sitios a visitar: posibles bodegas seg\u00fan disponibilidad: Vistandes, Cecchin, Villafa\u00f1e, Cattapano \/ oliv\u00edcola Pasrai. Alojamiento.<\/p>\n\n\n\n<p><strong>DIA 4 y 5 &#8211; MENDOZA<\/strong><\/p>\n\n\n\n<p>Desayuno y d\u00edas libres. Opcionales sugeridas: La Reserva Natural Villavicencio, ubicada sobre la hist\u00f3rica Ruta Provincial N\u00b052, que ofrece un recorrido paisaj\u00edstico donde se aprecia flora y fauna aut\u00f3ctona en un entorno de 70.000 hect\u00e1reas. El itinerario incluye la visita a los jardines del hotel Villavicencio y el ascenso por el circuito de caracoles, con vistas panor\u00e1micas de la reserva. (El ingreso a la reserva no est\u00e1 incluido y se abona directamente en destino) o; el Ca\u00f1\u00f3n del Atuel, en el departamento de San Rafael a 230 km de la ciudad, que invita a descubrir formaciones rocosas de gran atractivo en el Dique Valle Grande, con figuras como \u201cEl Fantasma\u201d o \u201cMesa de las brujas\u201d. La excursi\u00f3n contin\u00faa hacia el complejo hidroel\u00e9ctrico El Nihuil antes del regreso a Mendoza. Alojamiento.<\/p>\n\n\n\n<p><strong>DIA 6 &#8211; MENDOZA &#8211; BUENOS AIRES<\/strong><\/p>\n\n\n\n<p>Desayuno. A la hora indicada traslado al Aeropuerto Internacional El Plumerillo. Embarque en el vuelo de Jetsmart con destino a Buenos Aires.<\/p>\n\n\n\n<p><strong>FIN DE LOS SERVICIOS<\/strong><\/p>\n\n\n\n<p>C\u00f3d. 2259<\/p>\n\n\n\n<p><strong>\ufeffHORARIO DE LOS VUELOS:<\/strong><\/p>\n\n\n\n<p>Salida: Julio 19<\/p>\n\n\n\n<ul class=\"wp-block-list\">\n<li>19 julio \u2013 JA3070 \u2013 Despegue \u2013 Aeroparque \u2013 05:30 \u2013 Aterrizaje \u2013 Mendoza \u2013 07:25<\/li>\n\n\n\n<li>24 julio \u2013 JA3073 \u2013 Despegue \u2013 Mendoza \u2013 09:10 \u2013 Aterrizaje \u2013 Aeroparque \u2013 10:45<\/li>\n<\/ul>\n\n\n\n<p>Precio y lugares sujetos a disponibilidad al momento de solicitar la reserva.<\/p>\n\n\n\n<p>El precio que est\u00e1 expresado en pesos argentinos por persona en base doble.<\/p>\n\n\n\n<p><strong>Consultar por detalle de asistencia al viajero.<\/strong><\/p>\n\n\n\n<p><strong>Plazos de Pagos:<\/strong><\/p>\n\n\n\n<ul class=\"wp-block-list\">\n<li>Se\u00f1a: ARS 600000 por pasajero, se paga cuando se env\u00ede el contrato de viaje.<\/li>\n\n\n\n<li>Saldo: 40 d\u00edas antes de la salida<\/li>\n<\/ul>\n\n\n\n<p><strong>Condiciones de cancelaci\u00f3n:<\/strong><\/p>\n\n\n\n<ul class=\"wp-block-list\">\n<li>Hasta 50 d\u00edas antes de la salida: Gastos de ARS 400.000 por persona.<\/li>\n\n\n\n<li>De 49 a 45 d\u00edas antes de la salida: Gastos de ARS 600.000 por persona.<\/li>\n\n\n\n<li>Menos de 44 d\u00edas: Total de la reserva<\/li>\n<\/ul>\n\n\n\n<p>Plazo de devoluci\u00f3n: Pago en Pesos 90 d\u00edas corridos a partir de que el cliente solicita fehacientemente la devoluci\u00f3n.<\/p>\n\n\n\n<p>Reprogramaci\u00f3n: No admite.<\/p>\n\n\n\n<p><strong>Observaciones importantes:<\/strong><\/p>\n\n\n\n<p><strong><em>A\u00e9reos y otros transportes:<\/em><\/strong><\/p>\n\n\n\n<ul class=\"wp-block-list\">\n<li><strong>Los a\u00e9reos de sistema, o sea, din\u00e1micos, deber\u00e1n abonarse en su totalidad para poder ser emitidos,\u00a0<\/strong>m\u00e1s all\u00e1 de la fecha de pago que indica la plataforma, cuando vas a reservar.\u00a0<\/li>\n\n\n\n<li><strong><em>Las tarifas a\u00e9reas son finales e\u00a0<\/em>incluyen todos los impuestos.<\/strong>\u00a0<\/li>\n\n\n\n<li><strong>Los a\u00e9reos ida y vuelta pero reservados como OW<\/strong>,\u00a0<strong>se emiten por separado\u00a0<\/strong>y\u00a0<strong>cada tramo es independiente<\/strong>\u00a0del otro, como as\u00ed tambi\u00e9n las pol\u00edticas de las compa\u00f1\u00edas que intervienen en cada tramo.\u00a0<\/li>\n\n\n\n<li>Por lo general los\u00a0<strong>boletos a\u00e9reos son no reembolsables<\/strong>. En caso\u00a0de reprogramaci\u00f3n si correspondiera, hay que consultar en cada caso las penalidades y diferencia de tarifa si la hubiera. Esto depende de la pol\u00edtica de cada compa\u00f1\u00eda a\u00e9rea y de las caracter\u00edsticas del boleto a\u00e9reo reservado.<\/li>\n\n\n\n<li>La agencia no se responsabiliza por errores u omisiones en nombres, apellidos, fechas de nacimiento, n\u00fameros de documento ni ning\u00fan dato cargado al momento de tomar una reserva en este sitio Online.<\/li>\n\n\n\n<li>Los tickets de trenes y ferrys pueden entregarse hasta 24hs antes de la fecha de salida del pasajero, esto depender\u00e1 de la pol\u00edtica de cada proveedor.<\/li>\n<\/ul>\n\n\n\n<p><strong><em>Hoteler\u00eda:<\/em><\/strong><\/p>\n\n\n\n<ul class=\"wp-block-list\">\n<li>Informamos que los alojamientos comercializados a trav\u00e9s de<strong>\u00a0Booking y Expedia<\/strong>\u00a0pueden presentar condiciones operativas particulares, como ingresos con contacto previo, horarios espec\u00edficos, accesos mediante c\u00f3digos u otros sistemas sin recepci\u00f3n permanente. Asimismo, el\u00a0<strong>servicio de post-venta<\/strong>\u00a0de Booking y Expedia no siempre se adecua a las necesidades que pueden surgir durante el viaje, lo que en algunos casos puede derivar en demoras o incumplimientos en la prestaci\u00f3n del servicio. La contrataci\u00f3n de alojamientos de este proveedor implica que la agencia y\/o el pasajero aceptan expresamente estas condiciones,\u00a0<strong>eximiendo a TIP Travel de responsabilidad por los inconvenientes derivados de la operatoria y gesti\u00f3n post-venta de Booking y Expedia.<\/strong><\/li>\n\n\n\n<li><strong>La\u00a0habitaci\u00f3n triple o cu\u00e1druple<\/strong>, como as\u00ed las reservas con menores, en la mayor\u00eda de los destinos (salvo se indique lo contrario en el tipo de habitaci\u00f3n), corresponde a 1 habitaci\u00f3n doble, por lo que\u00a0<strong>la cama adicional est\u00e1 sujeta a disponibilidad del hotel y no se asegura<\/strong>.<\/li>\n\n\n\n<li>Las tarifas\u00a0<strong>no reembolsables<\/strong>\u00a0de hoteles,\u00a0<strong>no admiten devoluciones,<\/strong>\u00a0una vez reservadas, en caso de cancelaci\u00f3n, incurre en el\u00a0<strong>100% de gastos<\/strong>.<\/li>\n\n\n\n<li>Independientemente de la fecha de cancelaci\u00f3n de los servicios indicada por la plataforma,<strong>\u00a0la Empresa tiene su propia pol\u00edtica de gastos por lo que deber\u00e1 siempre consultar<\/strong>. Asimismo, si un pasajero cancela su participaci\u00f3n pero la reserva se mantiene activa para otros viajeros, se aplicar\u00e1 el cargo por gastos administrativos \u00fanicamente al pasajero que decida no viajar.<\/li>\n<\/ul>\n\n\n\n<p><strong><em>Circuitos:<\/em><\/strong><\/p>\n\n\n\n<ul class=\"wp-block-list\">\n<li>Los itinerarios de los circuitos est\u00e1n sujetos a modificaciones tratando siempre de respetar la cantidad de d\u00edas y los destinos previstos en los posible.<\/li>\n\n\n\n<li>El listado de hoteles previstos en los circuitos es preliminar, y el definitivo se confirma d\u00edas antes de la salida, pudiendo variar incluso la categor\u00eda ofrecida.<\/li>\n<\/ul>\n\n\n\n<p><strong><em>Traslados, autos y excursiones:<\/em><\/strong><\/p>\n\n\n\n<ul class=\"wp-block-list\">\n<li><strong>Leer bien<\/strong>\u00a0los detalles de los\u00a0<strong>traslados y su tiempo de espera,<\/strong>\u00a0sobre todo cuando los Tickets a\u00e9reos tienen el equipaje incluido a efectos que el servicio no genere inconvenientes y sea considerado No Show por lo que no habr\u00e1 devoluci\u00f3n del dinero en caso de que el servicio no se haya podido realizar.\u00a0<\/li>\n\n\n\n<li><strong>Importante:<\/strong>\u00a0En caso de que la aerol\u00ednea modifique los horarios del vuelo, no se garantiza que se mantenga el valor del traslado ni que se pueda realizar la modificaci\u00f3n sin costos adicionales.<\/li>\n\n\n\n<li>En caso de\u00a0<strong>alquiler de autos<\/strong>, tomar nota que si el pasajero no se presenta en el horario seleccionado al tomar la reserva, la misma puede ser considerada NO SHOW y no habr\u00e1 posibilidad de devoluci\u00f3n de dinero. Algunos servicios como GPS, cadenas para autos en caso de nevadas, asiento para beb\u00e9s, etc, no est\u00e1n incluidos en el precio. Tener presente que al final de su estancia si pas\u00f3 por lugares de peajes, este puede ser cobrado al final, en muchos destinos.\u00a0<\/li>\n\n\n\n<li>En el caso de las excursiones y alquileres de autos el horario de pick up y drop off y el horario de inicio de la excursi\u00f3n debe ser cumplido, excepto que el proveedor indique lo contrario.<\/li>\n<\/ul>\n\n\n\n<p><strong><em>Promociones especiales:<\/em><\/strong><\/p>\n\n\n\n<ul class=\"wp-block-list\">\n<li><em>Algunos servicios y \/ o paquetes pueden tener una promoci\u00f3n especial. En ese caso, antes de reservar, se deber\u00e1n consultar t\u00e9rminos y condiciones de la oferta a efectos de evitar inconvenientes, ya que estas var\u00edan de acuerdo a las caracter\u00edsticas de cada una.<\/em><\/li>\n<\/ul>\n\n\n\n<p><strong>PRECIO POR PERSONA EN BASE DOBLE $876.400 <\/strong><\/p>\n\n\n\n<p>tip<\/p>\n\n\n\n<p><\/p>\n\n\n\n<p><\/p>\n","protected":false},"excerpt":{"rendered":"<p>Tierra de sol, vino y monta\u00f1a, donde cada copa celebra el paisaje y cada momento se convierte en una experiencia inolvidable<\/p>\n","protected":false},"author":2,"featured_media":156371,"comment_status":"closed","ping_status":"open","sticky":false,"template":"","format":"standard","meta":{"_acf_changed":false,"footnotes":""},"categories":[6,5],"tags":[703,16,145,14,80],"class_list":["post-156370","post","type-post","status-publish","format-standard","has-post-thumbnail","hentry","category-argentina","category-paquetes","tag-703","tag-argentina","tag-cuyo","tag-mendoza","tag-salidas-grupales","category-6","category-5","description-off"],"acf":[],"yoast_head":"<!-- This site is optimized with the Yoast SEO plugin v28.4 - https:\/\/yoast.com\/product\/yoast-seo-wordpress\/ -->\n<title>Mendoza - Grupal acompa\u00f1ada desde BsAs - Basa<\/title>\n<meta name=\"robots\" content=\"index, follow, max-snippet:-1, max-image-preview:large, max-video-preview:-1\" \/>\n<link rel=\"canonical\" href=\"https:\/\/basaworldtravel.com.ar\/sitio\/2026\/04\/mendoza-grupal-acompanada-desde-bsas\/\" \/>\n<meta property=\"og:locale\" content=\"es_ES\" \/>\n<meta property=\"og:type\" content=\"article\" \/>\n<meta property=\"og:title\" content=\"Mendoza - Grupal acompa\u00f1ada desde BsAs - Basa\" \/>\n<meta property=\"og:description\" content=\"Tierra de sol, vino y monta\u00f1a, donde cada copa celebra el paisaje y cada momento se convierte en una experiencia inolvidable\" \/>\n<meta property=\"og:url\" content=\"https:\/\/basaworldtravel.com.ar\/sitio\/2026\/04\/mendoza-grupal-acompanada-desde-bsas\/\" \/>\n<meta property=\"og:site_name\" content=\"Basa\" \/>\n<meta property=\"article:published_time\" content=\"2026-04-13T12:35:47+00:00\" \/>\n<meta property=\"article:modified_time\" content=\"2026-04-13T12:35:49+00:00\" \/>\n<meta property=\"og:image\" content=\"https:\/\/basaworldtravel.com.ar\/sitio\/wp-content\/uploads\/2026\/04\/mendoza.jpg\" \/>\n\t<meta property=\"og:image:width\" content=\"1540\" \/>\n\t<meta property=\"og:image:height\" content=\"1051\" \/>\n\t<meta property=\"og:image:type\" content=\"image\/jpeg\" \/>\n<meta name=\"author\" content=\"BasaWeb\" \/>\n<meta name=\"twitter:card\" content=\"summary_large_image\" \/>\n<meta name=\"twitter:label1\" content=\"Escrito por\" \/>\n\t<meta name=\"twitter:data1\" content=\"BasaWeb\" \/>\n\t<meta name=\"twitter:label2\" content=\"Tiempo de lectura\" \/>\n\t<meta name=\"twitter:data2\" content=\"7 minutos\" \/>\n<script type=\"application\/ld+json\" class=\"yoast-schema-graph\">{\"@context\":\"https:\\\/\\\/schema.org\",\"@graph\":[{\"@type\":\"Article\",\"@id\":\"https:\\\/\\\/basaworldtravel.com.ar\\\/sitio\\\/2026\\\/04\\\/mendoza-grupal-acompanada-desde-bsas\\\/#article\",\"isPartOf\":{\"@id\":\"https:\\\/\\\/basaworldtravel.com.ar\\\/sitio\\\/2026\\\/04\\\/mendoza-grupal-acompanada-desde-bsas\\\/\"},\"author\":{\"name\":\"BasaWeb\",\"@id\":\"https:\\\/\\\/basaworldtravel.com.ar\\\/sitio\\\/#\\\/schema\\\/person\\\/d89b1d641794d338c41cd3818beabd4c\"},\"headline\":\"Mendoza &#8211; Grupal acompa\u00f1ada desde BsAs\",\"datePublished\":\"2026-04-13T12:35:47+00:00\",\"dateModified\":\"2026-04-13T12:35:49+00:00\",\"mainEntityOfPage\":{\"@id\":\"https:\\\/\\\/basaworldtravel.com.ar\\\/sitio\\\/2026\\\/04\\\/mendoza-grupal-acompanada-desde-bsas\\\/\"},\"wordCount\":1547,\"image\":{\"@id\":\"https:\\\/\\\/basaworldtravel.com.ar\\\/sitio\\\/2026\\\/04\\\/mendoza-grupal-acompanada-desde-bsas\\\/#primaryimage\"},\"thumbnailUrl\":\"https:\\\/\\\/basaworldtravel.com.ar\\\/sitio\\\/wp-content\\\/uploads\\\/2026\\\/04\\\/mendoza.jpg\",\"keywords\":[\"2026\",\"ARGENTINA\",\"cuyo\",\"MENDOZA\",\"SALIDAS GRUPALES\"],\"articleSection\":[\"Argentina\",\"Paquetes\"],\"inLanguage\":\"es\"},{\"@type\":\"WebPage\",\"@id\":\"https:\\\/\\\/basaworldtravel.com.ar\\\/sitio\\\/2026\\\/04\\\/mendoza-grupal-acompanada-desde-bsas\\\/\",\"url\":\"https:\\\/\\\/basaworldtravel.com.ar\\\/sitio\\\/2026\\\/04\\\/mendoza-grupal-acompanada-desde-bsas\\\/\",\"name\":\"Mendoza - Grupal acompa\u00f1ada desde BsAs - Basa\",\"isPartOf\":{\"@id\":\"https:\\\/\\\/basaworldtravel.com.ar\\\/sitio\\\/#website\"},\"primaryImageOfPage\":{\"@id\":\"https:\\\/\\\/basaworldtravel.com.ar\\\/sitio\\\/2026\\\/04\\\/mendoza-grupal-acompanada-desde-bsas\\\/#primaryimage\"},\"image\":{\"@id\":\"https:\\\/\\\/basaworldtravel.com.ar\\\/sitio\\\/2026\\\/04\\\/mendoza-grupal-acompanada-desde-bsas\\\/#primaryimage\"},\"thumbnailUrl\":\"https:\\\/\\\/basaworldtravel.com.ar\\\/sitio\\\/wp-content\\\/uploads\\\/2026\\\/04\\\/mendoza.jpg\",\"datePublished\":\"2026-04-13T12:35:47+00:00\",\"dateModified\":\"2026-04-13T12:35:49+00:00\",\"author\":{\"@id\":\"https:\\\/\\\/basaworldtravel.com.ar\\\/sitio\\\/#\\\/schema\\\/person\\\/d89b1d641794d338c41cd3818beabd4c\"},\"breadcrumb\":{\"@id\":\"https:\\\/\\\/basaworldtravel.com.ar\\\/sitio\\\/2026\\\/04\\\/mendoza-grupal-acompanada-desde-bsas\\\/#breadcrumb\"},\"inLanguage\":\"es\",\"potentialAction\":[{\"@type\":\"ReadAction\",\"target\":[\"https:\\\/\\\/basaworldtravel.com.ar\\\/sitio\\\/2026\\\/04\\\/mendoza-grupal-acompanada-desde-bsas\\\/\"]}]},{\"@type\":\"ImageObject\",\"inLanguage\":\"es\",\"@id\":\"https:\\\/\\\/basaworldtravel.com.ar\\\/sitio\\\/2026\\\/04\\\/mendoza-grupal-acompanada-desde-bsas\\\/#primaryimage\",\"url\":\"https:\\\/\\\/basaworldtravel.com.ar\\\/sitio\\\/wp-content\\\/uploads\\\/2026\\\/04\\\/mendoza.jpg\",\"contentUrl\":\"https:\\\/\\\/basaworldtravel.com.ar\\\/sitio\\\/wp-content\\\/uploads\\\/2026\\\/04\\\/mendoza.jpg\",\"width\":1540,\"height\":1051},{\"@type\":\"BreadcrumbList\",\"@id\":\"https:\\\/\\\/basaworldtravel.com.ar\\\/sitio\\\/2026\\\/04\\\/mendoza-grupal-acompanada-desde-bsas\\\/#breadcrumb\",\"itemListElement\":[{\"@type\":\"ListItem\",\"position\":1,\"name\":\"Portada\",\"item\":\"https:\\\/\\\/basaworldtravel.com.ar\\\/sitio\\\/\"},{\"@type\":\"ListItem\",\"position\":2,\"name\":\"Mendoza &#8211; Grupal acompa\u00f1ada desde BsAs\"}]},{\"@type\":\"WebSite\",\"@id\":\"https:\\\/\\\/basaworldtravel.com.ar\\\/sitio\\\/#website\",\"url\":\"https:\\\/\\\/basaworldtravel.com.ar\\\/sitio\\\/\",\"name\":\"Basa\",\"description\":\"World Travel\",\"potentialAction\":[{\"@type\":\"SearchAction\",\"target\":{\"@type\":\"EntryPoint\",\"urlTemplate\":\"https:\\\/\\\/basaworldtravel.com.ar\\\/sitio\\\/?s={search_term_string}\"},\"query-input\":{\"@type\":\"PropertyValueSpecification\",\"valueRequired\":true,\"valueName\":\"search_term_string\"}}],\"inLanguage\":\"es\"},{\"@type\":\"Person\",\"@id\":\"https:\\\/\\\/basaworldtravel.com.ar\\\/sitio\\\/#\\\/schema\\\/person\\\/d89b1d641794d338c41cd3818beabd4c\",\"name\":\"BasaWeb\",\"image\":{\"@type\":\"ImageObject\",\"inLanguage\":\"es\",\"@id\":\"https:\\\/\\\/secure.gravatar.com\\\/avatar\\\/13e699648957af0aba903942fee2a1fc533d92bcd43fcf375a4df1edc2708698?s=96&d=mm&r=g\",\"url\":\"https:\\\/\\\/secure.gravatar.com\\\/avatar\\\/13e699648957af0aba903942fee2a1fc533d92bcd43fcf375a4df1edc2708698?s=96&d=mm&r=g\",\"contentUrl\":\"https:\\\/\\\/secure.gravatar.com\\\/avatar\\\/13e699648957af0aba903942fee2a1fc533d92bcd43fcf375a4df1edc2708698?s=96&d=mm&r=g\",\"caption\":\"BasaWeb\"},\"url\":\"https:\\\/\\\/basaworldtravel.com.ar\\\/sitio\\\/author\\\/basaweb\\\/\"}]}<\/script>\n<!-- \/ Yoast SEO plugin. -->","yoast_head_json":{"title":"Mendoza - Grupal acompa\u00f1ada desde BsAs - Basa","robots":{"index":"index","follow":"follow","max-snippet":"max-snippet:-1","max-image-preview":"max-image-preview:large","max-video-preview":"max-video-preview:-1"},"canonical":"https:\/\/basaworldtravel.com.ar\/sitio\/2026\/04\/mendoza-grupal-acompanada-desde-bsas\/","og_locale":"es_ES","og_type":"article","og_title":"Mendoza - Grupal acompa\u00f1ada desde BsAs - Basa","og_description":"Tierra de sol, vino y monta\u00f1a, donde cada copa celebra el paisaje y cada momento se convierte en una experiencia inolvidable","og_url":"https:\/\/basaworldtravel.com.ar\/sitio\/2026\/04\/mendoza-grupal-acompanada-desde-bsas\/","og_site_name":"Basa","article_published_time":"2026-04-13T12:35:47+00:00","article_modified_time":"2026-04-13T12:35:49+00:00","og_image":[{"width":1540,"height":1051,"url":"https:\/\/basaworldtravel.com.ar\/sitio\/wp-content\/uploads\/2026\/04\/mendoza.jpg","type":"image\/jpeg"}],"author":"BasaWeb","twitter_card":"summary_large_image","twitter_misc":{"Escrito por":"BasaWeb","Tiempo de lectura":"7 minutos"},"schema":{"@context":"https:\/\/schema.org","@graph":[{"@type":"Article","@id":"https:\/\/basaworldtravel.com.ar\/sitio\/2026\/04\/mendoza-grupal-acompanada-desde-bsas\/#article","isPartOf":{"@id":"https:\/\/basaworldtravel.com.ar\/sitio\/2026\/04\/mendoza-grupal-acompanada-desde-bsas\/"},"author":{"name":"BasaWeb","@id":"https:\/\/basaworldtravel.com.ar\/sitio\/#\/schema\/person\/d89b1d641794d338c41cd3818beabd4c"},"headline":"Mendoza &#8211; Grupal acompa\u00f1ada desde BsAs","datePublished":"2026-04-13T12:35:47+00:00","dateModified":"2026-04-13T12:35:49+00:00","mainEntityOfPage":{"@id":"https:\/\/basaworldtravel.com.ar\/sitio\/2026\/04\/mendoza-grupal-acompanada-desde-bsas\/"},"wordCount":1547,"image":{"@id":"https:\/\/basaworldtravel.com.ar\/sitio\/2026\/04\/mendoza-grupal-acompanada-desde-bsas\/#primaryimage"},"thumbnailUrl":"https:\/\/basaworldtravel.com.ar\/sitio\/wp-content\/uploads\/2026\/04\/mendoza.jpg","keywords":["2026","ARGENTINA","cuyo","MENDOZA","SALIDAS GRUPALES"],"articleSection":["Argentina","Paquetes"],"inLanguage":"es"},{"@type":"WebPage","@id":"https:\/\/basaworldtravel.com.ar\/sitio\/2026\/04\/mendoza-grupal-acompanada-desde-bsas\/","url":"https:\/\/basaworldtravel.com.ar\/sitio\/2026\/04\/mendoza-grupal-acompanada-desde-bsas\/","name":"Mendoza - Grupal acompa\u00f1ada desde BsAs - Basa","isPartOf":{"@id":"https:\/\/basaworldtravel.com.ar\/sitio\/#website"},"primaryImageOfPage":{"@id":"https:\/\/basaworldtravel.com.ar\/sitio\/2026\/04\/mendoza-grupal-acompanada-desde-bsas\/#primaryimage"},"image":{"@id":"https:\/\/basaworldtravel.com.ar\/sitio\/2026\/04\/mendoza-grupal-acompanada-desde-bsas\/#primaryimage"},"thumbnailUrl":"https:\/\/basaworldtravel.com.ar\/sitio\/wp-content\/uploads\/2026\/04\/mendoza.jpg","datePublished":"2026-04-13T12:35:47+00:00","dateModified":"2026-04-13T12:35:49+00:00","author":{"@id":"https:\/\/basaworldtravel.com.ar\/sitio\/#\/schema\/person\/d89b1d641794d338c41cd3818beabd4c"},"breadcrumb":{"@id":"https:\/\/basaworldtravel.com.ar\/sitio\/2026\/04\/mendoza-grupal-acompanada-desde-bsas\/#breadcrumb"},"inLanguage":"es","potentialAction":[{"@type":"ReadAction","target":["https:\/\/basaworldtravel.com.ar\/sitio\/2026\/04\/mendoza-grupal-acompanada-desde-bsas\/"]}]},{"@type":"ImageObject","inLanguage":"es","@id":"https:\/\/basaworldtravel.com.ar\/sitio\/2026\/04\/mendoza-grupal-acompanada-desde-bsas\/#primaryimage","url":"https:\/\/basaworldtravel.com.ar\/sitio\/wp-content\/uploads\/2026\/04\/mendoza.jpg","contentUrl":"https:\/\/basaworldtravel.com.ar\/sitio\/wp-content\/uploads\/2026\/04\/mendoza.jpg","width":1540,"height":1051},{"@type":"BreadcrumbList","@id":"https:\/\/basaworldtravel.com.ar\/sitio\/2026\/04\/mendoza-grupal-acompanada-desde-bsas\/#breadcrumb","itemListElement":[{"@type":"ListItem","position":1,"name":"Portada","item":"https:\/\/basaworldtravel.com.ar\/sitio\/"},{"@type":"ListItem","position":2,"name":"Mendoza &#8211; Grupal acompa\u00f1ada desde BsAs"}]},{"@type":"WebSite","@id":"https:\/\/basaworldtravel.com.ar\/sitio\/#website","url":"https:\/\/basaworldtravel.com.ar\/sitio\/","name":"Basa","description":"World Travel","potentialAction":[{"@type":"SearchAction","target":{"@type":"EntryPoint","urlTemplate":"https:\/\/basaworldtravel.com.ar\/sitio\/?s={search_term_string}"},"query-input":{"@type":"PropertyValueSpecification","valueRequired":true,"valueName":"search_term_string"}}],"inLanguage":"es"},{"@type":"Person","@id":"https:\/\/basaworldtravel.com.ar\/sitio\/#\/schema\/person\/d89b1d641794d338c41cd3818beabd4c","name":"BasaWeb","image":{"@type":"ImageObject","inLanguage":"es","@id":"https:\/\/secure.gravatar.com\/avatar\/13e699648957af0aba903942fee2a1fc533d92bcd43fcf375a4df1edc2708698?s=96&d=mm&r=g","url":"https:\/\/secure.gravatar.com\/avatar\/13e699648957af0aba903942fee2a1fc533d92bcd43fcf375a4df1edc2708698?s=96&d=mm&r=g","contentUrl":"https:\/\/secure.gravatar.com\/avatar\/13e699648957af0aba903942fee2a1fc533d92bcd43fcf375a4df1edc2708698?s=96&d=mm&r=g","caption":"BasaWeb"},"url":"https:\/\/basaworldtravel.com.ar\/sitio\/author\/basaweb\/"}]}},"_links":{"self":[{"href":"https:\/\/basaworldtravel.com.ar\/sitio\/wp-json\/wp\/v2\/posts\/156370","targetHints":{"allow":["GET"]}}],"collection":[{"href":"https:\/\/basaworldtravel.com.ar\/sitio\/wp-json\/wp\/v2\/posts"}],"about":[{"href":"https:\/\/basaworldtravel.com.ar\/sitio\/wp-json\/wp\/v2\/types\/post"}],"author":[{"embeddable":true,"href":"https:\/\/basaworldtravel.com.ar\/sitio\/wp-json\/wp\/v2\/users\/2"}],"replies":[{"embeddable":true,"href":"https:\/\/basaworldtravel.com.ar\/sitio\/wp-json\/wp\/v2\/comments?post=156370"}],"version-history":[{"count":1,"href":"https:\/\/basaworldtravel.com.ar\/sitio\/wp-json\/wp\/v2\/posts\/156370\/revisions"}],"predecessor-version":[{"id":156372,"href":"https:\/\/basaworldtravel.com.ar\/sitio\/wp-json\/wp\/v2\/posts\/156370\/revisions\/156372"}],"wp:featuredmedia":[{"embeddable":true,"href":"https:\/\/basaworldtravel.com.ar\/sitio\/wp-json\/wp\/v2\/media\/156371"}],"wp:attachment":[{"href":"https:\/\/basaworldtravel.com.ar\/sitio\/wp-json\/wp\/v2\/media?parent=156370"}],"wp:term":[{"taxonomy":"category","embeddable":true,"href":"https:\/\/basaworldtravel.com.ar\/sitio\/wp-json\/wp\/v2\/categories?post=156370"},{"taxonomy":"post_tag","embeddable":true,"href":"https:\/\/basaworldtravel.com.ar\/sitio\/wp-json\/wp\/v2\/tags?post=156370"}],"curies":[{"name":"wp","href":"https:\/\/api.w.org\/{rel}","templated":true}]}}