{"id":156367,"date":"2026-04-13T09:29:48","date_gmt":"2026-04-13T12:29:48","guid":{"rendered":"https:\/\/basaworldtravel.com.ar\/?p=156367"},"modified":"2026-04-13T09:29:53","modified_gmt":"2026-04-13T12:29:53","slug":"grupal-alsacia-baviera-y-los-alpes-2026","status":"publish","type":"post","link":"https:\/\/basaworldtravel.com.ar\/sitio\/2026\/04\/grupal-alsacia-baviera-y-los-alpes-2026\/","title":{"rendered":"GRUPAL ALSACIA, BAVIERA Y LOS ALPES-2026"},"content":{"rendered":"\n<p><strong>Salida 12&nbsp;de Agosto 2026<\/strong><\/p>\n\n\n\n<p>20&nbsp;D\u00cdAS \/ 17 NOCHES<\/p>\n\n\n\n<p><strong>INCLUYE<\/strong><\/p>\n\n\n\n<p>\u2022 17&nbsp;noches de alojamiento en hoteles de categor\u00eda 4 estrellas en Habitaci\u00f3n Standard.<br>\u2022 R\u00e9gimen: con Desayuno + 8 comidas entre almuerzos y cenas.<br>\u2022 A\u00e9reo de Luftansa en Cabina Econ\u00f3mica, ida y vuelta.<br>\u2022 Traslados en servicio&nbsp;privado de llegada, entre destinos y salida con asistencia de habla hispana.<br>\u2022&nbsp;Visitas con gu\u00eda local y\/o excursiones de habla hispana (seg\u00fan itinerario).<br>\u2022&nbsp;Propinas obligatorias (gu\u00edas y conductores).<br>\u2022 City tax incluido en las ciudades donde nos alojamos.<br>\u2022&nbsp;Asistencia al viajero de Universal Assistance Excellence USD 150.000 con garant\u00eda de cancelaci\u00f3n plus hasta USD 6000 (hasta 85 a\u00f1os) con causa.<\/p>\n\n\n\n<p><strong>ITINERARIO<\/strong><\/p>\n\n\n\n<p><strong><u>D\u00cdA 01 \u2013 12 DE AGOSTO EZEIZA<\/u><\/strong><\/p>\n\n\n\n<p>Presentaci\u00f3n en el Aeropuerto Internacional de Ezeiza a las 12:40 hs. para realizar el check in del&nbsp;<strong>vuelo 511 de Lufthansa<\/strong>&nbsp;con destino la ciudad de Frankfurt, horario de salida a las 16:40 hs.&nbsp;<strong>Noche a bordo.<\/strong><\/p>\n\n\n\n<p><strong><u>D\u00cdA 02 \u2013 13 DE AGOSTO FRANKFURT<\/u><\/strong><\/p>\n\n\n\n<p>Llegada al Aeropuerto Internacional de Frankfurt, donde al pasar migraciones nos estar\u00e1 esperando nuestro gu\u00eda de habla hispana para tomar el bus e ir hasta el hotel y dejar las valijas. Luego de tiempo libre para almorzar (no incluido) empezaremos con un recorrido por la ciudad.<\/p>\n\n\n\n<p>Nuestro paseo comienza en la emblem\u00e1tica&nbsp;<strong>Plaza R\u00f6merberg<\/strong>. Este es el centro hist\u00f3rico de la ciudad, donde las coloridas fachadas de entramado de madera nos transportar\u00e1n directamente al siglo XV. All\u00ed mismo, exploramos el&nbsp;<strong>Casco Antiguo (Altstadt)<\/strong>, recientemente reconstruido para recuperar su esplendor medieval tras la Segunda Guerra Mundial.<\/p>\n\n\n\n<p>A pocos pasos, visitaremos la imponente&nbsp;<strong>Catedral de Frankfurt&nbsp;<\/strong>(entrada no incluida). M\u00e1s que una iglesia, este edificio de piedra arenisca roja fue el lugar de coronaci\u00f3n de los emperadores del Sacro Imperio Romano Germ\u00e1nico, un sitio cargado de m\u00edstica y poder. Finalmente, cerraremos nuestro tour frente a la&nbsp;<strong>Antigua \u00d3pera (Alte Oper)<\/strong>. Aunque hoy es una sala de conciertos de primer nivel, su arquitectura renacentista es uno de los s\u00edmbolos de la resiliencia y el gusto refinado de esta metr\u00f3polis alemana.&nbsp;<strong>Cena de bienvenida y alojamiento.<\/strong><\/p>\n\n\n\n<p><strong><u>D\u00cdA 03 \u2013 14 DE AGOSTO FRANKFURT \/ HEIDELBERG \/ ESTRASBURGO (221 Kms)<\/u><\/strong><\/p>\n\n\n\n<p><strong>Desayuno<\/strong>. Dejamos atr\u00e1s Frankfurt para adentrarnos en la que, para muchos, es la ciudad m\u00e1s hermosa de Alemania. Al llegar a&nbsp;<strong>Heidelberg<\/strong>, comenzaremos con un tour de orientaci\u00f3n guiado que nos permitir\u00e1 descubrir por qu\u00e9 este lugar cautiv\u00f3 a poetas y artistas durante siglos. Nuestra mirada se dirigir\u00e1 inevitablemente hacia lo alto para contemplar el majestuoso&nbsp;<strong>Castillo de Heidelberg&nbsp;<\/strong>(entrada no incluida). Esta imponente ruina renacentista domina el paisaje desde la colina, contando historias de reyes y batallas. Ya en el llano, caminaremos hasta la&nbsp;<strong>Plaza del Mercado<\/strong>&nbsp;(Marktplatz), el centro vibrante de la vida local, presidido por la hist\u00f3rica&nbsp;<strong>Iglesia del Esp\u00edritu Santo<\/strong>.<\/p>\n\n\n\n<p>No podemos pasar por alto el&nbsp;<strong>Hotel zum Ritter St. Georg<\/strong>, una joya arquitect\u00f3nica de 1592 que sobrevivi\u00f3 a todas las guerras y se mantiene como la casa m\u00e1s antigua de la ciudad. Finalmente,&nbsp;<strong>cruzaremos el Neckar&nbsp;<\/strong>por el emblem\u00e1tico&nbsp;<strong>Puente Viejo<\/strong>, una de las estructuras de piedra m\u00e1s bellas del pa\u00eds. Pero antes de cruzar, una parada obligatoria: la famosa&nbsp;<strong>Estatua del Mono<\/strong>. Dice la leyenda que tocar su espejo trae buena suerte y dinero&#8230; \u00a1As\u00ed que no se olviden de cumplir con el ritual!&nbsp;<strong>Almuerzo<\/strong>. Continuaci\u00f3n hasta la ciudad de Estrasburgo, llegada y check-in en el hotel.&nbsp;<strong>Alojamiento.<\/strong><\/p>\n\n\n\n<p><strong><u>D\u00cdA 04 \u2013 15 DE AGOSTO ESTRASBURGO \/ COLMAR \/ EGUISHEIM \/ RIQUEWIHR \/ ESTRASBURGO (166 Kms)<\/u><\/strong><\/p>\n\n\n\n<p><strong>Desayuno<\/strong>. Hoy salimos desde Estrasburgo para sumergirnos en la esencia misma de Alsacia, recorriendo tres de sus pueblos m\u00e1s ic\u00f3nicos. Nuestra primera parada es&nbsp;<strong>Colmar<\/strong>. Realizaremos un tour de orientaci\u00f3n con gu\u00eda para descubrir una ciudad que parece detenida en el tiempo. Admiramos la imponente&nbsp;<strong>Colegiata de San Mart\u00edn<\/strong>, una pieza maestra del g\u00f3tico, y caminaremos por las calles empedradas del&nbsp;<strong>Casco Antiguo<\/strong>&nbsp;hasta llegar a la&nbsp;<strong>Peque\u00f1a Venecia<\/strong>. All\u00ed, los canales bordeados de flores y casas de colores nos ofrecer\u00e1n una de las vistas m\u00e1s rom\u00e1nticas de Europa.<\/p>\n\n\n\n<p>Continuaremos hacia&nbsp;<strong>Eguisheim<\/strong>, catalogado como uno de los pueblos m\u00e1s bellos de Francia por su curiosa estructura circular. Nuestro gu\u00eda nos llevar\u00e1 por la&nbsp;<strong>Rue du Rempart<\/strong>, una calle que abraza el centro del pueblo, hasta llegar a la&nbsp;<strong>Plaza del Castillo de San Le\u00f3n<\/strong>&nbsp;y su colorida Capilla de San Le\u00f3n IX, dedicada al Papa que naci\u00f3 en estas tierras. Tiempo libre en la ciudad para almorzar (no incluido) o seguir recorriendo este hermoso pueblo.<\/p>\n\n\n\n<p>Para cerrar el d\u00eda con broche de oro, llegaremos a&nbsp;<strong>Riquewihr<\/strong>. Aqu\u00ed no solo disfrutaremos de su arquitectura, sino que viviremos una experiencia sensorial en la prestigiosa bodega&nbsp;<strong>Domaine Dopff Au Moulin<\/strong>. Disfrutaremos de una visita guiada por sus instalaciones, seguida de una cata exclusiva de 4 vinos locales: un refrescante Cremant Julien Brut (el espumoso alsaciano), un elegante Riesling, un estructurado Pinot Gris y el arom\u00e1tico y famoso Gewurztraminer. Al finalizar la visita regresamos hasta el hotel de Estrasburgo.&nbsp;<strong>Alojamiento.<\/strong><\/p>\n\n\n\n<p><strong><u>D\u00cdA 05 \u2013 16 DE AGOSTO ESTRASBURGO \/ BADEN BADEN \/ FRIBURGO (176 Kms)<\/u><\/strong><\/p>\n\n\n\n<p><strong>Desayuno<\/strong>. Hoy nos despedimos de las tierras francesas de Estrasburgo para cruzar la frontera y adentrarnos en la sofisticada ciudad alemana de&nbsp;<strong>Baden-Baden<\/strong>. Conocida mundialmente por sus termas y su hist\u00f3rico casino, nuestra visita tendr\u00e1 un enfoque delicioso y tradicional.<\/p>\n\n\n\n<p>Nos dirigiremos a la&nbsp;<strong>Baden-Baden Winzergenossenschaft<\/strong>, la prestigiosa cooperativa de viticultores de la zona. All\u00ed, viviremos una experiencia de inmersi\u00f3n en la cultura vin\u00edcola alemana con una&nbsp;<strong>Cata Cl\u00e1sica de&nbsp; vinos t\u00edpicos<\/strong>. Durante la degustaci\u00f3n, exploramos la diversidad de los suelos locales a trav\u00e9s de sus varietales m\u00e1s emblem\u00e1ticos, acompa\u00f1ando cada copa con una selecci\u00f3n de pan y quesos regionales dise\u00f1ados para realzar los sabores de la uva. Tras este brindis, continuaremos nuestro viaje atravesando los paisajes de postal de la&nbsp;<strong>Selva Negra<\/strong>&nbsp;hasta llegar a la vibrante y ecol\u00f3gica Friburgo.&nbsp;<strong>Alojamiento.<\/strong><\/p>\n\n\n\n<p><strong><u>D\u00cdA 06 \u2013 17 DE AGOSTO FRIBURGO \/ SCHAFFHAUSEN \/ CATARATAS DEL RIN \/ FRIEDRICHSHAFEN (195 Kms)<\/u><\/strong><\/p>\n\n\n\n<p><strong>Desayuno<\/strong>. Comenzamos el d\u00eda explorando Friburgo, la&nbsp;<strong>capital de la Selva Negra<\/strong>&nbsp;y una de las ciudades m\u00e1s sostenibles del mundo. Realizaremos un tour de orientaci\u00f3n con gu\u00eda por su encantador Casco Antiguo, famoso por los&nbsp;<strong>B\u00e4chle<\/strong>&nbsp;(peque\u00f1os canales de agua que recorren las calles). Visitaremos la&nbsp;<strong>Catedral de Friburgo<\/strong>, una obra maestra del g\u00f3tico con una torre que ha sido llamada \u00abla m\u00e1s bella de la cristiandad\u00bb. Adem\u00e1s, nos sumergimos en el color y los aromas del&nbsp;<strong>Mercado de la M\u00fcnsterplatz<\/strong>, donde los productos locales son los verdaderos protagonistas.<\/p>\n\n\n\n<p>Luego, cruzaremos la frontera hacia Suiza para llegar a Schaffhausen, hogar de las impresionantes&nbsp;<strong>Cataratas del Rin<\/strong>. All\u00ed viviremos una experiencia llena de adrenalina con el crucero. Partiremos desde Schlossli W\u00f6rth para realizar el recorrido Felsenfahrt, que nos llevar\u00e1 directamente al&nbsp;<strong>coraz\u00f3n de la ca\u00edda de agua<\/strong>, permiti\u00e9ndonos desembarcar en la roca central para sentir la fuerza del r\u00edo a pocos cent\u00edmetros. Continuaremos hacia Dachsen para visitar el hist\u00f3rico&nbsp;<strong>Castillo de Laufen<\/strong>&nbsp;(Schloss Laufen), que vigila las cataratas desde lo alto de un acantilado. Tras disfrutar de las vistas panor\u00e1micas desde sus terrazas, finalizamos nuestra jornada viajando hasta Friedrichshafen, a orillas del&nbsp;<strong>Lago Constanza<\/strong>, donde descansaremos y disfrutaremos de la brisa lacustre.&nbsp;<strong>Alojamiento.<\/strong><\/p>\n\n\n\n<p><strong><u>D\u00cdA 07 \u2013 18 DE AGOSTO FRIEDRICHSHAFEN \/ CONSTANZA \/ FRIEDRICHSHAFEN<\/u><\/strong><\/p>\n\n\n\n<p><strong>Desayuno<\/strong>. Hoy dedicaremos la ma\u00f1ana a descubrir los secretos de&nbsp;<strong>Constanza<\/strong>, una ciudad que respira historia en cada esquina y que goza de una ubicaci\u00f3n privilegiada. Durante el recorrido, exploramos el laberinto de calles de su&nbsp;<strong>casco antiguo medieval<\/strong>&nbsp;(Niederburg) y conoceremos la importancia del Concilio de Constanza. Por supuesto, disfrutaremos de las mejores vistas del&nbsp;<strong>Lago de Constanza<\/strong>&nbsp;(Bodensee), admirando la famosa<strong>&nbsp;estatua de \u00abImperia\u00bb&nbsp;<\/strong>en el puerto, que con sus 9 metros de altura se ha convertido en el s\u00edmbolo moderno de la ciudad. Tras finalizar el tour, tendremos la tarde libre. Es el momento ideal para que cada uno explore a su ritmo: pueden pasear por el paseo mar\u00edtimo, visitar la Catedral de Nuestra Se\u00f1ora, o simplemente sentarse en una terraza a disfrutar del ambiente relajado de la ciudad. Regreso al hotel en Friedrichshafen.&nbsp;<strong>Alojamiento.<\/strong><\/p>\n\n\n\n<p><strong><u>D\u00cdA 08 \u2013 19 DE AGOSTO FRIEDRICHSHAFEN \/ LINDAU \/ F\u00dcSSEN (129 Kms)<\/u><\/strong><\/p>\n\n\n\n<p><strong>Desayuno<\/strong>. Hoy emprendemos nuestro viaje hacia el sur, con destino a F\u00fcssen, pero antes haremos una parada inolvidable en&nbsp;<strong>Lindau<\/strong>. Acompa\u00f1ados por nuestro gu\u00eda, disfrutaremos de un tour por esta espectacular ciudad-isla. Nuestra visita comenzar\u00e1 en el ic\u00f3nico&nbsp;<strong>Puerto de Lindau<\/strong>, famoso por su entrada custodiada por el&nbsp;<strong>Le\u00f3n de Baviera<\/strong>&nbsp;y el imponente Faro Nuevo, con los Alpes suizos y austr\u00edacos como tel\u00f3n de fondo. Caminaremos por el&nbsp;<strong>Paseo Mar\u00edtimo<\/strong>, considerado uno de los m\u00e1s bellos del Lago de Constanza, antes de adentrarnos en el laberinto de calles empedradas del Casco Antiguo. All\u00ed descubriremos edificios hist\u00f3ricos decorados con frescos, como el&nbsp;<strong>antiguo Ayuntamiento<\/strong>, y disfrutaremos del encanto b\u00e1varo en su m\u00e1xima expresi\u00f3n. Tras esta visita, continuaremos nuestro camino hacia la zona de los castillos en F\u00fcssen.&nbsp;<strong>Alojamiento.<\/strong><\/p>\n\n\n\n<p><strong><u>D\u00cdA 09 \u2013 20 DE AGOSTO F\u00dcSSEN \/ NEUSCHWANSTEIN \/ LINDERHOF \/ INNSBRUCK (167 Kms)<\/u><\/strong><\/p>\n\n\n\n<p><strong>Desayuno<\/strong>. Hoy dejamos atr\u00e1s los valles de Baviera para cruzar hacia Austria, pero no sin antes visitar dos de los monumentos m\u00e1s famosos del mundo. Nuestra primera parada ser\u00e1 el&nbsp;<strong>Castillo de Neuschwanstein&nbsp;<\/strong>(entrada incluida), la obra cumbre de&nbsp;<strong>Luis II de Baviera<\/strong>. Este castillo, que sirvi\u00f3 de inspiraci\u00f3n para el logotipo de Walt Disney, se eleva majestuosamente sobre un desfiladero. Caminaremos hasta el Puente de Mar\u00eda (Marienbr\u00fccke) para obtener la foto perfecta de sus torres blancas antes de conocer su interior cargado de m\u00edstica wagneriana.&nbsp;<strong>Almuerzo<\/strong>.<\/p>\n\n\n\n<p>Continuaremos nuestro viaje hacia el&nbsp;<strong>Palacio de Linderhof&nbsp;<\/strong>(entrada incluida), la \u00abjoya escondida\u00bb del rey. Es el m\u00e1s peque\u00f1o de sus castillos pero el m\u00e1s lujoso, inspirado en el esplendor de Versalles. Sus jardines, fuentes y la meticulosa decoraci\u00f3n interior de estilo rococ\u00f3 nos dejar\u00e1n sin palabras. Finalmente, cruzaremos la frontera austr\u00edaca para llegar a la pintoresca<strong>&nbsp;Innsbruck<\/strong>.&nbsp;<strong>Alojamiento.<\/strong><\/p>\n\n\n\n<p><strong><u>D\u00cdA 10 \u2013 21 DE AGOSTO INNSBRUCK<\/u><\/strong><\/p>\n\n\n\n<p><strong>Desayuno<\/strong>. Visita la ciudad de Innsbruck. Comenzaremos en el centro hist\u00f3rico para visitar el famoso&nbsp;<strong>Tejadillo de Oro<\/strong>&nbsp;(Goldenes Dachl). Entramos a su museo para conocer la historia detr\u00e1s de sus 2.657 tejas de&nbsp;<strong>cobre doradas al fuego<\/strong>, que han brillado en el coraz\u00f3n de la ciudad por m\u00e1s de 500 a\u00f1os. A continuaci\u00f3n, nos dirigiremos al&nbsp;<strong>Palacio Imperial de Hofburg&nbsp;<\/strong>(entrada incluida). Contaremos con un gu\u00eda especializado para recorrer los&nbsp;<strong>Apartamentos Imperiales<\/strong>, donde reviviremos el esplendor de la corte de los Habsburgo, paseando por sus majestuosos salones de baile y habitaciones reales.<\/p>\n\n\n\n<p>Para coronar el d\u00eda, realizaremos un viaje inolvidable en telef\u00e9rico que nos llevar\u00e1 directamente desde el centro de la ciudad hasta el&nbsp;<strong>Hafelekar<\/strong>, conocido como el&nbsp;<strong>\u00abTop of Innsbruck\u00bb<\/strong>. A 2.334 metros de altura, disfrutaremos de una vista panor\u00e1mica de 360 grados: hacia un lado, la vibrante ciudad y el valle del Eno; hacia el otro, la naturaleza salvaje del Parque Karwendel. \u00a1Una experiencia literal de altura! Regreso al hotel y tarde libre.&nbsp;<strong>Alojamiento.<\/strong><\/p>\n\n\n\n<p><strong><u>D\u00cdA 11 \u2013 22 DE AGOSTO INNSBRUCK \/ SALZBURGO (189 Kms)<\/u><\/strong><\/p>\n\n\n\n<p><strong>Desayuno<\/strong>. Hoy emprendemos nuestro viaje hacia el este, adentr\u00e1ndonos en el coraz\u00f3n de Austria. Nuestra primera parada ser\u00e1 una experiencia m\u00e1gica en&nbsp;<strong>Swarovski Crystal World<\/strong>, en Wattens. Entraremos a este universo de fantas\u00eda custodiado por el famoso \u00abGigante\u00bb, en cuyo interior descubriremos las C\u00e1maras de las Maravillas: salas dise\u00f1adas por artistas internacionales que utilizan el cristal para crear instalaciones art\u00edsticas \u00fanicas en el mundo. No olviden visitar la&nbsp;<strong>Nube de Cristal<\/strong>&nbsp;en el jard\u00edn, \u00a1es un espect\u00e1culo visual!<\/p>\n\n\n\n<p><strong>Almuerzo<\/strong>. Continuaremos nuestro camino hasta llegar a la ciudad de la m\u00fasica: Salzburgo. Pasearemos por los rom\u00e1nticos&nbsp;<strong>Jardines de Mirabell<\/strong>, famosos por ser el escenario de la pel\u00edcula La Novicia Rebelde (The Sound of Music). Cruzaremos el r\u00edo Salzach para explorar el Casco Antiguo,&nbsp;<strong>Patrimonio de la Humanidad<\/strong>, donde caminaremos por la vibrante calle Getreidegasse hasta llegar frente a la&nbsp;<strong>Casa Natal de Mozart&nbsp;<\/strong>(entrada no incluida), donde el genio musical dio sus primeros pasos.&nbsp;<strong>Alojamiento.<\/strong><\/p>\n\n\n\n<p><strong><u>D\u00cdA 12 \u2013 23 DE AGOSTO SALZBURGO \/ HALLSTATT \/ SALZBURGO (152 Kms)<\/u><\/strong><\/p>\n\n\n\n<p><strong>Desayuno<\/strong>. Excursi\u00f3n de d\u00eda completo a&nbsp;<strong>Hallstatt<\/strong>, una joya escondida entre los Alpes y el lago. Nuestra aventura comienza en las alturas con la visita a la&nbsp;<strong>Mina de Sal<\/strong>, la m\u00e1s antigua del mundo. Subiremos en el&nbsp;<strong>funicular de ida y vuelta<\/strong>&nbsp;y realizaremos un tour guiado (con audio disponible) por las galer\u00edas subterr\u00e1neas, donde aprenderemos c\u00f3mo el \u00aboro blanco\u00bb dio forma a esta regi\u00f3n.<\/p>\n\n\n\n<p>Adem\u00e1s, visitaremos el famoso&nbsp;<strong>Skywalk<\/strong>, un&nbsp;<strong>mirador que flota a 350 metros<\/strong>&nbsp;de altura sobre el pueblo. Nota importante: Debido a trabajos de construcci\u00f3n, el acceso al mirador actualmente requiere subir 400 escalones (y luego bajarlos), por lo que recomendamos llevar calzado c\u00f3modo y muchas ganas de disfrutar de una vista declarada&nbsp;<strong>Patrimonio de la Humanidad<\/strong>&nbsp;por la UNESCO.&nbsp;<strong>Almuerzo<\/strong>.<\/p>\n\n\n\n<p>Por la tarde, nos encontraremos con nuestro gu\u00eda de habla hispana para un tour de orientaci\u00f3n. Caminaremos por las pintorescas calles a orillas del&nbsp;<strong>Lago Hallstatt<\/strong>, visitaremos la impresionante&nbsp;<strong>Cascada Waldbachstrub<\/strong>&nbsp;y entramos a uno de los sitios m\u00e1s curiosos del pueblo: el&nbsp;<strong>Osario en la Capilla de San Miguel<\/strong>, donde se conservan cientos de cr\u00e1neos decorados a mano, una tradici\u00f3n \u00fanica de la zona. Regreso al hotel de Salzburgo.&nbsp;<strong>Alojamiento.<\/strong><\/p>\n\n\n\n<p><strong><u>D\u00cdA 13 \u2013 24 DE AGOSTO SALZBURGO<\/u><\/strong><\/p>\n\n\n\n<p><strong>Desayuno<\/strong>. D\u00eda libre para descansar o realizar actividades personales en la ciudad de Salzburgo.&nbsp;<strong>Alojamiento.<\/strong><\/p>\n\n\n\n<p><strong><u>D\u00cdA 14 \u2013 25 DE AGOSTO SALZBURGO \/ SALZKAMMERGUT \/ SALZBURGO (226 Kms)<\/u><\/strong><\/p>\n\n\n\n<p><strong>Desayuno<\/strong>. Hoy disfrutaremos de una excursi\u00f3n de d\u00eda completo a uno de los destinos m\u00e1s encantadores y tradicionales de Austria:&nbsp;<strong>Sankt Wolfgang<\/strong>. Acompa\u00f1ados por nuestro gu\u00eda de habla hispana, exploramos este pueblo de postal ubicado a orillas del&nbsp;<strong>lago Wolfgangsee<\/strong>.<\/p>\n\n\n\n<p>Durante el d\u00eda, caminaremos por sus calles empedradas y veremos por fuera la famosa&nbsp;<strong>Iglesia de Peregrinaci\u00f3n de San Wolfgang<\/strong>, que alberga un impresionante altar g\u00f3tico del siglo XV, una verdadera joya del arte europeo. Tambi\u00e9n pasaremos frente al legendario hotel&nbsp;<strong>\u00abIm Weissen R\u00f6ssl\u00bb<\/strong>&nbsp;(La Posada del Caballito Blanco), mundialmente conocido por haber inspirado una famosa opereta.&nbsp;<strong>Almuerzo<\/strong>. Tendremos tiempo para disfrutar del paisaje alpino, pasear por el paseo mar\u00edtimo y empaparnos de la tranquilidad de la regi\u00f3n de Salzkammergut. Regreso al hotel de Salzburgo por la tarde.&nbsp;<strong>Alojamiento.<\/strong><\/p>\n\n\n\n<p><strong><u>D\u00cdA 15 \u2013 26 DE AGOSTO SALZBURGO \/ M\u00daNICH (143 Kms)<\/u><\/strong><\/p>\n\n\n\n<p><strong>Desayuno<\/strong>. Hoy nos dirigimos hacia la vibrante M\u00fanich. A nuestra llegada, realizaremos un city tour donde recorreremos los puntos m\u00e1s emblem\u00e1ticos de la ciudad. Comenzaremos en la&nbsp;<strong>Marienplatz<\/strong>, el alma de la ciudad, para admirar el&nbsp;<strong>Nuevo Ayuntamiento<\/strong>&nbsp;(Neues Rathaus), una joya neog\u00f3tica famosa por su imponente fachada. A pocos pasos, veremos el&nbsp;<strong>Antiguo Ayuntamiento<\/strong>&nbsp;(Altes Rathaus), que con su arquitectura medieval parece sacado de un cuento.<\/p>\n\n\n\n<p>Nuestra ruta nos llevar\u00e1 tambi\u00e9n a conocer la cara m\u00e1s moderna de la ciudad al pasar por el&nbsp;<strong>Parque Ol\u00edmpico<\/strong>, donde destaca la&nbsp;<strong>Torre Ol\u00edmpica<\/strong>&nbsp;(subida no incluida), con m\u00e1s de 290 metros de altura. Finalmente, contemplaremos la majestuosidad del&nbsp;<strong>Museo Nacional B\u00e1varo&nbsp;<\/strong>(entrada no incluida), uno de los museos de arte e historia m\u00e1s importantes de Europa, cuyo edificio es en s\u00ed mismo una obra de arte.&nbsp;<strong>Almuerzo<\/strong>&nbsp;y llegada al hotel para hacer el check-in. Resto del d\u00eda libre.&nbsp;<strong>Alojamiento.<\/strong><\/p>\n\n\n\n<p><strong><u>D\u00cdA 16 \u2013 27 DE AGOSTO M\u00daNICH&nbsp;<\/u><\/strong><\/p>\n\n\n\n<p><strong>Desayuno<\/strong>. D\u00eda libre para descansar o realizar actividades personales en la ciudad de M\u00fanich.&nbsp;<strong>Alojamiento.<\/strong><\/p>\n\n\n\n<p><strong><u>D\u00cdA 17 \u2013 28 DE AGOSTO M\u00daNICH \/ ROTHENBURG OB DER TAUBER (255 Kms)<\/u><\/strong><\/p>\n\n\n\n<p><strong>Desayuno<\/strong>. Hoy nos despedimos de la gran metr\u00f3polis de M\u00fanich para viajar hacia&nbsp;<strong>Rothenburg ob der Tauber<\/strong>, una joya detenida en el tiempo dentro de la&nbsp;<strong>Ruta Rom\u00e1ntica<\/strong>. Realizaremos un tour de orientaci\u00f3n con gu\u00eda que nos llevar\u00e1 a trav\u00e9s de sus murallas y calles empedradas. Nuestra primera parada ser\u00e1 la&nbsp;<strong>Plaza del Mercado<\/strong>, donde observaremos las famosas&nbsp;<strong>Figuras del Reloj Aut\u00f3mata<\/strong>, que recrean la leyenda del \u00abTrago Maestro\u00bb (Meistertrunk) que salv\u00f3 a la ciudad en el siglo XVII.<\/p>\n\n\n\n<p>Continuaremos hacia el&nbsp;<strong>Museo del Crimen Medieval<\/strong>&nbsp;(entrada no incluida), un sitio fascinante y \u00fanico en Europa que exhibe instrumentos de justicia y castigo de los \u00faltimos siete siglos. Para cerrar con broche de oro, caminaremos hasta el&nbsp;<strong>Burggarten<\/strong>&nbsp;(Jard\u00edn del Castillo). Aunque el castillo ya no existe, sus jardines ofrecen una de las vistas m\u00e1s impresionantes y relajantes de todo el valle del r\u00edo Tauber.<\/p>\n\n\n\n<p>Al caer la noche, la ciudad se transforma y nosotros nos uniremos a una de las tradiciones m\u00e1s queridas de Baviera: el recorrido a pie con el&nbsp;<strong>Sereno de Rothenburg<\/strong>. Acompa\u00f1aremos a este personaje hist\u00f3rico, vestido con su capa negra y portando su alabarda y linterna, en un viaje por el tiempo. A trav\u00e9s de sus relatos llenos de humor y misterio, conoceremos c\u00f3mo era la vida nocturna en la Edad Media, los peligros que acechaban tras las murallas y las an\u00e9cdotas m\u00e1s extra\u00f1as de los antiguos ciudadanos. Es una experiencia m\u00e1gica donde las sombras de las casas de entramado de madera cobran vida. Regreso al hotel y&nbsp;<strong>alojamiento.<\/strong><\/p>\n\n\n\n<p><strong><u>D\u00cdA 18 \u2013 29 DE AGOSTO ROTHENBURG OB DER TAUBER \/ W\u00dcRZBURG \/ FRANKFURT (184 Kms)<\/u><\/strong><\/p>\n\n\n\n<p><strong>Desayuno<\/strong>. Hoy emprendemos nuestro tramo final de regreso a Frankfurt, pero antes descubriremos la elegancia de Wurzburgo. Visitaremos el exterior de la&nbsp;<strong>Catedral de Wurzburgo<\/strong>, una imponente bas\u00edlica rom\u00e1nica que es la cuarta iglesia m\u00e1s grande de Alemania y que guarda tesoros art\u00edsticos de varios siglos. Tambi\u00e9n admiramos, desde los mejores puntos panor\u00e1micos de la ciudad, la majestuosa&nbsp;<strong>Fortaleza de Marienberg<\/strong>. Este imponente castillo, situado en la otra orilla del r\u00edo Meno y rodeado de vi\u00f1edos, fue durante siglos el hogar de los pr\u00edncipes-obispos y hoy sigue vigilando la ciudad con su silueta inconfundible. Tras esta inmersi\u00f3n en la historia b\u00e1vara, continuaremos nuestro viaje hacia Frankfurt.&nbsp;<strong>Cena de despedida y alojamiento.<\/strong><\/p>\n\n\n\n<p><strong><u>D\u00cdA 19 \u2013 30 DE AGOSTO FRANKFURT \/ EN VUELO<\/u><\/strong><\/p>\n\n\n\n<p><strong>Desayuno<\/strong>. Ma\u00f1ana libre, a la hora indicada traslado al Aeropuerto Internacional de Frankfurt para tomar el&nbsp;<strong>vuelo 510 de Lufthansa<\/strong>&nbsp;con destino a Ezeiza.&nbsp;<strong>Noche a bordo.<\/strong><\/p>\n\n\n\n<p><strong><u>D\u00cdA 20 \u2013 31 DE AGOSTO EZEIZA<\/u><\/strong><\/p>\n\n\n\n<p>Por la ma\u00f1ana, llegada al aeropuerto internacional de Ezeiza.<\/p>\n\n\n\n<p>FIN DE NUESTROS SERVICIOS<\/p>\n\n\n\n<p><strong>EXCURSIONES<\/strong><\/p>\n\n\n\n<p>\u2022&nbsp;<strong>Visita guiada a las ciudades:<\/strong>&nbsp;Frankfurt, Heidelberg, Friburgo, Constanza, Lindau, Salzburgo, Sankt Wolfgang, M\u00fanich, Rothenburg y Wurzburgo.<\/p>\n\n\n\n<p>\u2022 Excursi\u00f3n de d\u00eda completo a los pueblos de Alsacia:&nbsp;<strong>Colmar, Eguisheim y Riquewihr<\/strong>&nbsp;con visita y degustaci\u00f3n en la&nbsp;<strong>bodega Domaine Dopff Au Moulin<\/strong>.<\/p>\n\n\n\n<p>\u2022 Visita a&nbsp;<strong>Baden-Baden Winzergenossenschaft<\/strong>, la prestigiosa cooperativa de viticultores con cata de vinos cl\u00e1sicos.<\/p>\n\n\n\n<p>\u2022 Excursi\u00f3n de d\u00eda completo por Suiza para conocer las&nbsp;<strong>Cataratas del Rin<\/strong>.<\/p>\n\n\n\n<p>\u2022 Entrada al&nbsp;<strong>Castillo de Neuschwanstein&nbsp;<\/strong>y el<strong>&nbsp;Palacio de Linderhof.<\/strong><\/p>\n\n\n\n<p>\u2022&nbsp;<strong>Innsbruck:<\/strong>&nbsp;Visita de la ciudad con entrada al Tejadillo Dorado y el Palacio Imperial de Hofburg.<\/p>\n\n\n\n<p>\u2022 Excursi\u00f3n de d\u00eda completo a<strong>&nbsp;Hallstatt<\/strong>&nbsp;con entrada a la Mina de Sal, subida en funicular para tener las mejores vistas de la ciudad.<\/p>\n\n\n\n<p><strong>DETALLE DE LOS VUELOS<\/strong><\/p>\n\n\n\n<p>LH 511 12AUG EZEFRA 1640 1100 13AUG<\/p>\n\n\n\n<p>LH 510 30AUG FRAEZE 2140 0625 31AUG<\/p>\n\n\n\n<p>Equipaje permitido: Incluye 1 equipaje en bodega 23 Kg y equipaje de mano 8 Kg.<\/p>\n\n\n\n<p>Vuelos confirmados por Lufthansa sujetos a modificaci\u00f3n y reconfirmaci\u00f3n por la compa\u00f1\u00eda a\u00e9rea.<\/p>\n\n\n\n<p><\/p>\n\n\n\n<p>HOTELERIA PREVISTA O SIMILAR<\/p>\n\n\n\n<p><strong>Hoteles 4&nbsp;estrellas:<\/strong><\/p>\n\n\n\n<p>Frankfurt (1 Noche): Mercure Residenz Frankfurt Messe<br>Estrasburgo (2 Noches): Aloft Strasbourg City Centre<br>Friburgo (1 Noche): Hotel Stadt Freiburg<br>Friedrichshafen (2 Noches): Seehotel Friedrichshafen<br>F\u00fcssen (1 Noche): Luitpoldpark Hotel<br>Innsbruck (2 Noches): AC Hotel Innsbruck<br>Salzburgo (4 Noches): Wyndham Grand Salzburg Conference Centre<br>M\u00fanich (2 Noches): Holiday Inn Munich Leuchtenbergring<br>Rothenburg (1 Noche): Hotel Altes Brauhaus<br>Frankfurt (1 Noche): Mercure Residenz Frankfurt Messe<\/p>\n\n\n\n<p><\/p>\n\n\n\n<p><strong>NO INCLUYE<\/strong><\/p>\n\n\n\n<p>\u2022\u00a0Cualquier almuerzo o cena no mencionada en el programa.<br>\u2022\u00a0Extras y gastos personales.<br>\u2022\u00a0Cualquier excursi\u00f3n opcional.<br>\u2022\u00a0Propinas no obligatorias.<br>\u2022\u00a0Maleteros.<br>\u2022\u00a0Bebidas no incluidas en las comidas.<br>\u2022\u00a0Asignaci\u00f3n de asientos (el costo lo determina la compa\u00f1ia a\u00e9rea).<br>\u2022\u00a0Suplemento de asistencia para pasajeros mayores de 70 a\u00f1os: El suplemento asistencia al viajero pasajeros 71 \u2013 85 a\u00f1os: 120 USD P.PAX (con\u00a0seguro de cancelaci\u00f3n).<\/p>\n\n\n\n<p><strong>REQUISITOS<\/strong><\/p>\n\n\n\n<p>\u2022\u00a0Pasaporte vigente y en buenas condiciones, con hojas libres para sellados migratorios y vigencia m\u00ednima 6 meses desde la fecha de regreso a Argentina.<\/p>\n\n\n\n<p><strong>PRECIO POR PERSONA EN BASE DOBLE USD7990 <\/strong><\/p>\n\n\n\n<p>connec<\/p>\n\n\n\n<p><\/p>\n","protected":false},"excerpt":{"rendered":"<p>Entre vi\u00f1edos, castillos y cumbres nevadas, Alsacia, Baviera y los Alpes te invitan a vivir un recorrido que combina encanto, historia y paisajes inolvidables.<\/p>\n","protected":false},"author":2,"featured_media":156368,"comment_status":"closed","ping_status":"open","sticky":false,"template":"","format":"standard","meta":{"_acf_changed":false,"footnotes":""},"categories":[9,5],"tags":[703,833,834,835,653,645,836,655,80,651],"class_list":["post-156367","post","type-post","status-publish","format-standard","has-post-thumbnail","hentry","category-exoticos","category-paquetes","tag-703","tag-alsacia","tag-baviera","tag-baviera-los-alpes","tag-estrasburgo","tag-frankfurt","tag-los-alpes","tag-munich","tag-salidas-grupales","tag-suiza","category-9","category-5","description-off"],"acf":[],"yoast_head":"<!-- This site is optimized with the Yoast SEO plugin v28.4 - https:\/\/yoast.com\/product\/yoast-seo-wordpress\/ -->\n<title>GRUPAL ALSACIA, BAVIERA Y LOS ALPES-2026 - Basa<\/title>\n<meta name=\"robots\" content=\"index, follow, max-snippet:-1, max-image-preview:large, max-video-preview:-1\" \/>\n<link rel=\"canonical\" href=\"https:\/\/basaworldtravel.com.ar\/sitio\/2026\/04\/grupal-alsacia-baviera-y-los-alpes-2026\/\" \/>\n<meta property=\"og:locale\" content=\"es_ES\" \/>\n<meta property=\"og:type\" content=\"article\" \/>\n<meta property=\"og:title\" content=\"GRUPAL ALSACIA, BAVIERA Y LOS ALPES-2026 - Basa\" \/>\n<meta property=\"og:description\" content=\"Entre vi\u00f1edos, castillos y cumbres nevadas, Alsacia, Baviera y los Alpes te invitan a vivir un recorrido que combina encanto, historia y paisajes inolvidables.\" \/>\n<meta property=\"og:url\" content=\"https:\/\/basaworldtravel.com.ar\/sitio\/2026\/04\/grupal-alsacia-baviera-y-los-alpes-2026\/\" \/>\n<meta property=\"og:site_name\" content=\"Basa\" \/>\n<meta property=\"article:published_time\" content=\"2026-04-13T12:29:48+00:00\" \/>\n<meta property=\"article:modified_time\" content=\"2026-04-13T12:29:53+00:00\" \/>\n<meta property=\"og:image\" content=\"https:\/\/basaworldtravel.com.ar\/sitio\/wp-content\/uploads\/2026\/04\/LOS-ALPES-SUZOS.jpg\" \/>\n\t<meta property=\"og:image:width\" content=\"2000\" \/>\n\t<meta property=\"og:image:height\" content=\"1125\" \/>\n\t<meta property=\"og:image:type\" content=\"image\/jpeg\" \/>\n<meta name=\"author\" content=\"BasaWeb\" \/>\n<meta name=\"twitter:card\" content=\"summary_large_image\" \/>\n<meta name=\"twitter:label1\" content=\"Escrito por\" \/>\n\t<meta name=\"twitter:data1\" content=\"BasaWeb\" \/>\n\t<meta name=\"twitter:label2\" content=\"Tiempo de lectura\" \/>\n\t<meta name=\"twitter:data2\" content=\"16 minutos\" \/>\n<script type=\"application\/ld+json\" class=\"yoast-schema-graph\">{\"@context\":\"https:\\\/\\\/schema.org\",\"@graph\":[{\"@type\":\"Article\",\"@id\":\"https:\\\/\\\/basaworldtravel.com.ar\\\/sitio\\\/2026\\\/04\\\/grupal-alsacia-baviera-y-los-alpes-2026\\\/#article\",\"isPartOf\":{\"@id\":\"https:\\\/\\\/basaworldtravel.com.ar\\\/sitio\\\/2026\\\/04\\\/grupal-alsacia-baviera-y-los-alpes-2026\\\/\"},\"author\":{\"name\":\"BasaWeb\",\"@id\":\"https:\\\/\\\/basaworldtravel.com.ar\\\/sitio\\\/#\\\/schema\\\/person\\\/d89b1d641794d338c41cd3818beabd4c\"},\"headline\":\"GRUPAL ALSACIA, BAVIERA Y LOS ALPES-2026\",\"datePublished\":\"2026-04-13T12:29:48+00:00\",\"dateModified\":\"2026-04-13T12:29:53+00:00\",\"mainEntityOfPage\":{\"@id\":\"https:\\\/\\\/basaworldtravel.com.ar\\\/sitio\\\/2026\\\/04\\\/grupal-alsacia-baviera-y-los-alpes-2026\\\/\"},\"wordCount\":3590,\"image\":{\"@id\":\"https:\\\/\\\/basaworldtravel.com.ar\\\/sitio\\\/2026\\\/04\\\/grupal-alsacia-baviera-y-los-alpes-2026\\\/#primaryimage\"},\"thumbnailUrl\":\"https:\\\/\\\/basaworldtravel.com.ar\\\/sitio\\\/wp-content\\\/uploads\\\/2026\\\/04\\\/LOS-ALPES-SUZOS.jpg\",\"keywords\":[\"2026\",\"ALSACIA\",\"BAVIERA\",\"BAVIERA &amp; LOS ALPES\",\"ESTRASBURGO\",\"FRANKFURT\",\"LOS ALPES\",\"M\u00daNICH\",\"SALIDAS GRUPALES\",\"SUIZA\"],\"articleSection\":[\"Exoticos\",\"Paquetes\"],\"inLanguage\":\"es\"},{\"@type\":\"WebPage\",\"@id\":\"https:\\\/\\\/basaworldtravel.com.ar\\\/sitio\\\/2026\\\/04\\\/grupal-alsacia-baviera-y-los-alpes-2026\\\/\",\"url\":\"https:\\\/\\\/basaworldtravel.com.ar\\\/sitio\\\/2026\\\/04\\\/grupal-alsacia-baviera-y-los-alpes-2026\\\/\",\"name\":\"GRUPAL ALSACIA, BAVIERA Y LOS ALPES-2026 - Basa\",\"isPartOf\":{\"@id\":\"https:\\\/\\\/basaworldtravel.com.ar\\\/sitio\\\/#website\"},\"primaryImageOfPage\":{\"@id\":\"https:\\\/\\\/basaworldtravel.com.ar\\\/sitio\\\/2026\\\/04\\\/grupal-alsacia-baviera-y-los-alpes-2026\\\/#primaryimage\"},\"image\":{\"@id\":\"https:\\\/\\\/basaworldtravel.com.ar\\\/sitio\\\/2026\\\/04\\\/grupal-alsacia-baviera-y-los-alpes-2026\\\/#primaryimage\"},\"thumbnailUrl\":\"https:\\\/\\\/basaworldtravel.com.ar\\\/sitio\\\/wp-content\\\/uploads\\\/2026\\\/04\\\/LOS-ALPES-SUZOS.jpg\",\"datePublished\":\"2026-04-13T12:29:48+00:00\",\"dateModified\":\"2026-04-13T12:29:53+00:00\",\"author\":{\"@id\":\"https:\\\/\\\/basaworldtravel.com.ar\\\/sitio\\\/#\\\/schema\\\/person\\\/d89b1d641794d338c41cd3818beabd4c\"},\"breadcrumb\":{\"@id\":\"https:\\\/\\\/basaworldtravel.com.ar\\\/sitio\\\/2026\\\/04\\\/grupal-alsacia-baviera-y-los-alpes-2026\\\/#breadcrumb\"},\"inLanguage\":\"es\",\"potentialAction\":[{\"@type\":\"ReadAction\",\"target\":[\"https:\\\/\\\/basaworldtravel.com.ar\\\/sitio\\\/2026\\\/04\\\/grupal-alsacia-baviera-y-los-alpes-2026\\\/\"]}]},{\"@type\":\"ImageObject\",\"inLanguage\":\"es\",\"@id\":\"https:\\\/\\\/basaworldtravel.com.ar\\\/sitio\\\/2026\\\/04\\\/grupal-alsacia-baviera-y-los-alpes-2026\\\/#primaryimage\",\"url\":\"https:\\\/\\\/basaworldtravel.com.ar\\\/sitio\\\/wp-content\\\/uploads\\\/2026\\\/04\\\/LOS-ALPES-SUZOS.jpg\",\"contentUrl\":\"https:\\\/\\\/basaworldtravel.com.ar\\\/sitio\\\/wp-content\\\/uploads\\\/2026\\\/04\\\/LOS-ALPES-SUZOS.jpg\",\"width\":2000,\"height\":1125},{\"@type\":\"BreadcrumbList\",\"@id\":\"https:\\\/\\\/basaworldtravel.com.ar\\\/sitio\\\/2026\\\/04\\\/grupal-alsacia-baviera-y-los-alpes-2026\\\/#breadcrumb\",\"itemListElement\":[{\"@type\":\"ListItem\",\"position\":1,\"name\":\"Portada\",\"item\":\"https:\\\/\\\/basaworldtravel.com.ar\\\/sitio\\\/\"},{\"@type\":\"ListItem\",\"position\":2,\"name\":\"GRUPAL ALSACIA, BAVIERA Y LOS ALPES-2026\"}]},{\"@type\":\"WebSite\",\"@id\":\"https:\\\/\\\/basaworldtravel.com.ar\\\/sitio\\\/#website\",\"url\":\"https:\\\/\\\/basaworldtravel.com.ar\\\/sitio\\\/\",\"name\":\"Basa\",\"description\":\"World Travel\",\"potentialAction\":[{\"@type\":\"SearchAction\",\"target\":{\"@type\":\"EntryPoint\",\"urlTemplate\":\"https:\\\/\\\/basaworldtravel.com.ar\\\/sitio\\\/?s={search_term_string}\"},\"query-input\":{\"@type\":\"PropertyValueSpecification\",\"valueRequired\":true,\"valueName\":\"search_term_string\"}}],\"inLanguage\":\"es\"},{\"@type\":\"Person\",\"@id\":\"https:\\\/\\\/basaworldtravel.com.ar\\\/sitio\\\/#\\\/schema\\\/person\\\/d89b1d641794d338c41cd3818beabd4c\",\"name\":\"BasaWeb\",\"image\":{\"@type\":\"ImageObject\",\"inLanguage\":\"es\",\"@id\":\"https:\\\/\\\/secure.gravatar.com\\\/avatar\\\/13e699648957af0aba903942fee2a1fc533d92bcd43fcf375a4df1edc2708698?s=96&d=mm&r=g\",\"url\":\"https:\\\/\\\/secure.gravatar.com\\\/avatar\\\/13e699648957af0aba903942fee2a1fc533d92bcd43fcf375a4df1edc2708698?s=96&d=mm&r=g\",\"contentUrl\":\"https:\\\/\\\/secure.gravatar.com\\\/avatar\\\/13e699648957af0aba903942fee2a1fc533d92bcd43fcf375a4df1edc2708698?s=96&d=mm&r=g\",\"caption\":\"BasaWeb\"},\"url\":\"https:\\\/\\\/basaworldtravel.com.ar\\\/sitio\\\/author\\\/basaweb\\\/\"}]}<\/script>\n<!-- \/ Yoast SEO plugin. -->","yoast_head_json":{"title":"GRUPAL ALSACIA, BAVIERA Y LOS ALPES-2026 - Basa","robots":{"index":"index","follow":"follow","max-snippet":"max-snippet:-1","max-image-preview":"max-image-preview:large","max-video-preview":"max-video-preview:-1"},"canonical":"https:\/\/basaworldtravel.com.ar\/sitio\/2026\/04\/grupal-alsacia-baviera-y-los-alpes-2026\/","og_locale":"es_ES","og_type":"article","og_title":"GRUPAL ALSACIA, BAVIERA Y LOS ALPES-2026 - Basa","og_description":"Entre vi\u00f1edos, castillos y cumbres nevadas, Alsacia, Baviera y los Alpes te invitan a vivir un recorrido que combina encanto, historia y paisajes inolvidables.","og_url":"https:\/\/basaworldtravel.com.ar\/sitio\/2026\/04\/grupal-alsacia-baviera-y-los-alpes-2026\/","og_site_name":"Basa","article_published_time":"2026-04-13T12:29:48+00:00","article_modified_time":"2026-04-13T12:29:53+00:00","og_image":[{"width":2000,"height":1125,"url":"https:\/\/basaworldtravel.com.ar\/sitio\/wp-content\/uploads\/2026\/04\/LOS-ALPES-SUZOS.jpg","type":"image\/jpeg"}],"author":"BasaWeb","twitter_card":"summary_large_image","twitter_misc":{"Escrito por":"BasaWeb","Tiempo de lectura":"16 minutos"},"schema":{"@context":"https:\/\/schema.org","@graph":[{"@type":"Article","@id":"https:\/\/basaworldtravel.com.ar\/sitio\/2026\/04\/grupal-alsacia-baviera-y-los-alpes-2026\/#article","isPartOf":{"@id":"https:\/\/basaworldtravel.com.ar\/sitio\/2026\/04\/grupal-alsacia-baviera-y-los-alpes-2026\/"},"author":{"name":"BasaWeb","@id":"https:\/\/basaworldtravel.com.ar\/sitio\/#\/schema\/person\/d89b1d641794d338c41cd3818beabd4c"},"headline":"GRUPAL ALSACIA, BAVIERA Y LOS ALPES-2026","datePublished":"2026-04-13T12:29:48+00:00","dateModified":"2026-04-13T12:29:53+00:00","mainEntityOfPage":{"@id":"https:\/\/basaworldtravel.com.ar\/sitio\/2026\/04\/grupal-alsacia-baviera-y-los-alpes-2026\/"},"wordCount":3590,"image":{"@id":"https:\/\/basaworldtravel.com.ar\/sitio\/2026\/04\/grupal-alsacia-baviera-y-los-alpes-2026\/#primaryimage"},"thumbnailUrl":"https:\/\/basaworldtravel.com.ar\/sitio\/wp-content\/uploads\/2026\/04\/LOS-ALPES-SUZOS.jpg","keywords":["2026","ALSACIA","BAVIERA","BAVIERA &amp; LOS ALPES","ESTRASBURGO","FRANKFURT","LOS ALPES","M\u00daNICH","SALIDAS GRUPALES","SUIZA"],"articleSection":["Exoticos","Paquetes"],"inLanguage":"es"},{"@type":"WebPage","@id":"https:\/\/basaworldtravel.com.ar\/sitio\/2026\/04\/grupal-alsacia-baviera-y-los-alpes-2026\/","url":"https:\/\/basaworldtravel.com.ar\/sitio\/2026\/04\/grupal-alsacia-baviera-y-los-alpes-2026\/","name":"GRUPAL ALSACIA, BAVIERA Y LOS ALPES-2026 - Basa","isPartOf":{"@id":"https:\/\/basaworldtravel.com.ar\/sitio\/#website"},"primaryImageOfPage":{"@id":"https:\/\/basaworldtravel.com.ar\/sitio\/2026\/04\/grupal-alsacia-baviera-y-los-alpes-2026\/#primaryimage"},"image":{"@id":"https:\/\/basaworldtravel.com.ar\/sitio\/2026\/04\/grupal-alsacia-baviera-y-los-alpes-2026\/#primaryimage"},"thumbnailUrl":"https:\/\/basaworldtravel.com.ar\/sitio\/wp-content\/uploads\/2026\/04\/LOS-ALPES-SUZOS.jpg","datePublished":"2026-04-13T12:29:48+00:00","dateModified":"2026-04-13T12:29:53+00:00","author":{"@id":"https:\/\/basaworldtravel.com.ar\/sitio\/#\/schema\/person\/d89b1d641794d338c41cd3818beabd4c"},"breadcrumb":{"@id":"https:\/\/basaworldtravel.com.ar\/sitio\/2026\/04\/grupal-alsacia-baviera-y-los-alpes-2026\/#breadcrumb"},"inLanguage":"es","potentialAction":[{"@type":"ReadAction","target":["https:\/\/basaworldtravel.com.ar\/sitio\/2026\/04\/grupal-alsacia-baviera-y-los-alpes-2026\/"]}]},{"@type":"ImageObject","inLanguage":"es","@id":"https:\/\/basaworldtravel.com.ar\/sitio\/2026\/04\/grupal-alsacia-baviera-y-los-alpes-2026\/#primaryimage","url":"https:\/\/basaworldtravel.com.ar\/sitio\/wp-content\/uploads\/2026\/04\/LOS-ALPES-SUZOS.jpg","contentUrl":"https:\/\/basaworldtravel.com.ar\/sitio\/wp-content\/uploads\/2026\/04\/LOS-ALPES-SUZOS.jpg","width":2000,"height":1125},{"@type":"BreadcrumbList","@id":"https:\/\/basaworldtravel.com.ar\/sitio\/2026\/04\/grupal-alsacia-baviera-y-los-alpes-2026\/#breadcrumb","itemListElement":[{"@type":"ListItem","position":1,"name":"Portada","item":"https:\/\/basaworldtravel.com.ar\/sitio\/"},{"@type":"ListItem","position":2,"name":"GRUPAL ALSACIA, BAVIERA Y LOS ALPES-2026"}]},{"@type":"WebSite","@id":"https:\/\/basaworldtravel.com.ar\/sitio\/#website","url":"https:\/\/basaworldtravel.com.ar\/sitio\/","name":"Basa","description":"World Travel","potentialAction":[{"@type":"SearchAction","target":{"@type":"EntryPoint","urlTemplate":"https:\/\/basaworldtravel.com.ar\/sitio\/?s={search_term_string}"},"query-input":{"@type":"PropertyValueSpecification","valueRequired":true,"valueName":"search_term_string"}}],"inLanguage":"es"},{"@type":"Person","@id":"https:\/\/basaworldtravel.com.ar\/sitio\/#\/schema\/person\/d89b1d641794d338c41cd3818beabd4c","name":"BasaWeb","image":{"@type":"ImageObject","inLanguage":"es","@id":"https:\/\/secure.gravatar.com\/avatar\/13e699648957af0aba903942fee2a1fc533d92bcd43fcf375a4df1edc2708698?s=96&d=mm&r=g","url":"https:\/\/secure.gravatar.com\/avatar\/13e699648957af0aba903942fee2a1fc533d92bcd43fcf375a4df1edc2708698?s=96&d=mm&r=g","contentUrl":"https:\/\/secure.gravatar.com\/avatar\/13e699648957af0aba903942fee2a1fc533d92bcd43fcf375a4df1edc2708698?s=96&d=mm&r=g","caption":"BasaWeb"},"url":"https:\/\/basaworldtravel.com.ar\/sitio\/author\/basaweb\/"}]}},"_links":{"self":[{"href":"https:\/\/basaworldtravel.com.ar\/sitio\/wp-json\/wp\/v2\/posts\/156367","targetHints":{"allow":["GET"]}}],"collection":[{"href":"https:\/\/basaworldtravel.com.ar\/sitio\/wp-json\/wp\/v2\/posts"}],"about":[{"href":"https:\/\/basaworldtravel.com.ar\/sitio\/wp-json\/wp\/v2\/types\/post"}],"author":[{"embeddable":true,"href":"https:\/\/basaworldtravel.com.ar\/sitio\/wp-json\/wp\/v2\/users\/2"}],"replies":[{"embeddable":true,"href":"https:\/\/basaworldtravel.com.ar\/sitio\/wp-json\/wp\/v2\/comments?post=156367"}],"version-history":[{"count":1,"href":"https:\/\/basaworldtravel.com.ar\/sitio\/wp-json\/wp\/v2\/posts\/156367\/revisions"}],"predecessor-version":[{"id":156369,"href":"https:\/\/basaworldtravel.com.ar\/sitio\/wp-json\/wp\/v2\/posts\/156367\/revisions\/156369"}],"wp:featuredmedia":[{"embeddable":true,"href":"https:\/\/basaworldtravel.com.ar\/sitio\/wp-json\/wp\/v2\/media\/156368"}],"wp:attachment":[{"href":"https:\/\/basaworldtravel.com.ar\/sitio\/wp-json\/wp\/v2\/media?parent=156367"}],"wp:term":[{"taxonomy":"category","embeddable":true,"href":"https:\/\/basaworldtravel.com.ar\/sitio\/wp-json\/wp\/v2\/categories?post=156367"},{"taxonomy":"post_tag","embeddable":true,"href":"https:\/\/basaworldtravel.com.ar\/sitio\/wp-json\/wp\/v2\/tags?post=156367"}],"curies":[{"name":"wp","href":"https:\/\/api.w.org\/{rel}","templated":true}]}}