{"id":156364,"date":"2026-04-13T09:19:05","date_gmt":"2026-04-13T12:19:05","guid":{"rendered":"https:\/\/basaworldtravel.com.ar\/?p=156364"},"modified":"2026-04-13T09:19:07","modified_gmt":"2026-04-13T12:19:07","slug":"grupal-bulgaria-rumania-2026","status":"publish","type":"post","link":"https:\/\/basaworldtravel.com.ar\/sitio\/2026\/04\/grupal-bulgaria-rumania-2026\/","title":{"rendered":"GRUPAL BULGARIA &amp; RUMANIA-2026"},"content":{"rendered":"\n<p><strong>Salida 16\u00a0de Agosto 2026<\/strong><\/p>\n\n\n\n<p><strong>D\u00edas<\/strong>\u00a021 \/\u00a0<strong>Noches<\/strong>\u00a018<\/p>\n\n\n\n<p><strong>INCLUYE<\/strong><\/p>\n\n\n\n<p>\u2022 18&nbsp;noches de alojamiento en hoteles de categor\u00eda 4 estrellas en Habitaci\u00f3n Standard.<br>\u2022 R\u00e9gimen: con Desayuno + 12&nbsp;comidas entre almuerzos y cenas.<br>\u2022 A\u00e9reo de Luftansa en Cabina Econ\u00f3mica, ida y vuelta.<br>\u2022 Traslados en servicio&nbsp;privado de llegada, entre destinos y salida con asistencia de habla hispana.<br>\u2022&nbsp;Visitas con gu\u00eda local y\/o excursiones de habla hispana (seg\u00fan itinerario).<br>\u2022&nbsp;Propinas obligatorias (gu\u00edas y conductores).<br>\u2022 Tasas hoteleras.<br>\u2022&nbsp;Asistencia al viajero de Universal Assistance Excellence USD 150.000 con garant\u00eda de cancelaci\u00f3n plus hasta USD 6000 (hasta 85 a\u00f1os) con causa.<\/p>\n\n\n\n<p><strong>ITINERARIO<\/strong><\/p>\n\n\n\n<p><strong><em>DIA 1 &#8211; 16 DE AGOSTO&nbsp;<\/em>EZEIZA<\/strong><\/p>\n\n\n\n<p>Presentaci\u00f3n en el Aeropuerto Internacional de Ezeiza a las 12:40 hs. para realizar el check-in del&nbsp;<strong>vuelo 511 de Lufthansa&nbsp;<\/strong>con destino a la ciudad de Sof\u00eda v\u00eda Frankfurt (conexi\u00f3n con el vuelo&nbsp;<strong>LH 1428<\/strong>), horario de salida a las 14:50 hs.&nbsp;<strong>Noche a bordo<\/strong>.<\/p>\n\n\n\n<p><strong><em>DIA 2 &#8211; 17 DE AGOSTO&nbsp;<\/em>SOF\u00cdA<\/strong><\/p>\n\n\n\n<p>Por la tarde llegada al Aeropuerto de Sof\u00eda. Al terminar migraciones, nos estar\u00e1 esperando nuestro gu\u00eda de habla hispana para ir al hotel y hacer el check-in.&nbsp;<strong>Cena&nbsp;<\/strong>de bienvenida&nbsp;<strong>Alojamiento<\/strong>.<\/p>\n\n\n\n<p><strong><em>DIA 3 &#8211; 18 DE AGOSTO&nbsp;<\/em>SOF\u00cdA<\/strong><\/p>\n\n\n\n<p><strong>Desayuno<\/strong>. Por la ma\u00f1ana conoceremos la ciudad. Nos dirigiremos a la plaza principal de la ciudad, donde se alza la&nbsp;<strong>iglesia de San Domingo<\/strong>. La plaza est\u00e1 rodeada de muchos edificios hist\u00f3ricos. La sede del gobierno y la&nbsp;<strong>mezquita Banja Bashi&nbsp;<\/strong>tambi\u00e9n est\u00e1n cerca. Pasando el antiguo Palacio Real caminaremos hasta la&nbsp;<strong>iglesia de San Alejandro Nevsky<\/strong>, s\u00edmbolo de la ciudad. Sof\u00eda no es una gran metr\u00f3polis, pero es una ciudad moderna y joven, con iglesias con c\u00fapulas de cebolla, mezquitas otomanas y&nbsp;<strong>monumentos del Ej\u00e9rcito Rojo&nbsp;<\/strong>que le confieren un aire ecl\u00e9ctico y ex\u00f3tico.&nbsp;<strong>Almuerzo&nbsp;<\/strong>en restaurante local. Tarde libre.&nbsp;<strong>Alojamiento<\/strong>.<\/p>\n\n\n\n<p><strong><em>DIA 4 &#8211; 19 DE AGOSTO&nbsp;<\/em>SOF\u00cdA&nbsp;<em>\/ MONASTERIO RILA \/ SOF\u00cdA<\/em><\/strong><\/p>\n\n\n\n<p><strong>Desayuno<\/strong>. Temprano por la ma\u00f1ana, salida hacia uno de los pintorescos valles donde se encuentra el&nbsp;<strong>monasterio&nbsp;<\/strong>m\u00e1s famoso de Bulgaria:&nbsp;<strong>Rila<\/strong>. La historia de los edificios del monasterio est\u00e1 estrechamente ligada a la historia de Bulgaria y a su renacimiento nacional en el siglo XIX, cuando el monasterio adquiri\u00f3 su forma actual. Rila es un verdadero tesoro del arte b\u00falgaro, ya que los muros de la iglesia del monasterio y algunos de los otros edificios est\u00e1n pintados con unas 1200 escenas de la Biblia. El&nbsp;<strong>Museo del Monasterio&nbsp;<\/strong>conserva una extensa colecci\u00f3n de iconos, utensilios eclesi\u00e1sticos y, sobre todo, la famosa&nbsp;<strong>Cruz de Rafael<\/strong>, considerada la cumbre de la escultura b\u00falgara. En la Cruz realizada por el monje Rafael, alrededor de 1500 personas est\u00e1n representadas en el crucifijo.&nbsp;<strong>Almuerzo&nbsp;<\/strong>en restaurante local. Regreso a la ciudad por la tarde. Tiempo libre.&nbsp;<strong>Alojamiento<\/strong>.<\/p>\n\n\n\n<p><strong><em>DIA 5 &#8211; 20 DE AGOSTO&nbsp;<\/em>SOF\u00cdA&nbsp;<em>\/ PLOVDIV<\/em><\/strong><\/p>\n\n\n\n<p><strong>Desayuno<\/strong>. Por la ma\u00f1ana salida hacia Plovdiv, esta ciudad combina con elegancia una animada&nbsp;<strong>vida nocturna&nbsp;<\/strong>con&nbsp;<strong>ruinas milenarias<\/strong>. Al igual que Roma, Plovdiv se extiende a lo largo de siete colinas, pero es mucho m\u00e1s antigua por ser la ciudad habitada m\u00e1s antigua de Europa. Lo que m\u00e1s gusta de ella es su rom\u00e1ntico&nbsp;<strong>casco antiguo<\/strong>, repleto de coloridas y enormes&nbsp;<strong>mansiones del siglo XIX&nbsp;<\/strong>que ahora son casas-museo, galer\u00edas y casas de hu\u00e9spedes.&nbsp;<strong>Alojamiento<\/strong>.<\/p>\n\n\n\n<p><strong><em>DIA 6 &#8211; 21 DE AGOSTO&nbsp;<\/em>PLOVDIV&nbsp;<em>\/ BACHKOVO \/ PLOVDIV<\/em><\/strong><\/p>\n\n\n\n<p><strong>Desayuno<\/strong>. Salida por la ma\u00f1ana hacia la ciudad de Bachkovo. En el camino veremos tambi\u00e9n la peque\u00f1a&nbsp;<strong>fortaleza medieval Asen<\/strong>, que ocupa una posici\u00f3n espectacular en los&nbsp;<strong>montes R\u00f3dope<\/strong>. Sus or\u00edgenes se remontan al siglo XI, luego fue restaurada por el zar Iv\u00e1n Asen II en el siglo XIII. La&nbsp;<strong>fortaleza&nbsp;<\/strong>y la&nbsp;<strong>iglesia&nbsp;<\/strong>con c\u00fapula fueron restauradas nuevamente en el siglo XX, tras a\u00f1os de abandono. Las vistas del valle y las monta\u00f1as son impresionantes. Una vez en Bachkovo, visitaremos el&nbsp;<strong>monasterio de Bachkovo&nbsp;<\/strong>que se erige como uno de los monasterios&nbsp;<strong>ortodoxos&nbsp;<\/strong>m\u00e1s antiguos y de mayor importancia espiritual de Europa del Este, fundado en 1083 por comandantes militares georgianos al servicio de Bizancio. El complejo cautiva a los visitantes con sus impresionantes frescos, incluyendo la renombrada escena del Juicio Final en el refectorio y los v\u00edvidos murales del siglo XVII de Zahari Zograf, que rebosan color y grandeza bizantina.&nbsp;<strong>Almuerzo&nbsp;<\/strong>en restaurante local. Regreso por la tarde a Plovdiv.&nbsp;<strong>Alojamiento<\/strong>.<\/p>\n\n\n\n<p><strong><em>DIA 7 &#8211; 22 DE AGOSTO&nbsp;<\/em>PLOVDIV&nbsp;<em>\/ ARBANASI \/ VELIKO TARNOVO<\/em><\/strong><\/p>\n\n\n\n<p><strong>Desayuno<\/strong>. Por la ma\u00f1ana salida hacia Veliko Tarnovo. Antes de llegar, veremos el peque\u00f1o&nbsp;<strong>pueblo de Arbanassi<\/strong>, un pueblo del municipio de Veliko Tarnovo, situado en un&nbsp;<strong>altiplano&nbsp;<\/strong>entre las grandes ciudades de Veliko Tarnovo y Gorna Oryahovitsa. Durante el paseo admiraremos muchas&nbsp;<strong>casas antiguas<\/strong>, entre todas se destaca especialmente la&nbsp;<strong>Casa Costanzelli&nbsp;<\/strong>que data del siglo XVII. El pueblo es conocido por su rica historia y su gran n\u00famero de monumentos hist\u00f3ricos, como iglesias de los siglos XVII y XVIII y ejemplos de la arquitectura del&nbsp;<strong>Renacimiento Nacional B\u00falgaro<\/strong>, que la han convertido en un popular destino tur\u00edstico.&nbsp;<strong>Almuerzo&nbsp;<\/strong>en restaurante local. Por la tarde, conoceremos Veliko Tarnovo. El&nbsp;<strong>casco antiguo&nbsp;<\/strong>se extiende sobre tres colinas entre las que destaca Carevec, donde se conservan los restos de la&nbsp;<strong>Fortaleza de Tsarevets<\/strong>, magn\u00edfica fortaleza restaurada, ciudadela del Segundo Imperio B\u00falgaro. As\u00ed mismo, es interesante la&nbsp;<strong>calle Samovodska \u010car\u0161ija<\/strong>, que se encuentra sobre el r\u00edo Jantra. La&nbsp;<strong>historia medieval&nbsp;<\/strong>emana de las murallas fortificadas y las callejuelas empedradas de Veliko T\u00e2rnovo, una de las ciudades m\u00e1s antiguas de Bulgaria.&nbsp;<strong>Alojamiento<\/strong>.<\/p>\n\n\n\n<p><strong><em>DIA 8 &#8211; 23 DE AGOSTO&nbsp;<\/em>VELIKO TARNOVO&nbsp;<em>\/ RUSE<\/em><\/strong><\/p>\n\n\n\n<p><strong>Desayuno<\/strong>. El d\u00eda de hoy seguiremos hacia Ruse. Una de las&nbsp;<strong>ciudades m\u00e1s elegantes&nbsp;<\/strong>de Bulgaria, la misma tiene un toque de grandeza de Europa Central que no se ve en ning\u00fan otro lugar del pa\u00eds. Es una ciudad de imponente&nbsp;<strong>arquitectura de la belle \u00e9poque&nbsp;<\/strong>y plazas frondosas pulcramente recortadas, como si un trocito de Viena se hubiera desprendido y flotado por el Danubio. Su pasado se exhibe abundantemente en&nbsp;<strong>varios museos&nbsp;<\/strong>y en su fortaleza romana en ruinas, que monta guardia en lo alto del Danubio. Antes de llegar, haremos una parada en el&nbsp;<strong>Monasterio Basarbovo<\/strong>. Un monasterio rupestre&nbsp;<strong>ortodoxo b\u00falgaro&nbsp;<\/strong>cerca de la ciudad de Ruse, en el noreste del pa\u00eds; es el \u00fanico monasterio rupestre activo en Bulgaria, lo que lo convierte en un lugar singular y fascinante que combina belleza natural, tradici\u00f3n espiritual e historia. M\u00e1s tarde en Ruse, har\u00e1n un&nbsp;<strong>paseo en barco&nbsp;<\/strong>por el Danubio.&nbsp;<strong>Alojamiento<\/strong>.<\/p>\n\n\n\n<p><strong><em>DIA 9 &#8211; 24 DE AGOSTO&nbsp;<\/em>RUSE&nbsp;<em>\/ SINAIA<\/em><\/strong><\/p>\n\n\n\n<p><strong>Desayuno<\/strong>. Hoy continuaremos a Sinaia. La ciudad toma su nombre del&nbsp;<strong>monasterio del Sina\u00ed&nbsp;<\/strong>de 1695, en torno al cual se construy\u00f3. El monasterio debe su nombre al b\u00edblico monte Sina\u00ed. A finales del siglo XIX, el rey Carlos I de Ruman\u00eda construy\u00f3 cerca de la ciudad un palacio de verano, el&nbsp;<strong>castillo de Pele\u015f&nbsp;<\/strong>donde Carlos I construy\u00f3 la mansi\u00f3n Pele\u015f, que recuerda a los edificios renacentistas alemanes. En el interior admiraremos el suntuoso mobiliario que fue dise\u00f1ado especialmente para este edificio y que da testimonio de la&nbsp;<strong>extraordinaria riqueza de la corte rumana<\/strong>. Especialmente nos llamar\u00e1n la atenci\u00f3n las tallas y la mezcla de influencias europeas y orientales. En la zona tambi\u00e9n veremos el&nbsp;<strong>Castillo Pelisor<\/strong>, que forma parte del mismo complejo que el Castillo de Pele\u015f, fue construido entre 1899 y 1902 por orden del rey Carlos I como residencia de su sobrino y heredero, el futuro rey Fernando. En 2006, se decidi\u00f3 que todo el complejo, incluido Peli\u015for, que durante mucho tiempo hab\u00eda funcionado como museo y lugar de inter\u00e9s tur\u00edstico, fuera&nbsp;<strong>propiedad legal del rey Miguel I&nbsp;<\/strong>de Rumania.&nbsp;<strong>Almuerzo&nbsp;<\/strong>en restaurante local.&nbsp;<strong>Alojamiento<\/strong>.<\/p>\n\n\n\n<p><strong><em>DIA 10 &#8211; 25 DE AGOSTO&nbsp;<\/em>SINAIA&nbsp;<em>\/ BRASOV<\/em><\/strong><\/p>\n\n\n\n<p><strong>Desayuno<\/strong>. Salida hacia Brasov por la ma\u00f1ana. Antes visitaremos el&nbsp;<strong>Parque Nacional Bucegi<\/strong>, situado en el coraz\u00f3n de Ruman\u00eda, entre importantes n\u00facleos urbanos y cerca de la famosa estaci\u00f3n de monta\u00f1a de Sinaia. Se trata de un&nbsp;<strong>\u00e1rea protegida&nbsp;<\/strong>muy popular en el pa\u00eds y forma parte de la red internacional Natura 2000. Algunos de los atractivos m\u00e1s famosos del parque, adem\u00e1s de su numerosa poblaci\u00f3n de osos y sus paisajes impresionantes, son&nbsp;<strong>la Esfinge y Babele, formaciones rocosas&nbsp;<\/strong>conglomeradas esculpidas por la erosi\u00f3n e\u00f3lica. El parque fue creado en 2003 por el gobierno rumano, convirti\u00e9ndose en un santuario para la preservaci\u00f3n de paisajes culturales tradicionales, donde las actividades humanas sostenibles conviven en armon\u00eda con la naturaleza.&nbsp;<strong>Almuerzo&nbsp;<\/strong>en restaurante local. Llegada a Brasov por la tarde.&nbsp;<strong>Alojamiento<\/strong>.<\/p>\n\n\n\n<p><strong><em>DIA 11 &#8211; 26 DE AGOSTO&nbsp;<\/em>BRASOV&nbsp;<em>\/ CASTILLO DE BRAN \/ BRASOV<\/em><\/strong><\/p>\n\n\n\n<p><strong>Desayuno<\/strong>. Por la ma\u00f1ana nos trasladaremos hasta el pintoresco&nbsp;<strong>castillo de Bran<\/strong>, construido y restaurado por la Reina Maria a principios del siglo pasado. El castillo de Bran, situado sobre un promontorio rocoso, cautiva a los visitantes. Toda una industria se ha dedicado a describirlo como&nbsp;<strong>\u201cel castillo de Dr\u00e1cula\u201d<\/strong>, aunque las conexiones con el hist\u00f3rico Vlad \u0162epe\u015f o con el vampiro ficticio de Bram Stoker son escasas. Antes de regresar a Brasov, haremos una breve parada en la&nbsp;<strong>Fortaleza de Rasnov<\/strong>, la primera fortaleza medieval en R\u00e2\u015fnov fue construida por los sajones y los caballeros teut\u00f3nicos en el per\u00edodo 1211-1225. M\u00e1s tarde regresaremos a Brasov, la ciudad con&nbsp;<strong>agujas g\u00f3ticas<\/strong>, puertas medievales,&nbsp;<strong>bloques sovi\u00e9ticos&nbsp;<\/strong>y un enorme cartel al estilo de Hollywood. El horizonte de Bra\u015fov nos atrae al instante, varias&nbsp;<strong>torres de vigilancia medievales&nbsp;<\/strong>siguen dominando la ciudad, entre ellas brillan edificios barrocos e iglesias y en la plaza principal Pia\u0163a Sfatului, se alinean tranquilas cafeter\u00edas.&nbsp;<strong>Alojamiento<\/strong>.<\/p>\n\n\n\n<p><strong><em>DIA 12 &#8211; 27 DE AGOSTO&nbsp;<\/em>BRA\u0218OV&nbsp;<em>\/ PIATRA NEAM\u021a \/ BAC\u0102U<\/em><\/strong><\/p>\n\n\n\n<p><strong>Desayuno<\/strong>. Por la ma\u00f1ana saldremos hacia el&nbsp;<strong>Norte del pa\u00eds<\/strong>. Antes de llegar al hotel, haremos una parada en la ciudad de&nbsp;<strong>Piatra Neamt<\/strong>. Enclavada en un pintoresco valle donde los&nbsp;<strong>C\u00e1rpatos Orientales&nbsp;<\/strong>se encuentran con la Meseta Moldava, en el Noreste de Rumania, la ciudad encanta a los visitantes con su espectacular entorno natural dominado por los picos de piedra caliza de las&nbsp;<strong>monta\u00f1as Cozla y Cernegura<\/strong>, que enmarcan la ciudad como antiguos centinelas. Esta hist\u00f3rica ciudad sirve de puerta de entrada a algunos de los&nbsp;<strong>monasterios pintados&nbsp;<\/strong>m\u00e1s al aire libre y la llamativa arquitectura.&nbsp;<strong>Almuerzo&nbsp;<\/strong>en restaurante local.&nbsp;<strong>Alojamiento<\/strong>.<\/p>\n\n\n\n<p><strong><em>DIA 13 &#8211; 28 DE AGOSTO&nbsp;<\/em>BACAU&nbsp;<em>\/ BUCOVINA \/ BACAU<\/em><\/strong><\/p>\n\n\n\n<p><strong>Desayuno<\/strong>. Salida hacia la regi\u00f3n Bucovina donde veremos dos&nbsp;<strong>monasterios. Bucovina&nbsp;<\/strong>es una regi\u00f3n hist\u00f3rica, descrita como parte de&nbsp;<strong>Europa Oriental<\/strong>, est\u00e1 situada en la vertiente Norte de los C\u00e1rpatos orientales centrales y las llanuras adyacentes. En el camino visitaremos el Monasterio Voronet. Construido en s\u00f3lo tres meses y tres semanas por \u015etefan cel Mare tras una victoria clave en 1488 sobre los turcos, el&nbsp;<strong>Monasterio de Vorone\u0163&nbsp;<\/strong>es el \u00fanico&nbsp;<strong>monasterio pintado&nbsp;<\/strong>al que se ha asociado un color reconocido internacionalmente, el&nbsp;<strong>\u201cazul de Vorone\u0163\u201d<\/strong>. En la zona veremos tambi\u00e9n el&nbsp;<strong>Monasterio de Humor<\/strong>, con sus caracter\u00edsticos&nbsp;<strong>frescos de color marr\u00f3n rojizo&nbsp;<\/strong>que resplandecen contra las verdes colinas moldavas, se erige como uno de los monasterios pintados m\u00e1s \u00edntimos y art\u00edsticamente refinados de Bucovina, en 1530.&nbsp;<strong>Almuerzo&nbsp;<\/strong>en restaurante local. Regreso a Bacau por la tarde.&nbsp;<strong>Alojamiento<\/strong>.<\/p>\n\n\n\n<p><strong><em>DIA 14 &#8211; 29 DE AGOSTO&nbsp;<\/em>BACAU&nbsp;<em>\/ CLUJ NAPOCA<\/em><\/strong><\/p>\n\n\n\n<p><strong>Desayuno<\/strong>. Por la ma\u00f1ana salida hacia la ciudad de Cluj Napoca. En el camino haremos una parada en el&nbsp;<strong>Lago Rojo<\/strong>, el mayor lago de barrera de los C\u00e1rpatos orientales, est\u00e1 situado en los&nbsp;<strong>montes Hasmasul Mare<\/strong>, cerca de las gargantas de Bicaz. Tambi\u00e9n se le conoce como&nbsp;<strong>\u201cel lago asesino\u201d<\/strong>, en parte por el&nbsp;<strong>color rojizo<\/strong>, parecido a la sangre, que le confieren los sedimentos arrastrados, y en parte por una leyenda espeluznante. Llegada a Cluj Napoca por la tarde.&nbsp;<strong>Alojamiento<\/strong>.<\/p>\n\n\n\n<p><strong><em>DIA 15 &#8211; 30 DE AGOSTO&nbsp;<\/em>CLUJ NAPOCA&nbsp;<em>\/ SIBIU<\/em><\/strong><\/p>\n\n\n\n<p><strong>Desayuno<\/strong>. El d\u00eda de hoy pasaremos nuestra primera parte del d\u00eda en la mayor ciudad de la regi\u00f3n de Transilvania:&nbsp;<strong>Cluj Napoca<\/strong>, la misma remonta sus or\u00edgenes a un asentamiento dacio (llamado Napuca) en el siglo II d.C. Cluj avanz\u00f3 r\u00e1pidamente social y econ\u00f3micamente y durante el reinado de Marco Aurelio Napoca recibi\u00f3 el t\u00edtulo de&nbsp;<strong>\u2018\u2019colonia\u2019\u2019,&nbsp;<\/strong>el&nbsp;<strong>mayor estatus urbano&nbsp;<\/strong>posible en el Imperio Romano. Cluj es un vibrante&nbsp;<strong>centro cultural&nbsp;<\/strong>y educativo con una econom\u00eda din\u00e1mica. La plaza principal&nbsp;<strong>Piata Unirii<\/strong>, resplandeciente de edificios de los siglos XVIII y XIX, est\u00e1 dominada por la&nbsp;<strong>iglesia de San Miguel<\/strong>, del siglo XV, uno de los mejores ejemplos de&nbsp;<strong>arquitectura g\u00f3tica&nbsp;<\/strong>de Ruman\u00eda, y el&nbsp;<strong>palacio barroco Banffy<\/strong>, del siglo XVIII, sede de las colecciones de arte rumano del Museo de Arte de Cluj y del Museo de Armamento. Numerosas tiendas y restaurantes se encuentran en Piata Unirii o en sus inmediaciones. M\u00e1s tarde salida hacia&nbsp;<strong>Sibiu<\/strong>, esta peque\u00f1a ciudad rebosa de&nbsp;<strong>elegancia aristocr\u00e1tica<\/strong>. En un paseo conoceremos la noble&nbsp;<strong>historia sajona&nbsp;<\/strong>que emana de cada fachada art-nouveau e iglesia con relieves dorados. Las imponentes puertas de madera tallada de la&nbsp;<strong>Catedral Ortodoxa&nbsp;<\/strong>(1902), que llaman la atenci\u00f3n por su campanario a rayas, conducen a un interior repleto de iconos dorados.&nbsp;<strong>Compositores de renombre&nbsp;<\/strong>como Strauss, Brahms y Liszt tocaron aqu\u00ed durante el siglo XIX, y Sibiu se ha mantenido a la vanguardia de la&nbsp;<strong>escena cultural rumana&nbsp;<\/strong>gracias a sus festivales de \u00f3pera, teatro y cine, as\u00ed como de rock, jazz y mucho m\u00e1s. Aqu\u00ed se fundaron el primer hospital, la primera escuela, la primera biblioteca y la primera farmacia del pa\u00eds, y los habitantes est\u00e1n orgullosos del esp\u00edritu emprendedor que perdura hasta nuestros d\u00edas. Tarde libre.&nbsp;<strong>Alojamiento<\/strong>.<\/p>\n\n\n\n<p><strong><em>DIA 16 &#8211; 31 DE AGOSTO&nbsp;<\/em>SIBIU&nbsp;<em>\/ BIERTAN \/ SIGHISOARA \/ SIBIU<\/em><\/strong><\/p>\n\n\n\n<p><strong>Desayuno<\/strong>. Por la ma\u00f1ana,&nbsp;<strong>excursi\u00f3n&nbsp;<\/strong>para visitar Biertan y Sighisoara. Hasta el d\u00eda de hoy, las&nbsp;<strong>calles empedradas&nbsp;<\/strong>y las&nbsp;<strong>casas sajonas&nbsp;<\/strong>tradicionales de&nbsp;<strong>Biertan&nbsp;<\/strong>se conservan de forma extraordinaria, ofreciendo a los visitantes una visi\u00f3n inquietantemente bella de la&nbsp;<strong>vida medieval transilvana<\/strong>, situada a tan solo 80 kil\u00f3metros de Sibiu y rodeada por los paisajes pastorales que definen esta regi\u00f3n llena de historia. En el centro de la ciudad, la&nbsp;<strong>iglesia&nbsp;<\/strong>fortificada de Biertan se alza como una&nbsp;<strong>fortaleza medieval<\/strong>; su triple anillo de&nbsp;<strong>murallas defensivas y torres&nbsp;<\/strong>da testimonio del ingenio de los colonos sajones que construyeron este sitio en los siglos XV y XVI, declarado Patrimonio de la Humanidad por la UNESCO. M\u00e1s tarde continuamos hacia&nbsp;<strong>Sighisoara<\/strong>. Las&nbsp;<strong>murallas fortificadas&nbsp;<\/strong>rodean las lustrosas casas de los mercaderes de Sighi\u015foara, que ahora albergan cafeter\u00edas, hoteles y tiendas de artesan\u00eda. Tras los tejados de pan de jengibre y las torrecillas del casco antiguo, protegido por la UNESCO, se esconde la historia de&nbsp;<strong>Vlad \u0162epe\u015f<\/strong>, el&nbsp;<strong>sanguinario pr\u00edncipe valaco&nbsp;<\/strong>del siglo XV. Se dice que naci\u00f3 aqu\u00ed, en una casa que a\u00fan se puede ver. \u0162epe\u015f es m\u00e1s recordado como Vlad el Empalador, o&nbsp;<strong>Dr\u00e1cula<\/strong>, lo que aliment\u00f3 una industria local de souvenirs de tem\u00e1tica vamp\u00edrica.&nbsp;<strong>Almuerzo&nbsp;<\/strong>en restaurante local. Regreso a Sibiu.&nbsp;<strong>Alojamiento<\/strong>.<\/p>\n\n\n\n<p><strong><em>DIA 17 &#8211; 1 DE SEPTIEMBRE&nbsp;<\/em>SIBIU&nbsp;<em>\/ BUCAREST<\/em><\/strong><\/p>\n\n\n\n<p><strong>Desayuno<\/strong>. Salida hacia Bucarest. Un viaje que ofrece un recorrido panor\u00e1mico por algunos de los&nbsp;<strong>paisajes m\u00e1s pintorescos&nbsp;<\/strong>y zonas de mayor riqueza hist\u00f3rica de Ruman\u00eda. Estar\u00e1 rodeado de frondosos bosques, escarpados picos monta\u00f1osos y profundos valles, pasando por&nbsp;<strong>pueblos tradicionales rumanos&nbsp;<\/strong>con tejados de tejas rojas, peque\u00f1as iglesias y granjas. Llegada a Bucarest por la tarde. Tarde libre.&nbsp;<strong>Alojamiento<\/strong>.<\/p>\n\n\n\n<p><strong><em>DIA 18 &#8211; 2 DE SEPTIEMBRE&nbsp;<\/em>BUCAREST<\/strong><\/p>\n\n\n\n<p><strong>Desayuno<\/strong>. Por la ma\u00f1ana daremos un&nbsp;<strong>paseo por la ciudad<\/strong>. Bucarest, la vibrante&nbsp;<strong>capital de Ruman\u00eda<\/strong>, ofrece una&nbsp;<strong>fascinante mezcla&nbsp;<\/strong>de elegancia de la&nbsp;<strong>Belle \u00c9poque&nbsp;<\/strong>y la arquitectura de la&nbsp;<strong>\u00e9poca comunista<\/strong>, que narra la historia de su turbulento siglo XX. En un recorrido por la ciudad entraremos en el&nbsp;<strong>casco antiguo<\/strong>, donde las estrechas calles empedradas est\u00e1n flanqueadas por animadas cafeter\u00edas, restaurantes tradicionales y edificios bellamente restaurados que datan de hace siglos. El punto central de cualquier visita es el colosal&nbsp;<strong>Palacio del Parlamento<\/strong>, un crudo recordatorio de la visi\u00f3n megal\u00f3mana de Ceau\u0219escu, que requiri\u00f3 la demolici\u00f3n de una quinta parte del centro de la ciudad. Pasaremos tambi\u00e9n por la&nbsp;<strong>Calea Victoriei<\/strong>, la principal arteria de Bucarest, admirando joyas arquitect\u00f3nicas como el&nbsp;<strong>Ateneo Rumano&nbsp;<\/strong>con su impresionante c\u00fapula neocl\u00e1sica, la elegante&nbsp;<strong>Plaza de la Revoluci\u00f3n<\/strong>, donde se desarroll\u00f3 el levantamiento de 1989 y los encantadores edificios de la Belle \u00c9poque que le valieron a la ciudad el apodo de&nbsp;<strong>\u201cLa peque\u00f1a Par\u00eds del Este\u201d<\/strong>.&nbsp;<strong>Almuerzo&nbsp;<\/strong>en restaurante local. Tarde libre para explorar por su cuenta. Tarde libre para explorar por su cuenta.&nbsp;<strong>Alojamiento<\/strong>.<\/p>\n\n\n\n<p><strong><em>DIA 19 &#8211; 3 DE SEPTIEMBRE&nbsp;<\/em>BUCAREST<\/strong><\/p>\n\n\n\n<p><strong>Desayuno<\/strong>. Hoy pasaremos otro d\u00eda m\u00e1s en la capital. A orillas del&nbsp;<strong>lago Herastrau<\/strong>, en pleno centro de la capital rumana, tendr\u00e1n el placer de descubrir un aut\u00e9ntico pueblo con&nbsp;<strong>monumentos y objetos que datan del siglo XVII&nbsp;<\/strong>hasta principios del siglo XX. Edificios representativos de importantes zonas etnogr\u00e1ficas han cobrado vida en el&nbsp;<strong>Museo Nacional del Pueblo \u201cDimitrie Gu\u0219ti\u201d<\/strong>. El museo ocupa m\u00e1s de 14 hect\u00e1reas dentro del&nbsp;<strong>Parque Her\u0103str\u0103u<\/strong>, a orillas del lago Her\u0103str\u0103u. Alberga alrededor de 300&nbsp;<strong>edificios tradicionales&nbsp;<\/strong>(casas, iglesias, graneros, molinos y talleres) de diferentes regiones de Ruman\u00eda, adem\u00e1s de m\u00e1s de&nbsp;<strong>50.000 objetos&nbsp;<\/strong>(muebles, herramientas, textiles, cer\u00e1mica, etc.). El museo se encuentra al aire libre, con senderos que serpentean a trav\u00e9s de \u2018\u2019pueblos\u2019\u2019 que representan diferentes regiones hist\u00f3ricas y geogr\u00e1ficas. Tarde libre.&nbsp;<strong>Cena&nbsp;<\/strong>de despedida..&nbsp;<strong>Alojamiento<\/strong>.<\/p>\n\n\n\n<p><strong><em>DIA 20 &#8211; 4 DE SEPTIEMBRE&nbsp;<\/em>BUCAREST<\/strong><\/p>\n\n\n\n<p><strong>Desayuno<\/strong>. Por la ma\u00f1ana, luego del check out dejaremos las maletas en el lobby del hotel y disfrutaremos de la ma\u00f1ana libre en la ciudad. A la hora acordada, traslado al Aeropuerto de Bucarest para tomar el&nbsp;<strong>vuelo 1417 de Lufthansa&nbsp;<\/strong>con destino a Ezeiza. Conexi\u00f3n en Frankfurt para tomar el vuelo&nbsp;<strong>LH 510. Noche a bordo<\/strong>.<\/p>\n\n\n\n<p><strong><em>DIA 21 &#8211; 5 DE SEPTIEMBRE&nbsp;<\/em>EZEIZA<\/strong><\/p>\n\n\n\n<p>Por la ma\u00f1ana llegada a Ezeiza.<\/p>\n\n\n\n<p>FIN DE NUESTROS SERVICIOS<\/p>\n\n\n\n<p><strong>EXCURSIONES<\/strong><\/p>\n\n\n\n<p>\u2022&nbsp;<strong>Visitas con gu\u00eda local en<\/strong>: Sof\u00eda, Plovdiv, Veliko Tarnovo y Bucarest.<\/p>\n\n\n\n<p>\u2022 Excursi\u00f3n al&nbsp;<strong>Monasterio Rila&nbsp;<\/strong>con entrada.<\/p>\n\n\n\n<p>\u2022 Excursi\u00f3n de d\u00eda entero a&nbsp;<strong>Bachkovo&nbsp;<\/strong>con entrada al&nbsp;<strong>Monasterio de Bachkovo<\/strong>.<\/p>\n\n\n\n<p>\u2022 Paseo por&nbsp;<strong>Arbanassi<\/strong>.<\/p>\n\n\n\n<p>\u2022 En Veliko Tarnovo entrada a la&nbsp;<strong>Fortaleza Tsarevets<\/strong>.<\/p>\n\n\n\n<p>\u2022 Entrada al&nbsp;<strong>Monasterio Basarbovo<\/strong>, cerca de la ciudad de Ruse.<\/p>\n\n\n\n<p>\u2022&nbsp;<strong>Crucero&nbsp;<\/strong>por el Danubio en Ruse.<\/p>\n\n\n\n<p>\u2022 Desde Sina\u00ed, visita al&nbsp;<strong>Castillo de Peles&nbsp;<\/strong>y al&nbsp;<strong>Castillo de Pelisor&nbsp;<\/strong>con entradas.<\/p>\n\n\n\n<p>\u2022 Excursi\u00f3n al&nbsp;<strong>Parque Nacional Bucegi&nbsp;<\/strong>desde Sinaia.<\/p>\n\n\n\n<p>\u2022 Excursi\u00f3n al&nbsp;<strong>Castillo de Bran&nbsp;<\/strong>y breve parada para observar la&nbsp;<strong>Fortaleza de Rasnov<\/strong>.<\/p>\n\n\n\n<p>\u2022 Breve parada para visitar la ciudad&nbsp;<strong>Piatra Neamt<\/strong>.<\/p>\n\n\n\n<p>\u2022 Excursi\u00f3n a la&nbsp;<strong>regi\u00f3n Bucovina&nbsp;<\/strong>para visitar dos monasterios: Monasterio Voronet y Monasterio de Humor.<\/p>\n\n\n\n<p>\u2022 Breve visita del&nbsp;<strong>Lago Rojo&nbsp;<\/strong>(\u201cel lago asesino\u201d) desde Bacau.<\/p>\n\n\n\n<p>\u2022 Visita panor\u00e1mica en&nbsp;<strong>Cluj Napoca y Sibiu<\/strong>.<\/p>\n\n\n\n<p>\u2022 Excursi\u00f3n de d\u00eda completo a&nbsp;<strong>Biertan y Sighisoara<\/strong>, donde se esconde la historia de Vlad \u0162epe\u015f.<\/p>\n\n\n\n<p>\u2022 En Bucarest, visita con entrada al&nbsp;<strong>Museo Nacional del Pueblo \u201cDimitrie Gu\u015fti\u201d<\/strong>.<\/p>\n\n\n\n<p><strong>DETALLE DE LOS VUELOS<\/strong><\/p>\n\n\n\n<p>LH 511 16AUG EZEFRA 1640 1100 17AUG<br>LH1428 17AUG FRASOF 1450 1800 17AUG<br>LH1417 04SEP OTPFRA 1705 1840 04SEP<br>LH 510 04SEP FRAEZE 2140 0625 05SEP<\/p>\n\n\n\n<p>Equipaje permitido: Incluye 1 equipaje en bodega 23 Kg y equipaje de mano 8 Kg.<\/p>\n\n\n\n<p>Vuelos confirmados por Lufthansa\u00a0sujetos a modificaci\u00f3n y reconfirmaci\u00f3n por la compa\u00f1\u00eda a\u00e9rea.<\/p>\n\n\n\n<p><strong>HOTELERIA PREVISTA<\/strong><\/p>\n\n\n\n<p><strong>Hoteles de 4 estrellas:<\/strong><\/p>\n\n\n\n<p>SOFIA&nbsp; (3 Noches): Central Hotel Sofia<br>PLOVDIV&nbsp; (2 Noches): Radisson Hotel Plovdiv<br>VELIKO TARNOVO&nbsp;(1 Noche): Yantra Grand Hotel<br>RUSE&nbsp;(1 Noche):&nbsp;Dunav Plaza Hotel<br>SINIA (1 Noche): Hotel Mara<br>BRASOV&nbsp;(2 Noches):&nbsp;Qosmo Brasov Hotel<br>BACAU (2 Noches):&nbsp;Fiald Hotel &amp; Spa Bacau<br>CLUJ NAPOKA (1 Noche):&nbsp;West City Hotel<br>SIBIU&nbsp;(2 Noches):&nbsp;Golden Tulip Ana Tower<br>BUCAREST&nbsp;(3 Noches): Hotel Pullman Bucarest<\/p>\n\n\n\n<p><strong>NO INCLUYE:<\/strong><\/p>\n\n\n\n<p>Cualquier almuerzo o cena no mencionada en el programa.<br>\u2022 Extras y gastos personales.<br>\u2022 Cualquier excursi\u00f3n opcional.<br>\u2022 Propinas no obligatorias.<br>\u2022 Maleteros.<br>\u2022 Bebidas no incluidas.<br>\u2022 No est\u00e1 incluida la asignaci\u00f3n de los asientos (el costo lo determina la compa\u00f1\u00eda a\u00e9rea)<br>\u2022 Suplemento de asistencia para pasajeros mayores de 70 a\u00f1os: El suplemento asistencia al viajero pasajeros 71 \u2013 85 a\u00f1os: 120 USD P.PAX (con\u00a0seguro de cancelaci\u00f3n).<\/p>\n\n\n\n<p><strong>REQUISITOS:<\/strong><\/p>\n\n\n\n<p>\u2022\u00a0Pasaporte vigente y en buenas condiciones, con hojas libres para sellados migratorios y vigencia m\u00ednima 6 meses desde la fecha de regreso a Argentina.<br>\u2022 Varios monasterios durante el verano, tienen estrictamente prohibido admitir personas con pantalones cortos, faldas cortas, remeras deportivas y otras prendas similares.<\/p>\n\n\n\n<p><\/p>\n\n\n\n<p><strong>PRECIO POR PERSONA EN BASE DOBLE USD 7585 <\/strong><\/p>\n\n\n\n<p>connec<\/p>\n\n\n\n<p><\/p>\n","protected":false},"excerpt":{"rendered":"<p>Entre castillos, leyendas y paisajes que parecen sacados de un cuento, Bulgaria y Rumania te invitan a vivir un viaje donde la historia y la magia se encuentran en cada rinc\u00f3n.<\/p>\n","protected":false},"author":2,"featured_media":156365,"comment_status":"closed","ping_status":"open","sticky":false,"template":"","format":"standard","meta":{"_acf_changed":false,"footnotes":""},"categories":[9,5],"tags":[703,831,828,829,80,832],"class_list":["post-156364","post","type-post","status-publish","format-standard","has-post-thumbnail","hentry","category-exoticos","category-paquetes","tag-703","tag-bucarest","tag-bulgaria","tag-rumania","tag-salidas-grupales","tag-sibiu","category-9","category-5","description-off"],"acf":[],"yoast_head":"<!-- This site is optimized with the Yoast SEO plugin v28.4 - https:\/\/yoast.com\/product\/yoast-seo-wordpress\/ -->\n<title>GRUPAL BULGARIA &amp; RUMANIA-2026 - Basa<\/title>\n<meta name=\"robots\" content=\"index, follow, max-snippet:-1, max-image-preview:large, max-video-preview:-1\" \/>\n<link rel=\"canonical\" href=\"https:\/\/basaworldtravel.com.ar\/sitio\/2026\/04\/grupal-bulgaria-rumania-2026\/\" \/>\n<meta property=\"og:locale\" content=\"es_ES\" \/>\n<meta property=\"og:type\" content=\"article\" \/>\n<meta property=\"og:title\" content=\"GRUPAL BULGARIA &amp; RUMANIA-2026 - Basa\" \/>\n<meta property=\"og:description\" content=\"Entre castillos, leyendas y paisajes que parecen sacados de un cuento, Bulgaria y Rumania te invitan a vivir un viaje donde la historia y la magia se encuentran en cada rinc\u00f3n.\" \/>\n<meta property=\"og:url\" content=\"https:\/\/basaworldtravel.com.ar\/sitio\/2026\/04\/grupal-bulgaria-rumania-2026\/\" \/>\n<meta property=\"og:site_name\" content=\"Basa\" \/>\n<meta property=\"article:published_time\" content=\"2026-04-13T12:19:05+00:00\" \/>\n<meta property=\"article:modified_time\" content=\"2026-04-13T12:19:07+00:00\" \/>\n<meta property=\"og:image\" content=\"https:\/\/basaworldtravel.com.ar\/sitio\/wp-content\/uploads\/2026\/04\/SOFIA-BULGARIA.jpg\" \/>\n\t<meta property=\"og:image:width\" content=\"1200\" \/>\n\t<meta property=\"og:image:height\" content=\"630\" \/>\n\t<meta property=\"og:image:type\" content=\"image\/jpeg\" \/>\n<meta name=\"author\" content=\"BasaWeb\" \/>\n<meta name=\"twitter:card\" content=\"summary_large_image\" \/>\n<meta name=\"twitter:label1\" content=\"Escrito por\" \/>\n\t<meta name=\"twitter:data1\" content=\"BasaWeb\" \/>\n\t<meta name=\"twitter:label2\" content=\"Tiempo de lectura\" \/>\n\t<meta name=\"twitter:data2\" content=\"16 minutos\" \/>\n<script type=\"application\/ld+json\" class=\"yoast-schema-graph\">{\"@context\":\"https:\\\/\\\/schema.org\",\"@graph\":[{\"@type\":\"Article\",\"@id\":\"https:\\\/\\\/basaworldtravel.com.ar\\\/sitio\\\/2026\\\/04\\\/grupal-bulgaria-rumania-2026\\\/#article\",\"isPartOf\":{\"@id\":\"https:\\\/\\\/basaworldtravel.com.ar\\\/sitio\\\/2026\\\/04\\\/grupal-bulgaria-rumania-2026\\\/\"},\"author\":{\"name\":\"BasaWeb\",\"@id\":\"https:\\\/\\\/basaworldtravel.com.ar\\\/sitio\\\/#\\\/schema\\\/person\\\/d89b1d641794d338c41cd3818beabd4c\"},\"headline\":\"GRUPAL BULGARIA &amp; RUMANIA-2026\",\"datePublished\":\"2026-04-13T12:19:05+00:00\",\"dateModified\":\"2026-04-13T12:19:07+00:00\",\"mainEntityOfPage\":{\"@id\":\"https:\\\/\\\/basaworldtravel.com.ar\\\/sitio\\\/2026\\\/04\\\/grupal-bulgaria-rumania-2026\\\/\"},\"wordCount\":3750,\"image\":{\"@id\":\"https:\\\/\\\/basaworldtravel.com.ar\\\/sitio\\\/2026\\\/04\\\/grupal-bulgaria-rumania-2026\\\/#primaryimage\"},\"thumbnailUrl\":\"https:\\\/\\\/basaworldtravel.com.ar\\\/sitio\\\/wp-content\\\/uploads\\\/2026\\\/04\\\/SOFIA-BULGARIA.jpg\",\"keywords\":[\"2026\",\"BUCAREST\",\"BULGARIA\",\"RUMANIA\",\"SALIDAS GRUPALES\",\"SIBIU\"],\"articleSection\":[\"Exoticos\",\"Paquetes\"],\"inLanguage\":\"es\"},{\"@type\":\"WebPage\",\"@id\":\"https:\\\/\\\/basaworldtravel.com.ar\\\/sitio\\\/2026\\\/04\\\/grupal-bulgaria-rumania-2026\\\/\",\"url\":\"https:\\\/\\\/basaworldtravel.com.ar\\\/sitio\\\/2026\\\/04\\\/grupal-bulgaria-rumania-2026\\\/\",\"name\":\"GRUPAL BULGARIA &amp; RUMANIA-2026 - Basa\",\"isPartOf\":{\"@id\":\"https:\\\/\\\/basaworldtravel.com.ar\\\/sitio\\\/#website\"},\"primaryImageOfPage\":{\"@id\":\"https:\\\/\\\/basaworldtravel.com.ar\\\/sitio\\\/2026\\\/04\\\/grupal-bulgaria-rumania-2026\\\/#primaryimage\"},\"image\":{\"@id\":\"https:\\\/\\\/basaworldtravel.com.ar\\\/sitio\\\/2026\\\/04\\\/grupal-bulgaria-rumania-2026\\\/#primaryimage\"},\"thumbnailUrl\":\"https:\\\/\\\/basaworldtravel.com.ar\\\/sitio\\\/wp-content\\\/uploads\\\/2026\\\/04\\\/SOFIA-BULGARIA.jpg\",\"datePublished\":\"2026-04-13T12:19:05+00:00\",\"dateModified\":\"2026-04-13T12:19:07+00:00\",\"author\":{\"@id\":\"https:\\\/\\\/basaworldtravel.com.ar\\\/sitio\\\/#\\\/schema\\\/person\\\/d89b1d641794d338c41cd3818beabd4c\"},\"breadcrumb\":{\"@id\":\"https:\\\/\\\/basaworldtravel.com.ar\\\/sitio\\\/2026\\\/04\\\/grupal-bulgaria-rumania-2026\\\/#breadcrumb\"},\"inLanguage\":\"es\",\"potentialAction\":[{\"@type\":\"ReadAction\",\"target\":[\"https:\\\/\\\/basaworldtravel.com.ar\\\/sitio\\\/2026\\\/04\\\/grupal-bulgaria-rumania-2026\\\/\"]}]},{\"@type\":\"ImageObject\",\"inLanguage\":\"es\",\"@id\":\"https:\\\/\\\/basaworldtravel.com.ar\\\/sitio\\\/2026\\\/04\\\/grupal-bulgaria-rumania-2026\\\/#primaryimage\",\"url\":\"https:\\\/\\\/basaworldtravel.com.ar\\\/sitio\\\/wp-content\\\/uploads\\\/2026\\\/04\\\/SOFIA-BULGARIA.jpg\",\"contentUrl\":\"https:\\\/\\\/basaworldtravel.com.ar\\\/sitio\\\/wp-content\\\/uploads\\\/2026\\\/04\\\/SOFIA-BULGARIA.jpg\",\"width\":1200,\"height\":630},{\"@type\":\"BreadcrumbList\",\"@id\":\"https:\\\/\\\/basaworldtravel.com.ar\\\/sitio\\\/2026\\\/04\\\/grupal-bulgaria-rumania-2026\\\/#breadcrumb\",\"itemListElement\":[{\"@type\":\"ListItem\",\"position\":1,\"name\":\"Portada\",\"item\":\"https:\\\/\\\/basaworldtravel.com.ar\\\/sitio\\\/\"},{\"@type\":\"ListItem\",\"position\":2,\"name\":\"GRUPAL BULGARIA &amp; RUMANIA-2026\"}]},{\"@type\":\"WebSite\",\"@id\":\"https:\\\/\\\/basaworldtravel.com.ar\\\/sitio\\\/#website\",\"url\":\"https:\\\/\\\/basaworldtravel.com.ar\\\/sitio\\\/\",\"name\":\"Basa\",\"description\":\"World Travel\",\"potentialAction\":[{\"@type\":\"SearchAction\",\"target\":{\"@type\":\"EntryPoint\",\"urlTemplate\":\"https:\\\/\\\/basaworldtravel.com.ar\\\/sitio\\\/?s={search_term_string}\"},\"query-input\":{\"@type\":\"PropertyValueSpecification\",\"valueRequired\":true,\"valueName\":\"search_term_string\"}}],\"inLanguage\":\"es\"},{\"@type\":\"Person\",\"@id\":\"https:\\\/\\\/basaworldtravel.com.ar\\\/sitio\\\/#\\\/schema\\\/person\\\/d89b1d641794d338c41cd3818beabd4c\",\"name\":\"BasaWeb\",\"image\":{\"@type\":\"ImageObject\",\"inLanguage\":\"es\",\"@id\":\"https:\\\/\\\/secure.gravatar.com\\\/avatar\\\/13e699648957af0aba903942fee2a1fc533d92bcd43fcf375a4df1edc2708698?s=96&d=mm&r=g\",\"url\":\"https:\\\/\\\/secure.gravatar.com\\\/avatar\\\/13e699648957af0aba903942fee2a1fc533d92bcd43fcf375a4df1edc2708698?s=96&d=mm&r=g\",\"contentUrl\":\"https:\\\/\\\/secure.gravatar.com\\\/avatar\\\/13e699648957af0aba903942fee2a1fc533d92bcd43fcf375a4df1edc2708698?s=96&d=mm&r=g\",\"caption\":\"BasaWeb\"},\"url\":\"https:\\\/\\\/basaworldtravel.com.ar\\\/sitio\\\/author\\\/basaweb\\\/\"}]}<\/script>\n<!-- \/ Yoast SEO plugin. -->","yoast_head_json":{"title":"GRUPAL BULGARIA &amp; RUMANIA-2026 - Basa","robots":{"index":"index","follow":"follow","max-snippet":"max-snippet:-1","max-image-preview":"max-image-preview:large","max-video-preview":"max-video-preview:-1"},"canonical":"https:\/\/basaworldtravel.com.ar\/sitio\/2026\/04\/grupal-bulgaria-rumania-2026\/","og_locale":"es_ES","og_type":"article","og_title":"GRUPAL BULGARIA &amp; RUMANIA-2026 - Basa","og_description":"Entre castillos, leyendas y paisajes que parecen sacados de un cuento, Bulgaria y Rumania te invitan a vivir un viaje donde la historia y la magia se encuentran en cada rinc\u00f3n.","og_url":"https:\/\/basaworldtravel.com.ar\/sitio\/2026\/04\/grupal-bulgaria-rumania-2026\/","og_site_name":"Basa","article_published_time":"2026-04-13T12:19:05+00:00","article_modified_time":"2026-04-13T12:19:07+00:00","og_image":[{"width":1200,"height":630,"url":"https:\/\/basaworldtravel.com.ar\/sitio\/wp-content\/uploads\/2026\/04\/SOFIA-BULGARIA.jpg","type":"image\/jpeg"}],"author":"BasaWeb","twitter_card":"summary_large_image","twitter_misc":{"Escrito por":"BasaWeb","Tiempo de lectura":"16 minutos"},"schema":{"@context":"https:\/\/schema.org","@graph":[{"@type":"Article","@id":"https:\/\/basaworldtravel.com.ar\/sitio\/2026\/04\/grupal-bulgaria-rumania-2026\/#article","isPartOf":{"@id":"https:\/\/basaworldtravel.com.ar\/sitio\/2026\/04\/grupal-bulgaria-rumania-2026\/"},"author":{"name":"BasaWeb","@id":"https:\/\/basaworldtravel.com.ar\/sitio\/#\/schema\/person\/d89b1d641794d338c41cd3818beabd4c"},"headline":"GRUPAL BULGARIA &amp; RUMANIA-2026","datePublished":"2026-04-13T12:19:05+00:00","dateModified":"2026-04-13T12:19:07+00:00","mainEntityOfPage":{"@id":"https:\/\/basaworldtravel.com.ar\/sitio\/2026\/04\/grupal-bulgaria-rumania-2026\/"},"wordCount":3750,"image":{"@id":"https:\/\/basaworldtravel.com.ar\/sitio\/2026\/04\/grupal-bulgaria-rumania-2026\/#primaryimage"},"thumbnailUrl":"https:\/\/basaworldtravel.com.ar\/sitio\/wp-content\/uploads\/2026\/04\/SOFIA-BULGARIA.jpg","keywords":["2026","BUCAREST","BULGARIA","RUMANIA","SALIDAS GRUPALES","SIBIU"],"articleSection":["Exoticos","Paquetes"],"inLanguage":"es"},{"@type":"WebPage","@id":"https:\/\/basaworldtravel.com.ar\/sitio\/2026\/04\/grupal-bulgaria-rumania-2026\/","url":"https:\/\/basaworldtravel.com.ar\/sitio\/2026\/04\/grupal-bulgaria-rumania-2026\/","name":"GRUPAL BULGARIA &amp; RUMANIA-2026 - Basa","isPartOf":{"@id":"https:\/\/basaworldtravel.com.ar\/sitio\/#website"},"primaryImageOfPage":{"@id":"https:\/\/basaworldtravel.com.ar\/sitio\/2026\/04\/grupal-bulgaria-rumania-2026\/#primaryimage"},"image":{"@id":"https:\/\/basaworldtravel.com.ar\/sitio\/2026\/04\/grupal-bulgaria-rumania-2026\/#primaryimage"},"thumbnailUrl":"https:\/\/basaworldtravel.com.ar\/sitio\/wp-content\/uploads\/2026\/04\/SOFIA-BULGARIA.jpg","datePublished":"2026-04-13T12:19:05+00:00","dateModified":"2026-04-13T12:19:07+00:00","author":{"@id":"https:\/\/basaworldtravel.com.ar\/sitio\/#\/schema\/person\/d89b1d641794d338c41cd3818beabd4c"},"breadcrumb":{"@id":"https:\/\/basaworldtravel.com.ar\/sitio\/2026\/04\/grupal-bulgaria-rumania-2026\/#breadcrumb"},"inLanguage":"es","potentialAction":[{"@type":"ReadAction","target":["https:\/\/basaworldtravel.com.ar\/sitio\/2026\/04\/grupal-bulgaria-rumania-2026\/"]}]},{"@type":"ImageObject","inLanguage":"es","@id":"https:\/\/basaworldtravel.com.ar\/sitio\/2026\/04\/grupal-bulgaria-rumania-2026\/#primaryimage","url":"https:\/\/basaworldtravel.com.ar\/sitio\/wp-content\/uploads\/2026\/04\/SOFIA-BULGARIA.jpg","contentUrl":"https:\/\/basaworldtravel.com.ar\/sitio\/wp-content\/uploads\/2026\/04\/SOFIA-BULGARIA.jpg","width":1200,"height":630},{"@type":"BreadcrumbList","@id":"https:\/\/basaworldtravel.com.ar\/sitio\/2026\/04\/grupal-bulgaria-rumania-2026\/#breadcrumb","itemListElement":[{"@type":"ListItem","position":1,"name":"Portada","item":"https:\/\/basaworldtravel.com.ar\/sitio\/"},{"@type":"ListItem","position":2,"name":"GRUPAL BULGARIA &amp; RUMANIA-2026"}]},{"@type":"WebSite","@id":"https:\/\/basaworldtravel.com.ar\/sitio\/#website","url":"https:\/\/basaworldtravel.com.ar\/sitio\/","name":"Basa","description":"World Travel","potentialAction":[{"@type":"SearchAction","target":{"@type":"EntryPoint","urlTemplate":"https:\/\/basaworldtravel.com.ar\/sitio\/?s={search_term_string}"},"query-input":{"@type":"PropertyValueSpecification","valueRequired":true,"valueName":"search_term_string"}}],"inLanguage":"es"},{"@type":"Person","@id":"https:\/\/basaworldtravel.com.ar\/sitio\/#\/schema\/person\/d89b1d641794d338c41cd3818beabd4c","name":"BasaWeb","image":{"@type":"ImageObject","inLanguage":"es","@id":"https:\/\/secure.gravatar.com\/avatar\/13e699648957af0aba903942fee2a1fc533d92bcd43fcf375a4df1edc2708698?s=96&d=mm&r=g","url":"https:\/\/secure.gravatar.com\/avatar\/13e699648957af0aba903942fee2a1fc533d92bcd43fcf375a4df1edc2708698?s=96&d=mm&r=g","contentUrl":"https:\/\/secure.gravatar.com\/avatar\/13e699648957af0aba903942fee2a1fc533d92bcd43fcf375a4df1edc2708698?s=96&d=mm&r=g","caption":"BasaWeb"},"url":"https:\/\/basaworldtravel.com.ar\/sitio\/author\/basaweb\/"}]}},"_links":{"self":[{"href":"https:\/\/basaworldtravel.com.ar\/sitio\/wp-json\/wp\/v2\/posts\/156364","targetHints":{"allow":["GET"]}}],"collection":[{"href":"https:\/\/basaworldtravel.com.ar\/sitio\/wp-json\/wp\/v2\/posts"}],"about":[{"href":"https:\/\/basaworldtravel.com.ar\/sitio\/wp-json\/wp\/v2\/types\/post"}],"author":[{"embeddable":true,"href":"https:\/\/basaworldtravel.com.ar\/sitio\/wp-json\/wp\/v2\/users\/2"}],"replies":[{"embeddable":true,"href":"https:\/\/basaworldtravel.com.ar\/sitio\/wp-json\/wp\/v2\/comments?post=156364"}],"version-history":[{"count":1,"href":"https:\/\/basaworldtravel.com.ar\/sitio\/wp-json\/wp\/v2\/posts\/156364\/revisions"}],"predecessor-version":[{"id":156366,"href":"https:\/\/basaworldtravel.com.ar\/sitio\/wp-json\/wp\/v2\/posts\/156364\/revisions\/156366"}],"wp:featuredmedia":[{"embeddable":true,"href":"https:\/\/basaworldtravel.com.ar\/sitio\/wp-json\/wp\/v2\/media\/156365"}],"wp:attachment":[{"href":"https:\/\/basaworldtravel.com.ar\/sitio\/wp-json\/wp\/v2\/media?parent=156364"}],"wp:term":[{"taxonomy":"category","embeddable":true,"href":"https:\/\/basaworldtravel.com.ar\/sitio\/wp-json\/wp\/v2\/categories?post=156364"},{"taxonomy":"post_tag","embeddable":true,"href":"https:\/\/basaworldtravel.com.ar\/sitio\/wp-json\/wp\/v2\/tags?post=156364"}],"curies":[{"name":"wp","href":"https:\/\/api.w.org\/{rel}","templated":true}]}}