{"id":156353,"date":"2026-04-13T08:56:47","date_gmt":"2026-04-13T11:56:47","guid":{"rendered":"https:\/\/basaworldtravel.com.ar\/?p=156353"},"modified":"2026-04-13T08:57:36","modified_gmt":"2026-04-13T11:57:36","slug":"eslovenia-croacia-montenegro-2026","status":"publish","type":"post","link":"https:\/\/basaworldtravel.com.ar\/sitio\/2026\/04\/eslovenia-croacia-montenegro-2026\/","title":{"rendered":"ESLOVENIA, CROACIA &amp; MONTENEGRO- 2026"},"content":{"rendered":"\n<p><strong>\u00a0<\/strong>Salida 25 de Septiembre 2026<\/p>\n\n\n\n<p><strong>D\u00edas<\/strong>\u00a020 \/\u00a0<strong>Noches<\/strong>\u00a017<br><strong>INCLUYE<\/strong><\/p>\n\n\n\n<p>\u2022 17&nbsp;noches de alojamiento en hoteles de categor\u00eda 4 y 5 estrellas en Habitaci\u00f3n Standard.<br>\u2022 R\u00e9gimen: con Media Pensi\u00f3n.<br>\u2022 A\u00e9reo de Lufthansa&nbsp;en Cabina Econ\u00f3mica, ida y vuelta.<br>\u2022 Traslados en servicio&nbsp;privado de llegada, entre destinos y salida con asistencia de habla hispana.<br>\u2022&nbsp;Visitas con gu\u00eda local y\/o excursiones de habla hispana (seg\u00fan itinerario).<br>\u2022&nbsp;Propinas obligatorias (gu\u00edas y conductores).<br>\u2022&nbsp;Asistencia al viajero de Universal Assistance Excellence USD 150.000 con garant\u00eda de cancelaci\u00f3n plus hasta USD 6000 (hasta 85 a\u00f1os) con causa.<\/p>\n\n\n\n<p><strong>HOTELERIA PREVISTA O SIMILAR<\/strong><\/p>\n\n\n\n<p><strong>Hoteles 4&nbsp;y 5&nbsp;estrellas:<\/strong><\/p>\n\n\n\n<p>Ljubljana (4 Noches): Eurostars U Hotel<br>Opatija (3 Noches): Hotel Paris<br>Plitvice (1 Noche): Hotel Degenija<br>Split (2 Noches): Hotel Art<br>Makarska (1 Noche): Hotel Park<br>Dubrovnik (3 Noches): Hotel President Valamar<br>Herceg Novi (3 Noches): Hotel Palmon Bay<\/p>\n\n\n\n<p><strong>ITINERARIO<\/strong><\/p>\n\n\n\n<p><strong><u>D\u00cdA 01 \u2013 25 DE SEPTIEMBRE EZEIZA<\/u><\/strong><\/p>\n\n\n\n<p>Presentaci\u00f3n en el Aeropuerto Internacional de Ezeiza a las 12:40 hs. para realizar el check in del&nbsp;<strong>vuelo 511 de Lufthansa<\/strong>&nbsp;con destino la ciudad de Ljubljana v\u00eda Frankfurt y horario de salida a las 16:40 hs.&nbsp;<strong>Noche a bordo.<\/strong><\/p>\n\n\n\n<p><strong><u>D\u00cdA 02 \u2013 26 DE SEPTIEMBRE FRANKFURT \/ LJUBLJANA<\/u><\/strong><\/p>\n\n\n\n<p>Llegada al Aeropuerto Internacional de Ljubljana, capital de Eslovenia al medio d\u00eda y encuentro con un asistente de habla hispana y el bus para ir hasta el hotel. Check-in y el resto del d\u00eda libre para pasear y descubrir esta hermosa ciudad.&nbsp;<strong>Cena y alojamiento.<\/strong><\/p>\n\n\n\n<p><em>Las habitaciones estar\u00e1n disponibles a partir de las 15:00 horas.<\/em><\/p>\n\n\n\n<p><strong><u>D\u00cdA 03 \u2013 27 DE SEPTIEMBRE LJUBLJANA<\/u><\/strong><\/p>\n\n\n\n<p><strong>Desayuno<\/strong>. Hoy tendr\u00e1n la oportunidad de conocer la capital de Eslovenia. Pasear\u00e1n por la plaza central de Ljubljana, la&nbsp;<strong>plaza Pre\u0161eren<\/strong>, donde se encuentra la iglesia franciscana de la Anunciaci\u00f3n, la Catedral de Ljubljana o&nbsp;<strong>Catedral de San Nicol\u00e1s<\/strong>&nbsp;que es sede de la Arquidi\u00f3cesis de Ljubljana, el Puente Triple que cruza el r\u00edo Ljubljanica y el&nbsp;<strong>Castillo de Ljubljana<\/strong>&nbsp;(entrada incluida). El castillo medieval con elementos arquitect\u00f3nicos rom\u00e1nicos, g\u00f3ticos y renacentistas est\u00e1 situado en la cima de la colina del castillo, que domina el centro de la ciudad. El centro de la ciudad tambi\u00e9n alberga obras del famoso arquitecto esloveno&nbsp;<strong>Jo\ufffde Ple\u010dnik<\/strong>, cuyas obras fueron reconocidas por la Unesco en 2021. Tarde libre.&nbsp;<strong>Cena y alojamiento.<\/strong><\/p>\n\n\n\n<p><strong><u>D\u00cdA 04 \u2013 28 DE SEPTIEMBRE LJUBLJANA \/ BLED \/ BOHINJ \/ LJUBLJANA (150 Kms)<\/u><\/strong><\/p>\n\n\n\n<p><strong>Desayuno<\/strong>. Hoy visitar\u00e1n el mundo alpino con los dos lagos m\u00e1s famosos del pa\u00eds. La primera parada ser\u00e1 el&nbsp;<strong>lago Bled<\/strong>&nbsp;con la isla en el medio. Haremos un&nbsp;<strong>paseo en un barco<\/strong>&nbsp;t\u00edpico llamado Pletna, que lleva a los visitantes a su isla. M\u00e1s tarde se har\u00e1 la visita del&nbsp;<strong>Castillo de Bled&nbsp;<\/strong>(entrada incluida), posicionado sobre el lago como un guardaespaldas natural. Tiempo libre en Bled.<\/p>\n\n\n\n<p>Por la tarde, contin\u00faan hacia&nbsp;<strong>Bohinj&nbsp;<\/strong>que alberga el lago natural m\u00e1s grande del pa\u00eds. Se encuentra en el coraz\u00f3n del Parque Nacional de Triglav y se considera un hito natural esloveno. Despu\u00e9s de la visita regreso al hotel.&nbsp;<strong>Cena y alojamiento.<\/strong><\/p>\n\n\n\n<p><strong><u>D\u00cdA 05 \u2013 29 DE SEPTIEMBRE LJUBLJANA<\/u><\/strong><\/p>\n\n\n\n<p><strong>Desayuno<\/strong>. D\u00eda libre en Ljubljana para descansar, hacer compras o recorrer a su aire.&nbsp;<strong>Cena y alojamiento.<\/strong><\/p>\n\n\n\n<p><strong><u>D\u00cdA 06 \u2013 30 DE SEPTIEMBRE LJUBLJANA \/ POSTOJNA \/ OPATIJA (113 Kms)<\/u><\/strong><\/p>\n\n\n\n<p>Despu\u00e9s del<strong>&nbsp;desayuno<\/strong>&nbsp;salida hacia Postojna para visitar uno de los orgullos eslovenos \u2013 la extravagante&nbsp;<strong>Cueva de Postojna<\/strong>. La cueva m\u00e1s grande en Europa abierta para el turismo le ense\u00f1ar\u00e1 las magn\u00edficas&nbsp;<strong>esculturas de estalactitas<\/strong>&nbsp;y un variado mundo animal. La visita se hace a pie y en el trencito. Al salir ver\u00e1 el&nbsp;<strong>Castillo de Predjama<\/strong>&nbsp;(entrada incluida), una maravilla medieval irrefutable con m\u00e1s de 800 a\u00f1os de antig\u00fcedad, posicionada en la pared vertical de 123 metros de altura. Por la tarde salida hacia Opatija, Croacia.&nbsp;<strong>Cena y alojamiento.<\/strong><\/p>\n\n\n\n<p><strong><u>D\u00cdA 07 \u2013 01 DE OCTUBRE OPATIJA \/ ROVINJ \/ MOTOVUN \/ OPATIJA (199 Kms)<\/u><\/strong><\/p>\n\n\n\n<p><strong>Desayuno.&nbsp;<\/strong>Por la ma\u00f1ana salida por la costa para explorar la&nbsp;<strong>pen\u00ednsula de Istria<\/strong>. Primero llegamos a la&nbsp;<strong>ciudad de Rovinj<\/strong>. En un paseo por la ciudad disfrutaran el encantador casco antiguo, donde estrechas callejuelas adoquinadas serpentean entre coloridos edificios de estilo veneciano que se alzan imponentes sobre el mar Adri\u00e1tico. Por el camino, pasar\u00e1n por talleres artesanales, galer\u00edas costeras y patios escondidos que muestran el vibrante esp\u00edritu art\u00edstico de Rovinj. Recorreremos el paseo mar\u00edtimo, donde admiramos el bullicioso&nbsp;<strong>puerto pesquero<\/strong>, observar el paso de los barcos y empaparse del relajado encanto mediterr\u00e1neo de la ciudad, una atm\u00f3sfera que convierte a Rovinj en una de las joyas m\u00e1s cautivadoras de Istria.<\/p>\n\n\n\n<p>M\u00e1s tarde, nos dirigimos a&nbsp;<strong>Motovun<\/strong>, ubicada en una colina rodeada por los vi\u00f1edos. Es una de las ciudades medievales mejor conservadas de Croacia. Luego de visitar la ciudad regresamos por la tarde a Opatija.&nbsp;<strong>Cena y alojamiento.<\/strong><\/p>\n\n\n\n<p><strong><u>D\u00cdA 08 \u2013 02 DE OCTUBRE OPATIJA \/ PULA \/ OPATIJA (202 Kms)<\/u><\/strong><\/p>\n\n\n\n<p><strong>Desayuno<\/strong>. Hoy pasar\u00e1n el d\u00eda en la ciudad de Pula, con su fascinante combinaci\u00f3n de historia antigua y encanto costero, comenzando por el magn\u00edfico&nbsp;<strong>Anfiteatro Romano&nbsp;<\/strong>(entrada incluida), uno de los mejor conservados del mundo. Al pasear por el casco antiguo, ver\u00e1n impresionantes monumentos como el&nbsp;<strong>Templo de Augusto<\/strong>&nbsp;y el&nbsp;<strong>Arco de los Sergios<\/strong>, recordatorios del largo y rico pasado de Pula. Las animadas plazas y calles empedradas de la ciudad est\u00e1n repletas de cafeter\u00edas, boutiques locales y mercados al aire libre que le invitan a detenerse y explorar. Por la tarde regreso a Opatija.&nbsp;<strong>Cena y alojamiento.<\/strong><\/p>\n\n\n\n<p><strong><u>D\u00cdA 09 \u2013 03 DE OCTUBRE OPATIJA \/ PLITVICE (164 Kms)<\/u><\/strong><\/p>\n\n\n\n<p><strong>Desayuno<\/strong>&nbsp;y salida hacia Plitvice donde visitaremos el famoso&nbsp;<strong>Parque Nacional<\/strong>, Patrimonio de la Humanidad por la UNESCO desde 1979. El parque es una joya natural e hist\u00f3rica de Croacia. Caminar por sus pasarelas de madera permite descubrir un ecosistema \u00fanico. La visita en el parque se hace a pie por las pasarelas y una parte se hace en barco. Al finalizar la visita iremos hacia el hotel en Plitvice.&nbsp;<strong>Cena y alojamiento.<\/strong><\/p>\n\n\n\n<p><strong><u>D\u00cdA 10 \u2013 04 DE OCTUBRE PLITVICE \/ ZADAR \/ \u0160IBENIK \/ SPLIT (301 Kms)<\/u><\/strong><\/p>\n\n\n\n<p><strong>Desayuno<\/strong>. Salida hacia la costa croata con la primera parada en&nbsp;<strong>Zadar<\/strong>. Ver\u00e1n el casco antiguo que posee una historia muy rica con el&nbsp;<strong>foro romano<\/strong>&nbsp;m\u00e1s grande del litoral oriental del Adri\u00e1tico, numerosos monumentos sacros, como la&nbsp;<strong>iglesia de San Donato<\/strong>&nbsp;del siglo IX, la Catedral de Santa Anastasia, la calle Kalelarga y las murallas. Pasear\u00e1n tambi\u00e9n por el magn\u00edfico paseo mar\u00edtimo con las famosas instalaciones del&nbsp;<strong>\u00d3rgano del Mar<\/strong>&nbsp;y el&nbsp;<strong>Saludo al Sol<\/strong>.<\/p>\n\n\n\n<p>Despu\u00e9s seguimos hacia Split con una parada en&nbsp;<strong>\u0160ibenik<\/strong>. La historia de Dalmacia est\u00e1 escrita en piedra, las calles en las que se desarrolla la vida durante casi mil a\u00f1os y las tres fortalezas: Barone, la Fortaleza de San Juan y la Fortaleza de San Miguel, cuyo escenario de verano convierte cada concierto en un espect\u00e1culo, son solo una obertura de la obra de arte m\u00e1s importante de \u0160ibenik: la&nbsp;<strong>Catedral de San Jaime<\/strong>. Tiempo libre en \u0160ibenik y por la tarde llegada a Split.&nbsp;<strong>Cena y alojamiento.<\/strong><\/p>\n\n\n\n<p><strong><u>D\u00cdA 11 \u2013 05 DE OCTUBRE SPLIT<\/u><\/strong><\/p>\n\n\n\n<p><strong>Desayuno<\/strong>&nbsp;y salida para conocer la segunda ciudad m\u00e1s grande en Croacia:&nbsp;<strong>Split<\/strong>. Ver\u00e1n el casco antiguo que est\u00e1 incluido en la lista de la Unesco del&nbsp;<strong>Patrimonio Cultural de la Humanidad<\/strong>. El&nbsp;<strong>Palacio de Diocleciano<\/strong>&nbsp;es un antiguo palacio construido por el emperador romano Diocleciano a finales del siglo III d.C., que hoy forma aproximadamente la mitad del casco antiguo de Split. Durante la visita ver\u00e1n tambi\u00e9n el exterior del&nbsp;<strong>templo de J\u00fapiter<\/strong>&nbsp;y de la&nbsp;<strong>Catedral San Duje<\/strong>. Tarde libre para disfrutar el ambiente de esta ciudad.&nbsp;<strong>Cena y alojamiento.<\/strong><\/p>\n\n\n\n<p><strong><u>D\u00cdA 12 \u2013 06 DE OCTUBRE SPLIT \/ TROGIR \/ MAKARSKA (142 Kms)<\/u><\/strong><\/p>\n\n\n\n<p><strong>Desayuno<\/strong>. Dejamos Split por la ma\u00f1ana para ver la ciudad cercana Trogir, antes de salir en direcci\u00f3n a Makarska. Trogir conserva un casco hist\u00f3rico de&nbsp;<strong>estrechas callejuelas<\/strong>,&nbsp;<strong>palacios renacentistas<\/strong>&nbsp;y rom\u00e1nticas plazas; es declarada Patrimonio de la Humanidad por la Unesco. La&nbsp;<strong>Catedral de San Lorenzo<\/strong>, con su c\u00e9lebre portal rom\u00e1nico, es un s\u00edmbolo de su esplendor art\u00edstico. Por la tarde llegada a la famosa ciudad playera Makarska.&nbsp;<strong>Cena y alojamiento.<\/strong><\/p>\n\n\n\n<p><strong><u>D\u00cdA 13 \u2013 07 DE OCTUBRE MAKARSKA \/ DUBROVNIK (157 Kms)<\/u><\/strong><\/p>\n\n\n\n<p><strong>Desayuno<\/strong>&nbsp;y salida al sur de la costa d\u00e1lmata, la perla Dubrovnik. Al llegar subimos al&nbsp;<strong>Monte Sr\u0111<\/strong>&nbsp;en el telef\u00e9rico que ofrece una de las perspectivas m\u00e1s impresionantes de Dubrovnik y su espectacular&nbsp;<strong>costa adri\u00e1tica<\/strong>. En la cima les esperan impresionantes vistas panor\u00e1micas del casco antiguo amurallado y el mar resplandeciente. Tarde libre en Dubrovnik.&nbsp;<strong>Cena y alojamiento.<\/strong><\/p>\n\n\n\n<p><strong><u>D\u00cdA 14 \u2013 08 DE OCTUBRE DUBROVNIK<\/u><\/strong><\/p>\n\n\n\n<p><strong>Desayuno<\/strong>. Hoy conocer\u00e1n la ciudad que es uno de los destinos m\u00e1s fascinantes de Croacia y&nbsp;<strong>Patrimonio de la Humanidad<\/strong>&nbsp;por la Unesco. Sus imponentes<strong>&nbsp;murallas medievales<\/strong>, protegen un casco antiguo lleno de callejuelas empedradas, monasterios, palacios barrocos y plazas que evocan siglos de esplendor. Visitaremos el&nbsp;<strong>Palacio del Rector<\/strong>&nbsp;(entrada incluida) y el&nbsp;<strong>Monasterio Franciscano<\/strong>&nbsp;(entrada incluida) con la farmacia m\u00e1s antigua del mundo. Durante siglos, la Rep\u00fablica de Ragusa (antigua Dubrovnik) fue un importante centro comercial y cultural, rivalizando con Venecia en poder e influencia. Tarde libre.&nbsp;<strong>Cena y alojamiento.<\/strong><\/p>\n\n\n\n<p><strong><u>D\u00cdA 15 \u2013 09 DE OCTUBRE DUBROVNIK<\/u><\/strong><\/p>\n\n\n\n<p><strong>Desayuno<\/strong>. D\u00eda libre en Dubrovnik para recorrer la ciudad, descansar en las instalaciones del hotel.&nbsp;<strong>Cena y alojamiento.<\/strong><\/p>\n\n\n\n<p><strong><u>D\u00cdA 16 \u2013 10 DE OCTUBRE DUBROVNIK \/ HERCEG NOVI<\/u><\/strong><\/p>\n\n\n\n<p><strong>Desayuno<\/strong>. Hoy cruzamos la frontera para llegar a Montenegro. Tras el viaje, llegamos a la ciudad de&nbsp;<strong>Herceg Novi<\/strong>, una soleada ciudad costera a la entrada de la hermosa&nbsp;<strong>bah\u00eda de Kotor<\/strong>, en Montenegro, conocida por su exuberante vegetaci\u00f3n subtropical, sus calles con terrazas y su relajado ambiente mediterr\u00e1neo. Construida sobre una empinada ladera, la ciudad se despliega entre escalinatas de piedra, fortalezas hist\u00f3ricas y encantadoras plazas con vistas a aguas turquesas.<strong>&nbsp;Cena y alojamiento.<\/strong><\/p>\n\n\n\n<p><strong><u>D\u00cdA 17 \u2013 11 DE OCTUBRE HERCEG NOVI \/ PERAST \/ BUDVA \/ HERCEG NOVI (109 Kms)<\/u><\/strong><\/p>\n\n\n\n<p><strong>Desayuno<\/strong>&nbsp;y salida para conocer la bonita bah\u00eda. Primera parada&nbsp;<strong>Perast<\/strong>, una peque\u00f1a y encantadora ciudad en la bah\u00eda de Kotor, famosa por su ambiente sereno, su&nbsp;<strong>arquitectura barroca<\/strong>&nbsp;y sus impresionantes vistas al mar. Enclavada entre imponentes monta\u00f1as y aguas tranquilas y cristalinas, la ciudad se siente casi atemporal, con elegantes palacios de piedra, callejuelas estrechas e iglesias hist\u00f3ricas. Uno de los lugares m\u00e1s emblem\u00e1ticos de Perast es el peque\u00f1o&nbsp;<strong>islote Nuestra Se\u00f1ora<\/strong>&nbsp;que lo visitaremos en un corto viaje en barco (si las condiciones clim\u00e1ticas lo permiten).<\/p>\n\n\n\n<p>M\u00e1s tarde continuamos hacia Budva, ciudad costera del Adri\u00e1tico, conocida por su vibrante vida nocturna, playas de arena y un casco antiguo bien conservado. El centro hist\u00f3rico, encaramado en una peque\u00f1a pen\u00ednsula, es un laberinto de estrechas calles adoquinadas, murallas medievales y encantadoras plazas repletas de caf\u00e9s, boutiques e iglesias antiguas. Regreso a Herceg Novi por la tarde.&nbsp;<strong>Cena y alojamiento.<\/strong><\/p>\n\n\n\n<p><strong><u>D\u00cdA 18 \u2013 12 DE OCTUBRE HERCEG NOVI<\/u><\/strong><\/p>\n\n\n\n<p><strong>Desayuno<\/strong>. D\u00eda libre en la ciudad de Herceg Novi para descansar.&nbsp;<strong>Cena y alojamiento.<\/strong><\/p>\n\n\n\n<p><strong><u>D\u00cdA 19 \u2013 13 DE OCTUBRE HERCEG NOVI \/ DUBROVNIK \/ FRANKFURT<\/u><\/strong><\/p>\n\n\n\n<p><strong>Desayuno.<\/strong>&nbsp;Por la ma\u00f1ana check out. A la hora indicada traslado al Aeropuerto Internacional de Dubrovnik para nuestro&nbsp;<strong>vuelo de Lufthansa<\/strong>&nbsp;a Ezeiza v\u00eda Frankfurt.&nbsp;<strong>Noche a bordo.<\/strong><\/p>\n\n\n\n<p><strong><u>D\u00cdA 20 \u2013 14 DE OCTUBRE EZEIZA<\/u><\/strong><\/p>\n\n\n\n<p>Por la ma\u00f1ana, llegada a Ezeiza.<\/p>\n\n\n\n<p>FIN DE NUESTROS SERVICIOS<\/p>\n\n\n\n<p><\/p>\n\n\n\n<p><strong>EXCURSIONES<\/strong><\/p>\n\n\n\n<p>\u2022&nbsp;<strong>Ljubljana:&nbsp;<\/strong>Visita guiada a la ciudad con subida en funicular al Castillo de Ljubljana.<\/p>\n\n\n\n<p>\u2022&nbsp;Excursi\u00f3n a&nbsp;<strong>Bled y Bohinj<\/strong>&nbsp;con paseo en barco hasta la isla y entrada al Castillo de Bled.<\/p>\n\n\n\n<p>\u2022&nbsp;Excursi\u00f3n a&nbsp;<strong>Postojna<\/strong>&nbsp;con entrada a las Cuevas de Postojna y el Castillo de Predjama.<\/p>\n\n\n\n<p>\u2022&nbsp;Excursi\u00f3n a dos ciudades de la&nbsp;<strong>Pen\u00ednsula de Istria<\/strong>.<\/p>\n\n\n\n<p>\u2022&nbsp;<strong>Pula:<\/strong>&nbsp;Visita de la ciudad con entrada al Anfiteatro Romano.<\/p>\n\n\n\n<p>\u2022&nbsp;Visita al&nbsp;<strong>Parque Nacional de Plitvice.<\/strong><\/p>\n\n\n\n<p>\u2022&nbsp;Visita guiada a las ciudades de&nbsp;<strong>Zadar, Trogir y Split.<\/strong><\/p>\n\n\n\n<p>\u2022&nbsp;<strong>Dubrovnik:<\/strong>&nbsp;Visita guiada de la ciudad con entrada al Palacio del Rector y el Monasterio Franciscano. Subida al Monte Sr\u0111 con las mejores vistas de la ciudad amurallada.<\/p>\n\n\n\n<p>\u2022&nbsp;Excursi\u00f3n a la&nbsp;<strong>Bah\u00eda de Kotor<\/strong>&nbsp;con las ciudades de Perast y Budva.<\/p>\n\n\n\n<p><\/p>\n\n\n\n<p><strong>DETALLE DE LOS VUELOS<\/strong><\/p>\n\n\n\n<p>LH 511 25SEP EZEFRA 1640 1100 26SEP<\/p>\n\n\n\n<p>LH1460 26SEP FRALJU 1210 1325 26SEP<\/p>\n\n\n\n<p>LH4297 13OCT DBVFRA 1830 2030 13OCT<\/p>\n\n\n\n<p>LH 510 13OCT FRAEZE 2140 0625 14OCT<\/p>\n\n\n\n<p>Equipaje permitido: Incluye 1 maleta en bodega de 23 Kg y equipaje de mano 8 Kg.<\/p>\n\n\n\n<p>Vuelos confirmados por Lufthansa sujetos a modificaci\u00f3n y re-confirmaci\u00f3n por la compa\u00f1\u00eda a\u00e9rea.<\/p>\n\n\n\n<p><\/p>\n\n\n\n<p><strong>NO INCLUYE:<\/strong><\/p>\n\n\n\n<p>\u2022\u00a0Cualquier almuerzo o cena no mencionada en el programa.<br>\u2022\u00a0Extras y gastos personales.<br>\u2022\u00a0Cualquier excursi\u00f3n opcional.<br>\u2022\u00a0Propinas no obligatorias.<br>\u2022\u00a0Maleteros.<br>\u2022\u00a0Bebidas no incluidas.<br>\u2022\u00a0Asignaci\u00f3n de asientos (el costo lo determina la compa\u00f1ia a\u00e9rea).<br>\u2022\u00a0Suplemento de asistencia para pasajeros mayores de 70 a\u00f1os: El suplemento asistencia al viajero pasajeros 71 \u2013 85 a\u00f1os: 120 USD P.PAX (con\u00a0seguro de cancelaci\u00f3n).<\/p>\n\n\n\n<p><strong>REQUISITOS OBLIGATORIOS<\/strong><\/p>\n\n\n\n<p>\u2022\u00a0Pasaporte vigente y en buenas condiciones, con hojas libres para sellados migratorios y vigencia m\u00ednima 6 meses desde la fecha de regreso a Argentina.<\/p>\n\n\n\n<p><strong>PRECIO POR PERSONA EN BASE DOBLE USD9140 <\/strong><\/p>\n\n\n\n<p>connec<\/p>\n\n\n\n<p><\/p>\n","protected":false},"excerpt":{"rendered":"<p>Descubr\u00ed la magia del Adri\u00e1tico en un viaje que lo tiene todo: la elegancia de Eslovenia, la historia vibrante de Croacia y el encanto salvaje de Montenegro, <\/p>\n","protected":false},"author":2,"featured_media":156354,"comment_status":"closed","ping_status":"open","sticky":false,"template":"","format":"standard","meta":{"_acf_changed":false,"footnotes":""},"categories":[9,5],"tags":[703,796,797,826,798,80],"class_list":["post-156353","post","type-post","status-publish","format-standard","has-post-thumbnail","hentry","category-exoticos","category-paquetes","tag-703","tag-croacia","tag-eslovenia","tag-grupo","tag-montenegro","tag-salidas-grupales","category-9","category-5","description-off"],"acf":[],"yoast_head":"<!-- This site is optimized with the Yoast SEO plugin v28.4 - https:\/\/yoast.com\/product\/yoast-seo-wordpress\/ -->\n<title>ESLOVENIA, CROACIA &amp; MONTENEGRO- 2026 - Basa<\/title>\n<meta name=\"robots\" content=\"index, follow, max-snippet:-1, max-image-preview:large, max-video-preview:-1\" \/>\n<link rel=\"canonical\" href=\"https:\/\/basaworldtravel.com.ar\/sitio\/2026\/04\/eslovenia-croacia-montenegro-2026\/\" \/>\n<meta property=\"og:locale\" content=\"es_ES\" \/>\n<meta property=\"og:type\" content=\"article\" \/>\n<meta property=\"og:title\" content=\"ESLOVENIA, CROACIA &amp; MONTENEGRO- 2026 - Basa\" \/>\n<meta property=\"og:description\" content=\"Descubr\u00ed la magia del Adri\u00e1tico en un viaje que lo tiene todo: la elegancia de Eslovenia, la historia vibrante de Croacia y el encanto salvaje de Montenegro,\" \/>\n<meta property=\"og:url\" content=\"https:\/\/basaworldtravel.com.ar\/sitio\/2026\/04\/eslovenia-croacia-montenegro-2026\/\" \/>\n<meta property=\"og:site_name\" content=\"Basa\" \/>\n<meta property=\"article:published_time\" content=\"2026-04-13T11:56:47+00:00\" \/>\n<meta property=\"article:modified_time\" content=\"2026-04-13T11:57:36+00:00\" \/>\n<meta property=\"og:image\" content=\"https:\/\/basaworldtravel.com.ar\/sitio\/wp-content\/uploads\/2026\/04\/DubrovnikHarbor_CROACIA.jpg\" \/>\n\t<meta property=\"og:image:width\" content=\"1920\" \/>\n\t<meta property=\"og:image:height\" content=\"1080\" \/>\n\t<meta property=\"og:image:type\" content=\"image\/jpeg\" \/>\n<meta name=\"author\" content=\"BasaWeb\" \/>\n<meta name=\"twitter:card\" content=\"summary_large_image\" \/>\n<meta name=\"twitter:label1\" content=\"Escrito por\" \/>\n\t<meta name=\"twitter:data1\" content=\"BasaWeb\" \/>\n\t<meta name=\"twitter:label2\" content=\"Tiempo de lectura\" \/>\n\t<meta name=\"twitter:data2\" content=\"11 minutos\" \/>\n<script type=\"application\/ld+json\" class=\"yoast-schema-graph\">{\"@context\":\"https:\\\/\\\/schema.org\",\"@graph\":[{\"@type\":\"Article\",\"@id\":\"https:\\\/\\\/basaworldtravel.com.ar\\\/sitio\\\/2026\\\/04\\\/eslovenia-croacia-montenegro-2026\\\/#article\",\"isPartOf\":{\"@id\":\"https:\\\/\\\/basaworldtravel.com.ar\\\/sitio\\\/2026\\\/04\\\/eslovenia-croacia-montenegro-2026\\\/\"},\"author\":{\"name\":\"BasaWeb\",\"@id\":\"https:\\\/\\\/basaworldtravel.com.ar\\\/sitio\\\/#\\\/schema\\\/person\\\/d89b1d641794d338c41cd3818beabd4c\"},\"headline\":\"ESLOVENIA, CROACIA &amp; MONTENEGRO- 2026\",\"datePublished\":\"2026-04-13T11:56:47+00:00\",\"dateModified\":\"2026-04-13T11:57:36+00:00\",\"mainEntityOfPage\":{\"@id\":\"https:\\\/\\\/basaworldtravel.com.ar\\\/sitio\\\/2026\\\/04\\\/eslovenia-croacia-montenegro-2026\\\/\"},\"wordCount\":2307,\"image\":{\"@id\":\"https:\\\/\\\/basaworldtravel.com.ar\\\/sitio\\\/2026\\\/04\\\/eslovenia-croacia-montenegro-2026\\\/#primaryimage\"},\"thumbnailUrl\":\"https:\\\/\\\/basaworldtravel.com.ar\\\/sitio\\\/wp-content\\\/uploads\\\/2026\\\/04\\\/DubrovnikHarbor_CROACIA.jpg\",\"keywords\":[\"2026\",\"CROACIA\",\"ESLOVENIA\",\"GRUPO\",\"MONTENEGRO\",\"SALIDAS GRUPALES\"],\"articleSection\":[\"Exoticos\",\"Paquetes\"],\"inLanguage\":\"es\"},{\"@type\":\"WebPage\",\"@id\":\"https:\\\/\\\/basaworldtravel.com.ar\\\/sitio\\\/2026\\\/04\\\/eslovenia-croacia-montenegro-2026\\\/\",\"url\":\"https:\\\/\\\/basaworldtravel.com.ar\\\/sitio\\\/2026\\\/04\\\/eslovenia-croacia-montenegro-2026\\\/\",\"name\":\"ESLOVENIA, CROACIA &amp; MONTENEGRO- 2026 - Basa\",\"isPartOf\":{\"@id\":\"https:\\\/\\\/basaworldtravel.com.ar\\\/sitio\\\/#website\"},\"primaryImageOfPage\":{\"@id\":\"https:\\\/\\\/basaworldtravel.com.ar\\\/sitio\\\/2026\\\/04\\\/eslovenia-croacia-montenegro-2026\\\/#primaryimage\"},\"image\":{\"@id\":\"https:\\\/\\\/basaworldtravel.com.ar\\\/sitio\\\/2026\\\/04\\\/eslovenia-croacia-montenegro-2026\\\/#primaryimage\"},\"thumbnailUrl\":\"https:\\\/\\\/basaworldtravel.com.ar\\\/sitio\\\/wp-content\\\/uploads\\\/2026\\\/04\\\/DubrovnikHarbor_CROACIA.jpg\",\"datePublished\":\"2026-04-13T11:56:47+00:00\",\"dateModified\":\"2026-04-13T11:57:36+00:00\",\"author\":{\"@id\":\"https:\\\/\\\/basaworldtravel.com.ar\\\/sitio\\\/#\\\/schema\\\/person\\\/d89b1d641794d338c41cd3818beabd4c\"},\"breadcrumb\":{\"@id\":\"https:\\\/\\\/basaworldtravel.com.ar\\\/sitio\\\/2026\\\/04\\\/eslovenia-croacia-montenegro-2026\\\/#breadcrumb\"},\"inLanguage\":\"es\",\"potentialAction\":[{\"@type\":\"ReadAction\",\"target\":[\"https:\\\/\\\/basaworldtravel.com.ar\\\/sitio\\\/2026\\\/04\\\/eslovenia-croacia-montenegro-2026\\\/\"]}]},{\"@type\":\"ImageObject\",\"inLanguage\":\"es\",\"@id\":\"https:\\\/\\\/basaworldtravel.com.ar\\\/sitio\\\/2026\\\/04\\\/eslovenia-croacia-montenegro-2026\\\/#primaryimage\",\"url\":\"https:\\\/\\\/basaworldtravel.com.ar\\\/sitio\\\/wp-content\\\/uploads\\\/2026\\\/04\\\/DubrovnikHarbor_CROACIA.jpg\",\"contentUrl\":\"https:\\\/\\\/basaworldtravel.com.ar\\\/sitio\\\/wp-content\\\/uploads\\\/2026\\\/04\\\/DubrovnikHarbor_CROACIA.jpg\",\"width\":1920,\"height\":1080},{\"@type\":\"BreadcrumbList\",\"@id\":\"https:\\\/\\\/basaworldtravel.com.ar\\\/sitio\\\/2026\\\/04\\\/eslovenia-croacia-montenegro-2026\\\/#breadcrumb\",\"itemListElement\":[{\"@type\":\"ListItem\",\"position\":1,\"name\":\"Portada\",\"item\":\"https:\\\/\\\/basaworldtravel.com.ar\\\/sitio\\\/\"},{\"@type\":\"ListItem\",\"position\":2,\"name\":\"ESLOVENIA, CROACIA &amp; MONTENEGRO- 2026\"}]},{\"@type\":\"WebSite\",\"@id\":\"https:\\\/\\\/basaworldtravel.com.ar\\\/sitio\\\/#website\",\"url\":\"https:\\\/\\\/basaworldtravel.com.ar\\\/sitio\\\/\",\"name\":\"Basa\",\"description\":\"World Travel\",\"potentialAction\":[{\"@type\":\"SearchAction\",\"target\":{\"@type\":\"EntryPoint\",\"urlTemplate\":\"https:\\\/\\\/basaworldtravel.com.ar\\\/sitio\\\/?s={search_term_string}\"},\"query-input\":{\"@type\":\"PropertyValueSpecification\",\"valueRequired\":true,\"valueName\":\"search_term_string\"}}],\"inLanguage\":\"es\"},{\"@type\":\"Person\",\"@id\":\"https:\\\/\\\/basaworldtravel.com.ar\\\/sitio\\\/#\\\/schema\\\/person\\\/d89b1d641794d338c41cd3818beabd4c\",\"name\":\"BasaWeb\",\"image\":{\"@type\":\"ImageObject\",\"inLanguage\":\"es\",\"@id\":\"https:\\\/\\\/secure.gravatar.com\\\/avatar\\\/13e699648957af0aba903942fee2a1fc533d92bcd43fcf375a4df1edc2708698?s=96&d=mm&r=g\",\"url\":\"https:\\\/\\\/secure.gravatar.com\\\/avatar\\\/13e699648957af0aba903942fee2a1fc533d92bcd43fcf375a4df1edc2708698?s=96&d=mm&r=g\",\"contentUrl\":\"https:\\\/\\\/secure.gravatar.com\\\/avatar\\\/13e699648957af0aba903942fee2a1fc533d92bcd43fcf375a4df1edc2708698?s=96&d=mm&r=g\",\"caption\":\"BasaWeb\"},\"url\":\"https:\\\/\\\/basaworldtravel.com.ar\\\/sitio\\\/author\\\/basaweb\\\/\"}]}<\/script>\n<!-- \/ Yoast SEO plugin. -->","yoast_head_json":{"title":"ESLOVENIA, CROACIA &amp; MONTENEGRO- 2026 - Basa","robots":{"index":"index","follow":"follow","max-snippet":"max-snippet:-1","max-image-preview":"max-image-preview:large","max-video-preview":"max-video-preview:-1"},"canonical":"https:\/\/basaworldtravel.com.ar\/sitio\/2026\/04\/eslovenia-croacia-montenegro-2026\/","og_locale":"es_ES","og_type":"article","og_title":"ESLOVENIA, CROACIA &amp; MONTENEGRO- 2026 - Basa","og_description":"Descubr\u00ed la magia del Adri\u00e1tico en un viaje que lo tiene todo: la elegancia de Eslovenia, la historia vibrante de Croacia y el encanto salvaje de Montenegro,","og_url":"https:\/\/basaworldtravel.com.ar\/sitio\/2026\/04\/eslovenia-croacia-montenegro-2026\/","og_site_name":"Basa","article_published_time":"2026-04-13T11:56:47+00:00","article_modified_time":"2026-04-13T11:57:36+00:00","og_image":[{"width":1920,"height":1080,"url":"https:\/\/basaworldtravel.com.ar\/sitio\/wp-content\/uploads\/2026\/04\/DubrovnikHarbor_CROACIA.jpg","type":"image\/jpeg"}],"author":"BasaWeb","twitter_card":"summary_large_image","twitter_misc":{"Escrito por":"BasaWeb","Tiempo de lectura":"11 minutos"},"schema":{"@context":"https:\/\/schema.org","@graph":[{"@type":"Article","@id":"https:\/\/basaworldtravel.com.ar\/sitio\/2026\/04\/eslovenia-croacia-montenegro-2026\/#article","isPartOf":{"@id":"https:\/\/basaworldtravel.com.ar\/sitio\/2026\/04\/eslovenia-croacia-montenegro-2026\/"},"author":{"name":"BasaWeb","@id":"https:\/\/basaworldtravel.com.ar\/sitio\/#\/schema\/person\/d89b1d641794d338c41cd3818beabd4c"},"headline":"ESLOVENIA, CROACIA &amp; MONTENEGRO- 2026","datePublished":"2026-04-13T11:56:47+00:00","dateModified":"2026-04-13T11:57:36+00:00","mainEntityOfPage":{"@id":"https:\/\/basaworldtravel.com.ar\/sitio\/2026\/04\/eslovenia-croacia-montenegro-2026\/"},"wordCount":2307,"image":{"@id":"https:\/\/basaworldtravel.com.ar\/sitio\/2026\/04\/eslovenia-croacia-montenegro-2026\/#primaryimage"},"thumbnailUrl":"https:\/\/basaworldtravel.com.ar\/sitio\/wp-content\/uploads\/2026\/04\/DubrovnikHarbor_CROACIA.jpg","keywords":["2026","CROACIA","ESLOVENIA","GRUPO","MONTENEGRO","SALIDAS GRUPALES"],"articleSection":["Exoticos","Paquetes"],"inLanguage":"es"},{"@type":"WebPage","@id":"https:\/\/basaworldtravel.com.ar\/sitio\/2026\/04\/eslovenia-croacia-montenegro-2026\/","url":"https:\/\/basaworldtravel.com.ar\/sitio\/2026\/04\/eslovenia-croacia-montenegro-2026\/","name":"ESLOVENIA, CROACIA &amp; MONTENEGRO- 2026 - Basa","isPartOf":{"@id":"https:\/\/basaworldtravel.com.ar\/sitio\/#website"},"primaryImageOfPage":{"@id":"https:\/\/basaworldtravel.com.ar\/sitio\/2026\/04\/eslovenia-croacia-montenegro-2026\/#primaryimage"},"image":{"@id":"https:\/\/basaworldtravel.com.ar\/sitio\/2026\/04\/eslovenia-croacia-montenegro-2026\/#primaryimage"},"thumbnailUrl":"https:\/\/basaworldtravel.com.ar\/sitio\/wp-content\/uploads\/2026\/04\/DubrovnikHarbor_CROACIA.jpg","datePublished":"2026-04-13T11:56:47+00:00","dateModified":"2026-04-13T11:57:36+00:00","author":{"@id":"https:\/\/basaworldtravel.com.ar\/sitio\/#\/schema\/person\/d89b1d641794d338c41cd3818beabd4c"},"breadcrumb":{"@id":"https:\/\/basaworldtravel.com.ar\/sitio\/2026\/04\/eslovenia-croacia-montenegro-2026\/#breadcrumb"},"inLanguage":"es","potentialAction":[{"@type":"ReadAction","target":["https:\/\/basaworldtravel.com.ar\/sitio\/2026\/04\/eslovenia-croacia-montenegro-2026\/"]}]},{"@type":"ImageObject","inLanguage":"es","@id":"https:\/\/basaworldtravel.com.ar\/sitio\/2026\/04\/eslovenia-croacia-montenegro-2026\/#primaryimage","url":"https:\/\/basaworldtravel.com.ar\/sitio\/wp-content\/uploads\/2026\/04\/DubrovnikHarbor_CROACIA.jpg","contentUrl":"https:\/\/basaworldtravel.com.ar\/sitio\/wp-content\/uploads\/2026\/04\/DubrovnikHarbor_CROACIA.jpg","width":1920,"height":1080},{"@type":"BreadcrumbList","@id":"https:\/\/basaworldtravel.com.ar\/sitio\/2026\/04\/eslovenia-croacia-montenegro-2026\/#breadcrumb","itemListElement":[{"@type":"ListItem","position":1,"name":"Portada","item":"https:\/\/basaworldtravel.com.ar\/sitio\/"},{"@type":"ListItem","position":2,"name":"ESLOVENIA, CROACIA &amp; MONTENEGRO- 2026"}]},{"@type":"WebSite","@id":"https:\/\/basaworldtravel.com.ar\/sitio\/#website","url":"https:\/\/basaworldtravel.com.ar\/sitio\/","name":"Basa","description":"World Travel","potentialAction":[{"@type":"SearchAction","target":{"@type":"EntryPoint","urlTemplate":"https:\/\/basaworldtravel.com.ar\/sitio\/?s={search_term_string}"},"query-input":{"@type":"PropertyValueSpecification","valueRequired":true,"valueName":"search_term_string"}}],"inLanguage":"es"},{"@type":"Person","@id":"https:\/\/basaworldtravel.com.ar\/sitio\/#\/schema\/person\/d89b1d641794d338c41cd3818beabd4c","name":"BasaWeb","image":{"@type":"ImageObject","inLanguage":"es","@id":"https:\/\/secure.gravatar.com\/avatar\/13e699648957af0aba903942fee2a1fc533d92bcd43fcf375a4df1edc2708698?s=96&d=mm&r=g","url":"https:\/\/secure.gravatar.com\/avatar\/13e699648957af0aba903942fee2a1fc533d92bcd43fcf375a4df1edc2708698?s=96&d=mm&r=g","contentUrl":"https:\/\/secure.gravatar.com\/avatar\/13e699648957af0aba903942fee2a1fc533d92bcd43fcf375a4df1edc2708698?s=96&d=mm&r=g","caption":"BasaWeb"},"url":"https:\/\/basaworldtravel.com.ar\/sitio\/author\/basaweb\/"}]}},"_links":{"self":[{"href":"https:\/\/basaworldtravel.com.ar\/sitio\/wp-json\/wp\/v2\/posts\/156353","targetHints":{"allow":["GET"]}}],"collection":[{"href":"https:\/\/basaworldtravel.com.ar\/sitio\/wp-json\/wp\/v2\/posts"}],"about":[{"href":"https:\/\/basaworldtravel.com.ar\/sitio\/wp-json\/wp\/v2\/types\/post"}],"author":[{"embeddable":true,"href":"https:\/\/basaworldtravel.com.ar\/sitio\/wp-json\/wp\/v2\/users\/2"}],"replies":[{"embeddable":true,"href":"https:\/\/basaworldtravel.com.ar\/sitio\/wp-json\/wp\/v2\/comments?post=156353"}],"version-history":[{"count":2,"href":"https:\/\/basaworldtravel.com.ar\/sitio\/wp-json\/wp\/v2\/posts\/156353\/revisions"}],"predecessor-version":[{"id":156356,"href":"https:\/\/basaworldtravel.com.ar\/sitio\/wp-json\/wp\/v2\/posts\/156353\/revisions\/156356"}],"wp:featuredmedia":[{"embeddable":true,"href":"https:\/\/basaworldtravel.com.ar\/sitio\/wp-json\/wp\/v2\/media\/156354"}],"wp:attachment":[{"href":"https:\/\/basaworldtravel.com.ar\/sitio\/wp-json\/wp\/v2\/media?parent=156353"}],"wp:term":[{"taxonomy":"category","embeddable":true,"href":"https:\/\/basaworldtravel.com.ar\/sitio\/wp-json\/wp\/v2\/categories?post=156353"},{"taxonomy":"post_tag","embeddable":true,"href":"https:\/\/basaworldtravel.com.ar\/sitio\/wp-json\/wp\/v2\/tags?post=156353"}],"curies":[{"name":"wp","href":"https:\/\/api.w.org\/{rel}","templated":true}]}}