{"id":156350,"date":"2026-04-13T08:47:29","date_gmt":"2026-04-13T11:47:29","guid":{"rendered":"https:\/\/basaworldtravel.com.ar\/?p=156350"},"modified":"2026-04-13T08:47:33","modified_gmt":"2026-04-13T11:47:33","slug":"grupal-en-altamar-ano-nuevo-en-brasil-y-uruguay","status":"publish","type":"post","link":"https:\/\/basaworldtravel.com.ar\/sitio\/2026\/04\/grupal-en-altamar-ano-nuevo-en-brasil-y-uruguay\/","title":{"rendered":"Grupal en Altamar \u2013 A\u00f1o Nuevo en Brasil y Uruguay"},"content":{"rendered":"\n<p>Salida 27 diciembre 2026<\/p>\n\n\n\n<h2 class=\"wp-block-heading\">El programa incluye:<\/h2>\n\n\n\n<ul class=\"wp-block-list\">\n<li>9 Noches<\/li>\n\n\n\n<li>10 D\u00edas<\/li>\n<\/ul>\n\n\n\n<p>9 noches a bordo del Costa Serena en Cabina seleccionada all inclusive<br>Paquete de bebidas MyDrinks<br>Asistencia al viajero Costa Inclusive de Universal Assistance<br>Actividades seg\u00fan itinerario<br>Coordinador acompa\u00f1ante desde Buenos Aires<br>Cabina en modalidad doble a compartir (sujeta a disponibilidad)<br>Cuota de Servicio (Propinas obligatorias), tasas, IVA, gastos administrativos y de reserva<\/p>\n\n\n\n<p>*Modalidad: Grupal acompa\u00f1ada con coordinador desde Buenos Aires. Doble a compartir sujeta a disponibilidad*<br><strong><br>DIA 1. 27 DICIEMBRE &#8211; BUENOS AIRES<br><\/strong>12:00 Presentaci\u00f3n en la terminal del puerto de Buenos Aires.<br>19:00 Salida del barco.<br>Tarde y noche libre.<br><strong><br>DIA 2. 28 DICIEMBRE &#8211; MONTEVIDEO<br><\/strong>07:00 Llegada a Montevideo. Desembarco. Excursiones opcionales para realizar en destino.<br>17:00 Salida del barco.<br>Tarde y noche libre<br><strong><br>DIA 3. 29 DICIEMBRE &#8211; D\u00cdA A BORDO<br><\/strong>D\u00eda libre para disfrutar de las actividades del crucero.<br><strong><br>DIA 4.&nbsp; 30 DICIEMBRE- CAMBORI\u00da<br><\/strong>10:00 Llegada a Cambori\u00fa. Desembarco. Excursiones opcionales para realizar en destino.<br>16:00 Salida del barco rumbo al pr\u00f3ximo destino.<br>Tarde y noche libre<br><strong><br>DIA 5. 31 DICIEMBRE &#8211; ABRAAO, ILHA GRANDE<br><\/strong>11:00 Llegada a Abraao. Desembarco. Excursiones opcionales para realizar en destino.<br>18:00 Salida del barco rumbo a Copacabana<br>23:00 a 00:30 Navegaci\u00f3n sobre Copacabana para ver los fuegos artificiales de A\u00f1o Nuevo.<br><strong><br>DIA 6. 01 ENERO &#8211; R\u00cdO DE JANEIRO<br><\/strong>07:00 Llegada a R\u00edo de Janeiro. Desembarco. Excursiones opcionales para realizar en destino.<br>21:00 Salida del barco rumbo al pr\u00f3ximo destino.<br>Tarde y noche libre.<br><strong><br>DIA 7. 02 ENERO &#8211; ILHABELA<br><\/strong>07:00 Llegada a Ilhabela. Desembarco. Excursiones opcionales para realizar en destino.<br>16:00 Salida del barco rumbo al pr\u00f3ximo destino.<br>Tarde y noche libre<br><strong><br>DIA 8. 03 ENERO &#8211; DIA A BORDO<br><\/strong>D\u00eda libre para disfrutar de las actividades del crucero.<br><strong><br>DIA 9. 04 ENERO &#8211; DIA A BORDO<br><\/strong>D\u00eda libre para disfrutar de las actividades del crucero.<br><strong><br>DIA 10. 05 ENERO &#8211; BUENOS AIRES<br><\/strong>08:00 Llegada al Puerto de Buenos Aires.<br>Fin del viaje.<br><strong><br>FIN DE LOS SERVICIOS<br><\/strong><strong><br>LOS PRECIOS INCLUYEN:<br><\/strong>9 noches a bordo del Costa Serena en Cabina seleccionada all inclusive<br>Paquete de bebidas MyDrinks<br>Asistencia al viajero Costa Inclusive de Universal Assistance<br>Actividades seg\u00fan itinerario<br>Coordinador acompa\u00f1ante desde Buenos Aires<br>Cabina en modalidad doble a compartir (sujeta a disponibilidad)<br>Cuota de Servicio (Propinas obligatorias), tasas, IVA, gastos administrativos y de reserva<br><em><br>Incluido en la tarifa de crucero:<\/em><br>&#8211; Cabina, equipada con el siguiente confort: toilette y ducha privados, aire acondicionado, tel\u00e9fono, caja de seguridad, secador de pelo, m\u00fasica y TV.<br>&#8211; Pensi\u00f3n completa con varias comidas durante el d\u00eda: Desayuno, Almuerzo, Merienda, Cena y buffet.<br>&#8211; Siguientes servicios del crucero: piscinas, reposeras, Gimnasio, Jacuzzi, Discoteca, toallas, biblioteca.<br><strong><br>EL PRECIO NO INCLUYE:<br><\/strong>Servicios no especificados en el itinerario.<br>Servicios especiales (tratamientos de belleza, compras en free-shop, lavander\u00eda,&nbsp;llamadas telef\u00f3nicas).<br>Excursiones opcionales.<br>Wi-fi.<br>Percepciones (Impuesto RG5232 30% en caso de abonar en Pesos).<br><em><br>No incluido en la tarifa de crucero:<\/em><br>-Extras y todo aquello que no est\u00e9 expresamente indicado como incluido en las condiciones generales de COSTA CRUCEROS.<br><strong><br>NOTAS ACLARATORIAS<br><\/strong>Consultar por otros tipos de cabina. Avisar previo a la reserva en caso de querer una cabina de categor\u00eda superior.<br><strong><br>Paquete My drinks \u00bfQue est\u00e1 incluido?<br><\/strong>Caf\u00e9 y capuchinos, bebidas calientes, refrescos.<br>Cervezas de barril, aperitivos y vermuts, todos los c\u00f3cteles (excepto moleculares, s\u00f3lidos y premium).<br>Selecci\u00f3n de los mejores licores y whiskies, todos los licores y amargos.<br>Selecci\u00f3n de vinos por copa.<br>Agua mineral.<br>1 botella de agua (0,5 I) por d\u00eda para cada adulto a solicitar en cualquier bar del barco (sin minibar),<br>NOTAS:&nbsp;Excluidos art\u00edculos y marcas de prestigio del minibar de cabina.<br>No es v\u00e1lido para restaurantes tem\u00e1ticos (ej. Archipielago y Steak House)<br><strong><br>EXCURSIONES OPCIONALES<br><\/strong>Las mismas se contratan dentro del crucero y son sujetas a disponibilidad. A su vez, dependen de las condiciones clim\u00e1ticas y d\u00eda de desembarco en el destino.<br>Consultar por los itinerarios, duraci\u00f3n y precio aproximado de las excursiones.<\/p>\n\n\n\n<p><\/p>\n\n\n\n<p><strong>PRECIO POR PERSONA EN BASE DOBLE  USD2630 <\/strong><\/p>\n\n\n\n<p>cod 2138<\/p>\n\n\n\n<p>tip<\/p>\n\n\n\n<p><\/p>\n","protected":false},"excerpt":{"rendered":"<p>VIaj\u00e1 en grupo, multiplic\u00e1 la diversi\u00f3n y dejate llevar por una experiencia \u00fanica: rumbo a R\u00edo de Janeiro en crucero, donde cada d\u00eda es una celebraci\u00f3n y cada destino, un recuerdo inolvidable<\/p>\n","protected":false},"author":2,"featured_media":156351,"comment_status":"closed","ping_status":"open","sticky":false,"template":"","format":"standard","meta":{"_acf_changed":false,"footnotes":""},"categories":[40,5,245],"tags":[703,239,41,209,719,347,80],"class_list":["post-156350","post","type-post","status-publish","format-standard","has-post-thumbnail","hentry","category-brasil","category-paquetes","category-sudamerica","tag-703","tag-ano-nuevo","tag-brasil","tag-costa","tag-costa-cruceros","tag-crucero","tag-salidas-grupales","category-40","category-5","category-245","description-off"],"acf":[],"yoast_head":"<!-- This site is optimized with the Yoast SEO plugin v28.4 - https:\/\/yoast.com\/product\/yoast-seo-wordpress\/ -->\n<title>Grupal en Altamar \u2013 A\u00f1o Nuevo en Brasil y Uruguay - Basa<\/title>\n<meta name=\"robots\" content=\"index, follow, max-snippet:-1, max-image-preview:large, max-video-preview:-1\" \/>\n<link rel=\"canonical\" href=\"https:\/\/basaworldtravel.com.ar\/sitio\/2026\/04\/grupal-en-altamar-ano-nuevo-en-brasil-y-uruguay\/\" \/>\n<meta property=\"og:locale\" content=\"es_ES\" \/>\n<meta property=\"og:type\" content=\"article\" \/>\n<meta property=\"og:title\" content=\"Grupal en Altamar \u2013 A\u00f1o Nuevo en Brasil y Uruguay - Basa\" \/>\n<meta property=\"og:description\" content=\"VIaj\u00e1 en grupo, multiplic\u00e1 la diversi\u00f3n y dejate llevar por una experiencia \u00fanica: rumbo a R\u00edo de Janeiro en crucero, donde cada d\u00eda es una celebraci\u00f3n y cada destino, un recuerdo inolvidable\" \/>\n<meta property=\"og:url\" content=\"https:\/\/basaworldtravel.com.ar\/sitio\/2026\/04\/grupal-en-altamar-ano-nuevo-en-brasil-y-uruguay\/\" \/>\n<meta property=\"og:site_name\" content=\"Basa\" \/>\n<meta property=\"article:published_time\" content=\"2026-04-13T11:47:29+00:00\" \/>\n<meta property=\"article:modified_time\" content=\"2026-04-13T11:47:33+00:00\" \/>\n<meta property=\"og:image\" content=\"https:\/\/basaworldtravel.com.ar\/sitio\/wp-content\/uploads\/2026\/04\/fotonoticia_20230224143227_1200.jpg\" \/>\n\t<meta property=\"og:image:width\" content=\"1200\" \/>\n\t<meta property=\"og:image:height\" content=\"962\" \/>\n\t<meta property=\"og:image:type\" content=\"image\/jpeg\" \/>\n<meta name=\"author\" content=\"BasaWeb\" \/>\n<meta name=\"twitter:card\" content=\"summary_large_image\" \/>\n<meta name=\"twitter:label1\" content=\"Escrito por\" \/>\n\t<meta name=\"twitter:data1\" content=\"BasaWeb\" \/>\n\t<meta name=\"twitter:label2\" content=\"Tiempo de lectura\" \/>\n\t<meta name=\"twitter:data2\" content=\"4 minutos\" \/>\n<script type=\"application\/ld+json\" class=\"yoast-schema-graph\">{\"@context\":\"https:\\\/\\\/schema.org\",\"@graph\":[{\"@type\":\"Article\",\"@id\":\"https:\\\/\\\/basaworldtravel.com.ar\\\/sitio\\\/2026\\\/04\\\/grupal-en-altamar-ano-nuevo-en-brasil-y-uruguay\\\/#article\",\"isPartOf\":{\"@id\":\"https:\\\/\\\/basaworldtravel.com.ar\\\/sitio\\\/2026\\\/04\\\/grupal-en-altamar-ano-nuevo-en-brasil-y-uruguay\\\/\"},\"author\":{\"name\":\"BasaWeb\",\"@id\":\"https:\\\/\\\/basaworldtravel.com.ar\\\/sitio\\\/#\\\/schema\\\/person\\\/d89b1d641794d338c41cd3818beabd4c\"},\"headline\":\"Grupal en Altamar \u2013 A\u00f1o Nuevo en Brasil y Uruguay\",\"datePublished\":\"2026-04-13T11:47:29+00:00\",\"dateModified\":\"2026-04-13T11:47:33+00:00\",\"mainEntityOfPage\":{\"@id\":\"https:\\\/\\\/basaworldtravel.com.ar\\\/sitio\\\/2026\\\/04\\\/grupal-en-altamar-ano-nuevo-en-brasil-y-uruguay\\\/\"},\"wordCount\":654,\"image\":{\"@id\":\"https:\\\/\\\/basaworldtravel.com.ar\\\/sitio\\\/2026\\\/04\\\/grupal-en-altamar-ano-nuevo-en-brasil-y-uruguay\\\/#primaryimage\"},\"thumbnailUrl\":\"https:\\\/\\\/basaworldtravel.com.ar\\\/sitio\\\/wp-content\\\/uploads\\\/2026\\\/04\\\/fotonoticia_20230224143227_1200.jpg\",\"keywords\":[\"2026\",\"A\u00d1O NUEVO\",\"BRASIL\",\"costa\",\"COSTA CRUCEROS\",\"crucero\",\"SALIDAS GRUPALES\"],\"articleSection\":[\"Brasil\",\"Paquetes\",\"Sudam\u00e9rica\"],\"inLanguage\":\"es\"},{\"@type\":\"WebPage\",\"@id\":\"https:\\\/\\\/basaworldtravel.com.ar\\\/sitio\\\/2026\\\/04\\\/grupal-en-altamar-ano-nuevo-en-brasil-y-uruguay\\\/\",\"url\":\"https:\\\/\\\/basaworldtravel.com.ar\\\/sitio\\\/2026\\\/04\\\/grupal-en-altamar-ano-nuevo-en-brasil-y-uruguay\\\/\",\"name\":\"Grupal en Altamar \u2013 A\u00f1o Nuevo en Brasil y Uruguay - Basa\",\"isPartOf\":{\"@id\":\"https:\\\/\\\/basaworldtravel.com.ar\\\/sitio\\\/#website\"},\"primaryImageOfPage\":{\"@id\":\"https:\\\/\\\/basaworldtravel.com.ar\\\/sitio\\\/2026\\\/04\\\/grupal-en-altamar-ano-nuevo-en-brasil-y-uruguay\\\/#primaryimage\"},\"image\":{\"@id\":\"https:\\\/\\\/basaworldtravel.com.ar\\\/sitio\\\/2026\\\/04\\\/grupal-en-altamar-ano-nuevo-en-brasil-y-uruguay\\\/#primaryimage\"},\"thumbnailUrl\":\"https:\\\/\\\/basaworldtravel.com.ar\\\/sitio\\\/wp-content\\\/uploads\\\/2026\\\/04\\\/fotonoticia_20230224143227_1200.jpg\",\"datePublished\":\"2026-04-13T11:47:29+00:00\",\"dateModified\":\"2026-04-13T11:47:33+00:00\",\"author\":{\"@id\":\"https:\\\/\\\/basaworldtravel.com.ar\\\/sitio\\\/#\\\/schema\\\/person\\\/d89b1d641794d338c41cd3818beabd4c\"},\"breadcrumb\":{\"@id\":\"https:\\\/\\\/basaworldtravel.com.ar\\\/sitio\\\/2026\\\/04\\\/grupal-en-altamar-ano-nuevo-en-brasil-y-uruguay\\\/#breadcrumb\"},\"inLanguage\":\"es\",\"potentialAction\":[{\"@type\":\"ReadAction\",\"target\":[\"https:\\\/\\\/basaworldtravel.com.ar\\\/sitio\\\/2026\\\/04\\\/grupal-en-altamar-ano-nuevo-en-brasil-y-uruguay\\\/\"]}]},{\"@type\":\"ImageObject\",\"inLanguage\":\"es\",\"@id\":\"https:\\\/\\\/basaworldtravel.com.ar\\\/sitio\\\/2026\\\/04\\\/grupal-en-altamar-ano-nuevo-en-brasil-y-uruguay\\\/#primaryimage\",\"url\":\"https:\\\/\\\/basaworldtravel.com.ar\\\/sitio\\\/wp-content\\\/uploads\\\/2026\\\/04\\\/fotonoticia_20230224143227_1200.jpg\",\"contentUrl\":\"https:\\\/\\\/basaworldtravel.com.ar\\\/sitio\\\/wp-content\\\/uploads\\\/2026\\\/04\\\/fotonoticia_20230224143227_1200.jpg\",\"width\":1200,\"height\":962,\"caption\":\"24\\\/02\\\/2023 Costa Cruceros presenta tres itinerarios para el Costa Fortuna para 2023. La compa\u00f1\u00eda italiana Costa Cruceros ha anunciado la nueva programaci\u00f3n de su buque el Costa Fortuna para la pr\u00f3xima temporada de este a\u00f1o, desde abril hasta octubre, con cruceros de 14 d\u00edas para explorar el Mediterr\u00e1neo. ESPA\u00d1A EUROPA MADRID ECONOMIA COSTA CRUCEROS\"},{\"@type\":\"BreadcrumbList\",\"@id\":\"https:\\\/\\\/basaworldtravel.com.ar\\\/sitio\\\/2026\\\/04\\\/grupal-en-altamar-ano-nuevo-en-brasil-y-uruguay\\\/#breadcrumb\",\"itemListElement\":[{\"@type\":\"ListItem\",\"position\":1,\"name\":\"Portada\",\"item\":\"https:\\\/\\\/basaworldtravel.com.ar\\\/sitio\\\/\"},{\"@type\":\"ListItem\",\"position\":2,\"name\":\"Grupal en Altamar \u2013 A\u00f1o Nuevo en Brasil y Uruguay\"}]},{\"@type\":\"WebSite\",\"@id\":\"https:\\\/\\\/basaworldtravel.com.ar\\\/sitio\\\/#website\",\"url\":\"https:\\\/\\\/basaworldtravel.com.ar\\\/sitio\\\/\",\"name\":\"Basa\",\"description\":\"World Travel\",\"potentialAction\":[{\"@type\":\"SearchAction\",\"target\":{\"@type\":\"EntryPoint\",\"urlTemplate\":\"https:\\\/\\\/basaworldtravel.com.ar\\\/sitio\\\/?s={search_term_string}\"},\"query-input\":{\"@type\":\"PropertyValueSpecification\",\"valueRequired\":true,\"valueName\":\"search_term_string\"}}],\"inLanguage\":\"es\"},{\"@type\":\"Person\",\"@id\":\"https:\\\/\\\/basaworldtravel.com.ar\\\/sitio\\\/#\\\/schema\\\/person\\\/d89b1d641794d338c41cd3818beabd4c\",\"name\":\"BasaWeb\",\"image\":{\"@type\":\"ImageObject\",\"inLanguage\":\"es\",\"@id\":\"https:\\\/\\\/secure.gravatar.com\\\/avatar\\\/13e699648957af0aba903942fee2a1fc533d92bcd43fcf375a4df1edc2708698?s=96&d=mm&r=g\",\"url\":\"https:\\\/\\\/secure.gravatar.com\\\/avatar\\\/13e699648957af0aba903942fee2a1fc533d92bcd43fcf375a4df1edc2708698?s=96&d=mm&r=g\",\"contentUrl\":\"https:\\\/\\\/secure.gravatar.com\\\/avatar\\\/13e699648957af0aba903942fee2a1fc533d92bcd43fcf375a4df1edc2708698?s=96&d=mm&r=g\",\"caption\":\"BasaWeb\"},\"url\":\"https:\\\/\\\/basaworldtravel.com.ar\\\/sitio\\\/author\\\/basaweb\\\/\"}]}<\/script>\n<!-- \/ Yoast SEO plugin. -->","yoast_head_json":{"title":"Grupal en Altamar \u2013 A\u00f1o Nuevo en Brasil y Uruguay - Basa","robots":{"index":"index","follow":"follow","max-snippet":"max-snippet:-1","max-image-preview":"max-image-preview:large","max-video-preview":"max-video-preview:-1"},"canonical":"https:\/\/basaworldtravel.com.ar\/sitio\/2026\/04\/grupal-en-altamar-ano-nuevo-en-brasil-y-uruguay\/","og_locale":"es_ES","og_type":"article","og_title":"Grupal en Altamar \u2013 A\u00f1o Nuevo en Brasil y Uruguay - Basa","og_description":"VIaj\u00e1 en grupo, multiplic\u00e1 la diversi\u00f3n y dejate llevar por una experiencia \u00fanica: rumbo a R\u00edo de Janeiro en crucero, donde cada d\u00eda es una celebraci\u00f3n y cada destino, un recuerdo inolvidable","og_url":"https:\/\/basaworldtravel.com.ar\/sitio\/2026\/04\/grupal-en-altamar-ano-nuevo-en-brasil-y-uruguay\/","og_site_name":"Basa","article_published_time":"2026-04-13T11:47:29+00:00","article_modified_time":"2026-04-13T11:47:33+00:00","og_image":[{"width":1200,"height":962,"url":"https:\/\/basaworldtravel.com.ar\/sitio\/wp-content\/uploads\/2026\/04\/fotonoticia_20230224143227_1200.jpg","type":"image\/jpeg"}],"author":"BasaWeb","twitter_card":"summary_large_image","twitter_misc":{"Escrito por":"BasaWeb","Tiempo de lectura":"4 minutos"},"schema":{"@context":"https:\/\/schema.org","@graph":[{"@type":"Article","@id":"https:\/\/basaworldtravel.com.ar\/sitio\/2026\/04\/grupal-en-altamar-ano-nuevo-en-brasil-y-uruguay\/#article","isPartOf":{"@id":"https:\/\/basaworldtravel.com.ar\/sitio\/2026\/04\/grupal-en-altamar-ano-nuevo-en-brasil-y-uruguay\/"},"author":{"name":"BasaWeb","@id":"https:\/\/basaworldtravel.com.ar\/sitio\/#\/schema\/person\/d89b1d641794d338c41cd3818beabd4c"},"headline":"Grupal en Altamar \u2013 A\u00f1o Nuevo en Brasil y Uruguay","datePublished":"2026-04-13T11:47:29+00:00","dateModified":"2026-04-13T11:47:33+00:00","mainEntityOfPage":{"@id":"https:\/\/basaworldtravel.com.ar\/sitio\/2026\/04\/grupal-en-altamar-ano-nuevo-en-brasil-y-uruguay\/"},"wordCount":654,"image":{"@id":"https:\/\/basaworldtravel.com.ar\/sitio\/2026\/04\/grupal-en-altamar-ano-nuevo-en-brasil-y-uruguay\/#primaryimage"},"thumbnailUrl":"https:\/\/basaworldtravel.com.ar\/sitio\/wp-content\/uploads\/2026\/04\/fotonoticia_20230224143227_1200.jpg","keywords":["2026","A\u00d1O NUEVO","BRASIL","costa","COSTA CRUCEROS","crucero","SALIDAS GRUPALES"],"articleSection":["Brasil","Paquetes","Sudam\u00e9rica"],"inLanguage":"es"},{"@type":"WebPage","@id":"https:\/\/basaworldtravel.com.ar\/sitio\/2026\/04\/grupal-en-altamar-ano-nuevo-en-brasil-y-uruguay\/","url":"https:\/\/basaworldtravel.com.ar\/sitio\/2026\/04\/grupal-en-altamar-ano-nuevo-en-brasil-y-uruguay\/","name":"Grupal en Altamar \u2013 A\u00f1o Nuevo en Brasil y Uruguay - Basa","isPartOf":{"@id":"https:\/\/basaworldtravel.com.ar\/sitio\/#website"},"primaryImageOfPage":{"@id":"https:\/\/basaworldtravel.com.ar\/sitio\/2026\/04\/grupal-en-altamar-ano-nuevo-en-brasil-y-uruguay\/#primaryimage"},"image":{"@id":"https:\/\/basaworldtravel.com.ar\/sitio\/2026\/04\/grupal-en-altamar-ano-nuevo-en-brasil-y-uruguay\/#primaryimage"},"thumbnailUrl":"https:\/\/basaworldtravel.com.ar\/sitio\/wp-content\/uploads\/2026\/04\/fotonoticia_20230224143227_1200.jpg","datePublished":"2026-04-13T11:47:29+00:00","dateModified":"2026-04-13T11:47:33+00:00","author":{"@id":"https:\/\/basaworldtravel.com.ar\/sitio\/#\/schema\/person\/d89b1d641794d338c41cd3818beabd4c"},"breadcrumb":{"@id":"https:\/\/basaworldtravel.com.ar\/sitio\/2026\/04\/grupal-en-altamar-ano-nuevo-en-brasil-y-uruguay\/#breadcrumb"},"inLanguage":"es","potentialAction":[{"@type":"ReadAction","target":["https:\/\/basaworldtravel.com.ar\/sitio\/2026\/04\/grupal-en-altamar-ano-nuevo-en-brasil-y-uruguay\/"]}]},{"@type":"ImageObject","inLanguage":"es","@id":"https:\/\/basaworldtravel.com.ar\/sitio\/2026\/04\/grupal-en-altamar-ano-nuevo-en-brasil-y-uruguay\/#primaryimage","url":"https:\/\/basaworldtravel.com.ar\/sitio\/wp-content\/uploads\/2026\/04\/fotonoticia_20230224143227_1200.jpg","contentUrl":"https:\/\/basaworldtravel.com.ar\/sitio\/wp-content\/uploads\/2026\/04\/fotonoticia_20230224143227_1200.jpg","width":1200,"height":962,"caption":"24\/02\/2023 Costa Cruceros presenta tres itinerarios para el Costa Fortuna para 2023. La compa\u00f1\u00eda italiana Costa Cruceros ha anunciado la nueva programaci\u00f3n de su buque el Costa Fortuna para la pr\u00f3xima temporada de este a\u00f1o, desde abril hasta octubre, con cruceros de 14 d\u00edas para explorar el Mediterr\u00e1neo. ESPA\u00d1A EUROPA MADRID ECONOMIA COSTA CRUCEROS"},{"@type":"BreadcrumbList","@id":"https:\/\/basaworldtravel.com.ar\/sitio\/2026\/04\/grupal-en-altamar-ano-nuevo-en-brasil-y-uruguay\/#breadcrumb","itemListElement":[{"@type":"ListItem","position":1,"name":"Portada","item":"https:\/\/basaworldtravel.com.ar\/sitio\/"},{"@type":"ListItem","position":2,"name":"Grupal en Altamar \u2013 A\u00f1o Nuevo en Brasil y Uruguay"}]},{"@type":"WebSite","@id":"https:\/\/basaworldtravel.com.ar\/sitio\/#website","url":"https:\/\/basaworldtravel.com.ar\/sitio\/","name":"Basa","description":"World Travel","potentialAction":[{"@type":"SearchAction","target":{"@type":"EntryPoint","urlTemplate":"https:\/\/basaworldtravel.com.ar\/sitio\/?s={search_term_string}"},"query-input":{"@type":"PropertyValueSpecification","valueRequired":true,"valueName":"search_term_string"}}],"inLanguage":"es"},{"@type":"Person","@id":"https:\/\/basaworldtravel.com.ar\/sitio\/#\/schema\/person\/d89b1d641794d338c41cd3818beabd4c","name":"BasaWeb","image":{"@type":"ImageObject","inLanguage":"es","@id":"https:\/\/secure.gravatar.com\/avatar\/13e699648957af0aba903942fee2a1fc533d92bcd43fcf375a4df1edc2708698?s=96&d=mm&r=g","url":"https:\/\/secure.gravatar.com\/avatar\/13e699648957af0aba903942fee2a1fc533d92bcd43fcf375a4df1edc2708698?s=96&d=mm&r=g","contentUrl":"https:\/\/secure.gravatar.com\/avatar\/13e699648957af0aba903942fee2a1fc533d92bcd43fcf375a4df1edc2708698?s=96&d=mm&r=g","caption":"BasaWeb"},"url":"https:\/\/basaworldtravel.com.ar\/sitio\/author\/basaweb\/"}]}},"_links":{"self":[{"href":"https:\/\/basaworldtravel.com.ar\/sitio\/wp-json\/wp\/v2\/posts\/156350","targetHints":{"allow":["GET"]}}],"collection":[{"href":"https:\/\/basaworldtravel.com.ar\/sitio\/wp-json\/wp\/v2\/posts"}],"about":[{"href":"https:\/\/basaworldtravel.com.ar\/sitio\/wp-json\/wp\/v2\/types\/post"}],"author":[{"embeddable":true,"href":"https:\/\/basaworldtravel.com.ar\/sitio\/wp-json\/wp\/v2\/users\/2"}],"replies":[{"embeddable":true,"href":"https:\/\/basaworldtravel.com.ar\/sitio\/wp-json\/wp\/v2\/comments?post=156350"}],"version-history":[{"count":1,"href":"https:\/\/basaworldtravel.com.ar\/sitio\/wp-json\/wp\/v2\/posts\/156350\/revisions"}],"predecessor-version":[{"id":156352,"href":"https:\/\/basaworldtravel.com.ar\/sitio\/wp-json\/wp\/v2\/posts\/156350\/revisions\/156352"}],"wp:featuredmedia":[{"embeddable":true,"href":"https:\/\/basaworldtravel.com.ar\/sitio\/wp-json\/wp\/v2\/media\/156351"}],"wp:attachment":[{"href":"https:\/\/basaworldtravel.com.ar\/sitio\/wp-json\/wp\/v2\/media?parent=156350"}],"wp:term":[{"taxonomy":"category","embeddable":true,"href":"https:\/\/basaworldtravel.com.ar\/sitio\/wp-json\/wp\/v2\/categories?post=156350"},{"taxonomy":"post_tag","embeddable":true,"href":"https:\/\/basaworldtravel.com.ar\/sitio\/wp-json\/wp\/v2\/tags?post=156350"}],"curies":[{"name":"wp","href":"https:\/\/api.w.org\/{rel}","templated":true}]}}