{"id":156226,"date":"2026-03-31T10:36:59","date_gmt":"2026-03-31T13:36:59","guid":{"rendered":"https:\/\/basaworldtravel.com.ar\/?p=156226"},"modified":"2026-03-31T10:37:03","modified_gmt":"2026-03-31T13:37:03","slug":"gramado-y-torres-jet-bus-natal-luz","status":"publish","type":"post","link":"https:\/\/basaworldtravel.com.ar\/sitio\/2026\/03\/gramado-y-torres-jet-bus-natal-luz\/","title":{"rendered":"GRAMADO Y TORRES- JET BUS\u00a0Natal luz"},"content":{"rendered":"\n<p>Salida 29 Octubre<\/p>\n\n\n\n<p>TRASLADO DESDE ROSARIO AEROPARQUE CON MTL<\/p>\n\n\n\n<p> AEREO BUENOS AIRES PORTO ALEGRE CON AEROLINEAS ARGENTINAS <\/p>\n\n\n\n<p>REGRESO BUS CAMA COORDINADOR PERMANENTE <\/p>\n\n\n\n<p>Asistencia Medica (cobertura hasta 70 a\u00f1os, a partir de 71 a\u00f1os abonan adicional) USD 40<\/p>\n\n\n\n<p>IDA aereo REGRESO BUS CAMA 6 NOCHES<\/p>\n\n\n\n<p> REGRESO 4 NOVIEMBRE  ( ARRIBO  5 NOVIEMBRE  estimado por la ma\u00f1ana)<\/p>\n\n\n\n<p>6 NOCHES DE ALOJAMIENTO  : <\/p>\n\n\n\n<p> 4 GRAMADO CON DESAYUNO   \u00a0\u00a0HOTEL CERCANO GRAMADO http:\/\/www.hotelcercano.com.br\/<\/p>\n\n\n\n<p> 2 TORRES CON MEDIA PENSION <a href=\"https:\/\/dunaspraiahotel.com.br\/\" target=\"_blank\" rel=\"noreferrer noopener\">\u00a0\u00a0HOTEL DUNAS PRAIA<\/a>  https:\/\/dunaspraiahotel.com.br\/ <\/p>\n\n\n\n<p>ENTRADAS INCLUIDAS AL SHOW DE NATAL LUZ seg\u00fan programaci\u00f3n del festival<\/p>\n\n\n\n<p><\/p>\n\n\n\n<p><\/p>\n\n\n\n<p>Itinerario <\/p>\n\n\n\n<p>DENTRO DE LA ESTADIA SE ASISTIRA AL ESPECTACULO SEGUN PROGRAMACION Y SE INFORMARAN LAS ACTIVIDADES GRATUITAS Y CON COSTO ADICIONAL SEGUN CALENDARIO DE NATAL LUZ <\/p>\n\n\n\n<p>D\u00eda 1  29\/10 salida, en bus Rosario, AEROPARQUE \/ PORTO ALEGRE, traslado a Gramado alojamiento <\/p>\n\n\n\n<p>D\u00eda 2 Gramado, d\u00eda libre para realizar excursiones o paseos<\/p>\n\n\n\n<p> D\u00eda 3 Gramado, d\u00eda libre para realizar excursiones o paseos D\u00eda 4 Gramado, d\u00eda libre para realizar excursiones o paseos <\/p>\n\n\n\n<p>D\u00eda 5 Gramado, desayuno salida hacia Torres, llegada alojamiento <\/p>\n\n\n\n<p>D\u00eda 6 Torres d\u00eda libre para realizar excursiones o paseos <\/p>\n\n\n\n<p>D\u00eda 7 Torres desayuno y embarque para nuestro regreso hacia Rosario, Santa Fe, Parana.<\/p>\n\n\n\n<p> Fin de nuestros servicios.<\/p>\n\n\n\n<p><\/p>\n\n\n\n<p><strong>PRECIO POR PERSONA EN BASE DOBLE ABONANDO VIA TRANSFERENCIA BANCARIA USD1325<\/strong><\/p>\n\n\n\n<p><strong>PRECIO POR PERSONA EN BASE DOBLE ABONANDO EN EFECTIVO DOLAR USD 1370 <\/strong><\/p>\n\n\n\n<p>Rpl<\/p>\n","protected":false},"excerpt":{"rendered":"<p>Gramado se transforma con una deslumbrante decoraci\u00f3n navide\u00f1a y una programaci\u00f3n art\u00edstica encantadora<\/p>\n","protected":false},"author":2,"featured_media":149619,"comment_status":"closed","ping_status":"open","sticky":false,"template":"","format":"standard","meta":{"_acf_changed":false,"footnotes":""},"categories":[40,5,245],"tags":[703,41,508,283,649,80,638],"class_list":["post-156226","post","type-post","status-publish","format-standard","has-post-thumbnail","hentry","category-brasil","category-paquetes","category-sudamerica","tag-703","tag-brasil","tag-gramado","tag-natal","tag-natal-luz","tag-salidas-grupales","tag-torres","category-40","category-5","category-245","description-off"],"acf":[],"yoast_head":"<!-- This site is optimized with the Yoast SEO plugin v28.4 - https:\/\/yoast.com\/product\/yoast-seo-wordpress\/ -->\n<title>GRAMADO Y TORRES- JET BUS\u00a0Natal luz - Basa<\/title>\n<meta name=\"robots\" content=\"index, follow, max-snippet:-1, max-image-preview:large, max-video-preview:-1\" \/>\n<link rel=\"canonical\" href=\"https:\/\/basaworldtravel.com.ar\/sitio\/2026\/03\/gramado-y-torres-jet-bus-natal-luz\/\" \/>\n<meta property=\"og:locale\" content=\"es_ES\" \/>\n<meta property=\"og:type\" content=\"article\" \/>\n<meta property=\"og:title\" content=\"GRAMADO Y TORRES- JET BUS\u00a0Natal luz - Basa\" \/>\n<meta property=\"og:description\" content=\"Gramado se transforma con una deslumbrante decoraci\u00f3n navide\u00f1a y una programaci\u00f3n art\u00edstica encantadora\" \/>\n<meta property=\"og:url\" content=\"https:\/\/basaworldtravel.com.ar\/sitio\/2026\/03\/gramado-y-torres-jet-bus-natal-luz\/\" \/>\n<meta property=\"og:site_name\" content=\"Basa\" \/>\n<meta property=\"article:published_time\" content=\"2026-03-31T13:36:59+00:00\" \/>\n<meta property=\"article:modified_time\" content=\"2026-03-31T13:37:03+00:00\" \/>\n<meta property=\"og:image\" content=\"https:\/\/basaworldtravel.com.ar\/sitio\/wp-content\/uploads\/2024\/03\/gramado-y-canela.jpg\" \/>\n\t<meta property=\"og:image:width\" content=\"1200\" \/>\n\t<meta property=\"og:image:height\" content=\"1200\" \/>\n\t<meta property=\"og:image:type\" content=\"image\/jpeg\" \/>\n<meta name=\"author\" content=\"BasaWeb\" \/>\n<meta name=\"twitter:card\" content=\"summary_large_image\" \/>\n<meta name=\"twitter:label1\" content=\"Escrito por\" \/>\n\t<meta name=\"twitter:data1\" content=\"BasaWeb\" \/>\n\t<meta name=\"twitter:label2\" content=\"Tiempo de lectura\" \/>\n\t<meta name=\"twitter:data2\" content=\"2 minutos\" \/>\n<script type=\"application\/ld+json\" class=\"yoast-schema-graph\">{\"@context\":\"https:\\\/\\\/schema.org\",\"@graph\":[{\"@type\":\"Article\",\"@id\":\"https:\\\/\\\/basaworldtravel.com.ar\\\/sitio\\\/2026\\\/03\\\/gramado-y-torres-jet-bus-natal-luz\\\/#article\",\"isPartOf\":{\"@id\":\"https:\\\/\\\/basaworldtravel.com.ar\\\/sitio\\\/2026\\\/03\\\/gramado-y-torres-jet-bus-natal-luz\\\/\"},\"author\":{\"name\":\"BasaWeb\",\"@id\":\"https:\\\/\\\/basaworldtravel.com.ar\\\/sitio\\\/#\\\/schema\\\/person\\\/d89b1d641794d338c41cd3818beabd4c\"},\"headline\":\"GRAMADO Y TORRES- JET BUS\u00a0Natal luz\",\"datePublished\":\"2026-03-31T13:36:59+00:00\",\"dateModified\":\"2026-03-31T13:37:03+00:00\",\"mainEntityOfPage\":{\"@id\":\"https:\\\/\\\/basaworldtravel.com.ar\\\/sitio\\\/2026\\\/03\\\/gramado-y-torres-jet-bus-natal-luz\\\/\"},\"wordCount\":228,\"image\":{\"@id\":\"https:\\\/\\\/basaworldtravel.com.ar\\\/sitio\\\/2026\\\/03\\\/gramado-y-torres-jet-bus-natal-luz\\\/#primaryimage\"},\"thumbnailUrl\":\"https:\\\/\\\/basaworldtravel.com.ar\\\/sitio\\\/wp-content\\\/uploads\\\/2024\\\/03\\\/gramado-y-canela.jpg\",\"keywords\":[\"2026\",\"BRASIL\",\"gramado\",\"natal\",\"NATAL LUZ\",\"SALIDAS GRUPALES\",\"TORRES\"],\"articleSection\":[\"Brasil\",\"Paquetes\",\"Sudam\u00e9rica\"],\"inLanguage\":\"es\"},{\"@type\":\"WebPage\",\"@id\":\"https:\\\/\\\/basaworldtravel.com.ar\\\/sitio\\\/2026\\\/03\\\/gramado-y-torres-jet-bus-natal-luz\\\/\",\"url\":\"https:\\\/\\\/basaworldtravel.com.ar\\\/sitio\\\/2026\\\/03\\\/gramado-y-torres-jet-bus-natal-luz\\\/\",\"name\":\"GRAMADO Y TORRES- JET BUS\u00a0Natal luz - Basa\",\"isPartOf\":{\"@id\":\"https:\\\/\\\/basaworldtravel.com.ar\\\/sitio\\\/#website\"},\"primaryImageOfPage\":{\"@id\":\"https:\\\/\\\/basaworldtravel.com.ar\\\/sitio\\\/2026\\\/03\\\/gramado-y-torres-jet-bus-natal-luz\\\/#primaryimage\"},\"image\":{\"@id\":\"https:\\\/\\\/basaworldtravel.com.ar\\\/sitio\\\/2026\\\/03\\\/gramado-y-torres-jet-bus-natal-luz\\\/#primaryimage\"},\"thumbnailUrl\":\"https:\\\/\\\/basaworldtravel.com.ar\\\/sitio\\\/wp-content\\\/uploads\\\/2024\\\/03\\\/gramado-y-canela.jpg\",\"datePublished\":\"2026-03-31T13:36:59+00:00\",\"dateModified\":\"2026-03-31T13:37:03+00:00\",\"author\":{\"@id\":\"https:\\\/\\\/basaworldtravel.com.ar\\\/sitio\\\/#\\\/schema\\\/person\\\/d89b1d641794d338c41cd3818beabd4c\"},\"breadcrumb\":{\"@id\":\"https:\\\/\\\/basaworldtravel.com.ar\\\/sitio\\\/2026\\\/03\\\/gramado-y-torres-jet-bus-natal-luz\\\/#breadcrumb\"},\"inLanguage\":\"es\",\"potentialAction\":[{\"@type\":\"ReadAction\",\"target\":[\"https:\\\/\\\/basaworldtravel.com.ar\\\/sitio\\\/2026\\\/03\\\/gramado-y-torres-jet-bus-natal-luz\\\/\"]}]},{\"@type\":\"ImageObject\",\"inLanguage\":\"es\",\"@id\":\"https:\\\/\\\/basaworldtravel.com.ar\\\/sitio\\\/2026\\\/03\\\/gramado-y-torres-jet-bus-natal-luz\\\/#primaryimage\",\"url\":\"https:\\\/\\\/basaworldtravel.com.ar\\\/sitio\\\/wp-content\\\/uploads\\\/2024\\\/03\\\/gramado-y-canela.jpg\",\"contentUrl\":\"https:\\\/\\\/basaworldtravel.com.ar\\\/sitio\\\/wp-content\\\/uploads\\\/2024\\\/03\\\/gramado-y-canela.jpg\",\"width\":1200,\"height\":1200},{\"@type\":\"BreadcrumbList\",\"@id\":\"https:\\\/\\\/basaworldtravel.com.ar\\\/sitio\\\/2026\\\/03\\\/gramado-y-torres-jet-bus-natal-luz\\\/#breadcrumb\",\"itemListElement\":[{\"@type\":\"ListItem\",\"position\":1,\"name\":\"Portada\",\"item\":\"https:\\\/\\\/basaworldtravel.com.ar\\\/sitio\\\/\"},{\"@type\":\"ListItem\",\"position\":2,\"name\":\"GRAMADO Y TORRES- JET BUS\u00a0Natal luz\"}]},{\"@type\":\"WebSite\",\"@id\":\"https:\\\/\\\/basaworldtravel.com.ar\\\/sitio\\\/#website\",\"url\":\"https:\\\/\\\/basaworldtravel.com.ar\\\/sitio\\\/\",\"name\":\"Basa\",\"description\":\"World Travel\",\"potentialAction\":[{\"@type\":\"SearchAction\",\"target\":{\"@type\":\"EntryPoint\",\"urlTemplate\":\"https:\\\/\\\/basaworldtravel.com.ar\\\/sitio\\\/?s={search_term_string}\"},\"query-input\":{\"@type\":\"PropertyValueSpecification\",\"valueRequired\":true,\"valueName\":\"search_term_string\"}}],\"inLanguage\":\"es\"},{\"@type\":\"Person\",\"@id\":\"https:\\\/\\\/basaworldtravel.com.ar\\\/sitio\\\/#\\\/schema\\\/person\\\/d89b1d641794d338c41cd3818beabd4c\",\"name\":\"BasaWeb\",\"image\":{\"@type\":\"ImageObject\",\"inLanguage\":\"es\",\"@id\":\"https:\\\/\\\/secure.gravatar.com\\\/avatar\\\/13e699648957af0aba903942fee2a1fc533d92bcd43fcf375a4df1edc2708698?s=96&d=mm&r=g\",\"url\":\"https:\\\/\\\/secure.gravatar.com\\\/avatar\\\/13e699648957af0aba903942fee2a1fc533d92bcd43fcf375a4df1edc2708698?s=96&d=mm&r=g\",\"contentUrl\":\"https:\\\/\\\/secure.gravatar.com\\\/avatar\\\/13e699648957af0aba903942fee2a1fc533d92bcd43fcf375a4df1edc2708698?s=96&d=mm&r=g\",\"caption\":\"BasaWeb\"},\"url\":\"https:\\\/\\\/basaworldtravel.com.ar\\\/sitio\\\/author\\\/basaweb\\\/\"}]}<\/script>\n<!-- \/ Yoast SEO plugin. -->","yoast_head_json":{"title":"GRAMADO Y TORRES- JET BUS\u00a0Natal luz - Basa","robots":{"index":"index","follow":"follow","max-snippet":"max-snippet:-1","max-image-preview":"max-image-preview:large","max-video-preview":"max-video-preview:-1"},"canonical":"https:\/\/basaworldtravel.com.ar\/sitio\/2026\/03\/gramado-y-torres-jet-bus-natal-luz\/","og_locale":"es_ES","og_type":"article","og_title":"GRAMADO Y TORRES- JET BUS\u00a0Natal luz - Basa","og_description":"Gramado se transforma con una deslumbrante decoraci\u00f3n navide\u00f1a y una programaci\u00f3n art\u00edstica encantadora","og_url":"https:\/\/basaworldtravel.com.ar\/sitio\/2026\/03\/gramado-y-torres-jet-bus-natal-luz\/","og_site_name":"Basa","article_published_time":"2026-03-31T13:36:59+00:00","article_modified_time":"2026-03-31T13:37:03+00:00","og_image":[{"width":1200,"height":1200,"url":"https:\/\/basaworldtravel.com.ar\/sitio\/wp-content\/uploads\/2024\/03\/gramado-y-canela.jpg","type":"image\/jpeg"}],"author":"BasaWeb","twitter_card":"summary_large_image","twitter_misc":{"Escrito por":"BasaWeb","Tiempo de lectura":"2 minutos"},"schema":{"@context":"https:\/\/schema.org","@graph":[{"@type":"Article","@id":"https:\/\/basaworldtravel.com.ar\/sitio\/2026\/03\/gramado-y-torres-jet-bus-natal-luz\/#article","isPartOf":{"@id":"https:\/\/basaworldtravel.com.ar\/sitio\/2026\/03\/gramado-y-torres-jet-bus-natal-luz\/"},"author":{"name":"BasaWeb","@id":"https:\/\/basaworldtravel.com.ar\/sitio\/#\/schema\/person\/d89b1d641794d338c41cd3818beabd4c"},"headline":"GRAMADO Y TORRES- JET BUS\u00a0Natal luz","datePublished":"2026-03-31T13:36:59+00:00","dateModified":"2026-03-31T13:37:03+00:00","mainEntityOfPage":{"@id":"https:\/\/basaworldtravel.com.ar\/sitio\/2026\/03\/gramado-y-torres-jet-bus-natal-luz\/"},"wordCount":228,"image":{"@id":"https:\/\/basaworldtravel.com.ar\/sitio\/2026\/03\/gramado-y-torres-jet-bus-natal-luz\/#primaryimage"},"thumbnailUrl":"https:\/\/basaworldtravel.com.ar\/sitio\/wp-content\/uploads\/2024\/03\/gramado-y-canela.jpg","keywords":["2026","BRASIL","gramado","natal","NATAL LUZ","SALIDAS GRUPALES","TORRES"],"articleSection":["Brasil","Paquetes","Sudam\u00e9rica"],"inLanguage":"es"},{"@type":"WebPage","@id":"https:\/\/basaworldtravel.com.ar\/sitio\/2026\/03\/gramado-y-torres-jet-bus-natal-luz\/","url":"https:\/\/basaworldtravel.com.ar\/sitio\/2026\/03\/gramado-y-torres-jet-bus-natal-luz\/","name":"GRAMADO Y TORRES- JET BUS\u00a0Natal luz - Basa","isPartOf":{"@id":"https:\/\/basaworldtravel.com.ar\/sitio\/#website"},"primaryImageOfPage":{"@id":"https:\/\/basaworldtravel.com.ar\/sitio\/2026\/03\/gramado-y-torres-jet-bus-natal-luz\/#primaryimage"},"image":{"@id":"https:\/\/basaworldtravel.com.ar\/sitio\/2026\/03\/gramado-y-torres-jet-bus-natal-luz\/#primaryimage"},"thumbnailUrl":"https:\/\/basaworldtravel.com.ar\/sitio\/wp-content\/uploads\/2024\/03\/gramado-y-canela.jpg","datePublished":"2026-03-31T13:36:59+00:00","dateModified":"2026-03-31T13:37:03+00:00","author":{"@id":"https:\/\/basaworldtravel.com.ar\/sitio\/#\/schema\/person\/d89b1d641794d338c41cd3818beabd4c"},"breadcrumb":{"@id":"https:\/\/basaworldtravel.com.ar\/sitio\/2026\/03\/gramado-y-torres-jet-bus-natal-luz\/#breadcrumb"},"inLanguage":"es","potentialAction":[{"@type":"ReadAction","target":["https:\/\/basaworldtravel.com.ar\/sitio\/2026\/03\/gramado-y-torres-jet-bus-natal-luz\/"]}]},{"@type":"ImageObject","inLanguage":"es","@id":"https:\/\/basaworldtravel.com.ar\/sitio\/2026\/03\/gramado-y-torres-jet-bus-natal-luz\/#primaryimage","url":"https:\/\/basaworldtravel.com.ar\/sitio\/wp-content\/uploads\/2024\/03\/gramado-y-canela.jpg","contentUrl":"https:\/\/basaworldtravel.com.ar\/sitio\/wp-content\/uploads\/2024\/03\/gramado-y-canela.jpg","width":1200,"height":1200},{"@type":"BreadcrumbList","@id":"https:\/\/basaworldtravel.com.ar\/sitio\/2026\/03\/gramado-y-torres-jet-bus-natal-luz\/#breadcrumb","itemListElement":[{"@type":"ListItem","position":1,"name":"Portada","item":"https:\/\/basaworldtravel.com.ar\/sitio\/"},{"@type":"ListItem","position":2,"name":"GRAMADO Y TORRES- JET BUS\u00a0Natal luz"}]},{"@type":"WebSite","@id":"https:\/\/basaworldtravel.com.ar\/sitio\/#website","url":"https:\/\/basaworldtravel.com.ar\/sitio\/","name":"Basa","description":"World Travel","potentialAction":[{"@type":"SearchAction","target":{"@type":"EntryPoint","urlTemplate":"https:\/\/basaworldtravel.com.ar\/sitio\/?s={search_term_string}"},"query-input":{"@type":"PropertyValueSpecification","valueRequired":true,"valueName":"search_term_string"}}],"inLanguage":"es"},{"@type":"Person","@id":"https:\/\/basaworldtravel.com.ar\/sitio\/#\/schema\/person\/d89b1d641794d338c41cd3818beabd4c","name":"BasaWeb","image":{"@type":"ImageObject","inLanguage":"es","@id":"https:\/\/secure.gravatar.com\/avatar\/13e699648957af0aba903942fee2a1fc533d92bcd43fcf375a4df1edc2708698?s=96&d=mm&r=g","url":"https:\/\/secure.gravatar.com\/avatar\/13e699648957af0aba903942fee2a1fc533d92bcd43fcf375a4df1edc2708698?s=96&d=mm&r=g","contentUrl":"https:\/\/secure.gravatar.com\/avatar\/13e699648957af0aba903942fee2a1fc533d92bcd43fcf375a4df1edc2708698?s=96&d=mm&r=g","caption":"BasaWeb"},"url":"https:\/\/basaworldtravel.com.ar\/sitio\/author\/basaweb\/"}]}},"_links":{"self":[{"href":"https:\/\/basaworldtravel.com.ar\/sitio\/wp-json\/wp\/v2\/posts\/156226","targetHints":{"allow":["GET"]}}],"collection":[{"href":"https:\/\/basaworldtravel.com.ar\/sitio\/wp-json\/wp\/v2\/posts"}],"about":[{"href":"https:\/\/basaworldtravel.com.ar\/sitio\/wp-json\/wp\/v2\/types\/post"}],"author":[{"embeddable":true,"href":"https:\/\/basaworldtravel.com.ar\/sitio\/wp-json\/wp\/v2\/users\/2"}],"replies":[{"embeddable":true,"href":"https:\/\/basaworldtravel.com.ar\/sitio\/wp-json\/wp\/v2\/comments?post=156226"}],"version-history":[{"count":1,"href":"https:\/\/basaworldtravel.com.ar\/sitio\/wp-json\/wp\/v2\/posts\/156226\/revisions"}],"predecessor-version":[{"id":156227,"href":"https:\/\/basaworldtravel.com.ar\/sitio\/wp-json\/wp\/v2\/posts\/156226\/revisions\/156227"}],"wp:featuredmedia":[{"embeddable":true,"href":"https:\/\/basaworldtravel.com.ar\/sitio\/wp-json\/wp\/v2\/media\/149619"}],"wp:attachment":[{"href":"https:\/\/basaworldtravel.com.ar\/sitio\/wp-json\/wp\/v2\/media?parent=156226"}],"wp:term":[{"taxonomy":"category","embeddable":true,"href":"https:\/\/basaworldtravel.com.ar\/sitio\/wp-json\/wp\/v2\/categories?post=156226"},{"taxonomy":"post_tag","embeddable":true,"href":"https:\/\/basaworldtravel.com.ar\/sitio\/wp-json\/wp\/v2\/tags?post=156226"}],"curies":[{"name":"wp","href":"https:\/\/api.w.org\/{rel}","templated":true}]}}