{"id":156001,"date":"2026-02-25T09:51:51","date_gmt":"2026-02-25T12:51:51","guid":{"rendered":"https:\/\/basaworldtravel.com.ar\/?p=156001"},"modified":"2026-02-25T09:51:55","modified_gmt":"2026-02-25T12:51:55","slug":"islandia-2026-salida-grupal","status":"publish","type":"post","link":"https:\/\/basaworldtravel.com.ar\/sitio\/2026\/02\/islandia-2026-salida-grupal\/","title":{"rendered":"ISLANDIA 2026-Salida grupal"},"content":{"rendered":"\n<p>Salida 03 Septiembre<\/p>\n\n\n\n<p>EL TOUR INCLUYE:<\/p>\n\n\n\n<p> Pasaje a\u00e9reo Ezeiza\/Barcelona\/Ezeiza en clase econ\u00f3mica \u2013 con UX.<\/p>\n\n\n\n<p> Pasaje a\u00e9reo Barcelona\/Islandia\/Barcelona.<\/p>\n\n\n\n<p> Acompa\u00f1amiento desde Argentina en base 8 pasajeros viajando juntos. Barcelona:<\/p>\n\n\n\n<p> 02 noches con desayuno hotel 3* c\u00e9ntrico.<\/p>\n\n\n\n<p> Traslado aeropuerto\/hotel\/aeropuerto. Islandia: <\/p>\n\n\n\n<p> Traslados de ida y vuelta entre el aeropuerto y el hotel. <\/p>\n\n\n\n<p> Alojamiento en hoteles de categor\u00eda turista, turista superior y primera. <\/p>\n\n\n\n<p> Desayuno diario.  5 cenas.<\/p>\n\n\n\n<p> Transporte privado: van o autob\u00fas en funci\u00f3n del n\u00famero de pasajeros participantes. <\/p>\n\n\n\n<p> Circuito con gu\u00eda de habla hispana. \uf0b7 Visitas mencionadas en programa.<\/p>\n\n\n\n<p> Ba\u00f1o geo termal en M\u00fdvatn Nature Bath con toalla incluida. <\/p>\n\n\n\n<p> Ingreso a la playa de Stokksnes. <\/p>\n\n\n\n<p>Navegaci\u00f3n en barco anfibio a laguna glaciar de J\u00f6kuls\u00e1rlon. <\/p>\n\n\n\n<p><\/p>\n\n\n\n<p><strong>EL TOUR NO INCLUYE: <\/strong><\/p>\n\n\n\n<p> Todo tipo de bebidas y agua. <\/p>\n\n\n\n<p>Propinas a gu\u00edas, choferes y maleteros.<\/p>\n\n\n\n<p> Cualquier comida no mencionada. <\/p>\n\n\n\n<p> Gastos personales. <\/p>\n\n\n\n<p> Maleteros. <\/p>\n\n\n\n<p>Seguro de asistencia al viajero. <\/p>\n\n\n\n<p> Percepciones. <\/p>\n\n\n\n<p> Cualquier otro servicio no indicado en el apartado incluye. <\/p>\n\n\n\n<p> Programa sujeto a condiciones generales. <\/p>\n\n\n\n<p><\/p>\n\n\n\n<p><\/p>\n\n\n\n<p>SEP 03: D\u00eda 1\u00b0 (J) EZEIZA\/ BARCELONA A la hora oportuna presentaci\u00f3n en el aeropuerto para tomar el vuelo hacia Europa, noche a bordo. <\/p>\n\n\n\n<p>SEP 04: D\u00eda 2\u00b0 (V) BARCELONA Llegada al aeropuerto. Traslado al hotel. Alojamiento en hotel c\u00e9ntrico. Resto del d\u00eda libre. <\/p>\n\n\n\n<p>SEP 05: D\u00eda 3\u00ba (S) BARCELONA\/ KEFLAVIK\/ REYJAVIK Desayuno. Ma\u00f1ana libre. Al mediad\u00eda traslado al aeropuerto para tomar el vuelo hacia ISLANDIA (salida a las 15:45 horas). Llegada al aeropuerto internacional de Keflavik a las 18:20 horas, asistencia y traslado al hotel de Reykjavik. Alojamiento. <\/p>\n\n\n\n<p>SEP 06: D\u00eda 4\u00b0 (D) REYKJAVIK\/ AKUREYRI (390 km) Tras el desayuno y con el grupo y con el grupo ya reunido partimos en direcci\u00f3n norte. Nuestra primera parada ser\u00e1 en Grabrok, el mayor de tres cr\u00e1teres situados en un peque\u00f1o ca\u00f1\u00f3n volc\u00e1nico en el valle de Nordurardalur. Con una altura de 170 m., se asciende por un sistema de escalinatas y desde la cumbre se obtiene una atractiva vista de la campi\u00f1a de Borgarfjordur y las monta\u00f1as circundantes. Posteriormente atravesaremos la meseta de Holtav\u00f6r\u00f0uhei\u00f0i contemplando el esc\u00e9nico ca\u00f1\u00f3n Koluglj\u00fafur, adornado con bellas cascadas. Llegada a Akureyri, la capital del norte. Alojamiento en la regi\u00f3n y cena en el hotel. <\/p>\n\n\n\n<p>SEP 07: D\u00eda 5\u00b0 (L) AKUREYRI\/ HUSAVIK\/ M\u00ddVATN (175 km) Salida desde Akureyri apenas transcurrida media hora de camino visitamos la espectacular \u201ccascada de los dioses\u201d, Go\u00f0afoss. Continuamos a la regi\u00f3n del lago M\u00fdvatn, reconocida por sus curiosas formaciones geol\u00f3gicas e intensa actividad volc\u00e1nica. En ella descubrimos los pseudocr\u00e1teres de Sk\u00fatustadir, el campo de lava de Dimmuborgir, conocido como \u201cla ciudad negra\u201d, o el \u00e1rea geotermal de Hverir, adem\u00e1s de disfrutar de un reconfortante ba\u00f1o termal en M\u00fdvatn Nature Baths. Alojamiento en la regi\u00f3n y cena en el hotel. <\/p>\n\n\n\n<p>SEP 08: D\u00eda 6\u00b0 (M) H\u00daSAV\u00cdK\/ M\u00ddVATN\/ REGION ESTE (270 km) Bordearemos la pen\u00ednsula de Tjornes, alcanzando nuestro punto m\u00e1s al norte, para dirigirnos a la imponente garganta de \u00c1sbyrgi. Antes de adentrarnos en el altiplano interior, pararemos en la cascada m\u00e1s poderosa de Europa, Dettifoss. Continuaci\u00f3n a la regi\u00f3n del este. Alojamiento y cena en el hotel. <\/p>\n\n\n\n<p>SEP 09: D\u00eda 7\u00b0 (X) REGION ESTE\/ H\u00d6FN (225 km) Dedicamos la jornada a explorar el este island\u00e9s, una apacible y pintoresca regi\u00f3n salpicada de majestuosas monta\u00f1as que se sumergen en suaves fiordos y puertos naturales que albergan coloridos pueblos pesqueros. Iniciamos nuestro recorrido visitando Seydisfj\u00f6rdur. Enclavado al final de un estrecho fiordo, rodeado de escarpadas monta\u00f1as y cascadas, esta encantadora poblaci\u00f3n es conocida por sus multicolores casas de madera y vibrante vida art\u00edstica y cultural. Posteriormente partimos hacia el sur atravesando F\u00e1skr\u00fa\u00f0sfj\u00f6r\u00f0ur, puerto comercial fundado por pescadores franceses, y las localidades costeras de Brei\u00f0dalsv\u00edk y Djupivogur. Pasamos por el aut\u00e9ntico \u201clago de los cisnes\u201d, L\u00f3nsv\u00edk, y nos desviamos unos kil\u00f3metros de nuestra ruta para contemplar la bella playa salvaje de Stokksnes. Situada a los pies de Vestrahorn, una monta\u00f1a de oscura roca y afilados picos, el contraste de la espuma del mar con la negra arena convierten este paisaje en uno de los lugares m\u00e1s fotografiados de Islandia. Finalmente alcanzamos los dominios del poderoso Vatnaj\u00f6kull, el mayor de los glaciares europeos, bajo cuya sombra nos alojaremos esta noche. Cena en el hotel. <\/p>\n\n\n\n<p>SEP 10: Dia 8\u00b0 (J) H\u00f6fn\/ Hella (310 km) La primera parada del d\u00eda ser\u00e1 en la espectacular laguna glaciar de J\u00f6kuls\u00e1rl\u00f3n, donde navegaremos entre icebergs flotantes en sus azules aguas. Atravesaremos el P.N. de Skaftafell, la gran superficie de arena Skeidar\u00e1rsandur, escenario de una de las \u00faltimas erupciones volc\u00e1nicas, y Eldhraun, el campo de lava del volc\u00e1n Laki, el m\u00e1s extenso del mundo. Ya en las proximidades de la pintoresca localidad de V\u00edk pasearemos por la playa de arena negra Reynisfjara, con sus singulares columnas de basalto, y finalizamos la jornada observando dos de las cascadas m\u00e1s famosas de Islandia, Sk\u00f3gafoss y Seljalandsfoss. Alojamiento y cena en Hella, en el coraz\u00f3n del C\u00edrculo de Oro. <\/p>\n\n\n\n<p>SEP 11: Dia 9\u00b0 (V) HELLA\/ CIRCULO DE ORO\/ REYKJAVIK (220 km) Descubriremos los tres destinos que conforman el famoso \u201cC\u00edrculo de Oro\u201d. Recorremos Haukadalur, valle geotermal formado por manantiales de agua caliente, dep\u00f3sitos de fango hirviente y dos geiseres: Geysir, latente surtidor que da nombre a todas las fuentes termales del planeta, y Strokkur, un impulsivo joven que cada pocos minutos lanza un chorro de agua del aire. Contemplamos la espectacular cascada de Gullfoss, en la que un r\u00edo glaciar se despe\u00f1a por el borde de una gran falla. Y finalizamos la jornada en el valle de \u00deingvellir, Parque Nacional Patrimonio de la Humanidad, con un doble valor natural e hist\u00f3rico: este valle es la parte elevada y visible de la dorsal Atl\u00e1ntica que separa las placas tect\u00f3nicas de Noram\u00e9rica y Eurasia, y fue el lugar donde se reuni\u00f3 durante siglos el Parlamento island\u00e9s. Continuaci\u00f3n a Reykjavik, breve visita de la ciudad y alojamiento. <\/p>\n\n\n\n<p>SEP 12: D\u00eda 10\u00b0 (S) REYKJAVIK\/ BARCELONAA la hora oportuna traslado al aeropuerto para tomar el vuelo a las 08:25 hs con destino a Barcelona. Llegada a las 14:45 hs y traslado al hotel . Resto de la tarde libre. Alojamiento<\/p>\n\n\n\n<p> SEP 13: D\u00eda 11\u00b0 (D) BARCELONA\/ EZEIZA Desayuno. Dia libre. A la hora oportuna, traslado al aeropuerto para tomar el vuelo de regreso a Argentina.<\/p>\n\n\n\n<p><strong>No incluye impuesto percepciones. En caso de realizar el pago en pesos, deber\u00e1n adicionar ambos<\/strong> <\/p>\n\n\n\n<p>Pol\u00edtica de cancelaci\u00f3n: Una vez emitido el ticket a\u00e9reo, el mismo no tiene cambio ni devoluci\u00f3n. Aplica penalidad del 100%. \uf0b7 En el caso de la parte terrestre se deber\u00e1 consultar. Consideraciones generales: \uf0b7 Para confirmar la reserva ser\u00e1 necesario realizar un pago del 40% del valor del tour.<\/p>\n\n\n\n<p> El saldo deber\u00e1 cancelarse 40 d\u00edas previos a la salida correspondiente.<\/p>\n\n\n\n<p> Las tarifas e impuestos a\u00e9reos quedan sujetos a modificaciones hasta el momento de la emisi\u00f3n por parte de la compa\u00f1\u00eda a\u00e9rea, y a fluctuaciones de la moneda d\u00f3lar\/peso, como as\u00ed tambi\u00e9n a nuevas regulaciones y resoluciones de los entes gubernamentales. En caso de suscitarse alguna diferencia, el operador responsable se reserva el derecho de reajustar las tarifas en consecuencia. \uf0b7 Las habitaciones dobles matrimoniales no son garantizadas y est\u00e1n sujetas a disponibilidad en el momento de check-in en los hoteles. En el caso que no haya habitaciones dobles matrimoniales disponibles, el alojamiento se brindar\u00e1 en habitaci\u00f3n twin (dos camas separadas).  La realizaci\u00f3n del web check-in y asignaci\u00f3n de asientos para el\/los vuelo\/s ser\u00e1 un tr\u00e1mite personal de cada pasajero por medio de los canales y condiciones que la\/s aerol\u00ednea\/s disponga\/n para tales efectos. Ilusiones, no se responsabiliza de la selecci\u00f3n de asientos en los vuelos. \uf0b7 Esta salida forma parte de un circuito regular, compartiendo con pasajeros de otras nacionalidades. <\/p>\n\n\n\n<p> Es responsabilidad del pasajero contar con los pasaportes o documentos de migraci\u00f3n requeridos por las autoridades de la Rep\u00fablica Argentina y de los pa\u00edses de destino o de tr\u00e1nsito, tales como visas, permisos sanitarios, etc.; como as\u00ed tambi\u00e9n es responsabilidad de la agencia de viajes informar de los requerimientos y restricciones de cada pa\u00eds al respecto. \uf0b7 Tener en cuenta que en el presente recorrido habr\u00e1 paseos a pie de varias horas, subidas y bajadas, trayectos en bus de varios kil\u00f3metros al d\u00eda<\/p>\n\n\n\n<p><\/p>\n\n\n\n<p><strong>PRECIO POR PERSONA EN BASE DOBLE USD8075 <\/strong><\/p>\n\n\n\n<p>Le ofrecemos la posibilidad de contratar opcionalmente una navegaci\u00f3n de avistamiento de ballenas en H\u00fasav\u00edk en horario nocturno :  USD 130 por persona.<\/p>\n\n\n\n<p>ILU<\/p>\n\n\n\n<p><\/p>\n","protected":false},"excerpt":{"rendered":"<p>La variedad de paisajes hacen de este destino un lugar \u00fanico.  Los paisajes volc\u00e1nicos que rodean al lago M\u00fdvatn, los fiordos del este, las cascadas, geyseres, glaciares y playas de arena negra del sur, y el famoso C\u00edrculo de Oro.<\/p>\n","protected":false},"author":2,"featured_media":143503,"comment_status":"closed","ping_status":"open","sticky":false,"template":"","format":"standard","meta":{"_acf_changed":false,"footnotes":""},"categories":[9,5],"tags":[703,311,80],"class_list":["post-156001","post","type-post","status-publish","format-standard","has-post-thumbnail","hentry","category-exoticos","category-paquetes","tag-703","tag-islandia","tag-salidas-grupales","category-9","category-5","description-off"],"acf":[],"yoast_head":"<!-- This site is optimized with the Yoast SEO plugin v28.4 - https:\/\/yoast.com\/product\/yoast-seo-wordpress\/ -->\n<title>ISLANDIA 2026-Salida grupal - Basa<\/title>\n<meta name=\"robots\" content=\"index, follow, max-snippet:-1, max-image-preview:large, max-video-preview:-1\" \/>\n<link rel=\"canonical\" href=\"https:\/\/basaworldtravel.com.ar\/sitio\/2026\/02\/islandia-2026-salida-grupal\/\" \/>\n<meta property=\"og:locale\" content=\"es_ES\" \/>\n<meta property=\"og:type\" content=\"article\" \/>\n<meta property=\"og:title\" content=\"ISLANDIA 2026-Salida grupal - Basa\" \/>\n<meta property=\"og:description\" content=\"La variedad de paisajes hacen de este destino un lugar \u00fanico. Los paisajes volc\u00e1nicos que rodean al lago M\u00fdvatn, los fiordos del este, las cascadas, geyseres, glaciares y playas de arena negra del sur, y el famoso C\u00edrculo de Oro.\" \/>\n<meta property=\"og:url\" content=\"https:\/\/basaworldtravel.com.ar\/sitio\/2026\/02\/islandia-2026-salida-grupal\/\" \/>\n<meta property=\"og:site_name\" content=\"Basa\" \/>\n<meta property=\"article:published_time\" content=\"2026-02-25T12:51:51+00:00\" \/>\n<meta property=\"article:modified_time\" content=\"2026-02-25T12:51:55+00:00\" \/>\n<meta property=\"og:image\" content=\"https:\/\/basaworldtravel.com.ar\/sitio\/wp-content\/uploads\/2023\/04\/islandia.jpg\" \/>\n\t<meta property=\"og:image:width\" content=\"1200\" \/>\n\t<meta property=\"og:image:height\" content=\"676\" \/>\n\t<meta property=\"og:image:type\" content=\"image\/jpeg\" \/>\n<meta name=\"author\" content=\"BasaWeb\" \/>\n<meta name=\"twitter:card\" content=\"summary_large_image\" \/>\n<meta name=\"twitter:label1\" content=\"Escrito por\" \/>\n\t<meta name=\"twitter:data1\" content=\"BasaWeb\" \/>\n\t<meta name=\"twitter:label2\" content=\"Tiempo de lectura\" \/>\n\t<meta name=\"twitter:data2\" content=\"7 minutos\" \/>\n<script type=\"application\/ld+json\" class=\"yoast-schema-graph\">{\"@context\":\"https:\\\/\\\/schema.org\",\"@graph\":[{\"@type\":\"Article\",\"@id\":\"https:\\\/\\\/basaworldtravel.com.ar\\\/sitio\\\/2026\\\/02\\\/islandia-2026-salida-grupal\\\/#article\",\"isPartOf\":{\"@id\":\"https:\\\/\\\/basaworldtravel.com.ar\\\/sitio\\\/2026\\\/02\\\/islandia-2026-salida-grupal\\\/\"},\"author\":{\"name\":\"BasaWeb\",\"@id\":\"https:\\\/\\\/basaworldtravel.com.ar\\\/sitio\\\/#\\\/schema\\\/person\\\/d89b1d641794d338c41cd3818beabd4c\"},\"headline\":\"ISLANDIA 2026-Salida grupal\",\"datePublished\":\"2026-02-25T12:51:51+00:00\",\"dateModified\":\"2026-02-25T12:51:55+00:00\",\"mainEntityOfPage\":{\"@id\":\"https:\\\/\\\/basaworldtravel.com.ar\\\/sitio\\\/2026\\\/02\\\/islandia-2026-salida-grupal\\\/\"},\"wordCount\":1473,\"image\":{\"@id\":\"https:\\\/\\\/basaworldtravel.com.ar\\\/sitio\\\/2026\\\/02\\\/islandia-2026-salida-grupal\\\/#primaryimage\"},\"thumbnailUrl\":\"https:\\\/\\\/basaworldtravel.com.ar\\\/sitio\\\/wp-content\\\/uploads\\\/2023\\\/04\\\/islandia.jpg\",\"keywords\":[\"2026\",\"islandia\",\"SALIDAS GRUPALES\"],\"articleSection\":[\"Exoticos\",\"Paquetes\"],\"inLanguage\":\"es\"},{\"@type\":\"WebPage\",\"@id\":\"https:\\\/\\\/basaworldtravel.com.ar\\\/sitio\\\/2026\\\/02\\\/islandia-2026-salida-grupal\\\/\",\"url\":\"https:\\\/\\\/basaworldtravel.com.ar\\\/sitio\\\/2026\\\/02\\\/islandia-2026-salida-grupal\\\/\",\"name\":\"ISLANDIA 2026-Salida grupal - Basa\",\"isPartOf\":{\"@id\":\"https:\\\/\\\/basaworldtravel.com.ar\\\/sitio\\\/#website\"},\"primaryImageOfPage\":{\"@id\":\"https:\\\/\\\/basaworldtravel.com.ar\\\/sitio\\\/2026\\\/02\\\/islandia-2026-salida-grupal\\\/#primaryimage\"},\"image\":{\"@id\":\"https:\\\/\\\/basaworldtravel.com.ar\\\/sitio\\\/2026\\\/02\\\/islandia-2026-salida-grupal\\\/#primaryimage\"},\"thumbnailUrl\":\"https:\\\/\\\/basaworldtravel.com.ar\\\/sitio\\\/wp-content\\\/uploads\\\/2023\\\/04\\\/islandia.jpg\",\"datePublished\":\"2026-02-25T12:51:51+00:00\",\"dateModified\":\"2026-02-25T12:51:55+00:00\",\"author\":{\"@id\":\"https:\\\/\\\/basaworldtravel.com.ar\\\/sitio\\\/#\\\/schema\\\/person\\\/d89b1d641794d338c41cd3818beabd4c\"},\"breadcrumb\":{\"@id\":\"https:\\\/\\\/basaworldtravel.com.ar\\\/sitio\\\/2026\\\/02\\\/islandia-2026-salida-grupal\\\/#breadcrumb\"},\"inLanguage\":\"es\",\"potentialAction\":[{\"@type\":\"ReadAction\",\"target\":[\"https:\\\/\\\/basaworldtravel.com.ar\\\/sitio\\\/2026\\\/02\\\/islandia-2026-salida-grupal\\\/\"]}]},{\"@type\":\"ImageObject\",\"inLanguage\":\"es\",\"@id\":\"https:\\\/\\\/basaworldtravel.com.ar\\\/sitio\\\/2026\\\/02\\\/islandia-2026-salida-grupal\\\/#primaryimage\",\"url\":\"https:\\\/\\\/basaworldtravel.com.ar\\\/sitio\\\/wp-content\\\/uploads\\\/2023\\\/04\\\/islandia.jpg\",\"contentUrl\":\"https:\\\/\\\/basaworldtravel.com.ar\\\/sitio\\\/wp-content\\\/uploads\\\/2023\\\/04\\\/islandia.jpg\",\"width\":1200,\"height\":676},{\"@type\":\"BreadcrumbList\",\"@id\":\"https:\\\/\\\/basaworldtravel.com.ar\\\/sitio\\\/2026\\\/02\\\/islandia-2026-salida-grupal\\\/#breadcrumb\",\"itemListElement\":[{\"@type\":\"ListItem\",\"position\":1,\"name\":\"Portada\",\"item\":\"https:\\\/\\\/basaworldtravel.com.ar\\\/sitio\\\/\"},{\"@type\":\"ListItem\",\"position\":2,\"name\":\"ISLANDIA 2026-Salida grupal\"}]},{\"@type\":\"WebSite\",\"@id\":\"https:\\\/\\\/basaworldtravel.com.ar\\\/sitio\\\/#website\",\"url\":\"https:\\\/\\\/basaworldtravel.com.ar\\\/sitio\\\/\",\"name\":\"Basa\",\"description\":\"World Travel\",\"potentialAction\":[{\"@type\":\"SearchAction\",\"target\":{\"@type\":\"EntryPoint\",\"urlTemplate\":\"https:\\\/\\\/basaworldtravel.com.ar\\\/sitio\\\/?s={search_term_string}\"},\"query-input\":{\"@type\":\"PropertyValueSpecification\",\"valueRequired\":true,\"valueName\":\"search_term_string\"}}],\"inLanguage\":\"es\"},{\"@type\":\"Person\",\"@id\":\"https:\\\/\\\/basaworldtravel.com.ar\\\/sitio\\\/#\\\/schema\\\/person\\\/d89b1d641794d338c41cd3818beabd4c\",\"name\":\"BasaWeb\",\"image\":{\"@type\":\"ImageObject\",\"inLanguage\":\"es\",\"@id\":\"https:\\\/\\\/secure.gravatar.com\\\/avatar\\\/13e699648957af0aba903942fee2a1fc533d92bcd43fcf375a4df1edc2708698?s=96&d=mm&r=g\",\"url\":\"https:\\\/\\\/secure.gravatar.com\\\/avatar\\\/13e699648957af0aba903942fee2a1fc533d92bcd43fcf375a4df1edc2708698?s=96&d=mm&r=g\",\"contentUrl\":\"https:\\\/\\\/secure.gravatar.com\\\/avatar\\\/13e699648957af0aba903942fee2a1fc533d92bcd43fcf375a4df1edc2708698?s=96&d=mm&r=g\",\"caption\":\"BasaWeb\"},\"url\":\"https:\\\/\\\/basaworldtravel.com.ar\\\/sitio\\\/author\\\/basaweb\\\/\"}]}<\/script>\n<!-- \/ Yoast SEO plugin. -->","yoast_head_json":{"title":"ISLANDIA 2026-Salida grupal - Basa","robots":{"index":"index","follow":"follow","max-snippet":"max-snippet:-1","max-image-preview":"max-image-preview:large","max-video-preview":"max-video-preview:-1"},"canonical":"https:\/\/basaworldtravel.com.ar\/sitio\/2026\/02\/islandia-2026-salida-grupal\/","og_locale":"es_ES","og_type":"article","og_title":"ISLANDIA 2026-Salida grupal - Basa","og_description":"La variedad de paisajes hacen de este destino un lugar \u00fanico. Los paisajes volc\u00e1nicos que rodean al lago M\u00fdvatn, los fiordos del este, las cascadas, geyseres, glaciares y playas de arena negra del sur, y el famoso C\u00edrculo de Oro.","og_url":"https:\/\/basaworldtravel.com.ar\/sitio\/2026\/02\/islandia-2026-salida-grupal\/","og_site_name":"Basa","article_published_time":"2026-02-25T12:51:51+00:00","article_modified_time":"2026-02-25T12:51:55+00:00","og_image":[{"width":1200,"height":676,"url":"https:\/\/basaworldtravel.com.ar\/sitio\/wp-content\/uploads\/2023\/04\/islandia.jpg","type":"image\/jpeg"}],"author":"BasaWeb","twitter_card":"summary_large_image","twitter_misc":{"Escrito por":"BasaWeb","Tiempo de lectura":"7 minutos"},"schema":{"@context":"https:\/\/schema.org","@graph":[{"@type":"Article","@id":"https:\/\/basaworldtravel.com.ar\/sitio\/2026\/02\/islandia-2026-salida-grupal\/#article","isPartOf":{"@id":"https:\/\/basaworldtravel.com.ar\/sitio\/2026\/02\/islandia-2026-salida-grupal\/"},"author":{"name":"BasaWeb","@id":"https:\/\/basaworldtravel.com.ar\/sitio\/#\/schema\/person\/d89b1d641794d338c41cd3818beabd4c"},"headline":"ISLANDIA 2026-Salida grupal","datePublished":"2026-02-25T12:51:51+00:00","dateModified":"2026-02-25T12:51:55+00:00","mainEntityOfPage":{"@id":"https:\/\/basaworldtravel.com.ar\/sitio\/2026\/02\/islandia-2026-salida-grupal\/"},"wordCount":1473,"image":{"@id":"https:\/\/basaworldtravel.com.ar\/sitio\/2026\/02\/islandia-2026-salida-grupal\/#primaryimage"},"thumbnailUrl":"https:\/\/basaworldtravel.com.ar\/sitio\/wp-content\/uploads\/2023\/04\/islandia.jpg","keywords":["2026","islandia","SALIDAS GRUPALES"],"articleSection":["Exoticos","Paquetes"],"inLanguage":"es"},{"@type":"WebPage","@id":"https:\/\/basaworldtravel.com.ar\/sitio\/2026\/02\/islandia-2026-salida-grupal\/","url":"https:\/\/basaworldtravel.com.ar\/sitio\/2026\/02\/islandia-2026-salida-grupal\/","name":"ISLANDIA 2026-Salida grupal - Basa","isPartOf":{"@id":"https:\/\/basaworldtravel.com.ar\/sitio\/#website"},"primaryImageOfPage":{"@id":"https:\/\/basaworldtravel.com.ar\/sitio\/2026\/02\/islandia-2026-salida-grupal\/#primaryimage"},"image":{"@id":"https:\/\/basaworldtravel.com.ar\/sitio\/2026\/02\/islandia-2026-salida-grupal\/#primaryimage"},"thumbnailUrl":"https:\/\/basaworldtravel.com.ar\/sitio\/wp-content\/uploads\/2023\/04\/islandia.jpg","datePublished":"2026-02-25T12:51:51+00:00","dateModified":"2026-02-25T12:51:55+00:00","author":{"@id":"https:\/\/basaworldtravel.com.ar\/sitio\/#\/schema\/person\/d89b1d641794d338c41cd3818beabd4c"},"breadcrumb":{"@id":"https:\/\/basaworldtravel.com.ar\/sitio\/2026\/02\/islandia-2026-salida-grupal\/#breadcrumb"},"inLanguage":"es","potentialAction":[{"@type":"ReadAction","target":["https:\/\/basaworldtravel.com.ar\/sitio\/2026\/02\/islandia-2026-salida-grupal\/"]}]},{"@type":"ImageObject","inLanguage":"es","@id":"https:\/\/basaworldtravel.com.ar\/sitio\/2026\/02\/islandia-2026-salida-grupal\/#primaryimage","url":"https:\/\/basaworldtravel.com.ar\/sitio\/wp-content\/uploads\/2023\/04\/islandia.jpg","contentUrl":"https:\/\/basaworldtravel.com.ar\/sitio\/wp-content\/uploads\/2023\/04\/islandia.jpg","width":1200,"height":676},{"@type":"BreadcrumbList","@id":"https:\/\/basaworldtravel.com.ar\/sitio\/2026\/02\/islandia-2026-salida-grupal\/#breadcrumb","itemListElement":[{"@type":"ListItem","position":1,"name":"Portada","item":"https:\/\/basaworldtravel.com.ar\/sitio\/"},{"@type":"ListItem","position":2,"name":"ISLANDIA 2026-Salida grupal"}]},{"@type":"WebSite","@id":"https:\/\/basaworldtravel.com.ar\/sitio\/#website","url":"https:\/\/basaworldtravel.com.ar\/sitio\/","name":"Basa","description":"World Travel","potentialAction":[{"@type":"SearchAction","target":{"@type":"EntryPoint","urlTemplate":"https:\/\/basaworldtravel.com.ar\/sitio\/?s={search_term_string}"},"query-input":{"@type":"PropertyValueSpecification","valueRequired":true,"valueName":"search_term_string"}}],"inLanguage":"es"},{"@type":"Person","@id":"https:\/\/basaworldtravel.com.ar\/sitio\/#\/schema\/person\/d89b1d641794d338c41cd3818beabd4c","name":"BasaWeb","image":{"@type":"ImageObject","inLanguage":"es","@id":"https:\/\/secure.gravatar.com\/avatar\/13e699648957af0aba903942fee2a1fc533d92bcd43fcf375a4df1edc2708698?s=96&d=mm&r=g","url":"https:\/\/secure.gravatar.com\/avatar\/13e699648957af0aba903942fee2a1fc533d92bcd43fcf375a4df1edc2708698?s=96&d=mm&r=g","contentUrl":"https:\/\/secure.gravatar.com\/avatar\/13e699648957af0aba903942fee2a1fc533d92bcd43fcf375a4df1edc2708698?s=96&d=mm&r=g","caption":"BasaWeb"},"url":"https:\/\/basaworldtravel.com.ar\/sitio\/author\/basaweb\/"}]}},"_links":{"self":[{"href":"https:\/\/basaworldtravel.com.ar\/sitio\/wp-json\/wp\/v2\/posts\/156001","targetHints":{"allow":["GET"]}}],"collection":[{"href":"https:\/\/basaworldtravel.com.ar\/sitio\/wp-json\/wp\/v2\/posts"}],"about":[{"href":"https:\/\/basaworldtravel.com.ar\/sitio\/wp-json\/wp\/v2\/types\/post"}],"author":[{"embeddable":true,"href":"https:\/\/basaworldtravel.com.ar\/sitio\/wp-json\/wp\/v2\/users\/2"}],"replies":[{"embeddable":true,"href":"https:\/\/basaworldtravel.com.ar\/sitio\/wp-json\/wp\/v2\/comments?post=156001"}],"version-history":[{"count":1,"href":"https:\/\/basaworldtravel.com.ar\/sitio\/wp-json\/wp\/v2\/posts\/156001\/revisions"}],"predecessor-version":[{"id":156002,"href":"https:\/\/basaworldtravel.com.ar\/sitio\/wp-json\/wp\/v2\/posts\/156001\/revisions\/156002"}],"wp:featuredmedia":[{"embeddable":true,"href":"https:\/\/basaworldtravel.com.ar\/sitio\/wp-json\/wp\/v2\/media\/143503"}],"wp:attachment":[{"href":"https:\/\/basaworldtravel.com.ar\/sitio\/wp-json\/wp\/v2\/media?parent=156001"}],"wp:term":[{"taxonomy":"category","embeddable":true,"href":"https:\/\/basaworldtravel.com.ar\/sitio\/wp-json\/wp\/v2\/categories?post=156001"},{"taxonomy":"post_tag","embeddable":true,"href":"https:\/\/basaworldtravel.com.ar\/sitio\/wp-json\/wp\/v2\/tags?post=156001"}],"curies":[{"name":"wp","href":"https:\/\/api.w.org\/{rel}","templated":true}]}}