{"id":155938,"date":"2026-02-12T10:13:16","date_gmt":"2026-02-12T13:13:16","guid":{"rendered":"https:\/\/basaworldtravel.com.ar\/?p=155938"},"modified":"2026-02-12T10:13:20","modified_gmt":"2026-02-12T13:13:20","slug":"%e2%9c%a8espana-portugal-palma-de-mallorca-salida-acompanada","status":"publish","type":"post","link":"https:\/\/basaworldtravel.com.ar\/sitio\/2026\/02\/%e2%9c%a8espana-portugal-palma-de-mallorca-salida-acompanada\/","title":{"rendered":"\u2728Espa\u00f1a, Portugal &amp; Palma de Mallorca-SALIDA ACOMPA\u00d1ADA"},"content":{"rendered":"\n<p>Salida 5 de Septiembre 2026 <\/p>\n\n\n\n<p>\ud83c\udf0d Tu pr\u00f3ximo destino incluye:<\/p>\n\n\n\n<p>\u2708\ufe0f Pasaje a\u00e9reo Ezeiza \/ Madrid \/ Palma de Mallorca \/ Ezeiza con Iberia en clase turista.<br>\ud83d\ude90 Traslados aeropuerto\u2013hotel\u2013aeropuerto.<br>\ud83c\udfe8 Alojamiento con desayuno en hoteles 4* durante todo el recorrido.<br>\ud83d\ude8c Transporte en autob\u00fas de turismo + gu\u00eda acompa\u00f1ante durante el circuito.<br>\ud83c\udfa7 Visitas guiadas con audio individual en: Madrid, Santiago de Compostela, Oporto, Lisboa y M\u00e9rida.<br>\ud83c\udfdb Entrada al teatro y anfiteatro romano de M\u00e9rida.<br>\ud83c\udfdd Recorrido a pie por el casco hist\u00f3rico de Palma de Mallorca.<br>\u2714\ufe0f Tasas de estancia incluidas.<\/p>\n\n\n\n<p>\ud83c\udf77 Experiencias destacadas:<\/p>\n\n\n\n<ul class=\"wp-block-list\">\n<li>Cena de pintxos en Pamplona<\/li>\n\n\n\n<li>Almuerzo en Covadonga<\/li>\n\n\n\n<li>Cena en Santiago<\/li>\n\n\n\n<li>Almuerzo en Oporto<\/li>\n\n\n\n<li>Almuerzo en F\u00e1tima<\/li>\n\n\n\n<li>Cena en Lisboa<\/li>\n\n\n\n<li>Paseo por el recorrido del encierro de San Ferm\u00edn<\/li>\n\n\n\n<li>Entrada al Museo Guggenheim<\/li>\n\n\n\n<li>Paseo en barco por Oporto<\/li>\n\n\n\n<li>Visita a bodegas de vino Oporto<\/li>\n\n\n\n<li>Espect\u00e1culo de fados portugueses<\/li>\n\n\n\n<li>Excursi\u00f3n a Sintra y Cascais<\/li>\n<\/ul>\n\n\n\n<p><strong>ITINERARIO <\/strong>(sujeto a variaciones sin previo aviso)<\/p>\n\n\n\n<p><strong>SEP 05 &#8211; D\u00eda 1\u00ba (S) Ezeiza\/Madrid <\/strong>Salida en vuelo intercontinental con destino a Madrid. Noche a bordo.&nbsp;<\/p>\n\n\n\n<p><strong>SEP 06 &#8211; D\u00eda 2\u00ba (D) Madrid <\/strong>Llegada, traslado al hotel. Alojamiento y tiempo libre para comenzar a disfrutar de esta hermosa ciudad.<\/p>\n\n\n\n<p><strong>SEP 07 &#8211; D\u00eda 3\u00ba (L) Madrid\/ Zaragoza\/ Pamplona <\/strong>(490 Km) Desayuno y salida hacia Zaragoza. Tiempo libre para visitar la Bas\u00edlica del Pilar y continuaci\u00f3n hacia Pamplona mundialmente conocida por sus fiestas de San Ferm\u00edn y sus encierros de toros. Tiempo libre para conocer la ciudad. Daremos &nbsp;un paseo por el famoso recorrido del encierro de San Ferm\u00edn y degustaremos los t\u00edpicos \u00abpintxos\u00bb Alojamiento.<\/p>\n\n\n\n<p><strong>SEP 08 &#8211; D\u00eda 4\u00ba (M) Pamplona\/ San Sebasti\u00e1n\/ Bilbao (Santander) <\/strong>(185 Km) Desayuno y salida hacia San Sebasti\u00e1n, la bella ciudad conocida por la Perla del Cant\u00e1brico, con su magn\u00edfica Playa de la Concha. Tiempo libre y continuaci\u00f3n a Bilbao. Llegada y visita al museo Guggenheim.&nbsp; Alojamiento. (En algunas salidas se pernoctar\u00e1 en Santander).<\/p>\n\n\n\n<p><strong>SEP 09 &#8211; D\u00eda 5\u00ba (X) Bilbao\/ Santander\/ Santillana del Mar\/ Covadonga\/ Oviedo <\/strong>(360 Km) Despu\u00e9s del desayuno, salida hacia Santillana del Mar, que conserva el tipismo y la arquitectura de las viejas ciudades espa\u00f1olas. Continuamos hacia Asturias llegando al Santuario de Covadonga, en el marco inigualable de los Picos de Europa. Tiempo libre . Almuerzo incluido. Esta noche nos alojamos en Oviedo, con uno de los centros hist\u00f3ricos mejor conservados de Espa\u00f1a.<\/p>\n\n\n\n<p><strong>SEP 10 &#8211; D\u00eda 6\u00ba (J) Oviedo\/ Santiago de Compostela <\/strong>(310 Km) Desayuno buffet. Salida hacia Santiago de Compostela, tiempo libre para visitar la ciudad de Santiago de Compostela, centro de peregrinaci\u00f3n mundial por la devoci\u00f3n al Ap\u00f3stol Santiago. Por la tarde haremos la visita guiada de la ciudad con su magn\u00edfica Plaza del Obradoiro y su espl\u00e9ndida catedral. Alojamiento en Santiago. Cena incluida. (En algunas salidas se pernoctar\u00e1 en Vigo).<\/p>\n\n\n\n<p><strong>SEP 11 &#8211; D\u00eda 7\u00ba (V) Santiago\/ Viana Do Castelo\/ Oporto<\/strong> (294 Km) Desayuno buffet. Salida hacia las R\u00edas Baixas para continuar nuestra ruta hacia Portugal. Visitaremos la poblaci\u00f3n de Viana do Castelo, en la desembocadura del r\u00edo Limia con su casco hist\u00f3rico y castillo. Continuaci\u00f3n hacia Oporto capital del norte de Portugal a orillas del Duero. Alojamiento.<\/p>\n\n\n\n<p><strong>SEP 12 &#8211; D\u00eda 8\u00ba (S) Oporto <\/strong>Desayuno buffet. Por la ma\u00f1ana visita de la ciudad, una de las m\u00e1s bellas y ricas del pa\u00eds, cuyos vinos son famosos en el mundo entero. Almuerzo incluido. Tarde libre. Haremos un paseo en barco acabando en una de sus famosas bodegas. Alojamiento.<\/p>\n\n\n\n<p><strong>SEP 13 &#8211; D\u00eda 9\u00ba (D) Oporto\/ Aveiro\/ F\u00e1tima\/ Lisboa<\/strong> (341 Km) Desayuno buffet y salida hacia Aveiro \u00abciudad de los canales\u00bb la Venecia portuguesa. Continuaci\u00f3n hacia F\u00e1tima uno de los centros de peregrinaci\u00f3n de la Cristiandad. Tiempo libre para visitar la bas\u00edlica&nbsp; Almuerzo incluido. Continuaci\u00f3n de viaje a Lisboa. Esta noche tendremos ocasi\u00f3n de escuchar los bellos \u00abfados\u00bb portugueses mientras disfrutamos de una sabrosa cena y espect\u00e1culo de fados incluidos . Alojamiento.<\/p>\n\n\n\n<p><strong>SEP 14 &#8211; D\u00eda 10\u00ba (L) Lisboa <\/strong>Desayuno buffet. Por la ma\u00f1ana visita de la bella ciudad de Lisboa junto a la desembocadura del r\u00edo Tajo. Recorreremos sus principales avenidas y monumentos como la torre de Belem y el monasterio de los Jer\u00f3nimos. Por la tarde realizaremos &nbsp;una visita a las cercanas poblaciones de Sintra y Cascais, con sus villas y palacios. Alojamiento<\/p>\n\n\n\n<p><strong>SEP 15 &#8211; D\u00eda 11\u00ba (M) Lisboa\/ M\u00e9rida\/ Madrid <\/strong>(637 km) Desayuno buffet. Salida hacia la frontera espa\u00f1ola deteni\u00e9ndonos en M\u00e9rida .Almuerzo incluido . Visita del teatro y anfiteatro romanos (entrada incluida). Continuaci\u00f3n a Madrid donde llegaremos a \u00faltima hora de la tarde. Alojamiento.<\/p>\n\n\n\n<p><strong>SEP 16 &#8211; D\u00eda 12\u00ba (X) Madrid <\/strong>Desayuno. Salida para efectuar la visita de la ciudad, sus principales monumentos y el Madrid moderno. Por la tarde realizaremos la visita a la vecina ciudad imperial de Toledo, pasearemos por sus calles y respiraremos su ambiente medieval . Almuerzo incluido . Alojamiento.<\/p>\n\n\n\n<p><strong>SEP 17 \u2013 D\u00eda 13\u00ba (J) Madrid\/ Palma de Mallorca <\/strong>Desayuno. A la hora oportuna traslado al aeropuerto para tomar el vuelo hacia Palma de Mallorca, la isla m\u00e1s importante del archipi\u00e9lago de las Baleares. Conocida por sus playas de aguas cristalinas, incre\u00edbles paisajes costeros y pueblos con encanto. Llegada y traslado al hotel. Alojamiento.<\/p>\n\n\n\n<p>Luego de realizar el check in en el hotel, saldremos a pasear para tener el primer contacto con esta hermosa ciudad. Comenzaremos nuestro&nbsp;<strong>tour a pie por Palma de Mallorca<\/strong>&nbsp;en la&nbsp;<strong>Plaza de Espa\u00f1a<\/strong>. Desde este centro neur\u00e1lgico de la capital balear, emprenderemos un recorrido que nos permitir\u00e1 descubrir la&nbsp;<strong>influencia de romanos, musulmanes, jud\u00edos y cristianos<\/strong>&nbsp;en la historia, la cultura y la riqueza monumental de la ciudad. Nos adentraremos entre pinares, palmeras y murallas para ver el&nbsp;<strong>lado m\u00e1s monumental de Palma<\/strong>. En nuestro paseo nos toparemos con un imponente edificio de piedra arenisca dorada: la&nbsp;<strong>catedral de Palma de Mallorca<\/strong>. Se trata de una de las&nbsp;<strong>estructuras g\u00f3ticas m\u00e1s altas de Europa<\/strong>, que se ha convertido en un&nbsp;<strong>s\u00edmbolo de la capital balear<\/strong>. Justo frente a la Seu&nbsp;veremos el&nbsp;<strong>Palacio Real de La Almudaina<\/strong>. Este antiguo recinto amurallado fue residencia de los reyes de Mallorca y, posteriormente, de virreyes y gobernadores, durante los siglos XIII y XIV. Paseando por el casco antiguo, veremos los&nbsp;<strong>tradicionales patios mallorquines<\/strong>, testimonio de la \u00e9poca de gloria de la nobleza de la ciudad. Nos acercaremos tambi\u00e9n a la&nbsp;<strong>plaza de Cort&nbsp;<\/strong>y desde all\u00ed nos adentraremos en el coraz\u00f3n del barrio jud\u00edo para conocer un poco mejor la importancia que tuvo esta sociedad y su influencia en el actual modo de vida de los mallorquines. Seguidamente, podremos admirar la fachada barroca del&nbsp;<strong>Ayuntamiento<\/strong>, un edificio que da un aire se\u00f1orial a esta zona de Palma.&nbsp; Adem\u00e1s, este tour nos permitir\u00e1 conocer los secretos de la capital de&nbsp;<strong>Mallorca, la elegante \u00abisla mayor\u00bb<\/strong>, como la llamaron los romanos. Tras dos horas de visita, finalizaremos el tour junto a la catedral de Palma de Mallorca.<\/p>\n\n\n\n<p><strong>SEP 18 &#8211; D\u00eda 14\u00ba (V) Palma de Mallorca <\/strong>Desayuno. D\u00eda libre.&nbsp; Sugerimos realizar opcionalmente este paseo: navegaremos <strong>las aguas de la bah\u00eda de Palma a bordo de un catamar\u00e1n. <\/strong>Podremos ba\u00f1arnos en Cala Vella y disfrutar de una deliciosa barbacoa.<\/p>\n\n\n\n<p>Tras encontrarnos a la hora indicada en el<strong>&nbsp;Paseo Mar\u00edtimo&nbsp;de Palma<\/strong>, embarcaremos en un&nbsp;<strong>catamar\u00e1n<\/strong>&nbsp;que nos llevar\u00e1&nbsp;por la&nbsp;<strong>bah\u00eda de Palma de Mallorca<\/strong>&nbsp;para contemplar&nbsp;una de las&nbsp;<strong>postales m\u00e1s bonitas del Mediterr\u00e1neo<\/strong>. Desde la cubierta, nos deleitaremos con las&nbsp;<strong>espectaculares playas turquesas de la bah\u00eda de Palma<\/strong>. Navegaremos rumbo sureste, haciendo una&nbsp;<strong>parada para que podamos nadar&nbsp; <\/strong>&nbsp;en el impresionante<strong>&nbsp;Cap Rocat<\/strong>,&nbsp;y llegaremos hasta la zona de&nbsp;<strong>Cala Vella<\/strong>, donde fondearemos para que podamos dar otro&nbsp;agradable chapuz\u00f3n. Tendremos a nuestra disposici\u00f3n equipos de snorkel. Adem\u00e1s, a mitad de&nbsp;la traves\u00eda, podremos disfrutar de una deliciosa&nbsp;barbacoa&nbsp;compuesta por&nbsp;<strong>pinchos de pollo, pechuga de pollo, salchichas, ensaladas, pan y salsas<\/strong>. \u00a1Delicioso! Por supuesto, tambi\u00e9n tendr\u00e9is a vuestra disposici\u00f3n&nbsp;<strong>barra libre de refrescos y agua<\/strong>. \u00a1Qu\u00e9 rico! De regreso a Palma, navegaremos por la bah\u00eda&nbsp;<strong>contemplando&nbsp;<\/strong>la emblem\u00e1tica&nbsp;<strong>catedral<\/strong>&nbsp;desde el mar. Cinco horas despu\u00e9s del inicio, regresaremos al punto de partida y&nbsp;pondremos fin a un estupendo d\u00eda.<\/p>\n\n\n\n<p><strong>SEP 19 &#8211; D\u00eda 15\u00ba (S) Palma de Mallorca <\/strong>Desayuno. D\u00eda libre para relajarnos en alguna de las maravillosas playas que nos regala este destino o realizar opcionalmente la excursi\u00f3n a las cuevas del Drach y Hams: las dos grutas m\u00e1s impresionantes de la isla.&nbsp; Adem\u00e1s, visitaremos el pueblo costero de&nbsp;<strong>Porto Cristo<\/strong>. A la hora indicada, nos pasaran a buscar por nuestro hotel y pondremos rumbo hacia la zona oriental de la isla. La primera parada ser\u00e1 en las&nbsp;cuevas del Drach, donde nos adentraremos en sus galer\u00edas subterr\u00e1neas de 1200 metros de largo y 25 metros de profundidad. En estos t\u00faneles horadados en la roca distinguiremos su gran conjunto de&nbsp;estalactitas y estalagmitas, que constituyen uno de los principales&nbsp;<strong>tesoros geol\u00f3gicos de Mallorca<\/strong>. Continuaremos la visita por las cuevas del Drach en el&nbsp;lago Martel. \u00bfSab\u00edais que es una de las<strong>&nbsp;lagunas subterr\u00e1neas m\u00e1s grandes del mundo<\/strong>? En este lugar tan especial disfrutamos de&nbsp;<strong>una pieza&nbsp;<\/strong>de m\u00fasica cl\u00e1sica en directo. Tras este breve concierto,&nbsp;subiremos en g\u00f3ndola&nbsp;para cruzar de una orilla a otra del lago. Al finalizar la visita por las cuevas, la ruta seguir\u00e1 en la&nbsp;<strong>f\u00e1brica de<\/strong>&nbsp;Perlas Majorica, en la que podr\u00e9is visitar por vuestra cuenta su museo y su tienda. Tras esta inolvidable experiencia&nbsp;nos dirigiremos a&nbsp;las&nbsp;cuevas dels Hams. En estas asombrosas grutas subterr\u00e1neas, que no fueron descubiertas hasta 1905, descubriremos las caracter\u00edsticas geol\u00f3gicas de las paredes que conforman las cavernas. Por \u00faltimo, nos acercaremos a&nbsp;Porto Cristo, un bello&nbsp;<strong>pueblo costero del este de Mallorca&nbsp;<\/strong>en el que tendr\u00e9is tiempo libre para almorzar y pasear. Concluiremos la excursi\u00f3n regresando al punto de partida en el sur de Mallorca, donde llegaremos&nbsp;ocho o nueve&nbsp;horas despu\u00e9s de la recogida.<\/p>\n\n\n\n<p><strong>SEP 20 &#8211; D\u00eda 16\u00ba (D) Palma de Mallorca <\/strong>Desayuno. En este d\u00eda sugerimos realizar opcionalmente la siguiente excursi\u00f3n: daremos la vuelta a gran parte de su per\u00edmetro. En este inolvidable recorrido&nbsp;<strong>viajaremos en autob\u00fas, barco, tren y tranv\u00eda por la isla m\u00e1s grande de las Baleares. <\/strong>A la hora indicada os recogeremos en&nbsp;el&nbsp;sur de Mallorca&nbsp;y nos desplazaremos hacia las afueras de Palma, donde subiremos a bordo de un&nbsp;hist\u00f3rico tren, cuyos&nbsp;vagones de madera&nbsp;llevan en funcionamiento desde 1912. Dejaremos atr\u00e1s la capital balear&nbsp;atravesando&nbsp;<strong>Son Sardina, Caubet y Bunyola<\/strong>, entre otros lugares. Tras un trayecto de unos 40 minutos a trav\u00e9s de la&nbsp;sierra de Tramontana&nbsp;llegaremos a&nbsp;S\u00f3ller. En este pintoresco municipio continuaremos la ruta tomando el&nbsp;tranv\u00eda hist\u00f3rico&nbsp;del pueblo, que tambi\u00e9n posee unos vagones de madera que datan de principios del siglo XX. En poco m\u00e1s de media hora el tranv\u00eda nos dejar\u00e1 en el&nbsp;puerto de S\u00f3ller, donde os sorprender\u00e1 el&nbsp;pintoresco ambiente de sus calles. Desde&nbsp;su muelle, y si las condiciones meteorol\u00f3gicas lo&nbsp;permiten,&nbsp;emprenderemos un&nbsp;paseo en barco por el torrente de Pareis, una de las principales maravillas naturales de la zona,&nbsp;hasta&nbsp;<strong>La Calobra<\/strong>. Se trata de&nbsp;una de las calas m\u00e1s bonitas de Mallorca. All\u00ed, podr\u00e9is reponer fuerzas con la comida que hay\u00e1is tra\u00eddo. En caso de no poder realizarse esta ruta en barco por inclemencias del tiempo, realizaremos un&nbsp;<strong>recorrido panor\u00e1mico en autob\u00fas<\/strong>&nbsp;por una zona que atraviesa la Sierra de Tramontana. Finalmente, desde La Calobra emprenderemos el&nbsp;regreso en autob\u00fas hasta&nbsp;el&nbsp;<strong>lugar&nbsp;de recogida<\/strong>, donde llegaremos tras un total de entre ocho y nueve&nbsp;horas y media de excursi\u00f3n, en funci\u00f3n del lugar donde os recogimos. &nbsp;<\/p>\n\n\n\n<p><strong>SEP 21 &#8211; D\u00eda 17\u00ba (L) Palma de Mallorca\/ Ezeiza <\/strong>Desayuno. Ma\u00f1ana libre. A la hora oportuna, traslado al aeropuerto para tomar el avi\u00f3n de regreso a casa con previa conexi\u00f3n en Madrid.<\/p>\n\n\n\n<p>Europa te espera\u2026 \u00bfnos vamos? \u2708\ufe0f<\/p>\n\n\n\n<p><\/p>\n\n\n\n<p><strong>Tarifa por persona en base doble USD5800<\/strong><\/p>\n\n\n\n<p><\/p>\n","protected":false},"excerpt":{"rendered":"<p>Un viaje que combina historia, cultura, gastronom\u00eda y paisajes inolvidables\u2026 todo en una experiencia pensada para disfrutar sin preocupaciones.<\/p>\n","protected":false},"author":2,"featured_media":155940,"comment_status":"closed","ping_status":"open","sticky":false,"template":"","format":"standard","meta":{"_acf_changed":false,"footnotes":""},"categories":[7,5],"tags":[703,799,444,26,441,450,168,801,167,449,800,303,80,802],"class_list":["post-155938","post","type-post","status-publish","format-standard","has-post-thumbnail","hentry","category-europa","category-paquetes","tag-703","tag-bilbao","tag-espana-2","tag-europa","tag-fatima","tag-lisboa","tag-madrid","tag-mallorca","tag-merida","tag-oporto","tag-palma","tag-portugal","tag-salidas-grupales","tag-santiado-de-compostela","category-7","category-5","description-off"],"acf":[],"yoast_head":"<!-- This site is optimized with the Yoast SEO plugin v28.4 - https:\/\/yoast.com\/product\/yoast-seo-wordpress\/ -->\n<title>\u2728Espa\u00f1a, Portugal &amp; Palma de Mallorca-SALIDA ACOMPA\u00d1ADA - Basa<\/title>\n<meta name=\"robots\" content=\"index, follow, max-snippet:-1, max-image-preview:large, max-video-preview:-1\" \/>\n<link rel=\"canonical\" href=\"https:\/\/basaworldtravel.com.ar\/sitio\/2026\/02\/\u2728espana-portugal-palma-de-mallorca-salida-acompanada\/\" \/>\n<meta property=\"og:locale\" content=\"es_ES\" \/>\n<meta property=\"og:type\" content=\"article\" \/>\n<meta property=\"og:title\" content=\"\u2728Espa\u00f1a, Portugal &amp; Palma de Mallorca-SALIDA ACOMPA\u00d1ADA - Basa\" \/>\n<meta property=\"og:description\" content=\"Un viaje que combina historia, cultura, gastronom\u00eda y paisajes inolvidables\u2026 todo en una experiencia pensada para disfrutar sin preocupaciones.\" \/>\n<meta property=\"og:url\" content=\"https:\/\/basaworldtravel.com.ar\/sitio\/2026\/02\/\u2728espana-portugal-palma-de-mallorca-salida-acompanada\/\" \/>\n<meta property=\"og:site_name\" content=\"Basa\" \/>\n<meta property=\"article:published_time\" content=\"2026-02-12T13:13:16+00:00\" \/>\n<meta property=\"article:modified_time\" content=\"2026-02-12T13:13:20+00:00\" \/>\n<meta property=\"og:image\" content=\"https:\/\/basaworldtravel.com.ar\/sitio\/wp-content\/uploads\/2026\/02\/oporto.jpg\" \/>\n\t<meta property=\"og:image:width\" content=\"1000\" \/>\n\t<meta property=\"og:image:height\" content=\"667\" \/>\n\t<meta property=\"og:image:type\" content=\"image\/jpeg\" \/>\n<meta name=\"author\" content=\"BasaWeb\" \/>\n<meta name=\"twitter:card\" content=\"summary_large_image\" \/>\n<meta name=\"twitter:label1\" content=\"Escrito por\" \/>\n\t<meta name=\"twitter:data1\" content=\"BasaWeb\" \/>\n\t<meta name=\"twitter:label2\" content=\"Tiempo de lectura\" \/>\n\t<meta name=\"twitter:data2\" content=\"10 minutos\" \/>\n<script type=\"application\/ld+json\" class=\"yoast-schema-graph\">{\"@context\":\"https:\\\/\\\/schema.org\",\"@graph\":[{\"@type\":\"Article\",\"@id\":\"https:\\\/\\\/basaworldtravel.com.ar\\\/sitio\\\/2026\\\/02\\\/%e2%9c%a8espana-portugal-palma-de-mallorca-salida-acompanada\\\/#article\",\"isPartOf\":{\"@id\":\"https:\\\/\\\/basaworldtravel.com.ar\\\/sitio\\\/2026\\\/02\\\/%e2%9c%a8espana-portugal-palma-de-mallorca-salida-acompanada\\\/\"},\"author\":{\"name\":\"BasaWeb\",\"@id\":\"https:\\\/\\\/basaworldtravel.com.ar\\\/sitio\\\/#\\\/schema\\\/person\\\/d89b1d641794d338c41cd3818beabd4c\"},\"headline\":\"\u2728Espa\u00f1a, Portugal &amp; Palma de Mallorca-SALIDA ACOMPA\u00d1ADA\",\"datePublished\":\"2026-02-12T13:13:16+00:00\",\"dateModified\":\"2026-02-12T13:13:20+00:00\",\"mainEntityOfPage\":{\"@id\":\"https:\\\/\\\/basaworldtravel.com.ar\\\/sitio\\\/2026\\\/02\\\/%e2%9c%a8espana-portugal-palma-de-mallorca-salida-acompanada\\\/\"},\"wordCount\":2164,\"image\":{\"@id\":\"https:\\\/\\\/basaworldtravel.com.ar\\\/sitio\\\/2026\\\/02\\\/%e2%9c%a8espana-portugal-palma-de-mallorca-salida-acompanada\\\/#primaryimage\"},\"thumbnailUrl\":\"https:\\\/\\\/basaworldtravel.com.ar\\\/sitio\\\/wp-content\\\/uploads\\\/2026\\\/02\\\/oporto.jpg\",\"keywords\":[\"2026\",\"bilbao\",\"espa\u00f1a\",\"EUROPA\",\"FATIMA\",\"LISBOA\",\"MADRID\",\"mallorca\",\"MERIDA\",\"OPORTO\",\"palma\",\"portugal\",\"SALIDAS GRUPALES\",\"Santiado de compostela\"],\"articleSection\":[\"Europa\",\"Paquetes\"],\"inLanguage\":\"es\"},{\"@type\":\"WebPage\",\"@id\":\"https:\\\/\\\/basaworldtravel.com.ar\\\/sitio\\\/2026\\\/02\\\/%e2%9c%a8espana-portugal-palma-de-mallorca-salida-acompanada\\\/\",\"url\":\"https:\\\/\\\/basaworldtravel.com.ar\\\/sitio\\\/2026\\\/02\\\/%e2%9c%a8espana-portugal-palma-de-mallorca-salida-acompanada\\\/\",\"name\":\"\u2728Espa\u00f1a, Portugal &amp; Palma de Mallorca-SALIDA ACOMPA\u00d1ADA - Basa\",\"isPartOf\":{\"@id\":\"https:\\\/\\\/basaworldtravel.com.ar\\\/sitio\\\/#website\"},\"primaryImageOfPage\":{\"@id\":\"https:\\\/\\\/basaworldtravel.com.ar\\\/sitio\\\/2026\\\/02\\\/%e2%9c%a8espana-portugal-palma-de-mallorca-salida-acompanada\\\/#primaryimage\"},\"image\":{\"@id\":\"https:\\\/\\\/basaworldtravel.com.ar\\\/sitio\\\/2026\\\/02\\\/%e2%9c%a8espana-portugal-palma-de-mallorca-salida-acompanada\\\/#primaryimage\"},\"thumbnailUrl\":\"https:\\\/\\\/basaworldtravel.com.ar\\\/sitio\\\/wp-content\\\/uploads\\\/2026\\\/02\\\/oporto.jpg\",\"datePublished\":\"2026-02-12T13:13:16+00:00\",\"dateModified\":\"2026-02-12T13:13:20+00:00\",\"author\":{\"@id\":\"https:\\\/\\\/basaworldtravel.com.ar\\\/sitio\\\/#\\\/schema\\\/person\\\/d89b1d641794d338c41cd3818beabd4c\"},\"breadcrumb\":{\"@id\":\"https:\\\/\\\/basaworldtravel.com.ar\\\/sitio\\\/2026\\\/02\\\/%e2%9c%a8espana-portugal-palma-de-mallorca-salida-acompanada\\\/#breadcrumb\"},\"inLanguage\":\"es\",\"potentialAction\":[{\"@type\":\"ReadAction\",\"target\":[\"https:\\\/\\\/basaworldtravel.com.ar\\\/sitio\\\/2026\\\/02\\\/%e2%9c%a8espana-portugal-palma-de-mallorca-salida-acompanada\\\/\"]}]},{\"@type\":\"ImageObject\",\"inLanguage\":\"es\",\"@id\":\"https:\\\/\\\/basaworldtravel.com.ar\\\/sitio\\\/2026\\\/02\\\/%e2%9c%a8espana-portugal-palma-de-mallorca-salida-acompanada\\\/#primaryimage\",\"url\":\"https:\\\/\\\/basaworldtravel.com.ar\\\/sitio\\\/wp-content\\\/uploads\\\/2026\\\/02\\\/oporto.jpg\",\"contentUrl\":\"https:\\\/\\\/basaworldtravel.com.ar\\\/sitio\\\/wp-content\\\/uploads\\\/2026\\\/02\\\/oporto.jpg\",\"width\":1000,\"height\":667},{\"@type\":\"BreadcrumbList\",\"@id\":\"https:\\\/\\\/basaworldtravel.com.ar\\\/sitio\\\/2026\\\/02\\\/%e2%9c%a8espana-portugal-palma-de-mallorca-salida-acompanada\\\/#breadcrumb\",\"itemListElement\":[{\"@type\":\"ListItem\",\"position\":1,\"name\":\"Portada\",\"item\":\"https:\\\/\\\/basaworldtravel.com.ar\\\/sitio\\\/\"},{\"@type\":\"ListItem\",\"position\":2,\"name\":\"\u2728Espa\u00f1a, Portugal &amp; Palma de Mallorca-SALIDA ACOMPA\u00d1ADA\"}]},{\"@type\":\"WebSite\",\"@id\":\"https:\\\/\\\/basaworldtravel.com.ar\\\/sitio\\\/#website\",\"url\":\"https:\\\/\\\/basaworldtravel.com.ar\\\/sitio\\\/\",\"name\":\"Basa\",\"description\":\"World Travel\",\"potentialAction\":[{\"@type\":\"SearchAction\",\"target\":{\"@type\":\"EntryPoint\",\"urlTemplate\":\"https:\\\/\\\/basaworldtravel.com.ar\\\/sitio\\\/?s={search_term_string}\"},\"query-input\":{\"@type\":\"PropertyValueSpecification\",\"valueRequired\":true,\"valueName\":\"search_term_string\"}}],\"inLanguage\":\"es\"},{\"@type\":\"Person\",\"@id\":\"https:\\\/\\\/basaworldtravel.com.ar\\\/sitio\\\/#\\\/schema\\\/person\\\/d89b1d641794d338c41cd3818beabd4c\",\"name\":\"BasaWeb\",\"image\":{\"@type\":\"ImageObject\",\"inLanguage\":\"es\",\"@id\":\"https:\\\/\\\/secure.gravatar.com\\\/avatar\\\/13e699648957af0aba903942fee2a1fc533d92bcd43fcf375a4df1edc2708698?s=96&d=mm&r=g\",\"url\":\"https:\\\/\\\/secure.gravatar.com\\\/avatar\\\/13e699648957af0aba903942fee2a1fc533d92bcd43fcf375a4df1edc2708698?s=96&d=mm&r=g\",\"contentUrl\":\"https:\\\/\\\/secure.gravatar.com\\\/avatar\\\/13e699648957af0aba903942fee2a1fc533d92bcd43fcf375a4df1edc2708698?s=96&d=mm&r=g\",\"caption\":\"BasaWeb\"},\"url\":\"https:\\\/\\\/basaworldtravel.com.ar\\\/sitio\\\/author\\\/basaweb\\\/\"}]}<\/script>\n<!-- \/ Yoast SEO plugin. -->","yoast_head_json":{"title":"\u2728Espa\u00f1a, Portugal &amp; Palma de Mallorca-SALIDA ACOMPA\u00d1ADA - Basa","robots":{"index":"index","follow":"follow","max-snippet":"max-snippet:-1","max-image-preview":"max-image-preview:large","max-video-preview":"max-video-preview:-1"},"canonical":"https:\/\/basaworldtravel.com.ar\/sitio\/2026\/02\/\u2728espana-portugal-palma-de-mallorca-salida-acompanada\/","og_locale":"es_ES","og_type":"article","og_title":"\u2728Espa\u00f1a, Portugal &amp; Palma de Mallorca-SALIDA ACOMPA\u00d1ADA - Basa","og_description":"Un viaje que combina historia, cultura, gastronom\u00eda y paisajes inolvidables\u2026 todo en una experiencia pensada para disfrutar sin preocupaciones.","og_url":"https:\/\/basaworldtravel.com.ar\/sitio\/2026\/02\/\u2728espana-portugal-palma-de-mallorca-salida-acompanada\/","og_site_name":"Basa","article_published_time":"2026-02-12T13:13:16+00:00","article_modified_time":"2026-02-12T13:13:20+00:00","og_image":[{"width":1000,"height":667,"url":"https:\/\/basaworldtravel.com.ar\/sitio\/wp-content\/uploads\/2026\/02\/oporto.jpg","type":"image\/jpeg"}],"author":"BasaWeb","twitter_card":"summary_large_image","twitter_misc":{"Escrito por":"BasaWeb","Tiempo de lectura":"10 minutos"},"schema":{"@context":"https:\/\/schema.org","@graph":[{"@type":"Article","@id":"https:\/\/basaworldtravel.com.ar\/sitio\/2026\/02\/%e2%9c%a8espana-portugal-palma-de-mallorca-salida-acompanada\/#article","isPartOf":{"@id":"https:\/\/basaworldtravel.com.ar\/sitio\/2026\/02\/%e2%9c%a8espana-portugal-palma-de-mallorca-salida-acompanada\/"},"author":{"name":"BasaWeb","@id":"https:\/\/basaworldtravel.com.ar\/sitio\/#\/schema\/person\/d89b1d641794d338c41cd3818beabd4c"},"headline":"\u2728Espa\u00f1a, Portugal &amp; Palma de Mallorca-SALIDA ACOMPA\u00d1ADA","datePublished":"2026-02-12T13:13:16+00:00","dateModified":"2026-02-12T13:13:20+00:00","mainEntityOfPage":{"@id":"https:\/\/basaworldtravel.com.ar\/sitio\/2026\/02\/%e2%9c%a8espana-portugal-palma-de-mallorca-salida-acompanada\/"},"wordCount":2164,"image":{"@id":"https:\/\/basaworldtravel.com.ar\/sitio\/2026\/02\/%e2%9c%a8espana-portugal-palma-de-mallorca-salida-acompanada\/#primaryimage"},"thumbnailUrl":"https:\/\/basaworldtravel.com.ar\/sitio\/wp-content\/uploads\/2026\/02\/oporto.jpg","keywords":["2026","bilbao","espa\u00f1a","EUROPA","FATIMA","LISBOA","MADRID","mallorca","MERIDA","OPORTO","palma","portugal","SALIDAS GRUPALES","Santiado de compostela"],"articleSection":["Europa","Paquetes"],"inLanguage":"es"},{"@type":"WebPage","@id":"https:\/\/basaworldtravel.com.ar\/sitio\/2026\/02\/%e2%9c%a8espana-portugal-palma-de-mallorca-salida-acompanada\/","url":"https:\/\/basaworldtravel.com.ar\/sitio\/2026\/02\/%e2%9c%a8espana-portugal-palma-de-mallorca-salida-acompanada\/","name":"\u2728Espa\u00f1a, Portugal &amp; Palma de Mallorca-SALIDA ACOMPA\u00d1ADA - Basa","isPartOf":{"@id":"https:\/\/basaworldtravel.com.ar\/sitio\/#website"},"primaryImageOfPage":{"@id":"https:\/\/basaworldtravel.com.ar\/sitio\/2026\/02\/%e2%9c%a8espana-portugal-palma-de-mallorca-salida-acompanada\/#primaryimage"},"image":{"@id":"https:\/\/basaworldtravel.com.ar\/sitio\/2026\/02\/%e2%9c%a8espana-portugal-palma-de-mallorca-salida-acompanada\/#primaryimage"},"thumbnailUrl":"https:\/\/basaworldtravel.com.ar\/sitio\/wp-content\/uploads\/2026\/02\/oporto.jpg","datePublished":"2026-02-12T13:13:16+00:00","dateModified":"2026-02-12T13:13:20+00:00","author":{"@id":"https:\/\/basaworldtravel.com.ar\/sitio\/#\/schema\/person\/d89b1d641794d338c41cd3818beabd4c"},"breadcrumb":{"@id":"https:\/\/basaworldtravel.com.ar\/sitio\/2026\/02\/%e2%9c%a8espana-portugal-palma-de-mallorca-salida-acompanada\/#breadcrumb"},"inLanguage":"es","potentialAction":[{"@type":"ReadAction","target":["https:\/\/basaworldtravel.com.ar\/sitio\/2026\/02\/%e2%9c%a8espana-portugal-palma-de-mallorca-salida-acompanada\/"]}]},{"@type":"ImageObject","inLanguage":"es","@id":"https:\/\/basaworldtravel.com.ar\/sitio\/2026\/02\/%e2%9c%a8espana-portugal-palma-de-mallorca-salida-acompanada\/#primaryimage","url":"https:\/\/basaworldtravel.com.ar\/sitio\/wp-content\/uploads\/2026\/02\/oporto.jpg","contentUrl":"https:\/\/basaworldtravel.com.ar\/sitio\/wp-content\/uploads\/2026\/02\/oporto.jpg","width":1000,"height":667},{"@type":"BreadcrumbList","@id":"https:\/\/basaworldtravel.com.ar\/sitio\/2026\/02\/%e2%9c%a8espana-portugal-palma-de-mallorca-salida-acompanada\/#breadcrumb","itemListElement":[{"@type":"ListItem","position":1,"name":"Portada","item":"https:\/\/basaworldtravel.com.ar\/sitio\/"},{"@type":"ListItem","position":2,"name":"\u2728Espa\u00f1a, Portugal &amp; Palma de Mallorca-SALIDA ACOMPA\u00d1ADA"}]},{"@type":"WebSite","@id":"https:\/\/basaworldtravel.com.ar\/sitio\/#website","url":"https:\/\/basaworldtravel.com.ar\/sitio\/","name":"Basa","description":"World Travel","potentialAction":[{"@type":"SearchAction","target":{"@type":"EntryPoint","urlTemplate":"https:\/\/basaworldtravel.com.ar\/sitio\/?s={search_term_string}"},"query-input":{"@type":"PropertyValueSpecification","valueRequired":true,"valueName":"search_term_string"}}],"inLanguage":"es"},{"@type":"Person","@id":"https:\/\/basaworldtravel.com.ar\/sitio\/#\/schema\/person\/d89b1d641794d338c41cd3818beabd4c","name":"BasaWeb","image":{"@type":"ImageObject","inLanguage":"es","@id":"https:\/\/secure.gravatar.com\/avatar\/13e699648957af0aba903942fee2a1fc533d92bcd43fcf375a4df1edc2708698?s=96&d=mm&r=g","url":"https:\/\/secure.gravatar.com\/avatar\/13e699648957af0aba903942fee2a1fc533d92bcd43fcf375a4df1edc2708698?s=96&d=mm&r=g","contentUrl":"https:\/\/secure.gravatar.com\/avatar\/13e699648957af0aba903942fee2a1fc533d92bcd43fcf375a4df1edc2708698?s=96&d=mm&r=g","caption":"BasaWeb"},"url":"https:\/\/basaworldtravel.com.ar\/sitio\/author\/basaweb\/"}]}},"_links":{"self":[{"href":"https:\/\/basaworldtravel.com.ar\/sitio\/wp-json\/wp\/v2\/posts\/155938","targetHints":{"allow":["GET"]}}],"collection":[{"href":"https:\/\/basaworldtravel.com.ar\/sitio\/wp-json\/wp\/v2\/posts"}],"about":[{"href":"https:\/\/basaworldtravel.com.ar\/sitio\/wp-json\/wp\/v2\/types\/post"}],"author":[{"embeddable":true,"href":"https:\/\/basaworldtravel.com.ar\/sitio\/wp-json\/wp\/v2\/users\/2"}],"replies":[{"embeddable":true,"href":"https:\/\/basaworldtravel.com.ar\/sitio\/wp-json\/wp\/v2\/comments?post=155938"}],"version-history":[{"count":1,"href":"https:\/\/basaworldtravel.com.ar\/sitio\/wp-json\/wp\/v2\/posts\/155938\/revisions"}],"predecessor-version":[{"id":155941,"href":"https:\/\/basaworldtravel.com.ar\/sitio\/wp-json\/wp\/v2\/posts\/155938\/revisions\/155941"}],"wp:featuredmedia":[{"embeddable":true,"href":"https:\/\/basaworldtravel.com.ar\/sitio\/wp-json\/wp\/v2\/media\/155940"}],"wp:attachment":[{"href":"https:\/\/basaworldtravel.com.ar\/sitio\/wp-json\/wp\/v2\/media?parent=155938"}],"wp:term":[{"taxonomy":"category","embeddable":true,"href":"https:\/\/basaworldtravel.com.ar\/sitio\/wp-json\/wp\/v2\/categories?post=155938"},{"taxonomy":"post_tag","embeddable":true,"href":"https:\/\/basaworldtravel.com.ar\/sitio\/wp-json\/wp\/v2\/tags?post=155938"}],"curies":[{"name":"wp","href":"https:\/\/api.w.org\/{rel}","templated":true}]}}