{"id":155865,"date":"2026-01-23T10:20:53","date_gmt":"2026-01-23T13:20:53","guid":{"rendered":"https:\/\/basaworldtravel.com.ar\/?p=155865"},"modified":"2026-03-02T08:56:58","modified_gmt":"2026-03-02T11:56:58","slug":"fantasias-de-eslovenia-croacia-y-montenegro-2026","status":"publish","type":"post","link":"https:\/\/basaworldtravel.com.ar\/sitio\/2026\/01\/fantasias-de-eslovenia-croacia-y-montenegro-2026\/","title":{"rendered":"FANTASIAS DE ESLOVENIA, CROACIA Y MONTENEGRO-2026"},"content":{"rendered":"\n<p><strong>Salida 25 de Septiembre 2026<\/strong><\/p>\n\n\n\n<p>SALIDA GRUPAL ACOMPA\u00d1ADA DESDE BUENOS AIRES<\/p>\n\n\n\n<p><\/p>\n\n\n\n<p><strong>SERVICIOS INCLUIDOS<\/strong><\/p>\n\n\n\n<p>17 noches de Alojamiento en hoteles de Categor\u00eda 4 y 5 estrellas en Habitaci\u00f3n Standard.<\/p>\n\n\n\n<p>R\u00e9gimen: con Media Pensi\u00f3n.<\/p>\n\n\n\n<p>A\u00e9reo de Lufthansa en Cabina Econ\u00f3mica, ida y vuelta.<\/p>\n\n\n\n<p>Traslados en servicio privado de llegada, salida y entre destinos con asistencia de habla hispana.<\/p>\n\n\n\n<p>Visitas con gu\u00eda local y\/o excursiones de habla hispana (Seg\u00fan itinerario).<\/p>\n\n\n\n<p>Propinas obligatorias (gu\u00edas y conductores).<\/p>\n\n\n\n<p>Asistencia al viajero de Universal Assistance Excellence USD 150.000 con garant\u00eda de cancelaci\u00f3n plus hasta USD 6000 (hasta 85 a\u00f1os) con causa.<\/p>\n\n\n\n<p>https:\/\/www.universal-assistance.com\/files\/condiciones_generales.pdf<\/p>\n\n\n\n<p><\/p>\n\n\n\n<p><strong>SERVICIOS QUE NO INCLUYE<\/strong><\/p>\n\n\n\n<p>Suplemento de asistencia para pasajeros mayores de 70 a\u00f1os: El suplemento asistencia al viajero pasajeros 71 \u2013 85 a\u00f1os: 120 USD P.PAX (con seguro de cancelaci\u00f3n).<br><\/p>\n\n\n\n<p>Cualquier almuerzo o cena no mencionada en el programa.<\/p>\n\n\n\n<p>Extras y gastos personales.<\/p>\n\n\n\n<p>Cualquier excursi\u00f3n opcional.<\/p>\n\n\n\n<p>Propinas no obligatorias.<\/p>\n\n\n\n<p>Maleteros.<\/p>\n\n\n\n<p>Bebidas no incluidas.<\/p>\n\n\n\n<p><\/p>\n\n\n\n<p><strong>DETALLE DE LOS VUELOS<br><\/strong>LH 511 25SEP EZEFRA 1640 1100 26SEP<br>LH1460 26SEP FRALJU 1210 1325 26SEP<br>LH4297 13OCT DBVFRA 1830 2030 13OCT<br>LH 510 13OCT FRAEZE 2140 0625 14OCT<br><br>Equipaje permitido: Incluye 1 maleta en bodega de 23 Kg  y equipaje de mano 8 Kg.<br>Vuelos confirmados por Lufthansa sujetos a modificaci\u00f3n y reconfirmaci\u00f3n por la compa\u00f1\u00eda a\u00e9rea.<\/p>\n\n\n\n<figure class=\"wp-block-image size-full\"><img loading=\"lazy\" decoding=\"async\" width=\"862\" height=\"295\" src=\"https:\/\/basaworldtravel.com.ar\/sitio\/wp-content\/uploads\/2026\/01\/image-5.png\" alt=\"\" class=\"wp-image-155866\" srcset=\"https:\/\/basaworldtravel.com.ar\/sitio\/wp-content\/uploads\/2026\/01\/image-5.png 862w, https:\/\/basaworldtravel.com.ar\/sitio\/wp-content\/uploads\/2026\/01\/image-5-300x103.png 300w, https:\/\/basaworldtravel.com.ar\/sitio\/wp-content\/uploads\/2026\/01\/image-5-768x263.png 768w, https:\/\/basaworldtravel.com.ar\/sitio\/wp-content\/uploads\/2026\/01\/image-5-500x171.png 500w, https:\/\/basaworldtravel.com.ar\/sitio\/wp-content\/uploads\/2026\/01\/image-5-800x274.png 800w\" sizes=\"auto, (max-width: 862px) 100vw, 862px\" \/><\/figure>\n\n\n\n<p><strong>REQUISITOS DE VIAJE<\/strong><\/p>\n\n\n\n<ul class=\"wp-block-list\">\n<li>Pasaporte vigente y en buenas condiciones, con hojas libres para sellados migratorios y vigencia m\u00ednima 6 meses desde la fecha de regreso a Argentina<\/li>\n<\/ul>\n\n\n\n<p><strong>EXCURSIONES <\/strong><\/p>\n\n\n\n<ul class=\"wp-block-list\">\n<li>Ljubljana: Visita guiada a la ciudad con subida en funicular al Castillo de Ljubljana.<\/li>\n\n\n\n<li>Excursi\u00f3n a Bled y Bohinj con paseo en barco hasta la isla y entrada al Castillo de Bled.<\/li>\n\n\n\n<li>Excursi\u00f3n a Postojna con entrada a las Cuevas de Postojna y el Castillo de Predjama.<\/li>\n\n\n\n<li>Excursi\u00f3n a dos ciudades de la Pen\u00ednsula de Istria.<\/li>\n\n\n\n<li>Pula: Visita de la ciudad con entrada al Anfiteatro Romano.<\/li>\n\n\n\n<li>Visita al Parque Nacional de Plitvice.<\/li>\n\n\n\n<li>Visita guiada a las ciudades de Zadar, Trogir y Split.<\/li>\n\n\n\n<li>Dubrovnik: Visita guiada de la ciudad con entrada al Palacio del Rector y el Monasterio Franciscano. Subida al Monte Sr\u0111 con las mejores vistas de la ciudad amurallada.<\/li>\n\n\n\n<li>Excursi\u00f3n a la Bah\u00eda de Kotor con las ciudades de Perast y Budva.<\/li>\n<\/ul>\n\n\n\n<p>LEGALES<\/p>\n\n\n\n<p>Las salidas para ser grupales y acompa\u00f1adas deben contar con un m\u00ednimo de 10 pasajeros, pudiendo llegar, dependiendo el destino, a 25\/30 pasajeros como m\u00e1xima cantidad de participantes. En caso de no reunirse dicha cantidad, el Operador Responsable se reserva el derecho de informar la cancelaci\u00f3n del mismo en un plazo no menor a los 15 d\u00edas h\u00e1biles anteriores a la fecha de inicio del tour, teniendo el pasajero derecho al reintegro de la suma total abonada en concepto de se\u00f1a, sin que corresponda realizar ning\u00fan otro tipo de compensaci\u00f3n por parte del operador.<br>De no aceptar el reintegro, el pasajero podr\u00e1 optar por un itinerario alternativo y sujeto a recotizaci\u00f3n Los tickets a\u00e9reos ser\u00e1n emitidos una vez completado el cupo de bloqueo o al cumplirse el plazo establecido 30 d\u00edas anteriores a la salida. Por este motivo, las tarifas e impuestos a\u00e9reos quedan sujetos a Modificaciones al momento de la emisi\u00f3n por parte de la compa\u00f1\u00eda a\u00e9rea, y a fluctuaciones de la moneda d\u00f3lar\/peso, como as\u00ed tambi\u00e9n a nuevas regulaciones y resoluciones de los entes gubernamentales. En caso de suscitarse alguna diferencia, el operador responsable se reserva el derecho de reajustar las tarifas en consecuencia. Connecting Travel no se responsabiliza de la selecci\u00f3n de asientos en los vuelos,<br>esto depende exclusivamente de las compa\u00f1\u00edas a\u00e9reas. Podemos realizar el requerimiento con la preferencia de cada pasajero, pero no podemos garantizarlo. Es responsabilidad del pasajero contar con los pasaportes o documentos de migraci\u00f3n requeridos por las autoridades de la Rep\u00fablica Argentina y de los pa\u00edses de destino o de tr\u00e1nsito, tales como visas, permisos sanitarios, etc. El operador responsable del programa no aceptar\u00e1 ninguna responsabilidad por el deterioro de maletas ya sea durante los trayectos a\u00e9reos, terrestres o en cada hotel. Las excursiones y comidas ofrecidas en el presente itinerario pueden ser realizadas en diferentes d\u00edas a los previstos en el itinerario, siempre que esto no desmejore la calidad y\/o cantidad de servicios ofrecidos. Las opciones de men\u00fa incluidas son variadas de acuerdo a una selecci\u00f3n realizada, considerando las preferencias de nuestros clientes y las costumbres y tradiciones de cada destino. Ante restricciones de salud al respecto, se ofrece una alternativa de \u201ccomida de dieta\u201d de elaboraci\u00f3n sencilla y basada esencialmente en verduras y frutas.<\/p>\n\n\n\n<p><\/p>\n\n\n\n<p><strong>ITINERARIO <\/strong><\/p>\n\n\n\n<p>25 DE SEPTIEMBRE EZEIZA <br>Presentaci\u00f3n en el Aeropuerto Internacional de Ezeiza a las 12:40 hs. para realizar el check in del vuelo 511 de Lufthansa con destino la ciudad de Ljubljana v\u00eda Frankfurt y horario de salida a las 16:40 hs. Noche a bordo.<br>26 DE SEPTIEMBRE FRANKFURT \/ LJUBLJANA<br>Llegada al Aeropuerto Internacional de Ljubljana, capital de Eslovenia al medio d\u00eda y encuentro con un asistente de habla hispana y el bus para ir hasta el hotel. Check-in y el resto del d\u00eda libre para pasear y descubrir esta hermosa ciudad. Cena y alojamiento. Las habitaciones estar\u00e1n disponibles a partir de las 15:00 horas.<br>27 DE SEPTIEMBRE LJUBLJANA<br>Desayuno. Hoy tendr\u00e1n la oportunidad de conocer la capital de Eslovenia. Pasear\u00e1n por la plaza central de Ljubljana, la plaza Pre\u0161eren, donde se encuentra la iglesia franciscana de la Anunciaci\u00f3n, la Catedral de Ljubljana o Catedral de San Nicol\u00e1s que es sede de la Arquidi\u00f3cesis de Ljubljana, el Puente Triple que cruza el r\u00edo Ljubljanica y el Castillo de Ljubljana (entrada incluida). El castillo medieval con elementos arquitect\u00f3nicos rom\u00e1nicos, g\u00f3ticos y renacentistas est\u00e1 situado en la cima de la colina del castillo, que domina el centro de la ciudad. El centro de la ciudad tambi\u00e9n alberga obras del famoso arquitecto esloveno Jo\u017ee Ple\u010dnik, cuyas obras fueron reconocidas por la Unesco en 2021. Tarde libre. Cena y alojamiento.<br>28 DE SEPTIEMBRE LJUBLJANA \/ BLED \/ BOHINJ \/ LJUBLJANA (150 KMS)<br>Desayuno. Hoy visitar\u00e1n el mundo alpino con los dos lagos m\u00e1s famosos del pa\u00eds. La primera parada ser\u00e1 el lago Bled con la isla en el medio. Haremos un paseo en un barco t\u00edpico llamado Pletna, que lleva a los visitantes a su isla. M\u00e1s tarde se har\u00e1 la visita del Castillo de Bled (entrada incluida), posicionado sobre el lago como un guardaespaldas natural. Tiempo libre en Bled. Por la tarde, contin\u00faan hacia Bohinj que alberga el lago natural m\u00e1s grande del pa\u00eds. Se encuentra en el coraz\u00f3n del Parque Nacional de Triglav y se considera un hito natural esloveno. Despu\u00e9s de la visita regreso al hotel. Cena y alojamiento.<br>29 DE SEPTIEMBRE LJUBLJANA<br>Desayuno. D\u00eda libre en Ljubljana para descansar, hacer compras o recorrer a su aire. Cena y alojamiento<\/p>\n\n\n\n<p>30 DE SEPTIEMBRE LJUBLJANA \/ POSTOJNA \/ OPATIJA (113 KMS)<br>Despu\u00e9s del desayuno salida hacia Postojna para visitar uno de los orgullos eslovenos \u2013 la extravagante Cueva de Postojna. La cueva m\u00e1s grande en Europa abierta para el turismo le ense\u00f1ar\u00e1 las magn\u00edficas esculturas de estalactitas y un variado mundo animal. La visita se hace a pie y en el trencito. Al salir ver\u00e1 el Castillo de Predjama (entrada incluida), una maravilla medieval irrefutable con m\u00e1s de 800 a\u00f1os de antig\u00fcedad, posicionada en la pared vertical de 123 metros de altura. Por la tarde salida hacia Opatija, Croacia. Cena y alojamiento.<br>01 DE OCTUBRE OPATIJA \/ ROVINJ \/ MOTOVUN \/ OPATIJA (199 KMS)<br>Desayuno. Por la ma\u00f1ana salida por la costa para explorar la pen\u00ednsula de Istria. Primero llegamos a la ciudad de Rovinj. En un paseo por la ciudad disfrutaran el encantador casco antiguo, donde estrechas callejuelas adoquinadas serpentean entre coloridos edificios de estilo veneciano que se alzan imponentes sobre el mar Adri\u00e1tico. Por el camino, pasar\u00e1n por talleres artesanales, galer\u00edas costeras y patios escondidos que muestran el vibrante esp\u00edritu art\u00edstico de Rovinj. Recorreremos el paseo mar\u00edtimo, donde admiramos el bullicioso puerto pesquero, observar el paso de los barcos y empaparse del relajado encanto mediterr\u00e1neo de la ciudad, una atm\u00f3sfera que convierte a Rovinj en una de las joyas m\u00e1s cautivadoras de Istria.<br>M\u00e1s tarde, nos dirigimos a Motovun, ubicada en una colina rodeada por los vi\u00f1edos. Es una de las ciudades medievales mejor conservadas de Croacia. Luego de visitar la ciudad regresamos por la tarde a Opatija. Cena y alojamiento.<br>02 DE OCTUBRE OPATIJA \/ PULA \/ OPATIJA (202 KMS)<br>Desayuno. Hoy pasar\u00e1n el d\u00eda en la ciudad de Pula, con su fascinante combinaci\u00f3n de historia antigua y encanto costero, comenzando por el magn\u00edfico Anfiteatro Romano (entrada incluida), uno de los mejor conservados del mundo. Al pasear por el casco antiguo, ver\u00e1n impresionantes monumentos como el Templo de Augusto y el Arco de los Sergios, recordatorios del largo y rico pasado de Pula. Las animadas plazas y calles empedradas de la ciudad est\u00e1n repletas de cafeter\u00edas, boutiques locales y mercados al aire libre que le invitan a detenerse y explorar. Por la tarde regreso a Opatija. Cena y alojamiento.<\/p>\n\n\n\n<p>03 DE OCTUBRE OPATIJA \/ PLITVICE (164 KMS)<br>Desayuno y salida hacia Plitvice donde visitaremos el famoso Parque Nacional, Patrimonio de la Humanidad por la UNESCO desde 1979. El parque es una joya natural e hist\u00f3rica de Croacia. Caminar por sus pasarelas de madera permite descubrir un ecosistema \u00fanico. La visita en el parque se hace a pie por las pasarelas y una parte se hace en barco. Al finalizar la visita iremos hacia el hotel en Plitvice. Cena y alojamiento.<br>04 DE OCTUBRE PLITVICE \/ ZADAR \/ \u0160IBENIK \/ SPLIT (301 KMS)<br>Desayuno. Salida hacia la costa croata con la primera parada en Zadar. Ver\u00e1n el casco antiguo que posee una historia muy rica con el foro romano m\u00e1s grande del litoral oriental del Adri\u00e1tico, numerosos monumentos sacros, como la iglesia de San Donato del siglo IX, la Catedral de Santa Anastasia, la calle Kalelarga y las murallas. Pasear\u00e1n tambi\u00e9n por el magn\u00edfico paseo mar\u00edtimo con las famosas instalaciones del \u00d3rgano del Mar y el Saludo al Sol. Despu\u00e9s seguimos hacia Split con una parada en \u0160ibenik. La historia de Dalmacia est\u00e1 escrita en piedra, las calles en las que se desarrolla la vida durante casi mil a\u00f1os y las tres fortalezas: Barone, la Fortaleza de San Juan y la Fortaleza de San Miguel, cuyo escenario de verano convierte cada concierto en un espect\u00e1culo, son solo una<br>obertura de la obra de arte m\u00e1s importante de \u0160ibenik: la Catedral de San Jaime. Tiempo libre en \u0160ibenik y por la tarde llegada a Split. Cena y alojamiento.<\/p>\n\n\n\n<p><\/p>\n\n\n\n<p>5 DE OCTUBRE SPLIT<br>Desayuno y salida para conocer la segunda ciudad m\u00e1s grande en Croacia: Split. Ver\u00e1n el casco antiguo que est\u00e1 incluido en la lista de la Unesco del Patrimonio Cultural de la Humanidad. El Palacio de Diocleciano es un antiguo palacio construido por el emperador romano Diocleciano a finales del siglo III d.C., que hoy forma aproximadamente la mitad del casco antiguo de Split. Durante la visita ver\u00e1n tambi\u00e9n el exterior del templo de J\u00fapiter y de la Catedral San Duje. Tarde libre para disfrutar el ambiente de esta ciudad. Cena y alojamiento.<br>06 DE OCTUBRE SPLIT \/ TROGIR \/ MAKARSKA (142 KMS)<br>Desayuno. Dejamos Split por la ma\u00f1ana para ver la ciudad cercana Trogir, antes de salir en direcci\u00f3n a Makarska. Trogir conserva un casco hist\u00f3rico de estrechas callejuelas, palacios renacentistas y rom\u00e1nticas plazas; es declarada Patrimonio de la Humanidad por la Unesco. La Catedral de San Lorenzo, con su c\u00e9lebre<br>portal rom\u00e1nico, es un s\u00edmbolo de su esplendor art\u00edstico. Por la tarde llegada a la famosa ciudad playera Makarska. Cena y alojamiento.<br>07 DE OCTUBRE MAKARSKA \/ DUBROVNIK (157 KMS)<br>Desayuno y salida al sur de la costa d\u00e1lmata, la perla Dubrovnik. Al llegar subimos al Monte Sr\u0111 en el telef\u00e9rico que ofrece una de las perspectivas m\u00e1s impresionantes de Dubrovnik y su espectacular costa adri\u00e1tica. En la cima les esperan impresionantes vistas panor\u00e1micas del casco antiguo amurallado y el mar resplandeciente. Tarde libre en Dubrovnik. Cena y alojamiento.<\/p>\n\n\n\n<p>08 DE OCTUBRE DUBROVNIK<br>Desayuno. Hoy conocer\u00e1n la ciudad que es uno de los destinos m\u00e1s fascinantes de Croacia y Patrimonio de la Humanidad por la Unesco. Sus imponentes murallas medievales, protegen un casco antiguo lleno de callejuelas empedradas, monasterios, palacios barrocos y plazas que evocan siglos de esplendor. Visitaremos el Palacio del Rector (entrada incluida) y el Monasterio Franciscano (entrada incluida) con la farmacia m\u00e1s antigua del mundo. Durante siglos, la Rep\u00fablica de Ragusa (antigua Dubrovnik) fue un importante centro comercial y cultural, rivalizando con Venecia en poder e influencia. Tarde libre. Cena y alojamiento.<br>09 DE OCTUBRE DUBROVNIK<br>Desayuno. D\u00eda libre en Dubrovnik para recorrer la ciudad, descansar en las instalaciones del hotel. Cena y alojamiento.<\/p>\n\n\n\n<p>10 DE OCTUBRE DUBROVNIK \/ HERCEG NOVI<br>Desayuno. Hoy cruzamos la frontera para llegar a Montenegro. Tras el viaje, llegamos a la ciudad de Herceg Novi, una soleada ciudad costera a la entrada de la hermosa bah\u00eda de Kotor, en Montenegro, conocida por su exuberante vegetaci\u00f3n subtropical, sus calles con terrazas y su relajado ambiente mediterr\u00e1neo. Construida sobre FIN DE NUESTROS SERVICIOSuna empinada ladera, la ciudad se despliega entre escalinatas de piedra, fortalezas hist\u00f3ricas y encantadoras<br>plazas con vistas a aguas turquesas. Cena y alojamiento.<br>11 DE OCTUBRE HERCEG NOVI \/ PERAST \/ BUDVA \/ HERCEG NOVI (109 KMS)<br>Desayuno y salida para conocer la bonita bah\u00eda. Primera parada Perast, una peque\u00f1a y encantadora ciudad en la bah\u00eda de Kotor, famosa por su ambiente sereno, su arquitectura barroca y sus impresionantes vistas al mar. Enclavada entre imponentes monta\u00f1as y aguas tranquilas y cristalinas, la ciudad se siente casi atemporal, con elegantes palacios de piedra, callejuelas estrechas e iglesias hist\u00f3ricas. Uno de los lugares m\u00e1s emblem\u00e1ticos de Perast es el peque\u00f1o<br>islote Nuestra Se\u00f1ora que lo visitaremos en un corto viaje en barco (si las condiciones clim\u00e1ticas lo permiten). M\u00e1s tarde continuamos hacia Budva, ciudad costera del Adri\u00e1tico, conocida por su vibrante vida nocturna, playas de arena y un casco antiguo bien conservado. El centro hist\u00f3rico, encaramado en una peque\u00f1a pen\u00ednsula, es un laberinto de estrechas calles adoquinadas, murallas medievales y encantadoras plazas repletas de caf\u00e9s, boutiques e iglesias antiguas. Regreso a Herceg Novi por la tarde. Cena y alojamiento.<br>12 DE OCTUBRE HERCEG NOVI<br>Desayuno. D\u00eda libre en la ciudad de Herceg Novi para descansar. Cena y alojamiento. <\/p>\n\n\n\n<p>13 DE OCTUBRE HERCEG NOVI \/ DUBROVNIK \/ FRANKFURT<br>Desayuno. Por la ma\u00f1ana check out. A la hora indicada traslado al Aeropuerto Internacional de Dubrovnik para nuestro vuelo de Lufthansa a Ezeiza v\u00eda Frankfurt. Noche a bordo.<br>14 DE OCTUBRE EZEIZA<br>Por la ma\u00f1ana, llegada a Ezeiza<\/p>\n\n\n\n<p>FIN DE NUESTROS SERVICIOS<\/p>\n\n\n\n<p><br><strong>PRECIO POR PERSONA EN BASE DOBLE USD8735<\/strong><\/p>\n\n\n\n<p><\/p>\n\n\n\n<p>CONN<\/p>\n","protected":false},"excerpt":{"rendered":"<p>Ad\u00e8ntrate  en el coraz\u00f3n del Adri\u00e1tico, donde paisajes de monta\u00f1a, costas de aguas cristalinas y ciudades cargadas de historia.<\/p>\n","protected":false},"author":2,"featured_media":155867,"comment_status":"closed","ping_status":"open","sticky":false,"template":"","format":"standard","meta":{"_acf_changed":false,"footnotes":""},"categories":[9,5],"tags":[703,796,797,798,80],"class_list":["post-155865","post","type-post","status-publish","format-standard","has-post-thumbnail","hentry","category-exoticos","category-paquetes","tag-703","tag-croacia","tag-eslovenia","tag-montenegro","tag-salidas-grupales","category-9","category-5","description-off"],"acf":[],"yoast_head":"<!-- This site is optimized with the Yoast SEO plugin v28.4 - https:\/\/yoast.com\/product\/yoast-seo-wordpress\/ -->\n<title>FANTASIAS DE ESLOVENIA, CROACIA Y MONTENEGRO-2026 - Basa<\/title>\n<meta name=\"robots\" content=\"index, follow, max-snippet:-1, max-image-preview:large, max-video-preview:-1\" \/>\n<link rel=\"canonical\" href=\"https:\/\/basaworldtravel.com.ar\/sitio\/2026\/01\/fantasias-de-eslovenia-croacia-y-montenegro-2026\/\" \/>\n<meta property=\"og:locale\" content=\"es_ES\" \/>\n<meta property=\"og:type\" content=\"article\" \/>\n<meta property=\"og:title\" content=\"FANTASIAS DE ESLOVENIA, CROACIA Y MONTENEGRO-2026 - Basa\" \/>\n<meta property=\"og:description\" content=\"Ad\u00e8ntrate en el coraz\u00f3n del Adri\u00e1tico, donde paisajes de monta\u00f1a, costas de aguas cristalinas y ciudades cargadas de historia.\" \/>\n<meta property=\"og:url\" content=\"https:\/\/basaworldtravel.com.ar\/sitio\/2026\/01\/fantasias-de-eslovenia-croacia-y-montenegro-2026\/\" \/>\n<meta property=\"og:site_name\" content=\"Basa\" \/>\n<meta property=\"article:published_time\" content=\"2026-01-23T13:20:53+00:00\" \/>\n<meta property=\"article:modified_time\" content=\"2026-03-02T11:56:58+00:00\" \/>\n<meta property=\"og:image\" content=\"https:\/\/basaworldtravel.com.ar\/sitio\/wp-content\/uploads\/2026\/01\/Dubrovnik3.jpg.webp\" \/>\n\t<meta property=\"og:image:width\" content=\"1280\" \/>\n\t<meta property=\"og:image:height\" content=\"894\" \/>\n\t<meta property=\"og:image:type\" content=\"image\/webp\" \/>\n<meta name=\"author\" content=\"BasaWeb\" \/>\n<meta name=\"twitter:card\" content=\"summary_large_image\" \/>\n<meta name=\"twitter:label1\" content=\"Escrito por\" \/>\n\t<meta name=\"twitter:data1\" content=\"BasaWeb\" \/>\n\t<meta name=\"twitter:label2\" content=\"Tiempo de lectura\" \/>\n\t<meta name=\"twitter:data2\" content=\"12 minutos\" \/>\n<script type=\"application\/ld+json\" class=\"yoast-schema-graph\">{\"@context\":\"https:\\\/\\\/schema.org\",\"@graph\":[{\"@type\":\"Article\",\"@id\":\"https:\\\/\\\/basaworldtravel.com.ar\\\/sitio\\\/2026\\\/01\\\/fantasias-de-eslovenia-croacia-y-montenegro-2026\\\/#article\",\"isPartOf\":{\"@id\":\"https:\\\/\\\/basaworldtravel.com.ar\\\/sitio\\\/2026\\\/01\\\/fantasias-de-eslovenia-croacia-y-montenegro-2026\\\/\"},\"author\":{\"name\":\"BasaWeb\",\"@id\":\"https:\\\/\\\/basaworldtravel.com.ar\\\/sitio\\\/#\\\/schema\\\/person\\\/d89b1d641794d338c41cd3818beabd4c\"},\"headline\":\"FANTASIAS DE ESLOVENIA, CROACIA Y MONTENEGRO-2026\",\"datePublished\":\"2026-01-23T13:20:53+00:00\",\"dateModified\":\"2026-03-02T11:56:58+00:00\",\"mainEntityOfPage\":{\"@id\":\"https:\\\/\\\/basaworldtravel.com.ar\\\/sitio\\\/2026\\\/01\\\/fantasias-de-eslovenia-croacia-y-montenegro-2026\\\/\"},\"wordCount\":2501,\"image\":{\"@id\":\"https:\\\/\\\/basaworldtravel.com.ar\\\/sitio\\\/2026\\\/01\\\/fantasias-de-eslovenia-croacia-y-montenegro-2026\\\/#primaryimage\"},\"thumbnailUrl\":\"https:\\\/\\\/basaworldtravel.com.ar\\\/sitio\\\/wp-content\\\/uploads\\\/2026\\\/01\\\/Dubrovnik3.jpg.webp\",\"keywords\":[\"2026\",\"CROACIA\",\"ESLOVENIA\",\"MONTENEGRO\",\"SALIDAS GRUPALES\"],\"articleSection\":[\"Exoticos\",\"Paquetes\"],\"inLanguage\":\"es\"},{\"@type\":\"WebPage\",\"@id\":\"https:\\\/\\\/basaworldtravel.com.ar\\\/sitio\\\/2026\\\/01\\\/fantasias-de-eslovenia-croacia-y-montenegro-2026\\\/\",\"url\":\"https:\\\/\\\/basaworldtravel.com.ar\\\/sitio\\\/2026\\\/01\\\/fantasias-de-eslovenia-croacia-y-montenegro-2026\\\/\",\"name\":\"FANTASIAS DE ESLOVENIA, CROACIA Y MONTENEGRO-2026 - Basa\",\"isPartOf\":{\"@id\":\"https:\\\/\\\/basaworldtravel.com.ar\\\/sitio\\\/#website\"},\"primaryImageOfPage\":{\"@id\":\"https:\\\/\\\/basaworldtravel.com.ar\\\/sitio\\\/2026\\\/01\\\/fantasias-de-eslovenia-croacia-y-montenegro-2026\\\/#primaryimage\"},\"image\":{\"@id\":\"https:\\\/\\\/basaworldtravel.com.ar\\\/sitio\\\/2026\\\/01\\\/fantasias-de-eslovenia-croacia-y-montenegro-2026\\\/#primaryimage\"},\"thumbnailUrl\":\"https:\\\/\\\/basaworldtravel.com.ar\\\/sitio\\\/wp-content\\\/uploads\\\/2026\\\/01\\\/Dubrovnik3.jpg.webp\",\"datePublished\":\"2026-01-23T13:20:53+00:00\",\"dateModified\":\"2026-03-02T11:56:58+00:00\",\"author\":{\"@id\":\"https:\\\/\\\/basaworldtravel.com.ar\\\/sitio\\\/#\\\/schema\\\/person\\\/d89b1d641794d338c41cd3818beabd4c\"},\"breadcrumb\":{\"@id\":\"https:\\\/\\\/basaworldtravel.com.ar\\\/sitio\\\/2026\\\/01\\\/fantasias-de-eslovenia-croacia-y-montenegro-2026\\\/#breadcrumb\"},\"inLanguage\":\"es\",\"potentialAction\":[{\"@type\":\"ReadAction\",\"target\":[\"https:\\\/\\\/basaworldtravel.com.ar\\\/sitio\\\/2026\\\/01\\\/fantasias-de-eslovenia-croacia-y-montenegro-2026\\\/\"]}]},{\"@type\":\"ImageObject\",\"inLanguage\":\"es\",\"@id\":\"https:\\\/\\\/basaworldtravel.com.ar\\\/sitio\\\/2026\\\/01\\\/fantasias-de-eslovenia-croacia-y-montenegro-2026\\\/#primaryimage\",\"url\":\"https:\\\/\\\/basaworldtravel.com.ar\\\/sitio\\\/wp-content\\\/uploads\\\/2026\\\/01\\\/Dubrovnik3.jpg.webp\",\"contentUrl\":\"https:\\\/\\\/basaworldtravel.com.ar\\\/sitio\\\/wp-content\\\/uploads\\\/2026\\\/01\\\/Dubrovnik3.jpg.webp\",\"width\":1280,\"height\":894},{\"@type\":\"BreadcrumbList\",\"@id\":\"https:\\\/\\\/basaworldtravel.com.ar\\\/sitio\\\/2026\\\/01\\\/fantasias-de-eslovenia-croacia-y-montenegro-2026\\\/#breadcrumb\",\"itemListElement\":[{\"@type\":\"ListItem\",\"position\":1,\"name\":\"Portada\",\"item\":\"https:\\\/\\\/basaworldtravel.com.ar\\\/sitio\\\/\"},{\"@type\":\"ListItem\",\"position\":2,\"name\":\"FANTASIAS DE ESLOVENIA, CROACIA Y MONTENEGRO-2026\"}]},{\"@type\":\"WebSite\",\"@id\":\"https:\\\/\\\/basaworldtravel.com.ar\\\/sitio\\\/#website\",\"url\":\"https:\\\/\\\/basaworldtravel.com.ar\\\/sitio\\\/\",\"name\":\"Basa\",\"description\":\"World Travel\",\"potentialAction\":[{\"@type\":\"SearchAction\",\"target\":{\"@type\":\"EntryPoint\",\"urlTemplate\":\"https:\\\/\\\/basaworldtravel.com.ar\\\/sitio\\\/?s={search_term_string}\"},\"query-input\":{\"@type\":\"PropertyValueSpecification\",\"valueRequired\":true,\"valueName\":\"search_term_string\"}}],\"inLanguage\":\"es\"},{\"@type\":\"Person\",\"@id\":\"https:\\\/\\\/basaworldtravel.com.ar\\\/sitio\\\/#\\\/schema\\\/person\\\/d89b1d641794d338c41cd3818beabd4c\",\"name\":\"BasaWeb\",\"image\":{\"@type\":\"ImageObject\",\"inLanguage\":\"es\",\"@id\":\"https:\\\/\\\/secure.gravatar.com\\\/avatar\\\/13e699648957af0aba903942fee2a1fc533d92bcd43fcf375a4df1edc2708698?s=96&d=mm&r=g\",\"url\":\"https:\\\/\\\/secure.gravatar.com\\\/avatar\\\/13e699648957af0aba903942fee2a1fc533d92bcd43fcf375a4df1edc2708698?s=96&d=mm&r=g\",\"contentUrl\":\"https:\\\/\\\/secure.gravatar.com\\\/avatar\\\/13e699648957af0aba903942fee2a1fc533d92bcd43fcf375a4df1edc2708698?s=96&d=mm&r=g\",\"caption\":\"BasaWeb\"},\"url\":\"https:\\\/\\\/basaworldtravel.com.ar\\\/sitio\\\/author\\\/basaweb\\\/\"}]}<\/script>\n<!-- \/ Yoast SEO plugin. -->","yoast_head_json":{"title":"FANTASIAS DE ESLOVENIA, CROACIA Y MONTENEGRO-2026 - Basa","robots":{"index":"index","follow":"follow","max-snippet":"max-snippet:-1","max-image-preview":"max-image-preview:large","max-video-preview":"max-video-preview:-1"},"canonical":"https:\/\/basaworldtravel.com.ar\/sitio\/2026\/01\/fantasias-de-eslovenia-croacia-y-montenegro-2026\/","og_locale":"es_ES","og_type":"article","og_title":"FANTASIAS DE ESLOVENIA, CROACIA Y MONTENEGRO-2026 - Basa","og_description":"Ad\u00e8ntrate en el coraz\u00f3n del Adri\u00e1tico, donde paisajes de monta\u00f1a, costas de aguas cristalinas y ciudades cargadas de historia.","og_url":"https:\/\/basaworldtravel.com.ar\/sitio\/2026\/01\/fantasias-de-eslovenia-croacia-y-montenegro-2026\/","og_site_name":"Basa","article_published_time":"2026-01-23T13:20:53+00:00","article_modified_time":"2026-03-02T11:56:58+00:00","og_image":[{"width":1280,"height":894,"url":"https:\/\/basaworldtravel.com.ar\/sitio\/wp-content\/uploads\/2026\/01\/Dubrovnik3.jpg.webp","type":"image\/webp"}],"author":"BasaWeb","twitter_card":"summary_large_image","twitter_misc":{"Escrito por":"BasaWeb","Tiempo de lectura":"12 minutos"},"schema":{"@context":"https:\/\/schema.org","@graph":[{"@type":"Article","@id":"https:\/\/basaworldtravel.com.ar\/sitio\/2026\/01\/fantasias-de-eslovenia-croacia-y-montenegro-2026\/#article","isPartOf":{"@id":"https:\/\/basaworldtravel.com.ar\/sitio\/2026\/01\/fantasias-de-eslovenia-croacia-y-montenegro-2026\/"},"author":{"name":"BasaWeb","@id":"https:\/\/basaworldtravel.com.ar\/sitio\/#\/schema\/person\/d89b1d641794d338c41cd3818beabd4c"},"headline":"FANTASIAS DE ESLOVENIA, CROACIA Y MONTENEGRO-2026","datePublished":"2026-01-23T13:20:53+00:00","dateModified":"2026-03-02T11:56:58+00:00","mainEntityOfPage":{"@id":"https:\/\/basaworldtravel.com.ar\/sitio\/2026\/01\/fantasias-de-eslovenia-croacia-y-montenegro-2026\/"},"wordCount":2501,"image":{"@id":"https:\/\/basaworldtravel.com.ar\/sitio\/2026\/01\/fantasias-de-eslovenia-croacia-y-montenegro-2026\/#primaryimage"},"thumbnailUrl":"https:\/\/basaworldtravel.com.ar\/sitio\/wp-content\/uploads\/2026\/01\/Dubrovnik3.jpg.webp","keywords":["2026","CROACIA","ESLOVENIA","MONTENEGRO","SALIDAS GRUPALES"],"articleSection":["Exoticos","Paquetes"],"inLanguage":"es"},{"@type":"WebPage","@id":"https:\/\/basaworldtravel.com.ar\/sitio\/2026\/01\/fantasias-de-eslovenia-croacia-y-montenegro-2026\/","url":"https:\/\/basaworldtravel.com.ar\/sitio\/2026\/01\/fantasias-de-eslovenia-croacia-y-montenegro-2026\/","name":"FANTASIAS DE ESLOVENIA, CROACIA Y MONTENEGRO-2026 - Basa","isPartOf":{"@id":"https:\/\/basaworldtravel.com.ar\/sitio\/#website"},"primaryImageOfPage":{"@id":"https:\/\/basaworldtravel.com.ar\/sitio\/2026\/01\/fantasias-de-eslovenia-croacia-y-montenegro-2026\/#primaryimage"},"image":{"@id":"https:\/\/basaworldtravel.com.ar\/sitio\/2026\/01\/fantasias-de-eslovenia-croacia-y-montenegro-2026\/#primaryimage"},"thumbnailUrl":"https:\/\/basaworldtravel.com.ar\/sitio\/wp-content\/uploads\/2026\/01\/Dubrovnik3.jpg.webp","datePublished":"2026-01-23T13:20:53+00:00","dateModified":"2026-03-02T11:56:58+00:00","author":{"@id":"https:\/\/basaworldtravel.com.ar\/sitio\/#\/schema\/person\/d89b1d641794d338c41cd3818beabd4c"},"breadcrumb":{"@id":"https:\/\/basaworldtravel.com.ar\/sitio\/2026\/01\/fantasias-de-eslovenia-croacia-y-montenegro-2026\/#breadcrumb"},"inLanguage":"es","potentialAction":[{"@type":"ReadAction","target":["https:\/\/basaworldtravel.com.ar\/sitio\/2026\/01\/fantasias-de-eslovenia-croacia-y-montenegro-2026\/"]}]},{"@type":"ImageObject","inLanguage":"es","@id":"https:\/\/basaworldtravel.com.ar\/sitio\/2026\/01\/fantasias-de-eslovenia-croacia-y-montenegro-2026\/#primaryimage","url":"https:\/\/basaworldtravel.com.ar\/sitio\/wp-content\/uploads\/2026\/01\/Dubrovnik3.jpg.webp","contentUrl":"https:\/\/basaworldtravel.com.ar\/sitio\/wp-content\/uploads\/2026\/01\/Dubrovnik3.jpg.webp","width":1280,"height":894},{"@type":"BreadcrumbList","@id":"https:\/\/basaworldtravel.com.ar\/sitio\/2026\/01\/fantasias-de-eslovenia-croacia-y-montenegro-2026\/#breadcrumb","itemListElement":[{"@type":"ListItem","position":1,"name":"Portada","item":"https:\/\/basaworldtravel.com.ar\/sitio\/"},{"@type":"ListItem","position":2,"name":"FANTASIAS DE ESLOVENIA, CROACIA Y MONTENEGRO-2026"}]},{"@type":"WebSite","@id":"https:\/\/basaworldtravel.com.ar\/sitio\/#website","url":"https:\/\/basaworldtravel.com.ar\/sitio\/","name":"Basa","description":"World Travel","potentialAction":[{"@type":"SearchAction","target":{"@type":"EntryPoint","urlTemplate":"https:\/\/basaworldtravel.com.ar\/sitio\/?s={search_term_string}"},"query-input":{"@type":"PropertyValueSpecification","valueRequired":true,"valueName":"search_term_string"}}],"inLanguage":"es"},{"@type":"Person","@id":"https:\/\/basaworldtravel.com.ar\/sitio\/#\/schema\/person\/d89b1d641794d338c41cd3818beabd4c","name":"BasaWeb","image":{"@type":"ImageObject","inLanguage":"es","@id":"https:\/\/secure.gravatar.com\/avatar\/13e699648957af0aba903942fee2a1fc533d92bcd43fcf375a4df1edc2708698?s=96&d=mm&r=g","url":"https:\/\/secure.gravatar.com\/avatar\/13e699648957af0aba903942fee2a1fc533d92bcd43fcf375a4df1edc2708698?s=96&d=mm&r=g","contentUrl":"https:\/\/secure.gravatar.com\/avatar\/13e699648957af0aba903942fee2a1fc533d92bcd43fcf375a4df1edc2708698?s=96&d=mm&r=g","caption":"BasaWeb"},"url":"https:\/\/basaworldtravel.com.ar\/sitio\/author\/basaweb\/"}]}},"_links":{"self":[{"href":"https:\/\/basaworldtravel.com.ar\/sitio\/wp-json\/wp\/v2\/posts\/155865","targetHints":{"allow":["GET"]}}],"collection":[{"href":"https:\/\/basaworldtravel.com.ar\/sitio\/wp-json\/wp\/v2\/posts"}],"about":[{"href":"https:\/\/basaworldtravel.com.ar\/sitio\/wp-json\/wp\/v2\/types\/post"}],"author":[{"embeddable":true,"href":"https:\/\/basaworldtravel.com.ar\/sitio\/wp-json\/wp\/v2\/users\/2"}],"replies":[{"embeddable":true,"href":"https:\/\/basaworldtravel.com.ar\/sitio\/wp-json\/wp\/v2\/comments?post=155865"}],"version-history":[{"count":2,"href":"https:\/\/basaworldtravel.com.ar\/sitio\/wp-json\/wp\/v2\/posts\/155865\/revisions"}],"predecessor-version":[{"id":156030,"href":"https:\/\/basaworldtravel.com.ar\/sitio\/wp-json\/wp\/v2\/posts\/155865\/revisions\/156030"}],"wp:featuredmedia":[{"embeddable":true,"href":"https:\/\/basaworldtravel.com.ar\/sitio\/wp-json\/wp\/v2\/media\/155867"}],"wp:attachment":[{"href":"https:\/\/basaworldtravel.com.ar\/sitio\/wp-json\/wp\/v2\/media?parent=155865"}],"wp:term":[{"taxonomy":"category","embeddable":true,"href":"https:\/\/basaworldtravel.com.ar\/sitio\/wp-json\/wp\/v2\/categories?post=155865"},{"taxonomy":"post_tag","embeddable":true,"href":"https:\/\/basaworldtravel.com.ar\/sitio\/wp-json\/wp\/v2\/tags?post=155865"}],"curies":[{"name":"wp","href":"https:\/\/api.w.org\/{rel}","templated":true}]}}