{"id":155779,"date":"2026-08-24T12:51:36","date_gmt":"2026-08-24T15:51:36","guid":{"rendered":"https:\/\/basaworldtravel.com.ar\/?p=155779"},"modified":"2026-08-24T13:21:05","modified_gmt":"2026-08-24T16:21:05","slug":"aromas-de-colombia-2027","status":"publish","type":"post","link":"https:\/\/basaworldtravel.com.ar\/sitio\/2026\/08\/aromas-de-colombia-2027\/","title":{"rendered":"Aromas de Colombia -2027"},"content":{"rendered":"\n<p>Salida 04 de mayo 2027<\/p>\n\n\n\n<p><strong>Salida grupal acompa\u00f1ada desde Cordoba<\/strong><\/p>\n\n\n\n<p><\/p>\n\n\n\n<ul class=\"wp-block-list\">\n<li>Origen C\u00f3rdoba<\/li>\n\n\n\n<li>Alojamiento 12 noches<\/li>\n\n\n\n<li>R\u00e9gimen Seg\u00fan itinerario<\/li>\n<\/ul>\n\n\n\n<p><strong>Incluidos<\/strong><\/p>\n\n\n\n<ul class=\"wp-block-list\">\n<li><ul><li>12 noches de alojamiento con desayuno (All inclusive en Isla Baru): 3 en Medell\u00edn, 3 en Bogot\u00e1, 2 en Cartagena y 4 en Isla Bar\u00fa.<\/li><\/ul><\/li>\n\n\n\n<li><ul><li>Asistencia al viajero para pasajeros de hasta 70 a\u00f1os. Pasajeros de entre 71 y 85 a\u00f1os abonan USD 60 adicionales. Pasajeros de 86 a\u00f1os en adelante abonan USD 90&nbsp; adicionales.&nbsp;<a href=\"https:\/\/www.jazzoperador.tur.ar\/wp-content\/uploads\/2023\/08\/Excellence-Jazz.pdf\"><strong>(VER DETALLE)<\/strong><\/a><\/li><\/ul>\n<ul class=\"wp-block-list\">\n<li>Traslados, visitas y excursiones seg\u00fan itinerario.<\/li>\n\n\n\n<li>Coordinador permanente.<\/li>\n\n\n\n<li>Kit de viaje: ri\u00f1onera, marbete y guia de viaje.<\/li>\n\n\n\n<li>Souvenir de bienvenida en destino.<\/li>\n<\/ul>\n<\/li>\n<\/ul>\n\n\n\n<p><\/p>\n\n\n\n<ul class=\"wp-block-list\">\n<li><strong>No Incluido<\/strong>\n<ul class=\"wp-block-list\">\n<li>Gastos personales.<\/li>\n\n\n\n<li>Tarifa Unificada de Uso de Aeropuerto (TUUA) del aeropuerto internacional de Lima, cuyo valor es USD 11,86 por persona. Se puede pagar en el aeropuerto, o en su web: https:\/\/www.lima-airport.com\/<\/li>\n\n\n\n<li>Comidas y bebidas no especificadas en el programa.<\/li>\n\n\n\n<li>Early check in por horario de llegada de vuelo.<\/li>\n\n\n\n<li>Propinas a gu\u00edas, camaristas, maleteros y choferes sugeridas USD 5 por d\u00eda, aproximadamente, seg\u00fan itinerario.<\/li>\n\n\n\n<li>Cualquier otro servicio no especificado en el programa o en \u201cservicios incluidos\u201d<\/li>\n<\/ul>\n<\/li>\n<\/ul>\n\n\n\n<p class=\"has-accent-color has-text-color has-link-color wp-elements-7891fb0a52fe2b846c22c84699a01e89\"><strong>El pasajero deber\u00e1 abonar la Tarifa Unificada de Uso de Aeropuerto (TUUA) del aeropuerto internacional de Lima, cuyo valor es USD 11,86 por persona. Se puede pagar en el aeropuerto, o en su web: https:\/\/www.lima-airport.com\/<\/strong><\/p>\n\n\n\n<p><strong>HOTELES PREVISTOS<\/strong><\/p>\n\n\n\n<p><strong>Los hoteles se confirman al momento de entregar los vouchers. Leer m\u00e1s en Condiciones Generales.<\/strong><\/p>\n\n\n\n<figure class=\"wp-block-table\"><table class=\"has-fixed-layout\"><tbody><tr><td class=\"has-text-align-center\" data-align=\"center\"><strong>Destino<\/strong><\/td><td class=\"has-text-align-center\" data-align=\"center\"><strong>Noches<\/strong><\/td><td class=\"has-text-align-center\" data-align=\"center\"><strong>Hoteles<\/strong><\/td><\/tr><tr><td class=\"has-text-align-center\" data-align=\"center\">BOGOT\u00c1<\/td><td class=\"has-text-align-center\" data-align=\"center\">3<\/td><td class=\"has-text-align-center\" data-align=\"center\">BEST WESTERN PLUS 93 PARK o SIMILAR<\/td><\/tr><tr><td class=\"has-text-align-center\" data-align=\"center\">MEDELL\u00cdN<\/td><td class=\"has-text-align-center\" data-align=\"center\">3<\/td><td class=\"has-text-align-center\" data-align=\"center\">FARANDA COLLECTION MEDELL\u00cdN o SIMILAR<\/td><\/tr><tr><td class=\"has-text-align-center\" data-align=\"center\">CARTAGENA<\/td><td class=\"has-text-align-center\" data-align=\"center\">2<\/td><td class=\"has-text-align-center\" data-align=\"center\">NACAR HOTEL CARTAGENA o SIMILAR<\/td><\/tr><tr><td class=\"has-text-align-center\" data-align=\"center\">BAR\u00da<\/td><td class=\"has-text-align-center\" data-align=\"center\">4<\/td><td class=\"has-text-align-center\" data-align=\"center\">DECAMERON BARU<\/td><\/tr><\/tbody><\/table><\/figure>\n\n\n\n<h5 class=\"wp-block-heading\"><strong>Hoteles previstos o similares:<\/strong><\/h5>\n\n\n\n<p><strong>Los hoteles se confirman al momento de entregar los vouchers. Leer m\u00e1s en Condiciones Generales.<\/strong><\/p>\n\n\n\n<figure class=\"wp-block-table\"><table class=\"has-fixed-layout\"><tbody><tr><td class=\"has-text-align-center\" data-align=\"center\"><strong>Destino<\/strong><\/td><td class=\"has-text-align-center\" data-align=\"center\"><strong>Noches<\/strong><\/td><td class=\"has-text-align-center\" data-align=\"center\"><strong>Hoteles<\/strong><\/td><\/tr><tr><td class=\"has-text-align-center\" data-align=\"center\">BOGOT\u00c1<\/td><td class=\"has-text-align-center\" data-align=\"center\">3<\/td><td class=\"has-text-align-center\" data-align=\"center\">BEST WESTERN PLUS 93 PARK o SIMILAR<\/td><\/tr><tr><td class=\"has-text-align-center\" data-align=\"center\">MEDELL\u00cdN<\/td><td class=\"has-text-align-center\" data-align=\"center\">3<\/td><td class=\"has-text-align-center\" data-align=\"center\">FARANDA COLLECTION MEDELL\u00cdN o SIMILAR<\/td><\/tr><tr><td class=\"has-text-align-center\" data-align=\"center\">CARTAGENA<\/td><td class=\"has-text-align-center\" data-align=\"center\">2<\/td><td class=\"has-text-align-center\" data-align=\"center\">NACAR HOTEL CARTAGENA o SIMILAR<\/td><\/tr><tr><td class=\"has-text-align-center\" data-align=\"center\">BAR\u00da<\/td><td class=\"has-text-align-center\" data-align=\"center\">4<\/td><td class=\"has-text-align-center\" data-align=\"center\">DECAMERON BARU<\/td><\/tr><\/tbody><\/table><\/figure>\n\n\n\n<p><strong>Excursiones opcionales<br><\/strong><br><strong>CARTAGENA<br><\/strong>RUMBA EN CHIVA  Aborde en el Parque la Marina en Cartagena, nuestras coloridas y t\u00edpicas chivas y disfrute el encanto coqueto y embrujador de un<br>fascinante recorrido nocturno por el Corralito de Piedra, acompa\u00f1ado de un conjunto vallenato que lo deleitar\u00e1 durante la noche, degustando nuestro tradicional Ron de Anta\u00f1o. En esta gira se incluye una parada para saborear los exquisitos fritos t\u00edpicos cartageneros con el aut\u00e9ntico sabor coste\u00f1o.<br>El tour finalizar\u00e1 en una de las m\u00e1s reconocidas discotecas de la ciudad.  USD20 POR PERSONA <br><br><strong>MEDELL\u00cdN<\/strong><br>CAFETAL   Podr\u00e1n conocer el proceso de elaboraci\u00f3n del caf\u00e9 a solo unos kil\u00f3metros de la ciudad de Medell\u00edn. USD 75 POR PERSONA <\/p>\n\n\n\n<p><\/p>\n\n\n\n<p><strong>ITINERARIO TENTATIVO<\/strong><\/p>\n\n\n\n<p>1 C\u00d3RDOBA \/ LIMA \/ MEDELLIN<\/p>\n\n\n\n<p>A la hora establecida, presentaci\u00f3n en el Aeropuerto Internacional Ingeniero Ambrosio Taravella de la Ciudad de C\u00f3rdoba y luego de tr\u00e1mites migratorios, partida en vuelo internacional de LATAM AIRLINES con destino final Medell\u00edn v\u00eda Lima. Recepci\u00f3n y traslado del aeropuerto Jos\u00e9 Maria Cordova al hotel. Alojamiento.<\/p>\n\n\n\n<p>2 MEDELL\u00cdN (Desayuno)<\/p>\n\n\n\n<p>Desayuno en el hotel. A la hora acordada visita a la capital antioque\u00f1a, ciudad de la eterna primavera, una tierra de gente alegre, amable y de buen humor con arraigadas costumbres; impresionantes paisajes verdes a sus alrededores y hermosos atardeceres que hacen de la ciudad el destino ideal. Comenzaremos un recorrido panor\u00e1mico en el que apreciar\u00e1 algunos lugares tur\u00edsticos de Medell\u00edn, como el barrio poblado centro financiero, hotelero y comercial, cerro Nutibara en cuya cima se encuentra una r\u00e9plica de un t\u00edpico pueblo antioque\u00f1o, jard\u00edn bot\u00e1nico, parque explora, parque de los deseos, parque de los pies descalzos, catedral metropolitana y la plaza botero donde se encuentran 23 esculturas en bronce al aire libre del maestro colombiano Fernando Botero. Adem\u00e1s, disfrutaremos de un recorrido en el sistema masivo de transporte p\u00fablico metro de Medell\u00edn. Al final regreso a su hotel.<\/p>\n\n\n\n<p>3 MEDELL\u00cdN (Desayuno)<\/p>\n\n\n\n<p>Desayuno en el hotel. En la ma\u00f1ana comenzaremos un recorrido hacia el oriente del departamento. La ruta pasa por poblaciones como Marinilla, donde encontramos construcciones coloniales y una ferviente tradici\u00f3n religiosa; y por el Nuevo Pe\u00f1ol, un municipio que reemplaz\u00f3 al antiguo Pe\u00f1ol que fue inundado para construir el embalse Pe\u00f1ol \u2013 Guatap\u00e9, a finales de la d\u00e9cada de 1970. Conoceremos la Piedra del Pe\u00f1ol, una roca de 220 metros de altura, visitaremos el municipio de Guatap\u00e9, donde se destacan z\u00f3calos y fachadas del siglo XX en las casas, adem\u00e1s del malec\u00f3n del embalse. Regreso a Medell\u00edn y alojamiento.<\/p>\n\n\n\n<p>4 MEDELL\u00cdN \/ BOGOTA (Desayuno)<\/p>\n\n\n\n<p>Desayuno en el hotel. Traslado al aeropuerto para tomar el vuelo de salida con destino a la capital colombiana. Llegada, recepci\u00f3n y traslado al hotel. Alojamiento.<\/p>\n\n\n\n<p>5 BOGOTA (Desayuno)<\/p>\n\n\n\n<p>Desayuno en el hotel. A continuaci\u00f3n recorreremos el centro hist\u00f3rico de Bogot\u00e1, donde se inicia un recorrido peatonal por la Plaza de Bol\u00edvar y las calles cercanas, donde se ven edificios como el Capitolio Nacional, centro de la vida legislativa del pa\u00eds; La Casa de los Comuneros; la Casa de Nari\u00f1o, sede de la Presidencia de la Rep\u00fablica; y visita panor\u00e1mica de la Iglesia Museo de Santa Clara. Entrar\u00e1 al Museo del Oro, donde hay unas 34.000 piezas de orfebrer\u00eda de diversas culturas prehisp\u00e1nicas. La ruta sigue de los 2.600 metros sobre el nivel del mar de la ciudad hasta los 3.152 metros, all\u00ed est\u00e1 el santuario donde se venera la imagen del Se\u00f1or Ca\u00eddo de Monserrate. Desde all\u00ed se aprecia la mejor panor\u00e1mica de Bogot\u00e1. Regreso al hotel y alojamiento.<\/p>\n\n\n\n<p>6 BOGOT\u00c1 (Desayuno)<\/p>\n\n\n\n<p>Desayuno en el hotel. A la hora acordada iniciaremos un recorrido por la sabana de Bogot\u00e1 hasta llegar a Zipaquir\u00e1, cuyo nombre significa \u201cciudad de nuestro Padre\u201d en lengua chibcha. En \u00e9pocas precolombinas, en esta regi\u00f3n se explotaban manantiales salinos para producir \u2018panes de sal\u2019, moneda fuerte con la que comerciaban los muiscas. Con el tiempo, la tecnolog\u00eda cambi\u00f3 y se empezaron a abrir socavones para extraer mayores cantidades de sal. En esas antiguas galer\u00edas subterr\u00e1neas se erige la Catedral de Sal de Zipaquir\u00e1, 180 metros bajo la superficie. All\u00ed hay una peque\u00f1a capilla de los mineros en homenaje a la Virgen, Nuestra Se\u00f1ora del Rosario de Guas\u00e1. Al final de la visita regres\u00f3 a Bogot\u00e1, al hotel y alojamiento.<\/p>\n\n\n\n<p>7 BOGOT\u00c1 \/ CARTAGENA (Desayuno)<\/p>\n\n\n\n<p>Desayuno en el hotel. Traslado al aeropuerto para tomar el vuelo de salida con destino a la Ciudad de Cartagena. Llegada, recepci\u00f3n y traslado al hotel. Alojamiento.<\/p>\n\n\n\n<p>8 CARTAGENA (Desayuno)<\/p>\n\n\n\n<p>Desayuno en el hotel. A la hora acordada comenzaremos un recorrido panor\u00e1mico por Cartagena de Indias. Durante el circuito pasar\u00e1 por el \u00e1rea moderna de Bocagrande y el barrio de Manga, donde se ven casonas antiguas de inicios del siglo XX. Luego se visitar\u00e1 el Castillo de San Felipe de Barajas, con el que los espa\u00f1oles buscaban defenderse de los ataques ingleses en el siglo XVII. Continuamos con una breve caminata por el centro hist\u00f3rico de esta hermosa ciudad, la plaza de San Pedro Claver (La visita de la Iglesia depende si esta se encuentra abierta), se finaliza el recorrido visitando el Museo de la Esmeralda. Vuelta al hotel y resto del d\u00eda libre. Alojamiento.<\/p>\n\n\n\n<p>9 CARTAGENA \/ ISLA BAR\u00da (All inclusive)<\/p>\n\n\n\n<p>Desayuno. A la hora indicada traslado al hotel en isla Bar\u00fa.<\/p>\n\n\n\n<p>10 ISLA BAR\u00da (All inclusive)<\/p>\n\n\n\n<p>D\u00eda libre para disfrutar de las instalaciones del hotel y las playas.<\/p>\n\n\n\n<p>11 ISLA BAR\u00da (All inclusive)<\/p>\n\n\n\n<p>D\u00eda libre para disfrutar de las instalaciones del hotel y las playas.<\/p>\n\n\n\n<p>12 ISLA BAR\u00da (All inclusive)<\/p>\n\n\n\n<p>D\u00eda libre para disfrutar de las instalaciones del hotel y las playas.<\/p>\n\n\n\n<p>13 ISLA BAR\u00da \/ C\u00d3RDOBA (Vuelo)<\/p>\n\n\n\n<p>Desayuno. A la hora indicada traslado desde el hotel a la ciudad de Cartagena para tomar vuelo a la Ciudad de C\u00f3rdoba, con conexi\u00f3n en la ciudad de Lima. Noche a bordo.<\/p>\n\n\n\n<p>14 C\u00d3RDOBA<\/p>\n\n\n\n<p>Arribo al Aeropuerto Internacional Ingeniero Ambrosio Taravella de la Ciudad de C\u00f3rdoba.&nbsp;<strong>FIN DE NUESTROS SERVICIOS<\/strong><\/p>\n\n\n\n<p><\/p>\n\n\n\n<p><strong>USD4100 POR PERSONA EN BASE DOBLE<\/strong><\/p>\n\n\n\n<p>(*) Los importes correspondientes a la percepci\u00f3n a cuenta del impuesto a las ganancias o bienes personales seg\u00fan R.G. 5.617\/24 son NETOS, a modo informativo, sugeridos, aproximados y estimativos. El importe definitivo a ser declarado por el agente de percepci\u00f3n correspondiente a dicho impuesto y a la mencionada percepci\u00f3n est\u00e1n sujetos a cambios sin previo aviso a partir del momento en el cual se cierre el grupo y cuando se disponga del rooming list final de la salida grupal en cuesti\u00f3n. &nbsp;<\/p>\n\n\n\n<p><strong>T\u00c9RMINOS&nbsp;Y CONDICIONES<\/strong><\/p>\n\n\n\n<p>Tarifas en d\u00f3lares por persona, sujetas a cambios sin previo aviso y a disponibilidad al momento de la confirmaci\u00f3n de la reserva. Conozca nuestra financiaci\u00f3n. Tarifas no incluyen: gastos de reserva, gastos administrativos e impuesto R.G. 5.617\/24. Cupos a\u00e9reos una vez reservados y confirmados no se permiten cambios ni devoluciones. Pago en pesos al cambio del d\u00eda de referencia de la empresa al momento de realizar el pago total de los servicios.&nbsp;INFORMACI\u00d3N EXCLUSIVA PARA AGENCIAS DE VIAJES.<\/p>\n\n\n\n<p><\/p>\n\n\n\n<p><strong>PRECIOS POR PERSONA EN BASE DOBLE<\/strong><\/p>\n\n\n\n<p><a href=\"https:\/\/jazzoperador.tur.ar\/wp-content\/uploads\/2024\/11\/Condiciones-generales-2025.pdf\" target=\"_blank\" rel=\"noreferrer noopener\"><strong>Ver condiciones generales de salidas grupales haciendo Click&nbsp;<\/strong>Aqu\u00ed<\/a><\/p>\n\n\n\n<p><\/p>\n","protected":false},"excerpt":{"rendered":"<p>De las monta\u00f1as de Medell\u00edn y Bogot\u00e1, al encanto de Cartagena y las aguas turquesa de Isla Bar\u00fa. As\u00ed se vive Colombia.<\/p>\n","protected":false},"author":2,"featured_media":155783,"comment_status":"closed","ping_status":"open","sticky":false,"template":"","format":"standard","meta":{"_acf_changed":false,"footnotes":""},"categories":[8,5,871],"tags":[853,792,81,29,30,83,121,80],"class_list":["post-155779","post","type-post","status-publish","format-standard","has-post-thumbnail","hentry","category-caribe","category-paquetes","category-salidas-grupales","tag-853","tag-baru","tag-bogota","tag-cartagena","tag-colombia","tag-medellin","tag-playa","tag-salidas-grupales","category-8","category-5","category-871","description-off"],"acf":[],"yoast_head":"<!-- This site is optimized with the Yoast SEO plugin v28.4 - https:\/\/yoast.com\/product\/yoast-seo-wordpress\/ -->\n<title>Aromas de Colombia -2027 - Basa<\/title>\n<meta name=\"robots\" content=\"index, follow, max-snippet:-1, max-image-preview:large, max-video-preview:-1\" \/>\n<link rel=\"canonical\" href=\"https:\/\/basaworldtravel.com.ar\/sitio\/2026\/08\/aromas-de-colombia-2027\/\" \/>\n<meta property=\"og:locale\" content=\"es_ES\" \/>\n<meta property=\"og:type\" content=\"article\" \/>\n<meta property=\"og:title\" content=\"Aromas de Colombia -2027 - Basa\" \/>\n<meta property=\"og:description\" content=\"De las monta\u00f1as de Medell\u00edn y Bogot\u00e1, al encanto de Cartagena y las aguas turquesa de Isla Bar\u00fa. As\u00ed se vive Colombia.\" \/>\n<meta property=\"og:url\" content=\"https:\/\/basaworldtravel.com.ar\/sitio\/2026\/08\/aromas-de-colombia-2027\/\" \/>\n<meta property=\"og:site_name\" content=\"Basa\" \/>\n<meta property=\"article:published_time\" content=\"2026-08-24T15:51:36+00:00\" \/>\n<meta property=\"article:modified_time\" content=\"2026-08-24T16:21:05+00:00\" \/>\n<meta property=\"og:image\" content=\"https:\/\/basaworldtravel.com.ar\/sitio\/wp-content\/uploads\/2026\/01\/playa-blanca-baru.jpg\" \/>\n\t<meta property=\"og:image:width\" content=\"1000\" \/>\n\t<meta property=\"og:image:height\" content=\"499\" \/>\n\t<meta property=\"og:image:type\" content=\"image\/jpeg\" \/>\n<meta name=\"author\" content=\"BasaWeb\" \/>\n<meta name=\"twitter:card\" content=\"summary_large_image\" \/>\n<meta name=\"twitter:label1\" content=\"Escrito por\" \/>\n\t<meta name=\"twitter:data1\" content=\"BasaWeb\" \/>\n\t<meta name=\"twitter:label2\" content=\"Tiempo de lectura\" \/>\n\t<meta name=\"twitter:data2\" content=\"7 minutos\" \/>\n<script type=\"application\/ld+json\" class=\"yoast-schema-graph\">{\"@context\":\"https:\\\/\\\/schema.org\",\"@graph\":[{\"@type\":\"Article\",\"@id\":\"https:\\\/\\\/basaworldtravel.com.ar\\\/sitio\\\/2026\\\/08\\\/aromas-de-colombia-2027\\\/#article\",\"isPartOf\":{\"@id\":\"https:\\\/\\\/basaworldtravel.com.ar\\\/sitio\\\/2026\\\/08\\\/aromas-de-colombia-2027\\\/\"},\"author\":{\"name\":\"BasaWeb\",\"@id\":\"https:\\\/\\\/basaworldtravel.com.ar\\\/sitio\\\/#\\\/schema\\\/person\\\/d89b1d641794d338c41cd3818beabd4c\"},\"headline\":\"Aromas de Colombia -2027\",\"datePublished\":\"2026-08-24T15:51:36+00:00\",\"dateModified\":\"2026-08-24T16:21:05+00:00\",\"mainEntityOfPage\":{\"@id\":\"https:\\\/\\\/basaworldtravel.com.ar\\\/sitio\\\/2026\\\/08\\\/aromas-de-colombia-2027\\\/\"},\"wordCount\":1530,\"image\":{\"@id\":\"https:\\\/\\\/basaworldtravel.com.ar\\\/sitio\\\/2026\\\/08\\\/aromas-de-colombia-2027\\\/#primaryimage\"},\"thumbnailUrl\":\"https:\\\/\\\/basaworldtravel.com.ar\\\/sitio\\\/wp-content\\\/uploads\\\/2026\\\/01\\\/playa-blanca-baru.jpg\",\"keywords\":[\"2027\",\"BARU\",\"BOGOTA\",\"CARTAGENA\",\"COLOMBIA\",\"MEDELLIN\",\"PLAYA\",\"SALIDAS GRUPALES\"],\"articleSection\":[\"Caribe\",\"Paquetes\",\"Salidas Grupales\"],\"inLanguage\":\"es\"},{\"@type\":\"WebPage\",\"@id\":\"https:\\\/\\\/basaworldtravel.com.ar\\\/sitio\\\/2026\\\/08\\\/aromas-de-colombia-2027\\\/\",\"url\":\"https:\\\/\\\/basaworldtravel.com.ar\\\/sitio\\\/2026\\\/08\\\/aromas-de-colombia-2027\\\/\",\"name\":\"Aromas de Colombia -2027 - Basa\",\"isPartOf\":{\"@id\":\"https:\\\/\\\/basaworldtravel.com.ar\\\/sitio\\\/#website\"},\"primaryImageOfPage\":{\"@id\":\"https:\\\/\\\/basaworldtravel.com.ar\\\/sitio\\\/2026\\\/08\\\/aromas-de-colombia-2027\\\/#primaryimage\"},\"image\":{\"@id\":\"https:\\\/\\\/basaworldtravel.com.ar\\\/sitio\\\/2026\\\/08\\\/aromas-de-colombia-2027\\\/#primaryimage\"},\"thumbnailUrl\":\"https:\\\/\\\/basaworldtravel.com.ar\\\/sitio\\\/wp-content\\\/uploads\\\/2026\\\/01\\\/playa-blanca-baru.jpg\",\"datePublished\":\"2026-08-24T15:51:36+00:00\",\"dateModified\":\"2026-08-24T16:21:05+00:00\",\"author\":{\"@id\":\"https:\\\/\\\/basaworldtravel.com.ar\\\/sitio\\\/#\\\/schema\\\/person\\\/d89b1d641794d338c41cd3818beabd4c\"},\"breadcrumb\":{\"@id\":\"https:\\\/\\\/basaworldtravel.com.ar\\\/sitio\\\/2026\\\/08\\\/aromas-de-colombia-2027\\\/#breadcrumb\"},\"inLanguage\":\"es\",\"potentialAction\":[{\"@type\":\"ReadAction\",\"target\":[\"https:\\\/\\\/basaworldtravel.com.ar\\\/sitio\\\/2026\\\/08\\\/aromas-de-colombia-2027\\\/\"]}]},{\"@type\":\"ImageObject\",\"inLanguage\":\"es\",\"@id\":\"https:\\\/\\\/basaworldtravel.com.ar\\\/sitio\\\/2026\\\/08\\\/aromas-de-colombia-2027\\\/#primaryimage\",\"url\":\"https:\\\/\\\/basaworldtravel.com.ar\\\/sitio\\\/wp-content\\\/uploads\\\/2026\\\/01\\\/playa-blanca-baru.jpg\",\"contentUrl\":\"https:\\\/\\\/basaworldtravel.com.ar\\\/sitio\\\/wp-content\\\/uploads\\\/2026\\\/01\\\/playa-blanca-baru.jpg\",\"width\":1000,\"height\":499},{\"@type\":\"BreadcrumbList\",\"@id\":\"https:\\\/\\\/basaworldtravel.com.ar\\\/sitio\\\/2026\\\/08\\\/aromas-de-colombia-2027\\\/#breadcrumb\",\"itemListElement\":[{\"@type\":\"ListItem\",\"position\":1,\"name\":\"Portada\",\"item\":\"https:\\\/\\\/basaworldtravel.com.ar\\\/sitio\\\/\"},{\"@type\":\"ListItem\",\"position\":2,\"name\":\"Aromas de Colombia -2027\"}]},{\"@type\":\"WebSite\",\"@id\":\"https:\\\/\\\/basaworldtravel.com.ar\\\/sitio\\\/#website\",\"url\":\"https:\\\/\\\/basaworldtravel.com.ar\\\/sitio\\\/\",\"name\":\"Basa\",\"description\":\"World Travel\",\"potentialAction\":[{\"@type\":\"SearchAction\",\"target\":{\"@type\":\"EntryPoint\",\"urlTemplate\":\"https:\\\/\\\/basaworldtravel.com.ar\\\/sitio\\\/?s={search_term_string}\"},\"query-input\":{\"@type\":\"PropertyValueSpecification\",\"valueRequired\":true,\"valueName\":\"search_term_string\"}}],\"inLanguage\":\"es\"},{\"@type\":\"Person\",\"@id\":\"https:\\\/\\\/basaworldtravel.com.ar\\\/sitio\\\/#\\\/schema\\\/person\\\/d89b1d641794d338c41cd3818beabd4c\",\"name\":\"BasaWeb\",\"image\":{\"@type\":\"ImageObject\",\"inLanguage\":\"es\",\"@id\":\"https:\\\/\\\/secure.gravatar.com\\\/avatar\\\/13e699648957af0aba903942fee2a1fc533d92bcd43fcf375a4df1edc2708698?s=96&d=mm&r=g\",\"url\":\"https:\\\/\\\/secure.gravatar.com\\\/avatar\\\/13e699648957af0aba903942fee2a1fc533d92bcd43fcf375a4df1edc2708698?s=96&d=mm&r=g\",\"contentUrl\":\"https:\\\/\\\/secure.gravatar.com\\\/avatar\\\/13e699648957af0aba903942fee2a1fc533d92bcd43fcf375a4df1edc2708698?s=96&d=mm&r=g\",\"caption\":\"BasaWeb\"},\"url\":\"https:\\\/\\\/basaworldtravel.com.ar\\\/sitio\\\/author\\\/basaweb\\\/\"}]}<\/script>\n<!-- \/ Yoast SEO plugin. -->","yoast_head_json":{"title":"Aromas de Colombia -2027 - Basa","robots":{"index":"index","follow":"follow","max-snippet":"max-snippet:-1","max-image-preview":"max-image-preview:large","max-video-preview":"max-video-preview:-1"},"canonical":"https:\/\/basaworldtravel.com.ar\/sitio\/2026\/08\/aromas-de-colombia-2027\/","og_locale":"es_ES","og_type":"article","og_title":"Aromas de Colombia -2027 - Basa","og_description":"De las monta\u00f1as de Medell\u00edn y Bogot\u00e1, al encanto de Cartagena y las aguas turquesa de Isla Bar\u00fa. As\u00ed se vive Colombia.","og_url":"https:\/\/basaworldtravel.com.ar\/sitio\/2026\/08\/aromas-de-colombia-2027\/","og_site_name":"Basa","article_published_time":"2026-08-24T15:51:36+00:00","article_modified_time":"2026-08-24T16:21:05+00:00","og_image":[{"width":1000,"height":499,"url":"https:\/\/basaworldtravel.com.ar\/sitio\/wp-content\/uploads\/2026\/01\/playa-blanca-baru.jpg","type":"image\/jpeg"}],"author":"BasaWeb","twitter_card":"summary_large_image","twitter_misc":{"Escrito por":"BasaWeb","Tiempo de lectura":"7 minutos"},"schema":{"@context":"https:\/\/schema.org","@graph":[{"@type":"Article","@id":"https:\/\/basaworldtravel.com.ar\/sitio\/2026\/08\/aromas-de-colombia-2027\/#article","isPartOf":{"@id":"https:\/\/basaworldtravel.com.ar\/sitio\/2026\/08\/aromas-de-colombia-2027\/"},"author":{"name":"BasaWeb","@id":"https:\/\/basaworldtravel.com.ar\/sitio\/#\/schema\/person\/d89b1d641794d338c41cd3818beabd4c"},"headline":"Aromas de Colombia -2027","datePublished":"2026-08-24T15:51:36+00:00","dateModified":"2026-08-24T16:21:05+00:00","mainEntityOfPage":{"@id":"https:\/\/basaworldtravel.com.ar\/sitio\/2026\/08\/aromas-de-colombia-2027\/"},"wordCount":1530,"image":{"@id":"https:\/\/basaworldtravel.com.ar\/sitio\/2026\/08\/aromas-de-colombia-2027\/#primaryimage"},"thumbnailUrl":"https:\/\/basaworldtravel.com.ar\/sitio\/wp-content\/uploads\/2026\/01\/playa-blanca-baru.jpg","keywords":["2027","BARU","BOGOTA","CARTAGENA","COLOMBIA","MEDELLIN","PLAYA","SALIDAS GRUPALES"],"articleSection":["Caribe","Paquetes","Salidas Grupales"],"inLanguage":"es"},{"@type":"WebPage","@id":"https:\/\/basaworldtravel.com.ar\/sitio\/2026\/08\/aromas-de-colombia-2027\/","url":"https:\/\/basaworldtravel.com.ar\/sitio\/2026\/08\/aromas-de-colombia-2027\/","name":"Aromas de Colombia -2027 - Basa","isPartOf":{"@id":"https:\/\/basaworldtravel.com.ar\/sitio\/#website"},"primaryImageOfPage":{"@id":"https:\/\/basaworldtravel.com.ar\/sitio\/2026\/08\/aromas-de-colombia-2027\/#primaryimage"},"image":{"@id":"https:\/\/basaworldtravel.com.ar\/sitio\/2026\/08\/aromas-de-colombia-2027\/#primaryimage"},"thumbnailUrl":"https:\/\/basaworldtravel.com.ar\/sitio\/wp-content\/uploads\/2026\/01\/playa-blanca-baru.jpg","datePublished":"2026-08-24T15:51:36+00:00","dateModified":"2026-08-24T16:21:05+00:00","author":{"@id":"https:\/\/basaworldtravel.com.ar\/sitio\/#\/schema\/person\/d89b1d641794d338c41cd3818beabd4c"},"breadcrumb":{"@id":"https:\/\/basaworldtravel.com.ar\/sitio\/2026\/08\/aromas-de-colombia-2027\/#breadcrumb"},"inLanguage":"es","potentialAction":[{"@type":"ReadAction","target":["https:\/\/basaworldtravel.com.ar\/sitio\/2026\/08\/aromas-de-colombia-2027\/"]}]},{"@type":"ImageObject","inLanguage":"es","@id":"https:\/\/basaworldtravel.com.ar\/sitio\/2026\/08\/aromas-de-colombia-2027\/#primaryimage","url":"https:\/\/basaworldtravel.com.ar\/sitio\/wp-content\/uploads\/2026\/01\/playa-blanca-baru.jpg","contentUrl":"https:\/\/basaworldtravel.com.ar\/sitio\/wp-content\/uploads\/2026\/01\/playa-blanca-baru.jpg","width":1000,"height":499},{"@type":"BreadcrumbList","@id":"https:\/\/basaworldtravel.com.ar\/sitio\/2026\/08\/aromas-de-colombia-2027\/#breadcrumb","itemListElement":[{"@type":"ListItem","position":1,"name":"Portada","item":"https:\/\/basaworldtravel.com.ar\/sitio\/"},{"@type":"ListItem","position":2,"name":"Aromas de Colombia -2027"}]},{"@type":"WebSite","@id":"https:\/\/basaworldtravel.com.ar\/sitio\/#website","url":"https:\/\/basaworldtravel.com.ar\/sitio\/","name":"Basa","description":"World Travel","potentialAction":[{"@type":"SearchAction","target":{"@type":"EntryPoint","urlTemplate":"https:\/\/basaworldtravel.com.ar\/sitio\/?s={search_term_string}"},"query-input":{"@type":"PropertyValueSpecification","valueRequired":true,"valueName":"search_term_string"}}],"inLanguage":"es"},{"@type":"Person","@id":"https:\/\/basaworldtravel.com.ar\/sitio\/#\/schema\/person\/d89b1d641794d338c41cd3818beabd4c","name":"BasaWeb","image":{"@type":"ImageObject","inLanguage":"es","@id":"https:\/\/secure.gravatar.com\/avatar\/13e699648957af0aba903942fee2a1fc533d92bcd43fcf375a4df1edc2708698?s=96&d=mm&r=g","url":"https:\/\/secure.gravatar.com\/avatar\/13e699648957af0aba903942fee2a1fc533d92bcd43fcf375a4df1edc2708698?s=96&d=mm&r=g","contentUrl":"https:\/\/secure.gravatar.com\/avatar\/13e699648957af0aba903942fee2a1fc533d92bcd43fcf375a4df1edc2708698?s=96&d=mm&r=g","caption":"BasaWeb"},"url":"https:\/\/basaworldtravel.com.ar\/sitio\/author\/basaweb\/"}]}},"_links":{"self":[{"href":"https:\/\/basaworldtravel.com.ar\/sitio\/wp-json\/wp\/v2\/posts\/155779","targetHints":{"allow":["GET"]}}],"collection":[{"href":"https:\/\/basaworldtravel.com.ar\/sitio\/wp-json\/wp\/v2\/posts"}],"about":[{"href":"https:\/\/basaworldtravel.com.ar\/sitio\/wp-json\/wp\/v2\/types\/post"}],"author":[{"embeddable":true,"href":"https:\/\/basaworldtravel.com.ar\/sitio\/wp-json\/wp\/v2\/users\/2"}],"replies":[{"embeddable":true,"href":"https:\/\/basaworldtravel.com.ar\/sitio\/wp-json\/wp\/v2\/comments?post=155779"}],"version-history":[{"count":2,"href":"https:\/\/basaworldtravel.com.ar\/sitio\/wp-json\/wp\/v2\/posts\/155779\/revisions"}],"predecessor-version":[{"id":157528,"href":"https:\/\/basaworldtravel.com.ar\/sitio\/wp-json\/wp\/v2\/posts\/155779\/revisions\/157528"}],"wp:featuredmedia":[{"embeddable":true,"href":"https:\/\/basaworldtravel.com.ar\/sitio\/wp-json\/wp\/v2\/media\/155783"}],"wp:attachment":[{"href":"https:\/\/basaworldtravel.com.ar\/sitio\/wp-json\/wp\/v2\/media?parent=155779"}],"wp:term":[{"taxonomy":"category","embeddable":true,"href":"https:\/\/basaworldtravel.com.ar\/sitio\/wp-json\/wp\/v2\/categories?post=155779"},{"taxonomy":"post_tag","embeddable":true,"href":"https:\/\/basaworldtravel.com.ar\/sitio\/wp-json\/wp\/v2\/tags?post=155779"}],"curies":[{"name":"wp","href":"https:\/\/api.w.org\/{rel}","templated":true}]}}