{"id":155651,"date":"2025-12-26T10:51:26","date_gmt":"2025-12-26T13:51:26","guid":{"rendered":"https:\/\/basaworldtravel.com.ar\/?p=155651"},"modified":"2025-12-26T10:51:30","modified_gmt":"2025-12-26T13:51:30","slug":"paises-del-este-con-estilo-2026","status":"publish","type":"post","link":"https:\/\/basaworldtravel.com.ar\/sitio\/2025\/12\/paises-del-este-con-estilo-2026\/","title":{"rendered":"PAISES DEL ESTE CON ESTILO-2026"},"content":{"rendered":"\n<p>Salida 22 de Agosto 2026<\/p>\n\n\n\n<p>Recorriendo<br>PRAGA &#8211; VIENA &#8211; BRATISLAVA &#8211; BUDAPEST &#8211; BANSKA BYSTRICA CRACOVIA &#8211; CZESTOKHOVA &#8211; VARSOVIA &#8211; POZNAN &#8211; BERL\u00cdN<\/p>\n\n\n\n<p><\/p>\n\n\n\n<p><strong>SERVICIOS INCLUIDOS<\/strong><\/p>\n\n\n\n<ul class=\"wp-block-list\">\n<li>Vuelos Internacionales. El vuelo Incluye maleta de 23 kg + equipaje de Mano<\/li>\n\n\n\n<li>Traslados del aeropuerto al hotel y viceversa a la llegada y salida de su viaje.<\/li>\n\n\n\n<li>Alojamiento y desayuno buffet en hoteles de categor\u00eda Superior.<\/li>\n\n\n\n<li>Transporte en autob\u00fas de lujo. En el bus se permite una maleta por persona<\/li>\n\n\n\n<li>1 bolso de mano.<\/li>\n\n\n\n<li>Gu\u00eda acompa\u00f1ante de habla hispana durante todo el circuito.<\/li>\n\n\n\n<li>Visitas guiadas en Praga, Viena, Budapest, Cracovia, Varsovia y Berl\u00edn.<\/li>\n\n\n\n<li>Visitas con servicio de audio individual.<\/li>\n\n\n\n<li>Cena de bienvenida en una cervecer\u00eda t\u00edpica de Praga.<\/li>\n\n\n\n<li>Paseo guiado por los exteriores de la \u00d3pera de Viena y el Palacio de Hofburg.<\/li>\n\n\n\n<li>Comida t\u00edpica h\u00fangara en el Recodo del Danubio.<\/li>\n\n\n\n<li>Seguro de asistencia m\u00e9dica GLOBAL (Terrawind) <em>Consultar Suplemento + de 75 a\u00f1os<\/em><\/li>\n<\/ul>\n\n\n\n<p><strong>OPCIONAL<\/strong><\/p>\n\n\n\n<ul class=\"wp-block-list\">\n<li>Excursi\u00f3n con almuerzo a la ciudad termal de Karlovy Vary.<\/li>\n\n\n\n<li>Visita del Palacio de Schonbrunn y de la catedral de San Esteban en Viena (Entradas incluidas).<\/li>\n\n\n\n<li>Recorrido exterior a la Sinagoga y al parlamento de Budapest (Sin entrada).<\/li>\n\n\n\n<li>Aventura subterr\u00e1nea en las minas de sal. Visita guiada al Castillo Real de Varsovia con degustaci\u00f3n de Vodkas tradicionales.<\/li>\n\n\n\n<li>Excursi\u00f3n a la isla de los museos y recorrido por la Alemania Nazi.<\/li>\n\n\n\n<li>Cena de despedida en cervecer\u00eda alemana.<\/li>\n\n\n\n<li><strong>TARIFA POR PERSONA USD 405 <\/strong><\/li>\n<\/ul>\n\n\n\n<p><\/p>\n\n\n\n<p><strong>SERVICIOS NO INCLUIDOS<\/strong><\/p>\n\n\n\n<ul class=\"wp-block-list\">\n<li>Excursiones , visitas opcionales y\/o entradas donde no est\u00e9 debidamente indicado como incluidas<\/li>\n\n\n\n<li>Propinas tales como gu\u00edas, conductores, gu\u00edas locales, restaurantes,<br>hoteles, etc.<\/li>\n\n\n\n<li>Maleteros en Aeropuertos y en los Hoteles<\/li>\n\n\n\n<li>Comidas y bebidas que no est\u00e9n especificadas<\/li>\n\n\n\n<li>Exceso de equipaje<\/li>\n\n\n\n<li>Cualquier servicio que no est\u00e9 debidamente especificado como incluido<\/li>\n<\/ul>\n\n\n\n<figure class=\"wp-block-image size-full\"><img loading=\"lazy\" decoding=\"async\" width=\"818\" height=\"528\" src=\"https:\/\/basaworldtravel.com.ar\/sitio\/wp-content\/uploads\/2025\/12\/image-3.png\" alt=\"\" class=\"wp-image-155653\" srcset=\"https:\/\/basaworldtravel.com.ar\/sitio\/wp-content\/uploads\/2025\/12\/image-3.png 818w, https:\/\/basaworldtravel.com.ar\/sitio\/wp-content\/uploads\/2025\/12\/image-3-300x194.png 300w, https:\/\/basaworldtravel.com.ar\/sitio\/wp-content\/uploads\/2025\/12\/image-3-768x496.png 768w, https:\/\/basaworldtravel.com.ar\/sitio\/wp-content\/uploads\/2025\/12\/image-3-500x323.png 500w, https:\/\/basaworldtravel.com.ar\/sitio\/wp-content\/uploads\/2025\/12\/image-3-800x516.png 800w\" sizes=\"auto, (max-width: 818px) 100vw, 818px\" \/><\/figure>\n\n\n\n<p><strong>HOTELES PREVISTOS<\/strong><\/p>\n\n\n\n<p>** Los hoteles pueden variar, en ese caso se ofrecer\u00e1 alojamiento de similar categor\u00eda **<\/p>\n\n\n\n<figure class=\"wp-block-image size-full\"><img loading=\"lazy\" decoding=\"async\" width=\"520\" height=\"351\" src=\"https:\/\/basaworldtravel.com.ar\/sitio\/wp-content\/uploads\/2025\/12\/image-5.png\" alt=\"\" class=\"wp-image-155655\" srcset=\"https:\/\/basaworldtravel.com.ar\/sitio\/wp-content\/uploads\/2025\/12\/image-5.png 520w, https:\/\/basaworldtravel.com.ar\/sitio\/wp-content\/uploads\/2025\/12\/image-5-300x203.png 300w, https:\/\/basaworldtravel.com.ar\/sitio\/wp-content\/uploads\/2025\/12\/image-5-500x338.png 500w\" sizes=\"auto, (max-width: 520px) 100vw, 520px\" \/><\/figure>\n\n\n\n<p><\/p>\n\n\n\n<p><strong>ITINERARIO TENTATIVO<\/strong><\/p>\n\n\n\n<p>D\u00eda 01. BUENOS AIRES &#8211; VUELO INTERNACIONAL  (22 de Agosto S\u00e1bado) Presentaci\u00f3n en el Aeropuerto de Ezeiza. Horario a reconfirmar. Tomaremos el<br>vuelo con destino a Praga, conexi\u00f3n en Madrid.<br>D\u00eda 02. PRAGA (23 de Agosto  Domingo) Llegada al aeropuerto de Praga y traslado al hotel. Alojamiento. Check In de las habitaciones disponibles a partir de<br>las 15.00 hs aprox. D\u00eda Libre para comenzar a disfrutar del ambiente vibrante de la capital, recorrer sus calles, relajarse en una terraza o simplemente descansar del viaje. A las 19:00 hs nos encontraremos en el lobby del hotel para realizar la reuni\u00f3n de bienvenida con el gu\u00eda que nos acompa\u00f1ar\u00e1 durante nuestro viaje. M\u00e1s tarde, compartiremos una cena tradicional Checa, en una cervecer\u00eda t\u00edpica, el primer encuentro en grupo para brindar por esta aventura que reci\u00e9n<br>comienza. Alojamiento.<\/p>\n\n\n\n<p>D\u00eda 03. PRAGA (24 de Agosto Lunes) Desayuno. Hoy nos adentraremos en el coraz\u00f3n de Praga, una ciudad de cuento con calles empedradas, plazas llenas de historia y una atm\u00f3sfera que enamora. Durante la visita guiada recorreremos el Puente de Carlos, la Plaza de la Ciudad Vieja con su famoso reloj astron\u00f3mico, el barrio jud\u00edo y otros rincones llenos de encanto. Tras el almuerzo, dispondremos de tiempo libre o, de forma opcional, podremos visitar el monumental<br>Castillo de Praga, la majestuosa Catedral de San Vito y el m\u00e1gico Callej\u00f3n del Oro. Alojamiento.<\/p>\n\n\n\n<p>D\u00eda 04. PRAGA (25 de Agosto Martes) Desayuno. Hoy dispondremos de un d\u00eda libre para seguir explorando Praga a nuestro ritmo, descubriendo nuevos rincones, museos, caf\u00e9s o simplemente disfrutando de su atm\u00f3sfera encantadora. De forma opcional, quienes lo deseen podr\u00e1n unirse a una excursi\u00f3n de d\u00eda completo \u0430 Karlovy Vary (Incluida en el C2C Pack), uno de los balnearios m\u00e1s famosos de Europa, conocido por sus fuentes termales, su arquitectura<br>elegante y su tradici\u00f3n centenaria. Alojamiento.<br>D\u00eda 05. PRAGA &#8211; VIENA (330 KM) (26 de Agosto Mi\u00e9rcoles) Desayuno. Hoy dejamos la m\u00e1gica Praga para poner rumbo a Viena, ca\u0440ital de Austria y antigua sede del poderoso Imperio Austroh\u00fangaro. Al llegar, realizaremos una visita panor\u00e1mica por sus principales avenidas, palacios y monumentos imperiales. Admiraremos la majestuosa Ringstrasse, el Parlamento, la Iglesia Votiva, el Ayuntamiento y pasaremos junto al elegante Palacio Belvedere, rodeado de<br>hermosos jardines. Seguidamente, realizaremos una visita a pie para conocer desde el exterior la famosa \u00d5pera de Viena y el Palacio de Hofburg, antigua residencia de los Habsburgo. Aloj\u0430miento.<\/p>\n\n\n\n<p>D\u00eda 06. VIENA  (27 de Agosto Jueves) Desayuno. D\u00eda libre para seguir disfrutando de Viena, ciudad de arte, historia y elegancia. Opcionalmente, visita al imponente Palacio de Sch\u00f6nbrunn (Incluida en el C2C Pack), antigua residencia de verano de la familia imperial, con sus jardines majestuosos y salones fastuosos. Continuaremos hacia el centro hist\u00f3rico para admirar la imponente Catedral de San Esteban, uno de los grandes \u00edconos vieneses. Por la<br>tarde, de forma opcional, quienes lo deseen podr\u00e1n asistir a un aut\u00e9ntico concierto de m\u00fasica cl\u00e1sica vienesa y culminar la jornada con una cena tradicional austr\u00edaca. Alojamiento.<\/p>\n\n\n\n<p>D\u00eda 07. VIENA &#8211; BRATISLAVA &#8211; BUDAPEST (270 \u041a\u041c) (28 de Agosto Viernes)  Desayuno. Dejamos Viena y en pocos kil\u00f3metros llegamos a Bratislava, capital<br>de Eslovaquia, donde realizaremos  visita para conocer su encantador  casco antiguo, lleno de callejuelas, plazas y fachadas coloridas.<br>Seguiremos nuestro recorrido hacia Hungr\u00eda, disfrutando de un almuerzo t\u00edpico en la regi\u00f3n del Recodo del Danubio, una de las zonas m\u00e1s pintorescas del pa\u00eds.<br>Por la tarde llegaremos a Budapest, donde dispondremos de tiempo libre para empezar a explorar esta ciudad majestuosa que enamora a orillas del r\u00edo. Alojamiento.<\/p>\n\n\n\n<p>D\u00eda 08.  (29 de Agosto S\u00e1bado) BUDAPEST Desayuno. Hoy descubriremos los tesoros de Budapest con una visita panor\u00e1mica por susu dos almas: Buda, la<br>parte alta y monumental; y Pest, moderna y vibrante. Recorremos plazas, avenidas y miradores que nos regalan vistas inolvidables del Danubio. Luego, de forma opcional, podr\u00e1n unirse a una visita (Incluida en el C2C Pack) para admirar desde el exterior el majestuoso Parlamento y la Gran Sinagoga, una de las mayores del mundo. Por la tarde, de forma opcional, quienes lo deseen podr\u00e1n disfrutar de un crucero por el Danubio seguido de una cena t\u00edpica h\u00fangara en una tradicional cs\u00e1rda. Alojamiento.<\/p>\n\n\n\n<p>D\u00eda 09. (30 de Agosto Domingo) BUDAPEST &#8211; BANSKA BYSTRICA &#8211; CRACOVIA (395 \u041a\u041c) Desayuno. Dejamos Budapest y nos dirigimos hacia el norte para hacer<br>una parada en la pintoresca ciudad eslovaca de Bansk\u00e1 Bystrica, donde dispondremos de tiempo libre para pasear por su encantador centro hist\u00f3rico. Ya en territorio polaco, realizaremos opcionalmente la visita las impresionantes Minas de Sal de Wieliczka (Incluida en el C2C Pack), un verdadero laberinto subterr\u00e1neo con capillas y esculturas talladas en sal. Por la noche, de forma opcional, podr\u00e1n disfrutar de una cena jud\u00eda en el antiguo barrio de Kazimierz, con m\u00fasica y sabores tradicionales. Alojamiento.<\/p>\n\n\n\n<p>D\u00eda 10. (31 de Agosto Lunes)  D\u00eda 11. (01 de Sep. Martes)CRACOVIA Desayuno. Hoy conoceremos Cracovia, una de las ciudades m\u00e1s hermosas y mejor conservadas de Europa Central. Durante la visita panor\u00e1mica recorreremos su casco antiguo medieval, la Plaza del Mercado, la Colina de Wawel y otros rincones cargados de historia y tradici\u00f3n. Seguidamente, dispondremos de tiempo libre para seguir explorando la ciudad a nuestro ritmo o, de forma opcional, realizar una emotiva excursi\u00f3n al antiguo campo de concentraci\u00f3n de Auschwitz, un lugar de memoria que invita a la reflexi\u00f3n. Alojamiento.<br>CRACOVIA &#8211; CZESTOKHOVA &#8211; VARSOVIA (370 KM) Desayuno. Salimos de Cracovia rumbo al norte de Polonia y haremos una parada en la ciudad de Czestochowa, importante centro de peregrinaci\u00f3n, donde dispondremos de tiempo libre para visitar su famosa Bas\u00edlica de Jasna G\u00f3ra, hogar de la Virgen Negra. Por la tarde llegaremos a Varsovia, capital del pa\u00eds, donde realizaremos una visita panor\u00e1mica para conocer sus principales rincones: la Ciudad Vieja, reconstruida con esmero, la Ruta Real, el Palacio de la Cultura y mucho m\u00e1s. Alojamiento.<\/p>\n\n\n\n<p>D\u00eda 13.  (03 de Sep. Jueves) VARSOVIA &#8211; POZNAN &#8211; BERL\u00cdN (585 K\u041c) Desayuno. Dejamos Varsovia para poner rumbo hacia el oeste de Polonia, atravesando paisajes rurales hasta llegar a Poznan, una de las ciudades m\u00e1s antiguas del pa\u00eds. Dispondremos de tiempo libre para pasear por su encantadora plaza del mercado, rodeada de casas de colores y ambiente animado, o disfrutar de un caf\u00e9 en alguna de sus terrazas. Por la tarde, continuaremos nuestro viaje hasta <\/p>\n\n\n\n<p>D\u00eda 14. (04 de Se\u0440. Viernes) Berl\u00edn, capital alemana, donde nos alojaremos para comenzar a descubrir esta vibrante ciudad. Alojamiento.<br>BERL\u00cdN Desayuno. Hoy descubriremos Berl\u00edn, una ciudad llena de historia, contrastes y una energ\u00eda \u00fanica. Durante la visita panor\u00e1mica recorreremos<br>lugares emblem\u00e1ticos como la Puerta de Brandemburgo, el Reichstag, el Checkpoint Charlie y los restos del Muro de Berl\u00edn. Seguidamente, de forma opcional, podr\u00e1n unirse a una exp\u0435riencia (Incluida en el C2C Pack) que nos llevar\u00e1 a la Isla de los Museos, un tesoro cultural a orillas del r\u00edo Spree, y a conocer los<br>lugares m\u00e1s representativos del Berlin nazi, cargados de memoria y significado. Alojamiento.<\/p>\n\n\n\n<p>D\u00eda 15. BERL\u00cdN (05 de Se\u0440. S\u00e1bado) Desayuno. D\u00eda libre para seguir disfrutando de Berl\u00edn: recorrer museos, barrios modernos o simplemente descansar en alguno de sus parques o caf\u00e9s. Opcionalmente, podr\u00e1n unirse a una excursi\u00f3n a Potsdam, antigua residencia de verano de los reyes prusianos, donde los palacios, jardines y lagos nos transportan a otra \u00e9poca. Por la noche, cerraremos el viaje con una cena despedida en una cervecer\u00eda alemana (Incluida en el C2C Pack), partiendo sabores locales y buenos recuerdos. Alojamiento.<\/p>\n\n\n\n<p>D\u00eda 16. (06 de Se\u0440. Domingo) BERL\u00cdN &#8211; VUELO INTERNACIONAL &#8211; BUENOS AIRES<br>Desayuno. Tiempo libre para disfrutar de los \u00faltimos momentos en Berl\u00edn. A la hora indicada, traslado al aeropuerto para tomar el vuelo de salida. Llegada a Ezeiza y Fin de nuestros servicios.  -FIN DE NUESTROS SERVICIOS<br>** El orden del itinerario podria verse modificado por razones de fuerza mayor o por decisi\u00f3n del operador local en la busqueda del cumplimiento de los servicios **<\/p>\n\n\n\n<p class=\"has-medium-font-size\"><strong>TARIFA POR PERSONA EN BASE DOBLE USD5180 <\/strong><\/p>\n\n\n\n<p><strong>CONDICIONES DE PAGOS:<\/strong><\/p>\n\n\n\n<ul class=\"wp-block-list\">\n<li>Se\u00f1a para reserva: USD 500.-<\/li>\n\n\n\n<li>Refuerzo de USD 2.000.- al 22 de Mayo<\/li>\n\n\n\n<li>Saldo 45 d\u00edas antes de la salida<\/li>\n<\/ul>\n\n\n\n<p><\/p>\n\n\n\n<ul class=\"wp-block-list\">\n<li><strong>POLITICAS DE CANCELACI\u00d3N:<\/strong><\/li>\n\n\n\n<li>Cancelaciones anteriores a 61 d\u00edas: sin cargo<\/li>\n\n\n\n<li>Cancelaciones entre 60 y 30 d\u00edas: 30% de gastos<\/li>\n\n\n\n<li>Cancelaciones a partir de 30 d\u00edas antes: 100% de gastos.<\/li>\n<\/ul>\n\n\n\n<p><strong>CONSIDERACIONES GENERALES<\/strong><\/p>\n\n\n\n<ul class=\"wp-block-list\">\n<li>Esta salida forma parte de un circuito regular, compartiendo el itinerario con pasajeros de otras nacionalidades.<\/li>\n\n\n\n<li>Es responsabilidad de la Agencia de Viajes y de los Sres. Pasajeros contar con la documentaci\u00f3n personal y familiar necesaria y en regla al momento de salida de Argentina, seg\u00fan las leyes de los pa\u00edses visitados y cumplimentar todos los requerimientos necesarios para la salida e ingreso al pa\u00eds al igual que para el ingreso y egreso a los pa\u00edses visitados. El pasaporte debe tener una validez de m\u00e1s de 6 meses en el momento de la entrada en cada pa\u00eds y debe tener hojas en blanco para realizar los tr\u00e1mites de inmigraci\u00f3n a la entrada y\/o salida del pa\u00eds.<\/li>\n\n\n\n<li>Tener en cuenta que en el presente recorrido habr\u00e1 paseos a pie de varias horas, subidas y bajadas, trayectos en bus de varios kil\u00f3metros al d\u00eda.<\/li>\n\n\n\n<li>Las habitaciones dobles matrimoniales no son garantizadas y est\u00e1n sujetas a disponibilidad en el momento de check-in en los hoteles. En el caso que no haya habitaciones dobles matrimoniales disponibles, el alojamiento se brindar\u00e1 en habitaci\u00f3n twin (dos camas separadas).<\/li>\n\n\n\n<li>Algunos hoteles podr\u00edan no disponer de habitaciones twins (camas separadas). En estos casos la habitaci\u00f3n twin consistir\u00e1 en una cama matrimonial y una cama m\u00e1s peque\u00f1a tipo roll-away (catre\/sofacama).<\/li>\n\n\n\n<li>La capacidad del maletero del bus es limitada, permiti\u00e9ndose 1 (una) maleta de m\u00e1ximo 23 kg por pasajero.<\/li>\n\n\n\n<li>La din\u00e1mica propia de este viaje podr\u00eda implicar el cambio de bus y\/o gu\u00eda correo en alg\u00fan\/os punto\/s del recorrido.<\/li>\n\n\n\n<li>La realizaci\u00f3n del web check-in y asignaci\u00f3n de asientos para el\/los vuelo\/s ser\u00e1 un tr\u00e1mite personal de cada pasajero por medio de los canales y condiciones que la\/s aerol\u00ednea\/s disponga\/n para tales efectos. EstiloPlus no puede garantizar asientos espec\u00edficos en los vuelos.<\/li>\n\n\n\n<li>El orden del itinerario puede ser modificado sin previo aviso, as\u00ed como el orden de las visitas, manteni\u00e9ndose \u00edntegramente el programa de visitas y excursiones.<\/li>\n\n\n\n<li>Pasajeros a compartir: EstiloPlus no garantiza habitaciones a compartir. La reserva de todos aquellos pasajeros que opten por esta modalidad, quedar\u00e1 en<br>suspenso hasta tanto otro pasajero en mismas condiciones realice su reserva. Intercambiaremos previamente los datos para que puedan contactarse y acordar que compartir\u00e1n habitaci\u00f3n. Luego de realizado este procedimiento ambas reservas quedar\u00e1n confirmadas.<\/li>\n\n\n\n<li>Asientos en los buses: No hay n\u00famero de asiento fijo en los buses, todos rotan en el sector delantero &#8211; medio &#8211; posterior del bus despu\u00e9s de cada destino \/ visita.<\/li>\n\n\n\n<li>Asignaci\u00f3n de asientos en el avi\u00f3n: La pol\u00edtica de asignaci\u00f3n de asientos depende de cada l\u00ednea a\u00e9rea. En la mayor\u00eda de los casos la asignaci\u00f3n es aleatoria.<br>EstiloPlus no se responsabiliza por la asignaci\u00f3n de dichas plazas. Las solicitudes especiales ser\u00e1n requeridas a las aerol\u00edneas, pero las mismas no son confirmadas.<\/li>\n\n\n\n<li>Se podr\u00e1 solicitar cotizaciones para clases Premium Economy o Business o regresos diferidos, siempre sujetos a disponibilidad y\/o cambio de tarifa por parte de la l\u00ednea a\u00e9rea. Es importante tener en cuenta que debemos respetar los tiempos de respuesta de la aerol\u00ednea, por lo que podr\u00edan presentarse demoras en la cotizaci\u00f3n.<\/li>\n\n\n\n<li>Funci\u00f3n del acompa\u00f1ante de EstiloPlus: En nuestras salidas grupales, un Tour Leader de nuestro equipo acompa\u00f1a al grupo durante el recorrido con el objetivo de brindar asistencia general, facilitar la log\u00edstica y velar por el bienestar de todos los pasajeros. Es importante tener en cuenta que el Tour Leader no cumple funciones de asistencia personal ni de coordinaci\u00f3n exclusiva con cada pasajero. Su rol es el de acompa\u00f1ar, asistir ante alguna eventualidad, y actuar como nexo con los proveedores locales, pero siempre respetando los tiempos de descanso y funcionamiento del itinerario. En caso que alg\u00fan pasajero necesite asistencia permanente por incidente en destino, tendr\u00e1 que viajar un familiar para asistirlo.<\/li>\n<\/ul>\n\n\n\n<p><strong>CONDICIONES DE LA SALIDA<\/strong><\/p>\n\n\n\n<p>Salida garantizada como individual con un m\u00ednimo de 10 pasajeros sobre grupal regular en destino de C2C. (*) Acompa\u00f1amiento desde Buenos Aires sujeto a<br>concreci\u00f3n de un grupo de 20 pasajeros. Tarifas finales por persona. Incluye impuestos, gastos administrativos. Los impuestos incluidos est\u00e1n sujetos<br>a reconfirmaci\u00f3n por imperativos del pa\u00eds y de la compa\u00f1\u00eda a\u00e9rea. En caso de abonar en pesos, adicionar los valores indicados de percepci\u00f3n de impuesto a las<br>ganancias (RG 5463\/23)<br>Independientemente de lo informado en este detalle, se aplicar\u00e1n los impuestos y retenciones vigentes al momento de la emisi\u00f3n del ticket a\u00e9reo (entre 45 y 15 d\u00edas antes de la salida, sujeto a normativa de la l\u00ednea a\u00e9rea). En caso de haber alguna diferencia en la tarifa final, se actualizar\u00e1n los valores de impuestos y retenciones en las liquidaciones y se deber\u00e1 abonar la diferencia.<br>Los tickets a\u00e9reos ser\u00e1n emitidos una vez completado el cupo de bloqueo o al cumplirse el plazo establecido informado en el p\u00e1rrafo anterior.<br>Precios expresados en d\u00f3lares estadounidenses. Se puede abonar en pesos argentinos al cambio del d\u00eda indicado en nuestra web (estilloplus.tur.ar\/page\/cambio.html).<br>Reservas hasta el 22 de Junio de 2026<\/p>\n","protected":false},"excerpt":{"rendered":"<p>Recorriendo<br \/>\nPRAGA &#8211; VIENA &#8211; BRATISLAVA &#8211; BUDAPEST &#8211; BANSKA BYSTRICA &#8211; CRACOVIA &#8211; CZESTOKHOVA &#8211; VARSOVIA &#8211; POZNAN &#8211; BERL\u00cdN<\/p>\n","protected":false},"author":2,"featured_media":155183,"comment_status":"closed","ping_status":"open","sticky":false,"template":"","format":"standard","meta":{"_acf_changed":false,"footnotes":""},"categories":[7,5],"tags":[703,587,590,788,588,80,589],"class_list":["post-155651","post","type-post","status-publish","format-standard","has-post-thumbnail","hentry","category-europa","category-paquetes","tag-703","tag-berlin","tag-budapest","tag-europa-del-este","tag-praga","tag-salidas-grupales","tag-viena","category-7","category-5","description-off"],"acf":[],"yoast_head":"<!-- This site is optimized with the Yoast SEO plugin v28.4 - https:\/\/yoast.com\/product\/yoast-seo-wordpress\/ -->\n<title>PAISES DEL ESTE CON ESTILO-2026 - Basa<\/title>\n<meta name=\"robots\" content=\"index, follow, max-snippet:-1, max-image-preview:large, max-video-preview:-1\" \/>\n<link rel=\"canonical\" href=\"https:\/\/basaworldtravel.com.ar\/sitio\/2025\/12\/paises-del-este-con-estilo-2026\/\" \/>\n<meta property=\"og:locale\" content=\"es_ES\" \/>\n<meta property=\"og:type\" content=\"article\" \/>\n<meta property=\"og:title\" content=\"PAISES DEL ESTE CON ESTILO-2026 - Basa\" \/>\n<meta property=\"og:description\" content=\"Recorriendo PRAGA - VIENA - BRATISLAVA - BUDAPEST - BANSKA BYSTRICA - CRACOVIA - CZESTOKHOVA - VARSOVIA - POZNAN - BERL\u00cdN\" \/>\n<meta property=\"og:url\" content=\"https:\/\/basaworldtravel.com.ar\/sitio\/2025\/12\/paises-del-este-con-estilo-2026\/\" \/>\n<meta property=\"og:site_name\" content=\"Basa\" \/>\n<meta property=\"article:published_time\" content=\"2025-12-26T13:51:26+00:00\" \/>\n<meta property=\"article:modified_time\" content=\"2025-12-26T13:51:30+00:00\" \/>\n<meta property=\"og:image\" content=\"https:\/\/basaworldtravel.com.ar\/sitio\/wp-content\/uploads\/2025\/10\/GXyuYFStP_1256x620__1.jpg\" \/>\n\t<meta property=\"og:image:width\" content=\"1256\" \/>\n\t<meta property=\"og:image:height\" content=\"620\" \/>\n\t<meta property=\"og:image:type\" content=\"image\/jpeg\" \/>\n<meta name=\"author\" content=\"BasaWeb\" \/>\n<meta name=\"twitter:card\" content=\"summary_large_image\" \/>\n<meta name=\"twitter:label1\" content=\"Escrito por\" \/>\n\t<meta name=\"twitter:data1\" content=\"BasaWeb\" \/>\n\t<meta name=\"twitter:label2\" content=\"Tiempo de lectura\" \/>\n\t<meta name=\"twitter:data2\" content=\"12 minutos\" \/>\n<script type=\"application\/ld+json\" class=\"yoast-schema-graph\">{\"@context\":\"https:\\\/\\\/schema.org\",\"@graph\":[{\"@type\":\"Article\",\"@id\":\"https:\\\/\\\/basaworldtravel.com.ar\\\/sitio\\\/2025\\\/12\\\/paises-del-este-con-estilo-2026\\\/#article\",\"isPartOf\":{\"@id\":\"https:\\\/\\\/basaworldtravel.com.ar\\\/sitio\\\/2025\\\/12\\\/paises-del-este-con-estilo-2026\\\/\"},\"author\":{\"name\":\"BasaWeb\",\"@id\":\"https:\\\/\\\/basaworldtravel.com.ar\\\/sitio\\\/#\\\/schema\\\/person\\\/d89b1d641794d338c41cd3818beabd4c\"},\"headline\":\"PAISES DEL ESTE CON ESTILO-2026\",\"datePublished\":\"2025-12-26T13:51:26+00:00\",\"dateModified\":\"2025-12-26T13:51:30+00:00\",\"mainEntityOfPage\":{\"@id\":\"https:\\\/\\\/basaworldtravel.com.ar\\\/sitio\\\/2025\\\/12\\\/paises-del-este-con-estilo-2026\\\/\"},\"wordCount\":2637,\"image\":{\"@id\":\"https:\\\/\\\/basaworldtravel.com.ar\\\/sitio\\\/2025\\\/12\\\/paises-del-este-con-estilo-2026\\\/#primaryimage\"},\"thumbnailUrl\":\"https:\\\/\\\/basaworldtravel.com.ar\\\/sitio\\\/wp-content\\\/uploads\\\/2025\\\/10\\\/GXyuYFStP_1256x620__1.jpg\",\"keywords\":[\"2026\",\"berlin\",\"budapest\",\"EUROPA DEL ESTE\",\"praga\",\"SALIDAS GRUPALES\",\"viena\"],\"articleSection\":[\"Europa\",\"Paquetes\"],\"inLanguage\":\"es\"},{\"@type\":\"WebPage\",\"@id\":\"https:\\\/\\\/basaworldtravel.com.ar\\\/sitio\\\/2025\\\/12\\\/paises-del-este-con-estilo-2026\\\/\",\"url\":\"https:\\\/\\\/basaworldtravel.com.ar\\\/sitio\\\/2025\\\/12\\\/paises-del-este-con-estilo-2026\\\/\",\"name\":\"PAISES DEL ESTE CON ESTILO-2026 - Basa\",\"isPartOf\":{\"@id\":\"https:\\\/\\\/basaworldtravel.com.ar\\\/sitio\\\/#website\"},\"primaryImageOfPage\":{\"@id\":\"https:\\\/\\\/basaworldtravel.com.ar\\\/sitio\\\/2025\\\/12\\\/paises-del-este-con-estilo-2026\\\/#primaryimage\"},\"image\":{\"@id\":\"https:\\\/\\\/basaworldtravel.com.ar\\\/sitio\\\/2025\\\/12\\\/paises-del-este-con-estilo-2026\\\/#primaryimage\"},\"thumbnailUrl\":\"https:\\\/\\\/basaworldtravel.com.ar\\\/sitio\\\/wp-content\\\/uploads\\\/2025\\\/10\\\/GXyuYFStP_1256x620__1.jpg\",\"datePublished\":\"2025-12-26T13:51:26+00:00\",\"dateModified\":\"2025-12-26T13:51:30+00:00\",\"author\":{\"@id\":\"https:\\\/\\\/basaworldtravel.com.ar\\\/sitio\\\/#\\\/schema\\\/person\\\/d89b1d641794d338c41cd3818beabd4c\"},\"breadcrumb\":{\"@id\":\"https:\\\/\\\/basaworldtravel.com.ar\\\/sitio\\\/2025\\\/12\\\/paises-del-este-con-estilo-2026\\\/#breadcrumb\"},\"inLanguage\":\"es\",\"potentialAction\":[{\"@type\":\"ReadAction\",\"target\":[\"https:\\\/\\\/basaworldtravel.com.ar\\\/sitio\\\/2025\\\/12\\\/paises-del-este-con-estilo-2026\\\/\"]}]},{\"@type\":\"ImageObject\",\"inLanguage\":\"es\",\"@id\":\"https:\\\/\\\/basaworldtravel.com.ar\\\/sitio\\\/2025\\\/12\\\/paises-del-este-con-estilo-2026\\\/#primaryimage\",\"url\":\"https:\\\/\\\/basaworldtravel.com.ar\\\/sitio\\\/wp-content\\\/uploads\\\/2025\\\/10\\\/GXyuYFStP_1256x620__1.jpg\",\"contentUrl\":\"https:\\\/\\\/basaworldtravel.com.ar\\\/sitio\\\/wp-content\\\/uploads\\\/2025\\\/10\\\/GXyuYFStP_1256x620__1.jpg\",\"width\":1256,\"height\":620},{\"@type\":\"BreadcrumbList\",\"@id\":\"https:\\\/\\\/basaworldtravel.com.ar\\\/sitio\\\/2025\\\/12\\\/paises-del-este-con-estilo-2026\\\/#breadcrumb\",\"itemListElement\":[{\"@type\":\"ListItem\",\"position\":1,\"name\":\"Portada\",\"item\":\"https:\\\/\\\/basaworldtravel.com.ar\\\/sitio\\\/\"},{\"@type\":\"ListItem\",\"position\":2,\"name\":\"PAISES DEL ESTE CON ESTILO-2026\"}]},{\"@type\":\"WebSite\",\"@id\":\"https:\\\/\\\/basaworldtravel.com.ar\\\/sitio\\\/#website\",\"url\":\"https:\\\/\\\/basaworldtravel.com.ar\\\/sitio\\\/\",\"name\":\"Basa\",\"description\":\"World Travel\",\"potentialAction\":[{\"@type\":\"SearchAction\",\"target\":{\"@type\":\"EntryPoint\",\"urlTemplate\":\"https:\\\/\\\/basaworldtravel.com.ar\\\/sitio\\\/?s={search_term_string}\"},\"query-input\":{\"@type\":\"PropertyValueSpecification\",\"valueRequired\":true,\"valueName\":\"search_term_string\"}}],\"inLanguage\":\"es\"},{\"@type\":\"Person\",\"@id\":\"https:\\\/\\\/basaworldtravel.com.ar\\\/sitio\\\/#\\\/schema\\\/person\\\/d89b1d641794d338c41cd3818beabd4c\",\"name\":\"BasaWeb\",\"image\":{\"@type\":\"ImageObject\",\"inLanguage\":\"es\",\"@id\":\"https:\\\/\\\/secure.gravatar.com\\\/avatar\\\/13e699648957af0aba903942fee2a1fc533d92bcd43fcf375a4df1edc2708698?s=96&d=mm&r=g\",\"url\":\"https:\\\/\\\/secure.gravatar.com\\\/avatar\\\/13e699648957af0aba903942fee2a1fc533d92bcd43fcf375a4df1edc2708698?s=96&d=mm&r=g\",\"contentUrl\":\"https:\\\/\\\/secure.gravatar.com\\\/avatar\\\/13e699648957af0aba903942fee2a1fc533d92bcd43fcf375a4df1edc2708698?s=96&d=mm&r=g\",\"caption\":\"BasaWeb\"},\"url\":\"https:\\\/\\\/basaworldtravel.com.ar\\\/sitio\\\/author\\\/basaweb\\\/\"}]}<\/script>\n<!-- \/ Yoast SEO plugin. -->","yoast_head_json":{"title":"PAISES DEL ESTE CON ESTILO-2026 - Basa","robots":{"index":"index","follow":"follow","max-snippet":"max-snippet:-1","max-image-preview":"max-image-preview:large","max-video-preview":"max-video-preview:-1"},"canonical":"https:\/\/basaworldtravel.com.ar\/sitio\/2025\/12\/paises-del-este-con-estilo-2026\/","og_locale":"es_ES","og_type":"article","og_title":"PAISES DEL ESTE CON ESTILO-2026 - Basa","og_description":"Recorriendo PRAGA - VIENA - BRATISLAVA - BUDAPEST - BANSKA BYSTRICA - CRACOVIA - CZESTOKHOVA - VARSOVIA - POZNAN - BERL\u00cdN","og_url":"https:\/\/basaworldtravel.com.ar\/sitio\/2025\/12\/paises-del-este-con-estilo-2026\/","og_site_name":"Basa","article_published_time":"2025-12-26T13:51:26+00:00","article_modified_time":"2025-12-26T13:51:30+00:00","og_image":[{"width":1256,"height":620,"url":"https:\/\/basaworldtravel.com.ar\/sitio\/wp-content\/uploads\/2025\/10\/GXyuYFStP_1256x620__1.jpg","type":"image\/jpeg"}],"author":"BasaWeb","twitter_card":"summary_large_image","twitter_misc":{"Escrito por":"BasaWeb","Tiempo de lectura":"12 minutos"},"schema":{"@context":"https:\/\/schema.org","@graph":[{"@type":"Article","@id":"https:\/\/basaworldtravel.com.ar\/sitio\/2025\/12\/paises-del-este-con-estilo-2026\/#article","isPartOf":{"@id":"https:\/\/basaworldtravel.com.ar\/sitio\/2025\/12\/paises-del-este-con-estilo-2026\/"},"author":{"name":"BasaWeb","@id":"https:\/\/basaworldtravel.com.ar\/sitio\/#\/schema\/person\/d89b1d641794d338c41cd3818beabd4c"},"headline":"PAISES DEL ESTE CON ESTILO-2026","datePublished":"2025-12-26T13:51:26+00:00","dateModified":"2025-12-26T13:51:30+00:00","mainEntityOfPage":{"@id":"https:\/\/basaworldtravel.com.ar\/sitio\/2025\/12\/paises-del-este-con-estilo-2026\/"},"wordCount":2637,"image":{"@id":"https:\/\/basaworldtravel.com.ar\/sitio\/2025\/12\/paises-del-este-con-estilo-2026\/#primaryimage"},"thumbnailUrl":"https:\/\/basaworldtravel.com.ar\/sitio\/wp-content\/uploads\/2025\/10\/GXyuYFStP_1256x620__1.jpg","keywords":["2026","berlin","budapest","EUROPA DEL ESTE","praga","SALIDAS GRUPALES","viena"],"articleSection":["Europa","Paquetes"],"inLanguage":"es"},{"@type":"WebPage","@id":"https:\/\/basaworldtravel.com.ar\/sitio\/2025\/12\/paises-del-este-con-estilo-2026\/","url":"https:\/\/basaworldtravel.com.ar\/sitio\/2025\/12\/paises-del-este-con-estilo-2026\/","name":"PAISES DEL ESTE CON ESTILO-2026 - Basa","isPartOf":{"@id":"https:\/\/basaworldtravel.com.ar\/sitio\/#website"},"primaryImageOfPage":{"@id":"https:\/\/basaworldtravel.com.ar\/sitio\/2025\/12\/paises-del-este-con-estilo-2026\/#primaryimage"},"image":{"@id":"https:\/\/basaworldtravel.com.ar\/sitio\/2025\/12\/paises-del-este-con-estilo-2026\/#primaryimage"},"thumbnailUrl":"https:\/\/basaworldtravel.com.ar\/sitio\/wp-content\/uploads\/2025\/10\/GXyuYFStP_1256x620__1.jpg","datePublished":"2025-12-26T13:51:26+00:00","dateModified":"2025-12-26T13:51:30+00:00","author":{"@id":"https:\/\/basaworldtravel.com.ar\/sitio\/#\/schema\/person\/d89b1d641794d338c41cd3818beabd4c"},"breadcrumb":{"@id":"https:\/\/basaworldtravel.com.ar\/sitio\/2025\/12\/paises-del-este-con-estilo-2026\/#breadcrumb"},"inLanguage":"es","potentialAction":[{"@type":"ReadAction","target":["https:\/\/basaworldtravel.com.ar\/sitio\/2025\/12\/paises-del-este-con-estilo-2026\/"]}]},{"@type":"ImageObject","inLanguage":"es","@id":"https:\/\/basaworldtravel.com.ar\/sitio\/2025\/12\/paises-del-este-con-estilo-2026\/#primaryimage","url":"https:\/\/basaworldtravel.com.ar\/sitio\/wp-content\/uploads\/2025\/10\/GXyuYFStP_1256x620__1.jpg","contentUrl":"https:\/\/basaworldtravel.com.ar\/sitio\/wp-content\/uploads\/2025\/10\/GXyuYFStP_1256x620__1.jpg","width":1256,"height":620},{"@type":"BreadcrumbList","@id":"https:\/\/basaworldtravel.com.ar\/sitio\/2025\/12\/paises-del-este-con-estilo-2026\/#breadcrumb","itemListElement":[{"@type":"ListItem","position":1,"name":"Portada","item":"https:\/\/basaworldtravel.com.ar\/sitio\/"},{"@type":"ListItem","position":2,"name":"PAISES DEL ESTE CON ESTILO-2026"}]},{"@type":"WebSite","@id":"https:\/\/basaworldtravel.com.ar\/sitio\/#website","url":"https:\/\/basaworldtravel.com.ar\/sitio\/","name":"Basa","description":"World Travel","potentialAction":[{"@type":"SearchAction","target":{"@type":"EntryPoint","urlTemplate":"https:\/\/basaworldtravel.com.ar\/sitio\/?s={search_term_string}"},"query-input":{"@type":"PropertyValueSpecification","valueRequired":true,"valueName":"search_term_string"}}],"inLanguage":"es"},{"@type":"Person","@id":"https:\/\/basaworldtravel.com.ar\/sitio\/#\/schema\/person\/d89b1d641794d338c41cd3818beabd4c","name":"BasaWeb","image":{"@type":"ImageObject","inLanguage":"es","@id":"https:\/\/secure.gravatar.com\/avatar\/13e699648957af0aba903942fee2a1fc533d92bcd43fcf375a4df1edc2708698?s=96&d=mm&r=g","url":"https:\/\/secure.gravatar.com\/avatar\/13e699648957af0aba903942fee2a1fc533d92bcd43fcf375a4df1edc2708698?s=96&d=mm&r=g","contentUrl":"https:\/\/secure.gravatar.com\/avatar\/13e699648957af0aba903942fee2a1fc533d92bcd43fcf375a4df1edc2708698?s=96&d=mm&r=g","caption":"BasaWeb"},"url":"https:\/\/basaworldtravel.com.ar\/sitio\/author\/basaweb\/"}]}},"_links":{"self":[{"href":"https:\/\/basaworldtravel.com.ar\/sitio\/wp-json\/wp\/v2\/posts\/155651","targetHints":{"allow":["GET"]}}],"collection":[{"href":"https:\/\/basaworldtravel.com.ar\/sitio\/wp-json\/wp\/v2\/posts"}],"about":[{"href":"https:\/\/basaworldtravel.com.ar\/sitio\/wp-json\/wp\/v2\/types\/post"}],"author":[{"embeddable":true,"href":"https:\/\/basaworldtravel.com.ar\/sitio\/wp-json\/wp\/v2\/users\/2"}],"replies":[{"embeddable":true,"href":"https:\/\/basaworldtravel.com.ar\/sitio\/wp-json\/wp\/v2\/comments?post=155651"}],"version-history":[{"count":2,"href":"https:\/\/basaworldtravel.com.ar\/sitio\/wp-json\/wp\/v2\/posts\/155651\/revisions"}],"predecessor-version":[{"id":155657,"href":"https:\/\/basaworldtravel.com.ar\/sitio\/wp-json\/wp\/v2\/posts\/155651\/revisions\/155657"}],"wp:featuredmedia":[{"embeddable":true,"href":"https:\/\/basaworldtravel.com.ar\/sitio\/wp-json\/wp\/v2\/media\/155183"}],"wp:attachment":[{"href":"https:\/\/basaworldtravel.com.ar\/sitio\/wp-json\/wp\/v2\/media?parent=155651"}],"wp:term":[{"taxonomy":"category","embeddable":true,"href":"https:\/\/basaworldtravel.com.ar\/sitio\/wp-json\/wp\/v2\/categories?post=155651"},{"taxonomy":"post_tag","embeddable":true,"href":"https:\/\/basaworldtravel.com.ar\/sitio\/wp-json\/wp\/v2\/tags?post=155651"}],"curies":[{"name":"wp","href":"https:\/\/api.w.org\/{rel}","templated":true}]}}