{"id":155640,"date":"2025-12-23T10:01:26","date_gmt":"2025-12-23T13:01:26","guid":{"rendered":"https:\/\/basaworldtravel.com.ar\/?p=155640"},"modified":"2025-12-23T10:01:28","modified_gmt":"2025-12-23T13:01:28","slug":"japon-corea-con-estilo-abril-2026","status":"publish","type":"post","link":"https:\/\/basaworldtravel.com.ar\/sitio\/2025\/12\/japon-corea-con-estilo-abril-2026\/","title":{"rendered":"JAP\u00d3N &amp; COREA CON ESTILO -Abril 2026"},"content":{"rendered":"\n<p>Salida 10 abril 2026<\/p>\n\n\n\n<p>Recorriendo<br>TOKIO &#8211; MONTE FUJI &#8211; MATSUM\u041e\u0422\u041e &#8211; \u0422AKAYAMA &#8211; SHIRAKAGAWO KANAZAWA &#8211; KYOTO &#8211; NARA &#8211; OSAKA &#8211; SE\u00daL &#8211; SUWON &#8211; ANDONG &#8211; GYEONGJU &#8211; SE\u00daL<\/p>\n\n\n\n<p><strong>SERVICIOS INCLUIDOS<\/strong><\/p>\n\n\n\n<ul class=\"wp-block-list\">\n<li>Vuelos internacionales y dom\u00e9sticos<\/li>\n\n\n\n<li>Todos los servicios mencionados en su itinerario.<\/li>\n\n\n\n<li>Alojamiento en habitaci\u00f3n doble con desayuno incluido<\/li>\n\n\n\n<li>Servicios de gu\u00edas locales en cada sitio en espa\u00f1ol, a menos que se indique lo contrario en el itinerario.<\/li>\n\n\n\n<li>Comidas incluidas seg\u00fan lo indicado.<\/li>\n\n\n\n<li>Seguro de asistencia m\u00e9dica GLOBAL (Terrawind) *Consultar Suplemento + de 75 a\u00f1os *<\/li>\n\n\n\n<li>En el bus se permite una maleta por persona + 1 bolso de mano. <\/li>\n<\/ul>\n\n\n\n<p><strong>VUELOS<\/strong><\/p>\n\n\n\n<figure class=\"wp-block-image size-full\"><img loading=\"lazy\" decoding=\"async\" width=\"850\" height=\"547\" src=\"https:\/\/basaworldtravel.com.ar\/sitio\/wp-content\/uploads\/2025\/12\/image.png\" alt=\"\" class=\"wp-image-155641\" srcset=\"https:\/\/basaworldtravel.com.ar\/sitio\/wp-content\/uploads\/2025\/12\/image.png 850w, https:\/\/basaworldtravel.com.ar\/sitio\/wp-content\/uploads\/2025\/12\/image-300x193.png 300w, https:\/\/basaworldtravel.com.ar\/sitio\/wp-content\/uploads\/2025\/12\/image-768x494.png 768w, https:\/\/basaworldtravel.com.ar\/sitio\/wp-content\/uploads\/2025\/12\/image-500x322.png 500w, https:\/\/basaworldtravel.com.ar\/sitio\/wp-content\/uploads\/2025\/12\/image-800x515.png 800w\" sizes=\"auto, (max-width: 850px) 100vw, 850px\" \/><\/figure>\n\n\n\n<p><\/p>\n\n\n\n<p><strong>SERVICIOS NO INCLUIDOS<\/strong><\/p>\n\n\n\n<ul class=\"wp-block-list\">\n<li>Cargos personales como: lavander\u00eda, tel\u00e9fono, bar, fotograf\u00edas en cierre museos, etc.<\/li>\n\n\n\n<li>Cualquier excursi\u00f3n opcional y\/o excursiones pre\/post tour<\/li>\n\n\n\n<li>Gastos de Visados, vacunas o cualquier gasto medico Propinas para<br>gu\u00edas, choferes, maleteros.<\/li>\n\n\n\n<li>Exceso de equipaje<\/li>\n\n\n\n<li>Cualquier otro gasto no mencionado en las inclusiones del programa.<\/li>\n\n\n\n<li>Comidas no mencionadas<\/li>\n<\/ul>\n\n\n\n<p><strong>HOTELES PREVISTOS<\/strong><\/p>\n\n\n\n<figure class=\"wp-block-image size-full\"><img loading=\"lazy\" decoding=\"async\" width=\"653\" height=\"438\" src=\"https:\/\/basaworldtravel.com.ar\/sitio\/wp-content\/uploads\/2025\/12\/image-1.png\" alt=\"\" class=\"wp-image-155642\" srcset=\"https:\/\/basaworldtravel.com.ar\/sitio\/wp-content\/uploads\/2025\/12\/image-1.png 653w, https:\/\/basaworldtravel.com.ar\/sitio\/wp-content\/uploads\/2025\/12\/image-1-300x201.png 300w, https:\/\/basaworldtravel.com.ar\/sitio\/wp-content\/uploads\/2025\/12\/image-1-500x335.png 500w\" sizes=\"auto, (max-width: 653px) 100vw, 653px\" \/><\/figure>\n\n\n\n<p><strong>TARIFA POR PERSONA EN  BASE DOBLE USD11.110 <\/strong><\/p>\n\n\n\n<p><strong>CONDICIONES DE PAGO<\/strong><\/p>\n\n\n\n<ul class=\"wp-block-list\">\n<li>Se\u00f1a para reserva: USD 500.-<\/li>\n\n\n\n<li>Refuerzo de USD 2.500.- al 10 de Diciembre<\/li>\n\n\n\n<li>Refuerzo de USD 4.000.- al 10 de Enero<\/li>\n\n\n\n<li>Saldo 30 d\u00edas antes de la salida<\/li>\n<\/ul>\n\n\n\n<p><strong>POLITICAS DE CANCELACI\u00d3N:<\/strong><\/p>\n\n\n\n<ul class=\"wp-block-list\">\n<li>Cancelaciones anteriores a 121 d\u00edas: sin cargo<\/li>\n\n\n\n<li>Cancelaciones entre los 120 y los 91 d\u00edas: 25% de gastos<\/li>\n\n\n\n<li>Cancelaciones entre 90 y 30 d\u00edas: 65% de gastos<\/li>\n\n\n\n<li>Cancelaciones entre 29 y 01 d\u00edas: 100% de gastos<\/li>\n<\/ul>\n\n\n\n<p><\/p>\n\n\n\n<p>EPLUS<\/p>\n\n\n\n<p><\/p>\n","protected":false},"excerpt":{"rendered":"<p>Recorr\u00e9 el futuro sin dejar atr\u00e1s la tradici\u00f3n!<\/p>\n","protected":false},"author":2,"featured_media":155643,"comment_status":"closed","ping_status":"open","sticky":false,"template":"","format":"standard","meta":{"_acf_changed":false,"footnotes":""},"categories":[9,5],"tags":[703,705,706,708,786,787,711,80,712,785,784],"class_list":["post-155640","post","type-post","status-publish","format-standard","has-post-thumbnail","hentry","category-exoticos","category-paquetes","tag-703","tag-corea","tag-japon","tag-kanazawa","tag-matsum","tag-monte-fuji","tag-osaka","tag-salidas-grupales","tag-seul","tag-shirakagawo","tag-tokio","category-9","category-5","description-off"],"acf":[],"yoast_head":"<!-- This site is optimized with the Yoast SEO plugin v28.4 - https:\/\/yoast.com\/product\/yoast-seo-wordpress\/ -->\n<title>JAP\u00d3N &amp; COREA CON ESTILO -Abril 2026 - Basa<\/title>\n<meta name=\"robots\" content=\"index, follow, max-snippet:-1, max-image-preview:large, max-video-preview:-1\" \/>\n<link rel=\"canonical\" href=\"https:\/\/basaworldtravel.com.ar\/sitio\/2025\/12\/japon-corea-con-estilo-abril-2026\/\" \/>\n<meta property=\"og:locale\" content=\"es_ES\" \/>\n<meta property=\"og:type\" content=\"article\" \/>\n<meta property=\"og:title\" content=\"JAP\u00d3N &amp; COREA CON ESTILO -Abril 2026 - Basa\" \/>\n<meta property=\"og:description\" content=\"Recorr\u00e9 el futuro sin dejar atr\u00e1s la tradici\u00f3n!\" \/>\n<meta property=\"og:url\" content=\"https:\/\/basaworldtravel.com.ar\/sitio\/2025\/12\/japon-corea-con-estilo-abril-2026\/\" \/>\n<meta property=\"og:site_name\" content=\"Basa\" \/>\n<meta property=\"article:published_time\" content=\"2025-12-23T13:01:26+00:00\" \/>\n<meta property=\"article:modified_time\" content=\"2025-12-23T13:01:28+00:00\" \/>\n<meta property=\"og:image\" content=\"https:\/\/basaworldtravel.com.ar\/sitio\/wp-content\/uploads\/2025\/12\/Tokio-2019-portada.jpg\" \/>\n\t<meta property=\"og:image:width\" content=\"1286\" \/>\n\t<meta property=\"og:image:height\" content=\"768\" \/>\n\t<meta property=\"og:image:type\" content=\"image\/jpeg\" \/>\n<meta name=\"author\" content=\"BasaWeb\" \/>\n<meta name=\"twitter:card\" content=\"summary_large_image\" \/>\n<meta name=\"twitter:label1\" content=\"Escrito por\" \/>\n\t<meta name=\"twitter:data1\" content=\"BasaWeb\" \/>\n\t<meta name=\"twitter:label2\" content=\"Tiempo de lectura\" \/>\n\t<meta name=\"twitter:data2\" content=\"2 minutos\" \/>\n<script type=\"application\/ld+json\" class=\"yoast-schema-graph\">{\"@context\":\"https:\\\/\\\/schema.org\",\"@graph\":[{\"@type\":\"Article\",\"@id\":\"https:\\\/\\\/basaworldtravel.com.ar\\\/sitio\\\/2025\\\/12\\\/japon-corea-con-estilo-abril-2026\\\/#article\",\"isPartOf\":{\"@id\":\"https:\\\/\\\/basaworldtravel.com.ar\\\/sitio\\\/2025\\\/12\\\/japon-corea-con-estilo-abril-2026\\\/\"},\"author\":{\"name\":\"BasaWeb\",\"@id\":\"https:\\\/\\\/basaworldtravel.com.ar\\\/sitio\\\/#\\\/schema\\\/person\\\/d89b1d641794d338c41cd3818beabd4c\"},\"headline\":\"JAP\u00d3N &amp; COREA CON ESTILO -Abril 2026\",\"datePublished\":\"2025-12-23T13:01:26+00:00\",\"dateModified\":\"2025-12-23T13:01:28+00:00\",\"mainEntityOfPage\":{\"@id\":\"https:\\\/\\\/basaworldtravel.com.ar\\\/sitio\\\/2025\\\/12\\\/japon-corea-con-estilo-abril-2026\\\/\"},\"wordCount\":242,\"image\":{\"@id\":\"https:\\\/\\\/basaworldtravel.com.ar\\\/sitio\\\/2025\\\/12\\\/japon-corea-con-estilo-abril-2026\\\/#primaryimage\"},\"thumbnailUrl\":\"https:\\\/\\\/basaworldtravel.com.ar\\\/sitio\\\/wp-content\\\/uploads\\\/2025\\\/12\\\/Tokio-2019-portada.jpg\",\"keywords\":[\"2026\",\"COREA\",\"JAPON\",\"KANAZAWA\",\"MATSUM\u041e\u0422\u041e\",\"MONTE FUJI\",\"OSAKA\",\"SALIDAS GRUPALES\",\"SEUL\",\"SHIRAKAGAWO\",\"TOKIO\"],\"articleSection\":[\"Exoticos\",\"Paquetes\"],\"inLanguage\":\"es\"},{\"@type\":\"WebPage\",\"@id\":\"https:\\\/\\\/basaworldtravel.com.ar\\\/sitio\\\/2025\\\/12\\\/japon-corea-con-estilo-abril-2026\\\/\",\"url\":\"https:\\\/\\\/basaworldtravel.com.ar\\\/sitio\\\/2025\\\/12\\\/japon-corea-con-estilo-abril-2026\\\/\",\"name\":\"JAP\u00d3N &amp; COREA CON ESTILO -Abril 2026 - Basa\",\"isPartOf\":{\"@id\":\"https:\\\/\\\/basaworldtravel.com.ar\\\/sitio\\\/#website\"},\"primaryImageOfPage\":{\"@id\":\"https:\\\/\\\/basaworldtravel.com.ar\\\/sitio\\\/2025\\\/12\\\/japon-corea-con-estilo-abril-2026\\\/#primaryimage\"},\"image\":{\"@id\":\"https:\\\/\\\/basaworldtravel.com.ar\\\/sitio\\\/2025\\\/12\\\/japon-corea-con-estilo-abril-2026\\\/#primaryimage\"},\"thumbnailUrl\":\"https:\\\/\\\/basaworldtravel.com.ar\\\/sitio\\\/wp-content\\\/uploads\\\/2025\\\/12\\\/Tokio-2019-portada.jpg\",\"datePublished\":\"2025-12-23T13:01:26+00:00\",\"dateModified\":\"2025-12-23T13:01:28+00:00\",\"author\":{\"@id\":\"https:\\\/\\\/basaworldtravel.com.ar\\\/sitio\\\/#\\\/schema\\\/person\\\/d89b1d641794d338c41cd3818beabd4c\"},\"breadcrumb\":{\"@id\":\"https:\\\/\\\/basaworldtravel.com.ar\\\/sitio\\\/2025\\\/12\\\/japon-corea-con-estilo-abril-2026\\\/#breadcrumb\"},\"inLanguage\":\"es\",\"potentialAction\":[{\"@type\":\"ReadAction\",\"target\":[\"https:\\\/\\\/basaworldtravel.com.ar\\\/sitio\\\/2025\\\/12\\\/japon-corea-con-estilo-abril-2026\\\/\"]}]},{\"@type\":\"ImageObject\",\"inLanguage\":\"es\",\"@id\":\"https:\\\/\\\/basaworldtravel.com.ar\\\/sitio\\\/2025\\\/12\\\/japon-corea-con-estilo-abril-2026\\\/#primaryimage\",\"url\":\"https:\\\/\\\/basaworldtravel.com.ar\\\/sitio\\\/wp-content\\\/uploads\\\/2025\\\/12\\\/Tokio-2019-portada.jpg\",\"contentUrl\":\"https:\\\/\\\/basaworldtravel.com.ar\\\/sitio\\\/wp-content\\\/uploads\\\/2025\\\/12\\\/Tokio-2019-portada.jpg\",\"width\":1286,\"height\":768},{\"@type\":\"BreadcrumbList\",\"@id\":\"https:\\\/\\\/basaworldtravel.com.ar\\\/sitio\\\/2025\\\/12\\\/japon-corea-con-estilo-abril-2026\\\/#breadcrumb\",\"itemListElement\":[{\"@type\":\"ListItem\",\"position\":1,\"name\":\"Portada\",\"item\":\"https:\\\/\\\/basaworldtravel.com.ar\\\/sitio\\\/\"},{\"@type\":\"ListItem\",\"position\":2,\"name\":\"JAP\u00d3N &amp; COREA CON ESTILO -Abril 2026\"}]},{\"@type\":\"WebSite\",\"@id\":\"https:\\\/\\\/basaworldtravel.com.ar\\\/sitio\\\/#website\",\"url\":\"https:\\\/\\\/basaworldtravel.com.ar\\\/sitio\\\/\",\"name\":\"Basa\",\"description\":\"World Travel\",\"potentialAction\":[{\"@type\":\"SearchAction\",\"target\":{\"@type\":\"EntryPoint\",\"urlTemplate\":\"https:\\\/\\\/basaworldtravel.com.ar\\\/sitio\\\/?s={search_term_string}\"},\"query-input\":{\"@type\":\"PropertyValueSpecification\",\"valueRequired\":true,\"valueName\":\"search_term_string\"}}],\"inLanguage\":\"es\"},{\"@type\":\"Person\",\"@id\":\"https:\\\/\\\/basaworldtravel.com.ar\\\/sitio\\\/#\\\/schema\\\/person\\\/d89b1d641794d338c41cd3818beabd4c\",\"name\":\"BasaWeb\",\"image\":{\"@type\":\"ImageObject\",\"inLanguage\":\"es\",\"@id\":\"https:\\\/\\\/secure.gravatar.com\\\/avatar\\\/13e699648957af0aba903942fee2a1fc533d92bcd43fcf375a4df1edc2708698?s=96&d=mm&r=g\",\"url\":\"https:\\\/\\\/secure.gravatar.com\\\/avatar\\\/13e699648957af0aba903942fee2a1fc533d92bcd43fcf375a4df1edc2708698?s=96&d=mm&r=g\",\"contentUrl\":\"https:\\\/\\\/secure.gravatar.com\\\/avatar\\\/13e699648957af0aba903942fee2a1fc533d92bcd43fcf375a4df1edc2708698?s=96&d=mm&r=g\",\"caption\":\"BasaWeb\"},\"url\":\"https:\\\/\\\/basaworldtravel.com.ar\\\/sitio\\\/author\\\/basaweb\\\/\"}]}<\/script>\n<!-- \/ Yoast SEO plugin. -->","yoast_head_json":{"title":"JAP\u00d3N &amp; COREA CON ESTILO -Abril 2026 - Basa","robots":{"index":"index","follow":"follow","max-snippet":"max-snippet:-1","max-image-preview":"max-image-preview:large","max-video-preview":"max-video-preview:-1"},"canonical":"https:\/\/basaworldtravel.com.ar\/sitio\/2025\/12\/japon-corea-con-estilo-abril-2026\/","og_locale":"es_ES","og_type":"article","og_title":"JAP\u00d3N &amp; COREA CON ESTILO -Abril 2026 - Basa","og_description":"Recorr\u00e9 el futuro sin dejar atr\u00e1s la tradici\u00f3n!","og_url":"https:\/\/basaworldtravel.com.ar\/sitio\/2025\/12\/japon-corea-con-estilo-abril-2026\/","og_site_name":"Basa","article_published_time":"2025-12-23T13:01:26+00:00","article_modified_time":"2025-12-23T13:01:28+00:00","og_image":[{"width":1286,"height":768,"url":"https:\/\/basaworldtravel.com.ar\/sitio\/wp-content\/uploads\/2025\/12\/Tokio-2019-portada.jpg","type":"image\/jpeg"}],"author":"BasaWeb","twitter_card":"summary_large_image","twitter_misc":{"Escrito por":"BasaWeb","Tiempo de lectura":"2 minutos"},"schema":{"@context":"https:\/\/schema.org","@graph":[{"@type":"Article","@id":"https:\/\/basaworldtravel.com.ar\/sitio\/2025\/12\/japon-corea-con-estilo-abril-2026\/#article","isPartOf":{"@id":"https:\/\/basaworldtravel.com.ar\/sitio\/2025\/12\/japon-corea-con-estilo-abril-2026\/"},"author":{"name":"BasaWeb","@id":"https:\/\/basaworldtravel.com.ar\/sitio\/#\/schema\/person\/d89b1d641794d338c41cd3818beabd4c"},"headline":"JAP\u00d3N &amp; COREA CON ESTILO -Abril 2026","datePublished":"2025-12-23T13:01:26+00:00","dateModified":"2025-12-23T13:01:28+00:00","mainEntityOfPage":{"@id":"https:\/\/basaworldtravel.com.ar\/sitio\/2025\/12\/japon-corea-con-estilo-abril-2026\/"},"wordCount":242,"image":{"@id":"https:\/\/basaworldtravel.com.ar\/sitio\/2025\/12\/japon-corea-con-estilo-abril-2026\/#primaryimage"},"thumbnailUrl":"https:\/\/basaworldtravel.com.ar\/sitio\/wp-content\/uploads\/2025\/12\/Tokio-2019-portada.jpg","keywords":["2026","COREA","JAPON","KANAZAWA","MATSUM\u041e\u0422\u041e","MONTE FUJI","OSAKA","SALIDAS GRUPALES","SEUL","SHIRAKAGAWO","TOKIO"],"articleSection":["Exoticos","Paquetes"],"inLanguage":"es"},{"@type":"WebPage","@id":"https:\/\/basaworldtravel.com.ar\/sitio\/2025\/12\/japon-corea-con-estilo-abril-2026\/","url":"https:\/\/basaworldtravel.com.ar\/sitio\/2025\/12\/japon-corea-con-estilo-abril-2026\/","name":"JAP\u00d3N &amp; COREA CON ESTILO -Abril 2026 - Basa","isPartOf":{"@id":"https:\/\/basaworldtravel.com.ar\/sitio\/#website"},"primaryImageOfPage":{"@id":"https:\/\/basaworldtravel.com.ar\/sitio\/2025\/12\/japon-corea-con-estilo-abril-2026\/#primaryimage"},"image":{"@id":"https:\/\/basaworldtravel.com.ar\/sitio\/2025\/12\/japon-corea-con-estilo-abril-2026\/#primaryimage"},"thumbnailUrl":"https:\/\/basaworldtravel.com.ar\/sitio\/wp-content\/uploads\/2025\/12\/Tokio-2019-portada.jpg","datePublished":"2025-12-23T13:01:26+00:00","dateModified":"2025-12-23T13:01:28+00:00","author":{"@id":"https:\/\/basaworldtravel.com.ar\/sitio\/#\/schema\/person\/d89b1d641794d338c41cd3818beabd4c"},"breadcrumb":{"@id":"https:\/\/basaworldtravel.com.ar\/sitio\/2025\/12\/japon-corea-con-estilo-abril-2026\/#breadcrumb"},"inLanguage":"es","potentialAction":[{"@type":"ReadAction","target":["https:\/\/basaworldtravel.com.ar\/sitio\/2025\/12\/japon-corea-con-estilo-abril-2026\/"]}]},{"@type":"ImageObject","inLanguage":"es","@id":"https:\/\/basaworldtravel.com.ar\/sitio\/2025\/12\/japon-corea-con-estilo-abril-2026\/#primaryimage","url":"https:\/\/basaworldtravel.com.ar\/sitio\/wp-content\/uploads\/2025\/12\/Tokio-2019-portada.jpg","contentUrl":"https:\/\/basaworldtravel.com.ar\/sitio\/wp-content\/uploads\/2025\/12\/Tokio-2019-portada.jpg","width":1286,"height":768},{"@type":"BreadcrumbList","@id":"https:\/\/basaworldtravel.com.ar\/sitio\/2025\/12\/japon-corea-con-estilo-abril-2026\/#breadcrumb","itemListElement":[{"@type":"ListItem","position":1,"name":"Portada","item":"https:\/\/basaworldtravel.com.ar\/sitio\/"},{"@type":"ListItem","position":2,"name":"JAP\u00d3N &amp; COREA CON ESTILO -Abril 2026"}]},{"@type":"WebSite","@id":"https:\/\/basaworldtravel.com.ar\/sitio\/#website","url":"https:\/\/basaworldtravel.com.ar\/sitio\/","name":"Basa","description":"World Travel","potentialAction":[{"@type":"SearchAction","target":{"@type":"EntryPoint","urlTemplate":"https:\/\/basaworldtravel.com.ar\/sitio\/?s={search_term_string}"},"query-input":{"@type":"PropertyValueSpecification","valueRequired":true,"valueName":"search_term_string"}}],"inLanguage":"es"},{"@type":"Person","@id":"https:\/\/basaworldtravel.com.ar\/sitio\/#\/schema\/person\/d89b1d641794d338c41cd3818beabd4c","name":"BasaWeb","image":{"@type":"ImageObject","inLanguage":"es","@id":"https:\/\/secure.gravatar.com\/avatar\/13e699648957af0aba903942fee2a1fc533d92bcd43fcf375a4df1edc2708698?s=96&d=mm&r=g","url":"https:\/\/secure.gravatar.com\/avatar\/13e699648957af0aba903942fee2a1fc533d92bcd43fcf375a4df1edc2708698?s=96&d=mm&r=g","contentUrl":"https:\/\/secure.gravatar.com\/avatar\/13e699648957af0aba903942fee2a1fc533d92bcd43fcf375a4df1edc2708698?s=96&d=mm&r=g","caption":"BasaWeb"},"url":"https:\/\/basaworldtravel.com.ar\/sitio\/author\/basaweb\/"}]}},"_links":{"self":[{"href":"https:\/\/basaworldtravel.com.ar\/sitio\/wp-json\/wp\/v2\/posts\/155640","targetHints":{"allow":["GET"]}}],"collection":[{"href":"https:\/\/basaworldtravel.com.ar\/sitio\/wp-json\/wp\/v2\/posts"}],"about":[{"href":"https:\/\/basaworldtravel.com.ar\/sitio\/wp-json\/wp\/v2\/types\/post"}],"author":[{"embeddable":true,"href":"https:\/\/basaworldtravel.com.ar\/sitio\/wp-json\/wp\/v2\/users\/2"}],"replies":[{"embeddable":true,"href":"https:\/\/basaworldtravel.com.ar\/sitio\/wp-json\/wp\/v2\/comments?post=155640"}],"version-history":[{"count":1,"href":"https:\/\/basaworldtravel.com.ar\/sitio\/wp-json\/wp\/v2\/posts\/155640\/revisions"}],"predecessor-version":[{"id":155644,"href":"https:\/\/basaworldtravel.com.ar\/sitio\/wp-json\/wp\/v2\/posts\/155640\/revisions\/155644"}],"wp:featuredmedia":[{"embeddable":true,"href":"https:\/\/basaworldtravel.com.ar\/sitio\/wp-json\/wp\/v2\/media\/155643"}],"wp:attachment":[{"href":"https:\/\/basaworldtravel.com.ar\/sitio\/wp-json\/wp\/v2\/media?parent=155640"}],"wp:term":[{"taxonomy":"category","embeddable":true,"href":"https:\/\/basaworldtravel.com.ar\/sitio\/wp-json\/wp\/v2\/categories?post=155640"},{"taxonomy":"post_tag","embeddable":true,"href":"https:\/\/basaworldtravel.com.ar\/sitio\/wp-json\/wp\/v2\/tags?post=155640"}],"curies":[{"name":"wp","href":"https:\/\/api.w.org\/{rel}","templated":true}]}}