{"id":155622,"date":"2026-03-31T10:14:57","date_gmt":"2026-03-31T13:14:57","guid":{"rendered":"https:\/\/basaworldtravel.com.ar\/?p=155622"},"modified":"2026-03-31T10:15:00","modified_gmt":"2026-03-31T13:15:00","slug":"gramado-y-canela-en-pascuas-abril-2026","status":"publish","type":"post","link":"https:\/\/basaworldtravel.com.ar\/sitio\/2026\/03\/gramado-y-canela-en-pascuas-abril-2026\/","title":{"rendered":"GRAMADO EN AEREO-NATAL LUZ"},"content":{"rendered":"\n<p>Salida 27 Octubre<\/p>\n\n\n\n<p>AEREO 5 NOCHES<\/p>\n\n\n\n<p>5 NOCHES DE ALOJAMIENTO EN GRAMADO CON DESAYUNO  <a href=\"http:\/\/www.hotelcercano.com.br\/\" target=\"_blank\" rel=\"noreferrer noopener\">\u00a0\u00a0HOTEL CERCANO GRAMADO<\/a> <\/p>\n\n\n\n<p>ENTRADAS INCLUIDAS AL SHOW DE NATAL LUZ seg\u00fan programaci\u00f3n del festival<\/p>\n\n\n\n<h2 class=\"wp-block-heading\"><\/h2>\n\n\n\n<p>Traslado terrestre hacia Aeroparque <\/p>\n\n\n\n<p>AEREO BUENOS AIRES PORTO ALEGRE BUENOS AIRES CON AEROLINEAS ARGENTINAS<\/p>\n\n\n\n<p>Traslados en destino <\/p>\n\n\n\n<p>COORDINADOR PERMANENTE<\/p>\n\n\n\n<p> Asistencia Medica (cobertura hasta 70 a\u00f1os, a partir de 71 a\u00f1os abonan adicional) USD 40<\/p>\n\n\n\n<p><\/p>\n\n\n\n<p><strong>Itinerario <\/strong><\/p>\n\n\n\n<p>DENTRO DE LA ESTADIA SE ASISTIRA AL ESPECTACULO SEGUN PROGRAMACION Y SE INFORMARAN LAS ACTIVIDADES GRATUITAS Y CON COSTO ADICIONAL SEGUN CALENDARIO DE NATAL LUZ <\/p>\n\n\n\n<p>D\u00eda 1 27\/10 Salida via terrestre hacia Aeroparque, aereo Buenos Aires Porto Alegre, traslado hacia Gramado, llegada, alojamiento.<\/p>\n\n\n\n<p> D\u00eda 2 Gramado, d\u00eda libre para realizar excursiones o paseos <\/p>\n\n\n\n<p>D\u00eda 3 Gramado, d\u00eda libre para realizar excursiones o paseos <\/p>\n\n\n\n<p>D\u00eda 4 Gramado, d\u00eda libre para realizar excursiones o paseos <\/p>\n\n\n\n<p>D\u00eda 5 Gramado, d\u00eda libre para realizar excursiones o paseos <\/p>\n\n\n\n<p>D\u00eda 6 Gramado, traslado en bus privado al aeropuerto de Porto Alegre, embarque y vuelo hacia Buenos Aires, luego traslado terrestre hacia rosario. <\/p>\n\n\n\n<p>Fin de nuestros servicios.<\/p>\n\n\n\n<p><strong>EXCURSIONES OPCIONALES<\/strong> <\/p>\n\n\n\n<p>Gramado y Canela con Minimundo y Cascada Caracol y visitas a fabricas para compras <\/p>\n\n\n\n<p>Tren Mar\u00eda Fumaca con visita a la fabrica Tramontina segun programaci\u00f3n del Tren<\/p>\n\n\n\n<p><\/p>\n\n\n\n<p><strong>PRECIO POR PERSONA EN BASE DOBLE ABONANDO VIA TRANSFERENCIA BANCARIA USD1477 <\/strong><\/p>\n\n\n\n<p><strong>PRECIO POR PERSONA ABONANDO EN EFECTIVO DOLAR USD1525 <\/strong><\/p>\n\n\n\n<p>rpl<\/p>\n","protected":false},"excerpt":{"rendered":"<p>Gramado se transforma con una deslumbrante decoraci\u00f3n navide\u00f1a y una programaci\u00f3n art\u00edstica encantadora. No se pierda l os espet\u00e1culos pagos y gratuitos que cuentan las mas bellas historias de navidad.<\/p>\n","protected":false},"author":2,"featured_media":154348,"comment_status":"closed","ping_status":"open","sticky":false,"template":"","format":"standard","meta":{"_acf_changed":false,"footnotes":""},"categories":[40,5,245],"tags":[703,41,509,508,80],"class_list":["post-155622","post","type-post","status-publish","format-standard","has-post-thumbnail","hentry","category-brasil","category-paquetes","category-sudamerica","tag-703","tag-brasil","tag-canela","tag-gramado","tag-salidas-grupales","category-40","category-5","category-245","description-off"],"acf":[],"yoast_head":"<!-- This site is optimized with the Yoast SEO plugin v28.4 - https:\/\/yoast.com\/product\/yoast-seo-wordpress\/ -->\n<title>GRAMADO EN AEREO-NATAL LUZ - Basa<\/title>\n<meta name=\"robots\" content=\"index, follow, max-snippet:-1, max-image-preview:large, max-video-preview:-1\" \/>\n<link rel=\"canonical\" href=\"https:\/\/basaworldtravel.com.ar\/sitio\/2026\/03\/gramado-y-canela-en-pascuas-abril-2026\/\" \/>\n<meta property=\"og:locale\" content=\"es_ES\" \/>\n<meta property=\"og:type\" content=\"article\" \/>\n<meta property=\"og:title\" content=\"GRAMADO EN AEREO-NATAL LUZ - Basa\" \/>\n<meta property=\"og:description\" content=\"Gramado se transforma con una deslumbrante decoraci\u00f3n navide\u00f1a y una programaci\u00f3n art\u00edstica encantadora. No se pierda l os espet\u00e1culos pagos y gratuitos que cuentan las mas bellas historias de navidad.\" \/>\n<meta property=\"og:url\" content=\"https:\/\/basaworldtravel.com.ar\/sitio\/2026\/03\/gramado-y-canela-en-pascuas-abril-2026\/\" \/>\n<meta property=\"og:site_name\" content=\"Basa\" \/>\n<meta property=\"article:published_time\" content=\"2026-03-31T13:14:57+00:00\" \/>\n<meta property=\"article:modified_time\" content=\"2026-03-31T13:15:00+00:00\" \/>\n<meta property=\"og:image\" content=\"https:\/\/basaworldtravel.com.ar\/sitio\/wp-content\/uploads\/2025\/06\/Gramado-no-Natal-1.jpg\" \/>\n\t<meta property=\"og:image:width\" content=\"1296\" \/>\n\t<meta property=\"og:image:height\" content=\"797\" \/>\n\t<meta property=\"og:image:type\" content=\"image\/jpeg\" \/>\n<meta name=\"author\" content=\"BasaWeb\" \/>\n<meta name=\"twitter:card\" content=\"summary_large_image\" \/>\n<meta name=\"twitter:label1\" content=\"Escrito por\" \/>\n\t<meta name=\"twitter:data1\" content=\"BasaWeb\" \/>\n\t<meta name=\"twitter:label2\" content=\"Tiempo de lectura\" \/>\n\t<meta name=\"twitter:data2\" content=\"2 minutos\" \/>\n<script type=\"application\/ld+json\" class=\"yoast-schema-graph\">{\"@context\":\"https:\\\/\\\/schema.org\",\"@graph\":[{\"@type\":\"Article\",\"@id\":\"https:\\\/\\\/basaworldtravel.com.ar\\\/sitio\\\/2026\\\/03\\\/gramado-y-canela-en-pascuas-abril-2026\\\/#article\",\"isPartOf\":{\"@id\":\"https:\\\/\\\/basaworldtravel.com.ar\\\/sitio\\\/2026\\\/03\\\/gramado-y-canela-en-pascuas-abril-2026\\\/\"},\"author\":{\"name\":\"BasaWeb\",\"@id\":\"https:\\\/\\\/basaworldtravel.com.ar\\\/sitio\\\/#\\\/schema\\\/person\\\/d89b1d641794d338c41cd3818beabd4c\"},\"headline\":\"GRAMADO EN AEREO-NATAL LUZ\",\"datePublished\":\"2026-03-31T13:14:57+00:00\",\"dateModified\":\"2026-03-31T13:15:00+00:00\",\"mainEntityOfPage\":{\"@id\":\"https:\\\/\\\/basaworldtravel.com.ar\\\/sitio\\\/2026\\\/03\\\/gramado-y-canela-en-pascuas-abril-2026\\\/\"},\"wordCount\":229,\"image\":{\"@id\":\"https:\\\/\\\/basaworldtravel.com.ar\\\/sitio\\\/2026\\\/03\\\/gramado-y-canela-en-pascuas-abril-2026\\\/#primaryimage\"},\"thumbnailUrl\":\"https:\\\/\\\/basaworldtravel.com.ar\\\/sitio\\\/wp-content\\\/uploads\\\/2025\\\/06\\\/Gramado-no-Natal-1.jpg\",\"keywords\":[\"2026\",\"BRASIL\",\"canela\",\"gramado\",\"SALIDAS GRUPALES\"],\"articleSection\":[\"Brasil\",\"Paquetes\",\"Sudam\u00e9rica\"],\"inLanguage\":\"es\"},{\"@type\":\"WebPage\",\"@id\":\"https:\\\/\\\/basaworldtravel.com.ar\\\/sitio\\\/2026\\\/03\\\/gramado-y-canela-en-pascuas-abril-2026\\\/\",\"url\":\"https:\\\/\\\/basaworldtravel.com.ar\\\/sitio\\\/2026\\\/03\\\/gramado-y-canela-en-pascuas-abril-2026\\\/\",\"name\":\"GRAMADO EN AEREO-NATAL LUZ - Basa\",\"isPartOf\":{\"@id\":\"https:\\\/\\\/basaworldtravel.com.ar\\\/sitio\\\/#website\"},\"primaryImageOfPage\":{\"@id\":\"https:\\\/\\\/basaworldtravel.com.ar\\\/sitio\\\/2026\\\/03\\\/gramado-y-canela-en-pascuas-abril-2026\\\/#primaryimage\"},\"image\":{\"@id\":\"https:\\\/\\\/basaworldtravel.com.ar\\\/sitio\\\/2026\\\/03\\\/gramado-y-canela-en-pascuas-abril-2026\\\/#primaryimage\"},\"thumbnailUrl\":\"https:\\\/\\\/basaworldtravel.com.ar\\\/sitio\\\/wp-content\\\/uploads\\\/2025\\\/06\\\/Gramado-no-Natal-1.jpg\",\"datePublished\":\"2026-03-31T13:14:57+00:00\",\"dateModified\":\"2026-03-31T13:15:00+00:00\",\"author\":{\"@id\":\"https:\\\/\\\/basaworldtravel.com.ar\\\/sitio\\\/#\\\/schema\\\/person\\\/d89b1d641794d338c41cd3818beabd4c\"},\"breadcrumb\":{\"@id\":\"https:\\\/\\\/basaworldtravel.com.ar\\\/sitio\\\/2026\\\/03\\\/gramado-y-canela-en-pascuas-abril-2026\\\/#breadcrumb\"},\"inLanguage\":\"es\",\"potentialAction\":[{\"@type\":\"ReadAction\",\"target\":[\"https:\\\/\\\/basaworldtravel.com.ar\\\/sitio\\\/2026\\\/03\\\/gramado-y-canela-en-pascuas-abril-2026\\\/\"]}]},{\"@type\":\"ImageObject\",\"inLanguage\":\"es\",\"@id\":\"https:\\\/\\\/basaworldtravel.com.ar\\\/sitio\\\/2026\\\/03\\\/gramado-y-canela-en-pascuas-abril-2026\\\/#primaryimage\",\"url\":\"https:\\\/\\\/basaworldtravel.com.ar\\\/sitio\\\/wp-content\\\/uploads\\\/2025\\\/06\\\/Gramado-no-Natal-1.jpg\",\"contentUrl\":\"https:\\\/\\\/basaworldtravel.com.ar\\\/sitio\\\/wp-content\\\/uploads\\\/2025\\\/06\\\/Gramado-no-Natal-1.jpg\",\"width\":1296,\"height\":797},{\"@type\":\"BreadcrumbList\",\"@id\":\"https:\\\/\\\/basaworldtravel.com.ar\\\/sitio\\\/2026\\\/03\\\/gramado-y-canela-en-pascuas-abril-2026\\\/#breadcrumb\",\"itemListElement\":[{\"@type\":\"ListItem\",\"position\":1,\"name\":\"Portada\",\"item\":\"https:\\\/\\\/basaworldtravel.com.ar\\\/sitio\\\/\"},{\"@type\":\"ListItem\",\"position\":2,\"name\":\"GRAMADO EN AEREO-NATAL LUZ\"}]},{\"@type\":\"WebSite\",\"@id\":\"https:\\\/\\\/basaworldtravel.com.ar\\\/sitio\\\/#website\",\"url\":\"https:\\\/\\\/basaworldtravel.com.ar\\\/sitio\\\/\",\"name\":\"Basa\",\"description\":\"World Travel\",\"potentialAction\":[{\"@type\":\"SearchAction\",\"target\":{\"@type\":\"EntryPoint\",\"urlTemplate\":\"https:\\\/\\\/basaworldtravel.com.ar\\\/sitio\\\/?s={search_term_string}\"},\"query-input\":{\"@type\":\"PropertyValueSpecification\",\"valueRequired\":true,\"valueName\":\"search_term_string\"}}],\"inLanguage\":\"es\"},{\"@type\":\"Person\",\"@id\":\"https:\\\/\\\/basaworldtravel.com.ar\\\/sitio\\\/#\\\/schema\\\/person\\\/d89b1d641794d338c41cd3818beabd4c\",\"name\":\"BasaWeb\",\"image\":{\"@type\":\"ImageObject\",\"inLanguage\":\"es\",\"@id\":\"https:\\\/\\\/secure.gravatar.com\\\/avatar\\\/13e699648957af0aba903942fee2a1fc533d92bcd43fcf375a4df1edc2708698?s=96&d=mm&r=g\",\"url\":\"https:\\\/\\\/secure.gravatar.com\\\/avatar\\\/13e699648957af0aba903942fee2a1fc533d92bcd43fcf375a4df1edc2708698?s=96&d=mm&r=g\",\"contentUrl\":\"https:\\\/\\\/secure.gravatar.com\\\/avatar\\\/13e699648957af0aba903942fee2a1fc533d92bcd43fcf375a4df1edc2708698?s=96&d=mm&r=g\",\"caption\":\"BasaWeb\"},\"url\":\"https:\\\/\\\/basaworldtravel.com.ar\\\/sitio\\\/author\\\/basaweb\\\/\"}]}<\/script>\n<!-- \/ Yoast SEO plugin. -->","yoast_head_json":{"title":"GRAMADO EN AEREO-NATAL LUZ - Basa","robots":{"index":"index","follow":"follow","max-snippet":"max-snippet:-1","max-image-preview":"max-image-preview:large","max-video-preview":"max-video-preview:-1"},"canonical":"https:\/\/basaworldtravel.com.ar\/sitio\/2026\/03\/gramado-y-canela-en-pascuas-abril-2026\/","og_locale":"es_ES","og_type":"article","og_title":"GRAMADO EN AEREO-NATAL LUZ - Basa","og_description":"Gramado se transforma con una deslumbrante decoraci\u00f3n navide\u00f1a y una programaci\u00f3n art\u00edstica encantadora. No se pierda l os espet\u00e1culos pagos y gratuitos que cuentan las mas bellas historias de navidad.","og_url":"https:\/\/basaworldtravel.com.ar\/sitio\/2026\/03\/gramado-y-canela-en-pascuas-abril-2026\/","og_site_name":"Basa","article_published_time":"2026-03-31T13:14:57+00:00","article_modified_time":"2026-03-31T13:15:00+00:00","og_image":[{"width":1296,"height":797,"url":"https:\/\/basaworldtravel.com.ar\/sitio\/wp-content\/uploads\/2025\/06\/Gramado-no-Natal-1.jpg","type":"image\/jpeg"}],"author":"BasaWeb","twitter_card":"summary_large_image","twitter_misc":{"Escrito por":"BasaWeb","Tiempo de lectura":"2 minutos"},"schema":{"@context":"https:\/\/schema.org","@graph":[{"@type":"Article","@id":"https:\/\/basaworldtravel.com.ar\/sitio\/2026\/03\/gramado-y-canela-en-pascuas-abril-2026\/#article","isPartOf":{"@id":"https:\/\/basaworldtravel.com.ar\/sitio\/2026\/03\/gramado-y-canela-en-pascuas-abril-2026\/"},"author":{"name":"BasaWeb","@id":"https:\/\/basaworldtravel.com.ar\/sitio\/#\/schema\/person\/d89b1d641794d338c41cd3818beabd4c"},"headline":"GRAMADO EN AEREO-NATAL LUZ","datePublished":"2026-03-31T13:14:57+00:00","dateModified":"2026-03-31T13:15:00+00:00","mainEntityOfPage":{"@id":"https:\/\/basaworldtravel.com.ar\/sitio\/2026\/03\/gramado-y-canela-en-pascuas-abril-2026\/"},"wordCount":229,"image":{"@id":"https:\/\/basaworldtravel.com.ar\/sitio\/2026\/03\/gramado-y-canela-en-pascuas-abril-2026\/#primaryimage"},"thumbnailUrl":"https:\/\/basaworldtravel.com.ar\/sitio\/wp-content\/uploads\/2025\/06\/Gramado-no-Natal-1.jpg","keywords":["2026","BRASIL","canela","gramado","SALIDAS GRUPALES"],"articleSection":["Brasil","Paquetes","Sudam\u00e9rica"],"inLanguage":"es"},{"@type":"WebPage","@id":"https:\/\/basaworldtravel.com.ar\/sitio\/2026\/03\/gramado-y-canela-en-pascuas-abril-2026\/","url":"https:\/\/basaworldtravel.com.ar\/sitio\/2026\/03\/gramado-y-canela-en-pascuas-abril-2026\/","name":"GRAMADO EN AEREO-NATAL LUZ - Basa","isPartOf":{"@id":"https:\/\/basaworldtravel.com.ar\/sitio\/#website"},"primaryImageOfPage":{"@id":"https:\/\/basaworldtravel.com.ar\/sitio\/2026\/03\/gramado-y-canela-en-pascuas-abril-2026\/#primaryimage"},"image":{"@id":"https:\/\/basaworldtravel.com.ar\/sitio\/2026\/03\/gramado-y-canela-en-pascuas-abril-2026\/#primaryimage"},"thumbnailUrl":"https:\/\/basaworldtravel.com.ar\/sitio\/wp-content\/uploads\/2025\/06\/Gramado-no-Natal-1.jpg","datePublished":"2026-03-31T13:14:57+00:00","dateModified":"2026-03-31T13:15:00+00:00","author":{"@id":"https:\/\/basaworldtravel.com.ar\/sitio\/#\/schema\/person\/d89b1d641794d338c41cd3818beabd4c"},"breadcrumb":{"@id":"https:\/\/basaworldtravel.com.ar\/sitio\/2026\/03\/gramado-y-canela-en-pascuas-abril-2026\/#breadcrumb"},"inLanguage":"es","potentialAction":[{"@type":"ReadAction","target":["https:\/\/basaworldtravel.com.ar\/sitio\/2026\/03\/gramado-y-canela-en-pascuas-abril-2026\/"]}]},{"@type":"ImageObject","inLanguage":"es","@id":"https:\/\/basaworldtravel.com.ar\/sitio\/2026\/03\/gramado-y-canela-en-pascuas-abril-2026\/#primaryimage","url":"https:\/\/basaworldtravel.com.ar\/sitio\/wp-content\/uploads\/2025\/06\/Gramado-no-Natal-1.jpg","contentUrl":"https:\/\/basaworldtravel.com.ar\/sitio\/wp-content\/uploads\/2025\/06\/Gramado-no-Natal-1.jpg","width":1296,"height":797},{"@type":"BreadcrumbList","@id":"https:\/\/basaworldtravel.com.ar\/sitio\/2026\/03\/gramado-y-canela-en-pascuas-abril-2026\/#breadcrumb","itemListElement":[{"@type":"ListItem","position":1,"name":"Portada","item":"https:\/\/basaworldtravel.com.ar\/sitio\/"},{"@type":"ListItem","position":2,"name":"GRAMADO EN AEREO-NATAL LUZ"}]},{"@type":"WebSite","@id":"https:\/\/basaworldtravel.com.ar\/sitio\/#website","url":"https:\/\/basaworldtravel.com.ar\/sitio\/","name":"Basa","description":"World Travel","potentialAction":[{"@type":"SearchAction","target":{"@type":"EntryPoint","urlTemplate":"https:\/\/basaworldtravel.com.ar\/sitio\/?s={search_term_string}"},"query-input":{"@type":"PropertyValueSpecification","valueRequired":true,"valueName":"search_term_string"}}],"inLanguage":"es"},{"@type":"Person","@id":"https:\/\/basaworldtravel.com.ar\/sitio\/#\/schema\/person\/d89b1d641794d338c41cd3818beabd4c","name":"BasaWeb","image":{"@type":"ImageObject","inLanguage":"es","@id":"https:\/\/secure.gravatar.com\/avatar\/13e699648957af0aba903942fee2a1fc533d92bcd43fcf375a4df1edc2708698?s=96&d=mm&r=g","url":"https:\/\/secure.gravatar.com\/avatar\/13e699648957af0aba903942fee2a1fc533d92bcd43fcf375a4df1edc2708698?s=96&d=mm&r=g","contentUrl":"https:\/\/secure.gravatar.com\/avatar\/13e699648957af0aba903942fee2a1fc533d92bcd43fcf375a4df1edc2708698?s=96&d=mm&r=g","caption":"BasaWeb"},"url":"https:\/\/basaworldtravel.com.ar\/sitio\/author\/basaweb\/"}]}},"_links":{"self":[{"href":"https:\/\/basaworldtravel.com.ar\/sitio\/wp-json\/wp\/v2\/posts\/155622","targetHints":{"allow":["GET"]}}],"collection":[{"href":"https:\/\/basaworldtravel.com.ar\/sitio\/wp-json\/wp\/v2\/posts"}],"about":[{"href":"https:\/\/basaworldtravel.com.ar\/sitio\/wp-json\/wp\/v2\/types\/post"}],"author":[{"embeddable":true,"href":"https:\/\/basaworldtravel.com.ar\/sitio\/wp-json\/wp\/v2\/users\/2"}],"replies":[{"embeddable":true,"href":"https:\/\/basaworldtravel.com.ar\/sitio\/wp-json\/wp\/v2\/comments?post=155622"}],"version-history":[{"count":2,"href":"https:\/\/basaworldtravel.com.ar\/sitio\/wp-json\/wp\/v2\/posts\/155622\/revisions"}],"predecessor-version":[{"id":156225,"href":"https:\/\/basaworldtravel.com.ar\/sitio\/wp-json\/wp\/v2\/posts\/155622\/revisions\/156225"}],"wp:featuredmedia":[{"embeddable":true,"href":"https:\/\/basaworldtravel.com.ar\/sitio\/wp-json\/wp\/v2\/media\/154348"}],"wp:attachment":[{"href":"https:\/\/basaworldtravel.com.ar\/sitio\/wp-json\/wp\/v2\/media?parent=155622"}],"wp:term":[{"taxonomy":"category","embeddable":true,"href":"https:\/\/basaworldtravel.com.ar\/sitio\/wp-json\/wp\/v2\/categories?post=155622"},{"taxonomy":"post_tag","embeddable":true,"href":"https:\/\/basaworldtravel.com.ar\/sitio\/wp-json\/wp\/v2\/tags?post=155622"}],"curies":[{"name":"wp","href":"https:\/\/api.w.org\/{rel}","templated":true}]}}