{"id":155343,"date":"2025-10-22T11:10:48","date_gmt":"2025-10-22T14:10:48","guid":{"rendered":"https:\/\/basaworldtravel.com.ar\/?p=155343"},"modified":"2025-10-22T11:10:49","modified_gmt":"2025-10-22T14:10:49","slug":"bombinhas-verano-2026-2","status":"publish","type":"post","link":"https:\/\/basaworldtravel.com.ar\/sitio\/2025\/10\/bombinhas-verano-2026-2\/","title":{"rendered":"BOMBINHAS -VERANO 2026"},"content":{"rendered":"\n<p id=\"block-74195c44-26b4-497a-99d7-ccc533a7b4c6\">Salidas Enero a Marzo<\/p>\n\n\n\n<p><strong>SERVICIOS<\/strong>:<br>\uf0fc Bus Ch\u00e1rter de Turismo Mix \u2013 Adicional Butaca Cama USD 95.<br>\uf0fc Adicional butacas primeras filas y cafeteras USD 85.<br>\uf0fc COORDINADOR EN VIAJE.<br>\uf0fc 07 Noches de Alojamiento.<br>\uf0fc SERVICIO A BORDO.<br>\uf0fc SEGURO DE ASISTENCIA AL VIAJERO EN DESTINO SIN LIMITE DE EDAD.<br>SERVICIO INCLUYE TRANSFER EXCLUSIVO DESDE PORTO BELO HASTA CADA HOTEL EN BOMBAS<\/p>\n\n\n\n<p><strong>GRUTA DO MONGE<\/strong> &#8211; Playa de Bombinhas  www.pousadagrutadomonge.com.br <br>500 m. de la playa &#8211;  <strong>DESAYUNO BUFFET.<\/strong><\/p>\n\n\n\n<p><strong>05-12-19-26 DE ENERO<\/strong>\u00a0USD745 Por persona en base doble abonando via transferencia bancaria- USD 760 persona en base doble abonando en efectivo<\/p>\n\n\n\n<p><strong>02-09-16-23 DE FEBRERO<\/strong>\u00a0USD685  Por persona en base doble abonando via transferencia bancaria- USD700  persona en base doble abonando en efectivo<\/p>\n\n\n\n<p><strong>02-09-16-23 DE MARZO<\/strong>\u00a0USD565  Por persona en base doble abonando via transferencia bancaria- USD575 persona en base doble abonando en efectivo<\/p>\n\n\n\n<p><\/p>\n\n\n\n<p><strong>SUNNY COAST &#8211; <\/strong>Playa de Bombinhas  www.coastlinehospedagens.com.br<br>200 m. de la playa de Bombinhas y a 400 m. de la Playa de 4 Ilhas-<strong> DESAYUNO BUFFET. <\/strong><\/p>\n\n\n\n<p><strong>05-12-19-26 DE ENERO<\/strong>\u00a0USD869  Por persona en base doble abonando via transferencia bancaria- USD 885  persona en base doble abonando en efectivo<\/p>\n\n\n\n<p><strong>02-09-16-23 DE FEBRERO<\/strong>\u00a0USD778 Por persona en base doble abonando via transferencia bancaria- USD790  persona en base doble abonando en efectivo<\/p>\n\n\n\n<p><strong>02-09-16-23 DE MARZO<\/strong>\u00a0USD585 Por persona en base doble abonando via transferencia bancaria- USD595 persona en base doble abonando en efectivo<\/p>\n\n\n\n<p><\/p>\n\n\n\n<p><strong>PORTO DAS PEDRAS &#8211; <\/strong>Playa de Bombinhas  www. portodaspedras.com.br <strong>&#8211; SIN PENSION <\/strong><br>Frente al mar. Departamentos con ropa de cama y ba\u00f1o &#8211; Sin servicio de limpieza.<br>Departamentos n\u00fameros 05 y 06.<br>Planta baja del dpto: sala de estar, comedor-cocina con vajilla, ba\u00f1o, patio y lavadero.<br>Planta alta del dpto: 01 habitaci\u00f3n con cama matrimonial (con balc\u00f3n y vista al mar), ba\u00f1o y 01 habitaci\u00f3n con camas twin. Ambas con AA.<\/p>\n\n\n\n<p><strong>05-12-19-26 DE ENERO<\/strong>\u00a0USD980  Por persona en base doble abonando via transferencia bancaria- USD 998 persona en base doble abonando en efectivo<\/p>\n\n\n\n<p><strong>02-09-16-23 DE FEBRERO<\/strong>\u00a0USD860  Por persona en base doble abonando via transferencia bancaria- USD 875 persona en base doble abonando en efectivo<\/p>\n\n\n\n<p><strong>02-09-16-23 DE MARZO<\/strong>\u00a0USD 768 Por persona en base doble abonando via transferencia bancaria- USD 780  persona en base doble abonando en efectivo<\/p>\n\n\n\n<p><strong>MENORES<\/strong>:<br>De 00\/04 a\u00f1os cumplidos abona butaca con Asistencia M\u00e9dica: USD 390 compartiendo con dos adultos los servicios hoteleros.<br>De 05 a\u00f1os cumplidos en adelante abona tarifa de adulto con todos los servicios.<\/p>\n\n\n\n<p>DES<\/p>\n\n\n\n<p><\/p>\n","protected":false},"excerpt":{"rendered":"<p>Bombinhas: donde el mar es m\u00e1s azul, la arena m\u00e1s suave y la vida se vive mejor.<\/p>\n","protected":false},"author":2,"featured_media":152081,"comment_status":"closed","ping_status":"open","sticky":false,"template":"","format":"standard","meta":{"_acf_changed":false,"footnotes":""},"categories":[40,5],"tags":[703,408,41,121,24],"class_list":["post-155343","post","type-post","status-publish","format-standard","has-post-thumbnail","hentry","category-brasil","category-paquetes","tag-703","tag-bombinhas","tag-brasil","tag-playa","tag-verano","category-40","category-5","description-off"],"acf":[],"yoast_head":"<!-- This site is optimized with the Yoast SEO plugin v28.4 - https:\/\/yoast.com\/product\/yoast-seo-wordpress\/ -->\n<title>BOMBINHAS -VERANO 2026 - Basa<\/title>\n<meta name=\"robots\" content=\"index, follow, max-snippet:-1, max-image-preview:large, max-video-preview:-1\" \/>\n<link rel=\"canonical\" href=\"https:\/\/basaworldtravel.com.ar\/sitio\/2025\/10\/bombinhas-verano-2026-2\/\" \/>\n<meta property=\"og:locale\" content=\"es_ES\" \/>\n<meta property=\"og:type\" content=\"article\" \/>\n<meta property=\"og:title\" content=\"BOMBINHAS -VERANO 2026 - Basa\" \/>\n<meta property=\"og:description\" content=\"Bombinhas: donde el mar es m\u00e1s azul, la arena m\u00e1s suave y la vida se vive mejor.\" \/>\n<meta property=\"og:url\" content=\"https:\/\/basaworldtravel.com.ar\/sitio\/2025\/10\/bombinhas-verano-2026-2\/\" \/>\n<meta property=\"og:site_name\" content=\"Basa\" \/>\n<meta property=\"article:published_time\" content=\"2025-10-22T14:10:48+00:00\" \/>\n<meta property=\"article:modified_time\" content=\"2025-10-22T14:10:49+00:00\" \/>\n<meta property=\"og:image\" content=\"https:\/\/basaworldtravel.com.ar\/sitio\/wp-content\/uploads\/2024\/10\/BOMBINHAS.jpg\" \/>\n\t<meta property=\"og:image:width\" content=\"1200\" \/>\n\t<meta property=\"og:image:height\" content=\"900\" \/>\n\t<meta property=\"og:image:type\" content=\"image\/jpeg\" \/>\n<meta name=\"author\" content=\"BasaWeb\" \/>\n<meta name=\"twitter:card\" content=\"summary_large_image\" \/>\n<meta name=\"twitter:label1\" content=\"Escrito por\" \/>\n\t<meta name=\"twitter:data1\" content=\"BasaWeb\" \/>\n\t<meta name=\"twitter:label2\" content=\"Tiempo de lectura\" \/>\n\t<meta name=\"twitter:data2\" content=\"3 minutos\" \/>\n<script type=\"application\/ld+json\" class=\"yoast-schema-graph\">{\"@context\":\"https:\\\/\\\/schema.org\",\"@graph\":[{\"@type\":\"Article\",\"@id\":\"https:\\\/\\\/basaworldtravel.com.ar\\\/sitio\\\/2025\\\/10\\\/bombinhas-verano-2026-2\\\/#article\",\"isPartOf\":{\"@id\":\"https:\\\/\\\/basaworldtravel.com.ar\\\/sitio\\\/2025\\\/10\\\/bombinhas-verano-2026-2\\\/\"},\"author\":{\"name\":\"BasaWeb\",\"@id\":\"https:\\\/\\\/basaworldtravel.com.ar\\\/sitio\\\/#\\\/schema\\\/person\\\/d89b1d641794d338c41cd3818beabd4c\"},\"headline\":\"BOMBINHAS -VERANO 2026\",\"datePublished\":\"2025-10-22T14:10:48+00:00\",\"dateModified\":\"2025-10-22T14:10:49+00:00\",\"mainEntityOfPage\":{\"@id\":\"https:\\\/\\\/basaworldtravel.com.ar\\\/sitio\\\/2025\\\/10\\\/bombinhas-verano-2026-2\\\/\"},\"wordCount\":417,\"image\":{\"@id\":\"https:\\\/\\\/basaworldtravel.com.ar\\\/sitio\\\/2025\\\/10\\\/bombinhas-verano-2026-2\\\/#primaryimage\"},\"thumbnailUrl\":\"https:\\\/\\\/basaworldtravel.com.ar\\\/sitio\\\/wp-content\\\/uploads\\\/2024\\\/10\\\/BOMBINHAS.jpg\",\"keywords\":[\"2026\",\"bombinhas\",\"BRASIL\",\"PLAYA\",\"VERANO\"],\"articleSection\":[\"Brasil\",\"Paquetes\"],\"inLanguage\":\"es\"},{\"@type\":\"WebPage\",\"@id\":\"https:\\\/\\\/basaworldtravel.com.ar\\\/sitio\\\/2025\\\/10\\\/bombinhas-verano-2026-2\\\/\",\"url\":\"https:\\\/\\\/basaworldtravel.com.ar\\\/sitio\\\/2025\\\/10\\\/bombinhas-verano-2026-2\\\/\",\"name\":\"BOMBINHAS -VERANO 2026 - Basa\",\"isPartOf\":{\"@id\":\"https:\\\/\\\/basaworldtravel.com.ar\\\/sitio\\\/#website\"},\"primaryImageOfPage\":{\"@id\":\"https:\\\/\\\/basaworldtravel.com.ar\\\/sitio\\\/2025\\\/10\\\/bombinhas-verano-2026-2\\\/#primaryimage\"},\"image\":{\"@id\":\"https:\\\/\\\/basaworldtravel.com.ar\\\/sitio\\\/2025\\\/10\\\/bombinhas-verano-2026-2\\\/#primaryimage\"},\"thumbnailUrl\":\"https:\\\/\\\/basaworldtravel.com.ar\\\/sitio\\\/wp-content\\\/uploads\\\/2024\\\/10\\\/BOMBINHAS.jpg\",\"datePublished\":\"2025-10-22T14:10:48+00:00\",\"dateModified\":\"2025-10-22T14:10:49+00:00\",\"author\":{\"@id\":\"https:\\\/\\\/basaworldtravel.com.ar\\\/sitio\\\/#\\\/schema\\\/person\\\/d89b1d641794d338c41cd3818beabd4c\"},\"breadcrumb\":{\"@id\":\"https:\\\/\\\/basaworldtravel.com.ar\\\/sitio\\\/2025\\\/10\\\/bombinhas-verano-2026-2\\\/#breadcrumb\"},\"inLanguage\":\"es\",\"potentialAction\":[{\"@type\":\"ReadAction\",\"target\":[\"https:\\\/\\\/basaworldtravel.com.ar\\\/sitio\\\/2025\\\/10\\\/bombinhas-verano-2026-2\\\/\"]}]},{\"@type\":\"ImageObject\",\"inLanguage\":\"es\",\"@id\":\"https:\\\/\\\/basaworldtravel.com.ar\\\/sitio\\\/2025\\\/10\\\/bombinhas-verano-2026-2\\\/#primaryimage\",\"url\":\"https:\\\/\\\/basaworldtravel.com.ar\\\/sitio\\\/wp-content\\\/uploads\\\/2024\\\/10\\\/BOMBINHAS.jpg\",\"contentUrl\":\"https:\\\/\\\/basaworldtravel.com.ar\\\/sitio\\\/wp-content\\\/uploads\\\/2024\\\/10\\\/BOMBINHAS.jpg\",\"width\":1200,\"height\":900},{\"@type\":\"BreadcrumbList\",\"@id\":\"https:\\\/\\\/basaworldtravel.com.ar\\\/sitio\\\/2025\\\/10\\\/bombinhas-verano-2026-2\\\/#breadcrumb\",\"itemListElement\":[{\"@type\":\"ListItem\",\"position\":1,\"name\":\"Portada\",\"item\":\"https:\\\/\\\/basaworldtravel.com.ar\\\/sitio\\\/\"},{\"@type\":\"ListItem\",\"position\":2,\"name\":\"BOMBINHAS -VERANO 2026\"}]},{\"@type\":\"WebSite\",\"@id\":\"https:\\\/\\\/basaworldtravel.com.ar\\\/sitio\\\/#website\",\"url\":\"https:\\\/\\\/basaworldtravel.com.ar\\\/sitio\\\/\",\"name\":\"Basa\",\"description\":\"World Travel\",\"potentialAction\":[{\"@type\":\"SearchAction\",\"target\":{\"@type\":\"EntryPoint\",\"urlTemplate\":\"https:\\\/\\\/basaworldtravel.com.ar\\\/sitio\\\/?s={search_term_string}\"},\"query-input\":{\"@type\":\"PropertyValueSpecification\",\"valueRequired\":true,\"valueName\":\"search_term_string\"}}],\"inLanguage\":\"es\"},{\"@type\":\"Person\",\"@id\":\"https:\\\/\\\/basaworldtravel.com.ar\\\/sitio\\\/#\\\/schema\\\/person\\\/d89b1d641794d338c41cd3818beabd4c\",\"name\":\"BasaWeb\",\"image\":{\"@type\":\"ImageObject\",\"inLanguage\":\"es\",\"@id\":\"https:\\\/\\\/secure.gravatar.com\\\/avatar\\\/13e699648957af0aba903942fee2a1fc533d92bcd43fcf375a4df1edc2708698?s=96&d=mm&r=g\",\"url\":\"https:\\\/\\\/secure.gravatar.com\\\/avatar\\\/13e699648957af0aba903942fee2a1fc533d92bcd43fcf375a4df1edc2708698?s=96&d=mm&r=g\",\"contentUrl\":\"https:\\\/\\\/secure.gravatar.com\\\/avatar\\\/13e699648957af0aba903942fee2a1fc533d92bcd43fcf375a4df1edc2708698?s=96&d=mm&r=g\",\"caption\":\"BasaWeb\"},\"url\":\"https:\\\/\\\/basaworldtravel.com.ar\\\/sitio\\\/author\\\/basaweb\\\/\"}]}<\/script>\n<!-- \/ Yoast SEO plugin. -->","yoast_head_json":{"title":"BOMBINHAS -VERANO 2026 - Basa","robots":{"index":"index","follow":"follow","max-snippet":"max-snippet:-1","max-image-preview":"max-image-preview:large","max-video-preview":"max-video-preview:-1"},"canonical":"https:\/\/basaworldtravel.com.ar\/sitio\/2025\/10\/bombinhas-verano-2026-2\/","og_locale":"es_ES","og_type":"article","og_title":"BOMBINHAS -VERANO 2026 - Basa","og_description":"Bombinhas: donde el mar es m\u00e1s azul, la arena m\u00e1s suave y la vida se vive mejor.","og_url":"https:\/\/basaworldtravel.com.ar\/sitio\/2025\/10\/bombinhas-verano-2026-2\/","og_site_name":"Basa","article_published_time":"2025-10-22T14:10:48+00:00","article_modified_time":"2025-10-22T14:10:49+00:00","og_image":[{"width":1200,"height":900,"url":"https:\/\/basaworldtravel.com.ar\/sitio\/wp-content\/uploads\/2024\/10\/BOMBINHAS.jpg","type":"image\/jpeg"}],"author":"BasaWeb","twitter_card":"summary_large_image","twitter_misc":{"Escrito por":"BasaWeb","Tiempo de lectura":"3 minutos"},"schema":{"@context":"https:\/\/schema.org","@graph":[{"@type":"Article","@id":"https:\/\/basaworldtravel.com.ar\/sitio\/2025\/10\/bombinhas-verano-2026-2\/#article","isPartOf":{"@id":"https:\/\/basaworldtravel.com.ar\/sitio\/2025\/10\/bombinhas-verano-2026-2\/"},"author":{"name":"BasaWeb","@id":"https:\/\/basaworldtravel.com.ar\/sitio\/#\/schema\/person\/d89b1d641794d338c41cd3818beabd4c"},"headline":"BOMBINHAS -VERANO 2026","datePublished":"2025-10-22T14:10:48+00:00","dateModified":"2025-10-22T14:10:49+00:00","mainEntityOfPage":{"@id":"https:\/\/basaworldtravel.com.ar\/sitio\/2025\/10\/bombinhas-verano-2026-2\/"},"wordCount":417,"image":{"@id":"https:\/\/basaworldtravel.com.ar\/sitio\/2025\/10\/bombinhas-verano-2026-2\/#primaryimage"},"thumbnailUrl":"https:\/\/basaworldtravel.com.ar\/sitio\/wp-content\/uploads\/2024\/10\/BOMBINHAS.jpg","keywords":["2026","bombinhas","BRASIL","PLAYA","VERANO"],"articleSection":["Brasil","Paquetes"],"inLanguage":"es"},{"@type":"WebPage","@id":"https:\/\/basaworldtravel.com.ar\/sitio\/2025\/10\/bombinhas-verano-2026-2\/","url":"https:\/\/basaworldtravel.com.ar\/sitio\/2025\/10\/bombinhas-verano-2026-2\/","name":"BOMBINHAS -VERANO 2026 - Basa","isPartOf":{"@id":"https:\/\/basaworldtravel.com.ar\/sitio\/#website"},"primaryImageOfPage":{"@id":"https:\/\/basaworldtravel.com.ar\/sitio\/2025\/10\/bombinhas-verano-2026-2\/#primaryimage"},"image":{"@id":"https:\/\/basaworldtravel.com.ar\/sitio\/2025\/10\/bombinhas-verano-2026-2\/#primaryimage"},"thumbnailUrl":"https:\/\/basaworldtravel.com.ar\/sitio\/wp-content\/uploads\/2024\/10\/BOMBINHAS.jpg","datePublished":"2025-10-22T14:10:48+00:00","dateModified":"2025-10-22T14:10:49+00:00","author":{"@id":"https:\/\/basaworldtravel.com.ar\/sitio\/#\/schema\/person\/d89b1d641794d338c41cd3818beabd4c"},"breadcrumb":{"@id":"https:\/\/basaworldtravel.com.ar\/sitio\/2025\/10\/bombinhas-verano-2026-2\/#breadcrumb"},"inLanguage":"es","potentialAction":[{"@type":"ReadAction","target":["https:\/\/basaworldtravel.com.ar\/sitio\/2025\/10\/bombinhas-verano-2026-2\/"]}]},{"@type":"ImageObject","inLanguage":"es","@id":"https:\/\/basaworldtravel.com.ar\/sitio\/2025\/10\/bombinhas-verano-2026-2\/#primaryimage","url":"https:\/\/basaworldtravel.com.ar\/sitio\/wp-content\/uploads\/2024\/10\/BOMBINHAS.jpg","contentUrl":"https:\/\/basaworldtravel.com.ar\/sitio\/wp-content\/uploads\/2024\/10\/BOMBINHAS.jpg","width":1200,"height":900},{"@type":"BreadcrumbList","@id":"https:\/\/basaworldtravel.com.ar\/sitio\/2025\/10\/bombinhas-verano-2026-2\/#breadcrumb","itemListElement":[{"@type":"ListItem","position":1,"name":"Portada","item":"https:\/\/basaworldtravel.com.ar\/sitio\/"},{"@type":"ListItem","position":2,"name":"BOMBINHAS -VERANO 2026"}]},{"@type":"WebSite","@id":"https:\/\/basaworldtravel.com.ar\/sitio\/#website","url":"https:\/\/basaworldtravel.com.ar\/sitio\/","name":"Basa","description":"World Travel","potentialAction":[{"@type":"SearchAction","target":{"@type":"EntryPoint","urlTemplate":"https:\/\/basaworldtravel.com.ar\/sitio\/?s={search_term_string}"},"query-input":{"@type":"PropertyValueSpecification","valueRequired":true,"valueName":"search_term_string"}}],"inLanguage":"es"},{"@type":"Person","@id":"https:\/\/basaworldtravel.com.ar\/sitio\/#\/schema\/person\/d89b1d641794d338c41cd3818beabd4c","name":"BasaWeb","image":{"@type":"ImageObject","inLanguage":"es","@id":"https:\/\/secure.gravatar.com\/avatar\/13e699648957af0aba903942fee2a1fc533d92bcd43fcf375a4df1edc2708698?s=96&d=mm&r=g","url":"https:\/\/secure.gravatar.com\/avatar\/13e699648957af0aba903942fee2a1fc533d92bcd43fcf375a4df1edc2708698?s=96&d=mm&r=g","contentUrl":"https:\/\/secure.gravatar.com\/avatar\/13e699648957af0aba903942fee2a1fc533d92bcd43fcf375a4df1edc2708698?s=96&d=mm&r=g","caption":"BasaWeb"},"url":"https:\/\/basaworldtravel.com.ar\/sitio\/author\/basaweb\/"}]}},"_links":{"self":[{"href":"https:\/\/basaworldtravel.com.ar\/sitio\/wp-json\/wp\/v2\/posts\/155343","targetHints":{"allow":["GET"]}}],"collection":[{"href":"https:\/\/basaworldtravel.com.ar\/sitio\/wp-json\/wp\/v2\/posts"}],"about":[{"href":"https:\/\/basaworldtravel.com.ar\/sitio\/wp-json\/wp\/v2\/types\/post"}],"author":[{"embeddable":true,"href":"https:\/\/basaworldtravel.com.ar\/sitio\/wp-json\/wp\/v2\/users\/2"}],"replies":[{"embeddable":true,"href":"https:\/\/basaworldtravel.com.ar\/sitio\/wp-json\/wp\/v2\/comments?post=155343"}],"version-history":[{"count":1,"href":"https:\/\/basaworldtravel.com.ar\/sitio\/wp-json\/wp\/v2\/posts\/155343\/revisions"}],"predecessor-version":[{"id":155344,"href":"https:\/\/basaworldtravel.com.ar\/sitio\/wp-json\/wp\/v2\/posts\/155343\/revisions\/155344"}],"wp:featuredmedia":[{"embeddable":true,"href":"https:\/\/basaworldtravel.com.ar\/sitio\/wp-json\/wp\/v2\/media\/152081"}],"wp:attachment":[{"href":"https:\/\/basaworldtravel.com.ar\/sitio\/wp-json\/wp\/v2\/media?parent=155343"}],"wp:term":[{"taxonomy":"category","embeddable":true,"href":"https:\/\/basaworldtravel.com.ar\/sitio\/wp-json\/wp\/v2\/categories?post=155343"},{"taxonomy":"post_tag","embeddable":true,"href":"https:\/\/basaworldtravel.com.ar\/sitio\/wp-json\/wp\/v2\/tags?post=155343"}],"curies":[{"name":"wp","href":"https:\/\/api.w.org\/{rel}","templated":true}]}}