{"id":155331,"date":"2025-10-22T08:56:40","date_gmt":"2025-10-22T11:56:40","guid":{"rendered":"https:\/\/basaworldtravel.com.ar\/?p=155331"},"modified":"2025-10-22T08:56:40","modified_gmt":"2025-10-22T11:56:40","slug":"valeria-del-mar-verano-2026","status":"publish","type":"post","link":"https:\/\/basaworldtravel.com.ar\/sitio\/2025\/10\/valeria-del-mar-verano-2026\/","title":{"rendered":"VALERIA DEL MAR-VERANO 2026"},"content":{"rendered":"\n<p>SALIDAS 01-08-15-22-29  ENERO\/ 05-12-19  FEBRERO<\/p>\n\n\n\n<p><strong>SERVICIOS<\/strong>:<br>\uf0b7 Bus Ch\u00e1rter de Turismo Mix \u2013 Adicional Butaca Cama $ 38.000.<br>\uf0b7 Adicional butacas primeras filas y cafeteras $ 35.000.<br>\uf0b7 COORDINADOR EN VIAJE.<br>\uf0b7 07 Noches de Alojamiento.<br>\uf0b7 MEDIA PENSI\u00d3N.<\/p>\n\n\n\n<p><strong>HOTEL VILLA MORA *** <\/strong>200 m. de la Playa. Pleno centro. Hab. con AA, Ventilador de Techo, LCD, Caja de Seguridad. Amplio Parque con Piscina. Gimnasio y Sala de Juegos.<br>MAP en Restaurante del Hotel. Direcci\u00f3n: Coronel Rosales 466<\/p>\n\n\n\n<p>$ 701.000 por persona en base doble\/triple abonando via transferencia bancaria- $ 692.700  por persona en base doble\/triple abonando en efectivo<\/p>\n\n\n\n<p>$ 640.700 por persona en DUPLEX X4\/X abonando via transferencia bancaria- $ 633.100  por persona en DUPLEX X4\/X  abonando en efectivo<\/p>\n\n\n\n<p><strong>MENORES<\/strong>:<br>De 00\/03 a\u00f1os cumplidos abona butaca $ 186.000  compartiendo con dos adultos los servicios hoteleros.<br>De 04 a\u00f1os cumplidos en adelante abona tarifa de adulto con todos los servicios.<br>TARIFA SUJETA A REAJUSTE SIN PREVIO AVISO <\/p>\n\n\n\n<p>EMBARQUE SUJETO A DOCUMENTACION<\/p>\n\n\n\n<p>#ValeriaDelMar #CostaAtl\u00e1ntica #EscapadaPerfecta #VacacionesArgentinas #NaturalezaYMar #RelaxTotal<\/p>\n\n\n\n<p>DEST<\/p>\n","protected":false},"excerpt":{"rendered":"<p>Desconect\u00e1, respir\u00e1 hondo y viv\u00ed la calma que merec\u00e9s. \ud83d\udc9a<\/p>\n","protected":false},"author":2,"featured_media":219,"comment_status":"closed","ping_status":"open","sticky":false,"template":"","format":"standard","meta":{"_acf_changed":false,"footnotes":""},"categories":[6,5],"tags":[703,206,121,221,24],"class_list":["post-155331","post","type-post","status-publish","format-standard","has-post-thumbnail","hentry","category-argentina","category-paquetes","tag-703","tag-costa-atlantica","tag-playa","tag-valeria-del-mar","tag-verano","category-6","category-5","description-off"],"acf":[],"yoast_head":"<!-- This site is optimized with the Yoast SEO plugin v28.4 - https:\/\/yoast.com\/product\/yoast-seo-wordpress\/ -->\n<title>VALERIA DEL MAR-VERANO 2026 - Basa<\/title>\n<meta name=\"robots\" content=\"index, follow, max-snippet:-1, max-image-preview:large, max-video-preview:-1\" \/>\n<link rel=\"canonical\" href=\"https:\/\/basaworldtravel.com.ar\/sitio\/2025\/10\/valeria-del-mar-verano-2026\/\" \/>\n<meta property=\"og:locale\" content=\"es_ES\" \/>\n<meta property=\"og:type\" content=\"article\" \/>\n<meta property=\"og:title\" content=\"VALERIA DEL MAR-VERANO 2026 - Basa\" \/>\n<meta property=\"og:description\" content=\"Desconect\u00e1, respir\u00e1 hondo y viv\u00ed la calma que merec\u00e9s. \ud83d\udc9a\" \/>\n<meta property=\"og:url\" content=\"https:\/\/basaworldtravel.com.ar\/sitio\/2025\/10\/valeria-del-mar-verano-2026\/\" \/>\n<meta property=\"og:site_name\" content=\"Basa\" \/>\n<meta property=\"article:published_time\" content=\"2025-10-22T11:56:40+00:00\" \/>\n<meta property=\"og:image\" content=\"https:\/\/basaworldtravel.com.ar\/sitio\/wp-content\/uploads\/2021\/09\/valeria-del-mar.jpg\" \/>\n\t<meta property=\"og:image:width\" content=\"500\" \/>\n\t<meta property=\"og:image:height\" content=\"300\" \/>\n\t<meta property=\"og:image:type\" content=\"image\/jpeg\" \/>\n<meta name=\"author\" content=\"BasaWeb\" \/>\n<meta name=\"twitter:card\" content=\"summary_large_image\" \/>\n<meta name=\"twitter:label1\" content=\"Escrito por\" \/>\n\t<meta name=\"twitter:data1\" content=\"BasaWeb\" \/>\n\t<meta name=\"twitter:label2\" content=\"Tiempo de lectura\" \/>\n\t<meta name=\"twitter:data2\" content=\"1 minuto\" \/>\n<script type=\"application\/ld+json\" class=\"yoast-schema-graph\">{\"@context\":\"https:\\\/\\\/schema.org\",\"@graph\":[{\"@type\":\"Article\",\"@id\":\"https:\\\/\\\/basaworldtravel.com.ar\\\/sitio\\\/2025\\\/10\\\/valeria-del-mar-verano-2026\\\/#article\",\"isPartOf\":{\"@id\":\"https:\\\/\\\/basaworldtravel.com.ar\\\/sitio\\\/2025\\\/10\\\/valeria-del-mar-verano-2026\\\/\"},\"author\":{\"name\":\"BasaWeb\",\"@id\":\"https:\\\/\\\/basaworldtravel.com.ar\\\/sitio\\\/#\\\/schema\\\/person\\\/d89b1d641794d338c41cd3818beabd4c\"},\"headline\":\"VALERIA DEL MAR-VERANO 2026\",\"datePublished\":\"2025-10-22T11:56:40+00:00\",\"mainEntityOfPage\":{\"@id\":\"https:\\\/\\\/basaworldtravel.com.ar\\\/sitio\\\/2025\\\/10\\\/valeria-del-mar-verano-2026\\\/\"},\"wordCount\":159,\"image\":{\"@id\":\"https:\\\/\\\/basaworldtravel.com.ar\\\/sitio\\\/2025\\\/10\\\/valeria-del-mar-verano-2026\\\/#primaryimage\"},\"thumbnailUrl\":\"https:\\\/\\\/basaworldtravel.com.ar\\\/sitio\\\/wp-content\\\/uploads\\\/2021\\\/09\\\/valeria-del-mar.jpg\",\"keywords\":[\"2026\",\"costa atlantica\",\"PLAYA\",\"valeria del mar\",\"VERANO\"],\"articleSection\":[\"Argentina\",\"Paquetes\"],\"inLanguage\":\"es\"},{\"@type\":\"WebPage\",\"@id\":\"https:\\\/\\\/basaworldtravel.com.ar\\\/sitio\\\/2025\\\/10\\\/valeria-del-mar-verano-2026\\\/\",\"url\":\"https:\\\/\\\/basaworldtravel.com.ar\\\/sitio\\\/2025\\\/10\\\/valeria-del-mar-verano-2026\\\/\",\"name\":\"VALERIA DEL MAR-VERANO 2026 - Basa\",\"isPartOf\":{\"@id\":\"https:\\\/\\\/basaworldtravel.com.ar\\\/sitio\\\/#website\"},\"primaryImageOfPage\":{\"@id\":\"https:\\\/\\\/basaworldtravel.com.ar\\\/sitio\\\/2025\\\/10\\\/valeria-del-mar-verano-2026\\\/#primaryimage\"},\"image\":{\"@id\":\"https:\\\/\\\/basaworldtravel.com.ar\\\/sitio\\\/2025\\\/10\\\/valeria-del-mar-verano-2026\\\/#primaryimage\"},\"thumbnailUrl\":\"https:\\\/\\\/basaworldtravel.com.ar\\\/sitio\\\/wp-content\\\/uploads\\\/2021\\\/09\\\/valeria-del-mar.jpg\",\"datePublished\":\"2025-10-22T11:56:40+00:00\",\"author\":{\"@id\":\"https:\\\/\\\/basaworldtravel.com.ar\\\/sitio\\\/#\\\/schema\\\/person\\\/d89b1d641794d338c41cd3818beabd4c\"},\"breadcrumb\":{\"@id\":\"https:\\\/\\\/basaworldtravel.com.ar\\\/sitio\\\/2025\\\/10\\\/valeria-del-mar-verano-2026\\\/#breadcrumb\"},\"inLanguage\":\"es\",\"potentialAction\":[{\"@type\":\"ReadAction\",\"target\":[\"https:\\\/\\\/basaworldtravel.com.ar\\\/sitio\\\/2025\\\/10\\\/valeria-del-mar-verano-2026\\\/\"]}]},{\"@type\":\"ImageObject\",\"inLanguage\":\"es\",\"@id\":\"https:\\\/\\\/basaworldtravel.com.ar\\\/sitio\\\/2025\\\/10\\\/valeria-del-mar-verano-2026\\\/#primaryimage\",\"url\":\"https:\\\/\\\/basaworldtravel.com.ar\\\/sitio\\\/wp-content\\\/uploads\\\/2021\\\/09\\\/valeria-del-mar.jpg\",\"contentUrl\":\"https:\\\/\\\/basaworldtravel.com.ar\\\/sitio\\\/wp-content\\\/uploads\\\/2021\\\/09\\\/valeria-del-mar.jpg\",\"width\":500,\"height\":300},{\"@type\":\"BreadcrumbList\",\"@id\":\"https:\\\/\\\/basaworldtravel.com.ar\\\/sitio\\\/2025\\\/10\\\/valeria-del-mar-verano-2026\\\/#breadcrumb\",\"itemListElement\":[{\"@type\":\"ListItem\",\"position\":1,\"name\":\"Portada\",\"item\":\"https:\\\/\\\/basaworldtravel.com.ar\\\/sitio\\\/\"},{\"@type\":\"ListItem\",\"position\":2,\"name\":\"VALERIA DEL MAR-VERANO 2026\"}]},{\"@type\":\"WebSite\",\"@id\":\"https:\\\/\\\/basaworldtravel.com.ar\\\/sitio\\\/#website\",\"url\":\"https:\\\/\\\/basaworldtravel.com.ar\\\/sitio\\\/\",\"name\":\"Basa\",\"description\":\"World Travel\",\"potentialAction\":[{\"@type\":\"SearchAction\",\"target\":{\"@type\":\"EntryPoint\",\"urlTemplate\":\"https:\\\/\\\/basaworldtravel.com.ar\\\/sitio\\\/?s={search_term_string}\"},\"query-input\":{\"@type\":\"PropertyValueSpecification\",\"valueRequired\":true,\"valueName\":\"search_term_string\"}}],\"inLanguage\":\"es\"},{\"@type\":\"Person\",\"@id\":\"https:\\\/\\\/basaworldtravel.com.ar\\\/sitio\\\/#\\\/schema\\\/person\\\/d89b1d641794d338c41cd3818beabd4c\",\"name\":\"BasaWeb\",\"image\":{\"@type\":\"ImageObject\",\"inLanguage\":\"es\",\"@id\":\"https:\\\/\\\/secure.gravatar.com\\\/avatar\\\/13e699648957af0aba903942fee2a1fc533d92bcd43fcf375a4df1edc2708698?s=96&d=mm&r=g\",\"url\":\"https:\\\/\\\/secure.gravatar.com\\\/avatar\\\/13e699648957af0aba903942fee2a1fc533d92bcd43fcf375a4df1edc2708698?s=96&d=mm&r=g\",\"contentUrl\":\"https:\\\/\\\/secure.gravatar.com\\\/avatar\\\/13e699648957af0aba903942fee2a1fc533d92bcd43fcf375a4df1edc2708698?s=96&d=mm&r=g\",\"caption\":\"BasaWeb\"},\"url\":\"https:\\\/\\\/basaworldtravel.com.ar\\\/sitio\\\/author\\\/basaweb\\\/\"}]}<\/script>\n<!-- \/ Yoast SEO plugin. -->","yoast_head_json":{"title":"VALERIA DEL MAR-VERANO 2026 - Basa","robots":{"index":"index","follow":"follow","max-snippet":"max-snippet:-1","max-image-preview":"max-image-preview:large","max-video-preview":"max-video-preview:-1"},"canonical":"https:\/\/basaworldtravel.com.ar\/sitio\/2025\/10\/valeria-del-mar-verano-2026\/","og_locale":"es_ES","og_type":"article","og_title":"VALERIA DEL MAR-VERANO 2026 - Basa","og_description":"Desconect\u00e1, respir\u00e1 hondo y viv\u00ed la calma que merec\u00e9s. \ud83d\udc9a","og_url":"https:\/\/basaworldtravel.com.ar\/sitio\/2025\/10\/valeria-del-mar-verano-2026\/","og_site_name":"Basa","article_published_time":"2025-10-22T11:56:40+00:00","og_image":[{"width":500,"height":300,"url":"https:\/\/basaworldtravel.com.ar\/sitio\/wp-content\/uploads\/2021\/09\/valeria-del-mar.jpg","type":"image\/jpeg"}],"author":"BasaWeb","twitter_card":"summary_large_image","twitter_misc":{"Escrito por":"BasaWeb","Tiempo de lectura":"1 minuto"},"schema":{"@context":"https:\/\/schema.org","@graph":[{"@type":"Article","@id":"https:\/\/basaworldtravel.com.ar\/sitio\/2025\/10\/valeria-del-mar-verano-2026\/#article","isPartOf":{"@id":"https:\/\/basaworldtravel.com.ar\/sitio\/2025\/10\/valeria-del-mar-verano-2026\/"},"author":{"name":"BasaWeb","@id":"https:\/\/basaworldtravel.com.ar\/sitio\/#\/schema\/person\/d89b1d641794d338c41cd3818beabd4c"},"headline":"VALERIA DEL MAR-VERANO 2026","datePublished":"2025-10-22T11:56:40+00:00","mainEntityOfPage":{"@id":"https:\/\/basaworldtravel.com.ar\/sitio\/2025\/10\/valeria-del-mar-verano-2026\/"},"wordCount":159,"image":{"@id":"https:\/\/basaworldtravel.com.ar\/sitio\/2025\/10\/valeria-del-mar-verano-2026\/#primaryimage"},"thumbnailUrl":"https:\/\/basaworldtravel.com.ar\/sitio\/wp-content\/uploads\/2021\/09\/valeria-del-mar.jpg","keywords":["2026","costa atlantica","PLAYA","valeria del mar","VERANO"],"articleSection":["Argentina","Paquetes"],"inLanguage":"es"},{"@type":"WebPage","@id":"https:\/\/basaworldtravel.com.ar\/sitio\/2025\/10\/valeria-del-mar-verano-2026\/","url":"https:\/\/basaworldtravel.com.ar\/sitio\/2025\/10\/valeria-del-mar-verano-2026\/","name":"VALERIA DEL MAR-VERANO 2026 - Basa","isPartOf":{"@id":"https:\/\/basaworldtravel.com.ar\/sitio\/#website"},"primaryImageOfPage":{"@id":"https:\/\/basaworldtravel.com.ar\/sitio\/2025\/10\/valeria-del-mar-verano-2026\/#primaryimage"},"image":{"@id":"https:\/\/basaworldtravel.com.ar\/sitio\/2025\/10\/valeria-del-mar-verano-2026\/#primaryimage"},"thumbnailUrl":"https:\/\/basaworldtravel.com.ar\/sitio\/wp-content\/uploads\/2021\/09\/valeria-del-mar.jpg","datePublished":"2025-10-22T11:56:40+00:00","author":{"@id":"https:\/\/basaworldtravel.com.ar\/sitio\/#\/schema\/person\/d89b1d641794d338c41cd3818beabd4c"},"breadcrumb":{"@id":"https:\/\/basaworldtravel.com.ar\/sitio\/2025\/10\/valeria-del-mar-verano-2026\/#breadcrumb"},"inLanguage":"es","potentialAction":[{"@type":"ReadAction","target":["https:\/\/basaworldtravel.com.ar\/sitio\/2025\/10\/valeria-del-mar-verano-2026\/"]}]},{"@type":"ImageObject","inLanguage":"es","@id":"https:\/\/basaworldtravel.com.ar\/sitio\/2025\/10\/valeria-del-mar-verano-2026\/#primaryimage","url":"https:\/\/basaworldtravel.com.ar\/sitio\/wp-content\/uploads\/2021\/09\/valeria-del-mar.jpg","contentUrl":"https:\/\/basaworldtravel.com.ar\/sitio\/wp-content\/uploads\/2021\/09\/valeria-del-mar.jpg","width":500,"height":300},{"@type":"BreadcrumbList","@id":"https:\/\/basaworldtravel.com.ar\/sitio\/2025\/10\/valeria-del-mar-verano-2026\/#breadcrumb","itemListElement":[{"@type":"ListItem","position":1,"name":"Portada","item":"https:\/\/basaworldtravel.com.ar\/sitio\/"},{"@type":"ListItem","position":2,"name":"VALERIA DEL MAR-VERANO 2026"}]},{"@type":"WebSite","@id":"https:\/\/basaworldtravel.com.ar\/sitio\/#website","url":"https:\/\/basaworldtravel.com.ar\/sitio\/","name":"Basa","description":"World Travel","potentialAction":[{"@type":"SearchAction","target":{"@type":"EntryPoint","urlTemplate":"https:\/\/basaworldtravel.com.ar\/sitio\/?s={search_term_string}"},"query-input":{"@type":"PropertyValueSpecification","valueRequired":true,"valueName":"search_term_string"}}],"inLanguage":"es"},{"@type":"Person","@id":"https:\/\/basaworldtravel.com.ar\/sitio\/#\/schema\/person\/d89b1d641794d338c41cd3818beabd4c","name":"BasaWeb","image":{"@type":"ImageObject","inLanguage":"es","@id":"https:\/\/secure.gravatar.com\/avatar\/13e699648957af0aba903942fee2a1fc533d92bcd43fcf375a4df1edc2708698?s=96&d=mm&r=g","url":"https:\/\/secure.gravatar.com\/avatar\/13e699648957af0aba903942fee2a1fc533d92bcd43fcf375a4df1edc2708698?s=96&d=mm&r=g","contentUrl":"https:\/\/secure.gravatar.com\/avatar\/13e699648957af0aba903942fee2a1fc533d92bcd43fcf375a4df1edc2708698?s=96&d=mm&r=g","caption":"BasaWeb"},"url":"https:\/\/basaworldtravel.com.ar\/sitio\/author\/basaweb\/"}]}},"_links":{"self":[{"href":"https:\/\/basaworldtravel.com.ar\/sitio\/wp-json\/wp\/v2\/posts\/155331","targetHints":{"allow":["GET"]}}],"collection":[{"href":"https:\/\/basaworldtravel.com.ar\/sitio\/wp-json\/wp\/v2\/posts"}],"about":[{"href":"https:\/\/basaworldtravel.com.ar\/sitio\/wp-json\/wp\/v2\/types\/post"}],"author":[{"embeddable":true,"href":"https:\/\/basaworldtravel.com.ar\/sitio\/wp-json\/wp\/v2\/users\/2"}],"replies":[{"embeddable":true,"href":"https:\/\/basaworldtravel.com.ar\/sitio\/wp-json\/wp\/v2\/comments?post=155331"}],"version-history":[{"count":1,"href":"https:\/\/basaworldtravel.com.ar\/sitio\/wp-json\/wp\/v2\/posts\/155331\/revisions"}],"predecessor-version":[{"id":155332,"href":"https:\/\/basaworldtravel.com.ar\/sitio\/wp-json\/wp\/v2\/posts\/155331\/revisions\/155332"}],"wp:featuredmedia":[{"embeddable":true,"href":"https:\/\/basaworldtravel.com.ar\/sitio\/wp-json\/wp\/v2\/media\/219"}],"wp:attachment":[{"href":"https:\/\/basaworldtravel.com.ar\/sitio\/wp-json\/wp\/v2\/media?parent=155331"}],"wp:term":[{"taxonomy":"category","embeddable":true,"href":"https:\/\/basaworldtravel.com.ar\/sitio\/wp-json\/wp\/v2\/categories?post=155331"},{"taxonomy":"post_tag","embeddable":true,"href":"https:\/\/basaworldtravel.com.ar\/sitio\/wp-json\/wp\/v2\/tags?post=155331"}],"curies":[{"name":"wp","href":"https:\/\/api.w.org\/{rel}","templated":true}]}}