{"id":155160,"date":"2025-10-07T11:40:43","date_gmt":"2025-10-07T14:40:43","guid":{"rendered":"https:\/\/basaworldtravel.com.ar\/?p=155160"},"modified":"2025-10-07T11:40:45","modified_gmt":"2025-10-07T14:40:45","slug":"vina-del-mar-verano-2026","status":"publish","type":"post","link":"https:\/\/basaworldtravel.com.ar\/sitio\/2025\/10\/vina-del-mar-verano-2026\/","title":{"rendered":"VI\u00d1A DEL MAR \u2013 VERANO 2026"},"content":{"rendered":"\n<p><strong>Salidas 03 ,  17  Y 31 de ENERO\/ 14 FEBRERO <\/strong><\/p>\n\n\n\n<h2 class=\"wp-block-heading\"><strong>Salidas 03 y 17 de ENERO<\/strong>:&nbsp;7 NOCHES de alojamiento<\/h2>\n\n\n\n<p><strong>HOTEL TRES PONIENTE \/BORDE PLAZA <\/strong> <\/p>\n\n\n\n<p><strong>Regimen de comidas: MEDIA PENSION<\/strong><\/p>\n\n\n\n<ul class=\"wp-block-list\">\n<li><strong>De las 7 noches incluye 6 cenas en VI\u00d1A DEL MAR (1 noche libre para la opcional de Santiago de Chile).<\/strong><\/li>\n<\/ul>\n\n\n\n<h4 class=\"wp-block-heading\"><em>USD698 POR PERSONA EN BASE DOBLE <\/em><\/h4>\n\n\n\n<p>TARIFAS SUJETAS A MODIFICACION<\/p>\n\n\n\n<div data-wp-interactive=\"core\/file\" class=\"wp-block-file\"><object data-wp-bind--hidden=\"!state.hasPdfPreview\" hidden class=\"wp-block-file__embed\" data=\"https:\/\/basaworldtravel.com.ar\/sitio\/wp-content\/uploads\/2025\/10\/Itinerario-VINA-x-7-noches-2025.pdf\" type=\"application\/pdf\" style=\"width:100%;height:600px\" aria-label=\"Incrustado de Itinerario-VINA-x-7-noches-2025.\"><\/object><a id=\"wp-block-file--media-dc85755b-5aa0-4e24-bb4c-3f8183028bc8\" href=\"https:\/\/basaworldtravel.com.ar\/sitio\/wp-content\/uploads\/2025\/10\/Itinerario-VINA-x-7-noches-2025.pdf\">Itinerario-VINA-x-7-noches-2025<\/a><a href=\"https:\/\/basaworldtravel.com.ar\/sitio\/wp-content\/uploads\/2025\/10\/Itinerario-VINA-x-7-noches-2025.pdf\" class=\"wp-block-file__button wp-element-button\" download aria-describedby=\"wp-block-file--media-dc85755b-5aa0-4e24-bb4c-3f8183028bc8\">Descarga<\/a><\/div>\n\n\n\n<hr class=\"wp-block-separator has-alpha-channel-opacity\"\/>\n\n\n\n<h2 class=\"wp-block-heading\"><strong>Salidas 31 de ENERO y 14 de FEBRERO<\/strong>: 6 NOCHES de alojamiento<\/h2>\n\n\n\n<p><strong>Regimen de comidas: MEDIA PENSION<\/strong><\/p>\n\n\n\n<ul class=\"wp-block-list\">\n<li><strong>De las 6 noches incluye 5 cenas en VI\u00d1A DEL MAR (1 noche libre para la opcional de Santiago de Chile).<\/strong><\/li>\n<\/ul>\n\n\n\n<h4 class=\"wp-block-heading\">USD645   POR PERSONA EN BASE DOBLE TARIFAS SUJETAS A MODIFICACION<\/h4>\n\n\n\n<div data-wp-interactive=\"core\/file\" class=\"wp-block-file\"><object data-wp-bind--hidden=\"!state.hasPdfPreview\" hidden class=\"wp-block-file__embed\" data=\"https:\/\/basaworldtravel.com.ar\/sitio\/wp-content\/uploads\/2025\/10\/Itinerario-VINA-x-6-noches-2025.pdf\" type=\"application\/pdf\" style=\"width:100%;height:600px\" aria-label=\"Incrustado de Itinerario-VINA-x-6-noches-2025.\"><\/object><a id=\"wp-block-file--media-3905e92d-8f9e-4172-85c1-deb7cba5d630\" href=\"https:\/\/basaworldtravel.com.ar\/sitio\/wp-content\/uploads\/2025\/10\/Itinerario-VINA-x-6-noches-2025.pdf\">Itinerario-VINA-x-6-noches-2025<\/a><a href=\"https:\/\/basaworldtravel.com.ar\/sitio\/wp-content\/uploads\/2025\/10\/Itinerario-VINA-x-6-noches-2025.pdf\" class=\"wp-block-file__button wp-element-button\" download aria-describedby=\"wp-block-file--media-3905e92d-8f9e-4172-85c1-deb7cba5d630\">Descarga<\/a><\/div>\n\n\n\n<p><\/p>\n\n\n\n<h2 class=\"wp-block-heading\">EXCURSIONES INCLUIDAS<\/h2>\n\n\n\n<ul class=\"wp-block-list\">\n<li><strong>City tour Vi\u00f1a del Mar \/ Valpara\u00edso \/ Parque Quinta Vergara.<\/strong><\/li>\n\n\n\n<li><strong>Dos traslados a la playa \ud83c\udf0a.<\/strong><\/li>\n<\/ul>\n\n\n\n<hr class=\"wp-block-separator has-alpha-channel-opacity\"\/>\n\n\n\n<ul class=\"wp-block-list\">\n<li>Tarifas expresadas en d\u00f3lares, sujetas a variaci\u00f3n sin previo aviso.<\/li>\n\n\n\n<li>Para pagos en pesos: aplica el valor del d\u00f3lar VENTA del Banco Naci\u00f3n al cierre del d\u00eda:\u00a0<a href=\"https:\/\/www.bna.com.ar\/Personas\" target=\"_blank\" rel=\"noreferrer noopener\">https:\/\/www.bna.com.ar\/Personas<\/a>. Los pagos realizados los fines de semana o feriados, se tomar\u00e1n al tipo de cambio del siguiente d\u00eda h\u00e1bil.<\/li>\n\n\n\n<li>La percepci\u00f3n (RG 4815) sugerida por pasajero es a modo informativo, deber\u00e1 ser cobrada por la agencia de viajes minorista.<\/li>\n\n\n\n<li>Se\u00f1a: realizar se\u00f1a del 40%, a las 72 hs. de la fecha del alta de la reserva. La se\u00f1a reserva lugares, no congela tarifa.\u00a0<\/li>\n\n\n\n<li>El saldo total deber\u00e1 realizarse 20 d\u00edas previos a la salida.<\/li>\n<\/ul>\n\n\n\n<hr class=\"wp-block-separator has-alpha-channel-opacity\"\/>\n\n\n\n<h4 class=\"wp-block-heading\"><strong>Incluye asistencia m\u00e9dica MASTER BASIC 25 K<\/strong><\/h4>\n\n\n\n<p><strong><a href=\"https:\/\/marittimaoperadores.com\/wp-content\/uploads\/2025\/08\/Master-Basic-25k-.pdf\" target=\"_blank\" rel=\"noreferrer noopener\">Detalle de la asistencia m\u00e9dica<\/a>&nbsp;(Aclarar al pasajero los detalles de la cobertura)<\/strong><\/p>\n\n\n\n<ul class=\"wp-block-list\">\n<li><strong>Adicional desde 71 a\u00f1os hasta 85 a\u00f1os USD 15 <\/strong><\/li>\n\n\n\n<li><strong>Adicional desde 86 a\u00f1os USD 3<\/strong>2<\/li>\n<\/ul>\n\n\n\n<hr class=\"wp-block-separator has-alpha-channel-opacity\"\/>\n\n\n\n<h4 class=\"wp-block-heading\"><strong>Embarque sujeto a documentaci\u00f3n en regla<\/strong>:<\/h4>\n\n\n\n<p><strong>El pasajero es responsable exclusivamente de contar con la documentaci\u00f3n vigente y necesaria para salir del pa\u00eds.<\/strong><strong>Para mas informaci\u00f3n, chequear en:<a href=\"https:\/\/www.argentina.gob.ar\/interior\/migraciones\">&nbsp;https:\/\/www.argentina.gob.ar\/interior\/migraciones<\/a><\/strong><\/p>\n\n\n\n<hr class=\"wp-block-separator has-alpha-channel-opacity\"\/>\n\n\n\n<p><strong>Semi cama arriba y cama abajo.<\/strong><\/p>\n\n\n\n<ul class=\"wp-block-list\">\n<li>Adicional por butaca cama<strong>\u00a0USD 94<\/strong>\u00a0 por pax.-\u00a0<\/li>\n\n\n\n<li>Butacas panor\u00e1micas (primera fila) y\/o cafeteras\u00a0<strong>USD\u00a04<\/strong>2 por pax.-<\/li>\n<\/ul>\n\n\n\n<p><strong>EXCURSIONES OPCIONALES <\/strong><\/p>\n\n\n\n<p>Navegaci\u00f3n en Valpara\u00edso: 30 usd<br>Santiago con city tour + paseo de compras: 70 usd<br>Isla Negra: 70 usd<br>Cerros Valpara\u00edso: 60 usd<br>Opcionales estimativos. Pueden sufrir modificaciones sin previo aviso.<\/p>\n\n\n\n<p><\/p>\n","protected":false},"excerpt":{"rendered":"<p>Descubr\u00ed Vi\u00f1a del Mar: la joya costera de Chile que lo tiene todo<\/p>\n","protected":false},"author":2,"featured_media":105107,"comment_status":"closed","ping_status":"open","sticky":false,"template":"","format":"standard","meta":{"_acf_changed":false,"footnotes":""},"categories":[5,245],"tags":[703,199,121,664],"class_list":["post-155160","post","type-post","status-publish","format-standard","has-post-thumbnail","hentry","category-paquetes","category-sudamerica","tag-703","tag-chile","tag-playa","tag-vina-del-mar-2","category-5","category-245","description-off"],"acf":[],"yoast_head":"<!-- This site is optimized with the Yoast SEO plugin v28.4 - https:\/\/yoast.com\/product\/yoast-seo-wordpress\/ -->\n<title>VI\u00d1A DEL MAR \u2013 VERANO 2026 - Basa<\/title>\n<meta name=\"robots\" content=\"index, follow, max-snippet:-1, max-image-preview:large, max-video-preview:-1\" \/>\n<link rel=\"canonical\" href=\"https:\/\/basaworldtravel.com.ar\/sitio\/2025\/10\/vina-del-mar-verano-2026\/\" \/>\n<meta property=\"og:locale\" content=\"es_ES\" \/>\n<meta property=\"og:type\" content=\"article\" \/>\n<meta property=\"og:title\" content=\"VI\u00d1A DEL MAR \u2013 VERANO 2026 - Basa\" \/>\n<meta property=\"og:description\" content=\"Descubr\u00ed Vi\u00f1a del Mar: la joya costera de Chile que lo tiene todo\" \/>\n<meta property=\"og:url\" content=\"https:\/\/basaworldtravel.com.ar\/sitio\/2025\/10\/vina-del-mar-verano-2026\/\" \/>\n<meta property=\"og:site_name\" content=\"Basa\" \/>\n<meta property=\"article:published_time\" content=\"2025-10-07T14:40:43+00:00\" \/>\n<meta property=\"article:modified_time\" content=\"2025-10-07T14:40:45+00:00\" \/>\n<meta property=\"og:image\" content=\"https:\/\/basaworldtravel.com.ar\/sitio\/wp-content\/uploads\/2022\/10\/Vina_del_Mar.jpg\" \/>\n\t<meta property=\"og:image:width\" content=\"2345\" \/>\n\t<meta property=\"og:image:height\" content=\"1558\" \/>\n\t<meta property=\"og:image:type\" content=\"image\/jpeg\" \/>\n<meta name=\"author\" content=\"BasaWeb\" \/>\n<meta name=\"twitter:card\" content=\"summary_large_image\" \/>\n<meta name=\"twitter:label1\" content=\"Escrito por\" \/>\n\t<meta name=\"twitter:data1\" content=\"BasaWeb\" \/>\n\t<meta name=\"twitter:label2\" content=\"Tiempo de lectura\" \/>\n\t<meta name=\"twitter:data2\" content=\"2 minutos\" \/>\n<script type=\"application\/ld+json\" class=\"yoast-schema-graph\">{\"@context\":\"https:\\\/\\\/schema.org\",\"@graph\":[{\"@type\":\"Article\",\"@id\":\"https:\\\/\\\/basaworldtravel.com.ar\\\/sitio\\\/2025\\\/10\\\/vina-del-mar-verano-2026\\\/#article\",\"isPartOf\":{\"@id\":\"https:\\\/\\\/basaworldtravel.com.ar\\\/sitio\\\/2025\\\/10\\\/vina-del-mar-verano-2026\\\/\"},\"author\":{\"name\":\"BasaWeb\",\"@id\":\"https:\\\/\\\/basaworldtravel.com.ar\\\/sitio\\\/#\\\/schema\\\/person\\\/d89b1d641794d338c41cd3818beabd4c\"},\"headline\":\"VI\u00d1A DEL MAR \u2013 VERANO 2026\",\"datePublished\":\"2025-10-07T14:40:43+00:00\",\"dateModified\":\"2025-10-07T14:40:45+00:00\",\"mainEntityOfPage\":{\"@id\":\"https:\\\/\\\/basaworldtravel.com.ar\\\/sitio\\\/2025\\\/10\\\/vina-del-mar-verano-2026\\\/\"},\"wordCount\":368,\"image\":{\"@id\":\"https:\\\/\\\/basaworldtravel.com.ar\\\/sitio\\\/2025\\\/10\\\/vina-del-mar-verano-2026\\\/#primaryimage\"},\"thumbnailUrl\":\"https:\\\/\\\/basaworldtravel.com.ar\\\/sitio\\\/wp-content\\\/uploads\\\/2022\\\/10\\\/Vina_del_Mar.jpg\",\"keywords\":[\"2026\",\"chile\",\"PLAYA\",\"VI\u00d1A DEL MAR\"],\"articleSection\":[\"Paquetes\",\"Sudam\u00e9rica\"],\"inLanguage\":\"es\"},{\"@type\":\"WebPage\",\"@id\":\"https:\\\/\\\/basaworldtravel.com.ar\\\/sitio\\\/2025\\\/10\\\/vina-del-mar-verano-2026\\\/\",\"url\":\"https:\\\/\\\/basaworldtravel.com.ar\\\/sitio\\\/2025\\\/10\\\/vina-del-mar-verano-2026\\\/\",\"name\":\"VI\u00d1A DEL MAR \u2013 VERANO 2026 - Basa\",\"isPartOf\":{\"@id\":\"https:\\\/\\\/basaworldtravel.com.ar\\\/sitio\\\/#website\"},\"primaryImageOfPage\":{\"@id\":\"https:\\\/\\\/basaworldtravel.com.ar\\\/sitio\\\/2025\\\/10\\\/vina-del-mar-verano-2026\\\/#primaryimage\"},\"image\":{\"@id\":\"https:\\\/\\\/basaworldtravel.com.ar\\\/sitio\\\/2025\\\/10\\\/vina-del-mar-verano-2026\\\/#primaryimage\"},\"thumbnailUrl\":\"https:\\\/\\\/basaworldtravel.com.ar\\\/sitio\\\/wp-content\\\/uploads\\\/2022\\\/10\\\/Vina_del_Mar.jpg\",\"datePublished\":\"2025-10-07T14:40:43+00:00\",\"dateModified\":\"2025-10-07T14:40:45+00:00\",\"author\":{\"@id\":\"https:\\\/\\\/basaworldtravel.com.ar\\\/sitio\\\/#\\\/schema\\\/person\\\/d89b1d641794d338c41cd3818beabd4c\"},\"breadcrumb\":{\"@id\":\"https:\\\/\\\/basaworldtravel.com.ar\\\/sitio\\\/2025\\\/10\\\/vina-del-mar-verano-2026\\\/#breadcrumb\"},\"inLanguage\":\"es\",\"potentialAction\":[{\"@type\":\"ReadAction\",\"target\":[\"https:\\\/\\\/basaworldtravel.com.ar\\\/sitio\\\/2025\\\/10\\\/vina-del-mar-verano-2026\\\/\"]}]},{\"@type\":\"ImageObject\",\"inLanguage\":\"es\",\"@id\":\"https:\\\/\\\/basaworldtravel.com.ar\\\/sitio\\\/2025\\\/10\\\/vina-del-mar-verano-2026\\\/#primaryimage\",\"url\":\"https:\\\/\\\/basaworldtravel.com.ar\\\/sitio\\\/wp-content\\\/uploads\\\/2022\\\/10\\\/Vina_del_Mar.jpg\",\"contentUrl\":\"https:\\\/\\\/basaworldtravel.com.ar\\\/sitio\\\/wp-content\\\/uploads\\\/2022\\\/10\\\/Vina_del_Mar.jpg\",\"width\":2345,\"height\":1558,\"caption\":\"vi\u00f1a del mar\"},{\"@type\":\"BreadcrumbList\",\"@id\":\"https:\\\/\\\/basaworldtravel.com.ar\\\/sitio\\\/2025\\\/10\\\/vina-del-mar-verano-2026\\\/#breadcrumb\",\"itemListElement\":[{\"@type\":\"ListItem\",\"position\":1,\"name\":\"Portada\",\"item\":\"https:\\\/\\\/basaworldtravel.com.ar\\\/sitio\\\/\"},{\"@type\":\"ListItem\",\"position\":2,\"name\":\"VI\u00d1A DEL MAR \u2013 VERANO 2026\"}]},{\"@type\":\"WebSite\",\"@id\":\"https:\\\/\\\/basaworldtravel.com.ar\\\/sitio\\\/#website\",\"url\":\"https:\\\/\\\/basaworldtravel.com.ar\\\/sitio\\\/\",\"name\":\"Basa\",\"description\":\"World Travel\",\"potentialAction\":[{\"@type\":\"SearchAction\",\"target\":{\"@type\":\"EntryPoint\",\"urlTemplate\":\"https:\\\/\\\/basaworldtravel.com.ar\\\/sitio\\\/?s={search_term_string}\"},\"query-input\":{\"@type\":\"PropertyValueSpecification\",\"valueRequired\":true,\"valueName\":\"search_term_string\"}}],\"inLanguage\":\"es\"},{\"@type\":\"Person\",\"@id\":\"https:\\\/\\\/basaworldtravel.com.ar\\\/sitio\\\/#\\\/schema\\\/person\\\/d89b1d641794d338c41cd3818beabd4c\",\"name\":\"BasaWeb\",\"image\":{\"@type\":\"ImageObject\",\"inLanguage\":\"es\",\"@id\":\"https:\\\/\\\/secure.gravatar.com\\\/avatar\\\/13e699648957af0aba903942fee2a1fc533d92bcd43fcf375a4df1edc2708698?s=96&d=mm&r=g\",\"url\":\"https:\\\/\\\/secure.gravatar.com\\\/avatar\\\/13e699648957af0aba903942fee2a1fc533d92bcd43fcf375a4df1edc2708698?s=96&d=mm&r=g\",\"contentUrl\":\"https:\\\/\\\/secure.gravatar.com\\\/avatar\\\/13e699648957af0aba903942fee2a1fc533d92bcd43fcf375a4df1edc2708698?s=96&d=mm&r=g\",\"caption\":\"BasaWeb\"},\"url\":\"https:\\\/\\\/basaworldtravel.com.ar\\\/sitio\\\/author\\\/basaweb\\\/\"}]}<\/script>\n<!-- \/ Yoast SEO plugin. -->","yoast_head_json":{"title":"VI\u00d1A DEL MAR \u2013 VERANO 2026 - Basa","robots":{"index":"index","follow":"follow","max-snippet":"max-snippet:-1","max-image-preview":"max-image-preview:large","max-video-preview":"max-video-preview:-1"},"canonical":"https:\/\/basaworldtravel.com.ar\/sitio\/2025\/10\/vina-del-mar-verano-2026\/","og_locale":"es_ES","og_type":"article","og_title":"VI\u00d1A DEL MAR \u2013 VERANO 2026 - Basa","og_description":"Descubr\u00ed Vi\u00f1a del Mar: la joya costera de Chile que lo tiene todo","og_url":"https:\/\/basaworldtravel.com.ar\/sitio\/2025\/10\/vina-del-mar-verano-2026\/","og_site_name":"Basa","article_published_time":"2025-10-07T14:40:43+00:00","article_modified_time":"2025-10-07T14:40:45+00:00","og_image":[{"width":2345,"height":1558,"url":"https:\/\/basaworldtravel.com.ar\/sitio\/wp-content\/uploads\/2022\/10\/Vina_del_Mar.jpg","type":"image\/jpeg"}],"author":"BasaWeb","twitter_card":"summary_large_image","twitter_misc":{"Escrito por":"BasaWeb","Tiempo de lectura":"2 minutos"},"schema":{"@context":"https:\/\/schema.org","@graph":[{"@type":"Article","@id":"https:\/\/basaworldtravel.com.ar\/sitio\/2025\/10\/vina-del-mar-verano-2026\/#article","isPartOf":{"@id":"https:\/\/basaworldtravel.com.ar\/sitio\/2025\/10\/vina-del-mar-verano-2026\/"},"author":{"name":"BasaWeb","@id":"https:\/\/basaworldtravel.com.ar\/sitio\/#\/schema\/person\/d89b1d641794d338c41cd3818beabd4c"},"headline":"VI\u00d1A DEL MAR \u2013 VERANO 2026","datePublished":"2025-10-07T14:40:43+00:00","dateModified":"2025-10-07T14:40:45+00:00","mainEntityOfPage":{"@id":"https:\/\/basaworldtravel.com.ar\/sitio\/2025\/10\/vina-del-mar-verano-2026\/"},"wordCount":368,"image":{"@id":"https:\/\/basaworldtravel.com.ar\/sitio\/2025\/10\/vina-del-mar-verano-2026\/#primaryimage"},"thumbnailUrl":"https:\/\/basaworldtravel.com.ar\/sitio\/wp-content\/uploads\/2022\/10\/Vina_del_Mar.jpg","keywords":["2026","chile","PLAYA","VI\u00d1A DEL MAR"],"articleSection":["Paquetes","Sudam\u00e9rica"],"inLanguage":"es"},{"@type":"WebPage","@id":"https:\/\/basaworldtravel.com.ar\/sitio\/2025\/10\/vina-del-mar-verano-2026\/","url":"https:\/\/basaworldtravel.com.ar\/sitio\/2025\/10\/vina-del-mar-verano-2026\/","name":"VI\u00d1A DEL MAR \u2013 VERANO 2026 - Basa","isPartOf":{"@id":"https:\/\/basaworldtravel.com.ar\/sitio\/#website"},"primaryImageOfPage":{"@id":"https:\/\/basaworldtravel.com.ar\/sitio\/2025\/10\/vina-del-mar-verano-2026\/#primaryimage"},"image":{"@id":"https:\/\/basaworldtravel.com.ar\/sitio\/2025\/10\/vina-del-mar-verano-2026\/#primaryimage"},"thumbnailUrl":"https:\/\/basaworldtravel.com.ar\/sitio\/wp-content\/uploads\/2022\/10\/Vina_del_Mar.jpg","datePublished":"2025-10-07T14:40:43+00:00","dateModified":"2025-10-07T14:40:45+00:00","author":{"@id":"https:\/\/basaworldtravel.com.ar\/sitio\/#\/schema\/person\/d89b1d641794d338c41cd3818beabd4c"},"breadcrumb":{"@id":"https:\/\/basaworldtravel.com.ar\/sitio\/2025\/10\/vina-del-mar-verano-2026\/#breadcrumb"},"inLanguage":"es","potentialAction":[{"@type":"ReadAction","target":["https:\/\/basaworldtravel.com.ar\/sitio\/2025\/10\/vina-del-mar-verano-2026\/"]}]},{"@type":"ImageObject","inLanguage":"es","@id":"https:\/\/basaworldtravel.com.ar\/sitio\/2025\/10\/vina-del-mar-verano-2026\/#primaryimage","url":"https:\/\/basaworldtravel.com.ar\/sitio\/wp-content\/uploads\/2022\/10\/Vina_del_Mar.jpg","contentUrl":"https:\/\/basaworldtravel.com.ar\/sitio\/wp-content\/uploads\/2022\/10\/Vina_del_Mar.jpg","width":2345,"height":1558,"caption":"vi\u00f1a del mar"},{"@type":"BreadcrumbList","@id":"https:\/\/basaworldtravel.com.ar\/sitio\/2025\/10\/vina-del-mar-verano-2026\/#breadcrumb","itemListElement":[{"@type":"ListItem","position":1,"name":"Portada","item":"https:\/\/basaworldtravel.com.ar\/sitio\/"},{"@type":"ListItem","position":2,"name":"VI\u00d1A DEL MAR \u2013 VERANO 2026"}]},{"@type":"WebSite","@id":"https:\/\/basaworldtravel.com.ar\/sitio\/#website","url":"https:\/\/basaworldtravel.com.ar\/sitio\/","name":"Basa","description":"World Travel","potentialAction":[{"@type":"SearchAction","target":{"@type":"EntryPoint","urlTemplate":"https:\/\/basaworldtravel.com.ar\/sitio\/?s={search_term_string}"},"query-input":{"@type":"PropertyValueSpecification","valueRequired":true,"valueName":"search_term_string"}}],"inLanguage":"es"},{"@type":"Person","@id":"https:\/\/basaworldtravel.com.ar\/sitio\/#\/schema\/person\/d89b1d641794d338c41cd3818beabd4c","name":"BasaWeb","image":{"@type":"ImageObject","inLanguage":"es","@id":"https:\/\/secure.gravatar.com\/avatar\/13e699648957af0aba903942fee2a1fc533d92bcd43fcf375a4df1edc2708698?s=96&d=mm&r=g","url":"https:\/\/secure.gravatar.com\/avatar\/13e699648957af0aba903942fee2a1fc533d92bcd43fcf375a4df1edc2708698?s=96&d=mm&r=g","contentUrl":"https:\/\/secure.gravatar.com\/avatar\/13e699648957af0aba903942fee2a1fc533d92bcd43fcf375a4df1edc2708698?s=96&d=mm&r=g","caption":"BasaWeb"},"url":"https:\/\/basaworldtravel.com.ar\/sitio\/author\/basaweb\/"}]}},"_links":{"self":[{"href":"https:\/\/basaworldtravel.com.ar\/sitio\/wp-json\/wp\/v2\/posts\/155160","targetHints":{"allow":["GET"]}}],"collection":[{"href":"https:\/\/basaworldtravel.com.ar\/sitio\/wp-json\/wp\/v2\/posts"}],"about":[{"href":"https:\/\/basaworldtravel.com.ar\/sitio\/wp-json\/wp\/v2\/types\/post"}],"author":[{"embeddable":true,"href":"https:\/\/basaworldtravel.com.ar\/sitio\/wp-json\/wp\/v2\/users\/2"}],"replies":[{"embeddable":true,"href":"https:\/\/basaworldtravel.com.ar\/sitio\/wp-json\/wp\/v2\/comments?post=155160"}],"version-history":[{"count":1,"href":"https:\/\/basaworldtravel.com.ar\/sitio\/wp-json\/wp\/v2\/posts\/155160\/revisions"}],"predecessor-version":[{"id":155163,"href":"https:\/\/basaworldtravel.com.ar\/sitio\/wp-json\/wp\/v2\/posts\/155160\/revisions\/155163"}],"wp:featuredmedia":[{"embeddable":true,"href":"https:\/\/basaworldtravel.com.ar\/sitio\/wp-json\/wp\/v2\/media\/105107"}],"wp:attachment":[{"href":"https:\/\/basaworldtravel.com.ar\/sitio\/wp-json\/wp\/v2\/media?parent=155160"}],"wp:term":[{"taxonomy":"category","embeddable":true,"href":"https:\/\/basaworldtravel.com.ar\/sitio\/wp-json\/wp\/v2\/categories?post=155160"},{"taxonomy":"post_tag","embeddable":true,"href":"https:\/\/basaworldtravel.com.ar\/sitio\/wp-json\/wp\/v2\/tags?post=155160"}],"curies":[{"name":"wp","href":"https:\/\/api.w.org\/{rel}","templated":true}]}}