{"id":155078,"date":"2025-09-26T09:06:27","date_gmt":"2025-09-26T12:06:27","guid":{"rendered":"https:\/\/basaworldtravel.com.ar\/?p=155078"},"modified":"2025-09-26T10:04:32","modified_gmt":"2025-09-26T13:04:32","slug":"marruecos-con-estilo-salida-grupal","status":"publish","type":"post","link":"https:\/\/basaworldtravel.com.ar\/sitio\/2025\/09\/marruecos-con-estilo-salida-grupal\/","title":{"rendered":"MARRUECOS CON ESTILO-SALIDA GRUPAL"},"content":{"rendered":"\n<p>Salida 20 Marzo 2026<\/p>\n\n\n\n<p>Recorriendo<br>CASABLANCA &#8211; RABAT &#8211; T\u00c1NGER &#8211; XAOUEN &#8211; MEKNES &#8211; FEZ &#8211; ERFOUD -DESIERTO DEL SAHARA &#8211; ERFOUD &#8211; TINERHIR &#8211; GARGANTAS DEL TODRA<br>\u00abRUTA DE LAS KASBAHS\u00bb &#8211; KELAA M&#8217;GOUNA &#8211; OUARZAZATE &#8211; KASBAH AIT BEN HADDOU &#8211; MARRAKECH<\/p>\n\n\n\n<p><strong>INCLUYE NOCHE EN EL DESIERTO<\/strong><\/p>\n\n\n\n<p><strong>SERVICIOS INCLUIDOS<\/strong><\/p>\n\n\n\n<p>Vuelos internacionales Buenos Aires &#8211; Madrid &#8211; Casablanca &#8211; Marrakech -Madrid &#8211; Buenos Aires<\/p>\n\n\n\n<ul class=\"wp-block-list\">\n<li>Traslados aeropuerto &#8211; hotel &#8211; aeropuerto<\/li>\n\n\n\n<li>Alojamiento y desayuno en hoteles de categor\u00eda seleccionada en habitaciones dobles con ba\u00f1o o ducha. Una noche en campamento en el desierto en jaima con ba\u00f1o privado<\/li>\n\n\n\n<li>7 cenas y 6 almuerzos (sin bebidas)<\/li>\n\n\n\n<li>Circuito en autocar o minib\u00fas, seg\u00fan ruta indicada<\/li>\n\n\n\n<li>Gu\u00eda acompa\u00f1ante de habla hispana<\/li>\n\n\n\n<li>Visitas previstas en el programa<\/li>\n\n\n\n<li>Gu\u00eda local en Casablanca, Rabat, T\u00e1nger, Meknes, Fez y Marrakech<\/li>\n\n\n\n<li>La entrada a los siguientes lugares: Fez, Medersa, Ouarzazate: Kasbah de Taourirt, Kasbah de Ait Ben Haddou, Marrakech: Palacio Bah\u00eda<\/li>\n\n\n\n<li>Seguro de asistencia m\u00e9dica GLOBAL (Terrawind) * Consultar Suplemento + de 75 a\u00f1os *<\/li>\n\n\n\n<li>En el bus se permite una maleta por persona + 1 bolso de mano<\/li>\n\n\n\n<li>El vuelo Incluye maleta de 23 kg + equipaje de Mano <br><\/li>\n<\/ul>\n\n\n\n<p><strong>NO INCLUYE:<\/strong><\/p>\n\n\n\n<ul class=\"wp-block-list\">\n<li>Excursiones, visitas opcionales y\/o entradas donde no est\u00e9 debidamente indicado como incluidas<\/li>\n\n\n\n<li>Propinas tales como gu\u00edas, conductores, gu\u00edas locales, restaurantes, hoteles, etc.<\/li>\n\n\n\n<li>Maleteros en Aeropuertos y en los Hoteles<\/li>\n\n\n\n<li>Comidas y bebidas que no est\u00e9n especificadas<\/li>\n\n\n\n<li>Exceso de equipaje<\/li>\n\n\n\n<li>Cualquier servicio que no est\u00e9 debidamente especificado como incluido<\/li>\n\n\n\n<li>Visitas, entradas a museos o monumentos (excepto en los lugares indicados), bebidas, propinas y extras en el hotel. Maleteros<\/li>\n<\/ul>\n\n\n\n<p><strong>VUELOS<\/strong><\/p>\n\n\n\n<figure class=\"wp-block-image size-full\"><img loading=\"lazy\" decoding=\"async\" width=\"831\" height=\"529\" src=\"https:\/\/basaworldtravel.com.ar\/sitio\/wp-content\/uploads\/2025\/09\/image-2.png\" alt=\"\" class=\"wp-image-155079\" srcset=\"https:\/\/basaworldtravel.com.ar\/sitio\/wp-content\/uploads\/2025\/09\/image-2.png 831w, https:\/\/basaworldtravel.com.ar\/sitio\/wp-content\/uploads\/2025\/09\/image-2-300x191.png 300w, https:\/\/basaworldtravel.com.ar\/sitio\/wp-content\/uploads\/2025\/09\/image-2-768x489.png 768w, https:\/\/basaworldtravel.com.ar\/sitio\/wp-content\/uploads\/2025\/09\/image-2-500x318.png 500w, https:\/\/basaworldtravel.com.ar\/sitio\/wp-content\/uploads\/2025\/09\/image-2-800x509.png 800w\" sizes=\"auto, (max-width: 831px) 100vw, 831px\" \/><\/figure>\n\n\n\n<p>BUENOS AIRES &#8211; VUELO INTERNACIONAL (20 de Marzo Viernes) Presentaci\u00f3n en el Aeropuerto de Ezeiza. Horario a<br>reconfirmar. Tomaremos el vuelo con destino a Marruecos, conexi\u00f3n en Madrid.<br>D\u00eda 02. (21 de Marzo S\u00e1bado) VUELO INTERNACIONAL &#8211; CASABLANCA <br>Llegada al aeropuerto de Casablanca. Asistencia y traslado al hotel. Check-in de las habitaciones disponible a partir de las 15.00 hs aprox. Cena y alojamiento.<\/p>\n\n\n\n<p>D\u00eda 03. CASABLANCA &#8211; RABAT &#8211; T\u00c1NGER (337 KM) (22 de Marzo Domingo) Desayuno. Visita panor\u00e1mica de la ciudad: Boulevard de la Corniche, paseo mar\u00edtimo y luego la<br>carretera de la costa por donde se llega a Anfa, para terminar en el exterior de la gran mezquita de Hassan II (opcionalmente se podr\u00e1 visitar el interior de la misma).<br>Salida hacia la ciudad imperial de Rabat, capital del Reino de Marruecos desde 1.912. La visita comienza por el Palacio Real \u00abDar el Makhzen\u00bb que alberga la mezquita de \u00abHombres de Fez\u00bb. Visita de Kasbah de los Oudaias. Almuerzo. Continuaci\u00f3n a T\u00e1nger. Cena y alojamiento.<br><br>D\u00eda 04. T\u00c1NGER &#8211; XAUEN &#8211; MEKNES &#8211; FEZ (384 KM) (23 de Marzo Lunes) Desayuno. Visita de la medina y salida hacia las monta\u00f1as del Rif donde se encuentra la bonita y famosa ciudad de Xauen. Breve parada en esta poblaci\u00f3n de casas blancas con puertas de color de un fuerte azul cobalto. Almuerzo. Continuaci\u00f3n hacia la ciudad imperial de Meknes. Visita de la ciudad de Mulay Ismail. Comenzamos por las murallas con sus magnificas Puertas como Bab Manssur y continuaci\u00f3n al Estanque del Aghal con una superficie de cuatro hect\u00e1reas. Un corto paseo nos lleva a la ciudad imperial de Fez. Cena y alojamiento.<\/p>\n\n\n\n<p>D\u00eda 05. FEZ &#8211; ERFOUD &#8211; DESIERTO DEL SAHARA (430 K\u041c) (24 de Marzo Martes) Palacio Desayuno. Salida para conocer Fez. Visita de las Puertas Doradas del Real construidas por los maestros en bronce. Visitaremos la antigua medina con su Medersa de Bou Anania, la Fuente Nejjarine una de las m\u00e1s bellas de la medina, mezquita Karaouine que alberga uno de los principales centros culturales del Isl\u00e1m y es la sede de la Universidad de Fez y el mausoleo de Mulay Idriss. Nos detendremos en el famoso barrio de los curtidores, \u00fanico en el mundo. Almuerzo. Salida atravesando las suaves monta\u00f1as del medio Atlas. Continuaci\u00f3n por una bella ruta de vida bereber. Llegada a Erfoud y traslado al campamento para pasar la noche en el Cena y alojamiento.<\/p>\n\n\n\n<p>D\u00eda 06. (25 de Marzo Mi\u00e9rcoles) ERFOUD &#8211; TINERHIR &#8211; GARGANTAS DEL TODRA \u00abRUTA DE LAS KASBAHS\u00bb- KELAA M&#8217;GOUNA &#8211; OUARZAZATE (320 \u041a\u041c)<br>las el Al despertar en las dunas del S\u00e1hara, tendremos la posibilidad de ver amanecer en el desierto. Desayuno. Salida hacia la ciudad de Tinerhir. Nos dirigiremos a uno de los parajes naturales m\u00e1s hermosos del viaje: Gargantas del Todra. Almuerzo. Continuaci\u00f3n a Kelaa M Gouna, pueblito donde se cultivan excelentes rosas. Aqu\u00ed comienza la \u00abRuta de las Kasbahs\u00bb. Con este nombre se conocen a las construcciones de adobe con torres almenadas y adornos de ladrillo crudo. En ocasiones, aut\u00e9nticos pueblos fortificados. Est\u00e1n situadas en un paisaje espectacular. Si las antiguas Kasbahs seducen por su poder de evocaci\u00f3n el paisaje conmueve por la fuerza de sus contrastes, su luminosidad y su silencio. una de las rutas m\u00e1s atractivas y solicitadas de Marruecos. Continuaci\u00f3n a Ouarzazate. Cena y alojamiento.<\/p>\n\n\n\n<p>D\u00eda 07. OUARZAZATE &#8211; KASBAH AIT BEN HADDOU &#8211; MARRA\u041a\u0415\u0421\u041d (223 \u041a\u041c) (26 de Marzo Jueves) Desayuno. Salida hacia la Kasbah Taourirt. En otros tiempos fue residencia del pach\u00e1 de Marrakech. Visita del interior de la misma donde destacan los aposentos del pach\u00e1 y los lugares de las favoritas. Seguimos hacia la Kasbah de Ait Ben Haddou, designada Patrimonio de la Humanidad por la UNESCO. Construida en adobe y dej\u00e1ndose caer a lo largo de la colina. Tan fotog\u00e9nica ciudad ha sido utilizada en obras maestras del celuloide como \u00abSodoma y Gomorra\u00bb de Orson Welles y la taquillera \u00abLa Joya del Nilo\u00bb. Almuerzo. Continuaci\u00f3n a Marrakech. Cena Y alojamiento.<\/p>\n\n\n\n<p><br>D\u00eda 08. MARRAKECH (27 de Marzo Viernes) D\u00eda 09. (28 de Marzo S\u00e1bado) Desayuno. Visita a la ciudad que empieza por los jardines de la Menara,parque de catorce hect\u00e1reas en cuyo centro se encuentra un inmenso estanque del siglo XII. El majestuoso minarete de la Koutoubia, torre gemela de la Giralda de Sevilla. Continuaci\u00f3n al Palacio Bah\u00eda, ejemplo del medievo musulm\u00e1n donde destaca la sala de embajadores con su techo en forma de barco invertido. La visita termina en un lugar m\u00e1gico:<br>la plaza de Jemaa el-Fna (asamblea del pueblo), declarada patrimonio de la Humanidad. Almuerzo. Cena y alojamiento.<\/p>\n\n\n\n<p>D\u00eda 09. MARRAKECH &#8211; (28 de Marzo S\u00e1bado) MARRAKECH- MADRID &#8211; BUENOS AIRES  . Desayuno. A la hora indicada traslado al aeropuerto de Marrakech para embarcar en el vuelo de salida. Embarque. Noche a bordo.<\/p>\n\n\n\n<p>D\u00eda 10. BUENOS AIRES (29 de Marzo Domingo) Arribo al aeropuerto internacional de Ezeiza. Despedida y fin de nuestros servicios.<\/p>\n\n\n\n<p><\/p>\n\n\n\n<p><strong>HOTELES PREVISTOS O SIMILARES<br><\/strong>** Los hoteles pueden variar, en ese caso se ofrecer\u00e1 alojamiento de similar categor\u00eda **<br><\/p>\n\n\n\n<ul class=\"wp-block-list\">\n<li>CASABLANCA: PALACE D&#8217;ANFA O SHERATON CASABLANCA<\/li>\n\n\n\n<li>TANGER: HOTEL KENZI SOLAZUR<\/li>\n\n\n\n<li>FEZ: BARCELO O ZALAGH PARC PALACE HOTEL<\/li>\n\n\n\n<li>CAMPAMENTO: SAHARA GARDEN, JAIMA CON BA\u00d1O.<\/li>\n\n\n\n<li>OUARZAZATE: BERBERE PALACE<\/li>\n\n\n\n<li>MARRAKECH: KENZI FARAH O MOGADOR MENARA<\/li>\n<\/ul>\n\n\n\n<p class=\"has-large-font-size\"><strong>USD4195 POR PERSONA EN BASE DOBLE <\/strong><\/p>\n\n\n\n<p><br><strong>CONDICIONES DE PAGOS:<\/strong><\/p>\n\n\n\n<ul class=\"wp-block-list\">\n<li>Se\u00f1a para reserva: USD 500.-<\/li>\n\n\n\n<li>Refuerzo de USD 1.500.- al 20 de Enero<\/li>\n\n\n\n<li>Saldo 45 d\u00edas antes de la salida<\/li>\n<\/ul>\n\n\n\n<p><strong>POLITICAS DE CANCELACI\u00d3N:<\/strong><\/p>\n\n\n\n<ul class=\"wp-block-list\">\n<li>Cancelaciones anteriores a 61 d\u00edas: sin cargo<\/li>\n\n\n\n<li>Cancelaciones entre 60 y 30 d\u00edas: 50% de gastos<\/li>\n\n\n\n<li>Cancelaciones entre 29 y 15 d\u00edas: 100% de gastos<\/li>\n<\/ul>\n\n\n\n<p><strong>CONSIDERACIONES GENERALES<\/strong><\/p>\n\n\n\n<ul class=\"wp-block-list\">\n<li>Esta salida forma parte de un circuito regular, compartiendo el itinerario con pasajeros de otras nacionalidades.<\/li>\n\n\n\n<li>Es responsabilidad de la Agencia de Viajes y de los Sres. Pasajeros contar con la documentaci\u00f3n personal y familiar necesaria y en regla al momento de salida de<br>Argentina, seg\u00fan las leyes de los pa\u00edses visitados y cumplimentar todos los requerimientos necesarios para la salida e ingreso al pa\u00eds al igual que para el<br>ingreso y egreso a los pa\u00edses visitados. Pasaporte Argentino v\u00e1lido por 6 meses al ingreso a Europa.<\/li>\n\n\n\n<li>Tener en cuenta que en el presente recorrido habr\u00e1 paseos a pie de varias horas, subidas y bajadas, trayectos en bus de varios kil\u00f3metros al d\u00eda.<\/li>\n\n\n\n<li>Las habitaciones dobles matrimoniales no son garantizadas y est\u00e1n sujetas a disponibilidad en el momento de check-in en los hoteles. En el caso que no haya<br>habitaciones dobles matrimoniales disponibles, el alojamiento se brindar\u00e1 en habitaci\u00f3n twin (dos camas separadas).<\/li>\n\n\n\n<li>Algunos hoteles podr\u00edan no disponer de habitaciones twins (camas separadas). En estos casos la habitaci\u00f3n twin consistir\u00e1 en una cama matrimonial y una cama<br>m\u00e1s peque\u00f1a tipo roll-away (catre\/sofacama).<\/li>\n\n\n\n<li>La capacidad del maletero del bus es limitada, permiti\u00e9ndose 1 (una) maleta de m\u00e1ximo 23 kg por pasajero.<\/li>\n\n\n\n<li>La din\u00e1mica propia de este viaje podr\u00eda implicar el cambio de bus y\/o gu\u00eda correo en alg\u00fan\/os punto\/s del recorrido.<\/li>\n\n\n\n<li>La realizaci\u00f3n del web check-in y asignaci\u00f3n de asientos para el\/los vuelo\/s ser\u00e1 un tr\u00e1mite personal de cada pasajero por medio de los canales y condiciones que<br>la\/s aerol\u00ednea\/s disponga\/n para tales efectos. EstiloPlus no puede garantizar asientos espec\u00edficos en los vuelos.<\/li>\n\n\n\n<li>El orden del itinerario puede ser modificado sin previo aviso, as\u00ed como el orden de las visitas, manteni\u00e9ndose \u00edntegramente el programa de visitas y excursiones.<\/li>\n\n\n\n<li>Pasajeros a compartir: EstiloPlus no garantiza habitaciones a compartir. La reserva de todos aquellos pasajeros que opten por esta modalidad, quedar\u00e1 en<br>suspenso hasta tanto otro pasajero en mismas condiciones realice su reserva. Intercambiaremos previamente los datos para que puedan contactarse y acordar<br>que compartir\u00e1n habitaci\u00f3n. Luego de realizado este procedimiento ambas reservas quedar\u00e1n confirmadas.<\/li>\n\n\n\n<li>Asientos en los buses: No hay n\u00famero de asiento fijo en los buses, todos rotan en el sector delantero &#8211; medio &#8211; posterior del bus despu\u00e9s de cada destino \/ visita.<\/li>\n\n\n\n<li>Asignaci\u00f3n de asientos en el avi\u00f3n: La pol\u00edtica de asignaci\u00f3n de asientos depende de cada l\u00ednea a\u00e9rea. En la mayor\u00eda de los casos la asignaci\u00f3n es aleatoria.<br>EstiloPlus no se responsabiliza por la asignaci\u00f3n de dichas plazas. Las solicitudes especiales ser\u00e1n requeridas a las aerol\u00edneas, pero las mismas no son confirmadas.<br>Esta salida forma parte de un circuito regular, compartiendo el itinerario con pasajeros de otras nacionalidades.<\/li>\n\n\n\n<li>Es responsabilidad de la Agencia de Viajes y de los Sres. Pasajeros contar con la documentaci\u00f3n personal y familiar necesaria y en regla al momento de salida de<br>Argentina, seg\u00fan las leyes de los pa\u00edses visitados y cumplimentar todos los requerimientos necesarios para la salida e ingreso al pa\u00eds al igual que para el<br>ingreso y egreso a los pa\u00edses visitados. Pasaporte Argentino v\u00e1lido por 6 meses al ingreso a Europa.<\/li>\n\n\n\n<li>Tener en cuenta que en el presente recorrido habr\u00e1 paseos a pie de varias horas, subidas y bajadas, trayectos en bus de varios kil\u00f3metros al d\u00eda.<\/li>\n\n\n\n<li>Las habitaciones dobles matrimoniales no son garantizadas y est\u00e1n sujetas a disponibilidad en el momento de check-in en los hoteles. En el caso que no haya<br>habitaciones dobles matrimoniales disponibles, el alojamiento se brindar\u00e1 en habitaci\u00f3n twin (dos camas separadas).<\/li>\n\n\n\n<li>Algunos hoteles podr\u00edan no disponer de habitaciones twins (camas separadas). En estos casos la habitaci\u00f3n twin consistir\u00e1 en una cama matrimonial y una cama<br>m\u00e1s peque\u00f1a tipo roll-away (catre\/sofacama).<\/li>\n\n\n\n<li>La capacidad del maletero del bus es limitada, permiti\u00e9ndose 1 (una) maleta de m\u00e1ximo 23 kg por pasajero.<\/li>\n\n\n\n<li>La din\u00e1mica propia de este viaje podr\u00eda implicar el cambio de bus y\/o gu\u00eda correo en alg\u00fan\/os punto\/s del recorrido.<\/li>\n\n\n\n<li>La realizaci\u00f3n del web check-in y asignaci\u00f3n de asientos para el\/los vuelo\/s ser\u00e1 un tr\u00e1mite personal de cada pasajero por medio de los canales y condiciones que<br>la\/s aerol\u00ednea\/s disponga\/n para tales efectos. EstiloPlus no puede garantizar asientos espec\u00edficos en los vuelos.<\/li>\n\n\n\n<li>El orden del itinerario puede ser modificado sin previo aviso, as\u00ed como el orden de las visitas, manteni\u00e9ndose \u00edntegramente el programa de visitas y excursiones.<\/li>\n\n\n\n<li>Pasajeros a compartir: EstiloPlus no garantiza habitaciones a compartir. La reserva de todos aquellos pasajeros que opten por esta modalidad, quedar\u00e1 en<br>suspenso hasta tanto otro pasajero en mismas condiciones realice su reserva. Intercambiaremos previamente los datos para que puedan contactarse y acordar<br>que compartir\u00e1n habitaci\u00f3n. Luego de realizado este procedimiento ambas reservas quedar\u00e1n confirmadas.<\/li>\n\n\n\n<li>Asientos en los buses: No hay n\u00famero de asiento fijo en los buses, todos rotan en el sector delantero &#8211; medio &#8211; posterior del bus despu\u00e9s de cada destino \/ visita.<\/li>\n\n\n\n<li>Asignaci\u00f3n de asientos en el avi\u00f3n: La pol\u00edtica de asignaci\u00f3n de asientos depende de cada l\u00ednea a\u00e9rea. En la mayor\u00eda de los casos la asignaci\u00f3n es aleatoria.<br>EstiloPlus no se responsabiliza por la asignaci\u00f3n de dichas plazas. Las solicitudes especiales ser\u00e1n requeridas a las aerol\u00edneas, pero las mismas no son confirmadas.<br><\/li>\n\n\n\n<li>Se podr\u00e1 solicitar cotizaciones para clases Premium Economy o Business o regresos diferidos, siempre sujetos a disponibilidad y\/o cambio de tarifa por parte de la l\u00ednea a\u00e9rea. Es importante tener en cuenta que debemos respetar los tiempos de respuesta de la aerol\u00ednea, por lo que podr\u00edan presentarse demoras en la cotizaci\u00f3n. .<\/li>\n\n\n\n<li>Funci\u00f3n del acompa\u00f1ante de EstiloPlus: En nuestras salidas grupales, un Tour Leader de nuestro equipo acompa\u00f1a al grupo durante el recorrido con el objetivo<br>de brindar asistencia general, facilitar la log\u00edstica y velar por el bienestar de todoslos pasajeros. Es importante tener en cuenta que el Tour Leader no cumple<br>funciones de asistencia personal ni de coordinaci\u00f3n exclusiva con cada pasajero. Su rol es el de acompa\u00f1ar, asistir ante alguna eventualidad, y actuar como nexo<br>con los proveedores locales, pero siempre respetando los tiempos de descanso y funcionamiento del itinerario. En caso que alg\u00fan pasajero necesite asistencia<br>permanente por incidente en destino, tendr\u00e1 que viajar un familiar para asistirlo.<\/li>\n<\/ul>\n\n\n\n<p><strong>CONDICIONES DE LA SALIDA<\/strong><\/p>\n\n\n\n<p>Salida garantizada con un m\u00ednimo de 10 pasajeros sobre salida regular en destino de Mapaplus. (*) Acompa\u00f1amiento desde Buenos Aires sujeto a partir de 20<br>pasajeros. Tarifas finales por persona.<br>Incluye impuestos, gastos administrativos. Los impuestos incluidos est\u00e1n sujetos a reconfirmaci\u00f3n por imperativos del pa\u00eds y de la compa\u00f1\u00eda a\u00e9rea. En caso de<br>abonar en pesos, adicionar los valores indicados de percepci\u00f3n de impuesto a las ganancias (RG 5463\/23)<br>Independientemente de lo informado en este detalle, aplicar\u00e1n los impuestos y retenciones vigentes al momento de la emisi\u00f3n del ticket a\u00e9reo (entre 45 y 15 d\u00edas<br>antes de la salida, sujeto a normativa de la l\u00ednea a\u00e9rea). En caso de haber alguna diferencia en la tarifa final, se actualizar\u00e1n los valores de impuestos y retenciones<br>en las liquidaciones y se deber\u00e1 abonar la diferencia. Los tickets a\u00e9reos ser\u00e1n emitidos una vez completado el cupo de bloqueo o al cumplirse el plazo establecido informado en el p\u00e1rrafo anterior. Precios expresados en d\u00f3lares estadounidenses.<br>Se puede abonar en pesos argentinos al cambio del d\u00eda indicado en nuestra web (estilloplus.tur.ar\/page\/cambio.html).<br>Reservas hasta el 05 de Febrero de 2026<br>Operador responsable: EstiloPlus (Premium Plus S.A.) CUIT 33-71494324-9.<br>Legajo 16477.<\/p>\n\n\n\n<p><\/p>\n","protected":false},"excerpt":{"rendered":"<p>Del Sahara a Marrakech: Marruecos es pura inspiraci\u00f3n.<\/p>\n","protected":false},"author":2,"featured_media":154734,"comment_status":"closed","ping_status":"open","sticky":false,"template":"","format":"standard","meta":{"_acf_changed":false,"footnotes":""},"categories":[9,5],"tags":[703,770,223,162,80,753],"class_list":["post-155078","post","type-post","status-publish","format-standard","has-post-thumbnail","hentry","category-exoticos","category-paquetes","tag-703","tag-desierto-del-sahara","tag-marrakech","tag-marruecos","tag-salidas-grupales","tag-tanger-2","category-9","category-5","description-off"],"acf":[],"yoast_head":"<!-- This site is optimized with the Yoast SEO plugin v28.4 - https:\/\/yoast.com\/product\/yoast-seo-wordpress\/ -->\n<title>MARRUECOS CON ESTILO-SALIDA GRUPAL - Basa<\/title>\n<meta name=\"robots\" content=\"index, follow, max-snippet:-1, max-image-preview:large, max-video-preview:-1\" \/>\n<link rel=\"canonical\" href=\"https:\/\/basaworldtravel.com.ar\/sitio\/2025\/09\/marruecos-con-estilo-salida-grupal\/\" \/>\n<meta property=\"og:locale\" content=\"es_ES\" \/>\n<meta property=\"og:type\" content=\"article\" \/>\n<meta property=\"og:title\" content=\"MARRUECOS CON ESTILO-SALIDA GRUPAL - Basa\" \/>\n<meta property=\"og:description\" content=\"Del Sahara a Marrakech: Marruecos es pura inspiraci\u00f3n.\" \/>\n<meta property=\"og:url\" content=\"https:\/\/basaworldtravel.com.ar\/sitio\/2025\/09\/marruecos-con-estilo-salida-grupal\/\" \/>\n<meta property=\"og:site_name\" content=\"Basa\" \/>\n<meta property=\"article:published_time\" content=\"2025-09-26T12:06:27+00:00\" \/>\n<meta property=\"article:modified_time\" content=\"2025-09-26T13:04:32+00:00\" \/>\n<meta property=\"og:image\" content=\"https:\/\/basaworldtravel.com.ar\/sitio\/wp-content\/uploads\/2025\/08\/1-destacada-VIAJE-A-MARRUECOS-compressed.webp\" \/>\n\t<meta property=\"og:image:width\" content=\"1000\" \/>\n\t<meta property=\"og:image:height\" content=\"677\" \/>\n\t<meta property=\"og:image:type\" content=\"image\/webp\" \/>\n<meta name=\"author\" content=\"BasaWeb\" \/>\n<meta name=\"twitter:card\" content=\"summary_large_image\" \/>\n<meta name=\"twitter:label1\" content=\"Escrito por\" \/>\n\t<meta name=\"twitter:data1\" content=\"BasaWeb\" \/>\n\t<meta name=\"twitter:label2\" content=\"Tiempo de lectura\" \/>\n\t<meta name=\"twitter:data2\" content=\"12 minutos\" \/>\n<script type=\"application\/ld+json\" class=\"yoast-schema-graph\">{\"@context\":\"https:\\\/\\\/schema.org\",\"@graph\":[{\"@type\":\"Article\",\"@id\":\"https:\\\/\\\/basaworldtravel.com.ar\\\/sitio\\\/2025\\\/09\\\/marruecos-con-estilo-salida-grupal\\\/#article\",\"isPartOf\":{\"@id\":\"https:\\\/\\\/basaworldtravel.com.ar\\\/sitio\\\/2025\\\/09\\\/marruecos-con-estilo-salida-grupal\\\/\"},\"author\":{\"name\":\"BasaWeb\",\"@id\":\"https:\\\/\\\/basaworldtravel.com.ar\\\/sitio\\\/#\\\/schema\\\/person\\\/d89b1d641794d338c41cd3818beabd4c\"},\"headline\":\"MARRUECOS CON ESTILO-SALIDA GRUPAL\",\"datePublished\":\"2025-09-26T12:06:27+00:00\",\"dateModified\":\"2025-09-26T13:04:32+00:00\",\"mainEntityOfPage\":{\"@id\":\"https:\\\/\\\/basaworldtravel.com.ar\\\/sitio\\\/2025\\\/09\\\/marruecos-con-estilo-salida-grupal\\\/\"},\"wordCount\":2524,\"image\":{\"@id\":\"https:\\\/\\\/basaworldtravel.com.ar\\\/sitio\\\/2025\\\/09\\\/marruecos-con-estilo-salida-grupal\\\/#primaryimage\"},\"thumbnailUrl\":\"https:\\\/\\\/basaworldtravel.com.ar\\\/sitio\\\/wp-content\\\/uploads\\\/2025\\\/08\\\/1-destacada-VIAJE-A-MARRUECOS-compressed.webp\",\"keywords\":[\"2026\",\"DESIERTO DEL SAHARA\",\"marrakech\",\"MARRUECOS\",\"SALIDAS GRUPALES\",\"T\u00c1NGER\"],\"articleSection\":[\"Exoticos\",\"Paquetes\"],\"inLanguage\":\"es\"},{\"@type\":\"WebPage\",\"@id\":\"https:\\\/\\\/basaworldtravel.com.ar\\\/sitio\\\/2025\\\/09\\\/marruecos-con-estilo-salida-grupal\\\/\",\"url\":\"https:\\\/\\\/basaworldtravel.com.ar\\\/sitio\\\/2025\\\/09\\\/marruecos-con-estilo-salida-grupal\\\/\",\"name\":\"MARRUECOS CON ESTILO-SALIDA GRUPAL - Basa\",\"isPartOf\":{\"@id\":\"https:\\\/\\\/basaworldtravel.com.ar\\\/sitio\\\/#website\"},\"primaryImageOfPage\":{\"@id\":\"https:\\\/\\\/basaworldtravel.com.ar\\\/sitio\\\/2025\\\/09\\\/marruecos-con-estilo-salida-grupal\\\/#primaryimage\"},\"image\":{\"@id\":\"https:\\\/\\\/basaworldtravel.com.ar\\\/sitio\\\/2025\\\/09\\\/marruecos-con-estilo-salida-grupal\\\/#primaryimage\"},\"thumbnailUrl\":\"https:\\\/\\\/basaworldtravel.com.ar\\\/sitio\\\/wp-content\\\/uploads\\\/2025\\\/08\\\/1-destacada-VIAJE-A-MARRUECOS-compressed.webp\",\"datePublished\":\"2025-09-26T12:06:27+00:00\",\"dateModified\":\"2025-09-26T13:04:32+00:00\",\"author\":{\"@id\":\"https:\\\/\\\/basaworldtravel.com.ar\\\/sitio\\\/#\\\/schema\\\/person\\\/d89b1d641794d338c41cd3818beabd4c\"},\"breadcrumb\":{\"@id\":\"https:\\\/\\\/basaworldtravel.com.ar\\\/sitio\\\/2025\\\/09\\\/marruecos-con-estilo-salida-grupal\\\/#breadcrumb\"},\"inLanguage\":\"es\",\"potentialAction\":[{\"@type\":\"ReadAction\",\"target\":[\"https:\\\/\\\/basaworldtravel.com.ar\\\/sitio\\\/2025\\\/09\\\/marruecos-con-estilo-salida-grupal\\\/\"]}]},{\"@type\":\"ImageObject\",\"inLanguage\":\"es\",\"@id\":\"https:\\\/\\\/basaworldtravel.com.ar\\\/sitio\\\/2025\\\/09\\\/marruecos-con-estilo-salida-grupal\\\/#primaryimage\",\"url\":\"https:\\\/\\\/basaworldtravel.com.ar\\\/sitio\\\/wp-content\\\/uploads\\\/2025\\\/08\\\/1-destacada-VIAJE-A-MARRUECOS-compressed.webp\",\"contentUrl\":\"https:\\\/\\\/basaworldtravel.com.ar\\\/sitio\\\/wp-content\\\/uploads\\\/2025\\\/08\\\/1-destacada-VIAJE-A-MARRUECOS-compressed.webp\",\"width\":1000,\"height\":677},{\"@type\":\"BreadcrumbList\",\"@id\":\"https:\\\/\\\/basaworldtravel.com.ar\\\/sitio\\\/2025\\\/09\\\/marruecos-con-estilo-salida-grupal\\\/#breadcrumb\",\"itemListElement\":[{\"@type\":\"ListItem\",\"position\":1,\"name\":\"Portada\",\"item\":\"https:\\\/\\\/basaworldtravel.com.ar\\\/sitio\\\/\"},{\"@type\":\"ListItem\",\"position\":2,\"name\":\"MARRUECOS CON ESTILO-SALIDA GRUPAL\"}]},{\"@type\":\"WebSite\",\"@id\":\"https:\\\/\\\/basaworldtravel.com.ar\\\/sitio\\\/#website\",\"url\":\"https:\\\/\\\/basaworldtravel.com.ar\\\/sitio\\\/\",\"name\":\"Basa\",\"description\":\"World Travel\",\"potentialAction\":[{\"@type\":\"SearchAction\",\"target\":{\"@type\":\"EntryPoint\",\"urlTemplate\":\"https:\\\/\\\/basaworldtravel.com.ar\\\/sitio\\\/?s={search_term_string}\"},\"query-input\":{\"@type\":\"PropertyValueSpecification\",\"valueRequired\":true,\"valueName\":\"search_term_string\"}}],\"inLanguage\":\"es\"},{\"@type\":\"Person\",\"@id\":\"https:\\\/\\\/basaworldtravel.com.ar\\\/sitio\\\/#\\\/schema\\\/person\\\/d89b1d641794d338c41cd3818beabd4c\",\"name\":\"BasaWeb\",\"image\":{\"@type\":\"ImageObject\",\"inLanguage\":\"es\",\"@id\":\"https:\\\/\\\/secure.gravatar.com\\\/avatar\\\/13e699648957af0aba903942fee2a1fc533d92bcd43fcf375a4df1edc2708698?s=96&d=mm&r=g\",\"url\":\"https:\\\/\\\/secure.gravatar.com\\\/avatar\\\/13e699648957af0aba903942fee2a1fc533d92bcd43fcf375a4df1edc2708698?s=96&d=mm&r=g\",\"contentUrl\":\"https:\\\/\\\/secure.gravatar.com\\\/avatar\\\/13e699648957af0aba903942fee2a1fc533d92bcd43fcf375a4df1edc2708698?s=96&d=mm&r=g\",\"caption\":\"BasaWeb\"},\"url\":\"https:\\\/\\\/basaworldtravel.com.ar\\\/sitio\\\/author\\\/basaweb\\\/\"}]}<\/script>\n<!-- \/ Yoast SEO plugin. -->","yoast_head_json":{"title":"MARRUECOS CON ESTILO-SALIDA GRUPAL - Basa","robots":{"index":"index","follow":"follow","max-snippet":"max-snippet:-1","max-image-preview":"max-image-preview:large","max-video-preview":"max-video-preview:-1"},"canonical":"https:\/\/basaworldtravel.com.ar\/sitio\/2025\/09\/marruecos-con-estilo-salida-grupal\/","og_locale":"es_ES","og_type":"article","og_title":"MARRUECOS CON ESTILO-SALIDA GRUPAL - Basa","og_description":"Del Sahara a Marrakech: Marruecos es pura inspiraci\u00f3n.","og_url":"https:\/\/basaworldtravel.com.ar\/sitio\/2025\/09\/marruecos-con-estilo-salida-grupal\/","og_site_name":"Basa","article_published_time":"2025-09-26T12:06:27+00:00","article_modified_time":"2025-09-26T13:04:32+00:00","og_image":[{"width":1000,"height":677,"url":"https:\/\/basaworldtravel.com.ar\/sitio\/wp-content\/uploads\/2025\/08\/1-destacada-VIAJE-A-MARRUECOS-compressed.webp","type":"image\/webp"}],"author":"BasaWeb","twitter_card":"summary_large_image","twitter_misc":{"Escrito por":"BasaWeb","Tiempo de lectura":"12 minutos"},"schema":{"@context":"https:\/\/schema.org","@graph":[{"@type":"Article","@id":"https:\/\/basaworldtravel.com.ar\/sitio\/2025\/09\/marruecos-con-estilo-salida-grupal\/#article","isPartOf":{"@id":"https:\/\/basaworldtravel.com.ar\/sitio\/2025\/09\/marruecos-con-estilo-salida-grupal\/"},"author":{"name":"BasaWeb","@id":"https:\/\/basaworldtravel.com.ar\/sitio\/#\/schema\/person\/d89b1d641794d338c41cd3818beabd4c"},"headline":"MARRUECOS CON ESTILO-SALIDA GRUPAL","datePublished":"2025-09-26T12:06:27+00:00","dateModified":"2025-09-26T13:04:32+00:00","mainEntityOfPage":{"@id":"https:\/\/basaworldtravel.com.ar\/sitio\/2025\/09\/marruecos-con-estilo-salida-grupal\/"},"wordCount":2524,"image":{"@id":"https:\/\/basaworldtravel.com.ar\/sitio\/2025\/09\/marruecos-con-estilo-salida-grupal\/#primaryimage"},"thumbnailUrl":"https:\/\/basaworldtravel.com.ar\/sitio\/wp-content\/uploads\/2025\/08\/1-destacada-VIAJE-A-MARRUECOS-compressed.webp","keywords":["2026","DESIERTO DEL SAHARA","marrakech","MARRUECOS","SALIDAS GRUPALES","T\u00c1NGER"],"articleSection":["Exoticos","Paquetes"],"inLanguage":"es"},{"@type":"WebPage","@id":"https:\/\/basaworldtravel.com.ar\/sitio\/2025\/09\/marruecos-con-estilo-salida-grupal\/","url":"https:\/\/basaworldtravel.com.ar\/sitio\/2025\/09\/marruecos-con-estilo-salida-grupal\/","name":"MARRUECOS CON ESTILO-SALIDA GRUPAL - Basa","isPartOf":{"@id":"https:\/\/basaworldtravel.com.ar\/sitio\/#website"},"primaryImageOfPage":{"@id":"https:\/\/basaworldtravel.com.ar\/sitio\/2025\/09\/marruecos-con-estilo-salida-grupal\/#primaryimage"},"image":{"@id":"https:\/\/basaworldtravel.com.ar\/sitio\/2025\/09\/marruecos-con-estilo-salida-grupal\/#primaryimage"},"thumbnailUrl":"https:\/\/basaworldtravel.com.ar\/sitio\/wp-content\/uploads\/2025\/08\/1-destacada-VIAJE-A-MARRUECOS-compressed.webp","datePublished":"2025-09-26T12:06:27+00:00","dateModified":"2025-09-26T13:04:32+00:00","author":{"@id":"https:\/\/basaworldtravel.com.ar\/sitio\/#\/schema\/person\/d89b1d641794d338c41cd3818beabd4c"},"breadcrumb":{"@id":"https:\/\/basaworldtravel.com.ar\/sitio\/2025\/09\/marruecos-con-estilo-salida-grupal\/#breadcrumb"},"inLanguage":"es","potentialAction":[{"@type":"ReadAction","target":["https:\/\/basaworldtravel.com.ar\/sitio\/2025\/09\/marruecos-con-estilo-salida-grupal\/"]}]},{"@type":"ImageObject","inLanguage":"es","@id":"https:\/\/basaworldtravel.com.ar\/sitio\/2025\/09\/marruecos-con-estilo-salida-grupal\/#primaryimage","url":"https:\/\/basaworldtravel.com.ar\/sitio\/wp-content\/uploads\/2025\/08\/1-destacada-VIAJE-A-MARRUECOS-compressed.webp","contentUrl":"https:\/\/basaworldtravel.com.ar\/sitio\/wp-content\/uploads\/2025\/08\/1-destacada-VIAJE-A-MARRUECOS-compressed.webp","width":1000,"height":677},{"@type":"BreadcrumbList","@id":"https:\/\/basaworldtravel.com.ar\/sitio\/2025\/09\/marruecos-con-estilo-salida-grupal\/#breadcrumb","itemListElement":[{"@type":"ListItem","position":1,"name":"Portada","item":"https:\/\/basaworldtravel.com.ar\/sitio\/"},{"@type":"ListItem","position":2,"name":"MARRUECOS CON ESTILO-SALIDA GRUPAL"}]},{"@type":"WebSite","@id":"https:\/\/basaworldtravel.com.ar\/sitio\/#website","url":"https:\/\/basaworldtravel.com.ar\/sitio\/","name":"Basa","description":"World Travel","potentialAction":[{"@type":"SearchAction","target":{"@type":"EntryPoint","urlTemplate":"https:\/\/basaworldtravel.com.ar\/sitio\/?s={search_term_string}"},"query-input":{"@type":"PropertyValueSpecification","valueRequired":true,"valueName":"search_term_string"}}],"inLanguage":"es"},{"@type":"Person","@id":"https:\/\/basaworldtravel.com.ar\/sitio\/#\/schema\/person\/d89b1d641794d338c41cd3818beabd4c","name":"BasaWeb","image":{"@type":"ImageObject","inLanguage":"es","@id":"https:\/\/secure.gravatar.com\/avatar\/13e699648957af0aba903942fee2a1fc533d92bcd43fcf375a4df1edc2708698?s=96&d=mm&r=g","url":"https:\/\/secure.gravatar.com\/avatar\/13e699648957af0aba903942fee2a1fc533d92bcd43fcf375a4df1edc2708698?s=96&d=mm&r=g","contentUrl":"https:\/\/secure.gravatar.com\/avatar\/13e699648957af0aba903942fee2a1fc533d92bcd43fcf375a4df1edc2708698?s=96&d=mm&r=g","caption":"BasaWeb"},"url":"https:\/\/basaworldtravel.com.ar\/sitio\/author\/basaweb\/"}]}},"_links":{"self":[{"href":"https:\/\/basaworldtravel.com.ar\/sitio\/wp-json\/wp\/v2\/posts\/155078","targetHints":{"allow":["GET"]}}],"collection":[{"href":"https:\/\/basaworldtravel.com.ar\/sitio\/wp-json\/wp\/v2\/posts"}],"about":[{"href":"https:\/\/basaworldtravel.com.ar\/sitio\/wp-json\/wp\/v2\/types\/post"}],"author":[{"embeddable":true,"href":"https:\/\/basaworldtravel.com.ar\/sitio\/wp-json\/wp\/v2\/users\/2"}],"replies":[{"embeddable":true,"href":"https:\/\/basaworldtravel.com.ar\/sitio\/wp-json\/wp\/v2\/comments?post=155078"}],"version-history":[{"count":3,"href":"https:\/\/basaworldtravel.com.ar\/sitio\/wp-json\/wp\/v2\/posts\/155078\/revisions"}],"predecessor-version":[{"id":155083,"href":"https:\/\/basaworldtravel.com.ar\/sitio\/wp-json\/wp\/v2\/posts\/155078\/revisions\/155083"}],"wp:featuredmedia":[{"embeddable":true,"href":"https:\/\/basaworldtravel.com.ar\/sitio\/wp-json\/wp\/v2\/media\/154734"}],"wp:attachment":[{"href":"https:\/\/basaworldtravel.com.ar\/sitio\/wp-json\/wp\/v2\/media?parent=155078"}],"wp:term":[{"taxonomy":"category","embeddable":true,"href":"https:\/\/basaworldtravel.com.ar\/sitio\/wp-json\/wp\/v2\/categories?post=155078"},{"taxonomy":"post_tag","embeddable":true,"href":"https:\/\/basaworldtravel.com.ar\/sitio\/wp-json\/wp\/v2\/tags?post=155078"}],"curies":[{"name":"wp","href":"https:\/\/api.w.org\/{rel}","templated":true}]}}