{"id":154812,"date":"2026-04-24T15:43:47","date_gmt":"2026-04-24T18:43:47","guid":{"rendered":"https:\/\/basaworldtravel.com.ar\/?p=154812"},"modified":"2026-08-24T13:22:35","modified_gmt":"2026-08-24T16:22:35","slug":"gramado-canela-torres2026","status":"publish","type":"post","link":"https:\/\/basaworldtravel.com.ar\/sitio\/2026\/04\/gramado-canela-torres2026\/","title":{"rendered":"GRAMADO, CANELA &amp; TORRES-Noviembre 2026"},"content":{"rendered":"\n<p><strong>Salida 26 de Noviembre 2026<\/strong><\/p>\n\n\n\n<p class=\"has-medium-font-size\">Salida grupal acompa\u00f1ada desde Paran\u00e1<\/p>\n\n\n\n<p>\u2714 Bus CAMA con servicio a bordo<br>\u2714 Coordinador durante todo el viaje<br>\u2714 Gu\u00eda en destino<br>\u2714 Seguro de asistencia al viajero<br>\u2714 Equipaje incluido<\/p>\n\n\n\n<p>\u2714 7 Noches de alojamiento  <\/p>\n\n\n\n<p>4 noches de alojamiento en GRAMADO&nbsp; Hotel Laghetto Fratello www.laghettohoteis.com.br\/hoteis\/fratello &#8211; Desayuno <\/p>\n\n\n\n<figure class=\"wp-block-embed is-type-video is-provider-youtube wp-block-embed-youtube wp-embed-aspect-16-9 wp-has-aspect-ratio\"><div class=\"wp-block-embed__wrapper\">\n<iframe loading=\"lazy\" title=\"Hotel Laghetto Fratello: Roteiro a p\u00e9\" width=\"1200\" height=\"675\" src=\"https:\/\/www.youtube.com\/embed\/HenMLjtrzKc?feature=oembed\" frameborder=\"0\" allow=\"accelerometer; autoplay; clipboard-write; encrypted-media; gyroscope; picture-in-picture; web-share\" referrerpolicy=\"strict-origin-when-cross-origin\" allowfullscreen><\/iframe>\n<\/div><\/figure>\n\n\n\n<p>3 noches de alojamiento en TORRES Hotel Dunas Praia  www.dunaspraiahotel.com.br  Media Pensi\u00f3n-Sin bebidas <\/p>\n\n\n\n<figure class=\"wp-block-embed is-type-video is-provider-youtube wp-block-embed-youtube wp-embed-aspect-16-9 wp-has-aspect-ratio\"><div class=\"wp-block-embed__wrapper\">\n<iframe loading=\"lazy\" title=\"Dunas Praia Hotel\" width=\"1200\" height=\"675\" src=\"https:\/\/www.youtube.com\/embed\/wrD4h4a8wSM?feature=oembed\" frameborder=\"0\" allow=\"accelerometer; autoplay; clipboard-write; encrypted-media; gyroscope; picture-in-picture; web-share\" referrerpolicy=\"strict-origin-when-cross-origin\" allowfullscreen><\/iframe>\n<\/div><\/figure>\n\n\n\n<h3 class=\"wp-block-heading\">EXCURSIONES INCLUIDAS<\/h3>\n\n\n\n<ul class=\"wp-block-list\">\n<li>City tour en GRAMADO (visita a Lago Negro, Show de Luces, Minimundo,<\/li>\n\n\n\n<li>City tour en CANELA ( Catedral de Piedras, F\u00e1brica de Chocolates, Museo de Cera, Cascada Caracol)<\/li>\n<\/ul>\n\n\n\n<p><\/p>\n\n\n\n<p><strong>USD995 POR PERSONA EN BASE DOBLE <\/strong><\/p>\n\n\n\n<p><\/p>\n\n\n\n<ul class=\"wp-block-list\">\n<li>Se\u00f1a: abonar se\u00f1a 48 Hs a se\u00f1a solo bloquea la reserva, pero no fija el precio.<\/li>\n\n\n\n<li>Saldo: 20 d\u00edas anteriores a la salida, abonar el saldo total.<\/li>\n\n\n\n<li>Cancelaciones: sujetas a las condiciones generales.<\/li>\n\n\n\n<li>Solo el pago total de la reserva, congela la tarifa.<\/li>\n\n\n\n<li>Tarifa especial, venta anticipada. Cupos disponibles para la promoci\u00f3n 15 (quince).<\/li>\n\n\n\n<li><em><strong>Embarque sujeto a documentaci\u00f3n en regla<\/strong><\/em>:&nbsp;<strong>El pasajero es responsable exclusivamente de contar con la documentaci\u00f3n vigente y necesaria para salir del pa\u00eds.&nbsp;Para mas informaci\u00f3n, chequear en:<a href=\"https:\/\/www.argentina.gob.ar\/interior\/migraciones\">&nbsp;https:\/\/www.argentina.gob.ar\/interior\/migraciones<\/a><\/strong><\/li>\n<\/ul>\n\n\n\n<p><\/p>\n","protected":false},"excerpt":{"rendered":"<p>Luces, emoci\u00f3n y destinos que parecen salidos de un cuento <\/p>\n","protected":false},"author":2,"featured_media":154348,"comment_status":"closed","ping_status":"open","sticky":false,"template":"","format":"standard","meta":{"_acf_changed":false,"footnotes":""},"categories":[40,5,871,245],"tags":[703,41,509,508,649,846,121,148,638],"class_list":["post-154812","post","type-post","status-publish","format-standard","has-post-thumbnail","hentry","category-brasil","category-paquetes","category-salidas-grupales","category-sudamerica","tag-703","tag-brasil","tag-canela","tag-gramado","tag-natal-luz","tag-nativitaten","tag-playa","tag-sur-de-brasil","tag-torres","category-40","category-5","category-871","category-245","description-off"],"acf":[],"yoast_head":"<!-- This site is optimized with the Yoast SEO plugin v28.4 - https:\/\/yoast.com\/product\/yoast-seo-wordpress\/ -->\n<title>GRAMADO, CANELA &amp; TORRES-Noviembre 2026 - Basa<\/title>\n<meta name=\"robots\" content=\"index, follow, max-snippet:-1, max-image-preview:large, max-video-preview:-1\" \/>\n<link rel=\"canonical\" href=\"https:\/\/basaworldtravel.com.ar\/sitio\/2026\/04\/gramado-canela-torres2026\/\" \/>\n<meta property=\"og:locale\" content=\"es_ES\" \/>\n<meta property=\"og:type\" content=\"article\" \/>\n<meta property=\"og:title\" content=\"GRAMADO, CANELA &amp; TORRES-Noviembre 2026 - Basa\" \/>\n<meta property=\"og:description\" content=\"Luces, emoci\u00f3n y destinos que parecen salidos de un cuento\" \/>\n<meta property=\"og:url\" content=\"https:\/\/basaworldtravel.com.ar\/sitio\/2026\/04\/gramado-canela-torres2026\/\" \/>\n<meta property=\"og:site_name\" content=\"Basa\" \/>\n<meta property=\"article:published_time\" content=\"2026-04-24T18:43:47+00:00\" \/>\n<meta property=\"article:modified_time\" content=\"2026-08-24T16:22:35+00:00\" \/>\n<meta property=\"og:image\" content=\"https:\/\/basaworldtravel.com.ar\/sitio\/wp-content\/uploads\/2025\/06\/Gramado-no-Natal-1.jpg\" \/>\n\t<meta property=\"og:image:width\" content=\"1296\" \/>\n\t<meta property=\"og:image:height\" content=\"797\" \/>\n\t<meta property=\"og:image:type\" content=\"image\/jpeg\" \/>\n<meta name=\"author\" content=\"BasaWeb\" \/>\n<meta name=\"twitter:card\" content=\"summary_large_image\" \/>\n<meta name=\"twitter:label1\" content=\"Escrito por\" \/>\n\t<meta name=\"twitter:data1\" content=\"BasaWeb\" \/>\n\t<meta name=\"twitter:label2\" content=\"Tiempo de lectura\" \/>\n\t<meta name=\"twitter:data2\" content=\"2 minutos\" \/>\n<script type=\"application\/ld+json\" class=\"yoast-schema-graph\">{\"@context\":\"https:\\\/\\\/schema.org\",\"@graph\":[{\"@type\":\"Article\",\"@id\":\"https:\\\/\\\/basaworldtravel.com.ar\\\/sitio\\\/2026\\\/04\\\/gramado-canela-torres2026\\\/#article\",\"isPartOf\":{\"@id\":\"https:\\\/\\\/basaworldtravel.com.ar\\\/sitio\\\/2026\\\/04\\\/gramado-canela-torres2026\\\/\"},\"author\":{\"name\":\"BasaWeb\",\"@id\":\"https:\\\/\\\/basaworldtravel.com.ar\\\/sitio\\\/#\\\/schema\\\/person\\\/d89b1d641794d338c41cd3818beabd4c\"},\"headline\":\"GRAMADO, CANELA &amp; TORRES-Noviembre 2026\",\"datePublished\":\"2026-04-24T18:43:47+00:00\",\"dateModified\":\"2026-08-24T16:22:35+00:00\",\"mainEntityOfPage\":{\"@id\":\"https:\\\/\\\/basaworldtravel.com.ar\\\/sitio\\\/2026\\\/04\\\/gramado-canela-torres2026\\\/\"},\"wordCount\":224,\"image\":{\"@id\":\"https:\\\/\\\/basaworldtravel.com.ar\\\/sitio\\\/2026\\\/04\\\/gramado-canela-torres2026\\\/#primaryimage\"},\"thumbnailUrl\":\"https:\\\/\\\/basaworldtravel.com.ar\\\/sitio\\\/wp-content\\\/uploads\\\/2025\\\/06\\\/Gramado-no-Natal-1.jpg\",\"keywords\":[\"2026\",\"BRASIL\",\"canela\",\"gramado\",\"NATAL LUZ\",\"NATIVITATEN\",\"PLAYA\",\"SUR DE BRASIL\",\"TORRES\"],\"articleSection\":[\"Brasil\",\"Paquetes\",\"Salidas Grupales\",\"Sudam\u00e9rica\"],\"inLanguage\":\"es\"},{\"@type\":\"WebPage\",\"@id\":\"https:\\\/\\\/basaworldtravel.com.ar\\\/sitio\\\/2026\\\/04\\\/gramado-canela-torres2026\\\/\",\"url\":\"https:\\\/\\\/basaworldtravel.com.ar\\\/sitio\\\/2026\\\/04\\\/gramado-canela-torres2026\\\/\",\"name\":\"GRAMADO, CANELA &amp; TORRES-Noviembre 2026 - Basa\",\"isPartOf\":{\"@id\":\"https:\\\/\\\/basaworldtravel.com.ar\\\/sitio\\\/#website\"},\"primaryImageOfPage\":{\"@id\":\"https:\\\/\\\/basaworldtravel.com.ar\\\/sitio\\\/2026\\\/04\\\/gramado-canela-torres2026\\\/#primaryimage\"},\"image\":{\"@id\":\"https:\\\/\\\/basaworldtravel.com.ar\\\/sitio\\\/2026\\\/04\\\/gramado-canela-torres2026\\\/#primaryimage\"},\"thumbnailUrl\":\"https:\\\/\\\/basaworldtravel.com.ar\\\/sitio\\\/wp-content\\\/uploads\\\/2025\\\/06\\\/Gramado-no-Natal-1.jpg\",\"datePublished\":\"2026-04-24T18:43:47+00:00\",\"dateModified\":\"2026-08-24T16:22:35+00:00\",\"author\":{\"@id\":\"https:\\\/\\\/basaworldtravel.com.ar\\\/sitio\\\/#\\\/schema\\\/person\\\/d89b1d641794d338c41cd3818beabd4c\"},\"breadcrumb\":{\"@id\":\"https:\\\/\\\/basaworldtravel.com.ar\\\/sitio\\\/2026\\\/04\\\/gramado-canela-torres2026\\\/#breadcrumb\"},\"inLanguage\":\"es\",\"potentialAction\":[{\"@type\":\"ReadAction\",\"target\":[\"https:\\\/\\\/basaworldtravel.com.ar\\\/sitio\\\/2026\\\/04\\\/gramado-canela-torres2026\\\/\"]}]},{\"@type\":\"ImageObject\",\"inLanguage\":\"es\",\"@id\":\"https:\\\/\\\/basaworldtravel.com.ar\\\/sitio\\\/2026\\\/04\\\/gramado-canela-torres2026\\\/#primaryimage\",\"url\":\"https:\\\/\\\/basaworldtravel.com.ar\\\/sitio\\\/wp-content\\\/uploads\\\/2025\\\/06\\\/Gramado-no-Natal-1.jpg\",\"contentUrl\":\"https:\\\/\\\/basaworldtravel.com.ar\\\/sitio\\\/wp-content\\\/uploads\\\/2025\\\/06\\\/Gramado-no-Natal-1.jpg\",\"width\":1296,\"height\":797},{\"@type\":\"BreadcrumbList\",\"@id\":\"https:\\\/\\\/basaworldtravel.com.ar\\\/sitio\\\/2026\\\/04\\\/gramado-canela-torres2026\\\/#breadcrumb\",\"itemListElement\":[{\"@type\":\"ListItem\",\"position\":1,\"name\":\"Portada\",\"item\":\"https:\\\/\\\/basaworldtravel.com.ar\\\/sitio\\\/\"},{\"@type\":\"ListItem\",\"position\":2,\"name\":\"GRAMADO, CANELA &amp; TORRES-Noviembre 2026\"}]},{\"@type\":\"WebSite\",\"@id\":\"https:\\\/\\\/basaworldtravel.com.ar\\\/sitio\\\/#website\",\"url\":\"https:\\\/\\\/basaworldtravel.com.ar\\\/sitio\\\/\",\"name\":\"Basa\",\"description\":\"World Travel\",\"potentialAction\":[{\"@type\":\"SearchAction\",\"target\":{\"@type\":\"EntryPoint\",\"urlTemplate\":\"https:\\\/\\\/basaworldtravel.com.ar\\\/sitio\\\/?s={search_term_string}\"},\"query-input\":{\"@type\":\"PropertyValueSpecification\",\"valueRequired\":true,\"valueName\":\"search_term_string\"}}],\"inLanguage\":\"es\"},{\"@type\":\"Person\",\"@id\":\"https:\\\/\\\/basaworldtravel.com.ar\\\/sitio\\\/#\\\/schema\\\/person\\\/d89b1d641794d338c41cd3818beabd4c\",\"name\":\"BasaWeb\",\"image\":{\"@type\":\"ImageObject\",\"inLanguage\":\"es\",\"@id\":\"https:\\\/\\\/secure.gravatar.com\\\/avatar\\\/13e699648957af0aba903942fee2a1fc533d92bcd43fcf375a4df1edc2708698?s=96&d=mm&r=g\",\"url\":\"https:\\\/\\\/secure.gravatar.com\\\/avatar\\\/13e699648957af0aba903942fee2a1fc533d92bcd43fcf375a4df1edc2708698?s=96&d=mm&r=g\",\"contentUrl\":\"https:\\\/\\\/secure.gravatar.com\\\/avatar\\\/13e699648957af0aba903942fee2a1fc533d92bcd43fcf375a4df1edc2708698?s=96&d=mm&r=g\",\"caption\":\"BasaWeb\"},\"url\":\"https:\\\/\\\/basaworldtravel.com.ar\\\/sitio\\\/author\\\/basaweb\\\/\"}]}<\/script>\n<!-- \/ Yoast SEO plugin. -->","yoast_head_json":{"title":"GRAMADO, CANELA &amp; TORRES-Noviembre 2026 - Basa","robots":{"index":"index","follow":"follow","max-snippet":"max-snippet:-1","max-image-preview":"max-image-preview:large","max-video-preview":"max-video-preview:-1"},"canonical":"https:\/\/basaworldtravel.com.ar\/sitio\/2026\/04\/gramado-canela-torres2026\/","og_locale":"es_ES","og_type":"article","og_title":"GRAMADO, CANELA &amp; TORRES-Noviembre 2026 - Basa","og_description":"Luces, emoci\u00f3n y destinos que parecen salidos de un cuento","og_url":"https:\/\/basaworldtravel.com.ar\/sitio\/2026\/04\/gramado-canela-torres2026\/","og_site_name":"Basa","article_published_time":"2026-04-24T18:43:47+00:00","article_modified_time":"2026-08-24T16:22:35+00:00","og_image":[{"width":1296,"height":797,"url":"https:\/\/basaworldtravel.com.ar\/sitio\/wp-content\/uploads\/2025\/06\/Gramado-no-Natal-1.jpg","type":"image\/jpeg"}],"author":"BasaWeb","twitter_card":"summary_large_image","twitter_misc":{"Escrito por":"BasaWeb","Tiempo de lectura":"2 minutos"},"schema":{"@context":"https:\/\/schema.org","@graph":[{"@type":"Article","@id":"https:\/\/basaworldtravel.com.ar\/sitio\/2026\/04\/gramado-canela-torres2026\/#article","isPartOf":{"@id":"https:\/\/basaworldtravel.com.ar\/sitio\/2026\/04\/gramado-canela-torres2026\/"},"author":{"name":"BasaWeb","@id":"https:\/\/basaworldtravel.com.ar\/sitio\/#\/schema\/person\/d89b1d641794d338c41cd3818beabd4c"},"headline":"GRAMADO, CANELA &amp; TORRES-Noviembre 2026","datePublished":"2026-04-24T18:43:47+00:00","dateModified":"2026-08-24T16:22:35+00:00","mainEntityOfPage":{"@id":"https:\/\/basaworldtravel.com.ar\/sitio\/2026\/04\/gramado-canela-torres2026\/"},"wordCount":224,"image":{"@id":"https:\/\/basaworldtravel.com.ar\/sitio\/2026\/04\/gramado-canela-torres2026\/#primaryimage"},"thumbnailUrl":"https:\/\/basaworldtravel.com.ar\/sitio\/wp-content\/uploads\/2025\/06\/Gramado-no-Natal-1.jpg","keywords":["2026","BRASIL","canela","gramado","NATAL LUZ","NATIVITATEN","PLAYA","SUR DE BRASIL","TORRES"],"articleSection":["Brasil","Paquetes","Salidas Grupales","Sudam\u00e9rica"],"inLanguage":"es"},{"@type":"WebPage","@id":"https:\/\/basaworldtravel.com.ar\/sitio\/2026\/04\/gramado-canela-torres2026\/","url":"https:\/\/basaworldtravel.com.ar\/sitio\/2026\/04\/gramado-canela-torres2026\/","name":"GRAMADO, CANELA &amp; TORRES-Noviembre 2026 - Basa","isPartOf":{"@id":"https:\/\/basaworldtravel.com.ar\/sitio\/#website"},"primaryImageOfPage":{"@id":"https:\/\/basaworldtravel.com.ar\/sitio\/2026\/04\/gramado-canela-torres2026\/#primaryimage"},"image":{"@id":"https:\/\/basaworldtravel.com.ar\/sitio\/2026\/04\/gramado-canela-torres2026\/#primaryimage"},"thumbnailUrl":"https:\/\/basaworldtravel.com.ar\/sitio\/wp-content\/uploads\/2025\/06\/Gramado-no-Natal-1.jpg","datePublished":"2026-04-24T18:43:47+00:00","dateModified":"2026-08-24T16:22:35+00:00","author":{"@id":"https:\/\/basaworldtravel.com.ar\/sitio\/#\/schema\/person\/d89b1d641794d338c41cd3818beabd4c"},"breadcrumb":{"@id":"https:\/\/basaworldtravel.com.ar\/sitio\/2026\/04\/gramado-canela-torres2026\/#breadcrumb"},"inLanguage":"es","potentialAction":[{"@type":"ReadAction","target":["https:\/\/basaworldtravel.com.ar\/sitio\/2026\/04\/gramado-canela-torres2026\/"]}]},{"@type":"ImageObject","inLanguage":"es","@id":"https:\/\/basaworldtravel.com.ar\/sitio\/2026\/04\/gramado-canela-torres2026\/#primaryimage","url":"https:\/\/basaworldtravel.com.ar\/sitio\/wp-content\/uploads\/2025\/06\/Gramado-no-Natal-1.jpg","contentUrl":"https:\/\/basaworldtravel.com.ar\/sitio\/wp-content\/uploads\/2025\/06\/Gramado-no-Natal-1.jpg","width":1296,"height":797},{"@type":"BreadcrumbList","@id":"https:\/\/basaworldtravel.com.ar\/sitio\/2026\/04\/gramado-canela-torres2026\/#breadcrumb","itemListElement":[{"@type":"ListItem","position":1,"name":"Portada","item":"https:\/\/basaworldtravel.com.ar\/sitio\/"},{"@type":"ListItem","position":2,"name":"GRAMADO, CANELA &amp; TORRES-Noviembre 2026"}]},{"@type":"WebSite","@id":"https:\/\/basaworldtravel.com.ar\/sitio\/#website","url":"https:\/\/basaworldtravel.com.ar\/sitio\/","name":"Basa","description":"World Travel","potentialAction":[{"@type":"SearchAction","target":{"@type":"EntryPoint","urlTemplate":"https:\/\/basaworldtravel.com.ar\/sitio\/?s={search_term_string}"},"query-input":{"@type":"PropertyValueSpecification","valueRequired":true,"valueName":"search_term_string"}}],"inLanguage":"es"},{"@type":"Person","@id":"https:\/\/basaworldtravel.com.ar\/sitio\/#\/schema\/person\/d89b1d641794d338c41cd3818beabd4c","name":"BasaWeb","image":{"@type":"ImageObject","inLanguage":"es","@id":"https:\/\/secure.gravatar.com\/avatar\/13e699648957af0aba903942fee2a1fc533d92bcd43fcf375a4df1edc2708698?s=96&d=mm&r=g","url":"https:\/\/secure.gravatar.com\/avatar\/13e699648957af0aba903942fee2a1fc533d92bcd43fcf375a4df1edc2708698?s=96&d=mm&r=g","contentUrl":"https:\/\/secure.gravatar.com\/avatar\/13e699648957af0aba903942fee2a1fc533d92bcd43fcf375a4df1edc2708698?s=96&d=mm&r=g","caption":"BasaWeb"},"url":"https:\/\/basaworldtravel.com.ar\/sitio\/author\/basaweb\/"}]}},"_links":{"self":[{"href":"https:\/\/basaworldtravel.com.ar\/sitio\/wp-json\/wp\/v2\/posts\/154812","targetHints":{"allow":["GET"]}}],"collection":[{"href":"https:\/\/basaworldtravel.com.ar\/sitio\/wp-json\/wp\/v2\/posts"}],"about":[{"href":"https:\/\/basaworldtravel.com.ar\/sitio\/wp-json\/wp\/v2\/types\/post"}],"author":[{"embeddable":true,"href":"https:\/\/basaworldtravel.com.ar\/sitio\/wp-json\/wp\/v2\/users\/2"}],"replies":[{"embeddable":true,"href":"https:\/\/basaworldtravel.com.ar\/sitio\/wp-json\/wp\/v2\/comments?post=154812"}],"version-history":[{"count":7,"href":"https:\/\/basaworldtravel.com.ar\/sitio\/wp-json\/wp\/v2\/posts\/154812\/revisions"}],"predecessor-version":[{"id":156505,"href":"https:\/\/basaworldtravel.com.ar\/sitio\/wp-json\/wp\/v2\/posts\/154812\/revisions\/156505"}],"wp:featuredmedia":[{"embeddable":true,"href":"https:\/\/basaworldtravel.com.ar\/sitio\/wp-json\/wp\/v2\/media\/154348"}],"wp:attachment":[{"href":"https:\/\/basaworldtravel.com.ar\/sitio\/wp-json\/wp\/v2\/media?parent=154812"}],"wp:term":[{"taxonomy":"category","embeddable":true,"href":"https:\/\/basaworldtravel.com.ar\/sitio\/wp-json\/wp\/v2\/categories?post=154812"},{"taxonomy":"post_tag","embeddable":true,"href":"https:\/\/basaworldtravel.com.ar\/sitio\/wp-json\/wp\/v2\/tags?post=154812"}],"curies":[{"name":"wp","href":"https:\/\/api.w.org\/{rel}","templated":true}]}}