{"id":154791,"date":"2026-05-05T09:49:52","date_gmt":"2026-05-05T12:49:52","guid":{"rendered":"https:\/\/basaworldtravel.com.ar\/?p=154791"},"modified":"2026-07-23T12:07:59","modified_gmt":"2026-07-23T15:07:59","slug":"puerto-madryn-septiembre-y-octubre","status":"publish","type":"post","link":"https:\/\/basaworldtravel.com.ar\/sitio\/2026\/05\/puerto-madryn-septiembre-y-octubre\/","title":{"rendered":"PUERTO MADRYN-VACACIONES JULIO"},"content":{"rendered":"\n<p>Salidas  21 Septiembre -03 Octubre <\/p>\n\n\n\n<p><strong>SERVICIOS<\/strong>:<br>\uf0fc Bus Ch\u00e1rter de Turismo CAMA<br>\uf0fc COORDINADOR.<br>\uf0fc 04 Noches de Alojamiento.  <strong>COSTANERA HOTEL *** <\/strong>www.costanerahotelmadryn.com.ar  Pleno centro.<br>Ubicaci\u00f3n privilegiada frente al mar.  Direcci\u00f3n: Bv. Almirante Brown 759<\/p>\n\n\n\n<p>\uf0fc MEDIA PENSI\u00d3N Se Brinda en Restaurante \u201cEl N\u00e1utico\u201d-Sin bebidas <\/p>\n\n\n\n<p><br><strong>EXCURSIONES<\/strong>:<br>City Tour.<br> Pen\u00ednsula Vald\u00e9s hasta Puerto Pir\u00e1mides.<br> Valle inferior del R\u00edo Chubut (Gaiman, Trelew, Playa Uni\u00f3n y Rawson).<br> CAMPO DE TULIPANES DE TIR HALEN en la localidad de 28 de Julio<br> De regreso Las Grutas.<br>(No incluye tickets de ingreso a Parque Nacional ni reservas, ni campo de Tulipanes)<\/p>\n\n\n\n<p><\/p>\n\n\n\n<p>$ 748.000 por persona en base doble \/triple abonando en efectivo \/ $756.900 por persona abonando via transferencia bancaria <\/p>\n\n\n\n<p><strong>Itinerario tentativo:<br><\/strong>D\u00eda 1 &#8211; Salida en horas de la ma\u00f1ana. Noche en ruta.<br>D\u00eda 2 &#8211; Arribo en horas de la ma\u00f1ana a la ciudad de Puerto Madryn. City Tour acompa\u00f1ados por gu\u00eda. Alojamiento.<br>Almuerzo libre. Por la tarde excursi\u00f3n opcional a Playa El Doradillo. Cena en Restaurante.<br>D\u00eda 3 \u2013 Desayuno \u2013 Excursi\u00f3n a Pen\u00ednsula Vald\u00e9s hasta Puerto Pir\u00e1mides donde recomendamos realizar la excursi\u00f3n opcional de Avistaje de Ballenas. &#8211; (no incluye ticket de ingreso a Parque Nacional) &#8211; Cena en Restaurante<br>D\u00eda 4 \u2013 Desayuno &#8211; Excursi\u00f3n al Valle Inferior del R\u00edo Chubut recorriendo Gaiman, Trelew, Playa Uni\u00f3n y Rawson.<br>Tambi\u00e9n Visitaremos el Campo de Tulipanes De Tir Halen en la localidad de 28 de Julio. &#8211; (no incluye ticket de ingreso) Cena en Restaurante<br>D\u00eda 5 \u2013 Desayuno \u2013 D\u00eda Libre, Excursi\u00f3n opcional a Ping\u00fcinera Punta Tombo. \u2013 (no incluye ticket de ingreso a reserva) . Cena en Restaurante<br>D\u00eda 6 \u2013 Desayuno y emprendemos viaje de regreso pasando por la localidad de Las Grutas. Noche en ruta. Llegada a destino durante la ma\u00f1ana.<br>(Itinerario sujeto a condiciones de reservas pudi\u00e9ndose modificar los d\u00edas en cada recorrido)<\/p>\n\n\n\n<p><strong>Opcionales Recomendados:<br><\/strong>Avistaje de Ballenas \u2013 El Doradillo \u2013 Dique Florentino Ameghino \u2013 Valle Inferior del R\u00edo Chubut (Trelew-Gaiman)<\/p>\n\n\n\n<p><strong>MENORES<\/strong>:<br>De 00\/03 a\u00f1os cumplidos abona butaca $420.000 compartiendo con dos adultos los servicios hoteleros.<br>De 04 a\u00f1os cumplidos en adelante abona tarifa de adulto con todos los servicios.<br>TARIFA SUJETA A REAJUSTE SIN PREVIO AVISO<\/p>\n\n\n\n<p><\/p>\n","protected":false},"excerpt":{"rendered":"<p>No solo ballenas, tambi\u00e9n ping\u00fcinos y tulipanes<\/p>\n","protected":false},"author":2,"featured_media":154793,"comment_status":"closed","ping_status":"open","sticky":false,"template":"","format":"standard","meta":{"_acf_changed":false,"footnotes":""},"categories":[6,5,245],"tags":[703,105,55,18,121,19,54,102],"class_list":["post-154791","post","type-post","status-publish","format-standard","has-post-thumbnail","hentry","category-argentina","category-paquetes","category-sudamerica","tag-703","tag-julio","tag-madryn","tag-patagonia","tag-playa","tag-puerto-madryn","tag-sur","tag-vacaciones-de-julio","category-6","category-5","category-245","description-off"],"acf":[],"yoast_head":"<!-- This site is optimized with the Yoast SEO plugin v28.4 - https:\/\/yoast.com\/product\/yoast-seo-wordpress\/ -->\n<title>PUERTO MADRYN-VACACIONES JULIO - Basa<\/title>\n<meta name=\"robots\" content=\"index, follow, max-snippet:-1, max-image-preview:large, max-video-preview:-1\" \/>\n<link rel=\"canonical\" href=\"https:\/\/basaworldtravel.com.ar\/sitio\/2026\/05\/puerto-madryn-septiembre-y-octubre\/\" \/>\n<meta property=\"og:locale\" content=\"es_ES\" \/>\n<meta property=\"og:type\" content=\"article\" \/>\n<meta property=\"og:title\" content=\"PUERTO MADRYN-VACACIONES JULIO - Basa\" \/>\n<meta property=\"og:description\" content=\"No solo ballenas, tambi\u00e9n ping\u00fcinos y tulipanes\" \/>\n<meta property=\"og:url\" content=\"https:\/\/basaworldtravel.com.ar\/sitio\/2026\/05\/puerto-madryn-septiembre-y-octubre\/\" \/>\n<meta property=\"og:site_name\" content=\"Basa\" \/>\n<meta property=\"article:published_time\" content=\"2026-05-05T12:49:52+00:00\" \/>\n<meta property=\"article:modified_time\" content=\"2026-07-23T15:07:59+00:00\" \/>\n<meta property=\"og:image\" content=\"https:\/\/basaworldtravel.com.ar\/sitio\/wp-content\/uploads\/2025\/08\/PUERTO-MADRYN.jpg\" \/>\n\t<meta property=\"og:image:width\" content=\"1080\" \/>\n\t<meta property=\"og:image:height\" content=\"1350\" \/>\n\t<meta property=\"og:image:type\" content=\"image\/jpeg\" \/>\n<meta name=\"author\" content=\"BasaWeb\" \/>\n<meta name=\"twitter:card\" content=\"summary_large_image\" \/>\n<meta name=\"twitter:label1\" content=\"Escrito por\" \/>\n\t<meta name=\"twitter:data1\" content=\"BasaWeb\" \/>\n\t<meta name=\"twitter:label2\" content=\"Tiempo de lectura\" \/>\n\t<meta name=\"twitter:data2\" content=\"2 minutos\" \/>\n<script type=\"application\/ld+json\" class=\"yoast-schema-graph\">{\"@context\":\"https:\\\/\\\/schema.org\",\"@graph\":[{\"@type\":\"Article\",\"@id\":\"https:\\\/\\\/basaworldtravel.com.ar\\\/sitio\\\/2026\\\/05\\\/puerto-madryn-septiembre-y-octubre\\\/#article\",\"isPartOf\":{\"@id\":\"https:\\\/\\\/basaworldtravel.com.ar\\\/sitio\\\/2026\\\/05\\\/puerto-madryn-septiembre-y-octubre\\\/\"},\"author\":{\"name\":\"BasaWeb\",\"@id\":\"https:\\\/\\\/basaworldtravel.com.ar\\\/sitio\\\/#\\\/schema\\\/person\\\/d89b1d641794d338c41cd3818beabd4c\"},\"headline\":\"PUERTO MADRYN-VACACIONES JULIO\",\"datePublished\":\"2026-05-05T12:49:52+00:00\",\"dateModified\":\"2026-07-23T15:07:59+00:00\",\"mainEntityOfPage\":{\"@id\":\"https:\\\/\\\/basaworldtravel.com.ar\\\/sitio\\\/2026\\\/05\\\/puerto-madryn-septiembre-y-octubre\\\/\"},\"wordCount\":369,\"image\":{\"@id\":\"https:\\\/\\\/basaworldtravel.com.ar\\\/sitio\\\/2026\\\/05\\\/puerto-madryn-septiembre-y-octubre\\\/#primaryimage\"},\"thumbnailUrl\":\"https:\\\/\\\/basaworldtravel.com.ar\\\/sitio\\\/wp-content\\\/uploads\\\/2025\\\/08\\\/PUERTO-MADRYN.jpg\",\"keywords\":[\"2026\",\"JULIO\",\"MADRYN\",\"PATAGONIA\",\"PLAYA\",\"PUERTO MADRYN\",\"SUR\",\"VACACIONES DE JULIO\"],\"articleSection\":[\"Argentina\",\"Paquetes\",\"Sudam\u00e9rica\"],\"inLanguage\":\"es\"},{\"@type\":\"WebPage\",\"@id\":\"https:\\\/\\\/basaworldtravel.com.ar\\\/sitio\\\/2026\\\/05\\\/puerto-madryn-septiembre-y-octubre\\\/\",\"url\":\"https:\\\/\\\/basaworldtravel.com.ar\\\/sitio\\\/2026\\\/05\\\/puerto-madryn-septiembre-y-octubre\\\/\",\"name\":\"PUERTO MADRYN-VACACIONES JULIO - Basa\",\"isPartOf\":{\"@id\":\"https:\\\/\\\/basaworldtravel.com.ar\\\/sitio\\\/#website\"},\"primaryImageOfPage\":{\"@id\":\"https:\\\/\\\/basaworldtravel.com.ar\\\/sitio\\\/2026\\\/05\\\/puerto-madryn-septiembre-y-octubre\\\/#primaryimage\"},\"image\":{\"@id\":\"https:\\\/\\\/basaworldtravel.com.ar\\\/sitio\\\/2026\\\/05\\\/puerto-madryn-septiembre-y-octubre\\\/#primaryimage\"},\"thumbnailUrl\":\"https:\\\/\\\/basaworldtravel.com.ar\\\/sitio\\\/wp-content\\\/uploads\\\/2025\\\/08\\\/PUERTO-MADRYN.jpg\",\"datePublished\":\"2026-05-05T12:49:52+00:00\",\"dateModified\":\"2026-07-23T15:07:59+00:00\",\"author\":{\"@id\":\"https:\\\/\\\/basaworldtravel.com.ar\\\/sitio\\\/#\\\/schema\\\/person\\\/d89b1d641794d338c41cd3818beabd4c\"},\"breadcrumb\":{\"@id\":\"https:\\\/\\\/basaworldtravel.com.ar\\\/sitio\\\/2026\\\/05\\\/puerto-madryn-septiembre-y-octubre\\\/#breadcrumb\"},\"inLanguage\":\"es\",\"potentialAction\":[{\"@type\":\"ReadAction\",\"target\":[\"https:\\\/\\\/basaworldtravel.com.ar\\\/sitio\\\/2026\\\/05\\\/puerto-madryn-septiembre-y-octubre\\\/\"]}]},{\"@type\":\"ImageObject\",\"inLanguage\":\"es\",\"@id\":\"https:\\\/\\\/basaworldtravel.com.ar\\\/sitio\\\/2026\\\/05\\\/puerto-madryn-septiembre-y-octubre\\\/#primaryimage\",\"url\":\"https:\\\/\\\/basaworldtravel.com.ar\\\/sitio\\\/wp-content\\\/uploads\\\/2025\\\/08\\\/PUERTO-MADRYN.jpg\",\"contentUrl\":\"https:\\\/\\\/basaworldtravel.com.ar\\\/sitio\\\/wp-content\\\/uploads\\\/2025\\\/08\\\/PUERTO-MADRYN.jpg\",\"width\":1080,\"height\":1350},{\"@type\":\"BreadcrumbList\",\"@id\":\"https:\\\/\\\/basaworldtravel.com.ar\\\/sitio\\\/2026\\\/05\\\/puerto-madryn-septiembre-y-octubre\\\/#breadcrumb\",\"itemListElement\":[{\"@type\":\"ListItem\",\"position\":1,\"name\":\"Portada\",\"item\":\"https:\\\/\\\/basaworldtravel.com.ar\\\/sitio\\\/\"},{\"@type\":\"ListItem\",\"position\":2,\"name\":\"PUERTO MADRYN-VACACIONES JULIO\"}]},{\"@type\":\"WebSite\",\"@id\":\"https:\\\/\\\/basaworldtravel.com.ar\\\/sitio\\\/#website\",\"url\":\"https:\\\/\\\/basaworldtravel.com.ar\\\/sitio\\\/\",\"name\":\"Basa\",\"description\":\"World Travel\",\"potentialAction\":[{\"@type\":\"SearchAction\",\"target\":{\"@type\":\"EntryPoint\",\"urlTemplate\":\"https:\\\/\\\/basaworldtravel.com.ar\\\/sitio\\\/?s={search_term_string}\"},\"query-input\":{\"@type\":\"PropertyValueSpecification\",\"valueRequired\":true,\"valueName\":\"search_term_string\"}}],\"inLanguage\":\"es\"},{\"@type\":\"Person\",\"@id\":\"https:\\\/\\\/basaworldtravel.com.ar\\\/sitio\\\/#\\\/schema\\\/person\\\/d89b1d641794d338c41cd3818beabd4c\",\"name\":\"BasaWeb\",\"image\":{\"@type\":\"ImageObject\",\"inLanguage\":\"es\",\"@id\":\"https:\\\/\\\/secure.gravatar.com\\\/avatar\\\/13e699648957af0aba903942fee2a1fc533d92bcd43fcf375a4df1edc2708698?s=96&d=mm&r=g\",\"url\":\"https:\\\/\\\/secure.gravatar.com\\\/avatar\\\/13e699648957af0aba903942fee2a1fc533d92bcd43fcf375a4df1edc2708698?s=96&d=mm&r=g\",\"contentUrl\":\"https:\\\/\\\/secure.gravatar.com\\\/avatar\\\/13e699648957af0aba903942fee2a1fc533d92bcd43fcf375a4df1edc2708698?s=96&d=mm&r=g\",\"caption\":\"BasaWeb\"},\"url\":\"https:\\\/\\\/basaworldtravel.com.ar\\\/sitio\\\/author\\\/basaweb\\\/\"}]}<\/script>\n<!-- \/ Yoast SEO plugin. -->","yoast_head_json":{"title":"PUERTO MADRYN-VACACIONES JULIO - Basa","robots":{"index":"index","follow":"follow","max-snippet":"max-snippet:-1","max-image-preview":"max-image-preview:large","max-video-preview":"max-video-preview:-1"},"canonical":"https:\/\/basaworldtravel.com.ar\/sitio\/2026\/05\/puerto-madryn-septiembre-y-octubre\/","og_locale":"es_ES","og_type":"article","og_title":"PUERTO MADRYN-VACACIONES JULIO - Basa","og_description":"No solo ballenas, tambi\u00e9n ping\u00fcinos y tulipanes","og_url":"https:\/\/basaworldtravel.com.ar\/sitio\/2026\/05\/puerto-madryn-septiembre-y-octubre\/","og_site_name":"Basa","article_published_time":"2026-05-05T12:49:52+00:00","article_modified_time":"2026-07-23T15:07:59+00:00","og_image":[{"width":1080,"height":1350,"url":"https:\/\/basaworldtravel.com.ar\/sitio\/wp-content\/uploads\/2025\/08\/PUERTO-MADRYN.jpg","type":"image\/jpeg"}],"author":"BasaWeb","twitter_card":"summary_large_image","twitter_misc":{"Escrito por":"BasaWeb","Tiempo de lectura":"2 minutos"},"schema":{"@context":"https:\/\/schema.org","@graph":[{"@type":"Article","@id":"https:\/\/basaworldtravel.com.ar\/sitio\/2026\/05\/puerto-madryn-septiembre-y-octubre\/#article","isPartOf":{"@id":"https:\/\/basaworldtravel.com.ar\/sitio\/2026\/05\/puerto-madryn-septiembre-y-octubre\/"},"author":{"name":"BasaWeb","@id":"https:\/\/basaworldtravel.com.ar\/sitio\/#\/schema\/person\/d89b1d641794d338c41cd3818beabd4c"},"headline":"PUERTO MADRYN-VACACIONES JULIO","datePublished":"2026-05-05T12:49:52+00:00","dateModified":"2026-07-23T15:07:59+00:00","mainEntityOfPage":{"@id":"https:\/\/basaworldtravel.com.ar\/sitio\/2026\/05\/puerto-madryn-septiembre-y-octubre\/"},"wordCount":369,"image":{"@id":"https:\/\/basaworldtravel.com.ar\/sitio\/2026\/05\/puerto-madryn-septiembre-y-octubre\/#primaryimage"},"thumbnailUrl":"https:\/\/basaworldtravel.com.ar\/sitio\/wp-content\/uploads\/2025\/08\/PUERTO-MADRYN.jpg","keywords":["2026","JULIO","MADRYN","PATAGONIA","PLAYA","PUERTO MADRYN","SUR","VACACIONES DE JULIO"],"articleSection":["Argentina","Paquetes","Sudam\u00e9rica"],"inLanguage":"es"},{"@type":"WebPage","@id":"https:\/\/basaworldtravel.com.ar\/sitio\/2026\/05\/puerto-madryn-septiembre-y-octubre\/","url":"https:\/\/basaworldtravel.com.ar\/sitio\/2026\/05\/puerto-madryn-septiembre-y-octubre\/","name":"PUERTO MADRYN-VACACIONES JULIO - Basa","isPartOf":{"@id":"https:\/\/basaworldtravel.com.ar\/sitio\/#website"},"primaryImageOfPage":{"@id":"https:\/\/basaworldtravel.com.ar\/sitio\/2026\/05\/puerto-madryn-septiembre-y-octubre\/#primaryimage"},"image":{"@id":"https:\/\/basaworldtravel.com.ar\/sitio\/2026\/05\/puerto-madryn-septiembre-y-octubre\/#primaryimage"},"thumbnailUrl":"https:\/\/basaworldtravel.com.ar\/sitio\/wp-content\/uploads\/2025\/08\/PUERTO-MADRYN.jpg","datePublished":"2026-05-05T12:49:52+00:00","dateModified":"2026-07-23T15:07:59+00:00","author":{"@id":"https:\/\/basaworldtravel.com.ar\/sitio\/#\/schema\/person\/d89b1d641794d338c41cd3818beabd4c"},"breadcrumb":{"@id":"https:\/\/basaworldtravel.com.ar\/sitio\/2026\/05\/puerto-madryn-septiembre-y-octubre\/#breadcrumb"},"inLanguage":"es","potentialAction":[{"@type":"ReadAction","target":["https:\/\/basaworldtravel.com.ar\/sitio\/2026\/05\/puerto-madryn-septiembre-y-octubre\/"]}]},{"@type":"ImageObject","inLanguage":"es","@id":"https:\/\/basaworldtravel.com.ar\/sitio\/2026\/05\/puerto-madryn-septiembre-y-octubre\/#primaryimage","url":"https:\/\/basaworldtravel.com.ar\/sitio\/wp-content\/uploads\/2025\/08\/PUERTO-MADRYN.jpg","contentUrl":"https:\/\/basaworldtravel.com.ar\/sitio\/wp-content\/uploads\/2025\/08\/PUERTO-MADRYN.jpg","width":1080,"height":1350},{"@type":"BreadcrumbList","@id":"https:\/\/basaworldtravel.com.ar\/sitio\/2026\/05\/puerto-madryn-septiembre-y-octubre\/#breadcrumb","itemListElement":[{"@type":"ListItem","position":1,"name":"Portada","item":"https:\/\/basaworldtravel.com.ar\/sitio\/"},{"@type":"ListItem","position":2,"name":"PUERTO MADRYN-VACACIONES JULIO"}]},{"@type":"WebSite","@id":"https:\/\/basaworldtravel.com.ar\/sitio\/#website","url":"https:\/\/basaworldtravel.com.ar\/sitio\/","name":"Basa","description":"World Travel","potentialAction":[{"@type":"SearchAction","target":{"@type":"EntryPoint","urlTemplate":"https:\/\/basaworldtravel.com.ar\/sitio\/?s={search_term_string}"},"query-input":{"@type":"PropertyValueSpecification","valueRequired":true,"valueName":"search_term_string"}}],"inLanguage":"es"},{"@type":"Person","@id":"https:\/\/basaworldtravel.com.ar\/sitio\/#\/schema\/person\/d89b1d641794d338c41cd3818beabd4c","name":"BasaWeb","image":{"@type":"ImageObject","inLanguage":"es","@id":"https:\/\/secure.gravatar.com\/avatar\/13e699648957af0aba903942fee2a1fc533d92bcd43fcf375a4df1edc2708698?s=96&d=mm&r=g","url":"https:\/\/secure.gravatar.com\/avatar\/13e699648957af0aba903942fee2a1fc533d92bcd43fcf375a4df1edc2708698?s=96&d=mm&r=g","contentUrl":"https:\/\/secure.gravatar.com\/avatar\/13e699648957af0aba903942fee2a1fc533d92bcd43fcf375a4df1edc2708698?s=96&d=mm&r=g","caption":"BasaWeb"},"url":"https:\/\/basaworldtravel.com.ar\/sitio\/author\/basaweb\/"}]}},"_links":{"self":[{"href":"https:\/\/basaworldtravel.com.ar\/sitio\/wp-json\/wp\/v2\/posts\/154791","targetHints":{"allow":["GET"]}}],"collection":[{"href":"https:\/\/basaworldtravel.com.ar\/sitio\/wp-json\/wp\/v2\/posts"}],"about":[{"href":"https:\/\/basaworldtravel.com.ar\/sitio\/wp-json\/wp\/v2\/types\/post"}],"author":[{"embeddable":true,"href":"https:\/\/basaworldtravel.com.ar\/sitio\/wp-json\/wp\/v2\/users\/2"}],"replies":[{"embeddable":true,"href":"https:\/\/basaworldtravel.com.ar\/sitio\/wp-json\/wp\/v2\/comments?post=154791"}],"version-history":[{"count":3,"href":"https:\/\/basaworldtravel.com.ar\/sitio\/wp-json\/wp\/v2\/posts\/154791\/revisions"}],"predecessor-version":[{"id":157220,"href":"https:\/\/basaworldtravel.com.ar\/sitio\/wp-json\/wp\/v2\/posts\/154791\/revisions\/157220"}],"wp:featuredmedia":[{"embeddable":true,"href":"https:\/\/basaworldtravel.com.ar\/sitio\/wp-json\/wp\/v2\/media\/154793"}],"wp:attachment":[{"href":"https:\/\/basaworldtravel.com.ar\/sitio\/wp-json\/wp\/v2\/media?parent=154791"}],"wp:term":[{"taxonomy":"category","embeddable":true,"href":"https:\/\/basaworldtravel.com.ar\/sitio\/wp-json\/wp\/v2\/categories?post=154791"},{"taxonomy":"post_tag","embeddable":true,"href":"https:\/\/basaworldtravel.com.ar\/sitio\/wp-json\/wp\/v2\/tags?post=154791"}],"curies":[{"name":"wp","href":"https:\/\/api.w.org\/{rel}","templated":true}]}}