{"id":154761,"date":"2025-08-12T09:17:54","date_gmt":"2025-08-12T12:17:54","guid":{"rendered":"https:\/\/basaworldtravel.com.ar\/?p=154761"},"modified":"2025-08-12T09:17:55","modified_gmt":"2025-08-12T12:17:55","slug":"maravillas-de-europa-grupal-acompanada-2026","status":"publish","type":"post","link":"https:\/\/basaworldtravel.com.ar\/sitio\/2025\/08\/maravillas-de-europa-grupal-acompanada-2026\/","title":{"rendered":"Maravillas de Europa \u2013 Grupal acompa\u00f1ada 2026"},"content":{"rendered":"\n<p>Salida 06 de marzo 2026<\/p>\n\n\n\n<ul class=\"wp-block-list\">\n<li>15 Noches \/ 17 D\u00edas<\/li>\n<\/ul>\n\n\n\n<p>Boleto a\u00e9reo con IBERIA \u2013 Vuelo directo<br>2 Madrid \/ 1 Burdeos \/ 3 Par\u00eds \/ 1 Zurich \/ 1 Venecia \/ 1 Florencia \/ 3 Roma \/ 1 Niza \/ 1 Barcelona \/ 1 Madrid<br>Desayunos diarios.<br>Traslados y visitas seg\u00fan itinerario.<br>Gu\u00eda hispanohablante durante todo el recorrido.<br>Seguro de asistencia al viajero Universal Assistance Value (v\u00e1lido hasta 70 a\u00f1os).<br>Servicio de coordinaci\u00f3n desde Buenos Aires.<\/p>\n\n\n\n<p>06 de marzo 2026<br><strong>Modalidad: Con coordinador desde Buenos Aires. Doble a compartir asegurada<br><br>D\u00cdA 1. AM\u00c9RICA &#8211; MADRID<\/strong><br>Embarque en vuelo intercontinental hacia Madrid.<br><strong><br>D\u00cdA 2. MADRID\u00a0<\/strong><br>Llegada al aeropuerto internacional Adolfo Su\u00e1rez Madrid \u2013 Barajas. Recepci\u00f3n y traslado al hotel. Alojamiento.<br><strong><br>D\u00cdA 3. MADRID<\/strong><br>Desayuno y recorrido por la ciudad donde conoceremos las principales avenidas, plazas y monumentos. Descubriremos lugares tales como la Plaza de Espa\u00f1a, la Gran V\u00eda, la Fuente de la diosa Cibeles, la Puerta de Alcal\u00e1, la famosa plaza de toros de las Ventas, etc. Despu\u00e9s, continuando por la zona moderna, finalizaremos en el Madrid de los Austrias. Encantos como la Plaza Mayor y la Plaza de Oriente dar\u00e1n un espl\u00e9ndido final a este recorrido por la capital de Espa\u00f1a. Tarde libre. Recomendaremos la excursi\u00f3n opcional a la \u201cCiudad Imperial\u201d de Toledo, donde apreciaremos el legado de las tres culturas: \u00e1rabe, jud\u00eda y cristiana, que supieron convivir en armon\u00eda. Alojamiento.<br><strong><br>D\u00cdA 4. MADRID &#8211; BURDEOS (690 km)<\/strong><br>Desayuno y salida a primera hora de la ma\u00f1ana. Pasaremos por las proximidades de la ciudad de Burgos, llegaremos hasta la frontera con Francia y continuaremos hacia Burdeos, capital de la regi\u00f3n Nueva Aquitania. Alojamiento y resto del d\u00eda libre.<br><strong><br>D\u00cdA 5. BURDEOS &#8211; BLOIS &#8211; PAR\u00cdS (587 km)<\/strong><br>Desayuno y, a continuaci\u00f3n, salida hacia la \u201cCiudad de la Luz\u201d, realizando en el camino una parada en Blois. Disfrutaremos del encanto de una de las ciudades m\u00e1s impresionantes que componen la regi\u00f3n del Valle del Loira, conocida por su belleza y sus castillos. El Castillo de Blois, declarado Patrimonio de la Humanidad por la Unesco, es considerado uno de los m\u00e1s importantes de la regi\u00f3n. Tras el tiempo libre continuaremos hasta Par\u00eds. Llegada y alojamiento. Por la noche realizaremos la excursi\u00f3n opcional para navegar en un crucero por el r\u00edo Sena, continuando con un recorrido completo de Par\u00eds iluminado, una visita \u00fanica en el mundo. Descubriremos Par\u00eds desde el r\u00edo y disfrutaremos de la impresionante iluminaci\u00f3n de sus monumentos: el Ayuntamiento, los Inv\u00e1lidos, el Arco del Triunfo, la \u00d3pera, la Torre Eiffel y los Campos El\u00edseos, entre otros. Realmente un espect\u00e1culo inolvidable.<br><strong><br>D\u00cdA 6. PAR\u00cdS\u00a0<\/strong><br>Despu\u00e9s del desayuno saldremos a recorrer la \u201cCiudad del Amor\u201d, pasando por la Avenida de los Campos El\u00edseos, la Plaza de la Concordia, el Arco del Triunfo, la Asamblea Nacional, la \u00d3pera, el Museo del Louvre, los Inv\u00e1lidos, el Campo de Marte, la Torre Eiffel, etc. Por la tarde, les propondremos la excursi\u00f3n opcional que nos llevar\u00e1 a Montmartre, emblem\u00e1tico rinc\u00f3n de Par\u00eds, conocido tambi\u00e9n como el \u201cBarrio de los Pintores\u201d por ser la cuna de los impresionistas. Sus peque\u00f1as y empinadas callejuelas constituyen un entramado que alberga desde los m\u00e1s antiguos cabarets hasta la maravillosa Bas\u00edlica del Sagrado Coraz\u00f3n de Jes\u00fas. A continuaci\u00f3n, realizaremos un paseo por el Barrio Latino. Este barrio debe su nombre a la \u00e9poca medieval, cuando los habitantes de la zona eran estudiantes que utilizaban el lat\u00edn para comunicarse. Tendremos tambi\u00e9n una vista espectacular de la Catedral de Notre Dame, donde entenderemos el porqu\u00e9 de su importancia mundial. Durante la visita exterior nuestro gu\u00eda nos explicar\u00e1 sobre lo acontecido y las posibilidades que se abren ante lo que puede ser la mayor obra de restauraci\u00f3n del siglo XXI. Alojamiento.<br><strong><br>D\u00cdA 7. PAR\u00cdS\u00a0<\/strong><br>Despu\u00e9s del desayuno recomendaremos la excursi\u00f3n opcional al Palacio de Versalles y sus jardines. Realizaremos una visita interior de los aposentos reales (con entrada preferente), donde el gu\u00eda nos relatar\u00e1 la vida mon\u00e1rquica del lugar. Descubriremos tambi\u00e9n los espectaculares Jardines de Palacio. Regreso a Par\u00eds. Tarde libre y alojamiento.<br><strong><br>D\u00cdA 8. PAR\u00cdS &#8211; LUCERNA &#8211; Z\u00daRICH (720 km)<\/strong><br>Desayuno. A primera hora de la ma\u00f1ana saldremos hacia el sureste para llegar a la frontera con Suiza. Seguiremos hasta Lucerna, considerada el lugar m\u00e1s tur\u00edstico del pa\u00eds. La ciudad se encuentra a orillas del Lago de los Cuatro Cantones y el r\u00edo Reuss, con su conocido Puente de la Capilla. Disfrutaremos de tiempo libre en esta encantadora villa alpina. M\u00e1s tarde, continuaci\u00f3n a Z\u00farich. Alojamiento.<br><strong><br>D\u00cdA 9. Z\u00daRICH &#8211; VERONA &#8211; VENECIA (540 km)<\/strong><br>Desayuno y salida hacia la frontera con Italia. Pasando por las proximidades de Mil\u00e1n, llegaremos a la rom\u00e1ntica y medieval ciudad de Verona, inmortalizada por la historia de Romeo y Julieta. Tiempo libre para dar un paseo y llegar hasta la Casa de Julieta. Posibilidad de realizar la visita opcional de la ciudad. M\u00e1s tarde, continuaci\u00f3n a Venecia. Llegada y alojamiento.<br><strong><br>D\u00cdA 10. VENECIA &#8211; FLORENCIA (260 km)<\/strong><br>Despu\u00e9s del desayuno nos dejaremos maravillar por la ciudad de las 118 islas con sus m\u00e1s de 400 puentes. Recorreremos el Puente de los Suspiros y la Plaza de San Marcos, con su incomparable escenario donde destaca la Bas\u00edlica, joya de la arquitectura. Tiempo libre. Para los que gusten, organizaremos una serenata musical en g\u00f3ndolas (opcional). M\u00e1s tarde, salida hacia la autopista para atravesar los Apeninos y llegar a la ciudad de Florencia. Alojamiento.<br><strong><br>D\u00cdA 11. FLORENCIA &#8211; ROMA (275 km)<\/strong><br>Desayuno y visita a pie por esta inigualable ciudad donde el arte nos sorprender\u00e1 a cada paso. Recorreremos la Plaza de San Marcos, pasando por delante de la Galer\u00eda de la Academia hasta llegar al Mercado de la Paja. Contemplaremos la combinaci\u00f3n de hermosos m\u00e1rmoles en la fachada de la Catedral de Santa Mar\u00eda del Fiore y su inconfundible Campanario de Giotto. Tambi\u00e9n disfrutaremos del Baptisterio y sus c\u00e9lebres Puertas del Para\u00edso. Nos asomaremos al conocido Ponte Vecchio y llegaremos hasta la Plaza de la Santa Croce para admirar la Bas\u00edlica franciscana del mismo nombre. M\u00e1s tarde, continuaci\u00f3n a Roma. Llegada y alojamiento. Por la tarde-noche les propondremos la excursi\u00f3n opcional a la Roma Barroca. Llegaremos en autob\u00fas hasta el Muro Aureliano del siglo III para iniciar un paseo a pie hasta la Fontana di Trevi. Descubriremos el Pante\u00f3n de Agripa y la hist\u00f3rica Plaza Navona, donde dispondremos de tiempo libre para cenar a la romana: pasta, pizza\u2026<br><strong><br>D\u00cdA 12 ROMA\u00a0<\/strong><br>Despu\u00e9s del desayuno realizaremos la visita de la ciudad. Admiraremos la inconfundible figura del Anfiteatro Flavio, m\u00e1s conocido como \u201cEl Coliseo\u201d. Pasaremos tambi\u00e9n por el Circo M\u00e1ximo y la Bas\u00edlica patriarcal de Santa Mar\u00eda la Mayor. A continuaci\u00f3n, atravesando el r\u00edo T\u00edber, llegaremos al Vaticano. Les propondremos realizar la excursi\u00f3n opcional al Estado m\u00e1s peque\u00f1o del mundo con apenas 44 hect\u00e1reas, pero con un patrimonio cultural universal inconmensurable. Esta visita nos llevar\u00e1 por la grandeza de los Museos Vaticanos (con entrada preferente) hasta llegar a la Capilla Sixtina. Admiraremos los dos momentos de Miguel \u00c1ngel: la B\u00f3veda (con 33 a\u00f1os) y El Juicio Final (ya con 60 a\u00f1os). Continuaremos hacia la Bas\u00edlica de San Pedro y, estando en el interior, comprenderemos su grandiosidad. Nos recibir\u00e1 Miguel \u00c1ngel, en este caso como escultor, con La Piedad. No estar\u00e1 ausente el gran maestro Bernini y su famoso Baldaquino en el Altar Mayor, protegido por la obra cumbre de Miguel \u00c1ngel, ahora como arquitecto, la enorme C\u00fapula de la Bas\u00edlica. Tarde libre y alojamiento.<br><strong><br>D\u00cdA. 13 ROMA<\/strong><br>Desayuno y d\u00eda libre. Excursi\u00f3n opcional de d\u00eda completo a N\u00e1poles y Capri. Saldremos de Roma para llegar a N\u00e1poles, directamente al centro hist\u00f3rico de la ciudad, continuaremos hasta el puerto de N\u00e1poles para embarcar hacia la paradis\u00edaca isla de Capri. Al llegar nos esperar\u00e1 un barco privado para navegar rodeando una parte de la isla y ver Capri desde el mar. Desembarcaremos en Marina Grande para subir hasta Capri (con almuerzo incluido), centro de la vida mundana y del glamour. Tiempo libre hasta la hora de regresar al puerto para embarcar hacia N\u00e1poles y continuar a Roma. Alojamiento.<br><strong><br>D\u00cdA 14. ROMA &#8211; PISA &#8211; NIZA (690 km)<\/strong><br>Desayuno y salida con destino a Pisa. Ciudad identificada por su Torre Inclinada, acompa\u00f1ada del bello conjunto arquitect\u00f3nico compuesto por la Catedral y el Baptisterio. Despu\u00e9s del tiempo libre continuaremos nuestra ruta y, pasando por G\u00e9nova, recorreremos la Riviera italiana para llegar a la frontera con Francia y poco despu\u00e9s a Niza, capital de la Costa Azul. Alojamiento. Por la noche organizaremos la excursi\u00f3n opcional al mundialmente conocido Principado de M\u00f3naco, donde la elegancia, la arquitectura y la iluminaci\u00f3n se re\u00fanen. Tiempo libre para visitar el Casino de Montecarlo.<br><strong><br>D\u00cdA 15. NIZA &#8211; BARCELONA (660 km)<\/strong><br>Desayuno y salida. Atravesando las regiones de la Provenza, Alpes y Costa Azul y la Occitania, llegaremos hasta la frontera. Entrando en Barcelona realizaremos una breve visita de la ciudad para conocer la Sagrada Familia, la Plaza Catalu\u00f1a, la Plaza de Espa\u00f1a, el Monumento a Col\u00f3n, etc. Alojamiento.<br><strong><br>D\u00cdA. 16 BARCELONA &#8211; ZARAGOZA &#8211; MADRID (620 km)<\/strong><br>Desayuno y salida hacia Zaragoza, donde realizaremos una breve parada para admirar el Templo Mariano m\u00e1s antiguo de la cristiandad: la Bas\u00edlica de Nuestra Se\u00f1ora del Pilar, que forma parte de la enorme plaza del mismo nombre. Continuaci\u00f3n hacia Madrid. Llegada y alojamiento.<br><strong><br>D\u00cdA 17. MADRID\u00a0<\/strong><br>Desayuno. A la hora indicada traslado al aeropuerto de Madrid, para tomar vuelo de regreso a Buenos Aires<br><strong><br>FIN DE LOS SERVICIOS<\/strong><br><strong><br>EL PROGRAMA INCLUYE:<\/strong><br>Boleto a\u00e9reo con IBERIA &#8211; Vuelo directo<br>2 Madrid \/ 1 Burdeos \/ 3 Par\u00eds \/ 1 Zurich \/ 1 Venecia \/ 1 Florencia \/ 3 Roma \/ 1 Niza \/ 1 Barcelona \/ 1 Madrid<br>Desayunos diarios.<br>Traslados (Todos los traslados del circuito son terrestre).<br>Visitas seg\u00fan itinerario.<br>Gu\u00eda acompa\u00f1ante durante todo el recorrido.<br>Seguro de asistencia al viajero Universal Assistance Value (v\u00e1lido hasta 70 a\u00f1os).<br><strong><br>EL PROGRAMA NO INCLUYE:<\/strong><br>Visitas opcionales<br>Servicios no especificados en el itinerario, gastos personales, propinas.<br><strong><br>HORARIO DE VUELOS<br>06 de Marzo<br><\/strong><em>IB 106 O 06MAR 5 EZEMAD DK1 1920 1110<br>IB 105 O 22MAR 7 MADEZE DK1 0845 1755<br>*Incluye 1 equipaje de mano de hasta 10 kg + 1 equipaje para despachar de hasta 23kg por pasajero. En el caso de los menores o infantes consultar.<br><\/em><strong><br>HOTELES PREVISTOS<\/strong><br><strong>Madrid:<\/strong>\u00a0Praga\/ Dwo Colors Alcala\/ Axor Feria\/ Axor\/ Nh Collection Madrid<br>Eurobuildingo similar<br><strong>Burdeos<\/strong>: B&amp;B Bassins a Flot \/ Kyriad Ouest\/ Merignac Aeroporo similar<br><strong>Par\u00eds:<\/strong>\u00a0Ibis Paris Porte de Clichy Centre\/ Novotel Paris Este o similar<br><strong>Zurich:<\/strong>\u00a0B&amp;B Zurich Airport Rumland\/ B&amp;B Zurich East Walliselleno similar<br><strong>Venecia:<\/strong>\u00a0San Giuliano \/Sirio Hotel\/ Belstay Marghera o similar<br><strong>Florencia:<\/strong>\u00a0Mirage Firence\/ The Gate Hotel o similar<br><strong>Roma:<\/strong>\u00a0Ibis Styles Roma Aurelia\/ Marc Aurelio\/ Black o similar<br><strong>Niza:<\/strong>\u00a0Ibis Promenade Des Anglais\/ B&amp;B Aeroport Arenas\/B&amp;B Stade Arenaso similar<br><strong>Barcelona:<\/strong>\u00a0Hlg City Park Sant Just\/ Fira Congress\/ Frontair Congress<br><strong>Madrid:<\/strong>\u00a0Ilunion Pio XII \/ Elba Alcal\u00e1 \/ Novotel Campo de las Naciones o similar<\/p>\n\n\n\n<p><\/p>\n\n\n\n<p><strong>USD4155 POR PERSONA EN BASE DOBLE<br><\/strong><\/p>\n\n\n\n<p>cod. 2171 TIP<\/p>\n\n\n\n<div data-wp-interactive=\"core\/file\" class=\"wp-block-file\"><object data-wp-bind--hidden=\"!state.hasPdfPreview\" hidden class=\"wp-block-file__embed\" data=\"https:\/\/basaworldtravel.com.ar\/sitio\/wp-content\/uploads\/2025\/08\/Grupal-Europa-clasica-EXCURSIONES-OPCIONALES.pdf\" type=\"application\/pdf\" style=\"width:100%;height:600px\" aria-label=\"Incrustado de Grupal-Europa-clasica-EXCURSIONES-OPCIONALES.\"><\/object><a id=\"wp-block-file--media-0b51b575-a8aa-4e61-91f1-ecba7030d73a\" href=\"https:\/\/basaworldtravel.com.ar\/sitio\/wp-content\/uploads\/2025\/08\/Grupal-Europa-clasica-EXCURSIONES-OPCIONALES.pdf\">Grupal-Europa-clasica-EXCURSIONES-OPCIONALES<\/a><a href=\"https:\/\/basaworldtravel.com.ar\/sitio\/wp-content\/uploads\/2025\/08\/Grupal-Europa-clasica-EXCURSIONES-OPCIONALES.pdf\" class=\"wp-block-file__button wp-element-button\" download aria-describedby=\"wp-block-file--media-0b51b575-a8aa-4e61-91f1-ecba7030d73a\">Descarga<\/a><\/div>\n","protected":false},"excerpt":{"rendered":"<p>Descubre la historia, la cultura y la belleza de un continente que te dejar\u00e1 sin aliento. <\/p>\n","protected":false},"author":2,"featured_media":75,"comment_status":"closed","ping_status":"open","sticky":false,"template":"","format":"standard","meta":{"_acf_changed":false,"footnotes":""},"categories":[7,5],"tags":[703,636,94,26,591,458,168,249,186,80,247,188],"class_list":["post-154761","post","type-post","status-publish","format-standard","has-post-thumbnail","hentry","category-europa","category-paquetes","tag-703","tag-burdeos","tag-espana","tag-europa","tag-francia","tag-italia","tag-madrid","tag-niza","tag-roma","tag-salidas-grupales","tag-venecia","tag-zurich","category-7","category-5","description-off"],"acf":[],"yoast_head":"<!-- This site is optimized with the Yoast SEO plugin v28.4 - https:\/\/yoast.com\/product\/yoast-seo-wordpress\/ -->\n<title>Maravillas de Europa \u2013 Grupal acompa\u00f1ada 2026 - Basa<\/title>\n<meta name=\"robots\" content=\"index, follow, max-snippet:-1, max-image-preview:large, max-video-preview:-1\" \/>\n<link rel=\"canonical\" href=\"https:\/\/basaworldtravel.com.ar\/sitio\/2025\/08\/maravillas-de-europa-grupal-acompanada-2026\/\" \/>\n<meta property=\"og:locale\" content=\"es_ES\" \/>\n<meta property=\"og:type\" content=\"article\" \/>\n<meta property=\"og:title\" content=\"Maravillas de Europa \u2013 Grupal acompa\u00f1ada 2026 - Basa\" \/>\n<meta property=\"og:description\" content=\"Descubre la historia, la cultura y la belleza de un continente que te dejar\u00e1 sin aliento.\" \/>\n<meta property=\"og:url\" content=\"https:\/\/basaworldtravel.com.ar\/sitio\/2025\/08\/maravillas-de-europa-grupal-acompanada-2026\/\" \/>\n<meta property=\"og:site_name\" content=\"Basa\" \/>\n<meta property=\"article:published_time\" content=\"2025-08-12T12:17:54+00:00\" \/>\n<meta property=\"article:modified_time\" content=\"2025-08-12T12:17:55+00:00\" \/>\n<meta property=\"og:image\" content=\"https:\/\/basaworldtravel.com.ar\/sitio\/wp-content\/uploads\/2021\/09\/paris.png\" \/>\n\t<meta property=\"og:image:width\" content=\"400\" \/>\n\t<meta property=\"og:image:height\" content=\"450\" \/>\n\t<meta property=\"og:image:type\" content=\"image\/png\" \/>\n<meta name=\"author\" content=\"BasaWeb\" \/>\n<meta name=\"twitter:card\" content=\"summary_large_image\" \/>\n<meta name=\"twitter:label1\" content=\"Escrito por\" \/>\n\t<meta name=\"twitter:data1\" content=\"BasaWeb\" \/>\n\t<meta name=\"twitter:label2\" content=\"Tiempo de lectura\" \/>\n\t<meta name=\"twitter:data2\" content=\"9 minutos\" \/>\n<script type=\"application\/ld+json\" class=\"yoast-schema-graph\">{\"@context\":\"https:\\\/\\\/schema.org\",\"@graph\":[{\"@type\":\"Article\",\"@id\":\"https:\\\/\\\/basaworldtravel.com.ar\\\/sitio\\\/2025\\\/08\\\/maravillas-de-europa-grupal-acompanada-2026\\\/#article\",\"isPartOf\":{\"@id\":\"https:\\\/\\\/basaworldtravel.com.ar\\\/sitio\\\/2025\\\/08\\\/maravillas-de-europa-grupal-acompanada-2026\\\/\"},\"author\":{\"name\":\"BasaWeb\",\"@id\":\"https:\\\/\\\/basaworldtravel.com.ar\\\/sitio\\\/#\\\/schema\\\/person\\\/d89b1d641794d338c41cd3818beabd4c\"},\"headline\":\"Maravillas de Europa \u2013 Grupal acompa\u00f1ada 2026\",\"datePublished\":\"2025-08-12T12:17:54+00:00\",\"dateModified\":\"2025-08-12T12:17:55+00:00\",\"mainEntityOfPage\":{\"@id\":\"https:\\\/\\\/basaworldtravel.com.ar\\\/sitio\\\/2025\\\/08\\\/maravillas-de-europa-grupal-acompanada-2026\\\/\"},\"wordCount\":1910,\"image\":{\"@id\":\"https:\\\/\\\/basaworldtravel.com.ar\\\/sitio\\\/2025\\\/08\\\/maravillas-de-europa-grupal-acompanada-2026\\\/#primaryimage\"},\"thumbnailUrl\":\"https:\\\/\\\/basaworldtravel.com.ar\\\/sitio\\\/wp-content\\\/uploads\\\/2021\\\/09\\\/paris.png\",\"keywords\":[\"2026\",\"BURDEOS\",\"ESPA\u00d1A\",\"EUROPA\",\"francia\",\"ITALIA\",\"MADRID\",\"NIZA\",\"ROMA\",\"SALIDAS GRUPALES\",\"VENECIA\",\"ZURICH\"],\"articleSection\":[\"Europa\",\"Paquetes\"],\"inLanguage\":\"es\"},{\"@type\":\"WebPage\",\"@id\":\"https:\\\/\\\/basaworldtravel.com.ar\\\/sitio\\\/2025\\\/08\\\/maravillas-de-europa-grupal-acompanada-2026\\\/\",\"url\":\"https:\\\/\\\/basaworldtravel.com.ar\\\/sitio\\\/2025\\\/08\\\/maravillas-de-europa-grupal-acompanada-2026\\\/\",\"name\":\"Maravillas de Europa \u2013 Grupal acompa\u00f1ada 2026 - Basa\",\"isPartOf\":{\"@id\":\"https:\\\/\\\/basaworldtravel.com.ar\\\/sitio\\\/#website\"},\"primaryImageOfPage\":{\"@id\":\"https:\\\/\\\/basaworldtravel.com.ar\\\/sitio\\\/2025\\\/08\\\/maravillas-de-europa-grupal-acompanada-2026\\\/#primaryimage\"},\"image\":{\"@id\":\"https:\\\/\\\/basaworldtravel.com.ar\\\/sitio\\\/2025\\\/08\\\/maravillas-de-europa-grupal-acompanada-2026\\\/#primaryimage\"},\"thumbnailUrl\":\"https:\\\/\\\/basaworldtravel.com.ar\\\/sitio\\\/wp-content\\\/uploads\\\/2021\\\/09\\\/paris.png\",\"datePublished\":\"2025-08-12T12:17:54+00:00\",\"dateModified\":\"2025-08-12T12:17:55+00:00\",\"author\":{\"@id\":\"https:\\\/\\\/basaworldtravel.com.ar\\\/sitio\\\/#\\\/schema\\\/person\\\/d89b1d641794d338c41cd3818beabd4c\"},\"breadcrumb\":{\"@id\":\"https:\\\/\\\/basaworldtravel.com.ar\\\/sitio\\\/2025\\\/08\\\/maravillas-de-europa-grupal-acompanada-2026\\\/#breadcrumb\"},\"inLanguage\":\"es\",\"potentialAction\":[{\"@type\":\"ReadAction\",\"target\":[\"https:\\\/\\\/basaworldtravel.com.ar\\\/sitio\\\/2025\\\/08\\\/maravillas-de-europa-grupal-acompanada-2026\\\/\"]}]},{\"@type\":\"ImageObject\",\"inLanguage\":\"es\",\"@id\":\"https:\\\/\\\/basaworldtravel.com.ar\\\/sitio\\\/2025\\\/08\\\/maravillas-de-europa-grupal-acompanada-2026\\\/#primaryimage\",\"url\":\"https:\\\/\\\/basaworldtravel.com.ar\\\/sitio\\\/wp-content\\\/uploads\\\/2021\\\/09\\\/paris.png\",\"contentUrl\":\"https:\\\/\\\/basaworldtravel.com.ar\\\/sitio\\\/wp-content\\\/uploads\\\/2021\\\/09\\\/paris.png\",\"width\":400,\"height\":450},{\"@type\":\"BreadcrumbList\",\"@id\":\"https:\\\/\\\/basaworldtravel.com.ar\\\/sitio\\\/2025\\\/08\\\/maravillas-de-europa-grupal-acompanada-2026\\\/#breadcrumb\",\"itemListElement\":[{\"@type\":\"ListItem\",\"position\":1,\"name\":\"Portada\",\"item\":\"https:\\\/\\\/basaworldtravel.com.ar\\\/sitio\\\/\"},{\"@type\":\"ListItem\",\"position\":2,\"name\":\"Maravillas de Europa \u2013 Grupal acompa\u00f1ada 2026\"}]},{\"@type\":\"WebSite\",\"@id\":\"https:\\\/\\\/basaworldtravel.com.ar\\\/sitio\\\/#website\",\"url\":\"https:\\\/\\\/basaworldtravel.com.ar\\\/sitio\\\/\",\"name\":\"Basa\",\"description\":\"World Travel\",\"potentialAction\":[{\"@type\":\"SearchAction\",\"target\":{\"@type\":\"EntryPoint\",\"urlTemplate\":\"https:\\\/\\\/basaworldtravel.com.ar\\\/sitio\\\/?s={search_term_string}\"},\"query-input\":{\"@type\":\"PropertyValueSpecification\",\"valueRequired\":true,\"valueName\":\"search_term_string\"}}],\"inLanguage\":\"es\"},{\"@type\":\"Person\",\"@id\":\"https:\\\/\\\/basaworldtravel.com.ar\\\/sitio\\\/#\\\/schema\\\/person\\\/d89b1d641794d338c41cd3818beabd4c\",\"name\":\"BasaWeb\",\"image\":{\"@type\":\"ImageObject\",\"inLanguage\":\"es\",\"@id\":\"https:\\\/\\\/secure.gravatar.com\\\/avatar\\\/13e699648957af0aba903942fee2a1fc533d92bcd43fcf375a4df1edc2708698?s=96&d=mm&r=g\",\"url\":\"https:\\\/\\\/secure.gravatar.com\\\/avatar\\\/13e699648957af0aba903942fee2a1fc533d92bcd43fcf375a4df1edc2708698?s=96&d=mm&r=g\",\"contentUrl\":\"https:\\\/\\\/secure.gravatar.com\\\/avatar\\\/13e699648957af0aba903942fee2a1fc533d92bcd43fcf375a4df1edc2708698?s=96&d=mm&r=g\",\"caption\":\"BasaWeb\"},\"url\":\"https:\\\/\\\/basaworldtravel.com.ar\\\/sitio\\\/author\\\/basaweb\\\/\"}]}<\/script>\n<!-- \/ Yoast SEO plugin. -->","yoast_head_json":{"title":"Maravillas de Europa \u2013 Grupal acompa\u00f1ada 2026 - Basa","robots":{"index":"index","follow":"follow","max-snippet":"max-snippet:-1","max-image-preview":"max-image-preview:large","max-video-preview":"max-video-preview:-1"},"canonical":"https:\/\/basaworldtravel.com.ar\/sitio\/2025\/08\/maravillas-de-europa-grupal-acompanada-2026\/","og_locale":"es_ES","og_type":"article","og_title":"Maravillas de Europa \u2013 Grupal acompa\u00f1ada 2026 - Basa","og_description":"Descubre la historia, la cultura y la belleza de un continente que te dejar\u00e1 sin aliento.","og_url":"https:\/\/basaworldtravel.com.ar\/sitio\/2025\/08\/maravillas-de-europa-grupal-acompanada-2026\/","og_site_name":"Basa","article_published_time":"2025-08-12T12:17:54+00:00","article_modified_time":"2025-08-12T12:17:55+00:00","og_image":[{"width":400,"height":450,"url":"https:\/\/basaworldtravel.com.ar\/sitio\/wp-content\/uploads\/2021\/09\/paris.png","type":"image\/png"}],"author":"BasaWeb","twitter_card":"summary_large_image","twitter_misc":{"Escrito por":"BasaWeb","Tiempo de lectura":"9 minutos"},"schema":{"@context":"https:\/\/schema.org","@graph":[{"@type":"Article","@id":"https:\/\/basaworldtravel.com.ar\/sitio\/2025\/08\/maravillas-de-europa-grupal-acompanada-2026\/#article","isPartOf":{"@id":"https:\/\/basaworldtravel.com.ar\/sitio\/2025\/08\/maravillas-de-europa-grupal-acompanada-2026\/"},"author":{"name":"BasaWeb","@id":"https:\/\/basaworldtravel.com.ar\/sitio\/#\/schema\/person\/d89b1d641794d338c41cd3818beabd4c"},"headline":"Maravillas de Europa \u2013 Grupal acompa\u00f1ada 2026","datePublished":"2025-08-12T12:17:54+00:00","dateModified":"2025-08-12T12:17:55+00:00","mainEntityOfPage":{"@id":"https:\/\/basaworldtravel.com.ar\/sitio\/2025\/08\/maravillas-de-europa-grupal-acompanada-2026\/"},"wordCount":1910,"image":{"@id":"https:\/\/basaworldtravel.com.ar\/sitio\/2025\/08\/maravillas-de-europa-grupal-acompanada-2026\/#primaryimage"},"thumbnailUrl":"https:\/\/basaworldtravel.com.ar\/sitio\/wp-content\/uploads\/2021\/09\/paris.png","keywords":["2026","BURDEOS","ESPA\u00d1A","EUROPA","francia","ITALIA","MADRID","NIZA","ROMA","SALIDAS GRUPALES","VENECIA","ZURICH"],"articleSection":["Europa","Paquetes"],"inLanguage":"es"},{"@type":"WebPage","@id":"https:\/\/basaworldtravel.com.ar\/sitio\/2025\/08\/maravillas-de-europa-grupal-acompanada-2026\/","url":"https:\/\/basaworldtravel.com.ar\/sitio\/2025\/08\/maravillas-de-europa-grupal-acompanada-2026\/","name":"Maravillas de Europa \u2013 Grupal acompa\u00f1ada 2026 - Basa","isPartOf":{"@id":"https:\/\/basaworldtravel.com.ar\/sitio\/#website"},"primaryImageOfPage":{"@id":"https:\/\/basaworldtravel.com.ar\/sitio\/2025\/08\/maravillas-de-europa-grupal-acompanada-2026\/#primaryimage"},"image":{"@id":"https:\/\/basaworldtravel.com.ar\/sitio\/2025\/08\/maravillas-de-europa-grupal-acompanada-2026\/#primaryimage"},"thumbnailUrl":"https:\/\/basaworldtravel.com.ar\/sitio\/wp-content\/uploads\/2021\/09\/paris.png","datePublished":"2025-08-12T12:17:54+00:00","dateModified":"2025-08-12T12:17:55+00:00","author":{"@id":"https:\/\/basaworldtravel.com.ar\/sitio\/#\/schema\/person\/d89b1d641794d338c41cd3818beabd4c"},"breadcrumb":{"@id":"https:\/\/basaworldtravel.com.ar\/sitio\/2025\/08\/maravillas-de-europa-grupal-acompanada-2026\/#breadcrumb"},"inLanguage":"es","potentialAction":[{"@type":"ReadAction","target":["https:\/\/basaworldtravel.com.ar\/sitio\/2025\/08\/maravillas-de-europa-grupal-acompanada-2026\/"]}]},{"@type":"ImageObject","inLanguage":"es","@id":"https:\/\/basaworldtravel.com.ar\/sitio\/2025\/08\/maravillas-de-europa-grupal-acompanada-2026\/#primaryimage","url":"https:\/\/basaworldtravel.com.ar\/sitio\/wp-content\/uploads\/2021\/09\/paris.png","contentUrl":"https:\/\/basaworldtravel.com.ar\/sitio\/wp-content\/uploads\/2021\/09\/paris.png","width":400,"height":450},{"@type":"BreadcrumbList","@id":"https:\/\/basaworldtravel.com.ar\/sitio\/2025\/08\/maravillas-de-europa-grupal-acompanada-2026\/#breadcrumb","itemListElement":[{"@type":"ListItem","position":1,"name":"Portada","item":"https:\/\/basaworldtravel.com.ar\/sitio\/"},{"@type":"ListItem","position":2,"name":"Maravillas de Europa \u2013 Grupal acompa\u00f1ada 2026"}]},{"@type":"WebSite","@id":"https:\/\/basaworldtravel.com.ar\/sitio\/#website","url":"https:\/\/basaworldtravel.com.ar\/sitio\/","name":"Basa","description":"World Travel","potentialAction":[{"@type":"SearchAction","target":{"@type":"EntryPoint","urlTemplate":"https:\/\/basaworldtravel.com.ar\/sitio\/?s={search_term_string}"},"query-input":{"@type":"PropertyValueSpecification","valueRequired":true,"valueName":"search_term_string"}}],"inLanguage":"es"},{"@type":"Person","@id":"https:\/\/basaworldtravel.com.ar\/sitio\/#\/schema\/person\/d89b1d641794d338c41cd3818beabd4c","name":"BasaWeb","image":{"@type":"ImageObject","inLanguage":"es","@id":"https:\/\/secure.gravatar.com\/avatar\/13e699648957af0aba903942fee2a1fc533d92bcd43fcf375a4df1edc2708698?s=96&d=mm&r=g","url":"https:\/\/secure.gravatar.com\/avatar\/13e699648957af0aba903942fee2a1fc533d92bcd43fcf375a4df1edc2708698?s=96&d=mm&r=g","contentUrl":"https:\/\/secure.gravatar.com\/avatar\/13e699648957af0aba903942fee2a1fc533d92bcd43fcf375a4df1edc2708698?s=96&d=mm&r=g","caption":"BasaWeb"},"url":"https:\/\/basaworldtravel.com.ar\/sitio\/author\/basaweb\/"}]}},"_links":{"self":[{"href":"https:\/\/basaworldtravel.com.ar\/sitio\/wp-json\/wp\/v2\/posts\/154761","targetHints":{"allow":["GET"]}}],"collection":[{"href":"https:\/\/basaworldtravel.com.ar\/sitio\/wp-json\/wp\/v2\/posts"}],"about":[{"href":"https:\/\/basaworldtravel.com.ar\/sitio\/wp-json\/wp\/v2\/types\/post"}],"author":[{"embeddable":true,"href":"https:\/\/basaworldtravel.com.ar\/sitio\/wp-json\/wp\/v2\/users\/2"}],"replies":[{"embeddable":true,"href":"https:\/\/basaworldtravel.com.ar\/sitio\/wp-json\/wp\/v2\/comments?post=154761"}],"version-history":[{"count":1,"href":"https:\/\/basaworldtravel.com.ar\/sitio\/wp-json\/wp\/v2\/posts\/154761\/revisions"}],"predecessor-version":[{"id":154763,"href":"https:\/\/basaworldtravel.com.ar\/sitio\/wp-json\/wp\/v2\/posts\/154761\/revisions\/154763"}],"wp:featuredmedia":[{"embeddable":true,"href":"https:\/\/basaworldtravel.com.ar\/sitio\/wp-json\/wp\/v2\/media\/75"}],"wp:attachment":[{"href":"https:\/\/basaworldtravel.com.ar\/sitio\/wp-json\/wp\/v2\/media?parent=154761"}],"wp:term":[{"taxonomy":"category","embeddable":true,"href":"https:\/\/basaworldtravel.com.ar\/sitio\/wp-json\/wp\/v2\/categories?post=154761"},{"taxonomy":"post_tag","embeddable":true,"href":"https:\/\/basaworldtravel.com.ar\/sitio\/wp-json\/wp\/v2\/tags?post=154761"}],"curies":[{"name":"wp","href":"https:\/\/api.w.org\/{rel}","templated":true}]}}