{"id":154564,"date":"2025-07-11T16:23:56","date_gmt":"2025-07-11T19:23:56","guid":{"rendered":"https:\/\/basaworldtravel.com.ar\/?p=154564"},"modified":"2025-07-11T16:23:59","modified_gmt":"2025-07-11T19:23:59","slug":"laguna-verano-2026","status":"publish","type":"post","link":"https:\/\/basaworldtravel.com.ar\/sitio\/2025\/07\/laguna-verano-2026\/","title":{"rendered":"LAGUNA-VERANO 2026"},"content":{"rendered":"\n<p>Salidas de enero a Abril<\/p>\n\n\n\n<p><strong>El programa incluye:<\/strong><\/p>\n\n\n\n<ul class=\"wp-block-list\">\n<li>Bus grupal Mix o Cama -Salidas desde YPF Acceso Norte Paran\u00e1 (pasa el dia siguiente)<\/li>\n\n\n\n<li>7 noches de alojamiento\u00a0<strong>Hotel Garopaba<\/strong>\u00a0http:\/\/www.hotelgaropaba.com.br\/<\/li>\n\n\n\n<li>Traslados de ingreso y egreso<\/li>\n\n\n\n<li>Coordinador en viaje<\/li>\n\n\n\n<li>Asistencia al viajero\u00a0<a href=\"https:\/\/360regional.com\/360\/wp-content\/uploads\/2024\/04\/AC-35-Asistencia-Nacional-sin-seguros.pdf\" target=\"_blank\" rel=\"noreferrer noopener\">AC35 (ver detalle).<\/a>\u00a0<\/li>\n<\/ul>\n\n\n\n<p><a href=\"https:\/\/www.hotelrenascenca.com.br\/\"><strong>Hotel Renascen\u00e7a<\/strong><\/a>  -Media pension <\/p>\n\n\n\n<p>1, 4, 8, 11, 15, 18 y 22 Enero USD615 por persona en base doble<\/p>\n\n\n\n<p>25 y 29 enero  USD540 por persona en base doble<\/p>\n\n\n\n<p>1, 5, 15 y 19 Febrero USD540 por persona en base doble<\/p>\n\n\n\n<p>8 y 12 Febrero USD655 por persona en base doble<\/p>\n\n\n\n<p>22 y 26 Febrero \/1, 5, 8, 12, 15, 19 y 22 Marzo    USD525 por persona en base doble<\/p>\n\n\n\n<p>22 y 29 Marzo USD615 por persona en base doble<\/p>\n\n\n\n<p>5, 12, 19 y 26 Abril USD510 por persona en base doble<\/p>\n\n\n\n<p><\/p>\n\n\n\n<p class=\"has-accent-color has-text-color has-link-color wp-elements-628b63240d29dfa334ddd6dc858dc1b2\"><strong>CONSULTAR POR OTRAS OPCIONES HOTELERAS<\/strong><\/p>\n\n\n\n<p><strong>Adicional Butaca Cama(<\/strong>160\u00b0):&nbsp;<strong>$ 139.700<\/strong>&nbsp;o&nbsp;<strong>117 U$D<\/strong>&nbsp;(d\u00f3lar billete).<\/p>\n\n\n\n<p><strong>Adicional ubicaciones preferenciales:<\/strong>panor\u00e1micas, cafetera o especiales (abajo adelante)<strong>:<\/strong>\u00a0<strong>$ 44.700<\/strong>\u00a0o\u00a0<strong>37\u00a0U$D<\/strong>\u00a0(d\u00f3lar billete).<\/p>\n\n\n\n<p><strong>Pol\u00edtica de Menores:\u00a0<\/strong>(en caso que no se detalle en el tarifario)<br><strong>Infoas<\/strong>\u00a0(0 a 3 a\u00f1os): Abona\u00a0<strong>$56.700<\/strong>\u00a0o\u00a0<strong>47\u00a0U$D<\/strong>\u00a0(d\u00f3lar billete)\u00a0 por asistencia al viajero, sin derecho a butaca propia ni cama en el hotel.<br><strong>Childs<\/strong>\u00a0(4 a 5 a\u00f1os): Solo Butaca, transfer y Seguro:\u00a0<strong>$ 579.700<\/strong>\u00a0o<strong>480 U$D<\/strong>\u00a0(d\u00f3lar billete). (no incluye cama de hotel garantizada). Aplicable a 1 menor cada dos adultos pagantes dentro de la misma habitaci\u00f3n que los padres acompa\u00f1antes de viaje. Importante: En caso de haber mas de un menor se aplican las condiciones que siguen a continuaci\u00f3n, indepte de que alguno tenga entre 0 y 5 a\u00f1os.<\/p>\n","protected":false},"excerpt":{"rendered":"<p>Destino conocido por sus bellezas naturales, playas y patrimonio historico-cultural<\/p>\n","protected":false},"author":2,"featured_media":145498,"comment_status":"closed","ping_status":"open","sticky":false,"template":"","format":"standard","meta":{"_acf_changed":false,"footnotes":""},"categories":[40,5],"tags":[703,41,471,121,24],"class_list":["post-154564","post","type-post","status-publish","format-standard","has-post-thumbnail","hentry","category-brasil","category-paquetes","tag-703","tag-brasil","tag-laguna","tag-playa","tag-verano","category-40","category-5","description-off"],"acf":[],"yoast_head":"<!-- This site is optimized with the Yoast SEO plugin v28.4 - https:\/\/yoast.com\/product\/yoast-seo-wordpress\/ -->\n<title>LAGUNA-VERANO 2026 - Basa<\/title>\n<meta name=\"robots\" content=\"index, follow, max-snippet:-1, max-image-preview:large, max-video-preview:-1\" \/>\n<link rel=\"canonical\" href=\"https:\/\/basaworldtravel.com.ar\/sitio\/2025\/07\/laguna-verano-2026\/\" \/>\n<meta property=\"og:locale\" content=\"es_ES\" \/>\n<meta property=\"og:type\" content=\"article\" \/>\n<meta property=\"og:title\" content=\"LAGUNA-VERANO 2026 - Basa\" \/>\n<meta property=\"og:description\" content=\"Destino conocido por sus bellezas naturales, playas y patrimonio historico-cultural\" \/>\n<meta property=\"og:url\" content=\"https:\/\/basaworldtravel.com.ar\/sitio\/2025\/07\/laguna-verano-2026\/\" \/>\n<meta property=\"og:site_name\" content=\"Basa\" \/>\n<meta property=\"article:published_time\" content=\"2025-07-11T19:23:56+00:00\" \/>\n<meta property=\"article:modified_time\" content=\"2025-07-11T19:23:59+00:00\" \/>\n<meta property=\"og:image\" content=\"https:\/\/basaworldtravel.com.ar\/sitio\/wp-content\/uploads\/2023\/08\/playas-laguna-760x500-1.jpg\" \/>\n\t<meta property=\"og:image:width\" content=\"760\" \/>\n\t<meta property=\"og:image:height\" content=\"500\" \/>\n\t<meta property=\"og:image:type\" content=\"image\/jpeg\" \/>\n<meta name=\"author\" content=\"BasaWeb\" \/>\n<meta name=\"twitter:card\" content=\"summary_large_image\" \/>\n<meta name=\"twitter:label1\" content=\"Escrito por\" \/>\n\t<meta name=\"twitter:data1\" content=\"BasaWeb\" \/>\n\t<meta name=\"twitter:label2\" content=\"Tiempo de lectura\" \/>\n\t<meta name=\"twitter:data2\" content=\"2 minutos\" \/>\n<script type=\"application\/ld+json\" class=\"yoast-schema-graph\">{\"@context\":\"https:\\\/\\\/schema.org\",\"@graph\":[{\"@type\":\"Article\",\"@id\":\"https:\\\/\\\/basaworldtravel.com.ar\\\/sitio\\\/2025\\\/07\\\/laguna-verano-2026\\\/#article\",\"isPartOf\":{\"@id\":\"https:\\\/\\\/basaworldtravel.com.ar\\\/sitio\\\/2025\\\/07\\\/laguna-verano-2026\\\/\"},\"author\":{\"name\":\"BasaWeb\",\"@id\":\"https:\\\/\\\/basaworldtravel.com.ar\\\/sitio\\\/#\\\/schema\\\/person\\\/d89b1d641794d338c41cd3818beabd4c\"},\"headline\":\"LAGUNA-VERANO 2026\",\"datePublished\":\"2025-07-11T19:23:56+00:00\",\"dateModified\":\"2025-07-11T19:23:59+00:00\",\"mainEntityOfPage\":{\"@id\":\"https:\\\/\\\/basaworldtravel.com.ar\\\/sitio\\\/2025\\\/07\\\/laguna-verano-2026\\\/\"},\"wordCount\":251,\"image\":{\"@id\":\"https:\\\/\\\/basaworldtravel.com.ar\\\/sitio\\\/2025\\\/07\\\/laguna-verano-2026\\\/#primaryimage\"},\"thumbnailUrl\":\"https:\\\/\\\/basaworldtravel.com.ar\\\/sitio\\\/wp-content\\\/uploads\\\/2023\\\/08\\\/playas-laguna-760x500-1.jpg\",\"keywords\":[\"2026\",\"BRASIL\",\"LAGUNA\",\"PLAYA\",\"VERANO\"],\"articleSection\":[\"Brasil\",\"Paquetes\"],\"inLanguage\":\"es\"},{\"@type\":\"WebPage\",\"@id\":\"https:\\\/\\\/basaworldtravel.com.ar\\\/sitio\\\/2025\\\/07\\\/laguna-verano-2026\\\/\",\"url\":\"https:\\\/\\\/basaworldtravel.com.ar\\\/sitio\\\/2025\\\/07\\\/laguna-verano-2026\\\/\",\"name\":\"LAGUNA-VERANO 2026 - Basa\",\"isPartOf\":{\"@id\":\"https:\\\/\\\/basaworldtravel.com.ar\\\/sitio\\\/#website\"},\"primaryImageOfPage\":{\"@id\":\"https:\\\/\\\/basaworldtravel.com.ar\\\/sitio\\\/2025\\\/07\\\/laguna-verano-2026\\\/#primaryimage\"},\"image\":{\"@id\":\"https:\\\/\\\/basaworldtravel.com.ar\\\/sitio\\\/2025\\\/07\\\/laguna-verano-2026\\\/#primaryimage\"},\"thumbnailUrl\":\"https:\\\/\\\/basaworldtravel.com.ar\\\/sitio\\\/wp-content\\\/uploads\\\/2023\\\/08\\\/playas-laguna-760x500-1.jpg\",\"datePublished\":\"2025-07-11T19:23:56+00:00\",\"dateModified\":\"2025-07-11T19:23:59+00:00\",\"author\":{\"@id\":\"https:\\\/\\\/basaworldtravel.com.ar\\\/sitio\\\/#\\\/schema\\\/person\\\/d89b1d641794d338c41cd3818beabd4c\"},\"breadcrumb\":{\"@id\":\"https:\\\/\\\/basaworldtravel.com.ar\\\/sitio\\\/2025\\\/07\\\/laguna-verano-2026\\\/#breadcrumb\"},\"inLanguage\":\"es\",\"potentialAction\":[{\"@type\":\"ReadAction\",\"target\":[\"https:\\\/\\\/basaworldtravel.com.ar\\\/sitio\\\/2025\\\/07\\\/laguna-verano-2026\\\/\"]}]},{\"@type\":\"ImageObject\",\"inLanguage\":\"es\",\"@id\":\"https:\\\/\\\/basaworldtravel.com.ar\\\/sitio\\\/2025\\\/07\\\/laguna-verano-2026\\\/#primaryimage\",\"url\":\"https:\\\/\\\/basaworldtravel.com.ar\\\/sitio\\\/wp-content\\\/uploads\\\/2023\\\/08\\\/playas-laguna-760x500-1.jpg\",\"contentUrl\":\"https:\\\/\\\/basaworldtravel.com.ar\\\/sitio\\\/wp-content\\\/uploads\\\/2023\\\/08\\\/playas-laguna-760x500-1.jpg\",\"width\":760,\"height\":500},{\"@type\":\"BreadcrumbList\",\"@id\":\"https:\\\/\\\/basaworldtravel.com.ar\\\/sitio\\\/2025\\\/07\\\/laguna-verano-2026\\\/#breadcrumb\",\"itemListElement\":[{\"@type\":\"ListItem\",\"position\":1,\"name\":\"Portada\",\"item\":\"https:\\\/\\\/basaworldtravel.com.ar\\\/sitio\\\/\"},{\"@type\":\"ListItem\",\"position\":2,\"name\":\"LAGUNA-VERANO 2026\"}]},{\"@type\":\"WebSite\",\"@id\":\"https:\\\/\\\/basaworldtravel.com.ar\\\/sitio\\\/#website\",\"url\":\"https:\\\/\\\/basaworldtravel.com.ar\\\/sitio\\\/\",\"name\":\"Basa\",\"description\":\"World Travel\",\"potentialAction\":[{\"@type\":\"SearchAction\",\"target\":{\"@type\":\"EntryPoint\",\"urlTemplate\":\"https:\\\/\\\/basaworldtravel.com.ar\\\/sitio\\\/?s={search_term_string}\"},\"query-input\":{\"@type\":\"PropertyValueSpecification\",\"valueRequired\":true,\"valueName\":\"search_term_string\"}}],\"inLanguage\":\"es\"},{\"@type\":\"Person\",\"@id\":\"https:\\\/\\\/basaworldtravel.com.ar\\\/sitio\\\/#\\\/schema\\\/person\\\/d89b1d641794d338c41cd3818beabd4c\",\"name\":\"BasaWeb\",\"image\":{\"@type\":\"ImageObject\",\"inLanguage\":\"es\",\"@id\":\"https:\\\/\\\/secure.gravatar.com\\\/avatar\\\/13e699648957af0aba903942fee2a1fc533d92bcd43fcf375a4df1edc2708698?s=96&d=mm&r=g\",\"url\":\"https:\\\/\\\/secure.gravatar.com\\\/avatar\\\/13e699648957af0aba903942fee2a1fc533d92bcd43fcf375a4df1edc2708698?s=96&d=mm&r=g\",\"contentUrl\":\"https:\\\/\\\/secure.gravatar.com\\\/avatar\\\/13e699648957af0aba903942fee2a1fc533d92bcd43fcf375a4df1edc2708698?s=96&d=mm&r=g\",\"caption\":\"BasaWeb\"},\"url\":\"https:\\\/\\\/basaworldtravel.com.ar\\\/sitio\\\/author\\\/basaweb\\\/\"}]}<\/script>\n<!-- \/ Yoast SEO plugin. -->","yoast_head_json":{"title":"LAGUNA-VERANO 2026 - Basa","robots":{"index":"index","follow":"follow","max-snippet":"max-snippet:-1","max-image-preview":"max-image-preview:large","max-video-preview":"max-video-preview:-1"},"canonical":"https:\/\/basaworldtravel.com.ar\/sitio\/2025\/07\/laguna-verano-2026\/","og_locale":"es_ES","og_type":"article","og_title":"LAGUNA-VERANO 2026 - Basa","og_description":"Destino conocido por sus bellezas naturales, playas y patrimonio historico-cultural","og_url":"https:\/\/basaworldtravel.com.ar\/sitio\/2025\/07\/laguna-verano-2026\/","og_site_name":"Basa","article_published_time":"2025-07-11T19:23:56+00:00","article_modified_time":"2025-07-11T19:23:59+00:00","og_image":[{"width":760,"height":500,"url":"https:\/\/basaworldtravel.com.ar\/sitio\/wp-content\/uploads\/2023\/08\/playas-laguna-760x500-1.jpg","type":"image\/jpeg"}],"author":"BasaWeb","twitter_card":"summary_large_image","twitter_misc":{"Escrito por":"BasaWeb","Tiempo de lectura":"2 minutos"},"schema":{"@context":"https:\/\/schema.org","@graph":[{"@type":"Article","@id":"https:\/\/basaworldtravel.com.ar\/sitio\/2025\/07\/laguna-verano-2026\/#article","isPartOf":{"@id":"https:\/\/basaworldtravel.com.ar\/sitio\/2025\/07\/laguna-verano-2026\/"},"author":{"name":"BasaWeb","@id":"https:\/\/basaworldtravel.com.ar\/sitio\/#\/schema\/person\/d89b1d641794d338c41cd3818beabd4c"},"headline":"LAGUNA-VERANO 2026","datePublished":"2025-07-11T19:23:56+00:00","dateModified":"2025-07-11T19:23:59+00:00","mainEntityOfPage":{"@id":"https:\/\/basaworldtravel.com.ar\/sitio\/2025\/07\/laguna-verano-2026\/"},"wordCount":251,"image":{"@id":"https:\/\/basaworldtravel.com.ar\/sitio\/2025\/07\/laguna-verano-2026\/#primaryimage"},"thumbnailUrl":"https:\/\/basaworldtravel.com.ar\/sitio\/wp-content\/uploads\/2023\/08\/playas-laguna-760x500-1.jpg","keywords":["2026","BRASIL","LAGUNA","PLAYA","VERANO"],"articleSection":["Brasil","Paquetes"],"inLanguage":"es"},{"@type":"WebPage","@id":"https:\/\/basaworldtravel.com.ar\/sitio\/2025\/07\/laguna-verano-2026\/","url":"https:\/\/basaworldtravel.com.ar\/sitio\/2025\/07\/laguna-verano-2026\/","name":"LAGUNA-VERANO 2026 - Basa","isPartOf":{"@id":"https:\/\/basaworldtravel.com.ar\/sitio\/#website"},"primaryImageOfPage":{"@id":"https:\/\/basaworldtravel.com.ar\/sitio\/2025\/07\/laguna-verano-2026\/#primaryimage"},"image":{"@id":"https:\/\/basaworldtravel.com.ar\/sitio\/2025\/07\/laguna-verano-2026\/#primaryimage"},"thumbnailUrl":"https:\/\/basaworldtravel.com.ar\/sitio\/wp-content\/uploads\/2023\/08\/playas-laguna-760x500-1.jpg","datePublished":"2025-07-11T19:23:56+00:00","dateModified":"2025-07-11T19:23:59+00:00","author":{"@id":"https:\/\/basaworldtravel.com.ar\/sitio\/#\/schema\/person\/d89b1d641794d338c41cd3818beabd4c"},"breadcrumb":{"@id":"https:\/\/basaworldtravel.com.ar\/sitio\/2025\/07\/laguna-verano-2026\/#breadcrumb"},"inLanguage":"es","potentialAction":[{"@type":"ReadAction","target":["https:\/\/basaworldtravel.com.ar\/sitio\/2025\/07\/laguna-verano-2026\/"]}]},{"@type":"ImageObject","inLanguage":"es","@id":"https:\/\/basaworldtravel.com.ar\/sitio\/2025\/07\/laguna-verano-2026\/#primaryimage","url":"https:\/\/basaworldtravel.com.ar\/sitio\/wp-content\/uploads\/2023\/08\/playas-laguna-760x500-1.jpg","contentUrl":"https:\/\/basaworldtravel.com.ar\/sitio\/wp-content\/uploads\/2023\/08\/playas-laguna-760x500-1.jpg","width":760,"height":500},{"@type":"BreadcrumbList","@id":"https:\/\/basaworldtravel.com.ar\/sitio\/2025\/07\/laguna-verano-2026\/#breadcrumb","itemListElement":[{"@type":"ListItem","position":1,"name":"Portada","item":"https:\/\/basaworldtravel.com.ar\/sitio\/"},{"@type":"ListItem","position":2,"name":"LAGUNA-VERANO 2026"}]},{"@type":"WebSite","@id":"https:\/\/basaworldtravel.com.ar\/sitio\/#website","url":"https:\/\/basaworldtravel.com.ar\/sitio\/","name":"Basa","description":"World Travel","potentialAction":[{"@type":"SearchAction","target":{"@type":"EntryPoint","urlTemplate":"https:\/\/basaworldtravel.com.ar\/sitio\/?s={search_term_string}"},"query-input":{"@type":"PropertyValueSpecification","valueRequired":true,"valueName":"search_term_string"}}],"inLanguage":"es"},{"@type":"Person","@id":"https:\/\/basaworldtravel.com.ar\/sitio\/#\/schema\/person\/d89b1d641794d338c41cd3818beabd4c","name":"BasaWeb","image":{"@type":"ImageObject","inLanguage":"es","@id":"https:\/\/secure.gravatar.com\/avatar\/13e699648957af0aba903942fee2a1fc533d92bcd43fcf375a4df1edc2708698?s=96&d=mm&r=g","url":"https:\/\/secure.gravatar.com\/avatar\/13e699648957af0aba903942fee2a1fc533d92bcd43fcf375a4df1edc2708698?s=96&d=mm&r=g","contentUrl":"https:\/\/secure.gravatar.com\/avatar\/13e699648957af0aba903942fee2a1fc533d92bcd43fcf375a4df1edc2708698?s=96&d=mm&r=g","caption":"BasaWeb"},"url":"https:\/\/basaworldtravel.com.ar\/sitio\/author\/basaweb\/"}]}},"_links":{"self":[{"href":"https:\/\/basaworldtravel.com.ar\/sitio\/wp-json\/wp\/v2\/posts\/154564","targetHints":{"allow":["GET"]}}],"collection":[{"href":"https:\/\/basaworldtravel.com.ar\/sitio\/wp-json\/wp\/v2\/posts"}],"about":[{"href":"https:\/\/basaworldtravel.com.ar\/sitio\/wp-json\/wp\/v2\/types\/post"}],"author":[{"embeddable":true,"href":"https:\/\/basaworldtravel.com.ar\/sitio\/wp-json\/wp\/v2\/users\/2"}],"replies":[{"embeddable":true,"href":"https:\/\/basaworldtravel.com.ar\/sitio\/wp-json\/wp\/v2\/comments?post=154564"}],"version-history":[{"count":1,"href":"https:\/\/basaworldtravel.com.ar\/sitio\/wp-json\/wp\/v2\/posts\/154564\/revisions"}],"predecessor-version":[{"id":154565,"href":"https:\/\/basaworldtravel.com.ar\/sitio\/wp-json\/wp\/v2\/posts\/154564\/revisions\/154565"}],"wp:featuredmedia":[{"embeddable":true,"href":"https:\/\/basaworldtravel.com.ar\/sitio\/wp-json\/wp\/v2\/media\/145498"}],"wp:attachment":[{"href":"https:\/\/basaworldtravel.com.ar\/sitio\/wp-json\/wp\/v2\/media?parent=154564"}],"wp:term":[{"taxonomy":"category","embeddable":true,"href":"https:\/\/basaworldtravel.com.ar\/sitio\/wp-json\/wp\/v2\/categories?post=154564"},{"taxonomy":"post_tag","embeddable":true,"href":"https:\/\/basaworldtravel.com.ar\/sitio\/wp-json\/wp\/v2\/tags?post=154564"}],"curies":[{"name":"wp","href":"https:\/\/api.w.org\/{rel}","templated":true}]}}