{"id":154557,"date":"2026-08-12T11:49:14","date_gmt":"2026-08-12T14:49:14","guid":{"rendered":"https:\/\/basaworldtravel.com.ar\/?p=154557"},"modified":"2026-08-12T12:17:02","modified_gmt":"2026-08-12T15:17:02","slug":"torres-verano-2027stl","status":"publish","type":"post","link":"https:\/\/basaworldtravel.com.ar\/sitio\/2026\/08\/torres-verano-2027stl\/","title":{"rendered":"TORRES -VERANO 2027"},"content":{"rendered":"\n<p>Salidas Enero a Marzo 2027<\/p>\n\n\n\n<p><strong>El programa incluye:<\/strong><\/p>\n\n\n\n<p>Bus Charter MIX (Semicama\/Ejecutivo). Adicional Butaca EJECUTIVA USD 80 por persona <br>Incluye Traslados In\/Out desde BR101 con servicio receptivo local.<br>07 \u00f3 06 \u00f3 05 noches de Alojamiento (seg\u00fan programa elegido) en Torres, Rio Grande do Sul, Brasil.<br>Establecimiento y R\u00e9gimen seg\u00fan elecci\u00f3n. <\/p>\n\n\n\n<p>Incluye Seguro de Asistencia al Viajero REGIONAL sin l\u00edmite de edad.<br>Salidas Especiales los d\u00edas Jueves de Enero a Marzo 2027 seg\u00fan diagrama + Especiales Navidad &amp; A\u00f1o Nuevo + Especial Semana Santa 2027<\/p>\n\n\n\n<p>Coordinador Solamente en Viaje. <\/p>\n\n\n\n<ul class=\"wp-block-list\"><\/ul>\n\n\n\n<p><strong>HOTEL DE ROSE CENTRO <\/strong>&#8211; http:\/\/www.instagram.com\/derosecentrohotel   Media Pensi\u00f3n ( sin bebidas)<\/p>\n\n\n\n<p><strong>02 de Enero-5 noches<\/strong>      USD600 por persona en base doble\/triple \/\/   <\/p>\n\n\n\n<p> <strong>07 \/ 14 \/ 21- Enero  <\/strong>&#8211;<strong>7 Noches<\/strong> USD670 por persona en base doble\/triple \/\/  <\/p>\n\n\n\n<p><strong>28 Enero &#8211; 7 Noches <\/strong>USD640 por persona en base doble\/triple <\/p>\n\n\n\n<p><strong>04 Febrero  <em>Carnaval<\/em> <\/strong>\/ <strong>11-18 <\/strong> <strong>Febrero   <\/strong>USD620 por persona en base doble\/triple   <\/p>\n\n\n\n<p><strong> 25 Febrero  <\/strong>USD595  por persona en base doble\/triple <\/p>\n\n\n\n<p><strong>04 \/ 11-Marzo\/18 Marzo (Semana Santa)   <\/strong> USD575 por persona en base doble\/triple    <\/p>\n\n\n\n<p><strong>25 Marzo -5 Noches <\/strong> USD520 por persona en base doble\/triple   <\/p>\n\n\n\n<p><\/p>\n\n\n\n<p><strong>DE ROSE PRAIA <\/strong> http:\/\/www.derosepraia.com\/   Desayuno  <\/p>\n\n\n\n<p><strong>02 de Enero-5 noches<\/strong> USD645 por persona en base doble\/triple<\/p>\n\n\n\n<p><strong>07 \/ 14 \/ 21- Enero <\/strong>&#8211;<strong>7 Noches<\/strong> USD805 por persona en base doble\/triple <\/p>\n\n\n\n<p><strong>28 Enero &#8211; 7 Noches <\/strong>USD765 por persona en base doble\/triple <\/p>\n\n\n\n<p><strong>04 Febrero  <em>Carnaval<\/em> \/11-18 Febrero<\/strong>&#8211; <strong>7 Noches<\/strong>    USD730 por persona en base doble\/triple <\/p>\n\n\n\n<p><strong>25 Febrero<\/strong> <strong>-7 Noches<\/strong> USD705  por persona en base doble\/triple   <\/p>\n\n\n\n<p><strong>04 \/ 11-Marzo \/ 18 Marzo (semana santa)  <\/strong> USD689 por persona en base doble\/triple    <\/p>\n\n\n\n<p><strong>25 Marzo -5 Noches <\/strong> USD555 por persona en base doble\/triple   <\/p>\n\n\n\n<p><\/p>\n\n\n\n<p>Observaciones:<br>\uf084 Se aconseja informar correctamente a los pasajeros sobre la larga duraci\u00f3n de los recorridos terrestres.<br>\uf084 Se exige Documentaci\u00f3n en regla para el embarque, sin excepci\u00f3n.<br>\uf084 Se debe informar al pasajero que los servicios no garantizan horarios de regreso acordes a cada exigencia personal.<br>\uf084 Recordar que el cobro y pago de la Percepci\u00f3n RG5617\/2024 es exclusivo de las Agencias de Viajes que realizan las ventas a consumidor final.<br>\uf084 Requisitos actualizados para ingresar a Brasil: www.gov.br\/mre\/pt-br\/embaixada-lima\/espanol\/sector-consular\/viaje-a-brasil\/requisitos-para-ingresar-a-brasil<br>\uf084 Tarifas v\u00e1lidas Diciembre 2026 a Marzo 2027.<br>\uf084 Tarifas expresadas en D\u00f3lares USA por pasajero, para residentes (*extranjeros consultar)<br>m\u00e1s impuestos y percepciones, en base, r\u00e9gimen y hoteles seg\u00fan elecci\u00f3n, sujetas a cambios<br>sin previo aviso.<br>\uf084 Cotizaci\u00f3n realizada para pago en D\u00f3lares Americamos (USD) sin adicional percepci\u00f3n v\u00eda bancaria o en Pesos Argentinos (AR$) con Adicional de Percepci\u00f3n y seg\u00fan cotizaci\u00f3n diaria de Banco Naci\u00f3n (tipo vendedor). Comisionables seg\u00fan convenio.<br>\uf084 Incluye Servicio a Bordo Standard.<br>\uf084 No incluye servicios no especificados.<br>\uf084 Valor de solo Butaca Semicama para menores de 0 a 3 a\u00f1os o s\u00f3lo transporte usd 275 .<br>\uf084 Consultar antes de ingresar la reserva.<br>\uf084 Doble Per\u00edodo: Se deben sumar las 2 salidas y servicios correspondientes, no tiene descuento.<br>\uf084 Embarque sujeto a Documentaci\u00f3n en Regla.<br>\uf084 R\u00e9gimen de Pensi\u00f3n \/ Adicional MAP son valores NE, no incluye bebidas.<br>\uf084 Seguro de Asistencia al Viajero Regional para INFOA usd 45 .<br>\uf084 Unidad de Bus MIX = 46 \u00f3 48 butacas Semicama \/<\/p>\n\n\n\n<p>dtl<\/p>\n","protected":false},"excerpt":{"rendered":"<p>Es unDombinar descanso, naturaleza y aventura<\/p>\n","protected":false},"author":2,"featured_media":154558,"comment_status":"closed","ping_status":"open","sticky":false,"template":"","format":"standard","meta":{"_acf_changed":false,"footnotes":""},"categories":[40,5,245],"tags":[853,41,121,638,24],"class_list":["post-154557","post","type-post","status-publish","format-standard","has-post-thumbnail","hentry","category-brasil","category-paquetes","category-sudamerica","tag-853","tag-brasil","tag-playa","tag-torres","tag-verano","category-40","category-5","category-245","description-off"],"acf":[],"yoast_head":"<!-- This site is optimized with the Yoast SEO plugin v28.4 - https:\/\/yoast.com\/product\/yoast-seo-wordpress\/ -->\n<title>TORRES -VERANO 2027 - Basa<\/title>\n<meta name=\"robots\" content=\"index, follow, max-snippet:-1, max-image-preview:large, max-video-preview:-1\" \/>\n<link rel=\"canonical\" href=\"https:\/\/basaworldtravel.com.ar\/sitio\/2026\/08\/torres-verano-2027stl\/\" \/>\n<meta property=\"og:locale\" content=\"es_ES\" \/>\n<meta property=\"og:type\" content=\"article\" \/>\n<meta property=\"og:title\" content=\"TORRES -VERANO 2027 - Basa\" \/>\n<meta property=\"og:description\" content=\"Es unDombinar descanso, naturaleza y aventura\" \/>\n<meta property=\"og:url\" content=\"https:\/\/basaworldtravel.com.ar\/sitio\/2026\/08\/torres-verano-2027stl\/\" \/>\n<meta property=\"og:site_name\" content=\"Basa\" \/>\n<meta property=\"article:published_time\" content=\"2026-08-12T14:49:14+00:00\" \/>\n<meta property=\"article:modified_time\" content=\"2026-08-12T15:17:02+00:00\" \/>\n<meta property=\"og:image\" content=\"https:\/\/basaworldtravel.com.ar\/sitio\/wp-content\/uploads\/2025\/07\/torres-brasil.webp\" \/>\n\t<meta property=\"og:image:width\" content=\"700\" \/>\n\t<meta property=\"og:image:height\" content=\"467\" \/>\n\t<meta property=\"og:image:type\" content=\"image\/webp\" \/>\n<meta name=\"author\" content=\"BasaWeb\" \/>\n<meta name=\"twitter:card\" content=\"summary_large_image\" \/>\n<meta name=\"twitter:label1\" content=\"Escrito por\" \/>\n\t<meta name=\"twitter:data1\" content=\"BasaWeb\" \/>\n\t<meta name=\"twitter:label2\" content=\"Tiempo de lectura\" \/>\n\t<meta name=\"twitter:data2\" content=\"3 minutos\" \/>\n<script type=\"application\/ld+json\" class=\"yoast-schema-graph\">{\"@context\":\"https:\\\/\\\/schema.org\",\"@graph\":[{\"@type\":\"Article\",\"@id\":\"https:\\\/\\\/basaworldtravel.com.ar\\\/sitio\\\/2026\\\/08\\\/torres-verano-2027stl\\\/#article\",\"isPartOf\":{\"@id\":\"https:\\\/\\\/basaworldtravel.com.ar\\\/sitio\\\/2026\\\/08\\\/torres-verano-2027stl\\\/\"},\"author\":{\"name\":\"BasaWeb\",\"@id\":\"https:\\\/\\\/basaworldtravel.com.ar\\\/sitio\\\/#\\\/schema\\\/person\\\/d89b1d641794d338c41cd3818beabd4c\"},\"headline\":\"TORRES -VERANO 2027\",\"datePublished\":\"2026-08-12T14:49:14+00:00\",\"dateModified\":\"2026-08-12T15:17:02+00:00\",\"mainEntityOfPage\":{\"@id\":\"https:\\\/\\\/basaworldtravel.com.ar\\\/sitio\\\/2026\\\/08\\\/torres-verano-2027stl\\\/\"},\"wordCount\":509,\"image\":{\"@id\":\"https:\\\/\\\/basaworldtravel.com.ar\\\/sitio\\\/2026\\\/08\\\/torres-verano-2027stl\\\/#primaryimage\"},\"thumbnailUrl\":\"https:\\\/\\\/basaworldtravel.com.ar\\\/sitio\\\/wp-content\\\/uploads\\\/2025\\\/07\\\/torres-brasil.webp\",\"keywords\":[\"2027\",\"BRASIL\",\"PLAYA\",\"TORRES\",\"VERANO\"],\"articleSection\":[\"Brasil\",\"Paquetes\",\"Sudam\u00e9rica\"],\"inLanguage\":\"es\"},{\"@type\":\"WebPage\",\"@id\":\"https:\\\/\\\/basaworldtravel.com.ar\\\/sitio\\\/2026\\\/08\\\/torres-verano-2027stl\\\/\",\"url\":\"https:\\\/\\\/basaworldtravel.com.ar\\\/sitio\\\/2026\\\/08\\\/torres-verano-2027stl\\\/\",\"name\":\"TORRES -VERANO 2027 - Basa\",\"isPartOf\":{\"@id\":\"https:\\\/\\\/basaworldtravel.com.ar\\\/sitio\\\/#website\"},\"primaryImageOfPage\":{\"@id\":\"https:\\\/\\\/basaworldtravel.com.ar\\\/sitio\\\/2026\\\/08\\\/torres-verano-2027stl\\\/#primaryimage\"},\"image\":{\"@id\":\"https:\\\/\\\/basaworldtravel.com.ar\\\/sitio\\\/2026\\\/08\\\/torres-verano-2027stl\\\/#primaryimage\"},\"thumbnailUrl\":\"https:\\\/\\\/basaworldtravel.com.ar\\\/sitio\\\/wp-content\\\/uploads\\\/2025\\\/07\\\/torres-brasil.webp\",\"datePublished\":\"2026-08-12T14:49:14+00:00\",\"dateModified\":\"2026-08-12T15:17:02+00:00\",\"author\":{\"@id\":\"https:\\\/\\\/basaworldtravel.com.ar\\\/sitio\\\/#\\\/schema\\\/person\\\/d89b1d641794d338c41cd3818beabd4c\"},\"breadcrumb\":{\"@id\":\"https:\\\/\\\/basaworldtravel.com.ar\\\/sitio\\\/2026\\\/08\\\/torres-verano-2027stl\\\/#breadcrumb\"},\"inLanguage\":\"es\",\"potentialAction\":[{\"@type\":\"ReadAction\",\"target\":[\"https:\\\/\\\/basaworldtravel.com.ar\\\/sitio\\\/2026\\\/08\\\/torres-verano-2027stl\\\/\"]}]},{\"@type\":\"ImageObject\",\"inLanguage\":\"es\",\"@id\":\"https:\\\/\\\/basaworldtravel.com.ar\\\/sitio\\\/2026\\\/08\\\/torres-verano-2027stl\\\/#primaryimage\",\"url\":\"https:\\\/\\\/basaworldtravel.com.ar\\\/sitio\\\/wp-content\\\/uploads\\\/2025\\\/07\\\/torres-brasil.webp\",\"contentUrl\":\"https:\\\/\\\/basaworldtravel.com.ar\\\/sitio\\\/wp-content\\\/uploads\\\/2025\\\/07\\\/torres-brasil.webp\",\"width\":700,\"height\":467},{\"@type\":\"BreadcrumbList\",\"@id\":\"https:\\\/\\\/basaworldtravel.com.ar\\\/sitio\\\/2026\\\/08\\\/torres-verano-2027stl\\\/#breadcrumb\",\"itemListElement\":[{\"@type\":\"ListItem\",\"position\":1,\"name\":\"Portada\",\"item\":\"https:\\\/\\\/basaworldtravel.com.ar\\\/sitio\\\/\"},{\"@type\":\"ListItem\",\"position\":2,\"name\":\"TORRES -VERANO 2027\"}]},{\"@type\":\"WebSite\",\"@id\":\"https:\\\/\\\/basaworldtravel.com.ar\\\/sitio\\\/#website\",\"url\":\"https:\\\/\\\/basaworldtravel.com.ar\\\/sitio\\\/\",\"name\":\"Basa\",\"description\":\"World Travel\",\"potentialAction\":[{\"@type\":\"SearchAction\",\"target\":{\"@type\":\"EntryPoint\",\"urlTemplate\":\"https:\\\/\\\/basaworldtravel.com.ar\\\/sitio\\\/?s={search_term_string}\"},\"query-input\":{\"@type\":\"PropertyValueSpecification\",\"valueRequired\":true,\"valueName\":\"search_term_string\"}}],\"inLanguage\":\"es\"},{\"@type\":\"Person\",\"@id\":\"https:\\\/\\\/basaworldtravel.com.ar\\\/sitio\\\/#\\\/schema\\\/person\\\/d89b1d641794d338c41cd3818beabd4c\",\"name\":\"BasaWeb\",\"image\":{\"@type\":\"ImageObject\",\"inLanguage\":\"es\",\"@id\":\"https:\\\/\\\/secure.gravatar.com\\\/avatar\\\/13e699648957af0aba903942fee2a1fc533d92bcd43fcf375a4df1edc2708698?s=96&d=mm&r=g\",\"url\":\"https:\\\/\\\/secure.gravatar.com\\\/avatar\\\/13e699648957af0aba903942fee2a1fc533d92bcd43fcf375a4df1edc2708698?s=96&d=mm&r=g\",\"contentUrl\":\"https:\\\/\\\/secure.gravatar.com\\\/avatar\\\/13e699648957af0aba903942fee2a1fc533d92bcd43fcf375a4df1edc2708698?s=96&d=mm&r=g\",\"caption\":\"BasaWeb\"},\"url\":\"https:\\\/\\\/basaworldtravel.com.ar\\\/sitio\\\/author\\\/basaweb\\\/\"}]}<\/script>\n<!-- \/ Yoast SEO plugin. -->","yoast_head_json":{"title":"TORRES -VERANO 2027 - Basa","robots":{"index":"index","follow":"follow","max-snippet":"max-snippet:-1","max-image-preview":"max-image-preview:large","max-video-preview":"max-video-preview:-1"},"canonical":"https:\/\/basaworldtravel.com.ar\/sitio\/2026\/08\/torres-verano-2027stl\/","og_locale":"es_ES","og_type":"article","og_title":"TORRES -VERANO 2027 - Basa","og_description":"Es unDombinar descanso, naturaleza y aventura","og_url":"https:\/\/basaworldtravel.com.ar\/sitio\/2026\/08\/torres-verano-2027stl\/","og_site_name":"Basa","article_published_time":"2026-08-12T14:49:14+00:00","article_modified_time":"2026-08-12T15:17:02+00:00","og_image":[{"width":700,"height":467,"url":"https:\/\/basaworldtravel.com.ar\/sitio\/wp-content\/uploads\/2025\/07\/torres-brasil.webp","type":"image\/webp"}],"author":"BasaWeb","twitter_card":"summary_large_image","twitter_misc":{"Escrito por":"BasaWeb","Tiempo de lectura":"3 minutos"},"schema":{"@context":"https:\/\/schema.org","@graph":[{"@type":"Article","@id":"https:\/\/basaworldtravel.com.ar\/sitio\/2026\/08\/torres-verano-2027stl\/#article","isPartOf":{"@id":"https:\/\/basaworldtravel.com.ar\/sitio\/2026\/08\/torres-verano-2027stl\/"},"author":{"name":"BasaWeb","@id":"https:\/\/basaworldtravel.com.ar\/sitio\/#\/schema\/person\/d89b1d641794d338c41cd3818beabd4c"},"headline":"TORRES -VERANO 2027","datePublished":"2026-08-12T14:49:14+00:00","dateModified":"2026-08-12T15:17:02+00:00","mainEntityOfPage":{"@id":"https:\/\/basaworldtravel.com.ar\/sitio\/2026\/08\/torres-verano-2027stl\/"},"wordCount":509,"image":{"@id":"https:\/\/basaworldtravel.com.ar\/sitio\/2026\/08\/torres-verano-2027stl\/#primaryimage"},"thumbnailUrl":"https:\/\/basaworldtravel.com.ar\/sitio\/wp-content\/uploads\/2025\/07\/torres-brasil.webp","keywords":["2027","BRASIL","PLAYA","TORRES","VERANO"],"articleSection":["Brasil","Paquetes","Sudam\u00e9rica"],"inLanguage":"es"},{"@type":"WebPage","@id":"https:\/\/basaworldtravel.com.ar\/sitio\/2026\/08\/torres-verano-2027stl\/","url":"https:\/\/basaworldtravel.com.ar\/sitio\/2026\/08\/torres-verano-2027stl\/","name":"TORRES -VERANO 2027 - Basa","isPartOf":{"@id":"https:\/\/basaworldtravel.com.ar\/sitio\/#website"},"primaryImageOfPage":{"@id":"https:\/\/basaworldtravel.com.ar\/sitio\/2026\/08\/torres-verano-2027stl\/#primaryimage"},"image":{"@id":"https:\/\/basaworldtravel.com.ar\/sitio\/2026\/08\/torres-verano-2027stl\/#primaryimage"},"thumbnailUrl":"https:\/\/basaworldtravel.com.ar\/sitio\/wp-content\/uploads\/2025\/07\/torres-brasil.webp","datePublished":"2026-08-12T14:49:14+00:00","dateModified":"2026-08-12T15:17:02+00:00","author":{"@id":"https:\/\/basaworldtravel.com.ar\/sitio\/#\/schema\/person\/d89b1d641794d338c41cd3818beabd4c"},"breadcrumb":{"@id":"https:\/\/basaworldtravel.com.ar\/sitio\/2026\/08\/torres-verano-2027stl\/#breadcrumb"},"inLanguage":"es","potentialAction":[{"@type":"ReadAction","target":["https:\/\/basaworldtravel.com.ar\/sitio\/2026\/08\/torres-verano-2027stl\/"]}]},{"@type":"ImageObject","inLanguage":"es","@id":"https:\/\/basaworldtravel.com.ar\/sitio\/2026\/08\/torres-verano-2027stl\/#primaryimage","url":"https:\/\/basaworldtravel.com.ar\/sitio\/wp-content\/uploads\/2025\/07\/torres-brasil.webp","contentUrl":"https:\/\/basaworldtravel.com.ar\/sitio\/wp-content\/uploads\/2025\/07\/torres-brasil.webp","width":700,"height":467},{"@type":"BreadcrumbList","@id":"https:\/\/basaworldtravel.com.ar\/sitio\/2026\/08\/torres-verano-2027stl\/#breadcrumb","itemListElement":[{"@type":"ListItem","position":1,"name":"Portada","item":"https:\/\/basaworldtravel.com.ar\/sitio\/"},{"@type":"ListItem","position":2,"name":"TORRES -VERANO 2027"}]},{"@type":"WebSite","@id":"https:\/\/basaworldtravel.com.ar\/sitio\/#website","url":"https:\/\/basaworldtravel.com.ar\/sitio\/","name":"Basa","description":"World Travel","potentialAction":[{"@type":"SearchAction","target":{"@type":"EntryPoint","urlTemplate":"https:\/\/basaworldtravel.com.ar\/sitio\/?s={search_term_string}"},"query-input":{"@type":"PropertyValueSpecification","valueRequired":true,"valueName":"search_term_string"}}],"inLanguage":"es"},{"@type":"Person","@id":"https:\/\/basaworldtravel.com.ar\/sitio\/#\/schema\/person\/d89b1d641794d338c41cd3818beabd4c","name":"BasaWeb","image":{"@type":"ImageObject","inLanguage":"es","@id":"https:\/\/secure.gravatar.com\/avatar\/13e699648957af0aba903942fee2a1fc533d92bcd43fcf375a4df1edc2708698?s=96&d=mm&r=g","url":"https:\/\/secure.gravatar.com\/avatar\/13e699648957af0aba903942fee2a1fc533d92bcd43fcf375a4df1edc2708698?s=96&d=mm&r=g","contentUrl":"https:\/\/secure.gravatar.com\/avatar\/13e699648957af0aba903942fee2a1fc533d92bcd43fcf375a4df1edc2708698?s=96&d=mm&r=g","caption":"BasaWeb"},"url":"https:\/\/basaworldtravel.com.ar\/sitio\/author\/basaweb\/"}]}},"_links":{"self":[{"href":"https:\/\/basaworldtravel.com.ar\/sitio\/wp-json\/wp\/v2\/posts\/154557","targetHints":{"allow":["GET"]}}],"collection":[{"href":"https:\/\/basaworldtravel.com.ar\/sitio\/wp-json\/wp\/v2\/posts"}],"about":[{"href":"https:\/\/basaworldtravel.com.ar\/sitio\/wp-json\/wp\/v2\/types\/post"}],"author":[{"embeddable":true,"href":"https:\/\/basaworldtravel.com.ar\/sitio\/wp-json\/wp\/v2\/users\/2"}],"replies":[{"embeddable":true,"href":"https:\/\/basaworldtravel.com.ar\/sitio\/wp-json\/wp\/v2\/comments?post=154557"}],"version-history":[{"count":2,"href":"https:\/\/basaworldtravel.com.ar\/sitio\/wp-json\/wp\/v2\/posts\/154557\/revisions"}],"predecessor-version":[{"id":157379,"href":"https:\/\/basaworldtravel.com.ar\/sitio\/wp-json\/wp\/v2\/posts\/154557\/revisions\/157379"}],"wp:featuredmedia":[{"embeddable":true,"href":"https:\/\/basaworldtravel.com.ar\/sitio\/wp-json\/wp\/v2\/media\/154558"}],"wp:attachment":[{"href":"https:\/\/basaworldtravel.com.ar\/sitio\/wp-json\/wp\/v2\/media?parent=154557"}],"wp:term":[{"taxonomy":"category","embeddable":true,"href":"https:\/\/basaworldtravel.com.ar\/sitio\/wp-json\/wp\/v2\/categories?post=154557"},{"taxonomy":"post_tag","embeddable":true,"href":"https:\/\/basaworldtravel.com.ar\/sitio\/wp-json\/wp\/v2\/tags?post=154557"}],"curies":[{"name":"wp","href":"https:\/\/api.w.org\/{rel}","templated":true}]}}