{"id":154521,"date":"2025-07-04T13:23:48","date_gmt":"2025-07-04T16:23:48","guid":{"rendered":"https:\/\/basaworldtravel.com.ar\/?p=154521"},"modified":"2025-07-04T13:23:51","modified_gmt":"2025-07-04T16:23:51","slug":"%f0%9f%8c%b2%ef%b8%8ffantasias-de-mercadillos-navidenos","status":"publish","type":"post","link":"https:\/\/basaworldtravel.com.ar\/sitio\/2025\/07\/%f0%9f%8c%b2%ef%b8%8ffantasias-de-mercadillos-navidenos\/","title":{"rendered":"\ud83c\udf32\ufe0fFANTASIAS DE MERCADILLOS NAVIDE\u00d1OS"},"content":{"rendered":"\n<p>Salida 26 de noviembre de 2025<\/p>\n\n\n\n<p>16 noches para conocer los Mercados Navide\u00f1os de Europa del Este y algunos hoteles con Aguas Termales para descansar y resguardarse del fr\u00edo. Conoceremos Praga, Viena, Budapest, Karlovy Vary y Salzburgo.<br><\/p>\n\n\n\n<p>16 noches de alojamiento en hoteles de categor\u00eda 4 estrellas  en Habitaci\u00f3n Standard.<\/p>\n\n\n\n<p>R\u00e9gimen: con Media Pensi\u00f3n.<\/p>\n\n\n\n<ul class=\"wp-block-list\">\n<li>A\u00e9reo de Lufthansa en Cabina Econ\u00f3mica, ida y vuelta.<\/li>\n\n\n\n<li>Traslados en servicio privado de llegada, entre destinos y<br>salida con asistencia de habla hispana.<\/li>\n\n\n\n<li>Cualquier almuerzo o cena no mencionada en el programa.<\/li>\n\n\n\n<li>Extras y gastos personales.<\/li>\n\n\n\n<li>Cualquier excursi\u00f3n opcional.<\/li>\n\n\n\n<li>Propinas no obligatorias.<\/li>\n\n\n\n<li>Bebidas no incluidas.<\/li>\n\n\n\n<li>Paseo en barco en Praga.<\/li>\n\n\n\n<li>Visitas con gu\u00eda local y\/o excursiones de habla hispana<br>(Seg\u00fan itinerario).<\/li>\n\n\n\n<li>Propinas obligatorias (gu\u00edas y conductores).<\/li>\n\n\n\n<li>Asistencia al viajero de Universal Assistance Excellence<br>USD 150.000 con garant\u00eda de cancelaci\u00f3n plus hasta<br>USD 6000 (hasta 85 a\u00f1os) con causa.<\/li>\n\n\n\n<li>Maleteros.<\/li>\n\n\n\n<li>Suplemento de asistencia para pasajeros mayores de 70 a\u00f1os: El suplemento asistencia al viajero pasajeros 71 \u2013 85 a\u00f1os: 70 USD P.PAX (sin seguro de cancelaci\u00f3n)<\/li>\n<\/ul>\n\n\n\n<p><strong>DETALLE DE LOS VUELOS<br><\/strong>LH 511 26NOV EZEFRA 1750 1100 27NOV<br>LH 184 27NOV FRABER 1245 1355 27NOV<br>LH1341 13DEC BUDFRA 1835 2025 13DEC<br>LH 510 13DEC FRAEZE 2205 0755 14DEC<br>Equipaje permitido: Incluye 1 equipaje en bodega 23 Kg y  equipaje de mano 8 Kg.<br>Vuelos confirmados por Lufthansa sujetos a modificaci\u00f3n y reconfirmaci\u00f3n por la compa\u00f1\u00eda a\u00e9rea.<\/p>\n\n\n\n<figure class=\"wp-block-image size-full\"><img loading=\"lazy\" decoding=\"async\" width=\"867\" height=\"263\" src=\"https:\/\/basaworldtravel.com.ar\/sitio\/wp-content\/uploads\/2025\/07\/image-3.png\" alt=\"\" class=\"wp-image-154523\" srcset=\"https:\/\/basaworldtravel.com.ar\/sitio\/wp-content\/uploads\/2025\/07\/image-3.png 867w, https:\/\/basaworldtravel.com.ar\/sitio\/wp-content\/uploads\/2025\/07\/image-3-300x91.png 300w, https:\/\/basaworldtravel.com.ar\/sitio\/wp-content\/uploads\/2025\/07\/image-3-768x233.png 768w, https:\/\/basaworldtravel.com.ar\/sitio\/wp-content\/uploads\/2025\/07\/image-3-500x152.png 500w, https:\/\/basaworldtravel.com.ar\/sitio\/wp-content\/uploads\/2025\/07\/image-3-800x243.png 800w\" sizes=\"auto, (max-width: 867px) 100vw, 867px\" \/><\/figure>\n\n\n\n<p>\ud83d\udcb3Precio por persona en base doble: USD 7.604<\/p>\n\n\n\n<p><br>LH 511 26NOV EZEFRA 1750 1100 27NOV<br>LH 184 27NOV FRABER 1245 1355 27NOV<br>LH1341 13DEC BUDFRA 1835 2025 13DEC<br>LH 510 13DEC FRAEZE 2205 0755 14DEC<br>Equipaje permitido: Incluye 1 equipaje en bodega 23 Kg y<br>equipaje de mano 8 Kg.<br>Vuelos confirmados por Lufthansa sujetos a modificaci\u00f3n y reconfirmaci\u00f3n por la compa\u00f1\u00eda a\u00e9rea.<\/p>\n\n\n\n<p><strong>REQUISITOS DE VIAJE<br><\/strong><\/p>\n\n\n\n<ul class=\"wp-block-list\">\n<li>Pasaporte vigente y en buenas condiciones, con hojas<br>libres para sellados migratorios y vigencia m\u00ednima 6 meses<br>desde la fecha de regreso a Argentina<br>Las salidas para ser grupales y acompa\u00f1adas deben contar con un m\u00ednimo de 10 pasajeros, pudiendo llegar, dependiendo el destino, a 25\/30 pasajeros como m\u00e1xima cantidad de participantes. En caso de no reunirse dicha cantidad, el Operador Responsable se reserva el derecho de informar la cancelaci\u00f3n del mismo en un plazo no menor a los 15 d\u00edas h\u00e1biles anteriores a la fecha de inicio del tour, teniendo el pasajero derecho al reintegro de la suma total abonada en concepto de se\u00f1a, sin que corresponda realizar ning\u00fan otro tipo de compensaci\u00f3n por parte del operador.<br>De no aceptar el reintegro, el pasajero podr\u00e1 optar por un itinerario alternativo y sujeto a recotizaci\u00f3n. Los tickets a\u00e9reos ser\u00e1n emitidos una vez<br>completado el cupo de bloqueo o al cumplirse el plazo establecido 30 d\u00edas anteriores a la salida. Por este motivo, las tarifas e impuestos a\u00e9reos<br>quedan sujetos a modificaciones al momento de la emisi\u00f3n por parte de la compa\u00f1\u00eda a\u00e9rea, y a fluctuaciones de la moneda d\u00f3lar\/peso, como as\u00ed<br>tambi\u00e9n a nuevas regulaciones y resoluciones de los entes gubernamentales. En caso de suscitarse alguna diferencia, el operador responsable<br>se reserva el derecho de reajustar las tarifas en consecuencia. Connecting Travel no se responsabiliza de la selecci\u00f3n de asientos en los vuelos,<br>esto depende exclusivamente de las compa\u00f1\u00edas a\u00e9reas. Podemos realizar el requerimiento con la preferencia de cada pasajero, pero no podemos<br>garantizarlo. Es responsabilidad del pasajero contar con los pasaportes o documentos de migraci\u00f3n requeridos por las autoridades de la Rep\u00fablica<br>Argentina y de los pa\u00edses de destino o de tr\u00e1nsito, tales como visas, permisos sanitarios, etc. El operador responsable del programa no aceptar\u00e1<br>ninguna responsabilidad por el deterioro de maletas ya sea durante los trayectos a\u00e9reos, terrestres o en cada hotel. Las excursiones y comidas<br>ofrecidas en el presente itinerario pueden ser realizadas en diferentes d\u00edas a los previstos en el itinerario, siempre que esto no desmejore la calidad<br>y\/o cantidad de servicios ofrecidos. Las opciones de men\u00fa incluidas son variadas de acuerdo a una selecci\u00f3n realizada, considerando las preferencias de nuestros clientes y las costumbres y tradiciones de cada destino. Ante restricciones de salud al respecto, se ofrece una alternativa de<br>\u201ccomida de dieta\u201d de elaboraci\u00f3n sencilla y basada esencialmente en verduras y frutas.<\/li>\n<\/ul>\n\n\n\n<p> <\/p>\n\n\n\n<p>26 DE NOVIEMBRE EZEIZA<br>Presentaci\u00f3n en el Aeropuerto Internacional de Ezeiza a las 14:00 hs. para realizar el check-in del vuelo 511 de Lufthansa con destino la ciudad de Berl\u00edn v\u00eda Frankfurt y horario de salida a las 17:50 hs. Noche a bordo.<br>27 DE NOVIEMBRE FRANKFURT \/ BERL\u00cdN<br>Llegada al aeropuerto de Frankfurt y esperamos el vuelo de conexi\u00f3n a Berl\u00edn, donde nos estar\u00e1 esperando un representante para acompa\u00f1arnos al hotel. Resto del d\u00eda libre. Cena y alojamiento.<br>28 DE NOVIEMBRE BERL\u00cdN<br>Desayuno. Por la ma\u00f1ana har\u00e1n una visita por la capital de Alemania. Podr\u00e1 admirarla en toda su grandeza, que no pudo ser destruida por los bombardeos de 1945 ni por la erecci\u00f3n del Muro de Berl\u00edn, que parti\u00f3 cruelmente la ciudad en dos. Puede hacerse una idea del tama\u00f1o de la ciudad desde el mirador de la torre de televisi\u00f3n (entrada no incluida) que domina Alexanderplatz. Pasaremos lugares de inter\u00e9s como el Ayuntamiento Rojo, la Catedral, la avenida Unter den Linden, el pintoresco Gendarmenmarkt, la Puerta de Brandemburgo y el Parlamento. Al terminar la visita regreso al hotel y tarde libre. Cena y alojamiento.<br>Opcional: Paseo por la famosa calle comercial Kurf\u00fcrstendamm y veremos la ins\u00f3lita Ged\u00e4chtniskirche.<br>29 DE NOVIEMBRE BERL\u00cdN<br>Desayuno y d\u00eda libre. El invierno en Berl\u00edn tiene un encanto propio: los numerosos parques y jardines de la ciudad se transforman en paisajes m\u00e1gicos, perfectos para pintorescos paseos invernales. En Berl\u00edn tambi\u00e9n se puede estar activo en invierno. Algunos mercadillos navide\u00f1os le tientan a patinar sobre hielo en relucientes pistas. Cuando fuera hace fr\u00edo y est\u00e1 gris, los restaurantes de Berl\u00edn son especialmente acogedores. Desde cocina con estrella hasta almuerzos caseros, hay de todo. Cena y alojamiento.<br>30 DE NOVIEMBRE BERL\u00cdN \/ KARLOVY VARY (354 KMS)<br>Despu\u00e9s del desayuno, salida hacia la Republica Checa. Llegada por la tarde a la regi\u00f3n de Karlovy Vary. Tarde libre. Cena y alojamiento.<br>01 DE DICIEMBRE KARLOVY VARY<br>Desayuno y d\u00eda libre en la conocida ciudad balnearia del oeste de la Rep\u00fablica Checa. En 2021, la ciudad fue inscrita en la Lista del Patrimonio Mundial de la UNESCO, tanto por sus fuentes y ba\u00f1os termales como por su arquitectura hist\u00f3rica de ba\u00f1os que data de los siglos XVIII al XX. Disfrute el d\u00eda en la piscina o pasee por la ciudad donde puede observarse su interesante arquitectura. Entre otros, Tr\u017en\u00ed kolon\u00e1da (Columnata del Mercado), hecha de madera, ricamente tallada, que fue construida en estilo suizo seg\u00fan el dise\u00f1o de los reputados arquitectos vieneses Ferdinand Fellner y Hermann Helmer entre los a\u00f1os 1882 y 1883. Cena y alojamiento.<\/p>\n\n\n\n<p>02 DE DICIEMBRE KARLOVY VARY \/ PRAGA (130 KMS)<br>Desayuno. Por la ma\u00f1ana tiempo libre para disfrutar de la piscina o la ciudad. Salida hacia Praga, al llegar tendremos un paseo en barco ver\u00e1n la ciudad desde otro \u00e1ngulo. Cena y alojamiento.<br>03 DE DICIEMBRE PRAGA<br>Desayuno. Por la ma\u00f1ana, conocer\u00e1n la ciudad. Pasearemos junto a los magn\u00edficos palacios de \u010cern\u00edn y Loreto, dos de los monumentos barrocos m\u00e1s importantes de Praga. A continuaci\u00f3n, veremos el edificio m\u00e1s importante del distrito de Hrad\u010dani, el Castillo de Praga, durante siglos sede de los gobernantes checos. El enorme complejo fue construido desde la \u00e9poca de los reyes medievales hasta la \u00e9poca barroca, y los toques finales los dio el arquitecto esloveno Jo\u017ee Ple\u010dnik. Tambi\u00e9n veremos la imponente catedral g\u00f3tica de San Vid, donde est\u00e1n enterrados muchos importantes gobernantes checos y el Antiguo Palacio Real, con la monumental Sala Vladislav. En la zona tambi\u00e9n destacan: la iglesia barroca de San Nicol\u00e1s, en Mala Strana, con su colorido interior, el Puente de Carlos, la Ciudad Vieja y la Plaza de la Ciudad Vieja, dominada por el Ayuntamiento con su famoso reloj astrol\u00f3gico, el barroco Palacio Kinsky y la Iglesia<br>de T\u00fdn. Desde la Iglesia de San Nicol\u00e1s, perteneciente a la Congregaci\u00f3n Husita, llegaremos al barrio jud\u00edo de Josefov, que, con sus sinagogas y cementerio, da testimonio de la secular presencia jud\u00eda en Praga. Cena y alojamiento.<br>04 DE DICIEMBRE PRAGA<br>Desayuno. Aprovechen el d\u00eda libre en Praga. Algunas ciudades son tan perfectas en Navidad que uno empieza a preguntarse si han sido dise\u00f1adas exclusivamente con esta \u00e9poca del a\u00f1o en mente. Praga, donde las gloriosas estructuras medievales y barrocas se adornan con luces de hadas alrededor de los mercadillos. Tampoco es una ciudad en la que la Navidad parece ser celebrada s\u00f3lo por los turistas: los lugare\u00f1os est\u00e1n igual de locos por la Navidad.<br>Para disfrutar de las mejores dosis de esp\u00edritu festivo, qu\u00e9dense en el centro hist\u00f3rico de la capital checa, cerca de la Plaza de la Ciudad Vieja, y disfrute al m\u00e1ximo de las cosas de esta \u00e9poca. Cena y alojamiento.<br>05 DE DICIEMBRE PRAGA \/ SALZBURGO (375 KMS)<br>Desayuno. Salida por la ma\u00f1ana hacia Austria. Llegada por la tarde a la ciudad de Salzburgo. Tiempo libre. Cena y alojamiento.<\/p>\n\n\n\n<p>06 DE DICIEMBRE SALZBURGO<br>Despu\u00e9s del desayuno har\u00e1n una visita guiada de la ciudad de Mozart. No solo se trata de Mozart, casi todo el casco antiguo de Salzburgo es como un museo lleno de exposiciones. No s\u00f3lo podr\u00e1 conocer la rica historia de Salzburgo, sino que tambi\u00e9n hay innumerables visiones fascinantes y momentos sorprendentes pr\u00e1cticamente en cada esquina. En esta ciudad de la Unesco destacan entre otros; la Fortaleza de Hohensalzburg, los museos de Mozart, Getreidegasse y el Palacio de Hellbrunn. Tarde libre para disfrutar el ambiente navide\u00f1o \u2013 un hechizo muy especial que cautiva cada a\u00f1o a visitantes y lugare\u00f1os por igual. Cena y alojamiento.<br><br>07 DE DICIEMBRE SALZBURGO \/ VIENA (296 KMS)<br>Desayuno. Saliendo de Salzburgo, nos dirigimos hacia la capital Viena. Llegada por la tarde y tiempo libre.<br>Cena y alojamiento.<\/p>\n\n\n\n<p>08 DE DICIEMBRE VIENA<br>Desayuno seguido por una visita de la ciudad. En una visita panor\u00e1mica ver\u00e1n el Ringstra\u00dfe, que rodea el centro de la ciudad. A lo largo de la famosa calle emblem\u00e1tica se alinean, uno tras otro, imponentes edificios del siglo XIX que dan testimonio del antiguo poder de la monarqu\u00eda del Danubio con importantes monumentos p\u00fablicos. Los m\u00e1s famosos son, sin duda, el Palacio del Parlamento, la \u00d3pera Estatal, la Iglesia Votiva neog\u00f3tica y el Ayuntamiento. Entre ellos se encuentra tambi\u00e9n el famoso Museo de Historia del Arte (Kunsthistorisches Museum). Tambi\u00e9n pasamos el pueblo Hundertwasser que se construy\u00f3 tanto por dentro como por fuera siguiendo los conceptos del artista Friedensreich Hundertwasser durante los a\u00f1os 1990 y 1991. M\u00e1s tarde, pasaremos la mayor parte del d\u00eda en el centro de la ciudad. Pasando el magn\u00edfico Palacio Imperial de Hofburg, la Catedral de San Esteban, el conjunto hist\u00f3rico de dos palacios barrocos Belvedere y la Iglesia de los Agustinos, en el centro de la ciudad. Durante nuestro paseo por la ciudad, nos detendremos en los numerosos monumentos erigidos para conmemorar a cada uno de los gobernantes de la dinast\u00eda (Francisco I, Francisco II, Mar\u00eda Teresa, Jos\u00e9 II y Francisco Jos\u00e9). Cena y alojamiento.<br>09 DE DICIEMBRE VIENA<br>Desayuno. Hoy tendr\u00e1n el d\u00eda libre para disfrutar el ambiente navide\u00f1o de Viena. Si desea explorar el lado m\u00e1s encantador de Viena, pase el d\u00eda en el centro de la ciudad. Los mercadillos navide\u00f1os son especialmente sugerentes. Los amantes de la tradici\u00f3n encontrar\u00e1n su recompensa en el mercado navide\u00f1o vien\u00e9s de Rathausplatz, en el de Freyung o en el de Stephansplatz. Los amantes de la artesan\u00eda deber\u00edan visitar los mercados navide\u00f1os de Karlsplatz o Spittelberg. Los mercados navide\u00f1os frente al Palacio de Sch\u00f6nbrunn y el Palacio Belvedere ofrecen un ambiente imperial \u00fanico. Cada mercado navide\u00f1o tiene su encanto inconfundible. Cena y alojamiento.<br>10 DE DICIEMBRE VIENA \/ BRATISLAVA \/ BUDAPEST (281 KMS)<br>Desayuno. Saliendo de Austria, haremos una parada en Bratislava, antes de llegar a Budapest, Hungr\u00eda. \u00bfSigues buscando el regalo perfecto? Bratislava tiene mucho que ofrecer. Numerosos puestos ofrecen una gran variedad de productos navide\u00f1os. Los puestos del mercado navide\u00f1o de las plazas Hlavn\u00e9 (del Meno) y Hviezdoslavovo rebosan alegr\u00eda festiva. Llegada a Budapest por la tarde. Cena y alojamiento.<\/p>\n\n\n\n<p>11 DE DICIEMBRE BUDAPEST<br>Desayuno. Por la ma\u00f1ana haremos un recorrido por la ciudad donde destacan la Fortaleza de los Pescadores, el Monumento San Esteban y el Marcador barroco de la peste. A continuaci\u00f3n, paseamos junto al Palacio de Gobierno por el Barrio del Castillo hasta llegar a la Palota Budav\u00e1ri, antigua residencia de los reyes h\u00fangaros y hoy sede de varios museos e instituciones culturales nacionales.<br>M\u00e1s tarde, disfrutaremos de una de las vistas m\u00e1s hermosas de Pest y de los puentes que conectan la bulliciosa Pest con Buda. Cruzaremos el Danubio por el Szechenyi L\u00e1nchid (Puente de las Cadenas), construido a mediados del siglo XIX y uno de los s\u00edmbolos de la ciudad. Tarde libre en la ciudad. Cena y alojamiento.<br>12 DE DICIEMBRE BUDAPEST<br>Desayuno. D\u00eda libre que se puede aprovechar disfrutando las piscinas y paseando por la ciudad con el ambiente navide\u00f1o. Disfrute del ambiente festivo y c\u00e1lido del Mercado de Navidad de la Bas\u00edlica. Celebra la Navidad con artesan\u00eda y vino caliente y explore productos artesanales \u00fanicos de artesanos locales, sabores deliciosos dulces navide\u00f1os y disfrute de c\u00e1lidas bebidas de temporada. Visitar los mercadillos es una forma estupenda de experimentar diferentes facetas del esp\u00edritu navide\u00f1o de Budapest. Cena y alojamiento.<br>13 DE DICIEMBRE BUDAPEST \/ FRANKFURT<br>Desayuno. A la hora indicada traslado al Aeropuerto Internacional de Budapest para nuestro vuelo de Lufthansa hacia Ezeiza v\u00eda Frankfurt. Noche a bordo.<br>14 DE DICIEMBRE EZEIZA<br>Por la ma\u00f1ana llegada al Aeropuerto de Ezeiza.<\/p>\n\n\n\n<p>CONNECT<\/p>\n","protected":false},"excerpt":{"rendered":"<p>Llego la Navidad y vamos a ver como se preparan en Europa del Este con sus famosos Mercadillos Navide\u00f1os.<\/p>\n","protected":false},"author":2,"featured_media":154525,"comment_status":"closed","ping_status":"open","sticky":false,"template":"","format":"standard","meta":{"_acf_changed":false,"footnotes":""},"categories":[9,5],"tags":[617,590,740,159,588,589],"class_list":["post-154521","post","type-post","status-publish","format-standard","has-post-thumbnail","hentry","category-exoticos","category-paquetes","tag-617","tag-budapest","tag-mercadillos","tag-navidad","tag-praga","tag-viena","category-9","category-5","description-off"],"acf":[],"yoast_head":"<!-- This site is optimized with the Yoast SEO plugin v28.4 - https:\/\/yoast.com\/product\/yoast-seo-wordpress\/ -->\n<title>\ud83c\udf32\ufe0fFANTASIAS DE MERCADILLOS NAVIDE\u00d1OS - Basa<\/title>\n<meta name=\"robots\" content=\"index, follow, max-snippet:-1, max-image-preview:large, max-video-preview:-1\" \/>\n<link rel=\"canonical\" href=\"https:\/\/basaworldtravel.com.ar\/sitio\/2025\/07\/\ud83c\udf32\ufe0ffantasias-de-mercadillos-navidenos\/\" \/>\n<meta property=\"og:locale\" content=\"es_ES\" \/>\n<meta property=\"og:type\" content=\"article\" \/>\n<meta property=\"og:title\" content=\"\ud83c\udf32\ufe0fFANTASIAS DE MERCADILLOS NAVIDE\u00d1OS - Basa\" \/>\n<meta property=\"og:description\" content=\"Llego la Navidad y vamos a ver como se preparan en Europa del Este con sus famosos Mercadillos Navide\u00f1os.\" \/>\n<meta property=\"og:url\" content=\"https:\/\/basaworldtravel.com.ar\/sitio\/2025\/07\/\ud83c\udf32\ufe0ffantasias-de-mercadillos-navidenos\/\" \/>\n<meta property=\"og:site_name\" content=\"Basa\" \/>\n<meta property=\"article:published_time\" content=\"2025-07-04T16:23:48+00:00\" \/>\n<meta property=\"article:modified_time\" content=\"2025-07-04T16:23:51+00:00\" \/>\n<meta property=\"og:image\" content=\"https:\/\/basaworldtravel.com.ar\/sitio\/wp-content\/uploads\/2025\/07\/mercados-navidenos-budapest.webp\" \/>\n\t<meta property=\"og:image:width\" content=\"767\" \/>\n\t<meta property=\"og:image:height\" content=\"432\" \/>\n\t<meta property=\"og:image:type\" content=\"image\/webp\" \/>\n<meta name=\"author\" content=\"BasaWeb\" \/>\n<meta name=\"twitter:card\" content=\"summary_large_image\" \/>\n<meta name=\"twitter:label1\" content=\"Escrito por\" \/>\n\t<meta name=\"twitter:data1\" content=\"BasaWeb\" \/>\n\t<meta name=\"twitter:label2\" content=\"Tiempo de lectura\" \/>\n\t<meta name=\"twitter:data2\" content=\"11 minutos\" \/>\n<script type=\"application\/ld+json\" class=\"yoast-schema-graph\">{\"@context\":\"https:\\\/\\\/schema.org\",\"@graph\":[{\"@type\":\"Article\",\"@id\":\"https:\\\/\\\/basaworldtravel.com.ar\\\/sitio\\\/2025\\\/07\\\/%f0%9f%8c%b2%ef%b8%8ffantasias-de-mercadillos-navidenos\\\/#article\",\"isPartOf\":{\"@id\":\"https:\\\/\\\/basaworldtravel.com.ar\\\/sitio\\\/2025\\\/07\\\/%f0%9f%8c%b2%ef%b8%8ffantasias-de-mercadillos-navidenos\\\/\"},\"author\":{\"name\":\"BasaWeb\",\"@id\":\"https:\\\/\\\/basaworldtravel.com.ar\\\/sitio\\\/#\\\/schema\\\/person\\\/d89b1d641794d338c41cd3818beabd4c\"},\"headline\":\"\ud83c\udf32\ufe0fFANTASIAS DE MERCADILLOS NAVIDE\u00d1OS\",\"datePublished\":\"2025-07-04T16:23:48+00:00\",\"dateModified\":\"2025-07-04T16:23:51+00:00\",\"mainEntityOfPage\":{\"@id\":\"https:\\\/\\\/basaworldtravel.com.ar\\\/sitio\\\/2025\\\/07\\\/%f0%9f%8c%b2%ef%b8%8ffantasias-de-mercadillos-navidenos\\\/\"},\"wordCount\":2340,\"image\":{\"@id\":\"https:\\\/\\\/basaworldtravel.com.ar\\\/sitio\\\/2025\\\/07\\\/%f0%9f%8c%b2%ef%b8%8ffantasias-de-mercadillos-navidenos\\\/#primaryimage\"},\"thumbnailUrl\":\"https:\\\/\\\/basaworldtravel.com.ar\\\/sitio\\\/wp-content\\\/uploads\\\/2025\\\/07\\\/mercados-navidenos-budapest.webp\",\"keywords\":[\"2025\",\"budapest\",\"MERCADILLOS\",\"NAVIDAD\",\"praga\",\"viena\"],\"articleSection\":[\"Exoticos\",\"Paquetes\"],\"inLanguage\":\"es\"},{\"@type\":\"WebPage\",\"@id\":\"https:\\\/\\\/basaworldtravel.com.ar\\\/sitio\\\/2025\\\/07\\\/%f0%9f%8c%b2%ef%b8%8ffantasias-de-mercadillos-navidenos\\\/\",\"url\":\"https:\\\/\\\/basaworldtravel.com.ar\\\/sitio\\\/2025\\\/07\\\/%f0%9f%8c%b2%ef%b8%8ffantasias-de-mercadillos-navidenos\\\/\",\"name\":\"\ud83c\udf32\ufe0fFANTASIAS DE MERCADILLOS NAVIDE\u00d1OS - Basa\",\"isPartOf\":{\"@id\":\"https:\\\/\\\/basaworldtravel.com.ar\\\/sitio\\\/#website\"},\"primaryImageOfPage\":{\"@id\":\"https:\\\/\\\/basaworldtravel.com.ar\\\/sitio\\\/2025\\\/07\\\/%f0%9f%8c%b2%ef%b8%8ffantasias-de-mercadillos-navidenos\\\/#primaryimage\"},\"image\":{\"@id\":\"https:\\\/\\\/basaworldtravel.com.ar\\\/sitio\\\/2025\\\/07\\\/%f0%9f%8c%b2%ef%b8%8ffantasias-de-mercadillos-navidenos\\\/#primaryimage\"},\"thumbnailUrl\":\"https:\\\/\\\/basaworldtravel.com.ar\\\/sitio\\\/wp-content\\\/uploads\\\/2025\\\/07\\\/mercados-navidenos-budapest.webp\",\"datePublished\":\"2025-07-04T16:23:48+00:00\",\"dateModified\":\"2025-07-04T16:23:51+00:00\",\"author\":{\"@id\":\"https:\\\/\\\/basaworldtravel.com.ar\\\/sitio\\\/#\\\/schema\\\/person\\\/d89b1d641794d338c41cd3818beabd4c\"},\"breadcrumb\":{\"@id\":\"https:\\\/\\\/basaworldtravel.com.ar\\\/sitio\\\/2025\\\/07\\\/%f0%9f%8c%b2%ef%b8%8ffantasias-de-mercadillos-navidenos\\\/#breadcrumb\"},\"inLanguage\":\"es\",\"potentialAction\":[{\"@type\":\"ReadAction\",\"target\":[\"https:\\\/\\\/basaworldtravel.com.ar\\\/sitio\\\/2025\\\/07\\\/%f0%9f%8c%b2%ef%b8%8ffantasias-de-mercadillos-navidenos\\\/\"]}]},{\"@type\":\"ImageObject\",\"inLanguage\":\"es\",\"@id\":\"https:\\\/\\\/basaworldtravel.com.ar\\\/sitio\\\/2025\\\/07\\\/%f0%9f%8c%b2%ef%b8%8ffantasias-de-mercadillos-navidenos\\\/#primaryimage\",\"url\":\"https:\\\/\\\/basaworldtravel.com.ar\\\/sitio\\\/wp-content\\\/uploads\\\/2025\\\/07\\\/mercados-navidenos-budapest.webp\",\"contentUrl\":\"https:\\\/\\\/basaworldtravel.com.ar\\\/sitio\\\/wp-content\\\/uploads\\\/2025\\\/07\\\/mercados-navidenos-budapest.webp\",\"width\":767,\"height\":432},{\"@type\":\"BreadcrumbList\",\"@id\":\"https:\\\/\\\/basaworldtravel.com.ar\\\/sitio\\\/2025\\\/07\\\/%f0%9f%8c%b2%ef%b8%8ffantasias-de-mercadillos-navidenos\\\/#breadcrumb\",\"itemListElement\":[{\"@type\":\"ListItem\",\"position\":1,\"name\":\"Portada\",\"item\":\"https:\\\/\\\/basaworldtravel.com.ar\\\/sitio\\\/\"},{\"@type\":\"ListItem\",\"position\":2,\"name\":\"\ud83c\udf32\ufe0fFANTASIAS DE MERCADILLOS NAVIDE\u00d1OS\"}]},{\"@type\":\"WebSite\",\"@id\":\"https:\\\/\\\/basaworldtravel.com.ar\\\/sitio\\\/#website\",\"url\":\"https:\\\/\\\/basaworldtravel.com.ar\\\/sitio\\\/\",\"name\":\"Basa\",\"description\":\"World Travel\",\"potentialAction\":[{\"@type\":\"SearchAction\",\"target\":{\"@type\":\"EntryPoint\",\"urlTemplate\":\"https:\\\/\\\/basaworldtravel.com.ar\\\/sitio\\\/?s={search_term_string}\"},\"query-input\":{\"@type\":\"PropertyValueSpecification\",\"valueRequired\":true,\"valueName\":\"search_term_string\"}}],\"inLanguage\":\"es\"},{\"@type\":\"Person\",\"@id\":\"https:\\\/\\\/basaworldtravel.com.ar\\\/sitio\\\/#\\\/schema\\\/person\\\/d89b1d641794d338c41cd3818beabd4c\",\"name\":\"BasaWeb\",\"image\":{\"@type\":\"ImageObject\",\"inLanguage\":\"es\",\"@id\":\"https:\\\/\\\/secure.gravatar.com\\\/avatar\\\/13e699648957af0aba903942fee2a1fc533d92bcd43fcf375a4df1edc2708698?s=96&d=mm&r=g\",\"url\":\"https:\\\/\\\/secure.gravatar.com\\\/avatar\\\/13e699648957af0aba903942fee2a1fc533d92bcd43fcf375a4df1edc2708698?s=96&d=mm&r=g\",\"contentUrl\":\"https:\\\/\\\/secure.gravatar.com\\\/avatar\\\/13e699648957af0aba903942fee2a1fc533d92bcd43fcf375a4df1edc2708698?s=96&d=mm&r=g\",\"caption\":\"BasaWeb\"},\"url\":\"https:\\\/\\\/basaworldtravel.com.ar\\\/sitio\\\/author\\\/basaweb\\\/\"}]}<\/script>\n<!-- \/ Yoast SEO plugin. -->","yoast_head_json":{"title":"\ud83c\udf32\ufe0fFANTASIAS DE MERCADILLOS NAVIDE\u00d1OS - Basa","robots":{"index":"index","follow":"follow","max-snippet":"max-snippet:-1","max-image-preview":"max-image-preview:large","max-video-preview":"max-video-preview:-1"},"canonical":"https:\/\/basaworldtravel.com.ar\/sitio\/2025\/07\/\ud83c\udf32\ufe0ffantasias-de-mercadillos-navidenos\/","og_locale":"es_ES","og_type":"article","og_title":"\ud83c\udf32\ufe0fFANTASIAS DE MERCADILLOS NAVIDE\u00d1OS - Basa","og_description":"Llego la Navidad y vamos a ver como se preparan en Europa del Este con sus famosos Mercadillos Navide\u00f1os.","og_url":"https:\/\/basaworldtravel.com.ar\/sitio\/2025\/07\/\ud83c\udf32\ufe0ffantasias-de-mercadillos-navidenos\/","og_site_name":"Basa","article_published_time":"2025-07-04T16:23:48+00:00","article_modified_time":"2025-07-04T16:23:51+00:00","og_image":[{"width":767,"height":432,"url":"https:\/\/basaworldtravel.com.ar\/sitio\/wp-content\/uploads\/2025\/07\/mercados-navidenos-budapest.webp","type":"image\/webp"}],"author":"BasaWeb","twitter_card":"summary_large_image","twitter_misc":{"Escrito por":"BasaWeb","Tiempo de lectura":"11 minutos"},"schema":{"@context":"https:\/\/schema.org","@graph":[{"@type":"Article","@id":"https:\/\/basaworldtravel.com.ar\/sitio\/2025\/07\/%f0%9f%8c%b2%ef%b8%8ffantasias-de-mercadillos-navidenos\/#article","isPartOf":{"@id":"https:\/\/basaworldtravel.com.ar\/sitio\/2025\/07\/%f0%9f%8c%b2%ef%b8%8ffantasias-de-mercadillos-navidenos\/"},"author":{"name":"BasaWeb","@id":"https:\/\/basaworldtravel.com.ar\/sitio\/#\/schema\/person\/d89b1d641794d338c41cd3818beabd4c"},"headline":"\ud83c\udf32\ufe0fFANTASIAS DE MERCADILLOS NAVIDE\u00d1OS","datePublished":"2025-07-04T16:23:48+00:00","dateModified":"2025-07-04T16:23:51+00:00","mainEntityOfPage":{"@id":"https:\/\/basaworldtravel.com.ar\/sitio\/2025\/07\/%f0%9f%8c%b2%ef%b8%8ffantasias-de-mercadillos-navidenos\/"},"wordCount":2340,"image":{"@id":"https:\/\/basaworldtravel.com.ar\/sitio\/2025\/07\/%f0%9f%8c%b2%ef%b8%8ffantasias-de-mercadillos-navidenos\/#primaryimage"},"thumbnailUrl":"https:\/\/basaworldtravel.com.ar\/sitio\/wp-content\/uploads\/2025\/07\/mercados-navidenos-budapest.webp","keywords":["2025","budapest","MERCADILLOS","NAVIDAD","praga","viena"],"articleSection":["Exoticos","Paquetes"],"inLanguage":"es"},{"@type":"WebPage","@id":"https:\/\/basaworldtravel.com.ar\/sitio\/2025\/07\/%f0%9f%8c%b2%ef%b8%8ffantasias-de-mercadillos-navidenos\/","url":"https:\/\/basaworldtravel.com.ar\/sitio\/2025\/07\/%f0%9f%8c%b2%ef%b8%8ffantasias-de-mercadillos-navidenos\/","name":"\ud83c\udf32\ufe0fFANTASIAS DE MERCADILLOS NAVIDE\u00d1OS - Basa","isPartOf":{"@id":"https:\/\/basaworldtravel.com.ar\/sitio\/#website"},"primaryImageOfPage":{"@id":"https:\/\/basaworldtravel.com.ar\/sitio\/2025\/07\/%f0%9f%8c%b2%ef%b8%8ffantasias-de-mercadillos-navidenos\/#primaryimage"},"image":{"@id":"https:\/\/basaworldtravel.com.ar\/sitio\/2025\/07\/%f0%9f%8c%b2%ef%b8%8ffantasias-de-mercadillos-navidenos\/#primaryimage"},"thumbnailUrl":"https:\/\/basaworldtravel.com.ar\/sitio\/wp-content\/uploads\/2025\/07\/mercados-navidenos-budapest.webp","datePublished":"2025-07-04T16:23:48+00:00","dateModified":"2025-07-04T16:23:51+00:00","author":{"@id":"https:\/\/basaworldtravel.com.ar\/sitio\/#\/schema\/person\/d89b1d641794d338c41cd3818beabd4c"},"breadcrumb":{"@id":"https:\/\/basaworldtravel.com.ar\/sitio\/2025\/07\/%f0%9f%8c%b2%ef%b8%8ffantasias-de-mercadillos-navidenos\/#breadcrumb"},"inLanguage":"es","potentialAction":[{"@type":"ReadAction","target":["https:\/\/basaworldtravel.com.ar\/sitio\/2025\/07\/%f0%9f%8c%b2%ef%b8%8ffantasias-de-mercadillos-navidenos\/"]}]},{"@type":"ImageObject","inLanguage":"es","@id":"https:\/\/basaworldtravel.com.ar\/sitio\/2025\/07\/%f0%9f%8c%b2%ef%b8%8ffantasias-de-mercadillos-navidenos\/#primaryimage","url":"https:\/\/basaworldtravel.com.ar\/sitio\/wp-content\/uploads\/2025\/07\/mercados-navidenos-budapest.webp","contentUrl":"https:\/\/basaworldtravel.com.ar\/sitio\/wp-content\/uploads\/2025\/07\/mercados-navidenos-budapest.webp","width":767,"height":432},{"@type":"BreadcrumbList","@id":"https:\/\/basaworldtravel.com.ar\/sitio\/2025\/07\/%f0%9f%8c%b2%ef%b8%8ffantasias-de-mercadillos-navidenos\/#breadcrumb","itemListElement":[{"@type":"ListItem","position":1,"name":"Portada","item":"https:\/\/basaworldtravel.com.ar\/sitio\/"},{"@type":"ListItem","position":2,"name":"\ud83c\udf32\ufe0fFANTASIAS DE MERCADILLOS NAVIDE\u00d1OS"}]},{"@type":"WebSite","@id":"https:\/\/basaworldtravel.com.ar\/sitio\/#website","url":"https:\/\/basaworldtravel.com.ar\/sitio\/","name":"Basa","description":"World Travel","potentialAction":[{"@type":"SearchAction","target":{"@type":"EntryPoint","urlTemplate":"https:\/\/basaworldtravel.com.ar\/sitio\/?s={search_term_string}"},"query-input":{"@type":"PropertyValueSpecification","valueRequired":true,"valueName":"search_term_string"}}],"inLanguage":"es"},{"@type":"Person","@id":"https:\/\/basaworldtravel.com.ar\/sitio\/#\/schema\/person\/d89b1d641794d338c41cd3818beabd4c","name":"BasaWeb","image":{"@type":"ImageObject","inLanguage":"es","@id":"https:\/\/secure.gravatar.com\/avatar\/13e699648957af0aba903942fee2a1fc533d92bcd43fcf375a4df1edc2708698?s=96&d=mm&r=g","url":"https:\/\/secure.gravatar.com\/avatar\/13e699648957af0aba903942fee2a1fc533d92bcd43fcf375a4df1edc2708698?s=96&d=mm&r=g","contentUrl":"https:\/\/secure.gravatar.com\/avatar\/13e699648957af0aba903942fee2a1fc533d92bcd43fcf375a4df1edc2708698?s=96&d=mm&r=g","caption":"BasaWeb"},"url":"https:\/\/basaworldtravel.com.ar\/sitio\/author\/basaweb\/"}]}},"_links":{"self":[{"href":"https:\/\/basaworldtravel.com.ar\/sitio\/wp-json\/wp\/v2\/posts\/154521","targetHints":{"allow":["GET"]}}],"collection":[{"href":"https:\/\/basaworldtravel.com.ar\/sitio\/wp-json\/wp\/v2\/posts"}],"about":[{"href":"https:\/\/basaworldtravel.com.ar\/sitio\/wp-json\/wp\/v2\/types\/post"}],"author":[{"embeddable":true,"href":"https:\/\/basaworldtravel.com.ar\/sitio\/wp-json\/wp\/v2\/users\/2"}],"replies":[{"embeddable":true,"href":"https:\/\/basaworldtravel.com.ar\/sitio\/wp-json\/wp\/v2\/comments?post=154521"}],"version-history":[{"count":2,"href":"https:\/\/basaworldtravel.com.ar\/sitio\/wp-json\/wp\/v2\/posts\/154521\/revisions"}],"predecessor-version":[{"id":154526,"href":"https:\/\/basaworldtravel.com.ar\/sitio\/wp-json\/wp\/v2\/posts\/154521\/revisions\/154526"}],"wp:featuredmedia":[{"embeddable":true,"href":"https:\/\/basaworldtravel.com.ar\/sitio\/wp-json\/wp\/v2\/media\/154525"}],"wp:attachment":[{"href":"https:\/\/basaworldtravel.com.ar\/sitio\/wp-json\/wp\/v2\/media?parent=154521"}],"wp:term":[{"taxonomy":"category","embeddable":true,"href":"https:\/\/basaworldtravel.com.ar\/sitio\/wp-json\/wp\/v2\/categories?post=154521"},{"taxonomy":"post_tag","embeddable":true,"href":"https:\/\/basaworldtravel.com.ar\/sitio\/wp-json\/wp\/v2\/tags?post=154521"}],"curies":[{"name":"wp","href":"https:\/\/api.w.org\/{rel}","templated":true}]}}