{"id":154383,"date":"2025-08-12T09:23:25","date_gmt":"2025-08-12T12:23:25","guid":{"rendered":"https:\/\/basaworldtravel.com.ar\/?p=154383"},"modified":"2025-08-12T09:25:28","modified_gmt":"2025-08-12T12:25:28","slug":"turquia-otro-concepto-27-08-25","status":"publish","type":"post","link":"https:\/\/basaworldtravel.com.ar\/sitio\/2025\/08\/turquia-otro-concepto-27-08-25\/","title":{"rendered":"Maravillas de Turqu\u00eda \u2013 Grupal Acompa\u00f1ada 2026"},"content":{"rendered":"\n<p>Salida 01 de mayo 2026<\/p>\n\n\n\n<h2 class=\"wp-block-heading\">El programa incluye:<\/h2>\n\n\n\n<ul class=\"wp-block-list\">\n<li>12 Noches\/ 14 D\u00edas<\/li>\n<\/ul>\n\n\n\n<p>Boleto a\u00e9reo con Turkish Airlines.<br>5 Estambul con desayuno \/ 3 Capadoc\u0131a con media pensi\u00f3n \/ 2 Pamukkale con media pensi\u00f3n \/ 2 Izmir con media pensi\u00f3n<br>Traslados y visitas seg\u00fan el itinerario.<br>Gu\u00eda de habla hispana.<br>Propinas obligatorias para el gu\u00eda y tasas hoteleras.<br>Coordinador desde Buenos Aires.<br>Seguro de asistencia al viajero Universal Assistance Value (aplica hasta 70 a\u00f1os).<\/p>\n\n\n\n<figure class=\"wp-block-embed is-type-video is-provider-youtube wp-block-embed-youtube wp-embed-aspect-16-9 wp-has-aspect-ratio\"><div class=\"wp-block-embed__wrapper\">\n<iframe loading=\"lazy\" title=\"ITI Video - Maravillas de Turqu\u00eda\" width=\"1200\" height=\"675\" src=\"https:\/\/www.youtube.com\/embed\/yduHa8Cc4NM?feature=oembed\" frameborder=\"0\" allow=\"accelerometer; autoplay; clipboard-write; encrypted-media; gyroscope; picture-in-picture; web-share\" referrerpolicy=\"strict-origin-when-cross-origin\" allowfullscreen><\/iframe>\n<\/div><\/figure>\n\n\n\n<p>Salida: 01 mayo 2026<br>*Modalidad: Grupal acompa\u00f1ada con coordinador desde Buenos Aires. Doble a compartir asegurada*<\/p>\n\n\n\n<p><strong>D\u00cdA 1. EZEIZA &#8211; ESTAMBUL<\/strong><br>Salida del aeropuerto de Ezeiza para tomar vuelo de Turkish Airlines. Noche a bordo.<br><strong><br>D\u00cdA 2. ESTAMBUL<\/strong><br>Llegada al aeropuerto de Estambul. Recepci\u00f3n y traslado al hotel seleccionado. Alojamiento.<br><strong><br>D\u00cdA 3. ESTAMBUL- BOSFORO<\/strong><br>Desayuno. Por la ma\u00f1ana visitaremos la cafeter\u00eda Pierre Loti, desde donde se obtienen vistas panor\u00e1micas del Cuerno de Oro. Descenderemos hacia la costa atravesando las antiguas murallas de Constantinopla y llegaremos a la Iglesia de San Jorge, sede del Patriarcado Ortodoxo. Posteriormente, nos trasladaremos a la moderna Plaza Taksim y recorreremos la calle peatonal \u0130stiklal, admirando sus edificios hist\u00f3ricos. Almuerzo en un restaurante t\u00edpico a orillas del B\u00f3sforo. Por la tarde realizaremos un paseo en barco por el estrecho, apreciando una de las zonas m\u00e1s pintorescas de la ciudad. Finalizaremos el recorrido con tiempo libre en el Bazar de las Especias. Traslado al hotel y alojamiento.<br><strong><br>D\u00cdA 4. ESTAMBUL &#8211; CLASICO<\/strong><br>Desayuno. Visitaremos la Mezquita de Solim\u00e1n el Magn\u00edfico, considerada una obra maestra de la arquitectura otomana del siglo XVI. Luego, atravesando la plaza de Beyaz\u0131t, llegaremos al Gran Bazar, donde dispondremos de tiempo libre. Continuaremos hacia la zona hist\u00f3rica de Sultanahmet, para conocer la Mezquita Azul, famosa por sus seis minaretes y sus delicados azulejos. M\u00e1s tarde, visitaremos el antiguo Hip\u00f3dromo Romano, Santa Sof\u00eda y las Cisternas Subterr\u00e1neas. Regreso al hotel y alojamiento.<br><strong><br>D\u00cdA 5. ESTAMBUL &#8211; ANKARA &#8211; CAPADOCIA<\/strong><br>Desayuno. Salida por carretera hacia Ankara, atravesando las monta\u00f1as de Bolu. Al llegar a la capital del pa\u00eds visitaremos el Mausoleo de Atat\u00fcrk, fundador de la Rep\u00fablica Turca. Continuaci\u00f3n hacia la regi\u00f3n de Capadocia, con una parada en el Lago Salado, el segundo m\u00e1s grande de Turqu\u00eda. Llegada al hotel, cena y alojamiento.<br><strong><br>D\u00cdA 6. CAPADOCIA\u00a0<\/strong><br>Desayuno. D\u00eda dedicado a recorrer esta regi\u00f3n \u00fanica, famosa por su paisaje formado por la erosi\u00f3n volc\u00e1nica y las antiguas viviendas excavadas en la roca. Visitaremos el Museo al Aire Libre de G\u00f6reme, con iglesias rupestres decoradas con frescos. Paradas en los valles de Avcilar y G\u00fcvercinlik para disfrutar de las vistas. Por la tarde, visitas a talleres de alfombras, \u00f3nix y turquesas. Cena y alojamiento.<br><em>Opcional<\/em>: excursi\u00f3n en globo aerost\u00e1tico al amanecer y noche turca.<strong><br><br>D\u00cdA 7. CAPADOCIA<br><\/strong>Desayuno. Salida hacia una ciudad subterr\u00e1nea (\u00d6zkonak o Maz\u0131), utilizada por los primeros cristianos. Visita del pueblo de \u00c7avusin, conocido por sus casas excavadas en la roca. Recorrido por el Valle de Pa\u015faba\u011f, el Valle de U\u00e7hisar y el Valle del Amor, famoso por sus curiosas formaciones geol\u00f3gicas. Cena y alojamiento.<br><strong><br>D\u00cdA 08. CAPADOCIA &#8211; KONYA &#8211; PAMUKKALE<\/strong><br>Desayuno. Salida hacia Konya, donde visitaremos una antigua posada medieval en la Ruta de la Seda. Continuaci\u00f3n hacia Pamukkale, conocido por sus cascadas blancas, estalactitas y piscinas naturales formadas por aguas termales. Cena y alojamiento. Dependiendo del horario de llegada a Pamukkale, la visita a Hier\u00e1polis y las cascadas puede realizarse este d\u00eda o al siguiente.<br><strong><br>D\u00eda 9.\u00a0 \u00a0PAMUKKALE<\/strong><br>Desayuno. D\u00eda libre. Cena y alojamiento.<br>Sugerimos realizar la excursi\u00f3n opcional (no incluida \u2013 con costo adicional). Maldivas Turcas (USD 80 aprox):\u00a0Salida para visitar la ciudad antigua de La Odisea; Importante ciudad del oeste del Asia Menor, en Frigia situada sobre el borde del valle del r\u00edo Lico. Ubicada a unos 6 km al norte de la actual ciudad turca de Denizli, cerca de la aldea de Eskihisar. En el sitio arqueol\u00f3gico actual pueden observarse las ruinas del estadio, el anfiteatro, el ode\u00f3n, la cisterna y el acueducto, as\u00ed como los ba\u00f1os termales. Continuaci\u00f3n hacia la cueva de Kaklik conocida como la \u201cPamukkale subterr\u00e1nea\u201d, esta cueva fue descubierta despu\u00e9s del colapso de su techo y solo ha estado abierta al p\u00fablico desde 2002. La cueva de Kakl\u0131k\u00a0est\u00e1 llena de piscinas de travertino, estalagmitas, estalactitas y una gran cantidad de azufre que le da a la cueva su olor distintivo. La cueva se form\u00f3 hace m\u00e1s de 2,5 millones de a\u00f1os durante el per\u00edodo Plioceno. Cuenta con varias piscinas de rimstone y cascadas beneficiosas para el tratamiento de enfermedades de la piel y artritis. Varias de las paredes reciben suficiente luz solar para cultivar musgo y plantas trepadoras. M\u00e1s tarde continuaremos al Lago Salda; de hasta 184 metros de profundidad es uno de los lagos m\u00e1s profundos de Turqu\u00eda de baja salinidad y alta alcalinidad. El lago toma su color turquesa de las rocas blancas de origen bacteriano, que comenzaron a formarse en el per\u00edodo arcaico llamado estromatolito, y a\u00fan contin\u00faan form\u00e1ndose,un espect\u00e1culo de la naturaleza. Almuerzo. Tiempo libre en el lago y regreso al hotel.<br><em>*Esta excursi\u00f3n opcional requiere un m\u00ednimo de 10 pasajeros para realizarse.<\/em><br><strong><br>D\u00cdA 10. PAMUKKALE &#8211; EFESO &#8211; ZONA DE IZMIR<\/strong><br>Desayuno y visita de Pamukkale, famosa por sus cascadas calc\u00e1reas petrificadas que se han formado a causa de la cal del agua que emana en la zona. Visita de Hierapolis que posee una necr\u00f3polis de mas de 150.000 tumbas. Salida hacia Efeso, la capital de Asia Menor en la \u00e9poca Romana. Visita de los vestigios arqueol\u00f3gicos donde se destacan el templo Adriano y la biblioteca de Celso por la tarde conoceremos la Casa de Virgen Mar\u00eda. A continuaci\u00f3n visita de centro de productos de pieles. traslado al hotel cena y alojamiento<strong><br><br>D\u00cdA 11. ZONA DE IZMIR<br><\/strong>Desayuno. Dia libre. EXCURSION OPCIONAL LA ISLA GRIEGA CHIOS (145 USD aprox): Traslado del hotel al puerto de\u00a0\u00c7esme. Despu\u00e9s del proceso de inmigraci\u00f3n, partimos hacia la Isla de Ch\u00edos.\u00a0Llegada en 35 minutos. Despu\u00e9s de la inmigraci\u00f3n para entrar en el territorio de Grecia, tenemos\u00a0tiempo libre para caminar por la zona del puerto hasta las 11:00 am, cuando comenzamos nuestra\u00a0visita guiada. La primera parada es en el pueblo famoso por la producci\u00f3n de Mastic, una resina vegetal\u00a0especial de la isla.\u00a0Seguiremos hasta Kambos, donde encontraremos algunas casas de piedra de G\u00e9nova, y luego al pueblo de\u00a0Armolia donde veremos \u00e1rboles de mastico y visitaremos talleres de cer\u00e1mica.\u00a0Continuamos nuestra excursi\u00f3n al pueblo de Mesta, donde tendremos la oportunidad de caminar\u00a0por las calles laber\u00ednticas desde la \u00e9poca bizantina y visitar Megalos Taksiarhis. Tiempo libre para\u00a0caminar en el pueblo y probar algunos alimentos locales.\u00a0Partiremos hacia el sur hasta el pueblo de Pyrgi, famoso por las casas decoradas en blanco y negro y\u00a0visitando la iglesia del Santo Ap\u00f3stol desde tiempos bizantinos. Nuestra \u00faltima parada est\u00e1 en la\u00a0playa volc\u00e1nica negra, Mavra Volia en Empoios.\u00a0Terminamos nuestra excursi\u00f3n con la oportunidad de probar deliciosa comida griega en los muchos\u00a0restaurantes de la zona. Traslado al puerto y salida hacia \u00c7esme en Turqu\u00eda. Llegada y traslado al\u00a0hotel. Cena y alojamiento.<br><em>*Esta excursi\u00f3n opcional requiere un m\u00ednimo de 10 pasajeros para realizarse.<\/em><br><strong><br>D\u00cdA 12. ZONA DE ISMIR &#8211; BURSA &#8211; ESTAMBUL<\/strong><br>Desayuno y salida hacia Bursa, la primera capital de Los Otomanos. Visita de la Mezquita Verde y Mausoleo de Verde. Seguimos hacia Estambul cruzando La bah\u00eda de Izmit por ferry o por el nuevo puente que comunica las orillas del Mar M\u00e1rmara. Llegada al hotel. Alojamiento<br><strong><br>D\u00cdA 13. ESTAMBUL<\/strong><br>Desayuno y d\u00eda libre para disfrutar de lo que ofrece el destino. Alojamiento<br><strong><br>D\u00cdA 14. ESTAMBUL- BUENOS AIRES<br><\/strong>Desayuno y salida al aeropuerto con destino a la ciudad de origen.<br><strong><br>FIN DE LOS SERVICIOS<br><br>LOS PRECIOS INCLUYEN:<\/strong><br>Boleto a\u00e9reo con Turkish Airlines.<br>5 Estambul con desayuno \/ 3 Capadoc\u0131a con media pensi\u00f3n \/ 2 Pamukkale con media pensi\u00f3n \/ 2 Izmir con media pensi\u00f3n<br>Traslados y visitas seg\u00fan el itinerario.<br>Gu\u00eda de habla hispana.<br>Propinas obligatorias para el gu\u00eda y tasas hoteleras.<br>Seguro de asistencia al viajero Universal Assistance Value (aplica hasta 70 a\u00f1os).<br><strong><br>EL PRECIO NO INCLUYE:<\/strong><br>Gastos personales<br>Tasas tur\u00edsticas de turqu\u00eda (USD 45), se abonan en destino.<br>No se incluyen las bebidas en las comidas.<br><strong><br>DIFICULTAD DEL CIRCUITO:\u00a0<\/strong>Media-Alta<br><strong><br>NOTAS ACLARATORIAS<br><\/strong>Doble a compartir asegurada, es decir que no necesita pagar el adicional en single, puede pagar doble y nosotros le aseguramos una persona para compartir habitaci\u00f3n.<br>El orden del itinerario puede variar, respet\u00e1ndose siempre la cantidad de noches y visitas.<br><strong><br>HORARIO DE LOS VUELOS<br><\/strong><em><strong>01 de mayo\u00a0<\/strong><br>Despegue \u2013 TK 016 \u2013 Ezeiza \u2013 23:55 \u2013 Aterrizaje \u2013 Estambul \u2013 22:55<br>Despegue \u2013 TK 015 \u2013 Estambul \u2013 10:45 \u2013 Aterrizaje \u2013 Ezeiza\u2013 22:25<br>*Incluye 1 equipaje de mano de hasta 8 kg + 1 equipaje para despachar de hasta 23kg por pasajero. En el caso de los menores o infantes consultar.\u00a0<\/em><br><strong><br>HOTELES PREVISTOS<br><\/strong>Estambul: Taksim Arts o similar<br>Capadocia: Monarl Hotel, Avrasya, Mustafa Resort o similar<br>Pamukkale: Hotel Colossae, Adempira, Lycus River o similar<br>Esmirna: Marina Blanca, Kaya Prestij o similar<br><strong><br><br><a href=\"https:\/\/tiptravel.com.ar\/wp-content\/uploads\/2025\/06\/MARAVILLAS-DE-TURQUIA-EXCURSIONES-OPCIONALES.pdf\" target=\"_blank\" rel=\"noreferrer noopener\"><\/a><\/strong><\/p>\n\n\n\n<p>cod.\u00a02169 TIP<\/p>\n\n\n\n<div data-wp-interactive=\"core\/file\" class=\"wp-block-file\"><object data-wp-bind--hidden=\"!state.hasPdfPreview\" hidden class=\"wp-block-file__embed\" data=\"https:\/\/basaworldtravel.com.ar\/sitio\/wp-content\/uploads\/2025\/08\/MARAVILLAS-DE-TURQUIA-EXCURSIONES-OPCIONALES.pdf\" type=\"application\/pdf\" style=\"width:100%;height:600px\" aria-label=\"Incrustado de MARAVILLAS-DE-TURQUIA-EXCURSIONES-OPCIONALES.\"><\/object><a id=\"wp-block-file--media-860ccf0b-b14b-4950-b675-bb63d74e779c\" href=\"https:\/\/basaworldtravel.com.ar\/sitio\/wp-content\/uploads\/2025\/08\/MARAVILLAS-DE-TURQUIA-EXCURSIONES-OPCIONALES.pdf\">MARAVILLAS-DE-TURQUIA-EXCURSIONES-OPCIONALES<\/a><a href=\"https:\/\/basaworldtravel.com.ar\/sitio\/wp-content\/uploads\/2025\/08\/MARAVILLAS-DE-TURQUIA-EXCURSIONES-OPCIONALES.pdf\" class=\"wp-block-file__button wp-element-button\" download aria-describedby=\"wp-block-file--media-860ccf0b-b14b-4950-b675-bb63d74e779c\">Descarga<\/a><\/div>\n\n\n\n<p><strong>PRECIO POR PERSONA USD3570  EN BASE DOBLE<\/strong><\/p>\n\n\n\n<p><\/p>\n\n\n\n<p><\/p>\n","protected":false},"excerpt":{"rendered":"<p>En Turqu\u00eca, cada piedra cuenta una historia y cada paisaje es un cuadro.<\/p>\n","protected":false},"author":2,"featured_media":154386,"comment_status":"closed","ping_status":"open","sticky":false,"template":"","format":"standard","meta":{"_acf_changed":false,"footnotes":""},"categories":[9,5],"tags":[703,111,110,340,339,80,100],"class_list":["post-154383","post","type-post","status-publish","format-standard","has-post-thumbnail","hentry","category-exoticos","category-paquetes","tag-703","tag-capadocia","tag-estambul","tag-izmir","tag-pamukkale","tag-salidas-grupales","tag-turquia","category-9","category-5","description-off"],"acf":[],"yoast_head":"<!-- This site is optimized with the Yoast SEO plugin v28.4 - https:\/\/yoast.com\/product\/yoast-seo-wordpress\/ -->\n<title>Maravillas de Turqu\u00eda \u2013 Grupal Acompa\u00f1ada 2026 - Basa<\/title>\n<meta name=\"robots\" content=\"index, follow, max-snippet:-1, max-image-preview:large, max-video-preview:-1\" \/>\n<link rel=\"canonical\" href=\"https:\/\/basaworldtravel.com.ar\/sitio\/2025\/08\/turquia-otro-concepto-27-08-25\/\" \/>\n<meta property=\"og:locale\" content=\"es_ES\" \/>\n<meta property=\"og:type\" content=\"article\" \/>\n<meta property=\"og:title\" content=\"Maravillas de Turqu\u00eda \u2013 Grupal Acompa\u00f1ada 2026 - Basa\" \/>\n<meta property=\"og:description\" content=\"En Turqu\u00eca, cada piedra cuenta una historia y cada paisaje es un cuadro.\" \/>\n<meta property=\"og:url\" content=\"https:\/\/basaworldtravel.com.ar\/sitio\/2025\/08\/turquia-otro-concepto-27-08-25\/\" \/>\n<meta property=\"og:site_name\" content=\"Basa\" \/>\n<meta property=\"article:published_time\" content=\"2025-08-12T12:23:25+00:00\" \/>\n<meta property=\"article:modified_time\" content=\"2025-08-12T12:25:28+00:00\" \/>\n<meta property=\"og:image\" content=\"https:\/\/basaworldtravel.com.ar\/sitio\/wp-content\/uploads\/2025\/06\/TURQUIA.jpg\" \/>\n\t<meta property=\"og:image:width\" content=\"1080\" \/>\n\t<meta property=\"og:image:height\" content=\"1080\" \/>\n\t<meta property=\"og:image:type\" content=\"image\/jpeg\" \/>\n<meta name=\"author\" content=\"BasaWeb\" \/>\n<meta name=\"twitter:card\" content=\"summary_large_image\" \/>\n<meta name=\"twitter:label1\" content=\"Escrito por\" \/>\n\t<meta name=\"twitter:data1\" content=\"BasaWeb\" \/>\n\t<meta name=\"twitter:label2\" content=\"Tiempo de lectura\" \/>\n\t<meta name=\"twitter:data2\" content=\"8 minutos\" \/>\n<script type=\"application\/ld+json\" class=\"yoast-schema-graph\">{\"@context\":\"https:\\\/\\\/schema.org\",\"@graph\":[{\"@type\":\"Article\",\"@id\":\"https:\\\/\\\/basaworldtravel.com.ar\\\/sitio\\\/2025\\\/08\\\/turquia-otro-concepto-27-08-25\\\/#article\",\"isPartOf\":{\"@id\":\"https:\\\/\\\/basaworldtravel.com.ar\\\/sitio\\\/2025\\\/08\\\/turquia-otro-concepto-27-08-25\\\/\"},\"author\":{\"name\":\"BasaWeb\",\"@id\":\"https:\\\/\\\/basaworldtravel.com.ar\\\/sitio\\\/#\\\/schema\\\/person\\\/d89b1d641794d338c41cd3818beabd4c\"},\"headline\":\"Maravillas de Turqu\u00eda \u2013 Grupal Acompa\u00f1ada 2026\",\"datePublished\":\"2025-08-12T12:23:25+00:00\",\"dateModified\":\"2025-08-12T12:25:28+00:00\",\"mainEntityOfPage\":{\"@id\":\"https:\\\/\\\/basaworldtravel.com.ar\\\/sitio\\\/2025\\\/08\\\/turquia-otro-concepto-27-08-25\\\/\"},\"wordCount\":1578,\"image\":{\"@id\":\"https:\\\/\\\/basaworldtravel.com.ar\\\/sitio\\\/2025\\\/08\\\/turquia-otro-concepto-27-08-25\\\/#primaryimage\"},\"thumbnailUrl\":\"https:\\\/\\\/basaworldtravel.com.ar\\\/sitio\\\/wp-content\\\/uploads\\\/2025\\\/06\\\/TURQUIA.jpg\",\"keywords\":[\"2026\",\"CAPADOCIA\",\"ESTAMBUL\",\"IZMIR\",\"PAMUKKALE\",\"SALIDAS GRUPALES\",\"TURQUIA\"],\"articleSection\":[\"Exoticos\",\"Paquetes\"],\"inLanguage\":\"es\"},{\"@type\":\"WebPage\",\"@id\":\"https:\\\/\\\/basaworldtravel.com.ar\\\/sitio\\\/2025\\\/08\\\/turquia-otro-concepto-27-08-25\\\/\",\"url\":\"https:\\\/\\\/basaworldtravel.com.ar\\\/sitio\\\/2025\\\/08\\\/turquia-otro-concepto-27-08-25\\\/\",\"name\":\"Maravillas de Turqu\u00eda \u2013 Grupal Acompa\u00f1ada 2026 - Basa\",\"isPartOf\":{\"@id\":\"https:\\\/\\\/basaworldtravel.com.ar\\\/sitio\\\/#website\"},\"primaryImageOfPage\":{\"@id\":\"https:\\\/\\\/basaworldtravel.com.ar\\\/sitio\\\/2025\\\/08\\\/turquia-otro-concepto-27-08-25\\\/#primaryimage\"},\"image\":{\"@id\":\"https:\\\/\\\/basaworldtravel.com.ar\\\/sitio\\\/2025\\\/08\\\/turquia-otro-concepto-27-08-25\\\/#primaryimage\"},\"thumbnailUrl\":\"https:\\\/\\\/basaworldtravel.com.ar\\\/sitio\\\/wp-content\\\/uploads\\\/2025\\\/06\\\/TURQUIA.jpg\",\"datePublished\":\"2025-08-12T12:23:25+00:00\",\"dateModified\":\"2025-08-12T12:25:28+00:00\",\"author\":{\"@id\":\"https:\\\/\\\/basaworldtravel.com.ar\\\/sitio\\\/#\\\/schema\\\/person\\\/d89b1d641794d338c41cd3818beabd4c\"},\"breadcrumb\":{\"@id\":\"https:\\\/\\\/basaworldtravel.com.ar\\\/sitio\\\/2025\\\/08\\\/turquia-otro-concepto-27-08-25\\\/#breadcrumb\"},\"inLanguage\":\"es\",\"potentialAction\":[{\"@type\":\"ReadAction\",\"target\":[\"https:\\\/\\\/basaworldtravel.com.ar\\\/sitio\\\/2025\\\/08\\\/turquia-otro-concepto-27-08-25\\\/\"]}]},{\"@type\":\"ImageObject\",\"inLanguage\":\"es\",\"@id\":\"https:\\\/\\\/basaworldtravel.com.ar\\\/sitio\\\/2025\\\/08\\\/turquia-otro-concepto-27-08-25\\\/#primaryimage\",\"url\":\"https:\\\/\\\/basaworldtravel.com.ar\\\/sitio\\\/wp-content\\\/uploads\\\/2025\\\/06\\\/TURQUIA.jpg\",\"contentUrl\":\"https:\\\/\\\/basaworldtravel.com.ar\\\/sitio\\\/wp-content\\\/uploads\\\/2025\\\/06\\\/TURQUIA.jpg\",\"width\":1080,\"height\":1080},{\"@type\":\"BreadcrumbList\",\"@id\":\"https:\\\/\\\/basaworldtravel.com.ar\\\/sitio\\\/2025\\\/08\\\/turquia-otro-concepto-27-08-25\\\/#breadcrumb\",\"itemListElement\":[{\"@type\":\"ListItem\",\"position\":1,\"name\":\"Portada\",\"item\":\"https:\\\/\\\/basaworldtravel.com.ar\\\/sitio\\\/\"},{\"@type\":\"ListItem\",\"position\":2,\"name\":\"Maravillas de Turqu\u00eda \u2013 Grupal Acompa\u00f1ada 2026\"}]},{\"@type\":\"WebSite\",\"@id\":\"https:\\\/\\\/basaworldtravel.com.ar\\\/sitio\\\/#website\",\"url\":\"https:\\\/\\\/basaworldtravel.com.ar\\\/sitio\\\/\",\"name\":\"Basa\",\"description\":\"World Travel\",\"potentialAction\":[{\"@type\":\"SearchAction\",\"target\":{\"@type\":\"EntryPoint\",\"urlTemplate\":\"https:\\\/\\\/basaworldtravel.com.ar\\\/sitio\\\/?s={search_term_string}\"},\"query-input\":{\"@type\":\"PropertyValueSpecification\",\"valueRequired\":true,\"valueName\":\"search_term_string\"}}],\"inLanguage\":\"es\"},{\"@type\":\"Person\",\"@id\":\"https:\\\/\\\/basaworldtravel.com.ar\\\/sitio\\\/#\\\/schema\\\/person\\\/d89b1d641794d338c41cd3818beabd4c\",\"name\":\"BasaWeb\",\"image\":{\"@type\":\"ImageObject\",\"inLanguage\":\"es\",\"@id\":\"https:\\\/\\\/secure.gravatar.com\\\/avatar\\\/13e699648957af0aba903942fee2a1fc533d92bcd43fcf375a4df1edc2708698?s=96&d=mm&r=g\",\"url\":\"https:\\\/\\\/secure.gravatar.com\\\/avatar\\\/13e699648957af0aba903942fee2a1fc533d92bcd43fcf375a4df1edc2708698?s=96&d=mm&r=g\",\"contentUrl\":\"https:\\\/\\\/secure.gravatar.com\\\/avatar\\\/13e699648957af0aba903942fee2a1fc533d92bcd43fcf375a4df1edc2708698?s=96&d=mm&r=g\",\"caption\":\"BasaWeb\"},\"url\":\"https:\\\/\\\/basaworldtravel.com.ar\\\/sitio\\\/author\\\/basaweb\\\/\"}]}<\/script>\n<!-- \/ Yoast SEO plugin. -->","yoast_head_json":{"title":"Maravillas de Turqu\u00eda \u2013 Grupal Acompa\u00f1ada 2026 - Basa","robots":{"index":"index","follow":"follow","max-snippet":"max-snippet:-1","max-image-preview":"max-image-preview:large","max-video-preview":"max-video-preview:-1"},"canonical":"https:\/\/basaworldtravel.com.ar\/sitio\/2025\/08\/turquia-otro-concepto-27-08-25\/","og_locale":"es_ES","og_type":"article","og_title":"Maravillas de Turqu\u00eda \u2013 Grupal Acompa\u00f1ada 2026 - Basa","og_description":"En Turqu\u00eca, cada piedra cuenta una historia y cada paisaje es un cuadro.","og_url":"https:\/\/basaworldtravel.com.ar\/sitio\/2025\/08\/turquia-otro-concepto-27-08-25\/","og_site_name":"Basa","article_published_time":"2025-08-12T12:23:25+00:00","article_modified_time":"2025-08-12T12:25:28+00:00","og_image":[{"width":1080,"height":1080,"url":"https:\/\/basaworldtravel.com.ar\/sitio\/wp-content\/uploads\/2025\/06\/TURQUIA.jpg","type":"image\/jpeg"}],"author":"BasaWeb","twitter_card":"summary_large_image","twitter_misc":{"Escrito por":"BasaWeb","Tiempo de lectura":"8 minutos"},"schema":{"@context":"https:\/\/schema.org","@graph":[{"@type":"Article","@id":"https:\/\/basaworldtravel.com.ar\/sitio\/2025\/08\/turquia-otro-concepto-27-08-25\/#article","isPartOf":{"@id":"https:\/\/basaworldtravel.com.ar\/sitio\/2025\/08\/turquia-otro-concepto-27-08-25\/"},"author":{"name":"BasaWeb","@id":"https:\/\/basaworldtravel.com.ar\/sitio\/#\/schema\/person\/d89b1d641794d338c41cd3818beabd4c"},"headline":"Maravillas de Turqu\u00eda \u2013 Grupal Acompa\u00f1ada 2026","datePublished":"2025-08-12T12:23:25+00:00","dateModified":"2025-08-12T12:25:28+00:00","mainEntityOfPage":{"@id":"https:\/\/basaworldtravel.com.ar\/sitio\/2025\/08\/turquia-otro-concepto-27-08-25\/"},"wordCount":1578,"image":{"@id":"https:\/\/basaworldtravel.com.ar\/sitio\/2025\/08\/turquia-otro-concepto-27-08-25\/#primaryimage"},"thumbnailUrl":"https:\/\/basaworldtravel.com.ar\/sitio\/wp-content\/uploads\/2025\/06\/TURQUIA.jpg","keywords":["2026","CAPADOCIA","ESTAMBUL","IZMIR","PAMUKKALE","SALIDAS GRUPALES","TURQUIA"],"articleSection":["Exoticos","Paquetes"],"inLanguage":"es"},{"@type":"WebPage","@id":"https:\/\/basaworldtravel.com.ar\/sitio\/2025\/08\/turquia-otro-concepto-27-08-25\/","url":"https:\/\/basaworldtravel.com.ar\/sitio\/2025\/08\/turquia-otro-concepto-27-08-25\/","name":"Maravillas de Turqu\u00eda \u2013 Grupal Acompa\u00f1ada 2026 - Basa","isPartOf":{"@id":"https:\/\/basaworldtravel.com.ar\/sitio\/#website"},"primaryImageOfPage":{"@id":"https:\/\/basaworldtravel.com.ar\/sitio\/2025\/08\/turquia-otro-concepto-27-08-25\/#primaryimage"},"image":{"@id":"https:\/\/basaworldtravel.com.ar\/sitio\/2025\/08\/turquia-otro-concepto-27-08-25\/#primaryimage"},"thumbnailUrl":"https:\/\/basaworldtravel.com.ar\/sitio\/wp-content\/uploads\/2025\/06\/TURQUIA.jpg","datePublished":"2025-08-12T12:23:25+00:00","dateModified":"2025-08-12T12:25:28+00:00","author":{"@id":"https:\/\/basaworldtravel.com.ar\/sitio\/#\/schema\/person\/d89b1d641794d338c41cd3818beabd4c"},"breadcrumb":{"@id":"https:\/\/basaworldtravel.com.ar\/sitio\/2025\/08\/turquia-otro-concepto-27-08-25\/#breadcrumb"},"inLanguage":"es","potentialAction":[{"@type":"ReadAction","target":["https:\/\/basaworldtravel.com.ar\/sitio\/2025\/08\/turquia-otro-concepto-27-08-25\/"]}]},{"@type":"ImageObject","inLanguage":"es","@id":"https:\/\/basaworldtravel.com.ar\/sitio\/2025\/08\/turquia-otro-concepto-27-08-25\/#primaryimage","url":"https:\/\/basaworldtravel.com.ar\/sitio\/wp-content\/uploads\/2025\/06\/TURQUIA.jpg","contentUrl":"https:\/\/basaworldtravel.com.ar\/sitio\/wp-content\/uploads\/2025\/06\/TURQUIA.jpg","width":1080,"height":1080},{"@type":"BreadcrumbList","@id":"https:\/\/basaworldtravel.com.ar\/sitio\/2025\/08\/turquia-otro-concepto-27-08-25\/#breadcrumb","itemListElement":[{"@type":"ListItem","position":1,"name":"Portada","item":"https:\/\/basaworldtravel.com.ar\/sitio\/"},{"@type":"ListItem","position":2,"name":"Maravillas de Turqu\u00eda \u2013 Grupal Acompa\u00f1ada 2026"}]},{"@type":"WebSite","@id":"https:\/\/basaworldtravel.com.ar\/sitio\/#website","url":"https:\/\/basaworldtravel.com.ar\/sitio\/","name":"Basa","description":"World Travel","potentialAction":[{"@type":"SearchAction","target":{"@type":"EntryPoint","urlTemplate":"https:\/\/basaworldtravel.com.ar\/sitio\/?s={search_term_string}"},"query-input":{"@type":"PropertyValueSpecification","valueRequired":true,"valueName":"search_term_string"}}],"inLanguage":"es"},{"@type":"Person","@id":"https:\/\/basaworldtravel.com.ar\/sitio\/#\/schema\/person\/d89b1d641794d338c41cd3818beabd4c","name":"BasaWeb","image":{"@type":"ImageObject","inLanguage":"es","@id":"https:\/\/secure.gravatar.com\/avatar\/13e699648957af0aba903942fee2a1fc533d92bcd43fcf375a4df1edc2708698?s=96&d=mm&r=g","url":"https:\/\/secure.gravatar.com\/avatar\/13e699648957af0aba903942fee2a1fc533d92bcd43fcf375a4df1edc2708698?s=96&d=mm&r=g","contentUrl":"https:\/\/secure.gravatar.com\/avatar\/13e699648957af0aba903942fee2a1fc533d92bcd43fcf375a4df1edc2708698?s=96&d=mm&r=g","caption":"BasaWeb"},"url":"https:\/\/basaworldtravel.com.ar\/sitio\/author\/basaweb\/"}]}},"_links":{"self":[{"href":"https:\/\/basaworldtravel.com.ar\/sitio\/wp-json\/wp\/v2\/posts\/154383","targetHints":{"allow":["GET"]}}],"collection":[{"href":"https:\/\/basaworldtravel.com.ar\/sitio\/wp-json\/wp\/v2\/posts"}],"about":[{"href":"https:\/\/basaworldtravel.com.ar\/sitio\/wp-json\/wp\/v2\/types\/post"}],"author":[{"embeddable":true,"href":"https:\/\/basaworldtravel.com.ar\/sitio\/wp-json\/wp\/v2\/users\/2"}],"replies":[{"embeddable":true,"href":"https:\/\/basaworldtravel.com.ar\/sitio\/wp-json\/wp\/v2\/comments?post=154383"}],"version-history":[{"count":7,"href":"https:\/\/basaworldtravel.com.ar\/sitio\/wp-json\/wp\/v2\/posts\/154383\/revisions"}],"predecessor-version":[{"id":154767,"href":"https:\/\/basaworldtravel.com.ar\/sitio\/wp-json\/wp\/v2\/posts\/154383\/revisions\/154767"}],"wp:featuredmedia":[{"embeddable":true,"href":"https:\/\/basaworldtravel.com.ar\/sitio\/wp-json\/wp\/v2\/media\/154386"}],"wp:attachment":[{"href":"https:\/\/basaworldtravel.com.ar\/sitio\/wp-json\/wp\/v2\/media?parent=154383"}],"wp:term":[{"taxonomy":"category","embeddable":true,"href":"https:\/\/basaworldtravel.com.ar\/sitio\/wp-json\/wp\/v2\/categories?post=154383"},{"taxonomy":"post_tag","embeddable":true,"href":"https:\/\/basaworldtravel.com.ar\/sitio\/wp-json\/wp\/v2\/tags?post=154383"}],"curies":[{"name":"wp","href":"https:\/\/api.w.org\/{rel}","templated":true}]}}