{"id":153978,"date":"2026-08-25T08:56:16","date_gmt":"2026-08-25T11:56:16","guid":{"rendered":"https:\/\/basaworldtravel.com.ar\/?p=153978"},"modified":"2026-08-25T08:59:38","modified_gmt":"2026-08-25T11:59:38","slug":"buenos-aires-colonia-del-sacramentostl","status":"publish","type":"post","link":"https:\/\/basaworldtravel.com.ar\/sitio\/2026\/08\/buenos-aires-colonia-del-sacramentostl\/","title":{"rendered":"BUENOS AIRES &amp; COLONIA DEL SACRAMENTO-Octubre a Diciembre"},"content":{"rendered":"\n<p>Salidas 10 de Octubre\/21 de Noviembre \/05 de Diciembre<\/p>\n\n\n\n<p><\/p>\n\n\n\n<p>Bus Charter SEMICAMA <\/p>\n\n\n\n<p>Coordinador Permanente &amp; Servicio Receptivo en destino.<br>Adicional Butaca Piso Inferior $ 50.000.por persona<\/p>\n\n\n\n<p>02 noches de Alojamiento en Buenos Aires<\/p>\n\n\n\n<p> DESAYUNO Bienvenida! <\/p>\n\n\n\n<p>Asistencia al viajero Incluida <\/p>\n\n\n\n<p>Excursi\u00f3n de d\u00eda completo a Colonia del Sacramento. Incluye traslado al Puerto. Navegaci\u00f3n Buenos Aires \u2013 Colonia \u2013 Buenos Aires. <\/p>\n\n\n\n<p>Paseo guiado por el barrio hist\u00f3rico. <\/p>\n\n\n\n<p>Almuerzo en Restaurante El Refugio (sin bebidas). <\/p>\n\n\n\n<hr class=\"wp-block-separator has-alpha-channel-opacity\"\/>\n\n\n\n<ul class=\"wp-block-list\"><\/ul>\n\n\n\n<p><strong>Hotel Napole\u00f3n 3*<\/strong> standard www.hotel-napoleon.com.ar $ 480.000 por persona en base doble\/triple abonando en efectivo<\/p>\n\n\n\n<p><strong>Hotel Imperial Park 3<\/strong>* standard www.imperialparkhotel.com-website.com $ 530.000 por persona en base doble \/triple abonando en efectivo<\/p>\n\n\n\n<p> NO DISPONEN DE REGIMEN DE MEDIA PENSION PRECIOS POR PERSONA EN BASE DOBLE ABONANDO EN EFECTIVO<\/p>\n\n\n\n<p><strong>OPCIONALES<\/strong><\/p>\n\n\n\n<ul class=\"wp-block-list\">\n<li>Show de Tango (traslado, cena y bebidas)<\/li>\n\n\n\n<li>Adicionales en Tigre \u2013 consultar.<\/li>\n<\/ul>\n\n\n\n<p><strong>Condiciones de reserva STL:<\/strong><\/p>\n\n\n\n<ul class=\"wp-block-list\">\n<li>Las reservas se toman con una\u00a0<strong>se\u00f1a del\u00a030%.<\/strong><\/li>\n\n\n\n<li>Las reservas sin se\u00f1a se dar\u00e1n de baja autom\u00e1ticamente\u00a0<strong>por sistema a las\u00a072hs.<\/strong><\/li>\n\n\n\n<li>El paquete debe estar saldado al\u00a0<strong>100%\u00a0<\/strong>hasta\u00a0<strong>10 d\u00edas\u00a0<\/strong>antes de la salida. Sin excepci\u00f3n.<\/li>\n\n\n\n<li>La empresa se reserva el derecho de\u00a0<strong>retener la emisi\u00f3n de vouchers<\/strong>\u00a0en reservas con saldo pendiente.<\/li>\n<\/ul>\n\n\n\n<p><strong>Observaciones:<\/strong><\/p>\n\n\n\n<ul class=\"wp-block-list\">\n<li>Fecha de salida corresponde al d\u00eda de ingreso\u00a0<strong>a destino y hoteles.<\/strong><\/li>\n\n\n\n<li>Se aconseja informar correctamente a los pasajeros sobre la\u00a0<strong>larga duraci\u00f3n de los recorridos terrestres.<\/strong><\/li>\n\n\n\n<li>Se exige\u00a0<strong>documentaci\u00f3n en regla<\/strong>\u00a0para el embarque, sin excepci\u00f3n.<\/li>\n\n\n\n<li>Valores de excursiones opcionales son de\u00a0<strong>referencia<\/strong>\u00a0y est\u00e1n sujetas a variaciones sin previo aviso y cada prestador.<\/li>\n\n\n\n<li>Se debe informar al pasajero que los servicios<strong>\u00a0no garantizan horarios de regreso<\/strong>\u00a0acordes a cada exigencia personal.<\/li>\n<\/ul>\n\n\n\n<p><strong>Condiciones Generales:<\/strong><\/p>\n\n\n\n<ul class=\"wp-block-list\">\n<li>Tarifas v\u00e1lidas\u00a0<strong>de Agosto a Diciembre 2026<\/strong>, expresadas en pesos argentinos por pasajero, para residentes (*extranjeros consultar), m\u00e1s impuestos, en base, r\u00e9gimen y hoteles seg\u00fan elecci\u00f3n, sujetas a cambios sin previo aviso.<\/li>\n\n\n\n<li>Las tarifas ya est\u00e1n bonificadas para pago contado efectivo. <\/li>\n\n\n\n<li><strong>Incluye servicio a bordo<\/strong><strong>\u00a0est\u00e1ndar.<\/strong><\/li>\n\n\n\n<li><strong>No incluye<\/strong>\u00a0servicios\u00a0<strong>no<\/strong>\u00a0especificados.<\/li>\n\n\n\n<li>Embarque sujeto a\u00a0<strong>documentaci\u00f3n en regla<\/strong>.<\/li>\n\n\n\n<li>R\u00e9gimen de pensi\u00f3n\u00a0<strong>no incluye<\/strong>\u00a0bebidas.<\/li>\n\n\n\n<li>Unidad de bus semicama = 58 o 60 o 62 butacas semicama \/ 12 butacas Ejecutivas.<\/li>\n\n\n\n<li>Se recomienda ver\u00a0<a href=\"https:\/\/stloperador.com.ar\/legales\/\">Condiciones Generales<\/a>.<\/li>\n<\/ul>\n\n\n\n<p><strong>Condiciones Menores:<\/strong><\/p>\n\n\n\n<ul class=\"wp-block-list\">\n<li>INFOA Menor de 0 a 3 a\u00f1os inclusive sin cargo y sin servicio, s\u00f3lo abona seguro (compartiendo habitaci\u00f3n con m\u00ednimo de 2 Adultos pagantes).<\/li>\n\n\n\n<li>S\u00f3lo 1 INFOA por habitaci\u00f3n. 4 a\u00f1os cumplidos (o seg\u00fan Hotel seleccionado), abona como Adulto el 100% de la Tarifa.<\/li>\n\n\n\n<li>Valor de solo Butaca Semicama para menores de\u00a0<strong>0 a 3 a\u00f1os $180.000 <\/strong>. Consultar antes de ingresar la reserva.<\/li>\n\n\n\n<li>Seguro de Asistencia Nacional para INFOA\u00a0<strong>$30.000 <\/strong>.<\/li>\n<\/ul>\n\n\n\n<ul class=\"wp-block-list\">\n<li>El horario de salida de la Navegaci\u00f3n Buenos Aires\/Colonia est\u00e1 programado en el servicio de las 10.30 hs. \/ Se debe recordar que se realiza tr\u00e1mite migratorio de salida del pa\u00eds y se debe contar con documentaci\u00f3n en perfecto estado y recgla.<\/li>\n\n\n\n<li>El horario de regreso desde Colonia puede variar: 18.00 hs. \u00f3 20.30 hs. \/ Est\u00e1n sujetos\u00a0 a la operatividad y la confirmaci\u00f3n del prestador de servicios Colonia Express.<\/li>\n<\/ul>\n\n\n\n<p><strong>Las opciones para el almuerzo en Colonia son las siguientes:<\/strong><\/p>\n\n\n\n<p>\u2013 Plato principal: Muslo de pollo o Carr\u00e9 de cerdo ambos a la brasa con Pur\u00e9 de papas o Ensalada Mixta (se puede solicitar apto cel\u00edaco) \/ Pasta casera del d\u00eda. Salsa: Filetto\/Bolognesa\/Crema de puerro y champi\u00f1ones. \/ Milanesa de carne a la pizza con ensalada coleslow o fritas. \/ Pesca del d\u00eda con pur\u00e9 de papas o verduras asadas. \/ Raviolones rellenos de calabaza y mozzarella. Salsa: Filetto\/Pesto.<\/p>\n\n\n\n<p>\u2013 Postre: Crema de caramelo o ensalada de frutas (Dependiendo el d\u00eda).<\/p>\n","protected":false},"excerpt":{"rendered":"<p>Pase\u00e1 por calles llenas de cultura, historia y gastronom\u00eda, y viv\u00ed la experiencia de dos destinos imperdibles en un solo viaje. Una escapada perfecta para disfrutar, conocer y relajarte.<\/p>\n","protected":false},"author":2,"featured_media":153980,"comment_status":"closed","ping_status":"open","sticky":false,"template":"","format":"standard","meta":{"_acf_changed":false,"footnotes":""},"categories":[6,5],"tags":[617,16,88,715,612,102],"class_list":["post-153978","post","type-post","status-publish","format-standard","has-post-thumbnail","hentry","category-argentina","category-paquetes","tag-617","tag-argentina","tag-buenos-aires","tag-colonia","tag-uruguay","tag-vacaciones-de-julio","category-6","category-5","description-off"],"acf":[],"yoast_head":"<!-- This site is optimized with the Yoast SEO plugin v28.4 - https:\/\/yoast.com\/product\/yoast-seo-wordpress\/ -->\n<title>BUENOS AIRES &amp; COLONIA DEL SACRAMENTO-Octubre a Diciembre - Basa<\/title>\n<meta name=\"robots\" content=\"index, follow, max-snippet:-1, max-image-preview:large, max-video-preview:-1\" \/>\n<link rel=\"canonical\" href=\"https:\/\/basaworldtravel.com.ar\/sitio\/2026\/08\/buenos-aires-colonia-del-sacramentostl\/\" \/>\n<meta property=\"og:locale\" content=\"es_ES\" \/>\n<meta property=\"og:type\" content=\"article\" \/>\n<meta property=\"og:title\" content=\"BUENOS AIRES &amp; COLONIA DEL SACRAMENTO-Octubre a Diciembre - Basa\" \/>\n<meta property=\"og:description\" content=\"Pase\u00e1 por calles llenas de cultura, historia y gastronom\u00eda, y viv\u00ed la experiencia de dos destinos imperdibles en un solo viaje. Una escapada perfecta para disfrutar, conocer y relajarte.\" \/>\n<meta property=\"og:url\" content=\"https:\/\/basaworldtravel.com.ar\/sitio\/2026\/08\/buenos-aires-colonia-del-sacramentostl\/\" \/>\n<meta property=\"og:site_name\" content=\"Basa\" \/>\n<meta property=\"article:published_time\" content=\"2026-08-25T11:56:16+00:00\" \/>\n<meta property=\"article:modified_time\" content=\"2026-08-25T11:59:38+00:00\" \/>\n<meta property=\"og:image\" content=\"https:\/\/basaworldtravel.com.ar\/sitio\/wp-content\/uploads\/2025\/04\/COLONIA.jpg\" \/>\n\t<meta property=\"og:image:width\" content=\"960\" \/>\n\t<meta property=\"og:image:height\" content=\"639\" \/>\n\t<meta property=\"og:image:type\" content=\"image\/jpeg\" \/>\n<meta name=\"author\" content=\"BasaWeb\" \/>\n<meta name=\"twitter:card\" content=\"summary_large_image\" \/>\n<meta name=\"twitter:label1\" content=\"Escrito por\" \/>\n\t<meta name=\"twitter:data1\" content=\"BasaWeb\" \/>\n\t<meta name=\"twitter:label2\" content=\"Tiempo de lectura\" \/>\n\t<meta name=\"twitter:data2\" content=\"3 minutos\" \/>\n<script type=\"application\/ld+json\" class=\"yoast-schema-graph\">{\"@context\":\"https:\\\/\\\/schema.org\",\"@graph\":[{\"@type\":\"Article\",\"@id\":\"https:\\\/\\\/basaworldtravel.com.ar\\\/sitio\\\/2026\\\/08\\\/buenos-aires-colonia-del-sacramentostl\\\/#article\",\"isPartOf\":{\"@id\":\"https:\\\/\\\/basaworldtravel.com.ar\\\/sitio\\\/2026\\\/08\\\/buenos-aires-colonia-del-sacramentostl\\\/\"},\"author\":{\"name\":\"BasaWeb\",\"@id\":\"https:\\\/\\\/basaworldtravel.com.ar\\\/sitio\\\/#\\\/schema\\\/person\\\/d89b1d641794d338c41cd3818beabd4c\"},\"headline\":\"BUENOS AIRES &amp; COLONIA DEL SACRAMENTO-Octubre a Diciembre\",\"datePublished\":\"2026-08-25T11:56:16+00:00\",\"dateModified\":\"2026-08-25T11:59:38+00:00\",\"mainEntityOfPage\":{\"@id\":\"https:\\\/\\\/basaworldtravel.com.ar\\\/sitio\\\/2026\\\/08\\\/buenos-aires-colonia-del-sacramentostl\\\/\"},\"wordCount\":607,\"image\":{\"@id\":\"https:\\\/\\\/basaworldtravel.com.ar\\\/sitio\\\/2026\\\/08\\\/buenos-aires-colonia-del-sacramentostl\\\/#primaryimage\"},\"thumbnailUrl\":\"https:\\\/\\\/basaworldtravel.com.ar\\\/sitio\\\/wp-content\\\/uploads\\\/2025\\\/04\\\/COLONIA.jpg\",\"keywords\":[\"2025\",\"ARGENTINA\",\"BUENOS AIRES\",\"COLONIA\",\"uruguay\",\"VACACIONES DE JULIO\"],\"articleSection\":[\"Argentina\",\"Paquetes\"],\"inLanguage\":\"es\"},{\"@type\":\"WebPage\",\"@id\":\"https:\\\/\\\/basaworldtravel.com.ar\\\/sitio\\\/2026\\\/08\\\/buenos-aires-colonia-del-sacramentostl\\\/\",\"url\":\"https:\\\/\\\/basaworldtravel.com.ar\\\/sitio\\\/2026\\\/08\\\/buenos-aires-colonia-del-sacramentostl\\\/\",\"name\":\"BUENOS AIRES &amp; COLONIA DEL SACRAMENTO-Octubre a Diciembre - Basa\",\"isPartOf\":{\"@id\":\"https:\\\/\\\/basaworldtravel.com.ar\\\/sitio\\\/#website\"},\"primaryImageOfPage\":{\"@id\":\"https:\\\/\\\/basaworldtravel.com.ar\\\/sitio\\\/2026\\\/08\\\/buenos-aires-colonia-del-sacramentostl\\\/#primaryimage\"},\"image\":{\"@id\":\"https:\\\/\\\/basaworldtravel.com.ar\\\/sitio\\\/2026\\\/08\\\/buenos-aires-colonia-del-sacramentostl\\\/#primaryimage\"},\"thumbnailUrl\":\"https:\\\/\\\/basaworldtravel.com.ar\\\/sitio\\\/wp-content\\\/uploads\\\/2025\\\/04\\\/COLONIA.jpg\",\"datePublished\":\"2026-08-25T11:56:16+00:00\",\"dateModified\":\"2026-08-25T11:59:38+00:00\",\"author\":{\"@id\":\"https:\\\/\\\/basaworldtravel.com.ar\\\/sitio\\\/#\\\/schema\\\/person\\\/d89b1d641794d338c41cd3818beabd4c\"},\"breadcrumb\":{\"@id\":\"https:\\\/\\\/basaworldtravel.com.ar\\\/sitio\\\/2026\\\/08\\\/buenos-aires-colonia-del-sacramentostl\\\/#breadcrumb\"},\"inLanguage\":\"es\",\"potentialAction\":[{\"@type\":\"ReadAction\",\"target\":[\"https:\\\/\\\/basaworldtravel.com.ar\\\/sitio\\\/2026\\\/08\\\/buenos-aires-colonia-del-sacramentostl\\\/\"]}]},{\"@type\":\"ImageObject\",\"inLanguage\":\"es\",\"@id\":\"https:\\\/\\\/basaworldtravel.com.ar\\\/sitio\\\/2026\\\/08\\\/buenos-aires-colonia-del-sacramentostl\\\/#primaryimage\",\"url\":\"https:\\\/\\\/basaworldtravel.com.ar\\\/sitio\\\/wp-content\\\/uploads\\\/2025\\\/04\\\/COLONIA.jpg\",\"contentUrl\":\"https:\\\/\\\/basaworldtravel.com.ar\\\/sitio\\\/wp-content\\\/uploads\\\/2025\\\/04\\\/COLONIA.jpg\",\"width\":960,\"height\":639},{\"@type\":\"BreadcrumbList\",\"@id\":\"https:\\\/\\\/basaworldtravel.com.ar\\\/sitio\\\/2026\\\/08\\\/buenos-aires-colonia-del-sacramentostl\\\/#breadcrumb\",\"itemListElement\":[{\"@type\":\"ListItem\",\"position\":1,\"name\":\"Portada\",\"item\":\"https:\\\/\\\/basaworldtravel.com.ar\\\/sitio\\\/\"},{\"@type\":\"ListItem\",\"position\":2,\"name\":\"BUENOS AIRES &amp; COLONIA DEL SACRAMENTO-Octubre a Diciembre\"}]},{\"@type\":\"WebSite\",\"@id\":\"https:\\\/\\\/basaworldtravel.com.ar\\\/sitio\\\/#website\",\"url\":\"https:\\\/\\\/basaworldtravel.com.ar\\\/sitio\\\/\",\"name\":\"Basa\",\"description\":\"World Travel\",\"potentialAction\":[{\"@type\":\"SearchAction\",\"target\":{\"@type\":\"EntryPoint\",\"urlTemplate\":\"https:\\\/\\\/basaworldtravel.com.ar\\\/sitio\\\/?s={search_term_string}\"},\"query-input\":{\"@type\":\"PropertyValueSpecification\",\"valueRequired\":true,\"valueName\":\"search_term_string\"}}],\"inLanguage\":\"es\"},{\"@type\":\"Person\",\"@id\":\"https:\\\/\\\/basaworldtravel.com.ar\\\/sitio\\\/#\\\/schema\\\/person\\\/d89b1d641794d338c41cd3818beabd4c\",\"name\":\"BasaWeb\",\"image\":{\"@type\":\"ImageObject\",\"inLanguage\":\"es\",\"@id\":\"https:\\\/\\\/secure.gravatar.com\\\/avatar\\\/13e699648957af0aba903942fee2a1fc533d92bcd43fcf375a4df1edc2708698?s=96&d=mm&r=g\",\"url\":\"https:\\\/\\\/secure.gravatar.com\\\/avatar\\\/13e699648957af0aba903942fee2a1fc533d92bcd43fcf375a4df1edc2708698?s=96&d=mm&r=g\",\"contentUrl\":\"https:\\\/\\\/secure.gravatar.com\\\/avatar\\\/13e699648957af0aba903942fee2a1fc533d92bcd43fcf375a4df1edc2708698?s=96&d=mm&r=g\",\"caption\":\"BasaWeb\"},\"url\":\"https:\\\/\\\/basaworldtravel.com.ar\\\/sitio\\\/author\\\/basaweb\\\/\"}]}<\/script>\n<!-- \/ Yoast SEO plugin. -->","yoast_head_json":{"title":"BUENOS AIRES &amp; COLONIA DEL SACRAMENTO-Octubre a Diciembre - Basa","robots":{"index":"index","follow":"follow","max-snippet":"max-snippet:-1","max-image-preview":"max-image-preview:large","max-video-preview":"max-video-preview:-1"},"canonical":"https:\/\/basaworldtravel.com.ar\/sitio\/2026\/08\/buenos-aires-colonia-del-sacramentostl\/","og_locale":"es_ES","og_type":"article","og_title":"BUENOS AIRES &amp; COLONIA DEL SACRAMENTO-Octubre a Diciembre - Basa","og_description":"Pase\u00e1 por calles llenas de cultura, historia y gastronom\u00eda, y viv\u00ed la experiencia de dos destinos imperdibles en un solo viaje. Una escapada perfecta para disfrutar, conocer y relajarte.","og_url":"https:\/\/basaworldtravel.com.ar\/sitio\/2026\/08\/buenos-aires-colonia-del-sacramentostl\/","og_site_name":"Basa","article_published_time":"2026-08-25T11:56:16+00:00","article_modified_time":"2026-08-25T11:59:38+00:00","og_image":[{"width":960,"height":639,"url":"https:\/\/basaworldtravel.com.ar\/sitio\/wp-content\/uploads\/2025\/04\/COLONIA.jpg","type":"image\/jpeg"}],"author":"BasaWeb","twitter_card":"summary_large_image","twitter_misc":{"Escrito por":"BasaWeb","Tiempo de lectura":"3 minutos"},"schema":{"@context":"https:\/\/schema.org","@graph":[{"@type":"Article","@id":"https:\/\/basaworldtravel.com.ar\/sitio\/2026\/08\/buenos-aires-colonia-del-sacramentostl\/#article","isPartOf":{"@id":"https:\/\/basaworldtravel.com.ar\/sitio\/2026\/08\/buenos-aires-colonia-del-sacramentostl\/"},"author":{"name":"BasaWeb","@id":"https:\/\/basaworldtravel.com.ar\/sitio\/#\/schema\/person\/d89b1d641794d338c41cd3818beabd4c"},"headline":"BUENOS AIRES &amp; COLONIA DEL SACRAMENTO-Octubre a Diciembre","datePublished":"2026-08-25T11:56:16+00:00","dateModified":"2026-08-25T11:59:38+00:00","mainEntityOfPage":{"@id":"https:\/\/basaworldtravel.com.ar\/sitio\/2026\/08\/buenos-aires-colonia-del-sacramentostl\/"},"wordCount":607,"image":{"@id":"https:\/\/basaworldtravel.com.ar\/sitio\/2026\/08\/buenos-aires-colonia-del-sacramentostl\/#primaryimage"},"thumbnailUrl":"https:\/\/basaworldtravel.com.ar\/sitio\/wp-content\/uploads\/2025\/04\/COLONIA.jpg","keywords":["2025","ARGENTINA","BUENOS AIRES","COLONIA","uruguay","VACACIONES DE JULIO"],"articleSection":["Argentina","Paquetes"],"inLanguage":"es"},{"@type":"WebPage","@id":"https:\/\/basaworldtravel.com.ar\/sitio\/2026\/08\/buenos-aires-colonia-del-sacramentostl\/","url":"https:\/\/basaworldtravel.com.ar\/sitio\/2026\/08\/buenos-aires-colonia-del-sacramentostl\/","name":"BUENOS AIRES &amp; COLONIA DEL SACRAMENTO-Octubre a Diciembre - Basa","isPartOf":{"@id":"https:\/\/basaworldtravel.com.ar\/sitio\/#website"},"primaryImageOfPage":{"@id":"https:\/\/basaworldtravel.com.ar\/sitio\/2026\/08\/buenos-aires-colonia-del-sacramentostl\/#primaryimage"},"image":{"@id":"https:\/\/basaworldtravel.com.ar\/sitio\/2026\/08\/buenos-aires-colonia-del-sacramentostl\/#primaryimage"},"thumbnailUrl":"https:\/\/basaworldtravel.com.ar\/sitio\/wp-content\/uploads\/2025\/04\/COLONIA.jpg","datePublished":"2026-08-25T11:56:16+00:00","dateModified":"2026-08-25T11:59:38+00:00","author":{"@id":"https:\/\/basaworldtravel.com.ar\/sitio\/#\/schema\/person\/d89b1d641794d338c41cd3818beabd4c"},"breadcrumb":{"@id":"https:\/\/basaworldtravel.com.ar\/sitio\/2026\/08\/buenos-aires-colonia-del-sacramentostl\/#breadcrumb"},"inLanguage":"es","potentialAction":[{"@type":"ReadAction","target":["https:\/\/basaworldtravel.com.ar\/sitio\/2026\/08\/buenos-aires-colonia-del-sacramentostl\/"]}]},{"@type":"ImageObject","inLanguage":"es","@id":"https:\/\/basaworldtravel.com.ar\/sitio\/2026\/08\/buenos-aires-colonia-del-sacramentostl\/#primaryimage","url":"https:\/\/basaworldtravel.com.ar\/sitio\/wp-content\/uploads\/2025\/04\/COLONIA.jpg","contentUrl":"https:\/\/basaworldtravel.com.ar\/sitio\/wp-content\/uploads\/2025\/04\/COLONIA.jpg","width":960,"height":639},{"@type":"BreadcrumbList","@id":"https:\/\/basaworldtravel.com.ar\/sitio\/2026\/08\/buenos-aires-colonia-del-sacramentostl\/#breadcrumb","itemListElement":[{"@type":"ListItem","position":1,"name":"Portada","item":"https:\/\/basaworldtravel.com.ar\/sitio\/"},{"@type":"ListItem","position":2,"name":"BUENOS AIRES &amp; COLONIA DEL SACRAMENTO-Octubre a Diciembre"}]},{"@type":"WebSite","@id":"https:\/\/basaworldtravel.com.ar\/sitio\/#website","url":"https:\/\/basaworldtravel.com.ar\/sitio\/","name":"Basa","description":"World Travel","potentialAction":[{"@type":"SearchAction","target":{"@type":"EntryPoint","urlTemplate":"https:\/\/basaworldtravel.com.ar\/sitio\/?s={search_term_string}"},"query-input":{"@type":"PropertyValueSpecification","valueRequired":true,"valueName":"search_term_string"}}],"inLanguage":"es"},{"@type":"Person","@id":"https:\/\/basaworldtravel.com.ar\/sitio\/#\/schema\/person\/d89b1d641794d338c41cd3818beabd4c","name":"BasaWeb","image":{"@type":"ImageObject","inLanguage":"es","@id":"https:\/\/secure.gravatar.com\/avatar\/13e699648957af0aba903942fee2a1fc533d92bcd43fcf375a4df1edc2708698?s=96&d=mm&r=g","url":"https:\/\/secure.gravatar.com\/avatar\/13e699648957af0aba903942fee2a1fc533d92bcd43fcf375a4df1edc2708698?s=96&d=mm&r=g","contentUrl":"https:\/\/secure.gravatar.com\/avatar\/13e699648957af0aba903942fee2a1fc533d92bcd43fcf375a4df1edc2708698?s=96&d=mm&r=g","caption":"BasaWeb"},"url":"https:\/\/basaworldtravel.com.ar\/sitio\/author\/basaweb\/"}]}},"_links":{"self":[{"href":"https:\/\/basaworldtravel.com.ar\/sitio\/wp-json\/wp\/v2\/posts\/153978","targetHints":{"allow":["GET"]}}],"collection":[{"href":"https:\/\/basaworldtravel.com.ar\/sitio\/wp-json\/wp\/v2\/posts"}],"about":[{"href":"https:\/\/basaworldtravel.com.ar\/sitio\/wp-json\/wp\/v2\/types\/post"}],"author":[{"embeddable":true,"href":"https:\/\/basaworldtravel.com.ar\/sitio\/wp-json\/wp\/v2\/users\/2"}],"replies":[{"embeddable":true,"href":"https:\/\/basaworldtravel.com.ar\/sitio\/wp-json\/wp\/v2\/comments?post=153978"}],"version-history":[{"count":4,"href":"https:\/\/basaworldtravel.com.ar\/sitio\/wp-json\/wp\/v2\/posts\/153978\/revisions"}],"predecessor-version":[{"id":157552,"href":"https:\/\/basaworldtravel.com.ar\/sitio\/wp-json\/wp\/v2\/posts\/153978\/revisions\/157552"}],"wp:featuredmedia":[{"embeddable":true,"href":"https:\/\/basaworldtravel.com.ar\/sitio\/wp-json\/wp\/v2\/media\/153980"}],"wp:attachment":[{"href":"https:\/\/basaworldtravel.com.ar\/sitio\/wp-json\/wp\/v2\/media?parent=153978"}],"wp:term":[{"taxonomy":"category","embeddable":true,"href":"https:\/\/basaworldtravel.com.ar\/sitio\/wp-json\/wp\/v2\/categories?post=153978"},{"taxonomy":"post_tag","embeddable":true,"href":"https:\/\/basaworldtravel.com.ar\/sitio\/wp-json\/wp\/v2\/tags?post=153978"}],"curies":[{"name":"wp","href":"https:\/\/api.w.org\/{rel}","templated":true}]}}