{"id":153976,"date":"2026-04-10T08:44:30","date_gmt":"2026-04-10T11:44:30","guid":{"rendered":"https:\/\/basaworldtravel.com.ar\/?p=153976"},"modified":"2026-04-10T08:44:31","modified_gmt":"2026-04-10T11:44:31","slug":"buenos-aires-vacaciones-de-julio","status":"publish","type":"post","link":"https:\/\/basaworldtravel.com.ar\/sitio\/2026\/04\/buenos-aires-vacaciones-de-julio\/","title":{"rendered":"BUENOS AIRES-VACACIONES DE JULIO"},"content":{"rendered":"\n<p>Salida 11, 18 y 25 de Julio <\/p>\n\n\n\n<p>Bus Charter SEMICAMA<\/p>\n\n\n\n<p>Coordinador Permanente<\/p>\n\n\n\n<p>02 noches de Alojamiento en Buenos Aires. Establecimiento y R\u00e9gimen seg\u00fan elecci\u00f3n.<br>Servicios incluidos: DESAYUNO Bienvenida! + City Tour ciudad de Buenos Aires + Visita a Tigre (en viaje de regreso).<br>Incluye Seguro de Asistencia al Viajero Nacional sin l\u00edmite de edad<\/p>\n\n\n\n<p><strong>Hotel Napole\u00f3n ***<\/strong> Standard www.hotel-napoleon.com.ar $ 253.000 por persona en base doble<\/p>\n\n\n\n<p><strong>Hotel Imperial Park *** <\/strong>Standard www.imperialparkhotel.com-website.com $ 273.250 por persona en base doble<\/p>\n\n\n\n<p><strong>Observaciones: *<\/strong> Fecha de salida corresponde a d\u00eda de ingreso en a destino y hoteles<\/p>\n\n\n\n<p><\/p>\n\n\n\n<p>NO INCLUYE Servicio a bordo. <\/p>\n\n\n\n<p>NO INCLUYE Servicios NO especificados. <\/p>\n\n\n\n<p><strong>Pol\u00edtica de Menores<\/strong>: INFOA Menor de 0 a 3 a\u00f1os inclusive sin cargo sin servicio, s\u00f3lo abona seguro (compartiendo habitaci\u00f3n con m\u00ednimo de 2 Adultos pagantes). S\u00f3lo 1 INFOA por habitaci\u00f3n. 4 a\u00f1os cumplidos (o seg\u00fan Hotel seleccionado), abona como Adulto el 100% de la Tarifa. <\/p>\n\n\n\n<p>Valor de solo Butaca Semicama para menores de 0 a 3 a\u00f1os $ 130.000<\/p>\n\n\n\n<p><\/p>\n\n\n\n<p><br><\/p>\n\n\n\n<p><br><\/p>\n","protected":false},"excerpt":{"rendered":"<p>La capital vibrante de Argentina , que atrae a visitantes de todo el mundo!<\/p>\n","protected":false},"author":2,"featured_media":145639,"comment_status":"closed","ping_status":"open","sticky":false,"template":"","format":"standard","meta":{"_acf_changed":false,"footnotes":""},"categories":[6,5],"tags":[617,16,88,102],"class_list":["post-153976","post","type-post","status-publish","format-standard","has-post-thumbnail","hentry","category-argentina","category-paquetes","tag-617","tag-argentina","tag-buenos-aires","tag-vacaciones-de-julio","category-6","category-5","description-off"],"acf":[],"yoast_head":"<!-- This site is optimized with the Yoast SEO plugin v28.4 - https:\/\/yoast.com\/product\/yoast-seo-wordpress\/ -->\n<title>BUENOS AIRES-VACACIONES DE JULIO - Basa<\/title>\n<meta name=\"robots\" content=\"index, follow, max-snippet:-1, max-image-preview:large, max-video-preview:-1\" \/>\n<link rel=\"canonical\" href=\"https:\/\/basaworldtravel.com.ar\/sitio\/2026\/04\/buenos-aires-vacaciones-de-julio\/\" \/>\n<meta property=\"og:locale\" content=\"es_ES\" \/>\n<meta property=\"og:type\" content=\"article\" \/>\n<meta property=\"og:title\" content=\"BUENOS AIRES-VACACIONES DE JULIO - Basa\" \/>\n<meta property=\"og:description\" content=\"La capital vibrante de Argentina , que atrae a visitantes de todo el mundo!\" \/>\n<meta property=\"og:url\" content=\"https:\/\/basaworldtravel.com.ar\/sitio\/2026\/04\/buenos-aires-vacaciones-de-julio\/\" \/>\n<meta property=\"og:site_name\" content=\"Basa\" \/>\n<meta property=\"article:published_time\" content=\"2026-04-10T11:44:30+00:00\" \/>\n<meta property=\"article:modified_time\" content=\"2026-04-10T11:44:31+00:00\" \/>\n<meta property=\"og:image\" content=\"https:\/\/basaworldtravel.com.ar\/sitio\/wp-content\/uploads\/2023\/08\/Buenos-Aires-City-Buenos-Aires-Argentina-Buenos-Aires-4K.jpg\" \/>\n\t<meta property=\"og:image:width\" content=\"736\" \/>\n\t<meta property=\"og:image:height\" content=\"1104\" \/>\n\t<meta property=\"og:image:type\" content=\"image\/jpeg\" \/>\n<meta name=\"author\" content=\"BasaWeb\" \/>\n<meta name=\"twitter:card\" content=\"summary_large_image\" \/>\n<meta name=\"twitter:label1\" content=\"Escrito por\" \/>\n\t<meta name=\"twitter:data1\" content=\"BasaWeb\" \/>\n\t<meta name=\"twitter:label2\" content=\"Tiempo de lectura\" \/>\n\t<meta name=\"twitter:data2\" content=\"1 minuto\" \/>\n<script type=\"application\/ld+json\" class=\"yoast-schema-graph\">{\"@context\":\"https:\\\/\\\/schema.org\",\"@graph\":[{\"@type\":\"Article\",\"@id\":\"https:\\\/\\\/basaworldtravel.com.ar\\\/sitio\\\/2026\\\/04\\\/buenos-aires-vacaciones-de-julio\\\/#article\",\"isPartOf\":{\"@id\":\"https:\\\/\\\/basaworldtravel.com.ar\\\/sitio\\\/2026\\\/04\\\/buenos-aires-vacaciones-de-julio\\\/\"},\"author\":{\"name\":\"BasaWeb\",\"@id\":\"https:\\\/\\\/basaworldtravel.com.ar\\\/sitio\\\/#\\\/schema\\\/person\\\/d89b1d641794d338c41cd3818beabd4c\"},\"headline\":\"BUENOS AIRES-VACACIONES DE JULIO\",\"datePublished\":\"2026-04-10T11:44:30+00:00\",\"dateModified\":\"2026-04-10T11:44:31+00:00\",\"mainEntityOfPage\":{\"@id\":\"https:\\\/\\\/basaworldtravel.com.ar\\\/sitio\\\/2026\\\/04\\\/buenos-aires-vacaciones-de-julio\\\/\"},\"wordCount\":167,\"image\":{\"@id\":\"https:\\\/\\\/basaworldtravel.com.ar\\\/sitio\\\/2026\\\/04\\\/buenos-aires-vacaciones-de-julio\\\/#primaryimage\"},\"thumbnailUrl\":\"https:\\\/\\\/basaworldtravel.com.ar\\\/sitio\\\/wp-content\\\/uploads\\\/2023\\\/08\\\/Buenos-Aires-City-Buenos-Aires-Argentina-Buenos-Aires-4K.jpg\",\"keywords\":[\"2025\",\"ARGENTINA\",\"BUENOS AIRES\",\"VACACIONES DE JULIO\"],\"articleSection\":[\"Argentina\",\"Paquetes\"],\"inLanguage\":\"es\"},{\"@type\":\"WebPage\",\"@id\":\"https:\\\/\\\/basaworldtravel.com.ar\\\/sitio\\\/2026\\\/04\\\/buenos-aires-vacaciones-de-julio\\\/\",\"url\":\"https:\\\/\\\/basaworldtravel.com.ar\\\/sitio\\\/2026\\\/04\\\/buenos-aires-vacaciones-de-julio\\\/\",\"name\":\"BUENOS AIRES-VACACIONES DE JULIO - Basa\",\"isPartOf\":{\"@id\":\"https:\\\/\\\/basaworldtravel.com.ar\\\/sitio\\\/#website\"},\"primaryImageOfPage\":{\"@id\":\"https:\\\/\\\/basaworldtravel.com.ar\\\/sitio\\\/2026\\\/04\\\/buenos-aires-vacaciones-de-julio\\\/#primaryimage\"},\"image\":{\"@id\":\"https:\\\/\\\/basaworldtravel.com.ar\\\/sitio\\\/2026\\\/04\\\/buenos-aires-vacaciones-de-julio\\\/#primaryimage\"},\"thumbnailUrl\":\"https:\\\/\\\/basaworldtravel.com.ar\\\/sitio\\\/wp-content\\\/uploads\\\/2023\\\/08\\\/Buenos-Aires-City-Buenos-Aires-Argentina-Buenos-Aires-4K.jpg\",\"datePublished\":\"2026-04-10T11:44:30+00:00\",\"dateModified\":\"2026-04-10T11:44:31+00:00\",\"author\":{\"@id\":\"https:\\\/\\\/basaworldtravel.com.ar\\\/sitio\\\/#\\\/schema\\\/person\\\/d89b1d641794d338c41cd3818beabd4c\"},\"breadcrumb\":{\"@id\":\"https:\\\/\\\/basaworldtravel.com.ar\\\/sitio\\\/2026\\\/04\\\/buenos-aires-vacaciones-de-julio\\\/#breadcrumb\"},\"inLanguage\":\"es\",\"potentialAction\":[{\"@type\":\"ReadAction\",\"target\":[\"https:\\\/\\\/basaworldtravel.com.ar\\\/sitio\\\/2026\\\/04\\\/buenos-aires-vacaciones-de-julio\\\/\"]}]},{\"@type\":\"ImageObject\",\"inLanguage\":\"es\",\"@id\":\"https:\\\/\\\/basaworldtravel.com.ar\\\/sitio\\\/2026\\\/04\\\/buenos-aires-vacaciones-de-julio\\\/#primaryimage\",\"url\":\"https:\\\/\\\/basaworldtravel.com.ar\\\/sitio\\\/wp-content\\\/uploads\\\/2023\\\/08\\\/Buenos-Aires-City-Buenos-Aires-Argentina-Buenos-Aires-4K.jpg\",\"contentUrl\":\"https:\\\/\\\/basaworldtravel.com.ar\\\/sitio\\\/wp-content\\\/uploads\\\/2023\\\/08\\\/Buenos-Aires-City-Buenos-Aires-Argentina-Buenos-Aires-4K.jpg\",\"width\":736,\"height\":1104},{\"@type\":\"BreadcrumbList\",\"@id\":\"https:\\\/\\\/basaworldtravel.com.ar\\\/sitio\\\/2026\\\/04\\\/buenos-aires-vacaciones-de-julio\\\/#breadcrumb\",\"itemListElement\":[{\"@type\":\"ListItem\",\"position\":1,\"name\":\"Portada\",\"item\":\"https:\\\/\\\/basaworldtravel.com.ar\\\/sitio\\\/\"},{\"@type\":\"ListItem\",\"position\":2,\"name\":\"BUENOS AIRES-VACACIONES DE JULIO\"}]},{\"@type\":\"WebSite\",\"@id\":\"https:\\\/\\\/basaworldtravel.com.ar\\\/sitio\\\/#website\",\"url\":\"https:\\\/\\\/basaworldtravel.com.ar\\\/sitio\\\/\",\"name\":\"Basa\",\"description\":\"World Travel\",\"potentialAction\":[{\"@type\":\"SearchAction\",\"target\":{\"@type\":\"EntryPoint\",\"urlTemplate\":\"https:\\\/\\\/basaworldtravel.com.ar\\\/sitio\\\/?s={search_term_string}\"},\"query-input\":{\"@type\":\"PropertyValueSpecification\",\"valueRequired\":true,\"valueName\":\"search_term_string\"}}],\"inLanguage\":\"es\"},{\"@type\":\"Person\",\"@id\":\"https:\\\/\\\/basaworldtravel.com.ar\\\/sitio\\\/#\\\/schema\\\/person\\\/d89b1d641794d338c41cd3818beabd4c\",\"name\":\"BasaWeb\",\"image\":{\"@type\":\"ImageObject\",\"inLanguage\":\"es\",\"@id\":\"https:\\\/\\\/secure.gravatar.com\\\/avatar\\\/13e699648957af0aba903942fee2a1fc533d92bcd43fcf375a4df1edc2708698?s=96&d=mm&r=g\",\"url\":\"https:\\\/\\\/secure.gravatar.com\\\/avatar\\\/13e699648957af0aba903942fee2a1fc533d92bcd43fcf375a4df1edc2708698?s=96&d=mm&r=g\",\"contentUrl\":\"https:\\\/\\\/secure.gravatar.com\\\/avatar\\\/13e699648957af0aba903942fee2a1fc533d92bcd43fcf375a4df1edc2708698?s=96&d=mm&r=g\",\"caption\":\"BasaWeb\"},\"url\":\"https:\\\/\\\/basaworldtravel.com.ar\\\/sitio\\\/author\\\/basaweb\\\/\"}]}<\/script>\n<!-- \/ Yoast SEO plugin. -->","yoast_head_json":{"title":"BUENOS AIRES-VACACIONES DE JULIO - Basa","robots":{"index":"index","follow":"follow","max-snippet":"max-snippet:-1","max-image-preview":"max-image-preview:large","max-video-preview":"max-video-preview:-1"},"canonical":"https:\/\/basaworldtravel.com.ar\/sitio\/2026\/04\/buenos-aires-vacaciones-de-julio\/","og_locale":"es_ES","og_type":"article","og_title":"BUENOS AIRES-VACACIONES DE JULIO - Basa","og_description":"La capital vibrante de Argentina , que atrae a visitantes de todo el mundo!","og_url":"https:\/\/basaworldtravel.com.ar\/sitio\/2026\/04\/buenos-aires-vacaciones-de-julio\/","og_site_name":"Basa","article_published_time":"2026-04-10T11:44:30+00:00","article_modified_time":"2026-04-10T11:44:31+00:00","og_image":[{"width":736,"height":1104,"url":"https:\/\/basaworldtravel.com.ar\/sitio\/wp-content\/uploads\/2023\/08\/Buenos-Aires-City-Buenos-Aires-Argentina-Buenos-Aires-4K.jpg","type":"image\/jpeg"}],"author":"BasaWeb","twitter_card":"summary_large_image","twitter_misc":{"Escrito por":"BasaWeb","Tiempo de lectura":"1 minuto"},"schema":{"@context":"https:\/\/schema.org","@graph":[{"@type":"Article","@id":"https:\/\/basaworldtravel.com.ar\/sitio\/2026\/04\/buenos-aires-vacaciones-de-julio\/#article","isPartOf":{"@id":"https:\/\/basaworldtravel.com.ar\/sitio\/2026\/04\/buenos-aires-vacaciones-de-julio\/"},"author":{"name":"BasaWeb","@id":"https:\/\/basaworldtravel.com.ar\/sitio\/#\/schema\/person\/d89b1d641794d338c41cd3818beabd4c"},"headline":"BUENOS AIRES-VACACIONES DE JULIO","datePublished":"2026-04-10T11:44:30+00:00","dateModified":"2026-04-10T11:44:31+00:00","mainEntityOfPage":{"@id":"https:\/\/basaworldtravel.com.ar\/sitio\/2026\/04\/buenos-aires-vacaciones-de-julio\/"},"wordCount":167,"image":{"@id":"https:\/\/basaworldtravel.com.ar\/sitio\/2026\/04\/buenos-aires-vacaciones-de-julio\/#primaryimage"},"thumbnailUrl":"https:\/\/basaworldtravel.com.ar\/sitio\/wp-content\/uploads\/2023\/08\/Buenos-Aires-City-Buenos-Aires-Argentina-Buenos-Aires-4K.jpg","keywords":["2025","ARGENTINA","BUENOS AIRES","VACACIONES DE JULIO"],"articleSection":["Argentina","Paquetes"],"inLanguage":"es"},{"@type":"WebPage","@id":"https:\/\/basaworldtravel.com.ar\/sitio\/2026\/04\/buenos-aires-vacaciones-de-julio\/","url":"https:\/\/basaworldtravel.com.ar\/sitio\/2026\/04\/buenos-aires-vacaciones-de-julio\/","name":"BUENOS AIRES-VACACIONES DE JULIO - Basa","isPartOf":{"@id":"https:\/\/basaworldtravel.com.ar\/sitio\/#website"},"primaryImageOfPage":{"@id":"https:\/\/basaworldtravel.com.ar\/sitio\/2026\/04\/buenos-aires-vacaciones-de-julio\/#primaryimage"},"image":{"@id":"https:\/\/basaworldtravel.com.ar\/sitio\/2026\/04\/buenos-aires-vacaciones-de-julio\/#primaryimage"},"thumbnailUrl":"https:\/\/basaworldtravel.com.ar\/sitio\/wp-content\/uploads\/2023\/08\/Buenos-Aires-City-Buenos-Aires-Argentina-Buenos-Aires-4K.jpg","datePublished":"2026-04-10T11:44:30+00:00","dateModified":"2026-04-10T11:44:31+00:00","author":{"@id":"https:\/\/basaworldtravel.com.ar\/sitio\/#\/schema\/person\/d89b1d641794d338c41cd3818beabd4c"},"breadcrumb":{"@id":"https:\/\/basaworldtravel.com.ar\/sitio\/2026\/04\/buenos-aires-vacaciones-de-julio\/#breadcrumb"},"inLanguage":"es","potentialAction":[{"@type":"ReadAction","target":["https:\/\/basaworldtravel.com.ar\/sitio\/2026\/04\/buenos-aires-vacaciones-de-julio\/"]}]},{"@type":"ImageObject","inLanguage":"es","@id":"https:\/\/basaworldtravel.com.ar\/sitio\/2026\/04\/buenos-aires-vacaciones-de-julio\/#primaryimage","url":"https:\/\/basaworldtravel.com.ar\/sitio\/wp-content\/uploads\/2023\/08\/Buenos-Aires-City-Buenos-Aires-Argentina-Buenos-Aires-4K.jpg","contentUrl":"https:\/\/basaworldtravel.com.ar\/sitio\/wp-content\/uploads\/2023\/08\/Buenos-Aires-City-Buenos-Aires-Argentina-Buenos-Aires-4K.jpg","width":736,"height":1104},{"@type":"BreadcrumbList","@id":"https:\/\/basaworldtravel.com.ar\/sitio\/2026\/04\/buenos-aires-vacaciones-de-julio\/#breadcrumb","itemListElement":[{"@type":"ListItem","position":1,"name":"Portada","item":"https:\/\/basaworldtravel.com.ar\/sitio\/"},{"@type":"ListItem","position":2,"name":"BUENOS AIRES-VACACIONES DE JULIO"}]},{"@type":"WebSite","@id":"https:\/\/basaworldtravel.com.ar\/sitio\/#website","url":"https:\/\/basaworldtravel.com.ar\/sitio\/","name":"Basa","description":"World Travel","potentialAction":[{"@type":"SearchAction","target":{"@type":"EntryPoint","urlTemplate":"https:\/\/basaworldtravel.com.ar\/sitio\/?s={search_term_string}"},"query-input":{"@type":"PropertyValueSpecification","valueRequired":true,"valueName":"search_term_string"}}],"inLanguage":"es"},{"@type":"Person","@id":"https:\/\/basaworldtravel.com.ar\/sitio\/#\/schema\/person\/d89b1d641794d338c41cd3818beabd4c","name":"BasaWeb","image":{"@type":"ImageObject","inLanguage":"es","@id":"https:\/\/secure.gravatar.com\/avatar\/13e699648957af0aba903942fee2a1fc533d92bcd43fcf375a4df1edc2708698?s=96&d=mm&r=g","url":"https:\/\/secure.gravatar.com\/avatar\/13e699648957af0aba903942fee2a1fc533d92bcd43fcf375a4df1edc2708698?s=96&d=mm&r=g","contentUrl":"https:\/\/secure.gravatar.com\/avatar\/13e699648957af0aba903942fee2a1fc533d92bcd43fcf375a4df1edc2708698?s=96&d=mm&r=g","caption":"BasaWeb"},"url":"https:\/\/basaworldtravel.com.ar\/sitio\/author\/basaweb\/"}]}},"_links":{"self":[{"href":"https:\/\/basaworldtravel.com.ar\/sitio\/wp-json\/wp\/v2\/posts\/153976","targetHints":{"allow":["GET"]}}],"collection":[{"href":"https:\/\/basaworldtravel.com.ar\/sitio\/wp-json\/wp\/v2\/posts"}],"about":[{"href":"https:\/\/basaworldtravel.com.ar\/sitio\/wp-json\/wp\/v2\/types\/post"}],"author":[{"embeddable":true,"href":"https:\/\/basaworldtravel.com.ar\/sitio\/wp-json\/wp\/v2\/users\/2"}],"replies":[{"embeddable":true,"href":"https:\/\/basaworldtravel.com.ar\/sitio\/wp-json\/wp\/v2\/comments?post=153976"}],"version-history":[{"count":4,"href":"https:\/\/basaworldtravel.com.ar\/sitio\/wp-json\/wp\/v2\/posts\/153976\/revisions"}],"predecessor-version":[{"id":156313,"href":"https:\/\/basaworldtravel.com.ar\/sitio\/wp-json\/wp\/v2\/posts\/153976\/revisions\/156313"}],"wp:featuredmedia":[{"embeddable":true,"href":"https:\/\/basaworldtravel.com.ar\/sitio\/wp-json\/wp\/v2\/media\/145639"}],"wp:attachment":[{"href":"https:\/\/basaworldtravel.com.ar\/sitio\/wp-json\/wp\/v2\/media?parent=153976"}],"wp:term":[{"taxonomy":"category","embeddable":true,"href":"https:\/\/basaworldtravel.com.ar\/sitio\/wp-json\/wp\/v2\/categories?post=153976"},{"taxonomy":"post_tag","embeddable":true,"href":"https:\/\/basaworldtravel.com.ar\/sitio\/wp-json\/wp\/v2\/tags?post=153976"}],"curies":[{"name":"wp","href":"https:\/\/api.w.org\/{rel}","templated":true}]}}