{"id":153967,"date":"2026-04-15T10:15:13","date_gmt":"2026-04-15T13:15:13","guid":{"rendered":"https:\/\/basaworldtravel.com.ar\/?p=153967"},"modified":"2026-04-15T10:27:26","modified_gmt":"2026-04-15T13:27:26","slug":"temaiken","status":"publish","type":"post","link":"https:\/\/basaworldtravel.com.ar\/sitio\/2026\/04\/temaiken\/","title":{"rendered":"TEMAIKEN-Julio 2026"},"content":{"rendered":"\n<p>Salidas 04, 11 y 18 Julio 2026<\/p>\n\n\n\n<ul class=\"wp-block-list\">\n<li>Bus semicama- Adicional en butaca inferior del bus Piso inferior$40.000 por persona<\/li>\n\n\n\n<li>Coordinador en viaje<\/li>\n\n\n\n<li>Asistencia al viajero<\/li>\n\n\n\n<li>Servicio a bordo est\u00e1ndar<\/li>\n\n\n\n<li>Servicio en el d\u00eda<\/li>\n\n\n\n<li><a href=\"https:\/\/www.temaiken.org.ar\/bioparque\" target=\"_blank\" rel=\"noreferrer noopener\">Web del Bioparque<\/a><\/li>\n\n\n\n<li><strong>Observaciones:<\/strong>\u00a0El parque posee varios puestos gastron\u00f3micos para comidas r\u00e1pidas, restaurantes a la carta o confiter\u00eda. No pueden pre-comparse esos servicios.<\/li>\n<\/ul>\n\n\n\n<p><strong>$150.000<\/strong> por persona Adulto<\/p>\n\n\n\n<p>\u00a0<strong>$120.000<\/strong> por NI\u00f1o \/ Jubilado <\/p>\n\n\n\n<p>Las reservas se toman con una\u00a0<strong>se\u00f1a del\u00a030%.<\/strong><\/p>\n\n\n\n<ul class=\"wp-block-list\">\n<li>Las reservas sin se\u00f1a se dar\u00e1n de baja autom\u00e1ticamente\u00a0<strong>por sistema a las\u00a072hs.<\/strong><\/li>\n\n\n\n<li>El paquete debe estar saldado al\u00a0<strong>100%\u00a0<\/strong>hasta\u00a0<strong>10 d\u00edas\u00a0<\/strong>antes de la salida. Sin excepci\u00f3n.<\/li>\n\n\n\n<li>La empresa se reserva el derecho de\u00a0<strong>retener la emisi\u00f3n de vouchers<\/strong>\u00a0en reservas con saldo pendiente.<\/li>\n<\/ul>\n\n\n\n<p><strong>Observaciones:<\/strong><\/p>\n\n\n\n<ul class=\"wp-block-list\">\n<li>Fecha de salida corresponde al d\u00eda\u00a0<strong>del servicio.<\/strong><\/li>\n\n\n\n<li>Se debe informar debidamente al pasajero d\u00eda correcto de salida para evitar errores y\/o confusiones.<\/li>\n\n\n\n<li>Se aconseja informar correctamente a los pasajeros sobre la\u00a0<strong>larga duraci\u00f3n de los recorridos terrestres.<\/strong><\/li>\n\n\n\n<li>Se exige\u00a0<strong>documentaci\u00f3n en regla<\/strong>\u00a0para el embarque, sin excepci\u00f3n.<\/li>\n\n\n\n<li>Valores de excursiones opcionales son de\u00a0<strong>referencia<\/strong>\u00a0y est\u00e1n sujetas a variaciones sin previo aviso y cada prestador.<\/li>\n\n\n\n<li>Se debe informar al pasajero que los servicios<strong>\u00a0no garantizan horarios de regreso<\/strong>\u00a0acordes a cada exigencia personal.<\/li>\n\n\n\n<li>Para tarifas especiales con descuento para menores y jubilados, se podr\u00e1 solicitar al ingreso del parque la documentaci\u00f3n correspondiente para acreditar su veracidad.<\/li>\n<\/ul>\n\n\n\n<p><strong>Condiciones<\/strong><strong>&nbsp;Generales:<\/strong><\/p>\n\n\n\n<ul class=\"wp-block-list\">\n<li>Tarifas v\u00e1lidas de\u00a0<strong>Mayo a Junio 2026<\/strong>, expresadas en pesos argentinos por pasajero, m\u00e1s impuestos, en base seg\u00fan elecci\u00f3n, sujetas a cambios sin previo aviso.<br>Las tarifas ya est\u00e1n bonificadas para pago contado efectivo. Comisionables seg\u00fan convenio.<\/li>\n\n\n\n<li>Incluye servicio a bordo est\u00e1ndar.<\/li>\n\n\n\n<li><strong>No incluye<\/strong>\u00a0servicios\u00a0<strong>no<\/strong>\u00a0especificados.<\/li>\n\n\n\n<li>Embarque sujeto a\u00a0<strong>documentaci\u00f3n en regla<\/strong>.<\/li>\n\n\n\n<li>R\u00e9gimen de pensi\u00f3n\u00a0<strong>no incluye<\/strong>\u00a0bebidas.<\/li>\n\n\n\n<li>Unidad de bus semicama SEMICAMA = 58 \u00f3 60 \u00f3 62 y butacas en piso inferior con cupo limitado.<\/li>\n\n\n\n<li>Se recomienda ver Condiciones Generales.<\/li>\n<\/ul>\n\n\n\n<p><strong>Condiciones<\/strong><strong>&nbsp;Menores:<\/strong><\/p>\n\n\n\n<ul class=\"wp-block-list\">\n<li>INFOA Menor de 0 a 2 a\u00f1os inclusive sin cargo sin servicio, s\u00f3lo abona seguro (compartiendo servicio con m\u00ednimo de 1 Adulto pagante).<\/li>\n\n\n\n<li>CHILD menor de 3 a 10 a\u00f1os inclusive, abona tarifa especial. 11 a\u00f1os cumplidos, abona como adulto el 100% de la tarifa.<\/li>\n\n\n\n<li>Valor de s\u00f3lo\u00a0<strong>butaca semicama<\/strong>\u00a0para menores de 0 a 3 a\u00f1os\u00a0<strong>$140.000<\/strong>\u00a0. Consultar antes de ingresar la reserva.<\/li>\n\n\n\n<li>Seguro de asistencia nacional para INFOA\u00a0<strong>$20.000  .<\/strong><\/li>\n<\/ul>\n\n\n\n<p><\/p>\n","protected":false},"excerpt":{"rendered":"<p>Ven\u00ed a Temaik\u00e8n y descubr\u00ed un mundo lleno de naturaleza y diversi\u00f3n. Desde animales ex\u00f3ticos hasta jardines sorprendentes, es el plan perfecto para disfrutar en familia o con amigos. Una experiencia \u00fanica para aprender, explorar y vivir la fauna y flora de cerca.<\/p>\n","protected":false},"author":2,"featured_media":804,"comment_status":"closed","ping_status":"open","sticky":false,"template":"","format":"standard","meta":{"_acf_changed":false,"footnotes":""},"categories":[6,5,245],"tags":[703,16,88,151,23,102],"class_list":["post-153967","post","type-post","status-publish","format-standard","has-post-thumbnail","hentry","category-argentina","category-paquetes","category-sudamerica","tag-703","tag-argentina","tag-buenos-aires","tag-feriado","tag-temaiken","tag-vacaciones-de-julio","category-6","category-5","category-245","description-off"],"acf":[],"yoast_head":"<!-- This site is optimized with the Yoast SEO plugin v28.4 - https:\/\/yoast.com\/product\/yoast-seo-wordpress\/ -->\n<title>TEMAIKEN-Julio 2026 - Basa<\/title>\n<meta name=\"robots\" content=\"index, follow, max-snippet:-1, max-image-preview:large, max-video-preview:-1\" \/>\n<link rel=\"canonical\" href=\"https:\/\/basaworldtravel.com.ar\/sitio\/2026\/04\/temaiken\/\" \/>\n<meta property=\"og:locale\" content=\"es_ES\" \/>\n<meta property=\"og:type\" content=\"article\" \/>\n<meta property=\"og:title\" content=\"TEMAIKEN-Julio 2026 - Basa\" \/>\n<meta property=\"og:description\" content=\"Ven\u00ed a Temaik\u00e8n y descubr\u00ed un mundo lleno de naturaleza y diversi\u00f3n. Desde animales ex\u00f3ticos hasta jardines sorprendentes, es el plan perfecto para disfrutar en familia o con amigos. Una experiencia \u00fanica para aprender, explorar y vivir la fauna y flora de cerca.\" \/>\n<meta property=\"og:url\" content=\"https:\/\/basaworldtravel.com.ar\/sitio\/2026\/04\/temaiken\/\" \/>\n<meta property=\"og:site_name\" content=\"Basa\" \/>\n<meta property=\"article:published_time\" content=\"2026-04-15T13:15:13+00:00\" \/>\n<meta property=\"article:modified_time\" content=\"2026-04-15T13:27:26+00:00\" \/>\n<meta property=\"og:image\" content=\"https:\/\/basaworldtravel.com.ar\/sitio\/wp-content\/uploads\/2022\/01\/temaiken.jpg\" \/>\n\t<meta property=\"og:image:width\" content=\"600\" \/>\n\t<meta property=\"og:image:height\" content=\"450\" \/>\n\t<meta property=\"og:image:type\" content=\"image\/jpeg\" \/>\n<meta name=\"author\" content=\"BasaWeb\" \/>\n<meta name=\"twitter:card\" content=\"summary_large_image\" \/>\n<meta name=\"twitter:label1\" content=\"Escrito por\" \/>\n\t<meta name=\"twitter:data1\" content=\"BasaWeb\" \/>\n\t<meta name=\"twitter:label2\" content=\"Tiempo de lectura\" \/>\n\t<meta name=\"twitter:data2\" content=\"2 minutos\" \/>\n<script type=\"application\/ld+json\" class=\"yoast-schema-graph\">{\"@context\":\"https:\\\/\\\/schema.org\",\"@graph\":[{\"@type\":\"Article\",\"@id\":\"https:\\\/\\\/basaworldtravel.com.ar\\\/sitio\\\/2026\\\/04\\\/temaiken\\\/#article\",\"isPartOf\":{\"@id\":\"https:\\\/\\\/basaworldtravel.com.ar\\\/sitio\\\/2026\\\/04\\\/temaiken\\\/\"},\"author\":{\"name\":\"BasaWeb\",\"@id\":\"https:\\\/\\\/basaworldtravel.com.ar\\\/sitio\\\/#\\\/schema\\\/person\\\/d89b1d641794d338c41cd3818beabd4c\"},\"headline\":\"TEMAIKEN-Julio 2026\",\"datePublished\":\"2026-04-15T13:15:13+00:00\",\"dateModified\":\"2026-04-15T13:27:26+00:00\",\"mainEntityOfPage\":{\"@id\":\"https:\\\/\\\/basaworldtravel.com.ar\\\/sitio\\\/2026\\\/04\\\/temaiken\\\/\"},\"wordCount\":401,\"image\":{\"@id\":\"https:\\\/\\\/basaworldtravel.com.ar\\\/sitio\\\/2026\\\/04\\\/temaiken\\\/#primaryimage\"},\"thumbnailUrl\":\"https:\\\/\\\/basaworldtravel.com.ar\\\/sitio\\\/wp-content\\\/uploads\\\/2022\\\/01\\\/temaiken.jpg\",\"keywords\":[\"2026\",\"ARGENTINA\",\"BUENOS AIRES\",\"FERIADO\",\"temaiken\",\"VACACIONES DE JULIO\"],\"articleSection\":[\"Argentina\",\"Paquetes\",\"Sudam\u00e9rica\"],\"inLanguage\":\"es\"},{\"@type\":\"WebPage\",\"@id\":\"https:\\\/\\\/basaworldtravel.com.ar\\\/sitio\\\/2026\\\/04\\\/temaiken\\\/\",\"url\":\"https:\\\/\\\/basaworldtravel.com.ar\\\/sitio\\\/2026\\\/04\\\/temaiken\\\/\",\"name\":\"TEMAIKEN-Julio 2026 - Basa\",\"isPartOf\":{\"@id\":\"https:\\\/\\\/basaworldtravel.com.ar\\\/sitio\\\/#website\"},\"primaryImageOfPage\":{\"@id\":\"https:\\\/\\\/basaworldtravel.com.ar\\\/sitio\\\/2026\\\/04\\\/temaiken\\\/#primaryimage\"},\"image\":{\"@id\":\"https:\\\/\\\/basaworldtravel.com.ar\\\/sitio\\\/2026\\\/04\\\/temaiken\\\/#primaryimage\"},\"thumbnailUrl\":\"https:\\\/\\\/basaworldtravel.com.ar\\\/sitio\\\/wp-content\\\/uploads\\\/2022\\\/01\\\/temaiken.jpg\",\"datePublished\":\"2026-04-15T13:15:13+00:00\",\"dateModified\":\"2026-04-15T13:27:26+00:00\",\"author\":{\"@id\":\"https:\\\/\\\/basaworldtravel.com.ar\\\/sitio\\\/#\\\/schema\\\/person\\\/d89b1d641794d338c41cd3818beabd4c\"},\"breadcrumb\":{\"@id\":\"https:\\\/\\\/basaworldtravel.com.ar\\\/sitio\\\/2026\\\/04\\\/temaiken\\\/#breadcrumb\"},\"inLanguage\":\"es\",\"potentialAction\":[{\"@type\":\"ReadAction\",\"target\":[\"https:\\\/\\\/basaworldtravel.com.ar\\\/sitio\\\/2026\\\/04\\\/temaiken\\\/\"]}]},{\"@type\":\"ImageObject\",\"inLanguage\":\"es\",\"@id\":\"https:\\\/\\\/basaworldtravel.com.ar\\\/sitio\\\/2026\\\/04\\\/temaiken\\\/#primaryimage\",\"url\":\"https:\\\/\\\/basaworldtravel.com.ar\\\/sitio\\\/wp-content\\\/uploads\\\/2022\\\/01\\\/temaiken.jpg\",\"contentUrl\":\"https:\\\/\\\/basaworldtravel.com.ar\\\/sitio\\\/wp-content\\\/uploads\\\/2022\\\/01\\\/temaiken.jpg\",\"width\":600,\"height\":450},{\"@type\":\"BreadcrumbList\",\"@id\":\"https:\\\/\\\/basaworldtravel.com.ar\\\/sitio\\\/2026\\\/04\\\/temaiken\\\/#breadcrumb\",\"itemListElement\":[{\"@type\":\"ListItem\",\"position\":1,\"name\":\"Portada\",\"item\":\"https:\\\/\\\/basaworldtravel.com.ar\\\/sitio\\\/\"},{\"@type\":\"ListItem\",\"position\":2,\"name\":\"TEMAIKEN-Julio 2026\"}]},{\"@type\":\"WebSite\",\"@id\":\"https:\\\/\\\/basaworldtravel.com.ar\\\/sitio\\\/#website\",\"url\":\"https:\\\/\\\/basaworldtravel.com.ar\\\/sitio\\\/\",\"name\":\"Basa\",\"description\":\"World Travel\",\"potentialAction\":[{\"@type\":\"SearchAction\",\"target\":{\"@type\":\"EntryPoint\",\"urlTemplate\":\"https:\\\/\\\/basaworldtravel.com.ar\\\/sitio\\\/?s={search_term_string}\"},\"query-input\":{\"@type\":\"PropertyValueSpecification\",\"valueRequired\":true,\"valueName\":\"search_term_string\"}}],\"inLanguage\":\"es\"},{\"@type\":\"Person\",\"@id\":\"https:\\\/\\\/basaworldtravel.com.ar\\\/sitio\\\/#\\\/schema\\\/person\\\/d89b1d641794d338c41cd3818beabd4c\",\"name\":\"BasaWeb\",\"image\":{\"@type\":\"ImageObject\",\"inLanguage\":\"es\",\"@id\":\"https:\\\/\\\/secure.gravatar.com\\\/avatar\\\/13e699648957af0aba903942fee2a1fc533d92bcd43fcf375a4df1edc2708698?s=96&d=mm&r=g\",\"url\":\"https:\\\/\\\/secure.gravatar.com\\\/avatar\\\/13e699648957af0aba903942fee2a1fc533d92bcd43fcf375a4df1edc2708698?s=96&d=mm&r=g\",\"contentUrl\":\"https:\\\/\\\/secure.gravatar.com\\\/avatar\\\/13e699648957af0aba903942fee2a1fc533d92bcd43fcf375a4df1edc2708698?s=96&d=mm&r=g\",\"caption\":\"BasaWeb\"},\"url\":\"https:\\\/\\\/basaworldtravel.com.ar\\\/sitio\\\/author\\\/basaweb\\\/\"}]}<\/script>\n<!-- \/ Yoast SEO plugin. -->","yoast_head_json":{"title":"TEMAIKEN-Julio 2026 - Basa","robots":{"index":"index","follow":"follow","max-snippet":"max-snippet:-1","max-image-preview":"max-image-preview:large","max-video-preview":"max-video-preview:-1"},"canonical":"https:\/\/basaworldtravel.com.ar\/sitio\/2026\/04\/temaiken\/","og_locale":"es_ES","og_type":"article","og_title":"TEMAIKEN-Julio 2026 - Basa","og_description":"Ven\u00ed a Temaik\u00e8n y descubr\u00ed un mundo lleno de naturaleza y diversi\u00f3n. Desde animales ex\u00f3ticos hasta jardines sorprendentes, es el plan perfecto para disfrutar en familia o con amigos. Una experiencia \u00fanica para aprender, explorar y vivir la fauna y flora de cerca.","og_url":"https:\/\/basaworldtravel.com.ar\/sitio\/2026\/04\/temaiken\/","og_site_name":"Basa","article_published_time":"2026-04-15T13:15:13+00:00","article_modified_time":"2026-04-15T13:27:26+00:00","og_image":[{"width":600,"height":450,"url":"https:\/\/basaworldtravel.com.ar\/sitio\/wp-content\/uploads\/2022\/01\/temaiken.jpg","type":"image\/jpeg"}],"author":"BasaWeb","twitter_card":"summary_large_image","twitter_misc":{"Escrito por":"BasaWeb","Tiempo de lectura":"2 minutos"},"schema":{"@context":"https:\/\/schema.org","@graph":[{"@type":"Article","@id":"https:\/\/basaworldtravel.com.ar\/sitio\/2026\/04\/temaiken\/#article","isPartOf":{"@id":"https:\/\/basaworldtravel.com.ar\/sitio\/2026\/04\/temaiken\/"},"author":{"name":"BasaWeb","@id":"https:\/\/basaworldtravel.com.ar\/sitio\/#\/schema\/person\/d89b1d641794d338c41cd3818beabd4c"},"headline":"TEMAIKEN-Julio 2026","datePublished":"2026-04-15T13:15:13+00:00","dateModified":"2026-04-15T13:27:26+00:00","mainEntityOfPage":{"@id":"https:\/\/basaworldtravel.com.ar\/sitio\/2026\/04\/temaiken\/"},"wordCount":401,"image":{"@id":"https:\/\/basaworldtravel.com.ar\/sitio\/2026\/04\/temaiken\/#primaryimage"},"thumbnailUrl":"https:\/\/basaworldtravel.com.ar\/sitio\/wp-content\/uploads\/2022\/01\/temaiken.jpg","keywords":["2026","ARGENTINA","BUENOS AIRES","FERIADO","temaiken","VACACIONES DE JULIO"],"articleSection":["Argentina","Paquetes","Sudam\u00e9rica"],"inLanguage":"es"},{"@type":"WebPage","@id":"https:\/\/basaworldtravel.com.ar\/sitio\/2026\/04\/temaiken\/","url":"https:\/\/basaworldtravel.com.ar\/sitio\/2026\/04\/temaiken\/","name":"TEMAIKEN-Julio 2026 - Basa","isPartOf":{"@id":"https:\/\/basaworldtravel.com.ar\/sitio\/#website"},"primaryImageOfPage":{"@id":"https:\/\/basaworldtravel.com.ar\/sitio\/2026\/04\/temaiken\/#primaryimage"},"image":{"@id":"https:\/\/basaworldtravel.com.ar\/sitio\/2026\/04\/temaiken\/#primaryimage"},"thumbnailUrl":"https:\/\/basaworldtravel.com.ar\/sitio\/wp-content\/uploads\/2022\/01\/temaiken.jpg","datePublished":"2026-04-15T13:15:13+00:00","dateModified":"2026-04-15T13:27:26+00:00","author":{"@id":"https:\/\/basaworldtravel.com.ar\/sitio\/#\/schema\/person\/d89b1d641794d338c41cd3818beabd4c"},"breadcrumb":{"@id":"https:\/\/basaworldtravel.com.ar\/sitio\/2026\/04\/temaiken\/#breadcrumb"},"inLanguage":"es","potentialAction":[{"@type":"ReadAction","target":["https:\/\/basaworldtravel.com.ar\/sitio\/2026\/04\/temaiken\/"]}]},{"@type":"ImageObject","inLanguage":"es","@id":"https:\/\/basaworldtravel.com.ar\/sitio\/2026\/04\/temaiken\/#primaryimage","url":"https:\/\/basaworldtravel.com.ar\/sitio\/wp-content\/uploads\/2022\/01\/temaiken.jpg","contentUrl":"https:\/\/basaworldtravel.com.ar\/sitio\/wp-content\/uploads\/2022\/01\/temaiken.jpg","width":600,"height":450},{"@type":"BreadcrumbList","@id":"https:\/\/basaworldtravel.com.ar\/sitio\/2026\/04\/temaiken\/#breadcrumb","itemListElement":[{"@type":"ListItem","position":1,"name":"Portada","item":"https:\/\/basaworldtravel.com.ar\/sitio\/"},{"@type":"ListItem","position":2,"name":"TEMAIKEN-Julio 2026"}]},{"@type":"WebSite","@id":"https:\/\/basaworldtravel.com.ar\/sitio\/#website","url":"https:\/\/basaworldtravel.com.ar\/sitio\/","name":"Basa","description":"World Travel","potentialAction":[{"@type":"SearchAction","target":{"@type":"EntryPoint","urlTemplate":"https:\/\/basaworldtravel.com.ar\/sitio\/?s={search_term_string}"},"query-input":{"@type":"PropertyValueSpecification","valueRequired":true,"valueName":"search_term_string"}}],"inLanguage":"es"},{"@type":"Person","@id":"https:\/\/basaworldtravel.com.ar\/sitio\/#\/schema\/person\/d89b1d641794d338c41cd3818beabd4c","name":"BasaWeb","image":{"@type":"ImageObject","inLanguage":"es","@id":"https:\/\/secure.gravatar.com\/avatar\/13e699648957af0aba903942fee2a1fc533d92bcd43fcf375a4df1edc2708698?s=96&d=mm&r=g","url":"https:\/\/secure.gravatar.com\/avatar\/13e699648957af0aba903942fee2a1fc533d92bcd43fcf375a4df1edc2708698?s=96&d=mm&r=g","contentUrl":"https:\/\/secure.gravatar.com\/avatar\/13e699648957af0aba903942fee2a1fc533d92bcd43fcf375a4df1edc2708698?s=96&d=mm&r=g","caption":"BasaWeb"},"url":"https:\/\/basaworldtravel.com.ar\/sitio\/author\/basaweb\/"}]}},"_links":{"self":[{"href":"https:\/\/basaworldtravel.com.ar\/sitio\/wp-json\/wp\/v2\/posts\/153967","targetHints":{"allow":["GET"]}}],"collection":[{"href":"https:\/\/basaworldtravel.com.ar\/sitio\/wp-json\/wp\/v2\/posts"}],"about":[{"href":"https:\/\/basaworldtravel.com.ar\/sitio\/wp-json\/wp\/v2\/types\/post"}],"author":[{"embeddable":true,"href":"https:\/\/basaworldtravel.com.ar\/sitio\/wp-json\/wp\/v2\/users\/2"}],"replies":[{"embeddable":true,"href":"https:\/\/basaworldtravel.com.ar\/sitio\/wp-json\/wp\/v2\/comments?post=153967"}],"version-history":[{"count":3,"href":"https:\/\/basaworldtravel.com.ar\/sitio\/wp-json\/wp\/v2\/posts\/153967\/revisions"}],"predecessor-version":[{"id":156420,"href":"https:\/\/basaworldtravel.com.ar\/sitio\/wp-json\/wp\/v2\/posts\/153967\/revisions\/156420"}],"wp:featuredmedia":[{"embeddable":true,"href":"https:\/\/basaworldtravel.com.ar\/sitio\/wp-json\/wp\/v2\/media\/804"}],"wp:attachment":[{"href":"https:\/\/basaworldtravel.com.ar\/sitio\/wp-json\/wp\/v2\/media?parent=153967"}],"wp:term":[{"taxonomy":"category","embeddable":true,"href":"https:\/\/basaworldtravel.com.ar\/sitio\/wp-json\/wp\/v2\/categories?post=153967"},{"taxonomy":"post_tag","embeddable":true,"href":"https:\/\/basaworldtravel.com.ar\/sitio\/wp-json\/wp\/v2\/tags?post=153967"}],"curies":[{"name":"wp","href":"https:\/\/api.w.org\/{rel}","templated":true}]}}