{"id":153891,"date":"2026-08-24T10:39:51","date_gmt":"2026-08-24T13:39:51","guid":{"rendered":"https:\/\/basaworldtravel.com.ar\/?p=153891"},"modified":"2026-08-24T10:41:01","modified_gmt":"2026-08-24T13:41:01","slug":"canasvieiras2027dest","status":"publish","type":"post","link":"https:\/\/basaworldtravel.com.ar\/sitio\/2026\/08\/canasvieiras2027dest\/","title":{"rendered":"CANASVIEIRAS BUS -VERANO 2027"},"content":{"rendered":"\n<p>Salidas de enero a Marzo 2027<\/p>\n\n\n\n<p>SERVICIOS:<br>\uf0fc Bus Ch\u00e1rter de Turismo Mix \u2013 Adicional Butaca Cama USD 95.<br>\uf0fc Adicional butacas primeras filas y cafeteras USD 85.<br>\uf0fc MISMO COORDINADOR EN VIAJE Y EN DESTINO.<br>\uf0fc 07 Noches de Alojamiento.<br>\uf0fc SERVICIO A BORDO.<br>\uf0fc SEGURO DE ASISTENCIA AL VIAJERO EN DESTINO SIN LIMITE DE EDAD.<\/p>\n\n\n\n<p><strong>EL SERVICIO NO REQUIERE TRANSFER DESDE LA BR.- BUS DIRECTO Y EXCLUSIVO HASTA LA PUERTA DEL HOTEL<\/strong><\/p>\n\n\n\n<p><\/p>\n\n\n\n<p><strong>BEACH HOTEL CANASVIEIRAS<\/strong>    ww.beachcanasvieiras.com<br>Pleno Centro \u2013 Cerquita del mar. Frigobar \u2013 Aire Acondicionado. Piscina. Cada habitaci\u00f3n cuenta con una sombrilla para playa.<\/p>\n\n\n\n<p>MEDIA PENSI\u00d3N \u2013 Se Brinda en Restaurante CANDEIAS \u2013 SERVICIO BUFFET<\/p>\n\n\n\n<p><strong>02 DE ENERO-6 NOCHES <\/strong> USD629 POR PERSONA EN BASE DOBLE <\/p>\n\n\n\n<p><strong>08-15-22 DE ENERO -7 NOCHES   <\/strong> USD749 POR PERSONA EN BASE DOBLE <\/p>\n\n\n\n<p><strong>29 DE ENERO \/ 05-12-19 DE FEBRERO-7 NOCHES   <\/strong> USD699 POR PERSONA EN BASE DOBLE <\/p>\n\n\n\n<p><strong>26 DE FEBRERO \/ 05-12-19 DE MARZO <\/strong> <strong>-7 NOCHES   <\/strong> USD659 POR PERSONA EN BASE DOBLE <\/p>\n\n\n\n<p><\/p>\n\n\n\n<p><strong>PARA\u00cdSO PALACE  <\/strong>www.paraisopalacehotel.com.br<br>Pleno Centro \u2013 A pasos del mar. Piscina para adultos y ni\u00f1os. Frigobar\u2013 Microondas. Sala de Juegos \u2013 Sauna &#8211; Gimnasio. Aire Acondicionado.<br>Cada habitaci\u00f3n cuenta con una sombrilla para playa.<br>FAMILY PLAN X4: 02 adultos + 02 menores de 05 a 10 a\u00f1os cumplidos- comprende habitaci\u00f3n triple (mat\/twin) + cama extra (tipo marinera)<\/p>\n\n\n\n<p>MEDIA PENSI\u00d3N \u2013 Se Brinda en Restaurante CANDEIAS \u2013 SERVICIO BUFFET<\/p>\n\n\n\n<p><strong>02 DE ENERO-6 NOCHES <\/strong> USD669 POR PERSONA EN BASE DOBLE<\/p>\n\n\n\n<p><strong>08-15-22 DE ENERO -7 NOCHES <\/strong> USD789 POR PERSONA EN BASE DOBLE<\/p>\n\n\n\n<p><strong>29 DE ENERO \/ 05-12-19 DE FEBRERO-7 NOCHES <\/strong> USD749 POR PERSONA EN BASE DOBLE<\/p>\n\n\n\n<p><strong>26 DE FEBRERO \/ 05-12-19 DE MARZO <\/strong> <strong>-7 NOCHES <\/strong> USD699 POR PERSONA EN BASE DOBLE<\/p>\n\n\n\n<p><\/p>\n\n\n\n<p><strong>FLAT HSH HOTELARIA  <\/strong>www.hshotelaria.com.br  <br>Pleno Centro \u2013 Cercano al mar. Frigobar \u2013 Cocina &#8211; Vajilla  Aire Acondicionado. Cada habitaci\u00f3n cuenta con una sombrilla para<br>playa.<br>DPTO X3: cama matrimonial + 01 cama twin.<br>DPTO X4: cama matrimonial + 02 camas twin<\/p>\n\n\n\n<p><strong>08-15-22 DE ENERO -7 NOCHES <\/strong> DEPTO X3 USD579 POR PERSONA  \/ DEPTOX4 USD599 POR PERSONA <\/p>\n\n\n\n<p><strong>29 DE ENERO \/ 05-12-19 DE FEBRERO-7 NOCHES <\/strong> DEPTO X3 USD559 POR PERSONA \/ DEPTOX4 USD579 POR PERSONA <\/p>\n\n\n\n<p><strong>26 DE FEBRERO \/ 05-12-19 DE MARZO <\/strong> <strong>-7 NOCHES <\/strong> DEPTO X 3  USD549 POR PERSONA\/DEPTO X 4 USD559 POR PERSONA <\/p>\n\n\n\n<p>DESAYUNO Y MEDIA PENSI\u00d3N \u2013 Se Brinda en Hotel Dom Fish (a 100 metros).<\/p>\n\n\n\n<p>MENORES:<br>De 00\/04 a\u00f1os cumplidos abona butaca con Asistencia M\u00e9dica: USD 400  compartiendo con dos adultos los servicios hoteleros.<br>De 05 a\u00f1os cumplidos en adelante abona tarifa de adulto con todos los servicios.<br>TARIFA SUJETA A REAJUSTE SIN PREVIO AVISO \u2013  EMBARQUE SUJETO A DOCUMENTACION PERSONAL EN REGLA Y A PROTOCOLOS VIGENTES.<\/p>\n","protected":false},"excerpt":{"rendered":"<p>Salidas de enero a Marzo 2027 SERVICIOS:\uf0fc Bus Ch\u00e1rter de Turismo Mix \u2013 Adicional Butaca Cama USD 95.\uf0fc Adicional butacas primeras filas y cafeteras USD 85.\uf0fc MISMO COORDINADOR EN VIAJE Y EN DESTINO.\uf0fc 07 Noches de Alojamiento.\uf0fc SERVICIO A BORDO.\uf0fc SEGURO DE ASISTENCIA AL VIAJERO EN DESTINO SIN LIMITE DE EDAD. EL SERVICIO NO REQUIERE&hellip;<\/p>\n","protected":false},"author":2,"featured_media":719,"comment_status":"closed","ping_status":"open","sticky":false,"template":"","format":"standard","meta":{"_acf_changed":false,"footnotes":""},"categories":[40,5,245],"tags":[617,41,42,622,121,54,24],"class_list":["post-153891","post","type-post","status-publish","format-standard","has-post-thumbnail","hentry","category-brasil","category-paquetes","category-sudamerica","tag-617","tag-brasil","tag-canasvieiras","tag-florianopolis","tag-playa","tag-sur","tag-verano","category-40","category-5","category-245","description-off"],"acf":[],"yoast_head":"<!-- This site is optimized with the Yoast SEO plugin v28.4 - https:\/\/yoast.com\/product\/yoast-seo-wordpress\/ -->\n<title>CANASVIEIRAS BUS -VERANO 2027 - Basa<\/title>\n<meta name=\"robots\" content=\"index, follow, max-snippet:-1, max-image-preview:large, max-video-preview:-1\" \/>\n<link rel=\"canonical\" href=\"https:\/\/basaworldtravel.com.ar\/sitio\/2026\/08\/canasvieiras2027dest\/\" \/>\n<meta property=\"og:locale\" content=\"es_ES\" \/>\n<meta property=\"og:type\" content=\"article\" \/>\n<meta property=\"og:title\" content=\"CANASVIEIRAS BUS -VERANO 2027 - Basa\" \/>\n<meta property=\"og:description\" content=\"Salidas de enero a Marzo 2027 SERVICIOS:\uf0fc Bus Ch\u00e1rter de Turismo Mix \u2013 Adicional Butaca Cama USD 95.\uf0fc Adicional butacas primeras filas y cafeteras USD 85.\uf0fc MISMO COORDINADOR EN VIAJE Y EN DESTINO.\uf0fc 07 Noches de Alojamiento.\uf0fc SERVICIO A BORDO.\uf0fc SEGURO DE ASISTENCIA AL VIAJERO EN DESTINO SIN LIMITE DE EDAD. EL SERVICIO NO REQUIERE&hellip;\" \/>\n<meta property=\"og:url\" content=\"https:\/\/basaworldtravel.com.ar\/sitio\/2026\/08\/canasvieiras2027dest\/\" \/>\n<meta property=\"og:site_name\" content=\"Basa\" \/>\n<meta property=\"article:published_time\" content=\"2026-08-24T13:39:51+00:00\" \/>\n<meta property=\"article:modified_time\" content=\"2026-08-24T13:41:01+00:00\" \/>\n<meta property=\"og:image\" content=\"https:\/\/basaworldtravel.com.ar\/sitio\/wp-content\/uploads\/2021\/12\/CANASVIEIRAS-3.jpg\" \/>\n\t<meta property=\"og:image:width\" content=\"1080\" \/>\n\t<meta property=\"og:image:height\" content=\"1350\" \/>\n\t<meta property=\"og:image:type\" content=\"image\/jpeg\" \/>\n<meta name=\"author\" content=\"BasaWeb\" \/>\n<meta name=\"twitter:card\" content=\"summary_large_image\" \/>\n<meta name=\"twitter:label1\" content=\"Escrito por\" \/>\n\t<meta name=\"twitter:data1\" content=\"BasaWeb\" \/>\n\t<meta name=\"twitter:label2\" content=\"Tiempo de lectura\" \/>\n\t<meta name=\"twitter:data2\" content=\"3 minutos\" \/>\n<script type=\"application\/ld+json\" class=\"yoast-schema-graph\">{\"@context\":\"https:\\\/\\\/schema.org\",\"@graph\":[{\"@type\":\"Article\",\"@id\":\"https:\\\/\\\/basaworldtravel.com.ar\\\/sitio\\\/2026\\\/08\\\/canasvieiras2027dest\\\/#article\",\"isPartOf\":{\"@id\":\"https:\\\/\\\/basaworldtravel.com.ar\\\/sitio\\\/2026\\\/08\\\/canasvieiras2027dest\\\/\"},\"author\":{\"name\":\"BasaWeb\",\"@id\":\"https:\\\/\\\/basaworldtravel.com.ar\\\/sitio\\\/#\\\/schema\\\/person\\\/d89b1d641794d338c41cd3818beabd4c\"},\"headline\":\"CANASVIEIRAS BUS -VERANO 2027\",\"datePublished\":\"2026-08-24T13:39:51+00:00\",\"dateModified\":\"2026-08-24T13:41:01+00:00\",\"mainEntityOfPage\":{\"@id\":\"https:\\\/\\\/basaworldtravel.com.ar\\\/sitio\\\/2026\\\/08\\\/canasvieiras2027dest\\\/\"},\"wordCount\":415,\"image\":{\"@id\":\"https:\\\/\\\/basaworldtravel.com.ar\\\/sitio\\\/2026\\\/08\\\/canasvieiras2027dest\\\/#primaryimage\"},\"thumbnailUrl\":\"https:\\\/\\\/basaworldtravel.com.ar\\\/sitio\\\/wp-content\\\/uploads\\\/2021\\\/12\\\/CANASVIEIRAS-3.jpg\",\"keywords\":[\"2025\",\"BRASIL\",\"CANASVIEIRAS\",\"florianopolis\",\"PLAYA\",\"SUR\",\"VERANO\"],\"articleSection\":[\"Brasil\",\"Paquetes\",\"Sudam\u00e9rica\"],\"inLanguage\":\"es\"},{\"@type\":\"WebPage\",\"@id\":\"https:\\\/\\\/basaworldtravel.com.ar\\\/sitio\\\/2026\\\/08\\\/canasvieiras2027dest\\\/\",\"url\":\"https:\\\/\\\/basaworldtravel.com.ar\\\/sitio\\\/2026\\\/08\\\/canasvieiras2027dest\\\/\",\"name\":\"CANASVIEIRAS BUS -VERANO 2027 - Basa\",\"isPartOf\":{\"@id\":\"https:\\\/\\\/basaworldtravel.com.ar\\\/sitio\\\/#website\"},\"primaryImageOfPage\":{\"@id\":\"https:\\\/\\\/basaworldtravel.com.ar\\\/sitio\\\/2026\\\/08\\\/canasvieiras2027dest\\\/#primaryimage\"},\"image\":{\"@id\":\"https:\\\/\\\/basaworldtravel.com.ar\\\/sitio\\\/2026\\\/08\\\/canasvieiras2027dest\\\/#primaryimage\"},\"thumbnailUrl\":\"https:\\\/\\\/basaworldtravel.com.ar\\\/sitio\\\/wp-content\\\/uploads\\\/2021\\\/12\\\/CANASVIEIRAS-3.jpg\",\"datePublished\":\"2026-08-24T13:39:51+00:00\",\"dateModified\":\"2026-08-24T13:41:01+00:00\",\"author\":{\"@id\":\"https:\\\/\\\/basaworldtravel.com.ar\\\/sitio\\\/#\\\/schema\\\/person\\\/d89b1d641794d338c41cd3818beabd4c\"},\"breadcrumb\":{\"@id\":\"https:\\\/\\\/basaworldtravel.com.ar\\\/sitio\\\/2026\\\/08\\\/canasvieiras2027dest\\\/#breadcrumb\"},\"inLanguage\":\"es\",\"potentialAction\":[{\"@type\":\"ReadAction\",\"target\":[\"https:\\\/\\\/basaworldtravel.com.ar\\\/sitio\\\/2026\\\/08\\\/canasvieiras2027dest\\\/\"]}]},{\"@type\":\"ImageObject\",\"inLanguage\":\"es\",\"@id\":\"https:\\\/\\\/basaworldtravel.com.ar\\\/sitio\\\/2026\\\/08\\\/canasvieiras2027dest\\\/#primaryimage\",\"url\":\"https:\\\/\\\/basaworldtravel.com.ar\\\/sitio\\\/wp-content\\\/uploads\\\/2021\\\/12\\\/CANASVIEIRAS-3.jpg\",\"contentUrl\":\"https:\\\/\\\/basaworldtravel.com.ar\\\/sitio\\\/wp-content\\\/uploads\\\/2021\\\/12\\\/CANASVIEIRAS-3.jpg\",\"width\":1080,\"height\":1350},{\"@type\":\"BreadcrumbList\",\"@id\":\"https:\\\/\\\/basaworldtravel.com.ar\\\/sitio\\\/2026\\\/08\\\/canasvieiras2027dest\\\/#breadcrumb\",\"itemListElement\":[{\"@type\":\"ListItem\",\"position\":1,\"name\":\"Portada\",\"item\":\"https:\\\/\\\/basaworldtravel.com.ar\\\/sitio\\\/\"},{\"@type\":\"ListItem\",\"position\":2,\"name\":\"CANASVIEIRAS BUS -VERANO 2027\"}]},{\"@type\":\"WebSite\",\"@id\":\"https:\\\/\\\/basaworldtravel.com.ar\\\/sitio\\\/#website\",\"url\":\"https:\\\/\\\/basaworldtravel.com.ar\\\/sitio\\\/\",\"name\":\"Basa\",\"description\":\"World Travel\",\"potentialAction\":[{\"@type\":\"SearchAction\",\"target\":{\"@type\":\"EntryPoint\",\"urlTemplate\":\"https:\\\/\\\/basaworldtravel.com.ar\\\/sitio\\\/?s={search_term_string}\"},\"query-input\":{\"@type\":\"PropertyValueSpecification\",\"valueRequired\":true,\"valueName\":\"search_term_string\"}}],\"inLanguage\":\"es\"},{\"@type\":\"Person\",\"@id\":\"https:\\\/\\\/basaworldtravel.com.ar\\\/sitio\\\/#\\\/schema\\\/person\\\/d89b1d641794d338c41cd3818beabd4c\",\"name\":\"BasaWeb\",\"image\":{\"@type\":\"ImageObject\",\"inLanguage\":\"es\",\"@id\":\"https:\\\/\\\/secure.gravatar.com\\\/avatar\\\/13e699648957af0aba903942fee2a1fc533d92bcd43fcf375a4df1edc2708698?s=96&d=mm&r=g\",\"url\":\"https:\\\/\\\/secure.gravatar.com\\\/avatar\\\/13e699648957af0aba903942fee2a1fc533d92bcd43fcf375a4df1edc2708698?s=96&d=mm&r=g\",\"contentUrl\":\"https:\\\/\\\/secure.gravatar.com\\\/avatar\\\/13e699648957af0aba903942fee2a1fc533d92bcd43fcf375a4df1edc2708698?s=96&d=mm&r=g\",\"caption\":\"BasaWeb\"},\"url\":\"https:\\\/\\\/basaworldtravel.com.ar\\\/sitio\\\/author\\\/basaweb\\\/\"}]}<\/script>\n<!-- \/ Yoast SEO plugin. -->","yoast_head_json":{"title":"CANASVIEIRAS BUS -VERANO 2027 - Basa","robots":{"index":"index","follow":"follow","max-snippet":"max-snippet:-1","max-image-preview":"max-image-preview:large","max-video-preview":"max-video-preview:-1"},"canonical":"https:\/\/basaworldtravel.com.ar\/sitio\/2026\/08\/canasvieiras2027dest\/","og_locale":"es_ES","og_type":"article","og_title":"CANASVIEIRAS BUS -VERANO 2027 - Basa","og_description":"Salidas de enero a Marzo 2027 SERVICIOS:\uf0fc Bus Ch\u00e1rter de Turismo Mix \u2013 Adicional Butaca Cama USD 95.\uf0fc Adicional butacas primeras filas y cafeteras USD 85.\uf0fc MISMO COORDINADOR EN VIAJE Y EN DESTINO.\uf0fc 07 Noches de Alojamiento.\uf0fc SERVICIO A BORDO.\uf0fc SEGURO DE ASISTENCIA AL VIAJERO EN DESTINO SIN LIMITE DE EDAD. EL SERVICIO NO REQUIERE&hellip;","og_url":"https:\/\/basaworldtravel.com.ar\/sitio\/2026\/08\/canasvieiras2027dest\/","og_site_name":"Basa","article_published_time":"2026-08-24T13:39:51+00:00","article_modified_time":"2026-08-24T13:41:01+00:00","og_image":[{"width":1080,"height":1350,"url":"https:\/\/basaworldtravel.com.ar\/sitio\/wp-content\/uploads\/2021\/12\/CANASVIEIRAS-3.jpg","type":"image\/jpeg"}],"author":"BasaWeb","twitter_card":"summary_large_image","twitter_misc":{"Escrito por":"BasaWeb","Tiempo de lectura":"3 minutos"},"schema":{"@context":"https:\/\/schema.org","@graph":[{"@type":"Article","@id":"https:\/\/basaworldtravel.com.ar\/sitio\/2026\/08\/canasvieiras2027dest\/#article","isPartOf":{"@id":"https:\/\/basaworldtravel.com.ar\/sitio\/2026\/08\/canasvieiras2027dest\/"},"author":{"name":"BasaWeb","@id":"https:\/\/basaworldtravel.com.ar\/sitio\/#\/schema\/person\/d89b1d641794d338c41cd3818beabd4c"},"headline":"CANASVIEIRAS BUS -VERANO 2027","datePublished":"2026-08-24T13:39:51+00:00","dateModified":"2026-08-24T13:41:01+00:00","mainEntityOfPage":{"@id":"https:\/\/basaworldtravel.com.ar\/sitio\/2026\/08\/canasvieiras2027dest\/"},"wordCount":415,"image":{"@id":"https:\/\/basaworldtravel.com.ar\/sitio\/2026\/08\/canasvieiras2027dest\/#primaryimage"},"thumbnailUrl":"https:\/\/basaworldtravel.com.ar\/sitio\/wp-content\/uploads\/2021\/12\/CANASVIEIRAS-3.jpg","keywords":["2025","BRASIL","CANASVIEIRAS","florianopolis","PLAYA","SUR","VERANO"],"articleSection":["Brasil","Paquetes","Sudam\u00e9rica"],"inLanguage":"es"},{"@type":"WebPage","@id":"https:\/\/basaworldtravel.com.ar\/sitio\/2026\/08\/canasvieiras2027dest\/","url":"https:\/\/basaworldtravel.com.ar\/sitio\/2026\/08\/canasvieiras2027dest\/","name":"CANASVIEIRAS BUS -VERANO 2027 - Basa","isPartOf":{"@id":"https:\/\/basaworldtravel.com.ar\/sitio\/#website"},"primaryImageOfPage":{"@id":"https:\/\/basaworldtravel.com.ar\/sitio\/2026\/08\/canasvieiras2027dest\/#primaryimage"},"image":{"@id":"https:\/\/basaworldtravel.com.ar\/sitio\/2026\/08\/canasvieiras2027dest\/#primaryimage"},"thumbnailUrl":"https:\/\/basaworldtravel.com.ar\/sitio\/wp-content\/uploads\/2021\/12\/CANASVIEIRAS-3.jpg","datePublished":"2026-08-24T13:39:51+00:00","dateModified":"2026-08-24T13:41:01+00:00","author":{"@id":"https:\/\/basaworldtravel.com.ar\/sitio\/#\/schema\/person\/d89b1d641794d338c41cd3818beabd4c"},"breadcrumb":{"@id":"https:\/\/basaworldtravel.com.ar\/sitio\/2026\/08\/canasvieiras2027dest\/#breadcrumb"},"inLanguage":"es","potentialAction":[{"@type":"ReadAction","target":["https:\/\/basaworldtravel.com.ar\/sitio\/2026\/08\/canasvieiras2027dest\/"]}]},{"@type":"ImageObject","inLanguage":"es","@id":"https:\/\/basaworldtravel.com.ar\/sitio\/2026\/08\/canasvieiras2027dest\/#primaryimage","url":"https:\/\/basaworldtravel.com.ar\/sitio\/wp-content\/uploads\/2021\/12\/CANASVIEIRAS-3.jpg","contentUrl":"https:\/\/basaworldtravel.com.ar\/sitio\/wp-content\/uploads\/2021\/12\/CANASVIEIRAS-3.jpg","width":1080,"height":1350},{"@type":"BreadcrumbList","@id":"https:\/\/basaworldtravel.com.ar\/sitio\/2026\/08\/canasvieiras2027dest\/#breadcrumb","itemListElement":[{"@type":"ListItem","position":1,"name":"Portada","item":"https:\/\/basaworldtravel.com.ar\/sitio\/"},{"@type":"ListItem","position":2,"name":"CANASVIEIRAS BUS -VERANO 2027"}]},{"@type":"WebSite","@id":"https:\/\/basaworldtravel.com.ar\/sitio\/#website","url":"https:\/\/basaworldtravel.com.ar\/sitio\/","name":"Basa","description":"World Travel","potentialAction":[{"@type":"SearchAction","target":{"@type":"EntryPoint","urlTemplate":"https:\/\/basaworldtravel.com.ar\/sitio\/?s={search_term_string}"},"query-input":{"@type":"PropertyValueSpecification","valueRequired":true,"valueName":"search_term_string"}}],"inLanguage":"es"},{"@type":"Person","@id":"https:\/\/basaworldtravel.com.ar\/sitio\/#\/schema\/person\/d89b1d641794d338c41cd3818beabd4c","name":"BasaWeb","image":{"@type":"ImageObject","inLanguage":"es","@id":"https:\/\/secure.gravatar.com\/avatar\/13e699648957af0aba903942fee2a1fc533d92bcd43fcf375a4df1edc2708698?s=96&d=mm&r=g","url":"https:\/\/secure.gravatar.com\/avatar\/13e699648957af0aba903942fee2a1fc533d92bcd43fcf375a4df1edc2708698?s=96&d=mm&r=g","contentUrl":"https:\/\/secure.gravatar.com\/avatar\/13e699648957af0aba903942fee2a1fc533d92bcd43fcf375a4df1edc2708698?s=96&d=mm&r=g","caption":"BasaWeb"},"url":"https:\/\/basaworldtravel.com.ar\/sitio\/author\/basaweb\/"}]}},"_links":{"self":[{"href":"https:\/\/basaworldtravel.com.ar\/sitio\/wp-json\/wp\/v2\/posts\/153891","targetHints":{"allow":["GET"]}}],"collection":[{"href":"https:\/\/basaworldtravel.com.ar\/sitio\/wp-json\/wp\/v2\/posts"}],"about":[{"href":"https:\/\/basaworldtravel.com.ar\/sitio\/wp-json\/wp\/v2\/types\/post"}],"author":[{"embeddable":true,"href":"https:\/\/basaworldtravel.com.ar\/sitio\/wp-json\/wp\/v2\/users\/2"}],"replies":[{"embeddable":true,"href":"https:\/\/basaworldtravel.com.ar\/sitio\/wp-json\/wp\/v2\/comments?post=153891"}],"version-history":[{"count":4,"href":"https:\/\/basaworldtravel.com.ar\/sitio\/wp-json\/wp\/v2\/posts\/153891\/revisions"}],"predecessor-version":[{"id":157519,"href":"https:\/\/basaworldtravel.com.ar\/sitio\/wp-json\/wp\/v2\/posts\/153891\/revisions\/157519"}],"wp:featuredmedia":[{"embeddable":true,"href":"https:\/\/basaworldtravel.com.ar\/sitio\/wp-json\/wp\/v2\/media\/719"}],"wp:attachment":[{"href":"https:\/\/basaworldtravel.com.ar\/sitio\/wp-json\/wp\/v2\/media?parent=153891"}],"wp:term":[{"taxonomy":"category","embeddable":true,"href":"https:\/\/basaworldtravel.com.ar\/sitio\/wp-json\/wp\/v2\/categories?post=153891"},{"taxonomy":"post_tag","embeddable":true,"href":"https:\/\/basaworldtravel.com.ar\/sitio\/wp-json\/wp\/v2\/tags?post=153891"}],"curies":[{"name":"wp","href":"https:\/\/api.w.org\/{rel}","templated":true}]}}