{"id":153873,"date":"2025-09-26T08:41:19","date_gmt":"2025-09-26T11:41:19","guid":{"rendered":"https:\/\/basaworldtravel.com.ar\/?p=153873"},"modified":"2025-10-08T15:34:35","modified_gmt":"2025-10-08T18:34:35","slug":"europa-acompanada","status":"publish","type":"post","link":"https:\/\/basaworldtravel.com.ar\/sitio\/2025\/09\/europa-acompanada\/","title":{"rendered":"EUROPA ACOMPA\u00d1ADA-2026"},"content":{"rendered":"\n<p>Salida 24 de abril <\/p>\n\n\n\n<p><strong>Descubriendo: Madrid\/ San Sebasti\u00e1n\/ Burdeos\/ Regi\u00f3n del Loire\/ Par\u00eds\/ El Rin\/ Frankfurt\/ Heidelberg\/ Lucerna\/ Z\u00farich\/ Mil\u00e1n\/ Venecia\/ Padua\/ Florencia\/ Roma\/ Pisa\/ Costa Azul\/ Barcelona.<\/strong><\/p>\n\n\n\n<p><strong>EL TOUR INCLUYE:<br><\/strong>\uf0d8 Pasaje a\u00e9reo Ezeiza\/Madrid \/\/ Barcelona\/Ezeiza \u2013 en clase turista con UX.<br>\uf0d8 Acompa\u00f1amiento desde Argentina, en base a 10 pasajeros viajando.<br>\uf0d8 Traslados del aeropuerto al hotel y viceversa.<br>\uf0d8 Alojamiento y desayuno durante todo el recorrido en hoteles de la categor\u00eda elegida.<br>\uf0d8 Transporte en autob\u00fas de turismo.<br>\uf0d8 Acompa\u00f1amiento de un gu\u00eda durante todo el recorrido europeo en bus.<br>\uf0d8 Visitas indicadas en el itinerario con gu\u00edas locales de habla hispana.<br>\uf0d8 Paseo en barco por el r\u00edo Rin.<br>\uf0d8 Seguro de protecci\u00f3n y asistencia en viaje MAPAPLUS.<br>\uf0d8 Bolsa de viaje.<br>\uf0d8 Visitas con servicio de audio individual.<br>\uf0d8 Tasas de estancia.<\/p>\n\n\n\n<p><br><strong>EL TOUR NO INCLUYE:<br><\/strong>\uf0d8 Todo tipo de bebidas y agua.<br>\uf0d8 Propinas a gu\u00edas, choferes y maleteros.<br>\uf0d8 Cualquier comida no mencionada.<br>\uf0d8 Gastos personales.<br>\uf0d8 Maleteros.<br>\uf0d8 Percepciones.<br>\uf0d8 Excursiones mencionadas como opcionales o sugeridas.<br>\uf0d8 Cualquier otro servicio no especificado en el tour incluye o en el itinerario.<\/p>\n\n\n\n<p><strong>VUELOS PREVISTOS:<br><\/strong>UX 042 24APR EZEMAD 1215 0510 25APR<br>UX7708 11MAY BCNMAD 2030 2200 11MAY<br>UX 041 11MAY MADEZE 2355 0735 12MAY<br>EQUIPAJE PERMITIDO: 1 maleta de hasta 23 kg por persona.<\/p>\n\n\n\n<p>APR 24 &#8211; D\u00eda 1\u00ba (V): Am\u00e9rica Salida en vuelo intercontinental con destino a Madrid.<br>APR 25 &#8211; D\u00eda 2\u00ba (S): Madrid Llegada al aeropuerto y traslado al hotel. D\u00eda libre. A \u00faltima hora de la tarde haremos un recorrido por el Madrid iluminado (durante las fechas de<br>primavera y verano, debido al anochecer tard\u00edo, las visitas se har\u00e1n a\u00fan con luz solar) y donde podremos opcionalmente, en uno de los m\u00faltiples mesones, degustar las sabrosas tapas. (Cena de tapas incluida en el Paquete Plus P+). Alojamiento.<br>APR 26 &#8211; D\u00eda 3\u00ba (D): Madrid Desayuno buffet. Salida para efectuar la visita de la ciudad y sus principales monumentos y el Madrid moderno. (Almuerzo incluido en el Paquete Plus P+). Por la tarde sugerimos hacer una excursi\u00f3n opcional a la vecina ciudad imperial de Toledo, pasear por sus calles y respirar su ambiente medieval, visitar su espl\u00e9ndida catedral y conocer la pintura de El Greco. (Visita a Toledo incluida en el Paquete Plus P+). Alojamiento.<br>APR 27 &#8211; D\u00eda 4\u00ba (L): Madrid\/ San Sebasti\u00e1n\/ Burdeos (690 Km) Desayuno buffet y salida hacia San Sebasti\u00e1n, \u201cla bella Easo\u201d. Breve panor\u00e1mica de la ciudad en bus. Continuaci\u00f3n hacia Francia. Llegada a Burdeos. Alojamiento.<br>APR 28 &#8211; D\u00eda 5\u00ba (M): Burdeos\/ Regi\u00f3n Del Loire\/ Par\u00eds (610 Km) Desayuno buffet y salida hacia la regi\u00f3n de los castillos del Loire donde tendremos la oportunidad de hacer una parada y admirar exteriormente uno de sus famosos Castillos. Breve parada y continuaci\u00f3n a Par\u00eds. A \u00faltima hora de la tarde salida para hacer un recorrido por el Par\u00eds iluminado (durante las fechas de primavera y verano, debido al anochecer tard\u00edo, las visitas se har\u00e1n a\u00fan con luz solar). Alojamiento.<br>APR 29 &#8211; D\u00eda 6\u00ba (X): Par\u00eds Desayuno buffet. Salida para efectuar el recorrido de la ciudad, sus principales avenidas y monumentos como la Torre Eiffel, teniendo la oportunidad de subir a la misma para admirar desde all\u00ed una bella panor\u00e1mica de todo Par\u00eds. (Subida a la torre Eiffel 2\u00ba piso incluida en el Paquete Plus P+). Nuestra visita terminar\u00e1 en el centro de la ciudad. Tarde libre. Tendremos la oportunidad de opcionalmente hacer un paseo en el famoso Bateaux Mouche por el Sena (Paseo incluido en el P+) y quiz\u00e1s acercarnos a alg\u00fan museo o visitar opcionalmente el carism\u00e1tico barrio de Montmartre y Barrio Latino. Alojamiento.<br>APR 30 &#8211; D\u00eda 7\u00ba (J): Par\u00eds Desayuno buffet en el hotel. Destinaremos este d\u00eda a pasear libremente por la ciudad, sus paseos y bulevares. Sugerimos hacer una visita opcional a Versalles para visitar su bello palacio y famosos jardines. Alojamiento.<br>MAY 01 &#8211; D\u00eda 8\u00ba (V): Par\u00eds\/ Frankfurt (620 Km) \u201cPaseo por el r\u00edo Rin\u201d Despu\u00e9s del desayuno buffet saldremos en direcci\u00f3n a la regi\u00f3n del Champagne, prosiguiendo nuestro<br>viaje a Alemania para llegar a las orillas del r\u00edo Rin por el cual haremos un delicioso paseo en barco embarc\u00e1ndonos en Boppard hasta St Goar (Almuerzo snack en el barco incluido en el Paquete Plus P+) desde donde proseguiremos nuestro camino a Frankfurt por cuyo centro podremos pasear. Alojamiento en Frankfurt o alrededores.<br>MAY 02 &#8211; D\u00eda 9\u00ba (S): Frankfurt\/ Heidelberg\/ Lucerna\/ Z\u00farich (514 Km) Desayuno buffet en nuestro hotel y salida hacia una de las m\u00e1s bellas ciudades de Alemania, Heidelberg, ciudad universitaria con un precioso casco antiguo y dominada por su castillo. Tiempo libre y continuaci\u00f3n de nuestro viaje, bordeando la Selva Negra hacia Basilea para entrar en Suiza, y continuar a Lucerna, una de las m\u00e1s bellas ciudades de Suiza a orillas del lago de los Cuatro Cantones. Tiempo libre y continuaci\u00f3n de nuestra ruta a Z\u00farich la capital financiera del pa\u00eds. Alojamiento.<br>MAY 03 &#8211; D\u00eda 10\u00ba (D): Z\u00farich\/ Mil\u00e1n\/ Venecia (557 Km) Desayuno y salida hacia el sur de Suiza atravesando los lagos de Lugano y Como llegando a Mil\u00e1n. Tiempo libre para el<br>almuerzo y para pasear por la ciudad y conocer su magn\u00edfico Duomo, la Galleria y el teatro Alla Scala. Continuaci\u00f3n de viaje a Venecia. Llegada y alojamiento.<br>MAY 04 &#8211; D\u00eda 11\u00ba (L): Venecia\/ Padua\/ Florencia (475 Km) Desayuno buffet. Salida para efectuar la visita de la ciudad a pie finalizando en la plaza de San Marcos, e incluyendo la visita a un taller del famoso cristal veneciano. Tiempo libre para almorzar en la ciudad. Podemos aprovechar para hacer un paseo en G\u00f3ndola por los canales venecianos. (Paseo en g\u00f3ndola incluido en el Paquete Plus P+). Salida a Padua, donde tendremos tiempo libre para poder visitar la bas\u00edlica de San Antonio. Continuaci\u00f3n a Florencia, la ciudad m\u00e1s bella de Europa, por su riqueza arquitect\u00f3nica y art\u00edstica. Alojamiento.<br>MAY 05 &#8211; D\u00eda 12\u00ba (M): Florencia\/ Roma (290 Km) Desayuno buffet. Por la ma\u00f1ana recorreremos el centro art\u00edstico de la ciudad con su Duomo, el Campanile de Giotto, el<br>Baptisterio de San Giovanni, la iglesia de S. Lorenzo, la plaza de la Signoria, la Loggia dei Lanzi, terminando en el Ponte Vecchio, antiguo centro comercial de la ciudad. (Almuerzo incluido en Paquete Plus P+). Por la tarde salida hacia la ciudad eterna, Roma. A \u00faltima hora haremos un recorrido de la Roma iluminada (durante las fechas de primavera y verano, debido al anochecer tard\u00edo, las visitas se har\u00e1n a\u00fan con luz solar) para poder admirar todo el esplendor de la ciudad y sus bellos monumentos. Alojamiento.<br>MAY 06 &#8211; D\u00eda 13\u00ba (X): Roma Desayuno buffet. Salida para poder realizar opcionalmente la visita detallada del Vaticano incluyendo sus museos, capilla Sixtina y bas\u00edlica del Vaticano. (Visita a Museos Vaticanos incluida en el Paquete Plus P+). Al t\u00e9rmino de la visita al Vaticano haremos un recorrido panor\u00e1mico de la ciudad eterna. Al t\u00e9rmino de nuestra visita sugerimos disfrutar de un buen almuerzo en un restaurante t\u00edpico italiano. (Almuerzo incluido en el Paquete Plus P+). Por la tarde, opcionalmente, tendremos la posibilidad de conocer Roma barroca. Alojamiento.<br>MAY 07 &#8211; D\u00eda 14\u00ba (J): Roma D\u00eda libre en Roma. Sugerimos en este d\u00eda tomar una excursi\u00f3n de todo el d\u00eda para visitar la ciudad de N\u00e1poles y la bella isla de Capri. Alojamiento.<br>MAY 08 &#8211; D\u00eda 15\u00ba (V): Roma\/ Pisa\/ Cannes o Costa Azul (653 Km) Desayuno buffet y salida hacia Pisa. Tiempo libre para visitar el conjunto hist\u00f3rico con su famosa Torre<br>Inclinada. Almuerzo. (Almuerzo incluido en Paquete Plus P+). Continuaci\u00f3n hacia el norte siguiendo la costa por la Riviera de las Flores llegando a Costa Azul \u00f3 Cannes al finalizar la tarde. Alojamiento. Para los pasajeros terminando servicios en Roma: desayuno y tiempo libre hasta ser conducidos al aeropuerto para tomar el avi\u00f3n de regreso.<br>MAY 09 &#8211; D\u00eda 16\u00ba (S): Cannes \u00f3 Costa Azul\/ Barcelona (682 Km) Desayuno. Por la ma\u00f1ana salida a Arles, Nimes, Montpellier. Llegada a Barcelona donde realizaremos un<br>breve recorrido panor\u00e1mico por la ciudad. Alojamiento.<br>MAY 10 &#8211; D\u00eda 17\u00ba (D): Barcelona Desayuno buffet. D\u00eda libre para recorrer esta maravillosa ciudad. Alojamiento.<br>MAY 11 &#8211; D\u00eda 18\u00ba (L): Barcelona Desayuno buffet y tiempo libre hasta ser conducidos alaeropuerto para tomar el avi\u00f3n de regreso.<\/p>\n\n\n\n<p><br>Programa sujeto a condiciones generales.<\/p>\n\n\n\n<p><br><strong>Pol\u00edtica de cancelaci\u00f3n:<\/strong><br>\uf0b7 Una vez emitido el ticket a\u00e9reo, el mismo no tiene cambio ni devoluci\u00f3n. Aplica penalidad del 100%.<br>\uf0b7 En el caso de la parte terrestre se deber\u00e1 consultar.<\/p>\n\n\n\n<p><br><strong>Consideraciones generales:<br><\/strong>\uf0b7 Para confirmar la reserva ser\u00e1 necesario realizar un pago del 40% del valor del tour. El saldo deber\u00e1 cancelarse 30 d\u00edas previos a la salida correspondiente.<\/p>\n\n\n\n<p>Las tarifas e impuestos a\u00e9reos quedan sujetos a modificaciones hasta el momento de la emisi\u00f3n por parte de la compa\u00f1\u00eda a\u00e9rea, y a fluctuaciones de la moneda d\u00f3lar\/peso, como as\u00ed tambi\u00e9n a nuevas regulaciones y resoluciones de los entes gubernamentales. En caso de suscitarse alguna diferencia, el operador responsable se reserva el derecho de reajustar las tarifas en consecuencia.<br>\uf0b7 Las habitaciones dobles matrimoniales no son garantizadas y est\u00e1n sujetas a disponibilidad en el momento de check-in en los hoteles. En el caso que no haya<br>habitaciones dobles matrimoniales disponibles, el alojamiento se brindar\u00e1 en habitaci\u00f3n twin (dos camas separadas).<br>\uf0b7 La realizaci\u00f3n del web check-in y asignaci\u00f3n de asientos para el\/los vuelo\/s ser\u00e1 un tr\u00e1mite personal de cada pasajero por medio de los canales y condiciones que la\/s<br>aerol\u00ednea\/s disponga\/n para tales efectos. Ilusiones, no se responsabiliza de la selecci\u00f3n de asientos en los vuelos.<br>\uf0b7 Esta salida forma parte de un circuito regular, compartiendo con pasajeros de otras nacionalidades.<br>\uf0b7 Es responsabilidad del pasajero contar con los pasaportes o documentos de migraci\u00f3n requeridos por las autoridades de la Rep\u00fablica Argentina y de los pa\u00edses de destino o de tr\u00e1nsito, tales como visas, permisos sanitarios, etc.; como as\u00ed tambi\u00e9n es responsabilidad de la agencia de viajes informar de los requerimientos y restricciones de cada pa\u00eds al respecto.<br>\uf0b7 Tener en cuenta que en el presente recorrido habr\u00e1 paseos a pie de varias horas, subidas y bajadas, trayectos en bus de varios kil\u00f3metros al d\u00eda.<\/p>\n\n\n\n<p class=\"has-medium-font-size\"><strong>USD5555 POR PERSONA EN BASE DOBLE ABONANDO VIA TRANSFERENCIA EN DOLARES<\/strong><\/p>\n\n\n\n<p><br><strong>No incluye impuesto percepciones. En caso de realizar el pago en pesos, deber\u00e1n adicionar ambos<\/strong><\/p>\n\n\n\n<p><strong>OPCIONAL PAQUETE PLUS <\/strong>\u2013 PRECIO POR PERSONA  USD 562 <\/p>\n\n\n\n<p> Incluye:<br>\u2022Almuerzo en Toledo.<br>\u2022Almuerzo snack en crucero por el Rin.<br>\u2022Almuerzo en Florencia.<br>\u2022Almuerzo en Roma.<br>\u2022Almuerzo en Pisa.<br>\u2022Visita a Toledo.<br>\u2022Paseo en Bateaux Mouche.<br>\u2022Subida a la Torre Eiffel (2\u00ba piso).<br>\u2022Paseo en G\u00f3ndola en Venecia.<br>\u2022Vaticano: museos y capilla Sixtina<\/p>\n\n\n\n<p>ilu<\/p>\n","protected":false},"excerpt":{"rendered":"<p>Descubriendo: Paris, Frankfurt, Heidelberg, Lucerna, Zurich, Innsbruck, Venecia, Florencia, Roma, Pisa, Costa Azul o Cannes, Barcelona, Zaragoza, Madrid.<\/p>\n","protected":false},"author":2,"featured_media":438,"comment_status":"closed","ping_status":"open","sticky":false,"template":"","format":"standard","meta":{"_acf_changed":false,"footnotes":""},"categories":[7,5],"tags":[703,302,248,94,26,189,591,458,186,80],"class_list":["post-153873","post","type-post","status-publish","format-standard","has-post-thumbnail","hentry","category-europa","category-paquetes","tag-703","tag-alemania","tag-costa-azul","tag-espana","tag-europa","tag-florencia","tag-francia","tag-italia","tag-roma","tag-salidas-grupales","category-7","category-5","description-off"],"acf":[],"yoast_head":"<!-- This site is optimized with the Yoast SEO plugin v28.4 - https:\/\/yoast.com\/product\/yoast-seo-wordpress\/ -->\n<title>EUROPA ACOMPA\u00d1ADA-2026 - Basa<\/title>\n<meta name=\"robots\" content=\"index, follow, max-snippet:-1, max-image-preview:large, max-video-preview:-1\" \/>\n<link rel=\"canonical\" href=\"https:\/\/basaworldtravel.com.ar\/sitio\/2025\/09\/europa-acompanada\/\" \/>\n<meta property=\"og:locale\" content=\"es_ES\" \/>\n<meta property=\"og:type\" content=\"article\" \/>\n<meta property=\"og:title\" content=\"EUROPA ACOMPA\u00d1ADA-2026 - Basa\" \/>\n<meta property=\"og:description\" content=\"Descubriendo: Paris, Frankfurt, Heidelberg, Lucerna, Zurich, Innsbruck, Venecia, Florencia, Roma, Pisa, Costa Azul o Cannes, Barcelona, Zaragoza, Madrid.\" \/>\n<meta property=\"og:url\" content=\"https:\/\/basaworldtravel.com.ar\/sitio\/2025\/09\/europa-acompanada\/\" \/>\n<meta property=\"og:site_name\" content=\"Basa\" \/>\n<meta property=\"article:published_time\" content=\"2025-09-26T11:41:19+00:00\" \/>\n<meta property=\"article:modified_time\" content=\"2025-10-08T18:34:35+00:00\" \/>\n<meta property=\"og:image\" content=\"https:\/\/basaworldtravel.com.ar\/sitio\/wp-content\/uploads\/2021\/11\/madrid.jpg\" \/>\n\t<meta property=\"og:image:width\" content=\"1032\" \/>\n\t<meta property=\"og:image:height\" content=\"774\" \/>\n\t<meta property=\"og:image:type\" content=\"image\/jpeg\" \/>\n<meta name=\"author\" content=\"BasaWeb\" \/>\n<meta name=\"twitter:card\" content=\"summary_large_image\" \/>\n<meta name=\"twitter:label1\" content=\"Escrito por\" \/>\n\t<meta name=\"twitter:data1\" content=\"BasaWeb\" \/>\n\t<meta name=\"twitter:label2\" content=\"Tiempo de lectura\" \/>\n\t<meta name=\"twitter:data2\" content=\"9 minutos\" \/>\n<script type=\"application\/ld+json\" class=\"yoast-schema-graph\">{\"@context\":\"https:\\\/\\\/schema.org\",\"@graph\":[{\"@type\":\"Article\",\"@id\":\"https:\\\/\\\/basaworldtravel.com.ar\\\/sitio\\\/2025\\\/09\\\/europa-acompanada\\\/#article\",\"isPartOf\":{\"@id\":\"https:\\\/\\\/basaworldtravel.com.ar\\\/sitio\\\/2025\\\/09\\\/europa-acompanada\\\/\"},\"author\":{\"name\":\"BasaWeb\",\"@id\":\"https:\\\/\\\/basaworldtravel.com.ar\\\/sitio\\\/#\\\/schema\\\/person\\\/d89b1d641794d338c41cd3818beabd4c\"},\"headline\":\"EUROPA ACOMPA\u00d1ADA-2026\",\"datePublished\":\"2025-09-26T11:41:19+00:00\",\"dateModified\":\"2025-10-08T18:34:35+00:00\",\"mainEntityOfPage\":{\"@id\":\"https:\\\/\\\/basaworldtravel.com.ar\\\/sitio\\\/2025\\\/09\\\/europa-acompanada\\\/\"},\"wordCount\":1818,\"image\":{\"@id\":\"https:\\\/\\\/basaworldtravel.com.ar\\\/sitio\\\/2025\\\/09\\\/europa-acompanada\\\/#primaryimage\"},\"thumbnailUrl\":\"https:\\\/\\\/basaworldtravel.com.ar\\\/sitio\\\/wp-content\\\/uploads\\\/2021\\\/11\\\/madrid.jpg\",\"keywords\":[\"2026\",\"alemania\",\"COSTA AZUL\",\"ESPA\u00d1A\",\"EUROPA\",\"FLORENCIA\",\"francia\",\"ITALIA\",\"ROMA\",\"SALIDAS GRUPALES\"],\"articleSection\":[\"Europa\",\"Paquetes\"],\"inLanguage\":\"es\"},{\"@type\":\"WebPage\",\"@id\":\"https:\\\/\\\/basaworldtravel.com.ar\\\/sitio\\\/2025\\\/09\\\/europa-acompanada\\\/\",\"url\":\"https:\\\/\\\/basaworldtravel.com.ar\\\/sitio\\\/2025\\\/09\\\/europa-acompanada\\\/\",\"name\":\"EUROPA ACOMPA\u00d1ADA-2026 - Basa\",\"isPartOf\":{\"@id\":\"https:\\\/\\\/basaworldtravel.com.ar\\\/sitio\\\/#website\"},\"primaryImageOfPage\":{\"@id\":\"https:\\\/\\\/basaworldtravel.com.ar\\\/sitio\\\/2025\\\/09\\\/europa-acompanada\\\/#primaryimage\"},\"image\":{\"@id\":\"https:\\\/\\\/basaworldtravel.com.ar\\\/sitio\\\/2025\\\/09\\\/europa-acompanada\\\/#primaryimage\"},\"thumbnailUrl\":\"https:\\\/\\\/basaworldtravel.com.ar\\\/sitio\\\/wp-content\\\/uploads\\\/2021\\\/11\\\/madrid.jpg\",\"datePublished\":\"2025-09-26T11:41:19+00:00\",\"dateModified\":\"2025-10-08T18:34:35+00:00\",\"author\":{\"@id\":\"https:\\\/\\\/basaworldtravel.com.ar\\\/sitio\\\/#\\\/schema\\\/person\\\/d89b1d641794d338c41cd3818beabd4c\"},\"breadcrumb\":{\"@id\":\"https:\\\/\\\/basaworldtravel.com.ar\\\/sitio\\\/2025\\\/09\\\/europa-acompanada\\\/#breadcrumb\"},\"inLanguage\":\"es\",\"potentialAction\":[{\"@type\":\"ReadAction\",\"target\":[\"https:\\\/\\\/basaworldtravel.com.ar\\\/sitio\\\/2025\\\/09\\\/europa-acompanada\\\/\"]}]},{\"@type\":\"ImageObject\",\"inLanguage\":\"es\",\"@id\":\"https:\\\/\\\/basaworldtravel.com.ar\\\/sitio\\\/2025\\\/09\\\/europa-acompanada\\\/#primaryimage\",\"url\":\"https:\\\/\\\/basaworldtravel.com.ar\\\/sitio\\\/wp-content\\\/uploads\\\/2021\\\/11\\\/madrid.jpg\",\"contentUrl\":\"https:\\\/\\\/basaworldtravel.com.ar\\\/sitio\\\/wp-content\\\/uploads\\\/2021\\\/11\\\/madrid.jpg\",\"width\":1032,\"height\":774},{\"@type\":\"BreadcrumbList\",\"@id\":\"https:\\\/\\\/basaworldtravel.com.ar\\\/sitio\\\/2025\\\/09\\\/europa-acompanada\\\/#breadcrumb\",\"itemListElement\":[{\"@type\":\"ListItem\",\"position\":1,\"name\":\"Portada\",\"item\":\"https:\\\/\\\/basaworldtravel.com.ar\\\/sitio\\\/\"},{\"@type\":\"ListItem\",\"position\":2,\"name\":\"EUROPA ACOMPA\u00d1ADA-2026\"}]},{\"@type\":\"WebSite\",\"@id\":\"https:\\\/\\\/basaworldtravel.com.ar\\\/sitio\\\/#website\",\"url\":\"https:\\\/\\\/basaworldtravel.com.ar\\\/sitio\\\/\",\"name\":\"Basa\",\"description\":\"World Travel\",\"potentialAction\":[{\"@type\":\"SearchAction\",\"target\":{\"@type\":\"EntryPoint\",\"urlTemplate\":\"https:\\\/\\\/basaworldtravel.com.ar\\\/sitio\\\/?s={search_term_string}\"},\"query-input\":{\"@type\":\"PropertyValueSpecification\",\"valueRequired\":true,\"valueName\":\"search_term_string\"}}],\"inLanguage\":\"es\"},{\"@type\":\"Person\",\"@id\":\"https:\\\/\\\/basaworldtravel.com.ar\\\/sitio\\\/#\\\/schema\\\/person\\\/d89b1d641794d338c41cd3818beabd4c\",\"name\":\"BasaWeb\",\"image\":{\"@type\":\"ImageObject\",\"inLanguage\":\"es\",\"@id\":\"https:\\\/\\\/secure.gravatar.com\\\/avatar\\\/13e699648957af0aba903942fee2a1fc533d92bcd43fcf375a4df1edc2708698?s=96&d=mm&r=g\",\"url\":\"https:\\\/\\\/secure.gravatar.com\\\/avatar\\\/13e699648957af0aba903942fee2a1fc533d92bcd43fcf375a4df1edc2708698?s=96&d=mm&r=g\",\"contentUrl\":\"https:\\\/\\\/secure.gravatar.com\\\/avatar\\\/13e699648957af0aba903942fee2a1fc533d92bcd43fcf375a4df1edc2708698?s=96&d=mm&r=g\",\"caption\":\"BasaWeb\"},\"url\":\"https:\\\/\\\/basaworldtravel.com.ar\\\/sitio\\\/author\\\/basaweb\\\/\"}]}<\/script>\n<!-- \/ Yoast SEO plugin. -->","yoast_head_json":{"title":"EUROPA ACOMPA\u00d1ADA-2026 - Basa","robots":{"index":"index","follow":"follow","max-snippet":"max-snippet:-1","max-image-preview":"max-image-preview:large","max-video-preview":"max-video-preview:-1"},"canonical":"https:\/\/basaworldtravel.com.ar\/sitio\/2025\/09\/europa-acompanada\/","og_locale":"es_ES","og_type":"article","og_title":"EUROPA ACOMPA\u00d1ADA-2026 - Basa","og_description":"Descubriendo: Paris, Frankfurt, Heidelberg, Lucerna, Zurich, Innsbruck, Venecia, Florencia, Roma, Pisa, Costa Azul o Cannes, Barcelona, Zaragoza, Madrid.","og_url":"https:\/\/basaworldtravel.com.ar\/sitio\/2025\/09\/europa-acompanada\/","og_site_name":"Basa","article_published_time":"2025-09-26T11:41:19+00:00","article_modified_time":"2025-10-08T18:34:35+00:00","og_image":[{"width":1032,"height":774,"url":"https:\/\/basaworldtravel.com.ar\/sitio\/wp-content\/uploads\/2021\/11\/madrid.jpg","type":"image\/jpeg"}],"author":"BasaWeb","twitter_card":"summary_large_image","twitter_misc":{"Escrito por":"BasaWeb","Tiempo de lectura":"9 minutos"},"schema":{"@context":"https:\/\/schema.org","@graph":[{"@type":"Article","@id":"https:\/\/basaworldtravel.com.ar\/sitio\/2025\/09\/europa-acompanada\/#article","isPartOf":{"@id":"https:\/\/basaworldtravel.com.ar\/sitio\/2025\/09\/europa-acompanada\/"},"author":{"name":"BasaWeb","@id":"https:\/\/basaworldtravel.com.ar\/sitio\/#\/schema\/person\/d89b1d641794d338c41cd3818beabd4c"},"headline":"EUROPA ACOMPA\u00d1ADA-2026","datePublished":"2025-09-26T11:41:19+00:00","dateModified":"2025-10-08T18:34:35+00:00","mainEntityOfPage":{"@id":"https:\/\/basaworldtravel.com.ar\/sitio\/2025\/09\/europa-acompanada\/"},"wordCount":1818,"image":{"@id":"https:\/\/basaworldtravel.com.ar\/sitio\/2025\/09\/europa-acompanada\/#primaryimage"},"thumbnailUrl":"https:\/\/basaworldtravel.com.ar\/sitio\/wp-content\/uploads\/2021\/11\/madrid.jpg","keywords":["2026","alemania","COSTA AZUL","ESPA\u00d1A","EUROPA","FLORENCIA","francia","ITALIA","ROMA","SALIDAS GRUPALES"],"articleSection":["Europa","Paquetes"],"inLanguage":"es"},{"@type":"WebPage","@id":"https:\/\/basaworldtravel.com.ar\/sitio\/2025\/09\/europa-acompanada\/","url":"https:\/\/basaworldtravel.com.ar\/sitio\/2025\/09\/europa-acompanada\/","name":"EUROPA ACOMPA\u00d1ADA-2026 - Basa","isPartOf":{"@id":"https:\/\/basaworldtravel.com.ar\/sitio\/#website"},"primaryImageOfPage":{"@id":"https:\/\/basaworldtravel.com.ar\/sitio\/2025\/09\/europa-acompanada\/#primaryimage"},"image":{"@id":"https:\/\/basaworldtravel.com.ar\/sitio\/2025\/09\/europa-acompanada\/#primaryimage"},"thumbnailUrl":"https:\/\/basaworldtravel.com.ar\/sitio\/wp-content\/uploads\/2021\/11\/madrid.jpg","datePublished":"2025-09-26T11:41:19+00:00","dateModified":"2025-10-08T18:34:35+00:00","author":{"@id":"https:\/\/basaworldtravel.com.ar\/sitio\/#\/schema\/person\/d89b1d641794d338c41cd3818beabd4c"},"breadcrumb":{"@id":"https:\/\/basaworldtravel.com.ar\/sitio\/2025\/09\/europa-acompanada\/#breadcrumb"},"inLanguage":"es","potentialAction":[{"@type":"ReadAction","target":["https:\/\/basaworldtravel.com.ar\/sitio\/2025\/09\/europa-acompanada\/"]}]},{"@type":"ImageObject","inLanguage":"es","@id":"https:\/\/basaworldtravel.com.ar\/sitio\/2025\/09\/europa-acompanada\/#primaryimage","url":"https:\/\/basaworldtravel.com.ar\/sitio\/wp-content\/uploads\/2021\/11\/madrid.jpg","contentUrl":"https:\/\/basaworldtravel.com.ar\/sitio\/wp-content\/uploads\/2021\/11\/madrid.jpg","width":1032,"height":774},{"@type":"BreadcrumbList","@id":"https:\/\/basaworldtravel.com.ar\/sitio\/2025\/09\/europa-acompanada\/#breadcrumb","itemListElement":[{"@type":"ListItem","position":1,"name":"Portada","item":"https:\/\/basaworldtravel.com.ar\/sitio\/"},{"@type":"ListItem","position":2,"name":"EUROPA ACOMPA\u00d1ADA-2026"}]},{"@type":"WebSite","@id":"https:\/\/basaworldtravel.com.ar\/sitio\/#website","url":"https:\/\/basaworldtravel.com.ar\/sitio\/","name":"Basa","description":"World Travel","potentialAction":[{"@type":"SearchAction","target":{"@type":"EntryPoint","urlTemplate":"https:\/\/basaworldtravel.com.ar\/sitio\/?s={search_term_string}"},"query-input":{"@type":"PropertyValueSpecification","valueRequired":true,"valueName":"search_term_string"}}],"inLanguage":"es"},{"@type":"Person","@id":"https:\/\/basaworldtravel.com.ar\/sitio\/#\/schema\/person\/d89b1d641794d338c41cd3818beabd4c","name":"BasaWeb","image":{"@type":"ImageObject","inLanguage":"es","@id":"https:\/\/secure.gravatar.com\/avatar\/13e699648957af0aba903942fee2a1fc533d92bcd43fcf375a4df1edc2708698?s=96&d=mm&r=g","url":"https:\/\/secure.gravatar.com\/avatar\/13e699648957af0aba903942fee2a1fc533d92bcd43fcf375a4df1edc2708698?s=96&d=mm&r=g","contentUrl":"https:\/\/secure.gravatar.com\/avatar\/13e699648957af0aba903942fee2a1fc533d92bcd43fcf375a4df1edc2708698?s=96&d=mm&r=g","caption":"BasaWeb"},"url":"https:\/\/basaworldtravel.com.ar\/sitio\/author\/basaweb\/"}]}},"_links":{"self":[{"href":"https:\/\/basaworldtravel.com.ar\/sitio\/wp-json\/wp\/v2\/posts\/153873","targetHints":{"allow":["GET"]}}],"collection":[{"href":"https:\/\/basaworldtravel.com.ar\/sitio\/wp-json\/wp\/v2\/posts"}],"about":[{"href":"https:\/\/basaworldtravel.com.ar\/sitio\/wp-json\/wp\/v2\/types\/post"}],"author":[{"embeddable":true,"href":"https:\/\/basaworldtravel.com.ar\/sitio\/wp-json\/wp\/v2\/users\/2"}],"replies":[{"embeddable":true,"href":"https:\/\/basaworldtravel.com.ar\/sitio\/wp-json\/wp\/v2\/comments?post=153873"}],"version-history":[{"count":3,"href":"https:\/\/basaworldtravel.com.ar\/sitio\/wp-json\/wp\/v2\/posts\/153873\/revisions"}],"predecessor-version":[{"id":155186,"href":"https:\/\/basaworldtravel.com.ar\/sitio\/wp-json\/wp\/v2\/posts\/153873\/revisions\/155186"}],"wp:featuredmedia":[{"embeddable":true,"href":"https:\/\/basaworldtravel.com.ar\/sitio\/wp-json\/wp\/v2\/media\/438"}],"wp:attachment":[{"href":"https:\/\/basaworldtravel.com.ar\/sitio\/wp-json\/wp\/v2\/media?parent=153873"}],"wp:term":[{"taxonomy":"category","embeddable":true,"href":"https:\/\/basaworldtravel.com.ar\/sitio\/wp-json\/wp\/v2\/categories?post=153873"},{"taxonomy":"post_tag","embeddable":true,"href":"https:\/\/basaworldtravel.com.ar\/sitio\/wp-json\/wp\/v2\/tags?post=153873"}],"curies":[{"name":"wp","href":"https:\/\/api.w.org\/{rel}","templated":true}]}}