{"id":153863,"date":"2025-04-09T10:49:46","date_gmt":"2025-04-09T13:49:46","guid":{"rendered":"https:\/\/basaworldtravel.com.ar\/?p=153863"},"modified":"2025-09-25T14:04:14","modified_gmt":"2025-09-25T17:04:14","slug":"sur-de-italia-y-sicilia-salida-acompanada","status":"publish","type":"post","link":"https:\/\/basaworldtravel.com.ar\/sitio\/2025\/04\/sur-de-italia-y-sicilia-salida-acompanada\/","title":{"rendered":"SUR DE ITALIA Y SICILIA -Salida acompa\u00f1ada"},"content":{"rendered":"\n<p>Salida 28 Mayo <\/p>\n\n\n\n<p>Descubriendo: Roma\/ N\u00e1poles\/ Capri\/ Sorrento\/ Salerno\/ Pompeya\/ Costa Amalfitana\/ Scalea\/ Cosenza\/ Messina\/ Taormina\/ Catania\/ Siracusa\/ Agrigento\/ Trapani\/ Palermo\/<br>Monreale.<\/p>\n\n\n\n<p>El tour incluye:<br>o Pasaje a\u00e9reo Ezeiza\/ Roma \/\/ Palermo\/Ezeiza \u2013 en clase turista con AZ.<br>o Acompa\u00f1amiento desde Argentina en base a 12 pasajeros viajando juntos.<br>o Traslados aeropuerto-hotel-aeropuerto.<br>o Alojamiento y desayuno en habitaciones dobles, en hoteles de la categor\u00eda<br>seleccionada.<br>o 6 cenas.<br>o Transporte en autocar climatizado seg\u00fan ruta indicada.<br>o Gu\u00eda acompa\u00f1ante de habla hispana.<br>o Ferry tramo Italia a la Isla de Sicilia.<br>o Visita y entrada a Pompeya.<br>o Seguro de protecci\u00f3n y asistencia en viaje MAPAPLUS.<br>o Visitas con servicio de audio individual.<br>o Tasas de estancia.<\/p>\n\n\n\n<p><\/p>\n\n\n\n<p><strong>VUELOS PREVISTOS:<br><\/strong>AZ 681 28 MAY EZEFCO 1255 0640 29MAY<br>AZ 1794 08 JUN PMOFCO 1905 2020 08JUN<br>AZ 680 08 JUN FCOEZE 2230 0730 09JUN<br>EQUIPAJE PERMITIDO: 1 maleta de hasta 23 kg por persona<\/p>\n\n\n\n<p><br><strong>El tour NO incluye:<br><\/strong>\uf0d8 Todo tipo de bebidas y agua.<br>\uf0d8 Propinas a gu\u00edas, choferes y maleteros.<br>\uf0d8 Cualquier comida no mencionada.<br>\uf0d8 Gastos personales.<br>\uf0d8 Maleteros.<br>\uf0d8 Percepciones.<br>\uf0d8 Excursiones mencionadas como opcionales o sugeridas.<br>\uf0d8 Cualquier otro servicio no especificado en el tour incluye o en el itinerario.<\/p>\n\n\n\n<p><\/p>\n\n\n\n<div data-wp-interactive=\"core\/file\" class=\"wp-block-file\"><object data-wp-bind--hidden=\"!state.hasPdfPreview\" hidden class=\"wp-block-file__embed\" data=\"https:\/\/basaworldtravel.com.ar\/sitio\/wp-content\/uploads\/2025\/04\/itinerario_sur-de-italia-y-sicilia-acompanada-1.pdf\" type=\"application\/pdf\" style=\"width:100%;height:600px\" aria-label=\"Incrustado de itinerario_sur-de-italia-y-sicilia-acompanada.\"><\/object><a id=\"wp-block-file--media-8a111371-e2fe-4b88-a028-47fe1878c199\" href=\"https:\/\/basaworldtravel.com.ar\/sitio\/wp-content\/uploads\/2025\/04\/itinerario_sur-de-italia-y-sicilia-acompanada-1.pdf\">itinerario_sur-de-italia-y-sicilia-acompanada<\/a><a href=\"https:\/\/basaworldtravel.com.ar\/sitio\/wp-content\/uploads\/2025\/04\/itinerario_sur-de-italia-y-sicilia-acompanada-1.pdf\" class=\"wp-block-file__button wp-element-button\" download aria-describedby=\"wp-block-file--media-8a111371-e2fe-4b88-a028-47fe1878c199\">Descarga<\/a><\/div>\n\n\n\n<p><strong>USD5212 POR PERSONA EN BASE DOBLE<\/strong><\/p>\n\n\n\n<p><strong>Opcional PAQUETE PLUS &#8211; PRECIO POR PERSONA USD 500 <br><\/strong>Incluye:<br>\uf0b7 Almuerzo en Roma.<br>\uf0b7 Almuerzo en Capri.<br>\uf0b7 Almuerzo en Pompeya.<br>\uf0b7 Almuerzo en Scalea.<br>\uf0b7 Almuerzo en Erice.<br>\uf0b7 El Vaticano: Su museo y Capilla Sixtina.<br>\uf0b7 Visita de Capri.<br>\uf0b7 Visita a Erice en funicular.<\/p>\n\n\n\n<p><\/p>\n\n\n\n<p><strong>Consideraciones generales:<br><\/strong>\uf0b7 Para confirmar la reserva ser\u00e1 necesario realizar un pago del 40% del valor del tour. El saldo deber\u00e1 cancelarse 30 d\u00edas previos a la salida correspondiente. <\/p>\n\n\n\n<p>\uf0b7 Las tarifas e impuestos a\u00e9reos quedan sujetos a modificaciones hasta el momento de la emisi\u00f3n por parte de la compa\u00f1\u00eda a\u00e9rea, y a fluctuaciones de la moneda<br>d\u00f3lar\/peso, como as\u00ed tambi\u00e9n a nuevas regulaciones y resoluciones de los entes gubernamentales. En caso de suscitarse alguna diferencia, el operador responsable<br>se reserva el derecho de reajustar las tarifas en consecuencia.<br>\uf0b7 Las habitaciones dobles matrimoniales no son garantizadas y est\u00e1n sujetas a  disponibilidad en el momento de check-in en los hoteles. En el caso que no haya<br>habitaciones dobles matrimoniales disponibles, el alojamiento se brindar\u00e1 en habitaci\u00f3n twin (dos camas separadas).<br>\uf0b7 La realizaci\u00f3n del web check-in y asignaci\u00f3n de asientos para el\/los vuelo\/s ser\u00e1 un tramite personal de cada pasajero por medio de los canales y condiciones que la\/s<br>aerol\u00ednea\/s disponga\/n para tales efectos. Ilusiones, no se responsabiliza de la selecci\u00f3n de asientos en los vuelos.<br>\uf0b7 Esta salida forma parte de un circuito regular, compartiendo con pasajeros de otras nacionalidades.<br>\uf0b7 Es responsabilidad del pasajero contar con los pasaportes o documentos de migraci\u00f3n requeridos por las autoridades de la Rep\u00fablica Argentina y de los pa\u00edses<br>de destino o de tr\u00e1nsito, tales como visas, permisos sanitarios, etc.; como as\u00ed tambi\u00e9n es responsabilidad de la agencia de viajes informar de los requerimientos<br>y restricciones de cada pa\u00eds al respecto.<br>\uf0b7 Tener en cuenta que en el presente recorrido habr\u00e1 paseos a pie de varias horas, subidas y bajadas, trayectos en bus de varios kil\u00f3metros al d\u00eda.<\/p>\n","protected":false},"excerpt":{"rendered":"<p>Descubriendo: Roma\/ N\u00e1poles\/ Capri\/ Sorrento\/ Salerno\/ Pompeya\/ Costa Amalfitana  y m\u00e0s!<\/p>\n","protected":false},"author":2,"featured_media":153865,"comment_status":"closed","ping_status":"open","sticky":false,"template":"","format":"standard","meta":{"_acf_changed":false,"footnotes":""},"categories":[7,5],"tags":[703,698,246,458,680,681,186,453,697,80,297,699,700],"class_list":["post-153863","post","type-post","status-publish","format-standard","has-post-thumbnail","hentry","category-europa","category-paquetes","tag-703","tag-capri","tag-costa-amalfitana","tag-italia","tag-napoles","tag-pompeya","tag-roma","tag-salerno","tag-salidas-gruaples","tag-salidas-grupales","tag-sicilia","tag-sorrento","tag-taormina","category-7","category-5","description-off"],"acf":[],"yoast_head":"<!-- This site is optimized with the Yoast SEO plugin v28.4 - https:\/\/yoast.com\/product\/yoast-seo-wordpress\/ -->\n<title>SUR DE ITALIA Y SICILIA -Salida acompa\u00f1ada - Basa<\/title>\n<meta name=\"robots\" content=\"index, follow, max-snippet:-1, max-image-preview:large, max-video-preview:-1\" \/>\n<link rel=\"canonical\" href=\"https:\/\/basaworldtravel.com.ar\/sitio\/2025\/04\/sur-de-italia-y-sicilia-salida-acompanada\/\" \/>\n<meta property=\"og:locale\" content=\"es_ES\" \/>\n<meta property=\"og:type\" content=\"article\" \/>\n<meta property=\"og:title\" content=\"SUR DE ITALIA Y SICILIA -Salida acompa\u00f1ada - Basa\" \/>\n<meta property=\"og:description\" content=\"Descubriendo: Roma\/ N\u00e1poles\/ Capri\/ Sorrento\/ Salerno\/ Pompeya\/ Costa Amalfitana y m\u00e0s!\" \/>\n<meta property=\"og:url\" content=\"https:\/\/basaworldtravel.com.ar\/sitio\/2025\/04\/sur-de-italia-y-sicilia-salida-acompanada\/\" \/>\n<meta property=\"og:site_name\" content=\"Basa\" \/>\n<meta property=\"article:published_time\" content=\"2025-04-09T13:49:46+00:00\" \/>\n<meta property=\"article:modified_time\" content=\"2025-09-25T17:04:14+00:00\" \/>\n<meta property=\"og:image\" content=\"https:\/\/basaworldtravel.com.ar\/sitio\/wp-content\/uploads\/2025\/04\/visitar-capri.jpg\" \/>\n\t<meta property=\"og:image:width\" content=\"728\" \/>\n\t<meta property=\"og:image:height\" content=\"382\" \/>\n\t<meta property=\"og:image:type\" content=\"image\/jpeg\" \/>\n<meta name=\"author\" content=\"BasaWeb\" \/>\n<meta name=\"twitter:card\" content=\"summary_large_image\" \/>\n<meta name=\"twitter:label1\" content=\"Escrito por\" \/>\n\t<meta name=\"twitter:data1\" content=\"BasaWeb\" \/>\n\t<meta name=\"twitter:label2\" content=\"Tiempo de lectura\" \/>\n\t<meta name=\"twitter:data2\" content=\"3 minutos\" \/>\n<script type=\"application\/ld+json\" class=\"yoast-schema-graph\">{\"@context\":\"https:\\\/\\\/schema.org\",\"@graph\":[{\"@type\":\"Article\",\"@id\":\"https:\\\/\\\/basaworldtravel.com.ar\\\/sitio\\\/2025\\\/04\\\/sur-de-italia-y-sicilia-salida-acompanada\\\/#article\",\"isPartOf\":{\"@id\":\"https:\\\/\\\/basaworldtravel.com.ar\\\/sitio\\\/2025\\\/04\\\/sur-de-italia-y-sicilia-salida-acompanada\\\/\"},\"author\":{\"name\":\"BasaWeb\",\"@id\":\"https:\\\/\\\/basaworldtravel.com.ar\\\/sitio\\\/#\\\/schema\\\/person\\\/d89b1d641794d338c41cd3818beabd4c\"},\"headline\":\"SUR DE ITALIA Y SICILIA -Salida acompa\u00f1ada\",\"datePublished\":\"2025-04-09T13:49:46+00:00\",\"dateModified\":\"2025-09-25T17:04:14+00:00\",\"mainEntityOfPage\":{\"@id\":\"https:\\\/\\\/basaworldtravel.com.ar\\\/sitio\\\/2025\\\/04\\\/sur-de-italia-y-sicilia-salida-acompanada\\\/\"},\"wordCount\":526,\"image\":{\"@id\":\"https:\\\/\\\/basaworldtravel.com.ar\\\/sitio\\\/2025\\\/04\\\/sur-de-italia-y-sicilia-salida-acompanada\\\/#primaryimage\"},\"thumbnailUrl\":\"https:\\\/\\\/basaworldtravel.com.ar\\\/sitio\\\/wp-content\\\/uploads\\\/2025\\\/04\\\/visitar-capri.jpg\",\"keywords\":[\"2026\",\"CAPRI\",\"COSTA AMALFITANA\",\"ITALIA\",\"NAPOLES\",\"POMPEYA\",\"ROMA\",\"SALERNO\",\"SALIDAS GRUAPLES\",\"SALIDAS GRUPALES\",\"SICILIA\",\"SORRENTO\",\"TAORMINA\"],\"articleSection\":[\"Europa\",\"Paquetes\"],\"inLanguage\":\"es\"},{\"@type\":\"WebPage\",\"@id\":\"https:\\\/\\\/basaworldtravel.com.ar\\\/sitio\\\/2025\\\/04\\\/sur-de-italia-y-sicilia-salida-acompanada\\\/\",\"url\":\"https:\\\/\\\/basaworldtravel.com.ar\\\/sitio\\\/2025\\\/04\\\/sur-de-italia-y-sicilia-salida-acompanada\\\/\",\"name\":\"SUR DE ITALIA Y SICILIA -Salida acompa\u00f1ada - Basa\",\"isPartOf\":{\"@id\":\"https:\\\/\\\/basaworldtravel.com.ar\\\/sitio\\\/#website\"},\"primaryImageOfPage\":{\"@id\":\"https:\\\/\\\/basaworldtravel.com.ar\\\/sitio\\\/2025\\\/04\\\/sur-de-italia-y-sicilia-salida-acompanada\\\/#primaryimage\"},\"image\":{\"@id\":\"https:\\\/\\\/basaworldtravel.com.ar\\\/sitio\\\/2025\\\/04\\\/sur-de-italia-y-sicilia-salida-acompanada\\\/#primaryimage\"},\"thumbnailUrl\":\"https:\\\/\\\/basaworldtravel.com.ar\\\/sitio\\\/wp-content\\\/uploads\\\/2025\\\/04\\\/visitar-capri.jpg\",\"datePublished\":\"2025-04-09T13:49:46+00:00\",\"dateModified\":\"2025-09-25T17:04:14+00:00\",\"author\":{\"@id\":\"https:\\\/\\\/basaworldtravel.com.ar\\\/sitio\\\/#\\\/schema\\\/person\\\/d89b1d641794d338c41cd3818beabd4c\"},\"breadcrumb\":{\"@id\":\"https:\\\/\\\/basaworldtravel.com.ar\\\/sitio\\\/2025\\\/04\\\/sur-de-italia-y-sicilia-salida-acompanada\\\/#breadcrumb\"},\"inLanguage\":\"es\",\"potentialAction\":[{\"@type\":\"ReadAction\",\"target\":[\"https:\\\/\\\/basaworldtravel.com.ar\\\/sitio\\\/2025\\\/04\\\/sur-de-italia-y-sicilia-salida-acompanada\\\/\"]}]},{\"@type\":\"ImageObject\",\"inLanguage\":\"es\",\"@id\":\"https:\\\/\\\/basaworldtravel.com.ar\\\/sitio\\\/2025\\\/04\\\/sur-de-italia-y-sicilia-salida-acompanada\\\/#primaryimage\",\"url\":\"https:\\\/\\\/basaworldtravel.com.ar\\\/sitio\\\/wp-content\\\/uploads\\\/2025\\\/04\\\/visitar-capri.jpg\",\"contentUrl\":\"https:\\\/\\\/basaworldtravel.com.ar\\\/sitio\\\/wp-content\\\/uploads\\\/2025\\\/04\\\/visitar-capri.jpg\",\"width\":728,\"height\":382},{\"@type\":\"BreadcrumbList\",\"@id\":\"https:\\\/\\\/basaworldtravel.com.ar\\\/sitio\\\/2025\\\/04\\\/sur-de-italia-y-sicilia-salida-acompanada\\\/#breadcrumb\",\"itemListElement\":[{\"@type\":\"ListItem\",\"position\":1,\"name\":\"Portada\",\"item\":\"https:\\\/\\\/basaworldtravel.com.ar\\\/sitio\\\/\"},{\"@type\":\"ListItem\",\"position\":2,\"name\":\"SUR DE ITALIA Y SICILIA -Salida acompa\u00f1ada\"}]},{\"@type\":\"WebSite\",\"@id\":\"https:\\\/\\\/basaworldtravel.com.ar\\\/sitio\\\/#website\",\"url\":\"https:\\\/\\\/basaworldtravel.com.ar\\\/sitio\\\/\",\"name\":\"Basa\",\"description\":\"World Travel\",\"potentialAction\":[{\"@type\":\"SearchAction\",\"target\":{\"@type\":\"EntryPoint\",\"urlTemplate\":\"https:\\\/\\\/basaworldtravel.com.ar\\\/sitio\\\/?s={search_term_string}\"},\"query-input\":{\"@type\":\"PropertyValueSpecification\",\"valueRequired\":true,\"valueName\":\"search_term_string\"}}],\"inLanguage\":\"es\"},{\"@type\":\"Person\",\"@id\":\"https:\\\/\\\/basaworldtravel.com.ar\\\/sitio\\\/#\\\/schema\\\/person\\\/d89b1d641794d338c41cd3818beabd4c\",\"name\":\"BasaWeb\",\"image\":{\"@type\":\"ImageObject\",\"inLanguage\":\"es\",\"@id\":\"https:\\\/\\\/secure.gravatar.com\\\/avatar\\\/13e699648957af0aba903942fee2a1fc533d92bcd43fcf375a4df1edc2708698?s=96&d=mm&r=g\",\"url\":\"https:\\\/\\\/secure.gravatar.com\\\/avatar\\\/13e699648957af0aba903942fee2a1fc533d92bcd43fcf375a4df1edc2708698?s=96&d=mm&r=g\",\"contentUrl\":\"https:\\\/\\\/secure.gravatar.com\\\/avatar\\\/13e699648957af0aba903942fee2a1fc533d92bcd43fcf375a4df1edc2708698?s=96&d=mm&r=g\",\"caption\":\"BasaWeb\"},\"url\":\"https:\\\/\\\/basaworldtravel.com.ar\\\/sitio\\\/author\\\/basaweb\\\/\"}]}<\/script>\n<!-- \/ Yoast SEO plugin. -->","yoast_head_json":{"title":"SUR DE ITALIA Y SICILIA -Salida acompa\u00f1ada - Basa","robots":{"index":"index","follow":"follow","max-snippet":"max-snippet:-1","max-image-preview":"max-image-preview:large","max-video-preview":"max-video-preview:-1"},"canonical":"https:\/\/basaworldtravel.com.ar\/sitio\/2025\/04\/sur-de-italia-y-sicilia-salida-acompanada\/","og_locale":"es_ES","og_type":"article","og_title":"SUR DE ITALIA Y SICILIA -Salida acompa\u00f1ada - Basa","og_description":"Descubriendo: Roma\/ N\u00e1poles\/ Capri\/ Sorrento\/ Salerno\/ Pompeya\/ Costa Amalfitana y m\u00e0s!","og_url":"https:\/\/basaworldtravel.com.ar\/sitio\/2025\/04\/sur-de-italia-y-sicilia-salida-acompanada\/","og_site_name":"Basa","article_published_time":"2025-04-09T13:49:46+00:00","article_modified_time":"2025-09-25T17:04:14+00:00","og_image":[{"width":728,"height":382,"url":"https:\/\/basaworldtravel.com.ar\/sitio\/wp-content\/uploads\/2025\/04\/visitar-capri.jpg","type":"image\/jpeg"}],"author":"BasaWeb","twitter_card":"summary_large_image","twitter_misc":{"Escrito por":"BasaWeb","Tiempo de lectura":"3 minutos"},"schema":{"@context":"https:\/\/schema.org","@graph":[{"@type":"Article","@id":"https:\/\/basaworldtravel.com.ar\/sitio\/2025\/04\/sur-de-italia-y-sicilia-salida-acompanada\/#article","isPartOf":{"@id":"https:\/\/basaworldtravel.com.ar\/sitio\/2025\/04\/sur-de-italia-y-sicilia-salida-acompanada\/"},"author":{"name":"BasaWeb","@id":"https:\/\/basaworldtravel.com.ar\/sitio\/#\/schema\/person\/d89b1d641794d338c41cd3818beabd4c"},"headline":"SUR DE ITALIA Y SICILIA -Salida acompa\u00f1ada","datePublished":"2025-04-09T13:49:46+00:00","dateModified":"2025-09-25T17:04:14+00:00","mainEntityOfPage":{"@id":"https:\/\/basaworldtravel.com.ar\/sitio\/2025\/04\/sur-de-italia-y-sicilia-salida-acompanada\/"},"wordCount":526,"image":{"@id":"https:\/\/basaworldtravel.com.ar\/sitio\/2025\/04\/sur-de-italia-y-sicilia-salida-acompanada\/#primaryimage"},"thumbnailUrl":"https:\/\/basaworldtravel.com.ar\/sitio\/wp-content\/uploads\/2025\/04\/visitar-capri.jpg","keywords":["2026","CAPRI","COSTA AMALFITANA","ITALIA","NAPOLES","POMPEYA","ROMA","SALERNO","SALIDAS GRUAPLES","SALIDAS GRUPALES","SICILIA","SORRENTO","TAORMINA"],"articleSection":["Europa","Paquetes"],"inLanguage":"es"},{"@type":"WebPage","@id":"https:\/\/basaworldtravel.com.ar\/sitio\/2025\/04\/sur-de-italia-y-sicilia-salida-acompanada\/","url":"https:\/\/basaworldtravel.com.ar\/sitio\/2025\/04\/sur-de-italia-y-sicilia-salida-acompanada\/","name":"SUR DE ITALIA Y SICILIA -Salida acompa\u00f1ada - Basa","isPartOf":{"@id":"https:\/\/basaworldtravel.com.ar\/sitio\/#website"},"primaryImageOfPage":{"@id":"https:\/\/basaworldtravel.com.ar\/sitio\/2025\/04\/sur-de-italia-y-sicilia-salida-acompanada\/#primaryimage"},"image":{"@id":"https:\/\/basaworldtravel.com.ar\/sitio\/2025\/04\/sur-de-italia-y-sicilia-salida-acompanada\/#primaryimage"},"thumbnailUrl":"https:\/\/basaworldtravel.com.ar\/sitio\/wp-content\/uploads\/2025\/04\/visitar-capri.jpg","datePublished":"2025-04-09T13:49:46+00:00","dateModified":"2025-09-25T17:04:14+00:00","author":{"@id":"https:\/\/basaworldtravel.com.ar\/sitio\/#\/schema\/person\/d89b1d641794d338c41cd3818beabd4c"},"breadcrumb":{"@id":"https:\/\/basaworldtravel.com.ar\/sitio\/2025\/04\/sur-de-italia-y-sicilia-salida-acompanada\/#breadcrumb"},"inLanguage":"es","potentialAction":[{"@type":"ReadAction","target":["https:\/\/basaworldtravel.com.ar\/sitio\/2025\/04\/sur-de-italia-y-sicilia-salida-acompanada\/"]}]},{"@type":"ImageObject","inLanguage":"es","@id":"https:\/\/basaworldtravel.com.ar\/sitio\/2025\/04\/sur-de-italia-y-sicilia-salida-acompanada\/#primaryimage","url":"https:\/\/basaworldtravel.com.ar\/sitio\/wp-content\/uploads\/2025\/04\/visitar-capri.jpg","contentUrl":"https:\/\/basaworldtravel.com.ar\/sitio\/wp-content\/uploads\/2025\/04\/visitar-capri.jpg","width":728,"height":382},{"@type":"BreadcrumbList","@id":"https:\/\/basaworldtravel.com.ar\/sitio\/2025\/04\/sur-de-italia-y-sicilia-salida-acompanada\/#breadcrumb","itemListElement":[{"@type":"ListItem","position":1,"name":"Portada","item":"https:\/\/basaworldtravel.com.ar\/sitio\/"},{"@type":"ListItem","position":2,"name":"SUR DE ITALIA Y SICILIA -Salida acompa\u00f1ada"}]},{"@type":"WebSite","@id":"https:\/\/basaworldtravel.com.ar\/sitio\/#website","url":"https:\/\/basaworldtravel.com.ar\/sitio\/","name":"Basa","description":"World Travel","potentialAction":[{"@type":"SearchAction","target":{"@type":"EntryPoint","urlTemplate":"https:\/\/basaworldtravel.com.ar\/sitio\/?s={search_term_string}"},"query-input":{"@type":"PropertyValueSpecification","valueRequired":true,"valueName":"search_term_string"}}],"inLanguage":"es"},{"@type":"Person","@id":"https:\/\/basaworldtravel.com.ar\/sitio\/#\/schema\/person\/d89b1d641794d338c41cd3818beabd4c","name":"BasaWeb","image":{"@type":"ImageObject","inLanguage":"es","@id":"https:\/\/secure.gravatar.com\/avatar\/13e699648957af0aba903942fee2a1fc533d92bcd43fcf375a4df1edc2708698?s=96&d=mm&r=g","url":"https:\/\/secure.gravatar.com\/avatar\/13e699648957af0aba903942fee2a1fc533d92bcd43fcf375a4df1edc2708698?s=96&d=mm&r=g","contentUrl":"https:\/\/secure.gravatar.com\/avatar\/13e699648957af0aba903942fee2a1fc533d92bcd43fcf375a4df1edc2708698?s=96&d=mm&r=g","caption":"BasaWeb"},"url":"https:\/\/basaworldtravel.com.ar\/sitio\/author\/basaweb\/"}]}},"_links":{"self":[{"href":"https:\/\/basaworldtravel.com.ar\/sitio\/wp-json\/wp\/v2\/posts\/153863","targetHints":{"allow":["GET"]}}],"collection":[{"href":"https:\/\/basaworldtravel.com.ar\/sitio\/wp-json\/wp\/v2\/posts"}],"about":[{"href":"https:\/\/basaworldtravel.com.ar\/sitio\/wp-json\/wp\/v2\/types\/post"}],"author":[{"embeddable":true,"href":"https:\/\/basaworldtravel.com.ar\/sitio\/wp-json\/wp\/v2\/users\/2"}],"replies":[{"embeddable":true,"href":"https:\/\/basaworldtravel.com.ar\/sitio\/wp-json\/wp\/v2\/comments?post=153863"}],"version-history":[{"count":3,"href":"https:\/\/basaworldtravel.com.ar\/sitio\/wp-json\/wp\/v2\/posts\/153863\/revisions"}],"predecessor-version":[{"id":155071,"href":"https:\/\/basaworldtravel.com.ar\/sitio\/wp-json\/wp\/v2\/posts\/153863\/revisions\/155071"}],"wp:featuredmedia":[{"embeddable":true,"href":"https:\/\/basaworldtravel.com.ar\/sitio\/wp-json\/wp\/v2\/media\/153865"}],"wp:attachment":[{"href":"https:\/\/basaworldtravel.com.ar\/sitio\/wp-json\/wp\/v2\/media?parent=153863"}],"wp:term":[{"taxonomy":"category","embeddable":true,"href":"https:\/\/basaworldtravel.com.ar\/sitio\/wp-json\/wp\/v2\/categories?post=153863"},{"taxonomy":"post_tag","embeddable":true,"href":"https:\/\/basaworldtravel.com.ar\/sitio\/wp-json\/wp\/v2\/tags?post=153863"}],"curies":[{"name":"wp","href":"https:\/\/api.w.org\/{rel}","templated":true}]}}