{"id":153625,"date":"2025-03-20T16:10:35","date_gmt":"2025-03-20T19:10:35","guid":{"rendered":"https:\/\/basaworldtravel.com.ar\/?p=153625"},"modified":"2025-03-20T16:11:58","modified_gmt":"2025-03-20T19:11:58","slug":"maravillas-de-espana-portugal-y-marruecos","status":"publish","type":"post","link":"https:\/\/basaworldtravel.com.ar\/sitio\/2025\/03\/maravillas-de-espana-portugal-y-marruecos\/","title":{"rendered":"Maravillas de Espa\u00f1a, Portugal y Marruecos"},"content":{"rendered":"\n<p>Salida 05 de Octubre<\/p>\n\n\n\n<h2 class=\"wp-block-heading\">El programa incluye:<\/h2>\n\n\n\n<ul class=\"wp-block-list\">\n<li>Boleto a\u00e9reo con IBERIA &#8211; cupo confirmado (Ruta: Buenos Aires \u2013 Madrid\/Marrakech \u2013\u00a0Madrid \u2013 Buenos Aires).<\/li>\n\n\n\n<li>18 noches de alojamiento con desayuno buffet diario (2 Madrid \/ 1 Salamanca \/ 1 Santiago de Compostela \/ 2 Oporto \/ 2 Lisboa \/ 2 Sevilla \/ 1 Granada \/ 2 M\u00e1laga \/ 1 T\u00e1nger \/ 2 Fez \/ 2 Marrakech\u00a0).<\/li>\n\n\n\n<li>5 Cenas + 1 almuerzo (No incluye bebida)<\/li>\n\n\n\n<li>Traslados y visitas indicadas seg\u00fan itinerario.<\/li>\n\n\n\n<li>Gu\u00eda acompa\u00f1ante durante el recorrido.<\/li>\n\n\n\n<li>Coordinador desde Buenos Aires.<\/li>\n\n\n\n<li>Seguro de asistencia al viajero Universal Assistance Value (v\u00e1lido hasta 70 a\u00f1os).<\/li>\n<\/ul>\n\n\n\n<p><strong><em>Observaciones importantes:<\/em><\/strong><\/p>\n\n\n\n<ul class=\"wp-block-list\">\n<li><a href=\"https:\/\/tiptravel.com.ar\/wp-content\/uploads\/2025\/02\/Grupal-Europa-2-EXCURSIONES-OPCIONALES.pdf\" target=\"_blank\" rel=\"noreferrer noopener\"><em>Excursiones opcionales<\/em><\/a><\/li>\n\n\n\n<li><em>Los boletos a\u00e9reos, una vez emitidos, no admiten devoluciones, son intransferibles. Consultar condiciones de reprogramaci\u00f3n.<\/em><\/li>\n\n\n\n<li><em>Este paquete es a requerir, es decir, sujeto a disponibilidad.<\/em><\/li>\n\n\n\n<li><em>Los precios son finales y est\u00e1n sujetos a disponibilidad al momento de hacer la reserva.<\/em><\/li>\n\n\n\n<li><em>El programa no incluye: Los gastos personales, bebidas, maleteros, impuesto municipal de alojamiento, cualquier otro servicio no expresado en el itinerario.<\/em><\/li>\n<\/ul>\n\n\n\n<p><strong>Alojamientos previstos<\/strong><\/p>\n\n\n\n<hr class=\"wp-block-separator has-alpha-channel-opacity\"\/>\n\n\n\n<ul class=\"wp-block-list\">\n<li><strong>MADRID<\/strong>\u00a0Praga**** \/ Muralto**** \/ Nh Ribera Del Manzanares****<\/li>\n\n\n\n<li><strong>SALAMANCA<\/strong>\u00a0Gran Hotel Corona Sol****\/ Zenit Hall 88 4*<\/li>\n\n\n\n<li><strong>SANTIAGO<\/strong>\u00a0Eurostar San Lazaro**** \/ Santiago Centro***<\/li>\n\n\n\n<li><strong>OPORTO<\/strong>\u00a0Star Inn*** \/ Holiday Inn Exponor***<\/li>\n\n\n\n<li><strong>LISBOA<\/strong>\u00a0Vip Zurique***<\/li>\n\n\n\n<li><strong>SEVILLA<\/strong>\u00a0Ma Sevilla Congresos**** \/ Ibis Styles***<\/li>\n\n\n\n<li><strong>GRANADA<\/strong>\u00a0Macia Condor*** \/ Yit Casablanca 3*<\/li>\n\n\n\n<li><strong>M\u00c1LAGA<\/strong>\u00a0Hilton Garden Inn****\/ Hampton By Hilton Malaga ***<\/li>\n\n\n\n<li><strong>TANGER<\/strong>\u00a0Dixil**** \/ Kenzi Solazur****<\/li>\n\n\n\n<li><strong>FEZ<\/strong>\u00a0Menzeh Zalag City Center**** \/ Menzeh Zalagh Sky****\/ Royal Mirage****<\/li>\n\n\n\n<li><strong>MARRAKECH<\/strong>\u00a0Nassim**** \/ Palm Menara**** \/ Blue Sea Le Printemps**** \/ Meriem****<\/li>\n<\/ul>\n\n\n\n<p><strong>No incluye<\/strong><\/p>\n\n\n\n<hr class=\"wp-block-separator has-alpha-channel-opacity\"\/>\n\n\n\n<ul class=\"wp-block-list\">\n<li>Excursiones y visitas opcionales<\/li>\n\n\n\n<li>Comidas no especificadas<\/li>\n\n\n\n<li>Servicios no especificados en el itinerario, gastos personales, propinas.<\/li>\n<\/ul>\n\n\n\n<p>Salida: 5 octubre 2025<\/p>\n\n\n\n<p>Modalidad: Con coordinador desde Buenos Aires. Doble a compartir asegurada<\/p>\n\n\n\n<p><strong>D\u00eda 1\u00ba: (Domingo) BUENOS AIRES &#8211; MADRID<\/strong><\/p>\n\n\n\n<p>Salida desde Buenos Aires con destino Madrid. Noche a bordo.<\/p>\n\n\n\n<p><strong>D\u00eda 2\u00ba: (Lunes) MADRID<\/strong><\/p>\n\n\n\n<p>Llegada y traslado al hotel. D\u00eda libre. A \u00faltima hora de la tarde salida para realizar el recorrido por el Madrid iluminado (durante las fechas de primavera y verano, debido al atardecer tard\u00edo, las visitas se har\u00e1n vespertinas). Alojamiento.<\/p>\n\n\n\n<p><strong>D\u00eda 3\u00ba: (Martes) MADRID<\/strong><\/p>\n\n\n\n<p>Desayuno buffet. Salida para efectuar la visita de la ciudad y sus principales monumentos y el Madrid moderno. Por la tarde sugerimos hacer una excursi\u00f3n opcional a la vecina ciudad imperial de Toledo, pasear por sus calles y respirar su ambiente medieval, visitar su espl\u00e9ndida catedral, y conocer la pintura de El Greco. Alojamiento.<\/p>\n\n\n\n<p><strong>D\u00eda 4\u00ba: (Mi\u00e9rcoles) MADRID &#8211; SEGOVIA &#8211; \u00c1VILA &#8211; SALAMANCA<\/strong><\/p>\n\n\n\n<p>Desayuno buffet y salida hacia Segovia donde podremos admirar su magn\u00edfico acueducto. Continuaci\u00f3n a \u00c1vila para admirar sus intactas murallas, antes de llegar a Salamanca, la ciudad universitaria. Por la tarde visita de la ciudad y su centro hist\u00f3rico de gran belleza monumental. Esta noche recomendamos pasear por su Plaza Mayor donde viviremos todo el ambiente de la ciudad. Alojamiento.<\/p>\n\n\n\n<p><strong>D\u00eda 5\u00ba: (Jueves) SALAMANCA &#8211; SANTIAGO DE COMPOSTELA<\/strong><\/p>\n\n\n\n<p>Desayuno y salida hacia Santiago de Compostela, centro de peregrinaci\u00f3n mundial por la devoci\u00f3n al Ap\u00f3stol Santiago. Por la tarde salida para hacer la visita guiada de la ciudad con su magn\u00edfica Plaza del Obradoiro y su espl\u00e9ndida catedral. Alojamiento en Santiago.<\/p>\n\n\n\n<p><strong>D\u00eda 6\u00ba: (Viernes) SANTIAGO DE COMPOSTELA &#8211; VIANA DO CASTELO &#8211; OPORTO<\/strong><\/p>\n\n\n\n<p>Desayuno y salida hacia las Rias Baixas, enclave \u00fanico en Galicia, para continuar nuestra ruta hasta Portugal. Visitaremos la poblaci\u00f3n de Viana do Castelo, en la desembocadura del rio Limia y continuaremos hacia Oporto, una de las ciudades m\u00e1s bonitas de Portugal, a orillas del r\u00edo Duero. Alojamiento<\/p>\n\n\n\n<p><strong>D\u00eda 7\u00ba: (S\u00e1bado) OPORTO<\/strong><\/p>\n\n\n\n<p>Desayuno. Por la ma\u00f1ana visita de la ciudad, una de las m\u00e1s bellas y ricas del pa\u00eds, cuyos vinos son famosos en el mundo entero y donde visitaremos una de sus bodegas. Tarde Libre. Alojamiento.<\/p>\n\n\n\n<p><strong>D\u00eda 8\u00ba: (Domingo) OPORTO &#8211; AVEIRO &#8211; F\u00c1TIMA &#8211; LISBOA<\/strong><\/p>\n\n\n\n<p>Desayuno. Por la ma\u00f1ana, visita panor\u00e1mica de una de las ciudades m\u00e1s bellas y rom\u00e1nticas de Europa, llamada tambi\u00e9n \u201cLa Venecia del Norte\u201d, llena de coloridas casas, canales y puentes, donde se combina la belleza y la cultura. Cuna de grandes genios de la pintura como Rembrandt y Van Gohg. Al final del recorrido visitaremos un centro de tallado de diamantes. Tarde libre durante la que podremos realizar una excursi\u00f3n opcional a Marken y Volendam, peque\u00f1os pueblos de pescadores que conservan todo su tipismo. Alojamiento.<\/p>\n\n\n\n<p><strong>D\u00eda 9\u00ba: (Lunes) LISBOA<\/strong><\/p>\n\n\n\n<p>Desayuno y alojamiento. Por la ma\u00f1ana visita panor\u00e1mica recorriendo el Barrio de Alfama, Torre de Belem y Monasterio de los Jer\u00f3nimos. Tarde libre. Alojamiento.<\/p>\n\n\n\n<p><strong>D\u00eda 10\u00ba: (Martes) LISBOA &#8211; M\u00c9RIDA &#8211; SEVILLA<\/strong><\/p>\n\n\n\n<p>Desayuno. Salida hacia la frontera espa\u00f1ola para llegar a M\u00e9rida. Visita del teatro romano. Continuaci\u00f3n del viaje hacia Sevilla. Alojamiento.<\/p>\n\n\n\n<p><strong>D\u00eda 11\u00ba: (Mi\u00e9rcoles) SEVILLA<\/strong><\/p>\n\n\n\n<p>Desayuno. Salida para efectuar la visita de la ciudad y sus principales monumentos, como la torre del Oro, el parque de Mar\u00eda Luisa, la Maestranza, la catedral culminada por la Giralda, y el barrio de Santa Cruz. Alojamiento.<\/p>\n\n\n\n<p><strong>D\u00eda 12\u00ba: (Jueves) SEVILLA &#8211; C\u00d3RDOBA &#8211; GRANADA<\/strong><\/p>\n\n\n\n<p>Desayuno buffet. Salida hacia C\u00f3rdoba donde visitaremos su famosa Mezquita (Entrada incluida). Tiempo libre para el almuerzo. Salida hacia Granada. Alojamiento.<\/p>\n\n\n\n<p><strong>D\u00eda 13\u00ba: (Viernes) GRANADA &#8211; M\u00c1LAGA (COSTA DEL SOL)<\/strong><\/p>\n\n\n\n<p>Desayuno y salida para hacer la visita de la fabulosa Alhambra y los jardines del Generalife. Despu\u00e9s de la visita salida con transferista hacia la Costa del Sol (sin gu\u00eda). Alojamiento.<\/p>\n\n\n\n<p><strong>D\u00eda 14\u00ba: (S\u00e1bado) M\u00c1LAGA (COSTA DEL SOL) &#8211; RONDA &#8211; M\u00c1LAGA (COSTA DEL SOL)<\/strong><\/p>\n\n\n\n<p>Desayuno buffet. Breve visita de la ciudad, y salida hacia la pintoresca ciudad de Ronda encaramada a la sierra y un enclave lleno de encanto e historia. Visita a la ciudad. Tiempo libre para almorzar. Vuelta a M\u00e1laga (Costa del Sol) Tarde libre. Alojamiento.<\/p>\n\n\n\n<p><strong>D\u00eda 15\u00ba: (Domingo) M\u00c1LAGA (COSTA DEL SOL) &#8211; ALGECIRAS &#8211; T\u00c1NGER<\/strong><\/p>\n\n\n\n<p>Salida hacia Algeciras. Embarque en el ferry con destino Marruecos. Cena y alojamiento en el hotel.<\/p>\n\n\n\n<p><strong>D\u00eda 16\u00ba: (Lunes) T\u00c1NGER &#8211; XAOUEN &#8211; MEKNES &#8211; FEZ<\/strong><\/p>\n\n\n\n<p>Desayuno. Visita de la medina y salida hacia las monta\u00f1as del Rif donde se encuentra la bonita y famosa ciudad de Xaouen. Breve parada en esta poblaci\u00f3n de casas blancas con puertas de color de un fuerte azul cobalto. Continuaci\u00f3n hacia la ciudad imperial de Meknes. Visita de la ciudad de Mulay Ismail. Comenzamos por las murallas con sus magn\u00edficas puertas como Bab Manssur y continuaci\u00f3n al estanque de Aghal con una superficie de cuatro hect\u00e1reas. Un corto paseo nos lleva a la ciudad imperial de Fez. Cena y alojamiento.<\/p>\n\n\n\n<p><strong>D\u00eda 17\u00ba: (Martes) FEZ<\/strong><\/p>\n\n\n\n<p>Desayuno. Salida y visita para conocer Fez. Visita de las puertas doradas del Palacio Real construidas por los maestros en bronce. Visitaremos la antigua medina con su Medersa de Bou Anania, la fuente Nejjarine una de las m\u00e1s bellas de la medina, mezquita Karaouine que alberga uno de los principales centros culturales del Isl\u00e1m y es la sede de la Universidad de Fez y el mausoleo de Mulay Idriss. Nos detendremos en el famoso barrio de los curtidores, \u00fanico en el mundo. Almuerzo, cena y alojamiento.<\/p>\n\n\n\n<p><strong>D\u00eda 18\u00ba: (Mi\u00e9rcoles) FEZ &#8211; IFRAN &#8211; BENI MELLAL &#8211; MARRAKECH<\/strong><\/p>\n\n\n\n<p>Desayuno. Salida atravesando las suaves monta\u00f1as del medio Atlas hacia la pintoresca Ifran con sus puntiagudos tejados de pizarra. Salida hacia la ciudad de Beni Mellal. Tiempo libre para el almuerzo. Continuaci\u00f3n a los f\u00e9rtiles valles de Marrakech. Cena y alojamiento<\/p>\n\n\n\n<p><strong>D\u00eda 19\u00ba: (Jueves) MARRAKECH<\/strong><\/p>\n\n\n\n<p>Desayuno. Visita de la ciudad que empieza por los jardines de la Menara, parque de 14 hect\u00e1reas en cuyo centro se encuentra un inmenso estanque del siglo XII. El majestuoso minarete de la Koutoubia torre gemela de la Giralda de Sevilla. Continuaci\u00f3n al palacio Bah\u00eda ejemplo del medievo musulm\u00e1n donde destaca la sala de embajadores con su techo en forma de barco invertido. La visita termina en un lugar m\u00e1gico: la plaza de Jemaa el F\u00b4na (asamblea del pueblo), declarada patrimonio de la Humanidad. Y tarde libre. Cena y alojamiento<\/p>\n\n\n\n<p><strong>D\u00eda 20\u00ba: (Viernes) MARRAKECH &#8211; BUENOS AIRES<\/strong><\/p>\n\n\n\n<p>Desayuno. A la hora indicada traslado al aeropuerto para embarcar en el vuelo de salida. Fin de viaje y de nuestros servicios.<\/p>\n\n\n\n<p><strong>FIN DE LOS SERVICIOS<\/strong><\/p>\n\n\n\n<p><strong>HORARIO DE VUELOS<\/strong><\/p>\n\n\n\n<ul class=\"wp-block-list\">\n<li>Despegue \u2013 IB 106 \u2013 Buenos Aires \u2013 18:10 \u2013 Aterrizaje \u2013 Madrid \u2013 10:55<\/li>\n\n\n\n<li>Despegue \u2013 IB 1854 \u2013 Marrakech \u2013 17:40 \u2013 Aterrizaje \u2013 Madrid- 20:40<\/li>\n\n\n\n<li>Despegue \u2013 IB 101 \u2013 Madrid \u2013 23:59 \u2013 Aterrizaje \u2013 Buenos Aires- 07:35<\/li>\n<\/ul>\n\n\n\n<p>A\u00e9reo con IBERIA<\/p>\n\n\n\n<p>Incluye 1 equipaje de mano de hasta 10 kg + 1 equipaje para despachar de hasta 23kg por pasajero. En el caso de los menores o infantes consultar.&nbsp;<\/p>\n\n\n\n<p><strong>NOTAS<\/strong><\/p>\n\n\n\n<ul class=\"wp-block-list\">\n<li>Los boletos a\u00e9reos, una vez emitidos, no admiten devoluciones, son intransferibles. Consultar condiciones de reprogramaci\u00f3n.<\/li>\n\n\n\n<li>\u00a1Atenci\u00f3n! Ante reprogramaciones de vuelos que se produzcan durante el viaje (escalas) se debe dar aviso al tel\u00e9fono de guardia de Tip Travel: +541127184798 para poder hacer las modificaciones correspondientes en los traslados.<\/li>\n\n\n\n<li>No se incluyen visitas opcionales, propinas y otros servicios no especificados en el itinerario.<\/li>\n\n\n\n<li>El orden del itinerario podr\u00e1 sufrir modificaciones por cuestiones operacionales o de fuerza mayor y siempre se tratar\u00e1 de dar la mejor opci\u00f3n posible sin que esto genere indemnizaci\u00f3n o reclamo alguno<\/li>\n\n\n\n<li>Los hoteles son los previstos en itinerario o en su defecto, similares dentro de la misma categor\u00eda<\/li>\n\n\n\n<li>En Europa las habitaciones triples no son iguales en todos los hoteles. Pueden darse dos posibilidades: habitaciones reales que cuentan con tres camas de igual tama\u00f1o y habitaciones dobles m\u00e1s cama supletoria, donde las dimensiones de esta \u00faltima son m\u00e1s reducidas. No se confirma la cama adicional.<\/li>\n\n\n\n<li>En las habitaciones dobles no se garantizar\u00e1 que la cama sea matrimonial, si no que podr\u00e1n ser dos camas individuales seg\u00fan la disponibilidad del hotel.<\/li>\n\n\n\n<li>Consultar por detalle de asistencia al viajero<\/li>\n<\/ul>\n\n\n\n<p><strong>Observaciones:<\/strong><\/p>\n\n\n\n<p><strong><em>A\u00e9reos y otros transportes:<\/em><\/strong><\/p>\n\n\n\n<ul class=\"wp-block-list\">\n<li><strong>Los a\u00e9reos de sistema, o sea, din\u00e1micos, deber\u00e1n abonarse en su totalidad para poder ser emitidos,\u00a0<\/strong>m\u00e1s all\u00e1 de la fecha de pago que indica la plataforma, cuando vas a reservar.\u00a0<\/li>\n\n\n\n<li>Todos nuestros\u00a0<strong>a\u00e9reos internacionales de tarifa din\u00e1micas o de sistema (no aplica a cupos a\u00e9reos, ni vuelos de cabotaje) incluyen el Fly Plus<\/strong>, un seguro de cancelaci\u00f3n por causa extendida.<\/li>\n\n\n\n<li>Ciertas compa\u00f1\u00edas como\u00a0<strong>ITA<\/strong>\u00a0,<strong>\u00a0Air Europa, y otras, sobre todo del\u00a0sudeste asi\u00e1tico y \u00c1frica<\/strong>\u00a0<strong>no incluyen adem\u00e1s usd 30<\/strong>\u00a0en concepto\u00a0<strong>de fee<\/strong>\u00a0de emisi\u00f3n. Otras como\u00a0<strong>Spirit Airlines son a requerir\u00a0<\/strong>por lo que deber\u00e1 consultar previamente con un vendedor para reconfirmar el precio. Spirit Airlines no permite adicionar servicios pagados una vez emitida la reserva (asientos, equipaje, etc)<\/li>\n\n\n\n<li><strong>Los a\u00e9reos ida y vuelta pero reservados como OW<\/strong>,\u00a0<strong>se emiten por separado\u00a0<\/strong>y\u00a0<strong>cada tramo es independiente<\/strong>\u00a0del otro, como as\u00ed tambi\u00e9n las pol\u00edticas de las compa\u00f1\u00edas que intervienen en cada tramo.\u00a0<\/li>\n\n\n\n<li>Por lo general los\u00a0<strong>boletos a\u00e9reos son no reembolsables<\/strong>. En caso\u00a0de reprogramaci\u00f3n si correspondiera, hay que consultar en cada caso las penalidades y diferencia de tarifa si la hubiera. Esto depende de la pol\u00edtica de cada compa\u00f1\u00eda a\u00e9rea y de las caracter\u00edsticas del boleto a\u00e9reo reservado.<\/li>\n\n\n\n<li>Algunas tarifas a\u00e9reas como es el caso de la\u00a0<strong>Basic o Classic Economy de Avianca<\/strong>,\u00a0<strong>son a requerir, es decir, que no son de confirmaci\u00f3n inmediata<\/strong>. En caso, de no encontrar los mismos vuelos reservados y tarifa, se dar\u00e1 una alternativa similar a efectos de mantener el precio.<\/li>\n\n\n\n<li>La agencia no se responsabiliza por errores u omisiones en nombres, apellidos, fechas de nacimiento, n\u00fameros de documento ni ning\u00fan dato cargado al momento de tomar una reserva en este sitio Online.<\/li>\n\n\n\n<li>Los tickets de trenes y ferrys pueden entregarse hasta 24 hs antes de la fecha de salida del pasajero, esto depender\u00e1 de la pol\u00edtica de cada proveedor.<\/li>\n<\/ul>\n\n\n\n<p><strong><em>Hoteler\u00eda:<\/em><\/strong><\/p>\n\n\n\n<ul class=\"wp-block-list\">\n<li>Las tarifas\u00a0<strong>no reembolsables<\/strong>\u00a0de hoteles, \u200bal momento de reservar, genera un compromiso de\u00a0<strong>100% de pago<\/strong>\u00a0de la reserva y\u00a0<strong>no admiten \u200bcambios ni devoluciones\u200b<\/strong>, en caso de cancelaci\u00f3n, incurre en el 100% de gastos.<\/li>\n\n\n\n<li>Muchos\u00a0<strong><em>hoteles cobran tasas de hoteler\u00eda<\/em><\/strong>\u00a0que\u00a0<strong>no est\u00e1n incluidas en la tarifa\u00a0y se pagan por lo general al hacer el check in.\u00a0<\/strong>Estas\u00a0<em>tasas se ver\u00e1n reflejadas en los\u00a0<\/em><strong><em>vouchers<\/em><\/strong><em>\u00a0<\/em>por eso es importante\u00a0<strong>revisarlos con detenimiento.<\/strong><\/li>\n\n\n\n<li><strong>La\u00a0habitaci\u00f3n triple o cu\u00e1druple<\/strong>, como as\u00ed las reservas con menores, en la mayor\u00eda de los destinos (salvo se indique lo contrario en el tipo de habitaci\u00f3n), corresponde a 1 habitaci\u00f3n doble, por lo que\u00a0<strong>la cama adicional est\u00e1 sujeta a disponibilidad del hotel y no se asegura<\/strong>.<\/li>\n<\/ul>\n\n\n\n<p><strong><em>Circuitos<\/em><\/strong><\/p>\n\n\n\n<ul class=\"wp-block-list\">\n<li>Los precios de los proveedores de circuitos como, Special Tours, City Tours, Wamos, Euroriente, Panamericana, VPT, entre otros, no incluyen 3% correspondientes a Iva y gastos administrativos, salvo excepciones que en ese caso se indicar\u00e1 que el precio es final. En el caso de Europamundo es del 2%<\/li>\n\n\n\n<li>Los itinerarios de los circuitos est\u00e1n sujetos a modificaciones tratando siempre de respetar la cantidad de d\u00edas y los destinos previstos en los posible.<\/li>\n\n\n\n<li>El listado de hoteles previstos en los circuitos es preliminar, y el definitivo se confirma d\u00edas antes de la salida, pudiendo variar incluso la categor\u00eda ofrecida.<\/li>\n<\/ul>\n\n\n\n<p><strong><em>Traslados, autos y excursiones<\/em><\/strong><\/p>\n\n\n\n<ul class=\"wp-block-list\">\n<li><strong>Leer bien<\/strong>\u00a0los detalles de los\u00a0<strong>traslados y su tiempo de espera,<\/strong>\u00a0sobre todo cuando los Tickets a\u00e9reos tienen el equipaje incluido a efectos que el servicio no genere inconvenientes y sea considerado No Show por lo que no habr\u00e1 devoluci\u00f3n del dinero en caso de que el servicio no se haya podido realizar.\u00a0<\/li>\n\n\n\n<li>En caso de\u00a0<strong>alquiler de autos<\/strong>, tomar nota que si el pasajero no se presenta en el horario seleccionado al tomar la reserva, la misma puede ser considerada NO SHOW y no habr\u00e1 posibilidad de devoluci\u00f3n de dinero. Algunos servicios como GPS, cadenas para autos en caso de nevadas, asiento para beb\u00e9s, etc, no est\u00e1n incluidos en el precio. Tener presente que al final de su estancia si pas\u00f3 por lugares de peajes, este puede ser cobrado al final, en muchos destinos.\u00a0<\/li>\n\n\n\n<li>En el caso de las excursiones y alquileres de autos el horario de pick up y drop off y el horario de inicio de la excursi\u00f3n debe ser cumplido, excepto que el proveedor indique lo contrario.<\/li>\n<\/ul>\n\n\n\n<p><strong><em>Promociones especiales<\/em><\/strong><\/p>\n\n\n\n<ul class=\"wp-block-list\">\n<li>Algunos servicios y \/ o paquetes pueden tener una promoci\u00f3n especial, En ese caso, antes de reservar, se deber\u00e1n consultar t\u00e9rminos y condiciones de la oferta a efectos de evitar inconvenientes, ya que estas var\u00edan de acuerdo a las caracter\u00edsticas de cada una<\/li>\n\n\n\n<li>tip<\/li>\n\n\n\n<li><\/li>\n<\/ul>\n\n\n\n<p>USD5445 POR PERSONA EN BASE DOBLE <\/p>\n","protected":false},"excerpt":{"rendered":"<p>Dos mundos que se encuentran en el estrecho de Gibraltar. Donde se mezclan la cultura espa\u00f1ola con la ex\u00f2tica belleza  y tradici\u00f3n  de Marruecos.<\/p>\n","protected":false},"author":2,"featured_media":153626,"comment_status":"closed","ping_status":"open","sticky":false,"template":"","format":"standard","meta":{"_acf_changed":false,"footnotes":""},"categories":[7,5],"tags":[617,679,94,26,163,678,450,168,98,223,162,167,303,80,200,97,170],"class_list":["post-153625","post","type-post","status-publish","format-standard","has-post-thumbnail","hentry","category-europa","category-paquetes","tag-617","tag-compostela","tag-espana","tag-europa","tag-granada","tag-granda","tag-lisboa","tag-madrid","tag-malaga","tag-marrakech","tag-marruecos","tag-merida","tag-portugal","tag-salidas-grupales","tag-santiago","tag-sevilla","tag-tanger","category-7","category-5","description-off"],"acf":[],"yoast_head":"<!-- This site is optimized with the Yoast SEO plugin v28.4 - https:\/\/yoast.com\/product\/yoast-seo-wordpress\/ -->\n<title>Maravillas de Espa\u00f1a, Portugal y Marruecos - Basa<\/title>\n<meta name=\"robots\" content=\"index, follow, max-snippet:-1, max-image-preview:large, max-video-preview:-1\" \/>\n<link rel=\"canonical\" href=\"https:\/\/basaworldtravel.com.ar\/sitio\/2025\/03\/maravillas-de-espana-portugal-y-marruecos\/\" \/>\n<meta property=\"og:locale\" content=\"es_ES\" \/>\n<meta property=\"og:type\" content=\"article\" \/>\n<meta property=\"og:title\" content=\"Maravillas de Espa\u00f1a, Portugal y Marruecos - Basa\" \/>\n<meta property=\"og:description\" content=\"Dos mundos que se encuentran en el estrecho de Gibraltar. Donde se mezclan la cultura espa\u00f1ola con la ex\u00f2tica belleza y tradici\u00f3n de Marruecos.\" \/>\n<meta property=\"og:url\" content=\"https:\/\/basaworldtravel.com.ar\/sitio\/2025\/03\/maravillas-de-espana-portugal-y-marruecos\/\" \/>\n<meta property=\"og:site_name\" content=\"Basa\" \/>\n<meta property=\"article:published_time\" content=\"2025-03-20T19:10:35+00:00\" \/>\n<meta property=\"article:modified_time\" content=\"2025-03-20T19:11:58+00:00\" \/>\n<meta property=\"og:image\" content=\"https:\/\/basaworldtravel.com.ar\/sitio\/wp-content\/uploads\/2025\/03\/https___tr2storage.blob_.core_.windows.net_imagenes_rwesF8IHpeAa-qqKlxRf8Xijpeg.webp\" \/>\n\t<meta property=\"og:image:width\" content=\"1598\" \/>\n\t<meta property=\"og:image:height\" content=\"1279\" \/>\n\t<meta property=\"og:image:type\" content=\"image\/webp\" \/>\n<meta name=\"author\" content=\"BasaWeb\" \/>\n<meta name=\"twitter:card\" content=\"summary_large_image\" \/>\n<meta name=\"twitter:label1\" content=\"Escrito por\" \/>\n\t<meta name=\"twitter:data1\" content=\"BasaWeb\" \/>\n\t<meta name=\"twitter:label2\" content=\"Tiempo de lectura\" \/>\n\t<meta name=\"twitter:data2\" content=\"11 minutos\" \/>\n<script type=\"application\/ld+json\" class=\"yoast-schema-graph\">{\"@context\":\"https:\\\/\\\/schema.org\",\"@graph\":[{\"@type\":\"Article\",\"@id\":\"https:\\\/\\\/basaworldtravel.com.ar\\\/sitio\\\/2025\\\/03\\\/maravillas-de-espana-portugal-y-marruecos\\\/#article\",\"isPartOf\":{\"@id\":\"https:\\\/\\\/basaworldtravel.com.ar\\\/sitio\\\/2025\\\/03\\\/maravillas-de-espana-portugal-y-marruecos\\\/\"},\"author\":{\"name\":\"BasaWeb\",\"@id\":\"https:\\\/\\\/basaworldtravel.com.ar\\\/sitio\\\/#\\\/schema\\\/person\\\/d89b1d641794d338c41cd3818beabd4c\"},\"headline\":\"Maravillas de Espa\u00f1a, Portugal y Marruecos\",\"datePublished\":\"2025-03-20T19:10:35+00:00\",\"dateModified\":\"2025-03-20T19:11:58+00:00\",\"mainEntityOfPage\":{\"@id\":\"https:\\\/\\\/basaworldtravel.com.ar\\\/sitio\\\/2025\\\/03\\\/maravillas-de-espana-portugal-y-marruecos\\\/\"},\"wordCount\":2441,\"image\":{\"@id\":\"https:\\\/\\\/basaworldtravel.com.ar\\\/sitio\\\/2025\\\/03\\\/maravillas-de-espana-portugal-y-marruecos\\\/#primaryimage\"},\"thumbnailUrl\":\"https:\\\/\\\/basaworldtravel.com.ar\\\/sitio\\\/wp-content\\\/uploads\\\/2025\\\/03\\\/https___tr2storage.blob_.core_.windows.net_imagenes_rwesF8IHpeAa-qqKlxRf8Xijpeg.webp\",\"keywords\":[\"2025\",\"COMPOSTELA\",\"ESPA\u00d1A\",\"EUROPA\",\"Granada\",\"GRANDA\",\"LISBOA\",\"MADRID\",\"MALAGA\",\"marrakech\",\"MARRUECOS\",\"MERIDA\",\"portugal\",\"SALIDAS GRUPALES\",\"santiago\",\"SEVILLA\",\"TANGER\"],\"articleSection\":[\"Europa\",\"Paquetes\"],\"inLanguage\":\"es\"},{\"@type\":\"WebPage\",\"@id\":\"https:\\\/\\\/basaworldtravel.com.ar\\\/sitio\\\/2025\\\/03\\\/maravillas-de-espana-portugal-y-marruecos\\\/\",\"url\":\"https:\\\/\\\/basaworldtravel.com.ar\\\/sitio\\\/2025\\\/03\\\/maravillas-de-espana-portugal-y-marruecos\\\/\",\"name\":\"Maravillas de Espa\u00f1a, Portugal y Marruecos - Basa\",\"isPartOf\":{\"@id\":\"https:\\\/\\\/basaworldtravel.com.ar\\\/sitio\\\/#website\"},\"primaryImageOfPage\":{\"@id\":\"https:\\\/\\\/basaworldtravel.com.ar\\\/sitio\\\/2025\\\/03\\\/maravillas-de-espana-portugal-y-marruecos\\\/#primaryimage\"},\"image\":{\"@id\":\"https:\\\/\\\/basaworldtravel.com.ar\\\/sitio\\\/2025\\\/03\\\/maravillas-de-espana-portugal-y-marruecos\\\/#primaryimage\"},\"thumbnailUrl\":\"https:\\\/\\\/basaworldtravel.com.ar\\\/sitio\\\/wp-content\\\/uploads\\\/2025\\\/03\\\/https___tr2storage.blob_.core_.windows.net_imagenes_rwesF8IHpeAa-qqKlxRf8Xijpeg.webp\",\"datePublished\":\"2025-03-20T19:10:35+00:00\",\"dateModified\":\"2025-03-20T19:11:58+00:00\",\"author\":{\"@id\":\"https:\\\/\\\/basaworldtravel.com.ar\\\/sitio\\\/#\\\/schema\\\/person\\\/d89b1d641794d338c41cd3818beabd4c\"},\"breadcrumb\":{\"@id\":\"https:\\\/\\\/basaworldtravel.com.ar\\\/sitio\\\/2025\\\/03\\\/maravillas-de-espana-portugal-y-marruecos\\\/#breadcrumb\"},\"inLanguage\":\"es\",\"potentialAction\":[{\"@type\":\"ReadAction\",\"target\":[\"https:\\\/\\\/basaworldtravel.com.ar\\\/sitio\\\/2025\\\/03\\\/maravillas-de-espana-portugal-y-marruecos\\\/\"]}]},{\"@type\":\"ImageObject\",\"inLanguage\":\"es\",\"@id\":\"https:\\\/\\\/basaworldtravel.com.ar\\\/sitio\\\/2025\\\/03\\\/maravillas-de-espana-portugal-y-marruecos\\\/#primaryimage\",\"url\":\"https:\\\/\\\/basaworldtravel.com.ar\\\/sitio\\\/wp-content\\\/uploads\\\/2025\\\/03\\\/https___tr2storage.blob_.core_.windows.net_imagenes_rwesF8IHpeAa-qqKlxRf8Xijpeg.webp\",\"contentUrl\":\"https:\\\/\\\/basaworldtravel.com.ar\\\/sitio\\\/wp-content\\\/uploads\\\/2025\\\/03\\\/https___tr2storage.blob_.core_.windows.net_imagenes_rwesF8IHpeAa-qqKlxRf8Xijpeg.webp\",\"width\":1598,\"height\":1279},{\"@type\":\"BreadcrumbList\",\"@id\":\"https:\\\/\\\/basaworldtravel.com.ar\\\/sitio\\\/2025\\\/03\\\/maravillas-de-espana-portugal-y-marruecos\\\/#breadcrumb\",\"itemListElement\":[{\"@type\":\"ListItem\",\"position\":1,\"name\":\"Portada\",\"item\":\"https:\\\/\\\/basaworldtravel.com.ar\\\/sitio\\\/\"},{\"@type\":\"ListItem\",\"position\":2,\"name\":\"Maravillas de Espa\u00f1a, Portugal y Marruecos\"}]},{\"@type\":\"WebSite\",\"@id\":\"https:\\\/\\\/basaworldtravel.com.ar\\\/sitio\\\/#website\",\"url\":\"https:\\\/\\\/basaworldtravel.com.ar\\\/sitio\\\/\",\"name\":\"Basa\",\"description\":\"World Travel\",\"potentialAction\":[{\"@type\":\"SearchAction\",\"target\":{\"@type\":\"EntryPoint\",\"urlTemplate\":\"https:\\\/\\\/basaworldtravel.com.ar\\\/sitio\\\/?s={search_term_string}\"},\"query-input\":{\"@type\":\"PropertyValueSpecification\",\"valueRequired\":true,\"valueName\":\"search_term_string\"}}],\"inLanguage\":\"es\"},{\"@type\":\"Person\",\"@id\":\"https:\\\/\\\/basaworldtravel.com.ar\\\/sitio\\\/#\\\/schema\\\/person\\\/d89b1d641794d338c41cd3818beabd4c\",\"name\":\"BasaWeb\",\"image\":{\"@type\":\"ImageObject\",\"inLanguage\":\"es\",\"@id\":\"https:\\\/\\\/secure.gravatar.com\\\/avatar\\\/13e699648957af0aba903942fee2a1fc533d92bcd43fcf375a4df1edc2708698?s=96&d=mm&r=g\",\"url\":\"https:\\\/\\\/secure.gravatar.com\\\/avatar\\\/13e699648957af0aba903942fee2a1fc533d92bcd43fcf375a4df1edc2708698?s=96&d=mm&r=g\",\"contentUrl\":\"https:\\\/\\\/secure.gravatar.com\\\/avatar\\\/13e699648957af0aba903942fee2a1fc533d92bcd43fcf375a4df1edc2708698?s=96&d=mm&r=g\",\"caption\":\"BasaWeb\"},\"url\":\"https:\\\/\\\/basaworldtravel.com.ar\\\/sitio\\\/author\\\/basaweb\\\/\"}]}<\/script>\n<!-- \/ Yoast SEO plugin. -->","yoast_head_json":{"title":"Maravillas de Espa\u00f1a, Portugal y Marruecos - Basa","robots":{"index":"index","follow":"follow","max-snippet":"max-snippet:-1","max-image-preview":"max-image-preview:large","max-video-preview":"max-video-preview:-1"},"canonical":"https:\/\/basaworldtravel.com.ar\/sitio\/2025\/03\/maravillas-de-espana-portugal-y-marruecos\/","og_locale":"es_ES","og_type":"article","og_title":"Maravillas de Espa\u00f1a, Portugal y Marruecos - Basa","og_description":"Dos mundos que se encuentran en el estrecho de Gibraltar. Donde se mezclan la cultura espa\u00f1ola con la ex\u00f2tica belleza y tradici\u00f3n de Marruecos.","og_url":"https:\/\/basaworldtravel.com.ar\/sitio\/2025\/03\/maravillas-de-espana-portugal-y-marruecos\/","og_site_name":"Basa","article_published_time":"2025-03-20T19:10:35+00:00","article_modified_time":"2025-03-20T19:11:58+00:00","og_image":[{"width":1598,"height":1279,"url":"https:\/\/basaworldtravel.com.ar\/sitio\/wp-content\/uploads\/2025\/03\/https___tr2storage.blob_.core_.windows.net_imagenes_rwesF8IHpeAa-qqKlxRf8Xijpeg.webp","type":"image\/webp"}],"author":"BasaWeb","twitter_card":"summary_large_image","twitter_misc":{"Escrito por":"BasaWeb","Tiempo de lectura":"11 minutos"},"schema":{"@context":"https:\/\/schema.org","@graph":[{"@type":"Article","@id":"https:\/\/basaworldtravel.com.ar\/sitio\/2025\/03\/maravillas-de-espana-portugal-y-marruecos\/#article","isPartOf":{"@id":"https:\/\/basaworldtravel.com.ar\/sitio\/2025\/03\/maravillas-de-espana-portugal-y-marruecos\/"},"author":{"name":"BasaWeb","@id":"https:\/\/basaworldtravel.com.ar\/sitio\/#\/schema\/person\/d89b1d641794d338c41cd3818beabd4c"},"headline":"Maravillas de Espa\u00f1a, Portugal y Marruecos","datePublished":"2025-03-20T19:10:35+00:00","dateModified":"2025-03-20T19:11:58+00:00","mainEntityOfPage":{"@id":"https:\/\/basaworldtravel.com.ar\/sitio\/2025\/03\/maravillas-de-espana-portugal-y-marruecos\/"},"wordCount":2441,"image":{"@id":"https:\/\/basaworldtravel.com.ar\/sitio\/2025\/03\/maravillas-de-espana-portugal-y-marruecos\/#primaryimage"},"thumbnailUrl":"https:\/\/basaworldtravel.com.ar\/sitio\/wp-content\/uploads\/2025\/03\/https___tr2storage.blob_.core_.windows.net_imagenes_rwesF8IHpeAa-qqKlxRf8Xijpeg.webp","keywords":["2025","COMPOSTELA","ESPA\u00d1A","EUROPA","Granada","GRANDA","LISBOA","MADRID","MALAGA","marrakech","MARRUECOS","MERIDA","portugal","SALIDAS GRUPALES","santiago","SEVILLA","TANGER"],"articleSection":["Europa","Paquetes"],"inLanguage":"es"},{"@type":"WebPage","@id":"https:\/\/basaworldtravel.com.ar\/sitio\/2025\/03\/maravillas-de-espana-portugal-y-marruecos\/","url":"https:\/\/basaworldtravel.com.ar\/sitio\/2025\/03\/maravillas-de-espana-portugal-y-marruecos\/","name":"Maravillas de Espa\u00f1a, Portugal y Marruecos - Basa","isPartOf":{"@id":"https:\/\/basaworldtravel.com.ar\/sitio\/#website"},"primaryImageOfPage":{"@id":"https:\/\/basaworldtravel.com.ar\/sitio\/2025\/03\/maravillas-de-espana-portugal-y-marruecos\/#primaryimage"},"image":{"@id":"https:\/\/basaworldtravel.com.ar\/sitio\/2025\/03\/maravillas-de-espana-portugal-y-marruecos\/#primaryimage"},"thumbnailUrl":"https:\/\/basaworldtravel.com.ar\/sitio\/wp-content\/uploads\/2025\/03\/https___tr2storage.blob_.core_.windows.net_imagenes_rwesF8IHpeAa-qqKlxRf8Xijpeg.webp","datePublished":"2025-03-20T19:10:35+00:00","dateModified":"2025-03-20T19:11:58+00:00","author":{"@id":"https:\/\/basaworldtravel.com.ar\/sitio\/#\/schema\/person\/d89b1d641794d338c41cd3818beabd4c"},"breadcrumb":{"@id":"https:\/\/basaworldtravel.com.ar\/sitio\/2025\/03\/maravillas-de-espana-portugal-y-marruecos\/#breadcrumb"},"inLanguage":"es","potentialAction":[{"@type":"ReadAction","target":["https:\/\/basaworldtravel.com.ar\/sitio\/2025\/03\/maravillas-de-espana-portugal-y-marruecos\/"]}]},{"@type":"ImageObject","inLanguage":"es","@id":"https:\/\/basaworldtravel.com.ar\/sitio\/2025\/03\/maravillas-de-espana-portugal-y-marruecos\/#primaryimage","url":"https:\/\/basaworldtravel.com.ar\/sitio\/wp-content\/uploads\/2025\/03\/https___tr2storage.blob_.core_.windows.net_imagenes_rwesF8IHpeAa-qqKlxRf8Xijpeg.webp","contentUrl":"https:\/\/basaworldtravel.com.ar\/sitio\/wp-content\/uploads\/2025\/03\/https___tr2storage.blob_.core_.windows.net_imagenes_rwesF8IHpeAa-qqKlxRf8Xijpeg.webp","width":1598,"height":1279},{"@type":"BreadcrumbList","@id":"https:\/\/basaworldtravel.com.ar\/sitio\/2025\/03\/maravillas-de-espana-portugal-y-marruecos\/#breadcrumb","itemListElement":[{"@type":"ListItem","position":1,"name":"Portada","item":"https:\/\/basaworldtravel.com.ar\/sitio\/"},{"@type":"ListItem","position":2,"name":"Maravillas de Espa\u00f1a, Portugal y Marruecos"}]},{"@type":"WebSite","@id":"https:\/\/basaworldtravel.com.ar\/sitio\/#website","url":"https:\/\/basaworldtravel.com.ar\/sitio\/","name":"Basa","description":"World Travel","potentialAction":[{"@type":"SearchAction","target":{"@type":"EntryPoint","urlTemplate":"https:\/\/basaworldtravel.com.ar\/sitio\/?s={search_term_string}"},"query-input":{"@type":"PropertyValueSpecification","valueRequired":true,"valueName":"search_term_string"}}],"inLanguage":"es"},{"@type":"Person","@id":"https:\/\/basaworldtravel.com.ar\/sitio\/#\/schema\/person\/d89b1d641794d338c41cd3818beabd4c","name":"BasaWeb","image":{"@type":"ImageObject","inLanguage":"es","@id":"https:\/\/secure.gravatar.com\/avatar\/13e699648957af0aba903942fee2a1fc533d92bcd43fcf375a4df1edc2708698?s=96&d=mm&r=g","url":"https:\/\/secure.gravatar.com\/avatar\/13e699648957af0aba903942fee2a1fc533d92bcd43fcf375a4df1edc2708698?s=96&d=mm&r=g","contentUrl":"https:\/\/secure.gravatar.com\/avatar\/13e699648957af0aba903942fee2a1fc533d92bcd43fcf375a4df1edc2708698?s=96&d=mm&r=g","caption":"BasaWeb"},"url":"https:\/\/basaworldtravel.com.ar\/sitio\/author\/basaweb\/"}]}},"_links":{"self":[{"href":"https:\/\/basaworldtravel.com.ar\/sitio\/wp-json\/wp\/v2\/posts\/153625","targetHints":{"allow":["GET"]}}],"collection":[{"href":"https:\/\/basaworldtravel.com.ar\/sitio\/wp-json\/wp\/v2\/posts"}],"about":[{"href":"https:\/\/basaworldtravel.com.ar\/sitio\/wp-json\/wp\/v2\/types\/post"}],"author":[{"embeddable":true,"href":"https:\/\/basaworldtravel.com.ar\/sitio\/wp-json\/wp\/v2\/users\/2"}],"replies":[{"embeddable":true,"href":"https:\/\/basaworldtravel.com.ar\/sitio\/wp-json\/wp\/v2\/comments?post=153625"}],"version-history":[{"count":1,"href":"https:\/\/basaworldtravel.com.ar\/sitio\/wp-json\/wp\/v2\/posts\/153625\/revisions"}],"predecessor-version":[{"id":153627,"href":"https:\/\/basaworldtravel.com.ar\/sitio\/wp-json\/wp\/v2\/posts\/153625\/revisions\/153627"}],"wp:featuredmedia":[{"embeddable":true,"href":"https:\/\/basaworldtravel.com.ar\/sitio\/wp-json\/wp\/v2\/media\/153626"}],"wp:attachment":[{"href":"https:\/\/basaworldtravel.com.ar\/sitio\/wp-json\/wp\/v2\/media?parent=153625"}],"wp:term":[{"taxonomy":"category","embeddable":true,"href":"https:\/\/basaworldtravel.com.ar\/sitio\/wp-json\/wp\/v2\/categories?post=153625"},{"taxonomy":"post_tag","embeddable":true,"href":"https:\/\/basaworldtravel.com.ar\/sitio\/wp-json\/wp\/v2\/tags?post=153625"}],"curies":[{"name":"wp","href":"https:\/\/api.w.org\/{rel}","templated":true}]}}