{"id":153621,"date":"2025-03-20T16:02:49","date_gmt":"2025-03-20T19:02:49","guid":{"rendered":"https:\/\/basaworldtravel.com.ar\/?p=153621"},"modified":"2025-03-20T16:03:25","modified_gmt":"2025-03-20T19:03:25","slug":"dia-de-los-muertos-grupal-acompanada","status":"publish","type":"post","link":"https:\/\/basaworldtravel.com.ar\/sitio\/2025\/03\/dia-de-los-muertos-grupal-acompanada\/","title":{"rendered":"D\u00eda de los Muertos- Grupal Acompa\u00f1ada"},"content":{"rendered":"\n<p> 30 de octubre<\/p>\n\n\n\n<h2 class=\"wp-block-heading\">El programa incluye:<\/h2>\n\n\n\n<ul class=\"wp-block-list\">\n<li>Ticket A\u00e9reo de Cupo Confirmado con Avianca<\/li>\n\n\n\n<li>3 noches Ciudad de M\u00e9xico con desayuno \/ 1 noche San Miguel de Allende con desayuno \/ 2 noches Puebla con desayuno \/ 4 noches Ciudad de M\u00e9xico con desayuno<\/li>\n\n\n\n<li>Traslados en destino<\/li>\n\n\n\n<li>Actividades y visitas seg\u00fan el itinerario<\/li>\n\n\n\n<li>Coordinador Acompa\u00f1ante desde Buenos Aires<\/li>\n\n\n\n<li>Seguro de asistencia al viajero Universal Assistance Master Plus (v\u00e1lido hasta 70 a\u00f1os)<\/li>\n<\/ul>\n\n\n\n<p><strong><em>Observaciones importantes:<\/em><\/strong><\/p>\n\n\n\n<ul class=\"wp-block-list\">\n<li><em>Esta idea de viaje est\u00e1 armada con Hoteler\u00eda Categor\u00eda Est\u00e1ndar (4*). Los hoteles previstos son los mencionados o similares.<\/em><\/li>\n\n\n\n<li><em>Este paquete es a requerir, es decir, sujeto a disponibilidad.<\/em><\/li>\n\n\n\n<li><em>Los precios son finales y est\u00e1n sujetos a disponibilidad al momento de hacer la reserva.<\/em><\/li>\n\n\n\n<li><em>El programa no incluye: Los gastos personales, bebidas, maleteros, impuesto municipal de alojamiento, cualquier otro servicio no expresado en el itinerario.<\/em><\/li>\n<\/ul>\n\n\n\n<p><strong>No incluye<\/strong><\/p>\n\n\n\n<hr class=\"wp-block-separator has-alpha-channel-opacity\"\/>\n\n\n\n<ul class=\"wp-block-list\">\n<li>Propinas, gastos personales, comidas y servicios no detallados en itinerario.<\/li>\n\n\n\n<li>Servicios no expresados en cada paquete.<\/li>\n\n\n\n<li>Percepci\u00f3n 30% en caso de que el pago se realice en pesos argentinos. Consultar el tipo de cambio en este caso antes de realizar el pago.<\/li>\n<\/ul>\n\n\n\n<p><strong>Alojamientos previstos<\/strong><\/p>\n\n\n\n<hr class=\"wp-block-separator has-alpha-channel-opacity\"\/>\n\n\n\n<p><\/p>\n\n\n\n<p><\/p>\n\n\n\n<p><\/p>\n\n\n\n<p><strong>D\u00eda de salida:<\/strong> 30 de Octubre<\/p>\n\n\n\n<p>*<strong>Modalidad:<\/strong> Grupal acompa\u00f1ada con coordinador desde Buenos Aires. Doble a compartir sujeta a disponibilidad*<\/p>\n\n\n\n<p><strong>DIA 1 &#8211; OCTUBRE 30 \/ JUEVES LLEGADA A LA CIUDAD DE M\u00c9XICO<\/strong><\/p>\n\n\n\n<p>Recepci\u00f3n en el Aeropuerto Internacional de la Ciudad de M\u00e9xico. Llegada en el vuelo AV218\/ AV72 a las 12:10 hrs. Traslado al Hotel. Alojamiento.<\/p>\n\n\n\n<p><strong>DIA 2 &#8211; OCTUBRE 31 \/ VIERNES CITY TOUR CON MUSEO DE ANTROPOLOG\u00cdA<\/strong><\/p>\n\n\n\n<p>Desayuno. Salida para iniciar la visita de los lugares m\u00e1s representativos de esta gran metr\u00f3poli con m\u00e1s de 20 millones de habitantes. La primera parte es a pie. La Plaza de la Constituci\u00f3n o Z\u00f3calo, es la tercera plaza m\u00e1s grande del mundo. A sus costados encontraremos los primeros atractivos. El Palacio Nacional, La Catedral Metropolitana, la iglesia m\u00e1s grande de Latinoam\u00e9rica, y donde podremos apreciar entre otras cosas, al famoso \u201cSanto Cristo del Veneno\u201d o \u201cCristo Negro\u201d que dicen que es muy milagroso. Al costado de la Catedral se encuentran las ruinas del Templo Mayor, que es justamente el coraz\u00f3n del nacimiento de la Gran Tenochtitl\u00e1n, las cuales veremos desde fuera. Nos trasladaremos en el veh\u00edculo a la Plaza de las Tres Culturas, que muestra vestigios de construcciones prehisp\u00e1nicas, coloniales y modernas. Encontramos en este lugar la Iglesia donde fue bautizado San Juan Diego, as\u00ed como la explanada donde se dieron los sucesos de la matanza de estudiantes en 1968. Desde afuera nuestro gu\u00eda nos mostrar\u00e1 y explicar\u00e1 los principales puntos. Pasamos a un Mercado de Artesan\u00edas, para una visita de aproximadamente 30 minutos, a fin de que nuestros pasajeros puedan adquirir sus recuerdos y regalos t\u00edpicos. Tiempo para el almuerzo por cuenta de los pasajeros A partir de aqu\u00ed, admiramos desde el veh\u00edculo el Paseo de la Reforma con su monumento a la Independencia llamado com\u00fanmente \u201cEl \u00c1ngel\u201d. En caso de que las autoridades lo permitan podremos bajar a tomarnos una fotograf\u00eda con el monumento m\u00e1s importante de M\u00e9xico. Continuaremos por Reforma para ubicar y admirar desde el veh\u00edculo el Bosque de Chapultepec donde se localiza el Castillo que fue residencia del emperador Maximiliano y de presidentes mexicanos. No hay parada en este sitio. Continuaci\u00f3n hacia el famoso Museo de Antropolog\u00eda a sus salas Azteca y Maya (entradas incluidas). Regreso al Hotel. Alojamiento.<\/p>\n\n\n\n<p>*LOS MURALES DE DIEGO RIVERA EN PALACIO NACIONAL ESTAN PERMANENTE CERRADOS A P\u00daBLICO. EN CASO DE IMPEDIMIENTOS FUERA DE NUESTRO CONTROL (MANIFESTACIONES O EVENTOS DE GRAN MAGNITUD EN VIAS PRINCIPALES), SERA COMPENSADO DENTRO DEL MISMO TOUR, DE ACUERDO CON LAS POSIBILIDADES DE MOVILIDAD.<\/p>\n\n\n\n<p><strong>DIA 3 &#8211; NOVIEMBRE 01\/ SABADO DIA LIBRE M\u00c9XICO<\/strong><\/p>\n\n\n\n<p>Desayuno. D\u00eda Libre para asuntos personales o para poder asistir al desfile del d\u00eda de muertos en la ciudad de M\u00e9xico (SUJETO A QUE SE CONFIRME ESTA FECHA, YA QUE EL GOBIERNO DE LA CIUDAD PUBLICA LOS EVENTOS QUE SE LLEVAR\u00c1N A CABO POR LA FESTIVIDADES DEL DIA DE MUERTOS CON 15 DIAS DE ANTICIPACI\u00d3N A LAS FECHAS DE FESTEJOS)<\/p>\n\n\n\n<p><strong>DIA 4 -NOVIEMBRE 02\/ DOMINGO CIUDAD DE M\u00c9XICO -SAN MIGUEL DE ALLENDE<\/strong><\/p>\n\n\n\n<p>Desayuno. Salimos hacia San Miguel de Allende, con un trayecto aproximado de 3 horas y media. Esta ciudad ha sido nombrada por diversas publicaciones como Conde Nast Traveller y Travel &amp;amp; Leisure, como la ciudad m\u00e1s bella en Latinoam\u00e9rica. Visita de la Iglesia dedicada a San Miguel Arc\u00e1ngel, bella pieza arquitect\u00f3nica del Siglo XVII con una fachada neog\u00f3tica y la Plaza Principal. El Palacio Municipal, la Casa del Mayorazgo de la Canal, el Instituto Allende de Arte y Cultura, Convento Real de la Concepci\u00f3n. Tiempo para el almuerzo por cuenta de los pasajeros Visitas panor\u00e1micas a las casas de los famosos artistas Cantinflas y Pedro Vargas. Mercado de artesan\u00edas, con muestras de arte en pewter, lat\u00f3n repujado, las caracter\u00edsticas estrellas, papel mach\u00e9, art\u00edculos con la imagen de Frida Kahlo y los corazones que son el s\u00edmbolo de San Miguel de Allende, entre muchas otras. Tarde libre para disfrutar de los festejos propios de la ciudad. Alojamiento. Hotel Imperio de \u00c1ngeles.<\/p>\n\n\n\n<p><strong>DIA 4 -NOVIEMBRE 03\/ LUNES SAN MIGUEL DE ALLENDE \/ PUEBLA<\/strong><\/p>\n\n\n\n<p>Desayuno.&nbsp;Salimos hacia Puebla, con un trayecto de aproximadamente 5 1\u20442 horas aproximadamente llegaremos a Puebla una ciudad del \u00e1rea este central de M\u00e9xico, al sureste de Ciudad de M\u00e9xico. Es conocida por su historia culinaria, la arquitectura colonial y las cer\u00e1micas. La cer\u00e1mica pintada de Talavera que adorna varios edificios es elaborada localmente. Tiempo para el almuerzo por cuenta de los pasajeros La Catedral de Puebla, de la \u00e9poca renacentista, tiene campanarios altos y se yergue frente a la plaza central, el Z\u00f3calo. Tarde libre para disfrutar de los festejos propios de la ciudad (sujetos a que realicen festividades locales) Alojamiento en el Hotel San Pedro.<\/p>\n\n\n\n<p><strong>DIA 5 &#8211; NOVIEMBRE 04 \/ MARTES PUEBLA \/ ATLIXCO \/ PUEBLA<\/strong><\/p>\n\n\n\n<p>Desayuno. Saldremos con direcci\u00f3n hacia Atlixco pueblo m\u00e1gico en el estado de Puebla, custodiado por el imponente volc\u00e1n Popocat\u00e9petl. Puede presumir orgulloso su cultura y joyas tur\u00edsticas: los estrechos callejones con pintorescas casonas coloniales; los murales que relatan la historia de la localidad; los monumentos religiosos, como el Exconvento de San Francisco y sus atractivos naturales, destacando el Cerro de San Miguel. Durante la \u00e9poca de D\u00eda de Muertos, este pueblo m\u00e1gico se convierte en un impresionante campo de cempas\u00fachil y escenario para las catrinas monumentales instaladas en varios espacios: plazas y calles frente a monumentos y edificios ic\u00f3nicos e incluso miradores, pues la idea es invitar a los asistentes a recorrer los sitios m\u00e1s emblem\u00e1ticos del lugar. Encontraremos Calles dignas de fotograf\u00edas \u00fanicas en el centro de Atlixco se caracteriza por sus avenidas y callejones pintorescos, con murales, escalinatas empinadas y casonas coloniales decoradas con muchas flores. Tiempo para el almuerzo por cuenta de los pasajeros. Una de las m\u00e1s atractivas es Avenida Hidalgo, con sus farolitos y macetones. Aqu\u00ed se concentran muchos talleres de artesan\u00edas, cafeter\u00edas, restaurantes, murales<\/p>\n\n\n\n<p>interactivos realizados por el artista Abel Rueda. Regreso al Hotel de Puebla. Alojamiento.<\/p>\n\n\n\n<p><strong>DIA 6 &#8211; NOVIEMBRE 05 \/ MIERCOLES PUEBLA \/ CHOLULA Y TONATZINTLA \/ MEXICO<\/strong><\/p>\n\n\n\n<p>Desayuno. A la hora acordada iniciaremos el recorrido en Puebla, hermosa ciudad colonial llamada tambi\u00e9n \u201cRelicario de Am\u00e9rica\u201d. Puebla es la cuarta ciudad m\u00e1s grande de M\u00e9xico y la de mayor influencia espa\u00f1ola por sus construcciones decoradas con hermosos azulejos, que fueron introducidos durante la conquista por artesanos de Talavera de la Reina. De gran renombre es la Capilla del Rosario revestida de oro y su Catedral. Visitas al Barrio del Artista o Par\u00edan, Templo de la Compa\u00f1\u00eda donde se encuentra sepultada la famosa \u201cChina Poblana\u201d, Casa de los Hermanos Serd\u00e1n. Revolucionarios que promovieron el movimiento antirreeleccionista. En 1910 Aquiles Sed\u00e1n fue descubierto, junto con su familia y amigos en su casa, que era el lugar donde estaban concentradas las armas para la revuelta. Ah\u00ed tiene lugar un enfrentamiento con las fuerzas militares en el cual resulta muerto en manos de las fuerzas federales, convirti\u00e9ndose as\u00ed, en el primer m\u00e1rtir de la Revoluci\u00f3n. A\u00fan se conservan los orificios originales de las balas en esa casa. Visita a la Calle de Santa Clara donde se encuentran diversas y coloridas tiendas de dulces artesanales. Tiempo para el almuerzo por cuenta de los pasajeros. Continuaci\u00f3n hacia Cholula desde donde se contempla su gran Pir\u00e1mide, famosa por conservar en el tope una iglesia de la \u00e9poca colonial, (No incluye entrada). Siguiente parada en Tonantzintla con su Iglesia y con maravillosos ejemplos de c\u00f3mo los artistas ind\u00edgenas interpretaban la Biblia. Continuaci\u00f3n por una moderna autopista de regreso hacia la Ciudad de M\u00e9xico. Alojamiento.<\/p>\n\n\n\n<p><strong>DIA 7 &#8211; NOVIEMBRE 06 \/ JUEVES CUERNAVACA Y TAXCO UN DIA<\/strong><\/p>\n\n\n\n<p>Desayuno. A las 08:00 Horas. Salida por una moderna autopista donde se llega a Cuernavaca \u201cCiudad de la Eterna Primavera\u201d por su agradable clima durante todo el a\u00f1o. Despu\u00e9s se contin\u00faa hacia Taxco, centro platero de M\u00e9xico. Aqu\u00ed se encuentran las minas m\u00e1s importantes de ese metal y los artesanos inundan sus calles. Parada en la Plater\u00eda para una bebida de cortes\u00eda y una explicaci\u00f3n sobre la extracci\u00f3n e identificaci\u00f3n de la Plata. Almuerzo por cuenta de los pasajeros. Este bell\u00edsimo pueblo colonial, est\u00e1 construido en la ladera de una monta\u00f1a y es monumento nacional. Visita a la Plaza Principal y a la Parroquia de Santa Prisca. Regreso a la Ciudad de M\u00e9xico. Alojamiento.<\/p>\n\n\n\n<p><strong>DIA 8 &#8211; NOVIEMBRE 07 \/ VIERNES XOCHIMILCO Y CIUDAD UNIVERSITARIA<\/strong><\/p>\n\n\n\n<p>Desayuno. Recorrido panor\u00e1mico por la Avenida m\u00e1s grande de la ciudad: Insurgentes, sobre la cual est\u00e1n puntos importantes como el World Trade Center, el Poliforum Cultural Siqueiros. Panor\u00e1mica de la zona residencial del Pedregal. Continuaci\u00f3n a la Ciudad Universitaria que es una de las grandes joyas arquitect\u00f3nicas y culturales de la Ciudad de M\u00e9xico debido a la gran cantidad de investigaciones y actividades acad\u00e9micas que en ella se realizan, as\u00ed como por su destacada arquitectura, considera-da como uno de los m\u00e1ximos exponentes del modernismo en Latinoam\u00e9rica, declarada recientemente Patrimonio Cultural de la Humanidad. En la explanada de la Torre de Rector\u00eda en cuya fachada se pueden apreciar varios murales de David Alfaro Siqueiros, as\u00ed como la Biblioteca Central ubicada en frente, que en si misma constituye un mural, obra del muralista y arquitecto mexicano, Juan O&#8217; Gorman. Enfrente se encuentra el Estadio Ol\u00edmpico sede de una Olimpiada y dos mundiales de F\u00fatbol. Xochimilco es conocido tambi\u00e9n como \u201cLos Jardines flotantes\u201d es el \u00faltimo reducto del lago sobre el cual fue construida la Ciudad de M\u00e9xico. La excursi\u00f3n incluye un paseo de aproximadamente una hora en \u201cTrajinera\u201d (barca) por estos canales prehisp\u00e1nicos. Xochimilco es actualmente lugar preferido de las familias mexicanas para recreaci\u00f3n. Regreso al hotel. Alojamiento. Por la noche, a las 20:00 O 20:30 horas nos trasladaremos a la mundialmente famosa Plaza Garibaldi, reconocida por sus Mariachis. Recorrido para conocer los lugares t\u00edpicos como el Bar Tenampa, donde grandes artistas como Jos\u00e9 Alfredo Jim\u00e9nez y Agust\u00edn Lara se reun\u00edan con sus amistades para pasar veladas e inspirarse para sus composiciones. Entrada a centro nocturno para ver un espect\u00e1culo de danza y canto folkl\u00f3rico que abarca desde la \u00e9poca prehisp\u00e1nica hasta el Mariachi (incluye 01 copa, NO SE ADMITEN MENORES DE 18 A\u00d1OS) Regreso al Hotel. Alojamiento.<\/p>\n\n\n\n<p><strong>DIA 9 &#8211; NOVIEMBRE 08 \/ S\u00c1BADO PIRAMIDES Y BASILICA<\/strong><\/p>\n\n\n\n<p>Desayuno. A las 08:00. Iniciaremos el recorrido hacia Teotihuac\u00e1n para parar en una tienda de artesan\u00edas para demostraci\u00f3n de c\u00f3mo los teotihuacanos elaboraban textiles y artesan\u00edas en piedras como la Obsidiana y el jade. Visita de las pir\u00e1mides del Sol y la Luna, la Ciudadela con su templo a Quetzalc\u00f3atl, la Avenida de los Muertos y los Templos del Jaguar y de los Caracoles. Almuerzo por cuenta de los pasajeros Continuaci\u00f3n Hacia la Bas\u00edlica de Guadalupe, el segundo de los santuarios m\u00e1s frecuentado por los fieles cat\u00f3licos en todo el mundo, situada en el cerro del Tepeyac. Se podr\u00e1 apreciar el ayate de Juan Diego con la imagen de la Virgen de Guadalupe.<\/p>\n\n\n\n<p><strong>DIA 10 &#8211; NOVIEMBRE 09\/ DOMINGO TRASLADO DE SALIDA MEXICO<\/strong><\/p>\n\n\n\n<p>Desayuno. A la hora acordada traslado del Hotel al Aeropuerto de la Ciudad de M\u00e9xico. El grupo sale en el vuelo AV073 a las 13:50 hrs con destino a Buenos Aires<\/p>\n\n\n\n<p><strong>FIN DE LOS SERVICIOS<\/strong><\/p>\n\n\n\n<p><strong>HORARIO DE LOS VUELOS:<\/strong><\/p>\n\n\n\n<ul class=\"wp-block-list\">\n<li>Despegue &#8211; AV218 &#8211; Buenos aires &#8211; 30 Octubre &#8211; 01:45 &#8211; Aterrizaje &#8211; Bogot\u00e1 &#8211; 05:54<\/li>\n\n\n\n<li>Despegue &#8211; AV 072 &#8211; Bogot\u00e1 &#8211; 30 Octubre &#8211; 08:20 &#8211; Aterrizaje &#8211; Ciudad de M\u00e9xico &#8211; 12:10<\/li>\n\n\n\n<li>Despegue &#8211; AV 073 &#8211; Ciudad de M\u00e9xico &#8211; 09 Noviembre &#8211; 13:50 &#8211; Aterrizaje &#8211; Bogot\u00e1 &#8211; 19:20<\/li>\n\n\n\n<li>Despegue &#8211; AV 087 &#8211; Bogot\u00e1 &#8211; 09 Noviembre &#8211; 21:25 &#8211; Aterrizaje &#8211; Buenos Aires &#8211; 06:05 (D\u00eda siguiente)<\/li>\n<\/ul>\n\n\n\n<p>*Incluye 1 equipaje de mano de hasta 12kg + 1 equipaje para despachar de hasta 23kg por pasajero. En el caso de los menores o infantes consultar.<\/p>\n\n\n\n<p><strong>NOTA:<\/strong><\/p>\n\n\n\n<ul class=\"wp-block-list\">\n<li>Family Plan 1 (2 adultos + 1 menor): Corresponde a 2 adultos alojados con 1 menor de 2 a 11 a\u00f1os en una habitaci\u00f3n doble. Si el menor tiene 12 a\u00f1os o m\u00e1s, aplica tarifa de habitaci\u00f3n triple. La cama adicional est\u00e1 sujeta a la disponibilidad del hotel por lo que no se asegura.<\/li>\n\n\n\n<li>En caso de reservar habitaci\u00f3n triple* informar al viajero que solo hay dos camas, por tanto dos pasajeros deben compartir una cama.<\/li>\n<\/ul>\n\n\n\n<p>*La habitaci\u00f3n triple, en la mayor\u00eda de los destinos, corresponde a 1 habitaci\u00f3n doble. La cama adicional est\u00e1 sujeta a la disponibilidad del hotel por lo que no se asegura.<\/p>\n\n\n\n<p><strong>Consultar por detalle de asistencia al viajero<\/strong><\/p>\n\n\n\n<p><strong>Observaciones:<\/strong><\/p>\n\n\n\n<p><strong><em>A\u00e9reos y otros transportes:<\/em><\/strong><\/p>\n\n\n\n<ul class=\"wp-block-list\">\n<li><strong>Los a\u00e9reos de sistema, o sea, din\u00e1micos, deber\u00e1n abonarse en su totalidad para poder ser emitidos,\u00a0<\/strong>m\u00e1s all\u00e1 de la fecha de pago que indica la plataforma, cuando vas a reservar.\u00a0<\/li>\n\n\n\n<li>Todos nuestros\u00a0<strong>a\u00e9reos internacionales de tarifa din\u00e1micas o de sistema (no aplica a cupos a\u00e9reos, ni vuelos de cabotaje) incluyen el Fly Plus<\/strong>, un seguro de cancelaci\u00f3n por causa extendida.<\/li>\n\n\n\n<li>Ciertas compa\u00f1\u00edas como\u00a0<strong>ITA<\/strong>\u00a0,<strong>\u00a0Air Europa, y otras, sobre todo del\u00a0sudeste asi\u00e1tico y \u00c1frica<\/strong>\u00a0<strong>no incluyen adem\u00e1s usd 30<\/strong>\u00a0en concepto\u00a0<strong>de fee<\/strong>\u00a0de emisi\u00f3n. Otras como\u00a0<strong>Spirit Airlines son a requerir\u00a0<\/strong>por lo que deber\u00e1 consultar previamente con un vendedor para reconfirmar el precio. Spirit Airlines no permite adicionar servicios pagados una vez emitida la reserva (asientos, equipaje, etc)<\/li>\n\n\n\n<li><strong>Los a\u00e9reos ida y vuelta pero reservados como OW<\/strong>,\u00a0<strong>se emiten por separado\u00a0<\/strong>y\u00a0<strong>cada tramo es independiente<\/strong>\u00a0del otro, como as\u00ed tambi\u00e9n las pol\u00edticas de las compa\u00f1\u00edas que intervienen en cada tramo.\u00a0<\/li>\n\n\n\n<li>Por lo general los\u00a0<strong>boletos a\u00e9reos son no reembolsables<\/strong>. En caso\u00a0de reprogramaci\u00f3n si correspondiera, hay que consultar en cada caso las penalidades y diferencia de tarifa si la hubiera. Esto depende de la pol\u00edtica de cada compa\u00f1\u00eda a\u00e9rea y de las caracter\u00edsticas del boleto a\u00e9reo reservado.<\/li>\n\n\n\n<li>Algunas tarifas a\u00e9reas como es el caso de la\u00a0<strong>Basic o Classic Economy de Avianca<\/strong>,\u00a0<strong>son a requerir, es decir, que no son de confirmaci\u00f3n inmediata<\/strong>. En caso, de no encontrar los mismos vuelos reservados y tarifa, se dar\u00e1 una alternativa similar a efectos de mantener el precio.<\/li>\n\n\n\n<li>La agencia no se responsabiliza por errores u omisiones en nombres, apellidos, fechas de nacimiento, n\u00fameros de documento ni ning\u00fan dato cargado al momento de tomar una reserva en este sitio Online.<\/li>\n\n\n\n<li>Los tickets de trenes y ferrys pueden entregarse hasta 24 hs antes de la fecha de salida del pasajero, esto depender\u00e1 de la pol\u00edtica de cada proveedor.<\/li>\n<\/ul>\n\n\n\n<p><strong><em>Hoteler\u00eda:<\/em><\/strong><\/p>\n\n\n\n<ul class=\"wp-block-list\">\n<li>Las tarifas\u00a0<strong>no reembolsables<\/strong>\u00a0de hoteles, \u200bal momento de reservar, genera un compromiso de\u00a0<strong>100% de pago<\/strong>\u00a0de la reserva y\u00a0<strong>no admiten \u200bcambios ni devoluciones\u200b<\/strong>, en caso de cancelaci\u00f3n, incurre en el 100% de gastos.<\/li>\n\n\n\n<li>Muchos\u00a0<strong><em>hoteles cobran tasas de hoteler\u00eda<\/em><\/strong>\u00a0que\u00a0<strong>no est\u00e1n incluidas en la tarifa\u00a0y se pagan por lo general al hacer el check in.\u00a0<\/strong>Estas\u00a0<em>tasas se ver\u00e1n reflejadas en los\u00a0<\/em><strong><em>vouchers<\/em><\/strong><em>\u00a0<\/em>por eso es importante\u00a0<strong>revisarlos con detenimiento.<\/strong><\/li>\n\n\n\n<li><strong>La\u00a0habitaci\u00f3n triple o cu\u00e1druple<\/strong>, como as\u00ed las reservas con menores, en la mayor\u00eda de los destinos (salvo se indique lo contrario en el tipo de habitaci\u00f3n), corresponde a 1 habitaci\u00f3n doble, por lo que\u00a0<strong>la cama adicional est\u00e1 sujeta a disponibilidad del hotel y no se asegura<\/strong>.<\/li>\n<\/ul>\n\n\n\n<p><strong><em>Circuitos<\/em><\/strong><\/p>\n\n\n\n<ul class=\"wp-block-list\">\n<li>Los precios de los proveedores de circuitos como, Special Tours, City Tours, Wamos, Euroriente, Panamericana, VPT, entre otros, no incluyen 3% correspondientes a Iva y gastos administrativos, salvo excepciones que en ese caso se indicar\u00e1 que el precio es final. En el caso de Europamundo es del 2%<\/li>\n\n\n\n<li>Los itinerarios de los circuitos est\u00e1n sujetos a modificaciones tratando siempre de respetar la cantidad de d\u00edas y los destinos previstos en los posible.<\/li>\n\n\n\n<li>El listado de hoteles previstos en los circuitos es preliminar, y el definitivo se confirma d\u00edas antes de la salida, pudiendo variar incluso la categor\u00eda ofrecida.<\/li>\n<\/ul>\n\n\n\n<p><strong><em>Traslados, autos y excursiones<\/em><\/strong><\/p>\n\n\n\n<ul class=\"wp-block-list\">\n<li><strong>Leer bien<\/strong>\u00a0los detalles de los\u00a0<strong>traslados y su tiempo de espera,<\/strong>\u00a0sobre todo cuando los Tickets a\u00e9reos tienen el equipaje incluido a efectos que el servicio no genere inconvenientes y sea considerado No Show por lo que no habr\u00e1 devoluci\u00f3n del dinero en caso de que el servicio no se haya podido realizar.\u00a0<\/li>\n\n\n\n<li>En caso de\u00a0<strong>alquiler de autos<\/strong>, tomar nota que si el pasajero no se presenta en el horario seleccionado al tomar la reserva, la misma puede ser considerada NO SHOW y no habr\u00e1 posibilidad de devoluci\u00f3n de dinero. Algunos servicios como GPS, cadenas para autos en caso de nevadas, asiento para beb\u00e9s, etc, no est\u00e1n incluidos en el precio. Tener presente que al final de su estancia si pas\u00f3 por lugares de peajes, este puede ser cobrado al final, en muchos destinos.\u00a0<\/li>\n\n\n\n<li>En el caso de las excursiones y alquileres de autos el horario de pick up y drop off y el horario de inicio de la excursi\u00f3n debe ser cumplido, excepto que el proveedor indique lo contrario.<\/li>\n<\/ul>\n\n\n\n<p><strong><em>Promociones especiales<\/em><\/strong><\/p>\n\n\n\n<ul class=\"wp-block-list\">\n<li>Algunos servicios y \/ o paquetes pueden tener una promoci\u00f3n especial, En ese caso, antes de reservar, se deber\u00e1n consultar t\u00e9rminos y condiciones de la oferta a efectos de evitar inconvenientes, ya que estas var\u00edan de acuerdo a las caracter\u00edsticas de cada una.<\/li>\n<\/ul>\n\n\n\n<p><strong>Precio Total por persona Desde:US$3,480<\/strong><\/p>\n\n\n\n<p><strong>Incluye<\/strong><\/p>\n\n\n\n<hr class=\"wp-block-separator has-alpha-channel-opacity\"\/>\n\n\n\n<ul class=\"wp-block-list\">\n<li>Ticket A\u00e9reo de Cupo Confirmado con Avianca<\/li>\n\n\n\n<li>3 noches Ciudad de M\u00e9xico con desayuno \/ 1 noche San Miguel de Allende con desayuno \/ 2 noches Puebla con desayuno \/ 4 noches Ciudad de M\u00e9xico con desayuno<\/li>\n\n\n\n<li>Traslados en destino<\/li>\n\n\n\n<li>Actividades y visitas seg\u00fan el itinerario<\/li>\n\n\n\n<li>Coordinador Acompa\u00f1ante desde Buenos Aires<\/li>\n\n\n\n<li>Seguro de asistencia al viajero Universal Assistance Master Plus (v\u00e1lido hasta 70 a\u00f1os)<\/li>\n\n\n\n<li>Servicios especificados en cada paquete, impuestos a\u00e9reos, Iva, gastos de reserva y administrativos.<\/li>\n<\/ul>\n\n\n\n<p><strong>No incluye<\/strong><\/p>\n\n\n\n<hr class=\"wp-block-separator has-alpha-channel-opacity\"\/>\n\n\n\n<ul class=\"wp-block-list\">\n<li>Propinas, gastos personales, comidas y servicios no detallados en itinerario.<\/li>\n\n\n\n<li>Servicios no expresados en cada paquete.<\/li>\n\n\n\n<li>Percepci\u00f3n 30% en caso de que el pago se realice en pesos argentinos. Consultar el tipo de cambio en este caso antes de realizar el pago.<\/li>\n<\/ul>\n\n\n\n<p><strong>Alojamientos previstos<\/strong><\/p>\n\n\n\n<hr class=\"wp-block-separator has-alpha-channel-opacity\"\/>\n\n\n\n<p>Sevilla Palace 4*\/Imperio de Angeles 4*\/ San Pedro 4* o similar<\/p>\n\n\n\n<p>Sevilla Palace 4*\/Imperio de Angeles 4*\/ San Pedro 4* o similar<\/p>\n","protected":false},"excerpt":{"rendered":"<p>Donde la tradici\u00f2n y la fe se unen en un tapiz de colores, flores y recuedos y la muerte se convierte en una fiesta de la vida!<\/p>\n","protected":false},"author":2,"featured_media":153622,"comment_status":"closed","ping_status":"open","sticky":false,"template":"","format":"standard","meta":{"_acf_changed":false,"footnotes":""},"categories":[8,5],"tags":[617,677,78,80],"class_list":["post-153621","post","type-post","status-publish","format-standard","has-post-thumbnail","hentry","category-caribe","category-paquetes","tag-617","tag-dia-de-muertos","tag-mexico","tag-salidas-grupales","category-8","category-5","description-off"],"acf":[],"yoast_head":"<!-- This site is optimized with the Yoast SEO plugin v28.4 - https:\/\/yoast.com\/product\/yoast-seo-wordpress\/ -->\n<title>D\u00eda de los Muertos- Grupal Acompa\u00f1ada - Basa<\/title>\n<meta name=\"robots\" content=\"index, follow, max-snippet:-1, max-image-preview:large, max-video-preview:-1\" \/>\n<link rel=\"canonical\" href=\"https:\/\/basaworldtravel.com.ar\/sitio\/2025\/03\/dia-de-los-muertos-grupal-acompanada\/\" \/>\n<meta property=\"og:locale\" content=\"es_ES\" \/>\n<meta property=\"og:type\" content=\"article\" \/>\n<meta property=\"og:title\" content=\"D\u00eda de los Muertos- Grupal Acompa\u00f1ada - Basa\" \/>\n<meta property=\"og:description\" content=\"Donde la tradici\u00f2n y la fe se unen en un tapiz de colores, flores y recuedos y la muerte se convierte en una fiesta de la vida!\" \/>\n<meta property=\"og:url\" content=\"https:\/\/basaworldtravel.com.ar\/sitio\/2025\/03\/dia-de-los-muertos-grupal-acompanada\/\" \/>\n<meta property=\"og:site_name\" content=\"Basa\" \/>\n<meta property=\"article:published_time\" content=\"2025-03-20T19:02:49+00:00\" \/>\n<meta property=\"article:modified_time\" content=\"2025-03-20T19:03:25+00:00\" \/>\n<meta property=\"og:image\" content=\"https:\/\/basaworldtravel.com.ar\/sitio\/wp-content\/uploads\/2025\/03\/https___tr2storage.blob_.core_.windows.net_imagenes_nrUol79Kj0OV-7hxRHY76pcjpeg.webp\" \/>\n\t<meta property=\"og:image:width\" content=\"2000\" \/>\n\t<meta property=\"og:image:height\" content=\"1601\" \/>\n\t<meta property=\"og:image:type\" content=\"image\/webp\" \/>\n<meta name=\"author\" content=\"BasaWeb\" \/>\n<meta name=\"twitter:card\" content=\"summary_large_image\" \/>\n<meta name=\"twitter:label1\" content=\"Escrito por\" \/>\n\t<meta name=\"twitter:data1\" content=\"BasaWeb\" \/>\n\t<meta name=\"twitter:label2\" content=\"Tiempo de lectura\" \/>\n\t<meta name=\"twitter:data2\" content=\"15 minutos\" \/>\n<script type=\"application\/ld+json\" class=\"yoast-schema-graph\">{\"@context\":\"https:\\\/\\\/schema.org\",\"@graph\":[{\"@type\":\"Article\",\"@id\":\"https:\\\/\\\/basaworldtravel.com.ar\\\/sitio\\\/2025\\\/03\\\/dia-de-los-muertos-grupal-acompanada\\\/#article\",\"isPartOf\":{\"@id\":\"https:\\\/\\\/basaworldtravel.com.ar\\\/sitio\\\/2025\\\/03\\\/dia-de-los-muertos-grupal-acompanada\\\/\"},\"author\":{\"name\":\"BasaWeb\",\"@id\":\"https:\\\/\\\/basaworldtravel.com.ar\\\/sitio\\\/#\\\/schema\\\/person\\\/d89b1d641794d338c41cd3818beabd4c\"},\"headline\":\"D\u00eda de los Muertos- Grupal Acompa\u00f1ada\",\"datePublished\":\"2025-03-20T19:02:49+00:00\",\"dateModified\":\"2025-03-20T19:03:25+00:00\",\"mainEntityOfPage\":{\"@id\":\"https:\\\/\\\/basaworldtravel.com.ar\\\/sitio\\\/2025\\\/03\\\/dia-de-los-muertos-grupal-acompanada\\\/\"},\"wordCount\":3284,\"image\":{\"@id\":\"https:\\\/\\\/basaworldtravel.com.ar\\\/sitio\\\/2025\\\/03\\\/dia-de-los-muertos-grupal-acompanada\\\/#primaryimage\"},\"thumbnailUrl\":\"https:\\\/\\\/basaworldtravel.com.ar\\\/sitio\\\/wp-content\\\/uploads\\\/2025\\\/03\\\/https___tr2storage.blob_.core_.windows.net_imagenes_nrUol79Kj0OV-7hxRHY76pcjpeg.webp\",\"keywords\":[\"2025\",\"DIA DE MUERTOS\",\"MEXICO\",\"SALIDAS GRUPALES\"],\"articleSection\":[\"Caribe\",\"Paquetes\"],\"inLanguage\":\"es\"},{\"@type\":\"WebPage\",\"@id\":\"https:\\\/\\\/basaworldtravel.com.ar\\\/sitio\\\/2025\\\/03\\\/dia-de-los-muertos-grupal-acompanada\\\/\",\"url\":\"https:\\\/\\\/basaworldtravel.com.ar\\\/sitio\\\/2025\\\/03\\\/dia-de-los-muertos-grupal-acompanada\\\/\",\"name\":\"D\u00eda de los Muertos- Grupal Acompa\u00f1ada - Basa\",\"isPartOf\":{\"@id\":\"https:\\\/\\\/basaworldtravel.com.ar\\\/sitio\\\/#website\"},\"primaryImageOfPage\":{\"@id\":\"https:\\\/\\\/basaworldtravel.com.ar\\\/sitio\\\/2025\\\/03\\\/dia-de-los-muertos-grupal-acompanada\\\/#primaryimage\"},\"image\":{\"@id\":\"https:\\\/\\\/basaworldtravel.com.ar\\\/sitio\\\/2025\\\/03\\\/dia-de-los-muertos-grupal-acompanada\\\/#primaryimage\"},\"thumbnailUrl\":\"https:\\\/\\\/basaworldtravel.com.ar\\\/sitio\\\/wp-content\\\/uploads\\\/2025\\\/03\\\/https___tr2storage.blob_.core_.windows.net_imagenes_nrUol79Kj0OV-7hxRHY76pcjpeg.webp\",\"datePublished\":\"2025-03-20T19:02:49+00:00\",\"dateModified\":\"2025-03-20T19:03:25+00:00\",\"author\":{\"@id\":\"https:\\\/\\\/basaworldtravel.com.ar\\\/sitio\\\/#\\\/schema\\\/person\\\/d89b1d641794d338c41cd3818beabd4c\"},\"breadcrumb\":{\"@id\":\"https:\\\/\\\/basaworldtravel.com.ar\\\/sitio\\\/2025\\\/03\\\/dia-de-los-muertos-grupal-acompanada\\\/#breadcrumb\"},\"inLanguage\":\"es\",\"potentialAction\":[{\"@type\":\"ReadAction\",\"target\":[\"https:\\\/\\\/basaworldtravel.com.ar\\\/sitio\\\/2025\\\/03\\\/dia-de-los-muertos-grupal-acompanada\\\/\"]}]},{\"@type\":\"ImageObject\",\"inLanguage\":\"es\",\"@id\":\"https:\\\/\\\/basaworldtravel.com.ar\\\/sitio\\\/2025\\\/03\\\/dia-de-los-muertos-grupal-acompanada\\\/#primaryimage\",\"url\":\"https:\\\/\\\/basaworldtravel.com.ar\\\/sitio\\\/wp-content\\\/uploads\\\/2025\\\/03\\\/https___tr2storage.blob_.core_.windows.net_imagenes_nrUol79Kj0OV-7hxRHY76pcjpeg.webp\",\"contentUrl\":\"https:\\\/\\\/basaworldtravel.com.ar\\\/sitio\\\/wp-content\\\/uploads\\\/2025\\\/03\\\/https___tr2storage.blob_.core_.windows.net_imagenes_nrUol79Kj0OV-7hxRHY76pcjpeg.webp\",\"width\":2000,\"height\":1601},{\"@type\":\"BreadcrumbList\",\"@id\":\"https:\\\/\\\/basaworldtravel.com.ar\\\/sitio\\\/2025\\\/03\\\/dia-de-los-muertos-grupal-acompanada\\\/#breadcrumb\",\"itemListElement\":[{\"@type\":\"ListItem\",\"position\":1,\"name\":\"Portada\",\"item\":\"https:\\\/\\\/basaworldtravel.com.ar\\\/sitio\\\/\"},{\"@type\":\"ListItem\",\"position\":2,\"name\":\"D\u00eda de los Muertos- Grupal Acompa\u00f1ada\"}]},{\"@type\":\"WebSite\",\"@id\":\"https:\\\/\\\/basaworldtravel.com.ar\\\/sitio\\\/#website\",\"url\":\"https:\\\/\\\/basaworldtravel.com.ar\\\/sitio\\\/\",\"name\":\"Basa\",\"description\":\"World Travel\",\"potentialAction\":[{\"@type\":\"SearchAction\",\"target\":{\"@type\":\"EntryPoint\",\"urlTemplate\":\"https:\\\/\\\/basaworldtravel.com.ar\\\/sitio\\\/?s={search_term_string}\"},\"query-input\":{\"@type\":\"PropertyValueSpecification\",\"valueRequired\":true,\"valueName\":\"search_term_string\"}}],\"inLanguage\":\"es\"},{\"@type\":\"Person\",\"@id\":\"https:\\\/\\\/basaworldtravel.com.ar\\\/sitio\\\/#\\\/schema\\\/person\\\/d89b1d641794d338c41cd3818beabd4c\",\"name\":\"BasaWeb\",\"image\":{\"@type\":\"ImageObject\",\"inLanguage\":\"es\",\"@id\":\"https:\\\/\\\/secure.gravatar.com\\\/avatar\\\/13e699648957af0aba903942fee2a1fc533d92bcd43fcf375a4df1edc2708698?s=96&d=mm&r=g\",\"url\":\"https:\\\/\\\/secure.gravatar.com\\\/avatar\\\/13e699648957af0aba903942fee2a1fc533d92bcd43fcf375a4df1edc2708698?s=96&d=mm&r=g\",\"contentUrl\":\"https:\\\/\\\/secure.gravatar.com\\\/avatar\\\/13e699648957af0aba903942fee2a1fc533d92bcd43fcf375a4df1edc2708698?s=96&d=mm&r=g\",\"caption\":\"BasaWeb\"},\"url\":\"https:\\\/\\\/basaworldtravel.com.ar\\\/sitio\\\/author\\\/basaweb\\\/\"}]}<\/script>\n<!-- \/ Yoast SEO plugin. -->","yoast_head_json":{"title":"D\u00eda de los Muertos- Grupal Acompa\u00f1ada - Basa","robots":{"index":"index","follow":"follow","max-snippet":"max-snippet:-1","max-image-preview":"max-image-preview:large","max-video-preview":"max-video-preview:-1"},"canonical":"https:\/\/basaworldtravel.com.ar\/sitio\/2025\/03\/dia-de-los-muertos-grupal-acompanada\/","og_locale":"es_ES","og_type":"article","og_title":"D\u00eda de los Muertos- Grupal Acompa\u00f1ada - Basa","og_description":"Donde la tradici\u00f2n y la fe se unen en un tapiz de colores, flores y recuedos y la muerte se convierte en una fiesta de la vida!","og_url":"https:\/\/basaworldtravel.com.ar\/sitio\/2025\/03\/dia-de-los-muertos-grupal-acompanada\/","og_site_name":"Basa","article_published_time":"2025-03-20T19:02:49+00:00","article_modified_time":"2025-03-20T19:03:25+00:00","og_image":[{"width":2000,"height":1601,"url":"https:\/\/basaworldtravel.com.ar\/sitio\/wp-content\/uploads\/2025\/03\/https___tr2storage.blob_.core_.windows.net_imagenes_nrUol79Kj0OV-7hxRHY76pcjpeg.webp","type":"image\/webp"}],"author":"BasaWeb","twitter_card":"summary_large_image","twitter_misc":{"Escrito por":"BasaWeb","Tiempo de lectura":"15 minutos"},"schema":{"@context":"https:\/\/schema.org","@graph":[{"@type":"Article","@id":"https:\/\/basaworldtravel.com.ar\/sitio\/2025\/03\/dia-de-los-muertos-grupal-acompanada\/#article","isPartOf":{"@id":"https:\/\/basaworldtravel.com.ar\/sitio\/2025\/03\/dia-de-los-muertos-grupal-acompanada\/"},"author":{"name":"BasaWeb","@id":"https:\/\/basaworldtravel.com.ar\/sitio\/#\/schema\/person\/d89b1d641794d338c41cd3818beabd4c"},"headline":"D\u00eda de los Muertos- Grupal Acompa\u00f1ada","datePublished":"2025-03-20T19:02:49+00:00","dateModified":"2025-03-20T19:03:25+00:00","mainEntityOfPage":{"@id":"https:\/\/basaworldtravel.com.ar\/sitio\/2025\/03\/dia-de-los-muertos-grupal-acompanada\/"},"wordCount":3284,"image":{"@id":"https:\/\/basaworldtravel.com.ar\/sitio\/2025\/03\/dia-de-los-muertos-grupal-acompanada\/#primaryimage"},"thumbnailUrl":"https:\/\/basaworldtravel.com.ar\/sitio\/wp-content\/uploads\/2025\/03\/https___tr2storage.blob_.core_.windows.net_imagenes_nrUol79Kj0OV-7hxRHY76pcjpeg.webp","keywords":["2025","DIA DE MUERTOS","MEXICO","SALIDAS GRUPALES"],"articleSection":["Caribe","Paquetes"],"inLanguage":"es"},{"@type":"WebPage","@id":"https:\/\/basaworldtravel.com.ar\/sitio\/2025\/03\/dia-de-los-muertos-grupal-acompanada\/","url":"https:\/\/basaworldtravel.com.ar\/sitio\/2025\/03\/dia-de-los-muertos-grupal-acompanada\/","name":"D\u00eda de los Muertos- Grupal Acompa\u00f1ada - Basa","isPartOf":{"@id":"https:\/\/basaworldtravel.com.ar\/sitio\/#website"},"primaryImageOfPage":{"@id":"https:\/\/basaworldtravel.com.ar\/sitio\/2025\/03\/dia-de-los-muertos-grupal-acompanada\/#primaryimage"},"image":{"@id":"https:\/\/basaworldtravel.com.ar\/sitio\/2025\/03\/dia-de-los-muertos-grupal-acompanada\/#primaryimage"},"thumbnailUrl":"https:\/\/basaworldtravel.com.ar\/sitio\/wp-content\/uploads\/2025\/03\/https___tr2storage.blob_.core_.windows.net_imagenes_nrUol79Kj0OV-7hxRHY76pcjpeg.webp","datePublished":"2025-03-20T19:02:49+00:00","dateModified":"2025-03-20T19:03:25+00:00","author":{"@id":"https:\/\/basaworldtravel.com.ar\/sitio\/#\/schema\/person\/d89b1d641794d338c41cd3818beabd4c"},"breadcrumb":{"@id":"https:\/\/basaworldtravel.com.ar\/sitio\/2025\/03\/dia-de-los-muertos-grupal-acompanada\/#breadcrumb"},"inLanguage":"es","potentialAction":[{"@type":"ReadAction","target":["https:\/\/basaworldtravel.com.ar\/sitio\/2025\/03\/dia-de-los-muertos-grupal-acompanada\/"]}]},{"@type":"ImageObject","inLanguage":"es","@id":"https:\/\/basaworldtravel.com.ar\/sitio\/2025\/03\/dia-de-los-muertos-grupal-acompanada\/#primaryimage","url":"https:\/\/basaworldtravel.com.ar\/sitio\/wp-content\/uploads\/2025\/03\/https___tr2storage.blob_.core_.windows.net_imagenes_nrUol79Kj0OV-7hxRHY76pcjpeg.webp","contentUrl":"https:\/\/basaworldtravel.com.ar\/sitio\/wp-content\/uploads\/2025\/03\/https___tr2storage.blob_.core_.windows.net_imagenes_nrUol79Kj0OV-7hxRHY76pcjpeg.webp","width":2000,"height":1601},{"@type":"BreadcrumbList","@id":"https:\/\/basaworldtravel.com.ar\/sitio\/2025\/03\/dia-de-los-muertos-grupal-acompanada\/#breadcrumb","itemListElement":[{"@type":"ListItem","position":1,"name":"Portada","item":"https:\/\/basaworldtravel.com.ar\/sitio\/"},{"@type":"ListItem","position":2,"name":"D\u00eda de los Muertos- Grupal Acompa\u00f1ada"}]},{"@type":"WebSite","@id":"https:\/\/basaworldtravel.com.ar\/sitio\/#website","url":"https:\/\/basaworldtravel.com.ar\/sitio\/","name":"Basa","description":"World Travel","potentialAction":[{"@type":"SearchAction","target":{"@type":"EntryPoint","urlTemplate":"https:\/\/basaworldtravel.com.ar\/sitio\/?s={search_term_string}"},"query-input":{"@type":"PropertyValueSpecification","valueRequired":true,"valueName":"search_term_string"}}],"inLanguage":"es"},{"@type":"Person","@id":"https:\/\/basaworldtravel.com.ar\/sitio\/#\/schema\/person\/d89b1d641794d338c41cd3818beabd4c","name":"BasaWeb","image":{"@type":"ImageObject","inLanguage":"es","@id":"https:\/\/secure.gravatar.com\/avatar\/13e699648957af0aba903942fee2a1fc533d92bcd43fcf375a4df1edc2708698?s=96&d=mm&r=g","url":"https:\/\/secure.gravatar.com\/avatar\/13e699648957af0aba903942fee2a1fc533d92bcd43fcf375a4df1edc2708698?s=96&d=mm&r=g","contentUrl":"https:\/\/secure.gravatar.com\/avatar\/13e699648957af0aba903942fee2a1fc533d92bcd43fcf375a4df1edc2708698?s=96&d=mm&r=g","caption":"BasaWeb"},"url":"https:\/\/basaworldtravel.com.ar\/sitio\/author\/basaweb\/"}]}},"_links":{"self":[{"href":"https:\/\/basaworldtravel.com.ar\/sitio\/wp-json\/wp\/v2\/posts\/153621","targetHints":{"allow":["GET"]}}],"collection":[{"href":"https:\/\/basaworldtravel.com.ar\/sitio\/wp-json\/wp\/v2\/posts"}],"about":[{"href":"https:\/\/basaworldtravel.com.ar\/sitio\/wp-json\/wp\/v2\/types\/post"}],"author":[{"embeddable":true,"href":"https:\/\/basaworldtravel.com.ar\/sitio\/wp-json\/wp\/v2\/users\/2"}],"replies":[{"embeddable":true,"href":"https:\/\/basaworldtravel.com.ar\/sitio\/wp-json\/wp\/v2\/comments?post=153621"}],"version-history":[{"count":2,"href":"https:\/\/basaworldtravel.com.ar\/sitio\/wp-json\/wp\/v2\/posts\/153621\/revisions"}],"predecessor-version":[{"id":153624,"href":"https:\/\/basaworldtravel.com.ar\/sitio\/wp-json\/wp\/v2\/posts\/153621\/revisions\/153624"}],"wp:featuredmedia":[{"embeddable":true,"href":"https:\/\/basaworldtravel.com.ar\/sitio\/wp-json\/wp\/v2\/media\/153622"}],"wp:attachment":[{"href":"https:\/\/basaworldtravel.com.ar\/sitio\/wp-json\/wp\/v2\/media?parent=153621"}],"wp:term":[{"taxonomy":"category","embeddable":true,"href":"https:\/\/basaworldtravel.com.ar\/sitio\/wp-json\/wp\/v2\/categories?post=153621"},{"taxonomy":"post_tag","embeddable":true,"href":"https:\/\/basaworldtravel.com.ar\/sitio\/wp-json\/wp\/v2\/tags?post=153621"}],"curies":[{"name":"wp","href":"https:\/\/api.w.org\/{rel}","templated":true}]}}