{"id":153558,"date":"2026-07-23T09:02:21","date_gmt":"2026-07-23T12:02:21","guid":{"rendered":"https:\/\/basaworldtravel.com.ar\/?p=153558"},"modified":"2026-07-23T11:21:26","modified_gmt":"2026-07-23T14:21:26","slug":"mendoza-segundosemestre","status":"publish","type":"post","link":"https:\/\/basaworldtravel.com.ar\/sitio\/2026\/07\/mendoza-segundosemestre\/","title":{"rendered":"MENDOZA -Agosto a Diciembre"},"content":{"rendered":"\n<p>Salidas 13 Agosto, 10  Septiembre, 8 Octubre,  19 Noviembre, 4 Diciembre<\/p>\n\n\n\n<p><strong>Servicios inclu\u00eddos<\/strong><\/p>\n\n\n\n<p>3 Noches<br>Transporte Bus Charter Mix &#8211;<br>Adicional en butaca inferior del bus Piso inferior $80.000 por persona<br>R\u00e9gimen Desayuno<br>Asistencia al viajero Inclu\u00edda<br>Coordinador Permanente y servicio receptivo<br>Servicio a bordo est\u00e1ndar inclu\u00eddo<br><strong>EXCURSIONES<\/strong>: City Tour por la ciudad de Mendoza con visita a una bodega.<\/p>\n\n\n\n<p><strong>Salidas  13 Agosto, 10  Septiembre, 8 Octubre,  19 Noviembre, 4 Diciembre<\/strong><\/p>\n\n\n\n<p><strong>Hotel San Remo <\/strong>\u2605\u2605 https:\/\/www.sanremohotel.com.ar\/<\/p>\n\n\n\n<p>Doble \u2014 $380.000 por persona<\/p>\n\n\n\n<p>Triple \u2014 $370.000 por persona<\/p>\n\n\n\n<p>Cu\u00e1druple \u2014 $350.000 por persona<\/p>\n\n\n\n<p>Single \u2014 $450.000 por persona<\/p>\n\n\n\n<p>Observaciones:  Adicional de media pensi\u00f3n por $80.000 por pasajero en restaurante del hotel. No incluye bebidas. <\/p>\n\n\n\n<p><\/p>\n\n\n\n<p><strong>Hotel Carollo Gold<\/strong> \u2605\u2605\u2605 https:\/\/hotelcarollo.com\/ <\/p>\n\n\n\n<p>Doble \u2014 $42.000 por persona<\/p>\n\n\n\n<p>Triple \u2014 $380.000 por persona<\/p>\n\n\n\n<p>Single \u2014\u00a0$540.000 por persona<\/p>\n\n\n\n<p><br>Observaciones: Adicional de media pensi\u00f3n por $90.000 en restaurante externo Ailen. No incluye bebidas.<\/p>\n\n\n\n<p><strong><br>Hotel Princess Gold \u2605<\/strong>\u2605\u2605 Superior https:\/\/hotelprincess.com.ar\/ <\/p>\n\n\n\n<p>Doble \u2014 $450.000 por persona<br>Triple \u2014 $420.000 por persona<br>Cu\u00e1druple \u2014 $380.000 por persona<\/p>\n\n\n\n<p>Single \u2014\u00a0$615.000 por persona<\/p>\n\n\n\n<p>Observaciones: Adicional de media pensi\u00f3n por $90.000 en restaurante externo Ailen. No incluye bebidas.<\/p>\n\n\n\n<p><strong>Hotel Royal Princess <\/strong>\u2605\u2605\u2605\u2605 https:\/\/hotelroyalprincess.com.ar\/<\/p>\n\n\n\n<p>Doble \u2014 $550.000 por persona<br>Triple \u2014 $490.000 por persona<\/p>\n\n\n\n<p>Single \u2014\u00a0$770.000 por persona<\/p>\n\n\n\n<p>Observaciones: Adicional de media pensi\u00f3n por $146.700 en restaurante externo Ailen. No incluye bebidas.<\/p>\n\n\n\n<p><strong>OPCIONALES<\/strong><\/p>\n\n\n\n<ul class=\"wp-block-list\">\n<li>Alta monta\u00f1a.<\/li>\n\n\n\n<li>Caminos del vino.<\/li>\n\n\n\n<li>Ca\u00f1\u00f3n del Atuel.<\/li>\n\n\n\n<li>Cord\u00f3n del Plata.<\/li>\n\n\n\n<li>Termas de Cacheuta.<\/li>\n\n\n\n<li>Experiencia Vinos Alta Gama.<\/li>\n\n\n\n<li>Pe\u00f1a folkl\u00f3rica.<\/li>\n<\/ul>\n\n\n\n<p><em>No incluye entradas.<\/em><\/p>\n\n\n\n<ul class=\"wp-block-list\">\n<li>Las reservas se toman con una&nbsp;<strong>se\u00f1a del&nbsp;30%.<\/strong><\/li>\n\n\n\n<li>Las reservas sin se\u00f1a se dar\u00e1n de baja autom\u00e1ticamente&nbsp;<strong>por sistema a las&nbsp;72hs.<\/strong><\/li>\n\n\n\n<li>El paquete debe estar saldado al&nbsp;<strong>100%&nbsp;<\/strong>hasta&nbsp;<strong>10 d\u00edas&nbsp;<\/strong>antes de la salida. Sin excepci\u00f3n.<\/li>\n\n\n\n<li>La empresa se reserva el derecho de&nbsp;<strong>retener la emisi\u00f3n de vouchers<\/strong>&nbsp;en reservas con saldo pendiente.<\/li>\n<\/ul>\n\n\n\n<p><strong>Condiciones Generales:<\/strong><\/p>\n\n\n\n<ul class=\"wp-block-list\">\n<li>Tarifas v\u00e1lidas de\u00a0<strong>Agosto a Diciembre 2026<\/strong>, expresadas en pesos argentinos por pasajero, para residentes (*extranjeros consultar), m\u00e1s impuestos, en base, r\u00e9gimen y hoteles seg\u00fan elecci\u00f3n, sujetas a cambios sin previo aviso.<\/li>\n\n\n\n<li>Las tarifas ya est\u00e1n bonificadas para pago contado efectivo. Comisionables seg\u00fan convenio.<\/li>\n\n\n\n<li><strong>No incluye<\/strong>\u00a0servicios\u00a0<strong>no<\/strong>\u00a0especificados.<\/li>\n\n\n\n<li>Embarque sujeto a\u00a0<strong>documentaci\u00f3n en regla<\/strong>.<\/li>\n\n\n\n<li>R\u00e9gimen de pensi\u00f3n\u00a0<strong>no incluye<\/strong>\u00a0bebidas.<\/li>\n\n\n\n<li>Unidad de bus semicama = 46 o 48 butacas semicama y butacas en piso inferior con cupo limitado.<\/li>\n\n\n\n<li>Se recomienda ver\u00a0<a href=\"https:\/\/stloperador.com.ar\/legales\/\" target=\"_blank\" rel=\"noreferrer noopener\">Condiciones Generales<\/a>.<\/li>\n<\/ul>\n\n\n\n<p><strong>Condiciones Menores:<\/strong><\/p>\n\n\n\n<ul class=\"wp-block-list\">\n<li>INFOA Menor de 0 a 2 a\u00f1os inclusive sin cargo y sin servicio, s\u00f3lo abona seguro (compartiendo habitaci\u00f3n con m\u00ednimo de 2 Adultos pagantes), hasta 1 INFOA por habitaci\u00f3n.<\/li>\n\n\n\n<li>1 INFOA con un Adulto pagante, abona tarifa completa.<\/li>\n\n\n\n<li>CHILD con 3 a\u00f1os cumplidos (o seg\u00fan Hotel seleccionado), abona como Adulto el 100% de la Tarifa.<\/li>\n\n\n\n<li>Valor de solo Butaca Semicama para menores de\u00a0<strong>0 a 3 a\u00f1os $200.000 <\/strong>. Consultar antes de ingresar la reserva.<\/li>\n\n\n\n<li>Seguro de Asistencia Nacional para INFOA\u00a0<strong>$30.000 <\/strong>.<\/li>\n<\/ul>\n\n\n\n<p><\/p>\n","protected":false},"excerpt":{"rendered":"<p>Mendoza te invita a vivir la magia de la cordillera entre vi\u00f1edos infinitos, buen vino y paisajes que quitan el aliento. Es el destino perfecto para quienes buscan combinar relax, aventura y sabores \u00fanicos en un solo viaje.<\/p>\n","protected":false},"author":2,"featured_media":362,"comment_status":"closed","ping_status":"open","sticky":false,"template":"","format":"standard","meta":{"_acf_changed":false,"footnotes":""},"categories":[6,5,245],"tags":[117,16,157,14,112,80,864,125],"class_list":["post-153558","post","type-post","status-publish","format-standard","has-post-thumbnail","hentry","category-argentina","category-paquetes","category-sudamerica","tag-agosto","tag-argentina","tag-diciembre","tag-mendoza","tag-octubre","tag-salidas-grupales","tag-semestre","tag-septiembre","category-6","category-5","category-245","description-off"],"acf":[],"yoast_head":"<!-- This site is optimized with the Yoast SEO plugin v28.4 - https:\/\/yoast.com\/product\/yoast-seo-wordpress\/ -->\n<title>MENDOZA -Agosto a Diciembre - Basa<\/title>\n<meta name=\"robots\" content=\"index, follow, max-snippet:-1, max-image-preview:large, max-video-preview:-1\" \/>\n<link rel=\"canonical\" href=\"https:\/\/basaworldtravel.com.ar\/sitio\/2026\/07\/mendoza-segundosemestre\/\" \/>\n<meta property=\"og:locale\" content=\"es_ES\" \/>\n<meta property=\"og:type\" content=\"article\" \/>\n<meta property=\"og:title\" content=\"MENDOZA -Agosto a Diciembre - Basa\" \/>\n<meta property=\"og:description\" content=\"Mendoza te invita a vivir la magia de la cordillera entre vi\u00f1edos infinitos, buen vino y paisajes que quitan el aliento. Es el destino perfecto para quienes buscan combinar relax, aventura y sabores \u00fanicos en un solo viaje.\" \/>\n<meta property=\"og:url\" content=\"https:\/\/basaworldtravel.com.ar\/sitio\/2026\/07\/mendoza-segundosemestre\/\" \/>\n<meta property=\"og:site_name\" content=\"Basa\" \/>\n<meta property=\"article:published_time\" content=\"2026-07-23T12:02:21+00:00\" \/>\n<meta property=\"article:modified_time\" content=\"2026-07-23T14:21:26+00:00\" \/>\n<meta property=\"og:image\" content=\"https:\/\/basaworldtravel.com.ar\/sitio\/wp-content\/uploads\/2021\/10\/puente-inca-1-mendoza.jpg\" \/>\n\t<meta property=\"og:image:width\" content=\"1200\" \/>\n\t<meta property=\"og:image:height\" content=\"735\" \/>\n\t<meta property=\"og:image:type\" content=\"image\/jpeg\" \/>\n<meta name=\"author\" content=\"BasaWeb\" \/>\n<meta name=\"twitter:card\" content=\"summary_large_image\" \/>\n<meta name=\"twitter:label1\" content=\"Escrito por\" \/>\n\t<meta name=\"twitter:data1\" content=\"BasaWeb\" \/>\n\t<meta name=\"twitter:label2\" content=\"Tiempo de lectura\" \/>\n\t<meta name=\"twitter:data2\" content=\"3 minutos\" \/>\n<script type=\"application\/ld+json\" class=\"yoast-schema-graph\">{\"@context\":\"https:\\\/\\\/schema.org\",\"@graph\":[{\"@type\":\"Article\",\"@id\":\"https:\\\/\\\/basaworldtravel.com.ar\\\/sitio\\\/2026\\\/07\\\/mendoza-segundosemestre\\\/#article\",\"isPartOf\":{\"@id\":\"https:\\\/\\\/basaworldtravel.com.ar\\\/sitio\\\/2026\\\/07\\\/mendoza-segundosemestre\\\/\"},\"author\":{\"name\":\"BasaWeb\",\"@id\":\"https:\\\/\\\/basaworldtravel.com.ar\\\/sitio\\\/#\\\/schema\\\/person\\\/d89b1d641794d338c41cd3818beabd4c\"},\"headline\":\"MENDOZA -Agosto a Diciembre\",\"datePublished\":\"2026-07-23T12:02:21+00:00\",\"dateModified\":\"2026-07-23T14:21:26+00:00\",\"mainEntityOfPage\":{\"@id\":\"https:\\\/\\\/basaworldtravel.com.ar\\\/sitio\\\/2026\\\/07\\\/mendoza-segundosemestre\\\/\"},\"wordCount\":461,\"image\":{\"@id\":\"https:\\\/\\\/basaworldtravel.com.ar\\\/sitio\\\/2026\\\/07\\\/mendoza-segundosemestre\\\/#primaryimage\"},\"thumbnailUrl\":\"https:\\\/\\\/basaworldtravel.com.ar\\\/sitio\\\/wp-content\\\/uploads\\\/2021\\\/10\\\/puente-inca-1-mendoza.jpg\",\"keywords\":[\"AGOSTO\",\"ARGENTINA\",\"DICIEMBRE\",\"MENDOZA\",\"OCTUBRE\",\"SALIDAS GRUPALES\",\"semestre\",\"SEPTIEMBRE\"],\"articleSection\":[\"Argentina\",\"Paquetes\",\"Sudam\u00e9rica\"],\"inLanguage\":\"es\"},{\"@type\":\"WebPage\",\"@id\":\"https:\\\/\\\/basaworldtravel.com.ar\\\/sitio\\\/2026\\\/07\\\/mendoza-segundosemestre\\\/\",\"url\":\"https:\\\/\\\/basaworldtravel.com.ar\\\/sitio\\\/2026\\\/07\\\/mendoza-segundosemestre\\\/\",\"name\":\"MENDOZA -Agosto a Diciembre - Basa\",\"isPartOf\":{\"@id\":\"https:\\\/\\\/basaworldtravel.com.ar\\\/sitio\\\/#website\"},\"primaryImageOfPage\":{\"@id\":\"https:\\\/\\\/basaworldtravel.com.ar\\\/sitio\\\/2026\\\/07\\\/mendoza-segundosemestre\\\/#primaryimage\"},\"image\":{\"@id\":\"https:\\\/\\\/basaworldtravel.com.ar\\\/sitio\\\/2026\\\/07\\\/mendoza-segundosemestre\\\/#primaryimage\"},\"thumbnailUrl\":\"https:\\\/\\\/basaworldtravel.com.ar\\\/sitio\\\/wp-content\\\/uploads\\\/2021\\\/10\\\/puente-inca-1-mendoza.jpg\",\"datePublished\":\"2026-07-23T12:02:21+00:00\",\"dateModified\":\"2026-07-23T14:21:26+00:00\",\"author\":{\"@id\":\"https:\\\/\\\/basaworldtravel.com.ar\\\/sitio\\\/#\\\/schema\\\/person\\\/d89b1d641794d338c41cd3818beabd4c\"},\"breadcrumb\":{\"@id\":\"https:\\\/\\\/basaworldtravel.com.ar\\\/sitio\\\/2026\\\/07\\\/mendoza-segundosemestre\\\/#breadcrumb\"},\"inLanguage\":\"es\",\"potentialAction\":[{\"@type\":\"ReadAction\",\"target\":[\"https:\\\/\\\/basaworldtravel.com.ar\\\/sitio\\\/2026\\\/07\\\/mendoza-segundosemestre\\\/\"]}]},{\"@type\":\"ImageObject\",\"inLanguage\":\"es\",\"@id\":\"https:\\\/\\\/basaworldtravel.com.ar\\\/sitio\\\/2026\\\/07\\\/mendoza-segundosemestre\\\/#primaryimage\",\"url\":\"https:\\\/\\\/basaworldtravel.com.ar\\\/sitio\\\/wp-content\\\/uploads\\\/2021\\\/10\\\/puente-inca-1-mendoza.jpg\",\"contentUrl\":\"https:\\\/\\\/basaworldtravel.com.ar\\\/sitio\\\/wp-content\\\/uploads\\\/2021\\\/10\\\/puente-inca-1-mendoza.jpg\",\"width\":1200,\"height\":735},{\"@type\":\"BreadcrumbList\",\"@id\":\"https:\\\/\\\/basaworldtravel.com.ar\\\/sitio\\\/2026\\\/07\\\/mendoza-segundosemestre\\\/#breadcrumb\",\"itemListElement\":[{\"@type\":\"ListItem\",\"position\":1,\"name\":\"Portada\",\"item\":\"https:\\\/\\\/basaworldtravel.com.ar\\\/sitio\\\/\"},{\"@type\":\"ListItem\",\"position\":2,\"name\":\"MENDOZA -Agosto a Diciembre\"}]},{\"@type\":\"WebSite\",\"@id\":\"https:\\\/\\\/basaworldtravel.com.ar\\\/sitio\\\/#website\",\"url\":\"https:\\\/\\\/basaworldtravel.com.ar\\\/sitio\\\/\",\"name\":\"Basa\",\"description\":\"World Travel\",\"potentialAction\":[{\"@type\":\"SearchAction\",\"target\":{\"@type\":\"EntryPoint\",\"urlTemplate\":\"https:\\\/\\\/basaworldtravel.com.ar\\\/sitio\\\/?s={search_term_string}\"},\"query-input\":{\"@type\":\"PropertyValueSpecification\",\"valueRequired\":true,\"valueName\":\"search_term_string\"}}],\"inLanguage\":\"es\"},{\"@type\":\"Person\",\"@id\":\"https:\\\/\\\/basaworldtravel.com.ar\\\/sitio\\\/#\\\/schema\\\/person\\\/d89b1d641794d338c41cd3818beabd4c\",\"name\":\"BasaWeb\",\"image\":{\"@type\":\"ImageObject\",\"inLanguage\":\"es\",\"@id\":\"https:\\\/\\\/secure.gravatar.com\\\/avatar\\\/13e699648957af0aba903942fee2a1fc533d92bcd43fcf375a4df1edc2708698?s=96&d=mm&r=g\",\"url\":\"https:\\\/\\\/secure.gravatar.com\\\/avatar\\\/13e699648957af0aba903942fee2a1fc533d92bcd43fcf375a4df1edc2708698?s=96&d=mm&r=g\",\"contentUrl\":\"https:\\\/\\\/secure.gravatar.com\\\/avatar\\\/13e699648957af0aba903942fee2a1fc533d92bcd43fcf375a4df1edc2708698?s=96&d=mm&r=g\",\"caption\":\"BasaWeb\"},\"url\":\"https:\\\/\\\/basaworldtravel.com.ar\\\/sitio\\\/author\\\/basaweb\\\/\"}]}<\/script>\n<!-- \/ Yoast SEO plugin. -->","yoast_head_json":{"title":"MENDOZA -Agosto a Diciembre - Basa","robots":{"index":"index","follow":"follow","max-snippet":"max-snippet:-1","max-image-preview":"max-image-preview:large","max-video-preview":"max-video-preview:-1"},"canonical":"https:\/\/basaworldtravel.com.ar\/sitio\/2026\/07\/mendoza-segundosemestre\/","og_locale":"es_ES","og_type":"article","og_title":"MENDOZA -Agosto a Diciembre - Basa","og_description":"Mendoza te invita a vivir la magia de la cordillera entre vi\u00f1edos infinitos, buen vino y paisajes que quitan el aliento. Es el destino perfecto para quienes buscan combinar relax, aventura y sabores \u00fanicos en un solo viaje.","og_url":"https:\/\/basaworldtravel.com.ar\/sitio\/2026\/07\/mendoza-segundosemestre\/","og_site_name":"Basa","article_published_time":"2026-07-23T12:02:21+00:00","article_modified_time":"2026-07-23T14:21:26+00:00","og_image":[{"width":1200,"height":735,"url":"https:\/\/basaworldtravel.com.ar\/sitio\/wp-content\/uploads\/2021\/10\/puente-inca-1-mendoza.jpg","type":"image\/jpeg"}],"author":"BasaWeb","twitter_card":"summary_large_image","twitter_misc":{"Escrito por":"BasaWeb","Tiempo de lectura":"3 minutos"},"schema":{"@context":"https:\/\/schema.org","@graph":[{"@type":"Article","@id":"https:\/\/basaworldtravel.com.ar\/sitio\/2026\/07\/mendoza-segundosemestre\/#article","isPartOf":{"@id":"https:\/\/basaworldtravel.com.ar\/sitio\/2026\/07\/mendoza-segundosemestre\/"},"author":{"name":"BasaWeb","@id":"https:\/\/basaworldtravel.com.ar\/sitio\/#\/schema\/person\/d89b1d641794d338c41cd3818beabd4c"},"headline":"MENDOZA -Agosto a Diciembre","datePublished":"2026-07-23T12:02:21+00:00","dateModified":"2026-07-23T14:21:26+00:00","mainEntityOfPage":{"@id":"https:\/\/basaworldtravel.com.ar\/sitio\/2026\/07\/mendoza-segundosemestre\/"},"wordCount":461,"image":{"@id":"https:\/\/basaworldtravel.com.ar\/sitio\/2026\/07\/mendoza-segundosemestre\/#primaryimage"},"thumbnailUrl":"https:\/\/basaworldtravel.com.ar\/sitio\/wp-content\/uploads\/2021\/10\/puente-inca-1-mendoza.jpg","keywords":["AGOSTO","ARGENTINA","DICIEMBRE","MENDOZA","OCTUBRE","SALIDAS GRUPALES","semestre","SEPTIEMBRE"],"articleSection":["Argentina","Paquetes","Sudam\u00e9rica"],"inLanguage":"es"},{"@type":"WebPage","@id":"https:\/\/basaworldtravel.com.ar\/sitio\/2026\/07\/mendoza-segundosemestre\/","url":"https:\/\/basaworldtravel.com.ar\/sitio\/2026\/07\/mendoza-segundosemestre\/","name":"MENDOZA -Agosto a Diciembre - Basa","isPartOf":{"@id":"https:\/\/basaworldtravel.com.ar\/sitio\/#website"},"primaryImageOfPage":{"@id":"https:\/\/basaworldtravel.com.ar\/sitio\/2026\/07\/mendoza-segundosemestre\/#primaryimage"},"image":{"@id":"https:\/\/basaworldtravel.com.ar\/sitio\/2026\/07\/mendoza-segundosemestre\/#primaryimage"},"thumbnailUrl":"https:\/\/basaworldtravel.com.ar\/sitio\/wp-content\/uploads\/2021\/10\/puente-inca-1-mendoza.jpg","datePublished":"2026-07-23T12:02:21+00:00","dateModified":"2026-07-23T14:21:26+00:00","author":{"@id":"https:\/\/basaworldtravel.com.ar\/sitio\/#\/schema\/person\/d89b1d641794d338c41cd3818beabd4c"},"breadcrumb":{"@id":"https:\/\/basaworldtravel.com.ar\/sitio\/2026\/07\/mendoza-segundosemestre\/#breadcrumb"},"inLanguage":"es","potentialAction":[{"@type":"ReadAction","target":["https:\/\/basaworldtravel.com.ar\/sitio\/2026\/07\/mendoza-segundosemestre\/"]}]},{"@type":"ImageObject","inLanguage":"es","@id":"https:\/\/basaworldtravel.com.ar\/sitio\/2026\/07\/mendoza-segundosemestre\/#primaryimage","url":"https:\/\/basaworldtravel.com.ar\/sitio\/wp-content\/uploads\/2021\/10\/puente-inca-1-mendoza.jpg","contentUrl":"https:\/\/basaworldtravel.com.ar\/sitio\/wp-content\/uploads\/2021\/10\/puente-inca-1-mendoza.jpg","width":1200,"height":735},{"@type":"BreadcrumbList","@id":"https:\/\/basaworldtravel.com.ar\/sitio\/2026\/07\/mendoza-segundosemestre\/#breadcrumb","itemListElement":[{"@type":"ListItem","position":1,"name":"Portada","item":"https:\/\/basaworldtravel.com.ar\/sitio\/"},{"@type":"ListItem","position":2,"name":"MENDOZA -Agosto a Diciembre"}]},{"@type":"WebSite","@id":"https:\/\/basaworldtravel.com.ar\/sitio\/#website","url":"https:\/\/basaworldtravel.com.ar\/sitio\/","name":"Basa","description":"World Travel","potentialAction":[{"@type":"SearchAction","target":{"@type":"EntryPoint","urlTemplate":"https:\/\/basaworldtravel.com.ar\/sitio\/?s={search_term_string}"},"query-input":{"@type":"PropertyValueSpecification","valueRequired":true,"valueName":"search_term_string"}}],"inLanguage":"es"},{"@type":"Person","@id":"https:\/\/basaworldtravel.com.ar\/sitio\/#\/schema\/person\/d89b1d641794d338c41cd3818beabd4c","name":"BasaWeb","image":{"@type":"ImageObject","inLanguage":"es","@id":"https:\/\/secure.gravatar.com\/avatar\/13e699648957af0aba903942fee2a1fc533d92bcd43fcf375a4df1edc2708698?s=96&d=mm&r=g","url":"https:\/\/secure.gravatar.com\/avatar\/13e699648957af0aba903942fee2a1fc533d92bcd43fcf375a4df1edc2708698?s=96&d=mm&r=g","contentUrl":"https:\/\/secure.gravatar.com\/avatar\/13e699648957af0aba903942fee2a1fc533d92bcd43fcf375a4df1edc2708698?s=96&d=mm&r=g","caption":"BasaWeb"},"url":"https:\/\/basaworldtravel.com.ar\/sitio\/author\/basaweb\/"}]}},"_links":{"self":[{"href":"https:\/\/basaworldtravel.com.ar\/sitio\/wp-json\/wp\/v2\/posts\/153558","targetHints":{"allow":["GET"]}}],"collection":[{"href":"https:\/\/basaworldtravel.com.ar\/sitio\/wp-json\/wp\/v2\/posts"}],"about":[{"href":"https:\/\/basaworldtravel.com.ar\/sitio\/wp-json\/wp\/v2\/types\/post"}],"author":[{"embeddable":true,"href":"https:\/\/basaworldtravel.com.ar\/sitio\/wp-json\/wp\/v2\/users\/2"}],"replies":[{"embeddable":true,"href":"https:\/\/basaworldtravel.com.ar\/sitio\/wp-json\/wp\/v2\/comments?post=153558"}],"version-history":[{"count":8,"href":"https:\/\/basaworldtravel.com.ar\/sitio\/wp-json\/wp\/v2\/posts\/153558\/revisions"}],"predecessor-version":[{"id":157213,"href":"https:\/\/basaworldtravel.com.ar\/sitio\/wp-json\/wp\/v2\/posts\/153558\/revisions\/157213"}],"wp:featuredmedia":[{"embeddable":true,"href":"https:\/\/basaworldtravel.com.ar\/sitio\/wp-json\/wp\/v2\/media\/362"}],"wp:attachment":[{"href":"https:\/\/basaworldtravel.com.ar\/sitio\/wp-json\/wp\/v2\/media?parent=153558"}],"wp:term":[{"taxonomy":"category","embeddable":true,"href":"https:\/\/basaworldtravel.com.ar\/sitio\/wp-json\/wp\/v2\/categories?post=153558"},{"taxonomy":"post_tag","embeddable":true,"href":"https:\/\/basaworldtravel.com.ar\/sitio\/wp-json\/wp\/v2\/tags?post=153558"}],"curies":[{"name":"wp","href":"https:\/\/api.w.org\/{rel}","templated":true}]}}